{"id":38844,"date":"2026-09-02T09:51:48","date_gmt":"2026-09-02T09:51:48","guid":{"rendered":"https:\/\/dpress.ma\/fr\/?p=38844"},"modified":"2026-09-02T09:51:50","modified_gmt":"2026-09-02T09:51:50","slug":"marrakech-remise-de-dons-royaux-a-la-zaouia-de-sidi-zouine-et-aux-mausolees-des-imams-al-souhaili-et-al-jazouli","status":"publish","type":"post","link":"https:\/\/dpress.ma\/fr\/2026\/09\/02\/marrakech-remise-de-dons-royaux-a-la-zaouia-de-sidi-zouine-et-aux-mausolees-des-imams-al-souhaili-et-al-jazouli\/","title":{"rendered":"Marrakech : Remise de dons Royaux \u00e0 la zaouia de Sidi Zouine et aux Mausol\u00e9es des imams Al Souhaili et Al Jazouli"},"content":{"rendered":"\n<p class=\"wp-block-paragraph\">Dpress<\/p>\n\n\n\n<p class=\"wp-block-paragraph\">Une Commission Royale a proc\u00e9d\u00e9, mardi \u00e0 Marrakech, \u00e0 la remise de dons Royaux aux Chorfas du Mausol\u00e9e de Cheikh Sidi Zouine ainsi qu&rsquo;aux Mausol\u00e9es des imams Al Souhaili et Sidi Benslimane Al Jazouli, et ce, \u00e0 l&rsquo;occasion de la comm\u00e9moration du 28e anniversaire de la disparition de Feu SM Hassan II, que Dieu ait Son \u00e2me.<\/p>\n\n\n\n<p class=\"wp-block-paragraph\">Ces dons Royaux ont \u00e9t\u00e9 remis lors de c\u00e9r\u00e9monies religieuses en pr\u00e9sence notamment du Wali de la r\u00e9gion Marrakech-Safi, gouverneur de la pr\u00e9fecture de Marrakech, Khatib El Hebil, des d\u00e9l\u00e9gu\u00e9s r\u00e9gional et provincial des Affaires islamiques, des pr\u00e9sidents des Conseils r\u00e9gional et local des oul\u00e9mas, de repr\u00e9sentants des services s\u00e9curitaires et des autorit\u00e9s locales ainsi que des disciples, adeptes et Chorfas des Mausol\u00e9es, en plus de personnalit\u00e9s civiles et militaires.<\/p>\n\n\n\n<p class=\"wp-block-paragraph\">\u00c0 cette occasion, les Chorfas des Mausol\u00e9es ont fait part de leur \u00ab\u00a0profonde gratitude et leur grande reconnaissance\u00a0\u00bb pour la Haute Sollicitude, dont le Souverain entoure les Chorfas, adeptes et disciples des zaouias, r\u00e9affirmant leur attachement au Glorieux Tr\u00f4ne Alaouite et leur mobilisation constante derri\u00e8re Sa Majest\u00e9 le Roi Mohammed VI, Amir Al-Mouminine.<\/p>\n\n\n\n<p class=\"wp-block-paragraph\">Cette Haute Sollicitude Royale t\u00e9moigne de l\u2019attention particuli\u00e8re que le Souverain accorde aux zaou\u00efas, ainsi qu\u2019aux oul\u00e9mas et faqihs, en tant que composante de la m\u00e9moire religieuse et spirituelle du Royaume, et compte tenu des r\u00f4les que ces institutions jouent dans la cons\u00e9cration des valeurs de mod\u00e9ration et de juste milieu, la pr\u00e9servation du patrimoine religieux et culturel, ainsi que le renforcement des liens de solidarit\u00e9 et de coh\u00e9sion au sein de la soci\u00e9t\u00e9, ont-ils soulign\u00e9.<\/p>\n\n\n\n<p class=\"wp-block-paragraph\">Apr\u00e8s d\u00e9clamation de versets du Saint Coran et de pan\u00e9gyriques du Proph\u00e8te Sidna Mohammed (PSL), l&rsquo;assistance a implor\u00e9 le Tout-Puissant de pr\u00e9server Sa Majest\u00e9 le Roi Mohammed VI, Amir Al Mouminine, et de combler le Souverain en les personnes de SAR le Prince H\u00e9ritier Moulay El Hassan, de SAR le Prince Moulay Rachid et de l&rsquo;ensemble des membres de l&rsquo;Illustre Famille Royale.<\/p>\n\n\n\n<p class=\"wp-block-paragraph\">Des pri\u00e8res ont \u00e9t\u00e9 \u00e9galement \u00e9lev\u00e9es pour le repos de l&rsquo;\u00e2me des regrett\u00e9s Souverains, feu SM Mohammed V et feu SM Hassan II, que Dieu les ait en Sa Sainte Mis\u00e9ricorde.<\/p>\n","protected":false},"excerpt":{"rendered":"<p>Dpress Une Commission Royale a proc\u00e9d\u00e9, mardi \u00e0 Marrakech, \u00e0 la remise de dons Royaux aux Chorfas du Mausol\u00e9e de Cheikh Sidi Zouine ainsi qu&rsquo;aux Mausol\u00e9es des imams Al Souhaili et Sidi Benslimane Al Jazouli, et ce, \u00e0 l&rsquo;occasion de la comm\u00e9moration du 28e anniversaire de la disparition de Feu SM Hassan II, que Dieu &hellip;<\/p>\n","protected":false},"author":2,"featured_media":38845,"comment_status":"open","ping_status":"open","sticky":false,"template":"","format":"standard","meta":{"footnotes":""},"categories":[40],"tags":[],"class_list":["post-38844","post","type-post","status-publish","format-standard","has-post-thumbnail","hentry","category-societe-et-regions"],"yoast_head":"<!-- This site is optimized with the Yoast SEO plugin v28.0 - https:\/\/yoast.com\/product\/yoast-seo-wordpress\/ -->\n<title>Marrakech : Remise de dons Royaux \u00e0 la zaouia de Sidi Zouine et aux Mausol\u00e9es des imams Al Souhaili et Al Jazouli - Dpress.ma\/fr<\/title>\n<meta name=\"robots\" content=\"index, follow, max-snippet:-1, max-image-preview:large, max-video-preview:-1\" \/>\n<link rel=\"canonical\" href=\"https:\/\/dpress.ma\/fr\/2026\/09\/02\/marrakech-remise-de-dons-royaux-a-la-zaouia-de-sidi-zouine-et-aux-mausolees-des-imams-al-souhaili-et-al-jazouli\/\" \/>\n<meta property=\"og:locale\" content=\"fr_FR\" \/>\n<meta property=\"og:type\" content=\"article\" \/>\n<meta property=\"og:title\" content=\"Marrakech : Remise de dons Royaux \u00e0 la zaouia de Sidi Zouine et aux Mausol\u00e9es des imams Al Souhaili et Al Jazouli - Dpress.ma\/fr\" \/>\n<meta property=\"og:description\" content=\"Dpress Une Commission Royale a proc\u00e9d\u00e9, mardi \u00e0 Marrakech, \u00e0 la remise de dons Royaux aux Chorfas du Mausol\u00e9e de Cheikh Sidi Zouine ainsi qu&rsquo;aux Mausol\u00e9es des imams Al Souhaili et Sidi Benslimane Al Jazouli, et ce, \u00e0 l&rsquo;occasion de la comm\u00e9moration du 28e anniversaire de la disparition de Feu SM Hassan II, que Dieu &hellip;\" \/>\n<meta property=\"og:url\" content=\"https:\/\/dpress.ma\/fr\/2026\/09\/02\/marrakech-remise-de-dons-royaux-a-la-zaouia-de-sidi-zouine-et-aux-mausolees-des-imams-al-souhaili-et-al-jazouli\/\" \/>\n<meta property=\"og:site_name\" content=\"Dpress.ma\/fr\" \/>\n<meta property=\"article:published_time\" content=\"2026-09-02T09:51:48+00:00\" \/>\n<meta property=\"article:modified_time\" content=\"2026-09-02T09:51:50+00:00\" \/>\n<meta property=\"og:image\" content=\"https:\/\/dpress.ma\/fr\/wp-content\/uploads\/sites\/2\/2026\/09\/la-zaouia-de-Sidi-Zouine.jpg\" \/>\n\t<meta property=\"og:image:width\" content=\"2539\" \/>\n\t<meta property=\"og:image:height\" content=\"1594\" \/>\n\t<meta property=\"og:image:type\" content=\"image\/jpeg\" \/>\n<meta name=\"author\" content=\"Dpress.ma\" \/>\n<meta name=\"twitter:card\" content=\"summary_large_image\" \/>\n<meta name=\"twitter:label1\" content=\"\u00c9crit par\" \/>\n\t<meta name=\"twitter:data1\" content=\"Dpress.ma\" \/>\n\t<meta name=\"twitter:label2\" content=\"Dur\u00e9e de lecture estim\u00e9e\" \/>\n\t<meta name=\"twitter:data2\" content=\"2 minutes\" \/>\n<script type=\"application\/ld+json\" class=\"yoast-schema-graph\">{\"@context\":\"https:\\\/\\\/schema.org\",\"@graph\":[{\"@type\":\"Article\",\"@id\":\"https:\\\/\\\/dpress.ma\\\/fr\\\/2026\\\/09\\\/02\\\/marrakech-remise-de-dons-royaux-a-la-zaouia-de-sidi-zouine-et-aux-mausolees-des-imams-al-souhaili-et-al-jazouli\\\/#article\",\"isPartOf\":{\"@id\":\"https:\\\/\\\/dpress.ma\\\/fr\\\/2026\\\/09\\\/02\\\/marrakech-remise-de-dons-royaux-a-la-zaouia-de-sidi-zouine-et-aux-mausolees-des-imams-al-souhaili-et-al-jazouli\\\/\"},\"author\":{\"name\":\"Dpress.ma\",\"@id\":\"https:\\\/\\\/dpress.ma\\\/fr\\\/#\\\/schema\\\/person\\\/4898febf3ccd59e6578d838656a306a0\"},\"headline\":\"Marrakech : Remise de dons Royaux \u00e0 la zaouia de Sidi Zouine et aux Mausol\u00e9es des imams Al Souhaili et Al Jazouli\",\"datePublished\":\"2026-09-02T09:51:48+00:00\",\"dateModified\":\"2026-09-02T09:51:50+00:00\",\"mainEntityOfPage\":{\"@id\":\"https:\\\/\\\/dpress.ma\\\/fr\\\/2026\\\/09\\\/02\\\/marrakech-remise-de-dons-royaux-a-la-zaouia-de-sidi-zouine-et-aux-mausolees-des-imams-al-souhaili-et-al-jazouli\\\/\"},\"wordCount\":416,\"commentCount\":0,\"image\":{\"@id\":\"https:\\\/\\\/dpress.ma\\\/fr\\\/2026\\\/09\\\/02\\\/marrakech-remise-de-dons-royaux-a-la-zaouia-de-sidi-zouine-et-aux-mausolees-des-imams-al-souhaili-et-al-jazouli\\\/#primaryimage\"},\"thumbnailUrl\":\"https:\\\/\\\/dpress.ma\\\/fr\\\/wp-content\\\/uploads\\\/sites\\\/2\\\/2026\\\/09\\\/la-zaouia-de-Sidi-Zouine.jpg\",\"articleSection\":[\"societe et regions\"],\"inLanguage\":\"fr-FR\",\"potentialAction\":[{\"@type\":\"CommentAction\",\"name\":\"Comment\",\"target\":[\"https:\\\/\\\/dpress.ma\\\/fr\\\/2026\\\/09\\\/02\\\/marrakech-remise-de-dons-royaux-a-la-zaouia-de-sidi-zouine-et-aux-mausolees-des-imams-al-souhaili-et-al-jazouli\\\/#respond\"]}]},{\"@type\":\"WebPage\",\"@id\":\"https:\\\/\\\/dpress.ma\\\/fr\\\/2026\\\/09\\\/02\\\/marrakech-remise-de-dons-royaux-a-la-zaouia-de-sidi-zouine-et-aux-mausolees-des-imams-al-souhaili-et-al-jazouli\\\/\",\"url\":\"https:\\\/\\\/dpress.ma\\\/fr\\\/2026\\\/09\\\/02\\\/marrakech-remise-de-dons-royaux-a-la-zaouia-de-sidi-zouine-et-aux-mausolees-des-imams-al-souhaili-et-al-jazouli\\\/\",\"name\":\"Marrakech : Remise de dons Royaux \u00e0 la zaouia de Sidi Zouine et aux Mausol\u00e9es des imams Al Souhaili et Al Jazouli - Dpress.ma\\\/fr\",\"isPartOf\":{\"@id\":\"https:\\\/\\\/dpress.ma\\\/fr\\\/#website\"},\"primaryImageOfPage\":{\"@id\":\"https:\\\/\\\/dpress.ma\\\/fr\\\/2026\\\/09\\\/02\\\/marrakech-remise-de-dons-royaux-a-la-zaouia-de-sidi-zouine-et-aux-mausolees-des-imams-al-souhaili-et-al-jazouli\\\/#primaryimage\"},\"image\":{\"@id\":\"https:\\\/\\\/dpress.ma\\\/fr\\\/2026\\\/09\\\/02\\\/marrakech-remise-de-dons-royaux-a-la-zaouia-de-sidi-zouine-et-aux-mausolees-des-imams-al-souhaili-et-al-jazouli\\\/#primaryimage\"},\"thumbnailUrl\":\"https:\\\/\\\/dpress.ma\\\/fr\\\/wp-content\\\/uploads\\\/sites\\\/2\\\/2026\\\/09\\\/la-zaouia-de-Sidi-Zouine.jpg\",\"datePublished\":\"2026-09-02T09:51:48+00:00\",\"dateModified\":\"2026-09-02T09:51:50+00:00\",\"author\":{\"@id\":\"https:\\\/\\\/dpress.ma\\\/fr\\\/#\\\/schema\\\/person\\\/4898febf3ccd59e6578d838656a306a0\"},\"breadcrumb\":{\"@id\":\"https:\\\/\\\/dpress.ma\\\/fr\\\/2026\\\/09\\\/02\\\/marrakech-remise-de-dons-royaux-a-la-zaouia-de-sidi-zouine-et-aux-mausolees-des-imams-al-souhaili-et-al-jazouli\\\/#breadcrumb\"},\"inLanguage\":\"fr-FR\",\"potentialAction\":[{\"@type\":\"ReadAction\",\"target\":[\"https:\\\/\\\/dpress.ma\\\/fr\\\/2026\\\/09\\\/02\\\/marrakech-remise-de-dons-royaux-a-la-zaouia-de-sidi-zouine-et-aux-mausolees-des-imams-al-souhaili-et-al-jazouli\\\/\"]}]},{\"@type\":\"ImageObject\",\"inLanguage\":\"fr-FR\",\"@id\":\"https:\\\/\\\/dpress.ma\\\/fr\\\/2026\\\/09\\\/02\\\/marrakech-remise-de-dons-royaux-a-la-zaouia-de-sidi-zouine-et-aux-mausolees-des-imams-al-souhaili-et-al-jazouli\\\/#primaryimage\",\"url\":\"https:\\\/\\\/dpress.ma\\\/fr\\\/wp-content\\\/uploads\\\/sites\\\/2\\\/2026\\\/09\\\/la-zaouia-de-Sidi-Zouine.jpg\",\"contentUrl\":\"https:\\\/\\\/dpress.ma\\\/fr\\\/wp-content\\\/uploads\\\/sites\\\/2\\\/2026\\\/09\\\/la-zaouia-de-Sidi-Zouine.jpg\",\"width\":2539,\"height\":1594},{\"@type\":\"BreadcrumbList\",\"@id\":\"https:\\\/\\\/dpress.ma\\\/fr\\\/2026\\\/09\\\/02\\\/marrakech-remise-de-dons-royaux-a-la-zaouia-de-sidi-zouine-et-aux-mausolees-des-imams-al-souhaili-et-al-jazouli\\\/#breadcrumb\",\"itemListElement\":[{\"@type\":\"ListItem\",\"position\":1,\"name\":\"Home\",\"item\":\"https:\\\/\\\/dpress.ma\\\/fr\\\/\"},{\"@type\":\"ListItem\",\"position\":2,\"name\":\"Marrakech : Remise de dons Royaux \u00e0 la zaouia de Sidi Zouine et aux Mausol\u00e9es des imams Al Souhaili et Al Jazouli\"}]},{\"@type\":\"WebSite\",\"@id\":\"https:\\\/\\\/dpress.ma\\\/fr\\\/#website\",\"url\":\"https:\\\/\\\/dpress.ma\\\/fr\\\/\",\"name\":\"Dpress.ma\\\/fr\",\"description\":\"\",\"potentialAction\":[{\"@type\":\"SearchAction\",\"target\":{\"@type\":\"EntryPoint\",\"urlTemplate\":\"https:\\\/\\\/dpress.ma\\\/fr\\\/?s={search_term_string}\"},\"query-input\":{\"@type\":\"PropertyValueSpecification\",\"valueRequired\":true,\"valueName\":\"search_term_string\"}}],\"inLanguage\":\"fr-FR\"},{\"@type\":\"Person\",\"@id\":\"https:\\\/\\\/dpress.ma\\\/fr\\\/#\\\/schema\\\/person\\\/4898febf3ccd59e6578d838656a306a0\",\"name\":\"Dpress.ma\",\"image\":{\"@type\":\"ImageObject\",\"inLanguage\":\"fr-FR\",\"@id\":\"https:\\\/\\\/secure.gravatar.com\\\/avatar\\\/72ecc30e9db047a2e0e7176561eb9d564ed77c8108376495b19bd8336405198a?s=96&d=mm&r=g\",\"url\":\"https:\\\/\\\/secure.gravatar.com\\\/avatar\\\/72ecc30e9db047a2e0e7176561eb9d564ed77c8108376495b19bd8336405198a?s=96&d=mm&r=g\",\"contentUrl\":\"https:\\\/\\\/secure.gravatar.com\\\/avatar\\\/72ecc30e9db047a2e0e7176561eb9d564ed77c8108376495b19bd8336405198a?s=96&d=mm&r=g\",\"caption\":\"Dpress.ma\"},\"sameAs\":[\"https:\\\/\\\/www.dpress.ma\"],\"url\":\"https:\\\/\\\/dpress.ma\\\/fr\\\/author\\\/dpress-ma\\\/\"}]}<\/script>\n<!-- \/ Yoast SEO plugin. -->","yoast_head_json":{"title":"Marrakech : Remise de dons Royaux \u00e0 la zaouia de Sidi Zouine et aux Mausol\u00e9es des imams Al Souhaili et Al Jazouli - Dpress.ma\/fr","robots":{"index":"index","follow":"follow","max-snippet":"max-snippet:-1","max-image-preview":"max-image-preview:large","max-video-preview":"max-video-preview:-1"},"canonical":"https:\/\/dpress.ma\/fr\/2026\/09\/02\/marrakech-remise-de-dons-royaux-a-la-zaouia-de-sidi-zouine-et-aux-mausolees-des-imams-al-souhaili-et-al-jazouli\/","og_locale":"fr_FR","og_type":"article","og_title":"Marrakech : Remise de dons Royaux \u00e0 la zaouia de Sidi Zouine et aux Mausol\u00e9es des imams Al Souhaili et Al Jazouli - Dpress.ma\/fr","og_description":"Dpress Une Commission Royale a proc\u00e9d\u00e9, mardi \u00e0 Marrakech, \u00e0 la remise de dons Royaux aux Chorfas du Mausol\u00e9e de Cheikh Sidi Zouine ainsi qu&rsquo;aux Mausol\u00e9es des imams Al Souhaili et Sidi Benslimane Al Jazouli, et ce, \u00e0 l&rsquo;occasion de la comm\u00e9moration du 28e anniversaire de la disparition de Feu SM Hassan II, que Dieu &hellip;","og_url":"https:\/\/dpress.ma\/fr\/2026\/09\/02\/marrakech-remise-de-dons-royaux-a-la-zaouia-de-sidi-zouine-et-aux-mausolees-des-imams-al-souhaili-et-al-jazouli\/","og_site_name":"Dpress.ma\/fr","article_published_time":"2026-09-02T09:51:48+00:00","article_modified_time":"2026-09-02T09:51:50+00:00","og_image":[{"width":2539,"height":1594,"url":"https:\/\/dpress.ma\/fr\/wp-content\/uploads\/sites\/2\/2026\/09\/la-zaouia-de-Sidi-Zouine.jpg","type":"image\/jpeg"}],"author":"Dpress.ma","twitter_card":"summary_large_image","twitter_misc":{"\u00c9crit par":"Dpress.ma","Dur\u00e9e de lecture estim\u00e9e":"2 minutes"},"schema":{"@context":"https:\/\/schema.org","@graph":[{"@type":"Article","@id":"https:\/\/dpress.ma\/fr\/2026\/09\/02\/marrakech-remise-de-dons-royaux-a-la-zaouia-de-sidi-zouine-et-aux-mausolees-des-imams-al-souhaili-et-al-jazouli\/#article","isPartOf":{"@id":"https:\/\/dpress.ma\/fr\/2026\/09\/02\/marrakech-remise-de-dons-royaux-a-la-zaouia-de-sidi-zouine-et-aux-mausolees-des-imams-al-souhaili-et-al-jazouli\/"},"author":{"name":"Dpress.ma","@id":"https:\/\/dpress.ma\/fr\/#\/schema\/person\/4898febf3ccd59e6578d838656a306a0"},"headline":"Marrakech : Remise de dons Royaux \u00e0 la zaouia de Sidi Zouine et aux Mausol\u00e9es des imams Al Souhaili et Al Jazouli","datePublished":"2026-09-02T09:51:48+00:00","dateModified":"2026-09-02T09:51:50+00:00","mainEntityOfPage":{"@id":"https:\/\/dpress.ma\/fr\/2026\/09\/02\/marrakech-remise-de-dons-royaux-a-la-zaouia-de-sidi-zouine-et-aux-mausolees-des-imams-al-souhaili-et-al-jazouli\/"},"wordCount":416,"commentCount":0,"image":{"@id":"https:\/\/dpress.ma\/fr\/2026\/09\/02\/marrakech-remise-de-dons-royaux-a-la-zaouia-de-sidi-zouine-et-aux-mausolees-des-imams-al-souhaili-et-al-jazouli\/#primaryimage"},"thumbnailUrl":"https:\/\/dpress.ma\/fr\/wp-content\/uploads\/sites\/2\/2026\/09\/la-zaouia-de-Sidi-Zouine.jpg","articleSection":["societe et regions"],"inLanguage":"fr-FR","potentialAction":[{"@type":"CommentAction","name":"Comment","target":["https:\/\/dpress.ma\/fr\/2026\/09\/02\/marrakech-remise-de-dons-royaux-a-la-zaouia-de-sidi-zouine-et-aux-mausolees-des-imams-al-souhaili-et-al-jazouli\/#respond"]}]},{"@type":"WebPage","@id":"https:\/\/dpress.ma\/fr\/2026\/09\/02\/marrakech-remise-de-dons-royaux-a-la-zaouia-de-sidi-zouine-et-aux-mausolees-des-imams-al-souhaili-et-al-jazouli\/","url":"https:\/\/dpress.ma\/fr\/2026\/09\/02\/marrakech-remise-de-dons-royaux-a-la-zaouia-de-sidi-zouine-et-aux-mausolees-des-imams-al-souhaili-et-al-jazouli\/","name":"Marrakech : Remise de dons Royaux \u00e0 la zaouia de Sidi Zouine et aux Mausol\u00e9es des imams Al Souhaili et Al Jazouli - Dpress.ma\/fr","isPartOf":{"@id":"https:\/\/dpress.ma\/fr\/#website"},"primaryImageOfPage":{"@id":"https:\/\/dpress.ma\/fr\/2026\/09\/02\/marrakech-remise-de-dons-royaux-a-la-zaouia-de-sidi-zouine-et-aux-mausolees-des-imams-al-souhaili-et-al-jazouli\/#primaryimage"},"image":{"@id":"https:\/\/dpress.ma\/fr\/2026\/09\/02\/marrakech-remise-de-dons-royaux-a-la-zaouia-de-sidi-zouine-et-aux-mausolees-des-imams-al-souhaili-et-al-jazouli\/#primaryimage"},"thumbnailUrl":"https:\/\/dpress.ma\/fr\/wp-content\/uploads\/sites\/2\/2026\/09\/la-zaouia-de-Sidi-Zouine.jpg","datePublished":"2026-09-02T09:51:48+00:00","dateModified":"2026-09-02T09:51:50+00:00","author":{"@id":"https:\/\/dpress.ma\/fr\/#\/schema\/person\/4898febf3ccd59e6578d838656a306a0"},"breadcrumb":{"@id":"https:\/\/dpress.ma\/fr\/2026\/09\/02\/marrakech-remise-de-dons-royaux-a-la-zaouia-de-sidi-zouine-et-aux-mausolees-des-imams-al-souhaili-et-al-jazouli\/#breadcrumb"},"inLanguage":"fr-FR","potentialAction":[{"@type":"ReadAction","target":["https:\/\/dpress.ma\/fr\/2026\/09\/02\/marrakech-remise-de-dons-royaux-a-la-zaouia-de-sidi-zouine-et-aux-mausolees-des-imams-al-souhaili-et-al-jazouli\/"]}]},{"@type":"ImageObject","inLanguage":"fr-FR","@id":"https:\/\/dpress.ma\/fr\/2026\/09\/02\/marrakech-remise-de-dons-royaux-a-la-zaouia-de-sidi-zouine-et-aux-mausolees-des-imams-al-souhaili-et-al-jazouli\/#primaryimage","url":"https:\/\/dpress.ma\/fr\/wp-content\/uploads\/sites\/2\/2026\/09\/la-zaouia-de-Sidi-Zouine.jpg","contentUrl":"https:\/\/dpress.ma\/fr\/wp-content\/uploads\/sites\/2\/2026\/09\/la-zaouia-de-Sidi-Zouine.jpg","width":2539,"height":1594},{"@type":"BreadcrumbList","@id":"https:\/\/dpress.ma\/fr\/2026\/09\/02\/marrakech-remise-de-dons-royaux-a-la-zaouia-de-sidi-zouine-et-aux-mausolees-des-imams-al-souhaili-et-al-jazouli\/#breadcrumb","itemListElement":[{"@type":"ListItem","position":1,"name":"Home","item":"https:\/\/dpress.ma\/fr\/"},{"@type":"ListItem","position":2,"name":"Marrakech : Remise de dons Royaux \u00e0 la zaouia de Sidi Zouine et aux Mausol\u00e9es des imams Al Souhaili et Al Jazouli"}]},{"@type":"WebSite","@id":"https:\/\/dpress.ma\/fr\/#website","url":"https:\/\/dpress.ma\/fr\/","name":"Dpress.ma\/fr","description":"","potentialAction":[{"@type":"SearchAction","target":{"@type":"EntryPoint","urlTemplate":"https:\/\/dpress.ma\/fr\/?s={search_term_string}"},"query-input":{"@type":"PropertyValueSpecification","valueRequired":true,"valueName":"search_term_string"}}],"inLanguage":"fr-FR"},{"@type":"Person","@id":"https:\/\/dpress.ma\/fr\/#\/schema\/person\/4898febf3ccd59e6578d838656a306a0","name":"Dpress.ma","image":{"@type":"ImageObject","inLanguage":"fr-FR","@id":"https:\/\/secure.gravatar.com\/avatar\/72ecc30e9db047a2e0e7176561eb9d564ed77c8108376495b19bd8336405198a?s=96&d=mm&r=g","url":"https:\/\/secure.gravatar.com\/avatar\/72ecc30e9db047a2e0e7176561eb9d564ed77c8108376495b19bd8336405198a?s=96&d=mm&r=g","contentUrl":"https:\/\/secure.gravatar.com\/avatar\/72ecc30e9db047a2e0e7176561eb9d564ed77c8108376495b19bd8336405198a?s=96&d=mm&r=g","caption":"Dpress.ma"},"sameAs":["https:\/\/www.dpress.ma"],"url":"https:\/\/dpress.ma\/fr\/author\/dpress-ma\/"}]}},"amp_enabled":true,"_links":{"self":[{"href":"https:\/\/dpress.ma\/fr\/wp-json\/wp\/v2\/posts\/38844","targetHints":{"allow":["GET"]}}],"collection":[{"href":"https:\/\/dpress.ma\/fr\/wp-json\/wp\/v2\/posts"}],"about":[{"href":"https:\/\/dpress.ma\/fr\/wp-json\/wp\/v2\/types\/post"}],"author":[{"embeddable":true,"href":"https:\/\/dpress.ma\/fr\/wp-json\/wp\/v2\/users\/2"}],"replies":[{"embeddable":true,"href":"https:\/\/dpress.ma\/fr\/wp-json\/wp\/v2\/comments?post=38844"}],"version-history":[{"count":1,"href":"https:\/\/dpress.ma\/fr\/wp-json\/wp\/v2\/posts\/38844\/revisions"}],"predecessor-version":[{"id":38846,"href":"https:\/\/dpress.ma\/fr\/wp-json\/wp\/v2\/posts\/38844\/revisions\/38846"}],"wp:featuredmedia":[{"embeddable":true,"href":"https:\/\/dpress.ma\/fr\/wp-json\/wp\/v2\/media\/38845"}],"wp:attachment":[{"href":"https:\/\/dpress.ma\/fr\/wp-json\/wp\/v2\/media?parent=38844"}],"wp:term":[{"taxonomy":"category","embeddable":true,"href":"https:\/\/dpress.ma\/fr\/wp-json\/wp\/v2\/categories?post=38844"},{"taxonomy":"post_tag","embeddable":true,"href":"https:\/\/dpress.ma\/fr\/wp-json\/wp\/v2\/tags?post=38844"}],"curies":[{"name":"wp","href":"https:\/\/api.w.org\/{rel}","templated":true}]}}