{"id":38841,"date":"2026-09-02T09:49:39","date_gmt":"2026-09-02T09:49:39","guid":{"rendered":"https:\/\/dpress.ma\/fr\/?p=38841"},"modified":"2026-09-02T09:49:41","modified_gmt":"2026-09-02T09:49:41","slug":"deces-de-lartiste-aziz-bakbou-grande-figure-de-lart-gnaoui","status":"publish","type":"post","link":"https:\/\/dpress.ma\/fr\/2026\/09\/02\/deces-de-lartiste-aziz-bakbou-grande-figure-de-lart-gnaoui\/","title":{"rendered":"D\u00e9c\u00e8s de l\u2019artiste Aziz Bakbou, grande figure de l\u2019art gnaoui"},"content":{"rendered":"\n<p class=\"wp-block-paragraph\">Dpress<\/p>\n\n\n\n<p class=\"wp-block-paragraph\">L\u2019artiste Aziz Bakbou, l&rsquo;une des figures de l&rsquo;art gnaoui, est d\u00e9c\u00e9d\u00e9 lundi \u00e0 l&rsquo;\u00e2ge de 64 ans, des suites d\u2019une maladie, a d\u00e9plor\u00e9 le minist\u00e8re de la Jeunesse, de la Culture et de la Communication.<\/p>\n\n\n\n<p class=\"wp-block-paragraph\">Le minist\u00e8re a rendu hommage, \u00e0 cette occasion, \u00e0 la longue carri\u00e8re artistique du d\u00e9funt, mettant en avant sa contribution \u00e0 la pr\u00e9servation de la musique gnaouie, outre sa pr\u00e9sence dans les festivals et manifestations artistiques organis\u00e9s dans plusieurs villes marocaines.<\/p>\n\n\n\n<p class=\"wp-block-paragraph\">Fr\u00e8re de feu Mustapha Bakbou, qui fut lui-m\u00eame m\u00e2alem gnaoui, le regrett\u00e9 est issu d&rsquo;une famille artistique qui a marqu\u00e9 de son empreinte l&rsquo;art gnaoui.<\/p>\n\n\n\n<p class=\"wp-block-paragraph\">Le d\u00e9funt fut un \u00e9minent ambassadeur de l&rsquo;art gnaoui, s&rsquo;illustrant par ses prestations remarquables lors de plusieurs manifestations artistiques, \u00e0 l&rsquo;instar du Festival Gnaoua d&rsquo;Essaouira, tout comme il a fait voyager les rythmes de cet art patrimonial s\u00e9culaire vers des sc\u00e8nes internationales.<\/p>\n","protected":false},"excerpt":{"rendered":"<p>Dpress L\u2019artiste Aziz Bakbou, l&rsquo;une des figures de l&rsquo;art gnaoui, est d\u00e9c\u00e9d\u00e9 lundi \u00e0 l&rsquo;\u00e2ge de 64 ans, des suites d\u2019une maladie, a d\u00e9plor\u00e9 le minist\u00e8re de la Jeunesse, de la Culture et de la Communication. Le minist\u00e8re a rendu hommage, \u00e0 cette occasion, \u00e0 la longue carri\u00e8re artistique du d\u00e9funt, mettant en avant sa &hellip;<\/p>\n","protected":false},"author":2,"featured_media":38842,"comment_status":"open","ping_status":"open","sticky":false,"template":"","format":"standard","meta":{"footnotes":""},"categories":[40],"tags":[],"class_list":["post-38841","post","type-post","status-publish","format-standard","has-post-thumbnail","hentry","category-societe-et-regions"],"yoast_head":"<!-- This site is optimized with the Yoast SEO plugin v28.0 - https:\/\/yoast.com\/product\/yoast-seo-wordpress\/ -->\n<title>D\u00e9c\u00e8s de l\u2019artiste Aziz Bakbou, grande figure de l\u2019art gnaoui - Dpress.ma\/fr<\/title>\n<meta name=\"robots\" content=\"index, follow, max-snippet:-1, max-image-preview:large, max-video-preview:-1\" \/>\n<link rel=\"canonical\" href=\"https:\/\/dpress.ma\/fr\/2026\/09\/02\/deces-de-lartiste-aziz-bakbou-grande-figure-de-lart-gnaoui\/\" \/>\n<meta property=\"og:locale\" content=\"fr_FR\" \/>\n<meta property=\"og:type\" content=\"article\" \/>\n<meta property=\"og:title\" content=\"D\u00e9c\u00e8s de l\u2019artiste Aziz Bakbou, grande figure de l\u2019art gnaoui - Dpress.ma\/fr\" \/>\n<meta property=\"og:description\" content=\"Dpress L\u2019artiste Aziz Bakbou, l&rsquo;une des figures de l&rsquo;art gnaoui, est d\u00e9c\u00e9d\u00e9 lundi \u00e0 l&rsquo;\u00e2ge de 64 ans, des suites d\u2019une maladie, a d\u00e9plor\u00e9 le minist\u00e8re de la Jeunesse, de la Culture et de la Communication. Le minist\u00e8re a rendu hommage, \u00e0 cette occasion, \u00e0 la longue carri\u00e8re artistique du d\u00e9funt, mettant en avant sa &hellip;\" \/>\n<meta property=\"og:url\" content=\"https:\/\/dpress.ma\/fr\/2026\/09\/02\/deces-de-lartiste-aziz-bakbou-grande-figure-de-lart-gnaoui\/\" \/>\n<meta property=\"og:site_name\" content=\"Dpress.ma\/fr\" \/>\n<meta property=\"article:published_time\" content=\"2026-09-02T09:49:39+00:00\" \/>\n<meta property=\"article:modified_time\" content=\"2026-09-02T09:49:41+00:00\" \/>\n<meta property=\"og:image\" content=\"https:\/\/dpress.ma\/fr\/wp-content\/uploads\/sites\/2\/2026\/09\/Aziz-Bakbou.jpg\" \/>\n\t<meta property=\"og:image:width\" content=\"2539\" \/>\n\t<meta property=\"og:image:height\" content=\"1594\" \/>\n\t<meta property=\"og:image:type\" content=\"image\/jpeg\" \/>\n<meta name=\"author\" content=\"Dpress.ma\" \/>\n<meta name=\"twitter:card\" content=\"summary_large_image\" \/>\n<meta name=\"twitter:label1\" content=\"\u00c9crit par\" \/>\n\t<meta name=\"twitter:data1\" content=\"Dpress.ma\" \/>\n\t<meta name=\"twitter:label2\" content=\"Dur\u00e9e de lecture estim\u00e9e\" \/>\n\t<meta name=\"twitter:data2\" content=\"1 minute\" \/>\n<script type=\"application\/ld+json\" class=\"yoast-schema-graph\">{\"@context\":\"https:\\\/\\\/schema.org\",\"@graph\":[{\"@type\":\"Article\",\"@id\":\"https:\\\/\\\/dpress.ma\\\/fr\\\/2026\\\/09\\\/02\\\/deces-de-lartiste-aziz-bakbou-grande-figure-de-lart-gnaoui\\\/#article\",\"isPartOf\":{\"@id\":\"https:\\\/\\\/dpress.ma\\\/fr\\\/2026\\\/09\\\/02\\\/deces-de-lartiste-aziz-bakbou-grande-figure-de-lart-gnaoui\\\/\"},\"author\":{\"name\":\"Dpress.ma\",\"@id\":\"https:\\\/\\\/dpress.ma\\\/fr\\\/#\\\/schema\\\/person\\\/4898febf3ccd59e6578d838656a306a0\"},\"headline\":\"D\u00e9c\u00e8s de l\u2019artiste Aziz Bakbou, grande figure de l\u2019art gnaoui\",\"datePublished\":\"2026-09-02T09:49:39+00:00\",\"dateModified\":\"2026-09-02T09:49:41+00:00\",\"mainEntityOfPage\":{\"@id\":\"https:\\\/\\\/dpress.ma\\\/fr\\\/2026\\\/09\\\/02\\\/deces-de-lartiste-aziz-bakbou-grande-figure-de-lart-gnaoui\\\/\"},\"wordCount\":171,\"commentCount\":0,\"image\":{\"@id\":\"https:\\\/\\\/dpress.ma\\\/fr\\\/2026\\\/09\\\/02\\\/deces-de-lartiste-aziz-bakbou-grande-figure-de-lart-gnaoui\\\/#primaryimage\"},\"thumbnailUrl\":\"https:\\\/\\\/dpress.ma\\\/fr\\\/wp-content\\\/uploads\\\/sites\\\/2\\\/2026\\\/09\\\/Aziz-Bakbou.jpg\",\"articleSection\":[\"societe et regions\"],\"inLanguage\":\"fr-FR\",\"potentialAction\":[{\"@type\":\"CommentAction\",\"name\":\"Comment\",\"target\":[\"https:\\\/\\\/dpress.ma\\\/fr\\\/2026\\\/09\\\/02\\\/deces-de-lartiste-aziz-bakbou-grande-figure-de-lart-gnaoui\\\/#respond\"]}]},{\"@type\":\"WebPage\",\"@id\":\"https:\\\/\\\/dpress.ma\\\/fr\\\/2026\\\/09\\\/02\\\/deces-de-lartiste-aziz-bakbou-grande-figure-de-lart-gnaoui\\\/\",\"url\":\"https:\\\/\\\/dpress.ma\\\/fr\\\/2026\\\/09\\\/02\\\/deces-de-lartiste-aziz-bakbou-grande-figure-de-lart-gnaoui\\\/\",\"name\":\"D\u00e9c\u00e8s de l\u2019artiste Aziz Bakbou, grande figure de l\u2019art gnaoui - Dpress.ma\\\/fr\",\"isPartOf\":{\"@id\":\"https:\\\/\\\/dpress.ma\\\/fr\\\/#website\"},\"primaryImageOfPage\":{\"@id\":\"https:\\\/\\\/dpress.ma\\\/fr\\\/2026\\\/09\\\/02\\\/deces-de-lartiste-aziz-bakbou-grande-figure-de-lart-gnaoui\\\/#primaryimage\"},\"image\":{\"@id\":\"https:\\\/\\\/dpress.ma\\\/fr\\\/2026\\\/09\\\/02\\\/deces-de-lartiste-aziz-bakbou-grande-figure-de-lart-gnaoui\\\/#primaryimage\"},\"thumbnailUrl\":\"https:\\\/\\\/dpress.ma\\\/fr\\\/wp-content\\\/uploads\\\/sites\\\/2\\\/2026\\\/09\\\/Aziz-Bakbou.jpg\",\"datePublished\":\"2026-09-02T09:49:39+00:00\",\"dateModified\":\"2026-09-02T09:49:41+00:00\",\"author\":{\"@id\":\"https:\\\/\\\/dpress.ma\\\/fr\\\/#\\\/schema\\\/person\\\/4898febf3ccd59e6578d838656a306a0\"},\"breadcrumb\":{\"@id\":\"https:\\\/\\\/dpress.ma\\\/fr\\\/2026\\\/09\\\/02\\\/deces-de-lartiste-aziz-bakbou-grande-figure-de-lart-gnaoui\\\/#breadcrumb\"},\"inLanguage\":\"fr-FR\",\"potentialAction\":[{\"@type\":\"ReadAction\",\"target\":[\"https:\\\/\\\/dpress.ma\\\/fr\\\/2026\\\/09\\\/02\\\/deces-de-lartiste-aziz-bakbou-grande-figure-de-lart-gnaoui\\\/\"]}]},{\"@type\":\"ImageObject\",\"inLanguage\":\"fr-FR\",\"@id\":\"https:\\\/\\\/dpress.ma\\\/fr\\\/2026\\\/09\\\/02\\\/deces-de-lartiste-aziz-bakbou-grande-figure-de-lart-gnaoui\\\/#primaryimage\",\"url\":\"https:\\\/\\\/dpress.ma\\\/fr\\\/wp-content\\\/uploads\\\/sites\\\/2\\\/2026\\\/09\\\/Aziz-Bakbou.jpg\",\"contentUrl\":\"https:\\\/\\\/dpress.ma\\\/fr\\\/wp-content\\\/uploads\\\/sites\\\/2\\\/2026\\\/09\\\/Aziz-Bakbou.jpg\",\"width\":2539,\"height\":1594},{\"@type\":\"BreadcrumbList\",\"@id\":\"https:\\\/\\\/dpress.ma\\\/fr\\\/2026\\\/09\\\/02\\\/deces-de-lartiste-aziz-bakbou-grande-figure-de-lart-gnaoui\\\/#breadcrumb\",\"itemListElement\":[{\"@type\":\"ListItem\",\"position\":1,\"name\":\"Home\",\"item\":\"https:\\\/\\\/dpress.ma\\\/fr\\\/\"},{\"@type\":\"ListItem\",\"position\":2,\"name\":\"D\u00e9c\u00e8s de l\u2019artiste Aziz Bakbou, grande figure de l\u2019art gnaoui\"}]},{\"@type\":\"WebSite\",\"@id\":\"https:\\\/\\\/dpress.ma\\\/fr\\\/#website\",\"url\":\"https:\\\/\\\/dpress.ma\\\/fr\\\/\",\"name\":\"Dpress.ma\\\/fr\",\"description\":\"\",\"potentialAction\":[{\"@type\":\"SearchAction\",\"target\":{\"@type\":\"EntryPoint\",\"urlTemplate\":\"https:\\\/\\\/dpress.ma\\\/fr\\\/?s={search_term_string}\"},\"query-input\":{\"@type\":\"PropertyValueSpecification\",\"valueRequired\":true,\"valueName\":\"search_term_string\"}}],\"inLanguage\":\"fr-FR\"},{\"@type\":\"Person\",\"@id\":\"https:\\\/\\\/dpress.ma\\\/fr\\\/#\\\/schema\\\/person\\\/4898febf3ccd59e6578d838656a306a0\",\"name\":\"Dpress.ma\",\"image\":{\"@type\":\"ImageObject\",\"inLanguage\":\"fr-FR\",\"@id\":\"https:\\\/\\\/secure.gravatar.com\\\/avatar\\\/72ecc30e9db047a2e0e7176561eb9d564ed77c8108376495b19bd8336405198a?s=96&d=mm&r=g\",\"url\":\"https:\\\/\\\/secure.gravatar.com\\\/avatar\\\/72ecc30e9db047a2e0e7176561eb9d564ed77c8108376495b19bd8336405198a?s=96&d=mm&r=g\",\"contentUrl\":\"https:\\\/\\\/secure.gravatar.com\\\/avatar\\\/72ecc30e9db047a2e0e7176561eb9d564ed77c8108376495b19bd8336405198a?s=96&d=mm&r=g\",\"caption\":\"Dpress.ma\"},\"sameAs\":[\"https:\\\/\\\/www.dpress.ma\"],\"url\":\"https:\\\/\\\/dpress.ma\\\/fr\\\/author\\\/dpress-ma\\\/\"}]}<\/script>\n<!-- \/ Yoast SEO plugin. -->","yoast_head_json":{"title":"D\u00e9c\u00e8s de l\u2019artiste Aziz Bakbou, grande figure de l\u2019art gnaoui - Dpress.ma\/fr","robots":{"index":"index","follow":"follow","max-snippet":"max-snippet:-1","max-image-preview":"max-image-preview:large","max-video-preview":"max-video-preview:-1"},"canonical":"https:\/\/dpress.ma\/fr\/2026\/09\/02\/deces-de-lartiste-aziz-bakbou-grande-figure-de-lart-gnaoui\/","og_locale":"fr_FR","og_type":"article","og_title":"D\u00e9c\u00e8s de l\u2019artiste Aziz Bakbou, grande figure de l\u2019art gnaoui - Dpress.ma\/fr","og_description":"Dpress L\u2019artiste Aziz Bakbou, l&rsquo;une des figures de l&rsquo;art gnaoui, est d\u00e9c\u00e9d\u00e9 lundi \u00e0 l&rsquo;\u00e2ge de 64 ans, des suites d\u2019une maladie, a d\u00e9plor\u00e9 le minist\u00e8re de la Jeunesse, de la Culture et de la Communication. Le minist\u00e8re a rendu hommage, \u00e0 cette occasion, \u00e0 la longue carri\u00e8re artistique du d\u00e9funt, mettant en avant sa &hellip;","og_url":"https:\/\/dpress.ma\/fr\/2026\/09\/02\/deces-de-lartiste-aziz-bakbou-grande-figure-de-lart-gnaoui\/","og_site_name":"Dpress.ma\/fr","article_published_time":"2026-09-02T09:49:39+00:00","article_modified_time":"2026-09-02T09:49:41+00:00","og_image":[{"width":2539,"height":1594,"url":"https:\/\/dpress.ma\/fr\/wp-content\/uploads\/sites\/2\/2026\/09\/Aziz-Bakbou.jpg","type":"image\/jpeg"}],"author":"Dpress.ma","twitter_card":"summary_large_image","twitter_misc":{"\u00c9crit par":"Dpress.ma","Dur\u00e9e de lecture estim\u00e9e":"1 minute"},"schema":{"@context":"https:\/\/schema.org","@graph":[{"@type":"Article","@id":"https:\/\/dpress.ma\/fr\/2026\/09\/02\/deces-de-lartiste-aziz-bakbou-grande-figure-de-lart-gnaoui\/#article","isPartOf":{"@id":"https:\/\/dpress.ma\/fr\/2026\/09\/02\/deces-de-lartiste-aziz-bakbou-grande-figure-de-lart-gnaoui\/"},"author":{"name":"Dpress.ma","@id":"https:\/\/dpress.ma\/fr\/#\/schema\/person\/4898febf3ccd59e6578d838656a306a0"},"headline":"D\u00e9c\u00e8s de l\u2019artiste Aziz Bakbou, grande figure de l\u2019art gnaoui","datePublished":"2026-09-02T09:49:39+00:00","dateModified":"2026-09-02T09:49:41+00:00","mainEntityOfPage":{"@id":"https:\/\/dpress.ma\/fr\/2026\/09\/02\/deces-de-lartiste-aziz-bakbou-grande-figure-de-lart-gnaoui\/"},"wordCount":171,"commentCount":0,"image":{"@id":"https:\/\/dpress.ma\/fr\/2026\/09\/02\/deces-de-lartiste-aziz-bakbou-grande-figure-de-lart-gnaoui\/#primaryimage"},"thumbnailUrl":"https:\/\/dpress.ma\/fr\/wp-content\/uploads\/sites\/2\/2026\/09\/Aziz-Bakbou.jpg","articleSection":["societe et regions"],"inLanguage":"fr-FR","potentialAction":[{"@type":"CommentAction","name":"Comment","target":["https:\/\/dpress.ma\/fr\/2026\/09\/02\/deces-de-lartiste-aziz-bakbou-grande-figure-de-lart-gnaoui\/#respond"]}]},{"@type":"WebPage","@id":"https:\/\/dpress.ma\/fr\/2026\/09\/02\/deces-de-lartiste-aziz-bakbou-grande-figure-de-lart-gnaoui\/","url":"https:\/\/dpress.ma\/fr\/2026\/09\/02\/deces-de-lartiste-aziz-bakbou-grande-figure-de-lart-gnaoui\/","name":"D\u00e9c\u00e8s de l\u2019artiste Aziz Bakbou, grande figure de l\u2019art gnaoui - Dpress.ma\/fr","isPartOf":{"@id":"https:\/\/dpress.ma\/fr\/#website"},"primaryImageOfPage":{"@id":"https:\/\/dpress.ma\/fr\/2026\/09\/02\/deces-de-lartiste-aziz-bakbou-grande-figure-de-lart-gnaoui\/#primaryimage"},"image":{"@id":"https:\/\/dpress.ma\/fr\/2026\/09\/02\/deces-de-lartiste-aziz-bakbou-grande-figure-de-lart-gnaoui\/#primaryimage"},"thumbnailUrl":"https:\/\/dpress.ma\/fr\/wp-content\/uploads\/sites\/2\/2026\/09\/Aziz-Bakbou.jpg","datePublished":"2026-09-02T09:49:39+00:00","dateModified":"2026-09-02T09:49:41+00:00","author":{"@id":"https:\/\/dpress.ma\/fr\/#\/schema\/person\/4898febf3ccd59e6578d838656a306a0"},"breadcrumb":{"@id":"https:\/\/dpress.ma\/fr\/2026\/09\/02\/deces-de-lartiste-aziz-bakbou-grande-figure-de-lart-gnaoui\/#breadcrumb"},"inLanguage":"fr-FR","potentialAction":[{"@type":"ReadAction","target":["https:\/\/dpress.ma\/fr\/2026\/09\/02\/deces-de-lartiste-aziz-bakbou-grande-figure-de-lart-gnaoui\/"]}]},{"@type":"ImageObject","inLanguage":"fr-FR","@id":"https:\/\/dpress.ma\/fr\/2026\/09\/02\/deces-de-lartiste-aziz-bakbou-grande-figure-de-lart-gnaoui\/#primaryimage","url":"https:\/\/dpress.ma\/fr\/wp-content\/uploads\/sites\/2\/2026\/09\/Aziz-Bakbou.jpg","contentUrl":"https:\/\/dpress.ma\/fr\/wp-content\/uploads\/sites\/2\/2026\/09\/Aziz-Bakbou.jpg","width":2539,"height":1594},{"@type":"BreadcrumbList","@id":"https:\/\/dpress.ma\/fr\/2026\/09\/02\/deces-de-lartiste-aziz-bakbou-grande-figure-de-lart-gnaoui\/#breadcrumb","itemListElement":[{"@type":"ListItem","position":1,"name":"Home","item":"https:\/\/dpress.ma\/fr\/"},{"@type":"ListItem","position":2,"name":"D\u00e9c\u00e8s de l\u2019artiste Aziz Bakbou, grande figure de l\u2019art gnaoui"}]},{"@type":"WebSite","@id":"https:\/\/dpress.ma\/fr\/#website","url":"https:\/\/dpress.ma\/fr\/","name":"Dpress.ma\/fr","description":"","potentialAction":[{"@type":"SearchAction","target":{"@type":"EntryPoint","urlTemplate":"https:\/\/dpress.ma\/fr\/?s={search_term_string}"},"query-input":{"@type":"PropertyValueSpecification","valueRequired":true,"valueName":"search_term_string"}}],"inLanguage":"fr-FR"},{"@type":"Person","@id":"https:\/\/dpress.ma\/fr\/#\/schema\/person\/4898febf3ccd59e6578d838656a306a0","name":"Dpress.ma","image":{"@type":"ImageObject","inLanguage":"fr-FR","@id":"https:\/\/secure.gravatar.com\/avatar\/72ecc30e9db047a2e0e7176561eb9d564ed77c8108376495b19bd8336405198a?s=96&d=mm&r=g","url":"https:\/\/secure.gravatar.com\/avatar\/72ecc30e9db047a2e0e7176561eb9d564ed77c8108376495b19bd8336405198a?s=96&d=mm&r=g","contentUrl":"https:\/\/secure.gravatar.com\/avatar\/72ecc30e9db047a2e0e7176561eb9d564ed77c8108376495b19bd8336405198a?s=96&d=mm&r=g","caption":"Dpress.ma"},"sameAs":["https:\/\/www.dpress.ma"],"url":"https:\/\/dpress.ma\/fr\/author\/dpress-ma\/"}]}},"amp_enabled":true,"_links":{"self":[{"href":"https:\/\/dpress.ma\/fr\/wp-json\/wp\/v2\/posts\/38841","targetHints":{"allow":["GET"]}}],"collection":[{"href":"https:\/\/dpress.ma\/fr\/wp-json\/wp\/v2\/posts"}],"about":[{"href":"https:\/\/dpress.ma\/fr\/wp-json\/wp\/v2\/types\/post"}],"author":[{"embeddable":true,"href":"https:\/\/dpress.ma\/fr\/wp-json\/wp\/v2\/users\/2"}],"replies":[{"embeddable":true,"href":"https:\/\/dpress.ma\/fr\/wp-json\/wp\/v2\/comments?post=38841"}],"version-history":[{"count":1,"href":"https:\/\/dpress.ma\/fr\/wp-json\/wp\/v2\/posts\/38841\/revisions"}],"predecessor-version":[{"id":38843,"href":"https:\/\/dpress.ma\/fr\/wp-json\/wp\/v2\/posts\/38841\/revisions\/38843"}],"wp:featuredmedia":[{"embeddable":true,"href":"https:\/\/dpress.ma\/fr\/wp-json\/wp\/v2\/media\/38842"}],"wp:attachment":[{"href":"https:\/\/dpress.ma\/fr\/wp-json\/wp\/v2\/media?parent=38841"}],"wp:term":[{"taxonomy":"category","embeddable":true,"href":"https:\/\/dpress.ma\/fr\/wp-json\/wp\/v2\/categories?post=38841"},{"taxonomy":"post_tag","embeddable":true,"href":"https:\/\/dpress.ma\/fr\/wp-json\/wp\/v2\/tags?post=38841"}],"curies":[{"name":"wp","href":"https:\/\/api.w.org\/{rel}","templated":true}]}}