{"id":38838,"date":"2026-09-02T09:46:28","date_gmt":"2026-09-02T09:46:28","guid":{"rendered":"https:\/\/dpress.ma\/fr\/?p=38838"},"modified":"2026-09-02T09:46:48","modified_gmt":"2026-09-02T09:46:48","slug":"tanger-interpellation-dun-ressortissant-suedois-faisant-lobjet-dun-mandat-darret-international","status":"publish","type":"post","link":"https:\/\/dpress.ma\/fr\/2026\/09\/02\/tanger-interpellation-dun-ressortissant-suedois-faisant-lobjet-dun-mandat-darret-international\/","title":{"rendered":"Tanger : Interpellation d\u2019un ressortissant su\u00e9dois faisant l\u2019objet d\u2019un mandat d\u2019arr\u00eat international"},"content":{"rendered":"\n<p class=\"wp-block-paragraph\">Dpress<\/p>\n\n\n\n<p class=\"wp-block-paragraph\">Les \u00e9l\u00e9ments de la Brigade nationale de la police judiciaire (BNPJ) ont proc\u00e9d\u00e9, lundi, \u00e0 l&rsquo;interpellation d&rsquo;un ressortissant su\u00e9dois, faisant l&rsquo;objet d&rsquo;un mandat d&rsquo;arr\u00eat international \u00e9mis par les autorit\u00e9s judiciaires su\u00e9doises, apprend-on de source polici\u00e8re.<\/p>\n\n\n\n<p class=\"wp-block-paragraph\">Le suspect (27 ans) a \u00e9t\u00e9 arr\u00eat\u00e9 au niveau de la ville de Tanger, indique la m\u00eame source, pr\u00e9cisant que l\u2019op\u00e9ration de pointage sur la base de donn\u00e9es de l&rsquo;Interpol a r\u00e9v\u00e9l\u00e9 qu&rsquo;il fait l\u2019objet d&rsquo;une notice rouge \u00e9mise \u00e0 la demande du Bureau central national de Stockholm pour son implication pr\u00e9sum\u00e9e dans une affaire li\u00e9e au trafic international de drogues et de psychotropes ainsi qu&rsquo;\u00e0 la possession d&rsquo;armes \u00e0 feu automatiques sans autorisation.<\/p>\n\n\n\n<p class=\"wp-block-paragraph\">Le mis en cause a \u00e9t\u00e9 soumis aux proc\u00e9dures d&rsquo;extradition, ajoute la m\u00eame source, notant que le Bureau central national \u00ab\u00a0Interpol Rabat\u00a0\u00bb, relevant de la Direction g\u00e9n\u00e9rale de la s\u00fbret\u00e9 nationale (DGSN), a \u00e9t\u00e9 charg\u00e9 d&rsquo;aviser son homologue su\u00e9dois de cette interpellation au titre de la proc\u00e9dure d&rsquo;extradition.<\/p>\n\n\n\n<p class=\"wp-block-paragraph\">Cette arrestation s&rsquo;inscrit dans le cadre de l&rsquo;engagement des services de s\u00e9curit\u00e9 marocains \u00e0 mettre en \u0153uvre les m\u00e9canismes de coop\u00e9ration s\u00e9curitaire internationale, notamment en mati\u00e8re de traque et d&rsquo;arrestation des personnes recherch\u00e9es \u00e0 l&rsquo;\u00e9chelle internationale pour des affaires li\u00e9es \u00e0 la criminalit\u00e9 transnationale.<\/p>\n","protected":false},"excerpt":{"rendered":"<p>Dpress Les \u00e9l\u00e9ments de la Brigade nationale de la police judiciaire (BNPJ) ont proc\u00e9d\u00e9, lundi, \u00e0 l&rsquo;interpellation d&rsquo;un ressortissant su\u00e9dois, faisant l&rsquo;objet d&rsquo;un mandat d&rsquo;arr\u00eat international \u00e9mis par les autorit\u00e9s judiciaires su\u00e9doises, apprend-on de source polici\u00e8re. Le suspect (27 ans) a \u00e9t\u00e9 arr\u00eat\u00e9 au niveau de la ville de Tanger, indique la m\u00eame source, pr\u00e9cisant &hellip;<\/p>\n","protected":false},"author":2,"featured_media":38839,"comment_status":"open","ping_status":"open","sticky":false,"template":"","format":"standard","meta":{"footnotes":""},"categories":[40],"tags":[],"class_list":["post-38838","post","type-post","status-publish","format-standard","has-post-thumbnail","hentry","category-societe-et-regions"],"yoast_head":"<!-- This site is optimized with the Yoast SEO plugin v28.0 - https:\/\/yoast.com\/product\/yoast-seo-wordpress\/ -->\n<title>Tanger : Interpellation d\u2019un ressortissant su\u00e9dois faisant l\u2019objet d\u2019un mandat d\u2019arr\u00eat international - Dpress.ma\/fr<\/title>\n<meta name=\"robots\" content=\"index, follow, max-snippet:-1, max-image-preview:large, max-video-preview:-1\" \/>\n<link rel=\"canonical\" href=\"https:\/\/dpress.ma\/fr\/2026\/09\/02\/tanger-interpellation-dun-ressortissant-suedois-faisant-lobjet-dun-mandat-darret-international\/\" \/>\n<meta property=\"og:locale\" content=\"fr_FR\" \/>\n<meta property=\"og:type\" content=\"article\" \/>\n<meta property=\"og:title\" content=\"Tanger : Interpellation d\u2019un ressortissant su\u00e9dois faisant l\u2019objet d\u2019un mandat d\u2019arr\u00eat international - Dpress.ma\/fr\" \/>\n<meta property=\"og:description\" content=\"Dpress Les \u00e9l\u00e9ments de la Brigade nationale de la police judiciaire (BNPJ) ont proc\u00e9d\u00e9, lundi, \u00e0 l&rsquo;interpellation d&rsquo;un ressortissant su\u00e9dois, faisant l&rsquo;objet d&rsquo;un mandat d&rsquo;arr\u00eat international \u00e9mis par les autorit\u00e9s judiciaires su\u00e9doises, apprend-on de source polici\u00e8re. Le suspect (27 ans) a \u00e9t\u00e9 arr\u00eat\u00e9 au niveau de la ville de Tanger, indique la m\u00eame source, pr\u00e9cisant &hellip;\" \/>\n<meta property=\"og:url\" content=\"https:\/\/dpress.ma\/fr\/2026\/09\/02\/tanger-interpellation-dun-ressortissant-suedois-faisant-lobjet-dun-mandat-darret-international\/\" \/>\n<meta property=\"og:site_name\" content=\"Dpress.ma\/fr\" \/>\n<meta property=\"article:published_time\" content=\"2026-09-02T09:46:28+00:00\" \/>\n<meta property=\"article:modified_time\" content=\"2026-09-02T09:46:48+00:00\" \/>\n<meta property=\"og:image\" content=\"https:\/\/dpress.ma\/fr\/wp-content\/uploads\/sites\/2\/2026\/09\/la-Brigade-nationale-de-la-police-judiciaire.jpg\" \/>\n\t<meta property=\"og:image:width\" content=\"2539\" \/>\n\t<meta property=\"og:image:height\" content=\"1594\" \/>\n\t<meta property=\"og:image:type\" content=\"image\/jpeg\" \/>\n<meta name=\"author\" content=\"Dpress.ma\" \/>\n<meta name=\"twitter:card\" content=\"summary_large_image\" \/>\n<meta name=\"twitter:label1\" content=\"\u00c9crit par\" \/>\n\t<meta name=\"twitter:data1\" content=\"Dpress.ma\" \/>\n\t<meta name=\"twitter:label2\" content=\"Dur\u00e9e de lecture estim\u00e9e\" \/>\n\t<meta name=\"twitter:data2\" content=\"2 minutes\" \/>\n<script type=\"application\/ld+json\" class=\"yoast-schema-graph\">{\"@context\":\"https:\\\/\\\/schema.org\",\"@graph\":[{\"@type\":\"Article\",\"@id\":\"https:\\\/\\\/dpress.ma\\\/fr\\\/2026\\\/09\\\/02\\\/tanger-interpellation-dun-ressortissant-suedois-faisant-lobjet-dun-mandat-darret-international\\\/#article\",\"isPartOf\":{\"@id\":\"https:\\\/\\\/dpress.ma\\\/fr\\\/2026\\\/09\\\/02\\\/tanger-interpellation-dun-ressortissant-suedois-faisant-lobjet-dun-mandat-darret-international\\\/\"},\"author\":{\"name\":\"Dpress.ma\",\"@id\":\"https:\\\/\\\/dpress.ma\\\/fr\\\/#\\\/schema\\\/person\\\/4898febf3ccd59e6578d838656a306a0\"},\"headline\":\"Tanger : Interpellation d\u2019un ressortissant su\u00e9dois faisant l\u2019objet d\u2019un mandat d\u2019arr\u00eat international\",\"datePublished\":\"2026-09-02T09:46:28+00:00\",\"dateModified\":\"2026-09-02T09:46:48+00:00\",\"mainEntityOfPage\":{\"@id\":\"https:\\\/\\\/dpress.ma\\\/fr\\\/2026\\\/09\\\/02\\\/tanger-interpellation-dun-ressortissant-suedois-faisant-lobjet-dun-mandat-darret-international\\\/\"},\"wordCount\":246,\"commentCount\":0,\"image\":{\"@id\":\"https:\\\/\\\/dpress.ma\\\/fr\\\/2026\\\/09\\\/02\\\/tanger-interpellation-dun-ressortissant-suedois-faisant-lobjet-dun-mandat-darret-international\\\/#primaryimage\"},\"thumbnailUrl\":\"https:\\\/\\\/dpress.ma\\\/fr\\\/wp-content\\\/uploads\\\/sites\\\/2\\\/2026\\\/09\\\/la-Brigade-nationale-de-la-police-judiciaire.jpg\",\"articleSection\":[\"societe et regions\"],\"inLanguage\":\"fr-FR\",\"potentialAction\":[{\"@type\":\"CommentAction\",\"name\":\"Comment\",\"target\":[\"https:\\\/\\\/dpress.ma\\\/fr\\\/2026\\\/09\\\/02\\\/tanger-interpellation-dun-ressortissant-suedois-faisant-lobjet-dun-mandat-darret-international\\\/#respond\"]}]},{\"@type\":\"WebPage\",\"@id\":\"https:\\\/\\\/dpress.ma\\\/fr\\\/2026\\\/09\\\/02\\\/tanger-interpellation-dun-ressortissant-suedois-faisant-lobjet-dun-mandat-darret-international\\\/\",\"url\":\"https:\\\/\\\/dpress.ma\\\/fr\\\/2026\\\/09\\\/02\\\/tanger-interpellation-dun-ressortissant-suedois-faisant-lobjet-dun-mandat-darret-international\\\/\",\"name\":\"Tanger : Interpellation d\u2019un ressortissant su\u00e9dois faisant l\u2019objet d\u2019un mandat d\u2019arr\u00eat international - Dpress.ma\\\/fr\",\"isPartOf\":{\"@id\":\"https:\\\/\\\/dpress.ma\\\/fr\\\/#website\"},\"primaryImageOfPage\":{\"@id\":\"https:\\\/\\\/dpress.ma\\\/fr\\\/2026\\\/09\\\/02\\\/tanger-interpellation-dun-ressortissant-suedois-faisant-lobjet-dun-mandat-darret-international\\\/#primaryimage\"},\"image\":{\"@id\":\"https:\\\/\\\/dpress.ma\\\/fr\\\/2026\\\/09\\\/02\\\/tanger-interpellation-dun-ressortissant-suedois-faisant-lobjet-dun-mandat-darret-international\\\/#primaryimage\"},\"thumbnailUrl\":\"https:\\\/\\\/dpress.ma\\\/fr\\\/wp-content\\\/uploads\\\/sites\\\/2\\\/2026\\\/09\\\/la-Brigade-nationale-de-la-police-judiciaire.jpg\",\"datePublished\":\"2026-09-02T09:46:28+00:00\",\"dateModified\":\"2026-09-02T09:46:48+00:00\",\"author\":{\"@id\":\"https:\\\/\\\/dpress.ma\\\/fr\\\/#\\\/schema\\\/person\\\/4898febf3ccd59e6578d838656a306a0\"},\"breadcrumb\":{\"@id\":\"https:\\\/\\\/dpress.ma\\\/fr\\\/2026\\\/09\\\/02\\\/tanger-interpellation-dun-ressortissant-suedois-faisant-lobjet-dun-mandat-darret-international\\\/#breadcrumb\"},\"inLanguage\":\"fr-FR\",\"potentialAction\":[{\"@type\":\"ReadAction\",\"target\":[\"https:\\\/\\\/dpress.ma\\\/fr\\\/2026\\\/09\\\/02\\\/tanger-interpellation-dun-ressortissant-suedois-faisant-lobjet-dun-mandat-darret-international\\\/\"]}]},{\"@type\":\"ImageObject\",\"inLanguage\":\"fr-FR\",\"@id\":\"https:\\\/\\\/dpress.ma\\\/fr\\\/2026\\\/09\\\/02\\\/tanger-interpellation-dun-ressortissant-suedois-faisant-lobjet-dun-mandat-darret-international\\\/#primaryimage\",\"url\":\"https:\\\/\\\/dpress.ma\\\/fr\\\/wp-content\\\/uploads\\\/sites\\\/2\\\/2026\\\/09\\\/la-Brigade-nationale-de-la-police-judiciaire.jpg\",\"contentUrl\":\"https:\\\/\\\/dpress.ma\\\/fr\\\/wp-content\\\/uploads\\\/sites\\\/2\\\/2026\\\/09\\\/la-Brigade-nationale-de-la-police-judiciaire.jpg\",\"width\":2539,\"height\":1594},{\"@type\":\"BreadcrumbList\",\"@id\":\"https:\\\/\\\/dpress.ma\\\/fr\\\/2026\\\/09\\\/02\\\/tanger-interpellation-dun-ressortissant-suedois-faisant-lobjet-dun-mandat-darret-international\\\/#breadcrumb\",\"itemListElement\":[{\"@type\":\"ListItem\",\"position\":1,\"name\":\"Home\",\"item\":\"https:\\\/\\\/dpress.ma\\\/fr\\\/\"},{\"@type\":\"ListItem\",\"position\":2,\"name\":\"Tanger : Interpellation d\u2019un ressortissant su\u00e9dois faisant l\u2019objet d\u2019un mandat d\u2019arr\u00eat international\"}]},{\"@type\":\"WebSite\",\"@id\":\"https:\\\/\\\/dpress.ma\\\/fr\\\/#website\",\"url\":\"https:\\\/\\\/dpress.ma\\\/fr\\\/\",\"name\":\"Dpress.ma\\\/fr\",\"description\":\"\",\"potentialAction\":[{\"@type\":\"SearchAction\",\"target\":{\"@type\":\"EntryPoint\",\"urlTemplate\":\"https:\\\/\\\/dpress.ma\\\/fr\\\/?s={search_term_string}\"},\"query-input\":{\"@type\":\"PropertyValueSpecification\",\"valueRequired\":true,\"valueName\":\"search_term_string\"}}],\"inLanguage\":\"fr-FR\"},{\"@type\":\"Person\",\"@id\":\"https:\\\/\\\/dpress.ma\\\/fr\\\/#\\\/schema\\\/person\\\/4898febf3ccd59e6578d838656a306a0\",\"name\":\"Dpress.ma\",\"image\":{\"@type\":\"ImageObject\",\"inLanguage\":\"fr-FR\",\"@id\":\"https:\\\/\\\/secure.gravatar.com\\\/avatar\\\/72ecc30e9db047a2e0e7176561eb9d564ed77c8108376495b19bd8336405198a?s=96&d=mm&r=g\",\"url\":\"https:\\\/\\\/secure.gravatar.com\\\/avatar\\\/72ecc30e9db047a2e0e7176561eb9d564ed77c8108376495b19bd8336405198a?s=96&d=mm&r=g\",\"contentUrl\":\"https:\\\/\\\/secure.gravatar.com\\\/avatar\\\/72ecc30e9db047a2e0e7176561eb9d564ed77c8108376495b19bd8336405198a?s=96&d=mm&r=g\",\"caption\":\"Dpress.ma\"},\"sameAs\":[\"https:\\\/\\\/www.dpress.ma\"],\"url\":\"https:\\\/\\\/dpress.ma\\\/fr\\\/author\\\/dpress-ma\\\/\"}]}<\/script>\n<!-- \/ Yoast SEO plugin. -->","yoast_head_json":{"title":"Tanger : Interpellation d\u2019un ressortissant su\u00e9dois faisant l\u2019objet d\u2019un mandat d\u2019arr\u00eat international - Dpress.ma\/fr","robots":{"index":"index","follow":"follow","max-snippet":"max-snippet:-1","max-image-preview":"max-image-preview:large","max-video-preview":"max-video-preview:-1"},"canonical":"https:\/\/dpress.ma\/fr\/2026\/09\/02\/tanger-interpellation-dun-ressortissant-suedois-faisant-lobjet-dun-mandat-darret-international\/","og_locale":"fr_FR","og_type":"article","og_title":"Tanger : Interpellation d\u2019un ressortissant su\u00e9dois faisant l\u2019objet d\u2019un mandat d\u2019arr\u00eat international - Dpress.ma\/fr","og_description":"Dpress Les \u00e9l\u00e9ments de la Brigade nationale de la police judiciaire (BNPJ) ont proc\u00e9d\u00e9, lundi, \u00e0 l&rsquo;interpellation d&rsquo;un ressortissant su\u00e9dois, faisant l&rsquo;objet d&rsquo;un mandat d&rsquo;arr\u00eat international \u00e9mis par les autorit\u00e9s judiciaires su\u00e9doises, apprend-on de source polici\u00e8re. Le suspect (27 ans) a \u00e9t\u00e9 arr\u00eat\u00e9 au niveau de la ville de Tanger, indique la m\u00eame source, pr\u00e9cisant &hellip;","og_url":"https:\/\/dpress.ma\/fr\/2026\/09\/02\/tanger-interpellation-dun-ressortissant-suedois-faisant-lobjet-dun-mandat-darret-international\/","og_site_name":"Dpress.ma\/fr","article_published_time":"2026-09-02T09:46:28+00:00","article_modified_time":"2026-09-02T09:46:48+00:00","og_image":[{"width":2539,"height":1594,"url":"https:\/\/dpress.ma\/fr\/wp-content\/uploads\/sites\/2\/2026\/09\/la-Brigade-nationale-de-la-police-judiciaire.jpg","type":"image\/jpeg"}],"author":"Dpress.ma","twitter_card":"summary_large_image","twitter_misc":{"\u00c9crit par":"Dpress.ma","Dur\u00e9e de lecture estim\u00e9e":"2 minutes"},"schema":{"@context":"https:\/\/schema.org","@graph":[{"@type":"Article","@id":"https:\/\/dpress.ma\/fr\/2026\/09\/02\/tanger-interpellation-dun-ressortissant-suedois-faisant-lobjet-dun-mandat-darret-international\/#article","isPartOf":{"@id":"https:\/\/dpress.ma\/fr\/2026\/09\/02\/tanger-interpellation-dun-ressortissant-suedois-faisant-lobjet-dun-mandat-darret-international\/"},"author":{"name":"Dpress.ma","@id":"https:\/\/dpress.ma\/fr\/#\/schema\/person\/4898febf3ccd59e6578d838656a306a0"},"headline":"Tanger : Interpellation d\u2019un ressortissant su\u00e9dois faisant l\u2019objet d\u2019un mandat d\u2019arr\u00eat international","datePublished":"2026-09-02T09:46:28+00:00","dateModified":"2026-09-02T09:46:48+00:00","mainEntityOfPage":{"@id":"https:\/\/dpress.ma\/fr\/2026\/09\/02\/tanger-interpellation-dun-ressortissant-suedois-faisant-lobjet-dun-mandat-darret-international\/"},"wordCount":246,"commentCount":0,"image":{"@id":"https:\/\/dpress.ma\/fr\/2026\/09\/02\/tanger-interpellation-dun-ressortissant-suedois-faisant-lobjet-dun-mandat-darret-international\/#primaryimage"},"thumbnailUrl":"https:\/\/dpress.ma\/fr\/wp-content\/uploads\/sites\/2\/2026\/09\/la-Brigade-nationale-de-la-police-judiciaire.jpg","articleSection":["societe et regions"],"inLanguage":"fr-FR","potentialAction":[{"@type":"CommentAction","name":"Comment","target":["https:\/\/dpress.ma\/fr\/2026\/09\/02\/tanger-interpellation-dun-ressortissant-suedois-faisant-lobjet-dun-mandat-darret-international\/#respond"]}]},{"@type":"WebPage","@id":"https:\/\/dpress.ma\/fr\/2026\/09\/02\/tanger-interpellation-dun-ressortissant-suedois-faisant-lobjet-dun-mandat-darret-international\/","url":"https:\/\/dpress.ma\/fr\/2026\/09\/02\/tanger-interpellation-dun-ressortissant-suedois-faisant-lobjet-dun-mandat-darret-international\/","name":"Tanger : Interpellation d\u2019un ressortissant su\u00e9dois faisant l\u2019objet d\u2019un mandat d\u2019arr\u00eat international - Dpress.ma\/fr","isPartOf":{"@id":"https:\/\/dpress.ma\/fr\/#website"},"primaryImageOfPage":{"@id":"https:\/\/dpress.ma\/fr\/2026\/09\/02\/tanger-interpellation-dun-ressortissant-suedois-faisant-lobjet-dun-mandat-darret-international\/#primaryimage"},"image":{"@id":"https:\/\/dpress.ma\/fr\/2026\/09\/02\/tanger-interpellation-dun-ressortissant-suedois-faisant-lobjet-dun-mandat-darret-international\/#primaryimage"},"thumbnailUrl":"https:\/\/dpress.ma\/fr\/wp-content\/uploads\/sites\/2\/2026\/09\/la-Brigade-nationale-de-la-police-judiciaire.jpg","datePublished":"2026-09-02T09:46:28+00:00","dateModified":"2026-09-02T09:46:48+00:00","author":{"@id":"https:\/\/dpress.ma\/fr\/#\/schema\/person\/4898febf3ccd59e6578d838656a306a0"},"breadcrumb":{"@id":"https:\/\/dpress.ma\/fr\/2026\/09\/02\/tanger-interpellation-dun-ressortissant-suedois-faisant-lobjet-dun-mandat-darret-international\/#breadcrumb"},"inLanguage":"fr-FR","potentialAction":[{"@type":"ReadAction","target":["https:\/\/dpress.ma\/fr\/2026\/09\/02\/tanger-interpellation-dun-ressortissant-suedois-faisant-lobjet-dun-mandat-darret-international\/"]}]},{"@type":"ImageObject","inLanguage":"fr-FR","@id":"https:\/\/dpress.ma\/fr\/2026\/09\/02\/tanger-interpellation-dun-ressortissant-suedois-faisant-lobjet-dun-mandat-darret-international\/#primaryimage","url":"https:\/\/dpress.ma\/fr\/wp-content\/uploads\/sites\/2\/2026\/09\/la-Brigade-nationale-de-la-police-judiciaire.jpg","contentUrl":"https:\/\/dpress.ma\/fr\/wp-content\/uploads\/sites\/2\/2026\/09\/la-Brigade-nationale-de-la-police-judiciaire.jpg","width":2539,"height":1594},{"@type":"BreadcrumbList","@id":"https:\/\/dpress.ma\/fr\/2026\/09\/02\/tanger-interpellation-dun-ressortissant-suedois-faisant-lobjet-dun-mandat-darret-international\/#breadcrumb","itemListElement":[{"@type":"ListItem","position":1,"name":"Home","item":"https:\/\/dpress.ma\/fr\/"},{"@type":"ListItem","position":2,"name":"Tanger : Interpellation d\u2019un ressortissant su\u00e9dois faisant l\u2019objet d\u2019un mandat d\u2019arr\u00eat international"}]},{"@type":"WebSite","@id":"https:\/\/dpress.ma\/fr\/#website","url":"https:\/\/dpress.ma\/fr\/","name":"Dpress.ma\/fr","description":"","potentialAction":[{"@type":"SearchAction","target":{"@type":"EntryPoint","urlTemplate":"https:\/\/dpress.ma\/fr\/?s={search_term_string}"},"query-input":{"@type":"PropertyValueSpecification","valueRequired":true,"valueName":"search_term_string"}}],"inLanguage":"fr-FR"},{"@type":"Person","@id":"https:\/\/dpress.ma\/fr\/#\/schema\/person\/4898febf3ccd59e6578d838656a306a0","name":"Dpress.ma","image":{"@type":"ImageObject","inLanguage":"fr-FR","@id":"https:\/\/secure.gravatar.com\/avatar\/72ecc30e9db047a2e0e7176561eb9d564ed77c8108376495b19bd8336405198a?s=96&d=mm&r=g","url":"https:\/\/secure.gravatar.com\/avatar\/72ecc30e9db047a2e0e7176561eb9d564ed77c8108376495b19bd8336405198a?s=96&d=mm&r=g","contentUrl":"https:\/\/secure.gravatar.com\/avatar\/72ecc30e9db047a2e0e7176561eb9d564ed77c8108376495b19bd8336405198a?s=96&d=mm&r=g","caption":"Dpress.ma"},"sameAs":["https:\/\/www.dpress.ma"],"url":"https:\/\/dpress.ma\/fr\/author\/dpress-ma\/"}]}},"amp_enabled":true,"_links":{"self":[{"href":"https:\/\/dpress.ma\/fr\/wp-json\/wp\/v2\/posts\/38838","targetHints":{"allow":["GET"]}}],"collection":[{"href":"https:\/\/dpress.ma\/fr\/wp-json\/wp\/v2\/posts"}],"about":[{"href":"https:\/\/dpress.ma\/fr\/wp-json\/wp\/v2\/types\/post"}],"author":[{"embeddable":true,"href":"https:\/\/dpress.ma\/fr\/wp-json\/wp\/v2\/users\/2"}],"replies":[{"embeddable":true,"href":"https:\/\/dpress.ma\/fr\/wp-json\/wp\/v2\/comments?post=38838"}],"version-history":[{"count":1,"href":"https:\/\/dpress.ma\/fr\/wp-json\/wp\/v2\/posts\/38838\/revisions"}],"predecessor-version":[{"id":38840,"href":"https:\/\/dpress.ma\/fr\/wp-json\/wp\/v2\/posts\/38838\/revisions\/38840"}],"wp:featuredmedia":[{"embeddable":true,"href":"https:\/\/dpress.ma\/fr\/wp-json\/wp\/v2\/media\/38839"}],"wp:attachment":[{"href":"https:\/\/dpress.ma\/fr\/wp-json\/wp\/v2\/media?parent=38838"}],"wp:term":[{"taxonomy":"category","embeddable":true,"href":"https:\/\/dpress.ma\/fr\/wp-json\/wp\/v2\/categories?post=38838"},{"taxonomy":"post_tag","embeddable":true,"href":"https:\/\/dpress.ma\/fr\/wp-json\/wp\/v2\/tags?post=38838"}],"curies":[{"name":"wp","href":"https:\/\/api.w.org\/{rel}","templated":true}]}}