{"id":38835,"date":"2026-09-02T09:44:27","date_gmt":"2026-09-02T09:44:27","guid":{"rendered":"https:\/\/dpress.ma\/fr\/?p=38835"},"modified":"2026-09-02T09:44:30","modified_gmt":"2026-09-02T09:44:30","slug":"province-de-nador-don-royal-au-mausolee-de-cherif-mohamed-ameziane","status":"publish","type":"post","link":"https:\/\/dpress.ma\/fr\/2026\/09\/02\/province-de-nador-don-royal-au-mausolee-de-cherif-mohamed-ameziane\/","title":{"rendered":"Province de Nador: Don Royal au Mausol\u00e9e de Cherif Mohamed Ameziane"},"content":{"rendered":"\n<p class=\"wp-block-paragraph\">Dpress<\/p>\n\n\n\n<p class=\"wp-block-paragraph\">Une Commission Royale a proc\u00e9d\u00e9, mardi \u00e0 Zeghanghane dans la province de Nador, \u00e0 la remise d\u2019un Don Royal au profit du Mausol\u00e9e de Cherif Mohamed Ameziane, \u00e0 l\u2019occasion de la comm\u00e9moration du 28\u00e8me anniversaire de la disparition de Feu SM Hassan II, que Dieu ait Son \u00e2me.<\/p>\n\n\n\n<p class=\"wp-block-paragraph\">Ce Don Royal a \u00e9t\u00e9 remis aux responsables du mausol\u00e9e lors d\u2019une c\u00e9r\u00e9monie religieuse tenue en pr\u00e9sence notamment du gouverneur de la province de Nador, Jamal Chaarani, des repr\u00e9sentants des autorit\u00e9s locales, du d\u00e9l\u00e9gu\u00e9 provincial du minist\u00e8re des Habous et des Affaires islamiques, du pr\u00e9sident du conseil local des oul\u00e9mas et d\u2019autres personnalit\u00e9s civiles et militaires.<\/p>\n\n\n\n<p class=\"wp-block-paragraph\">Apr\u00e8s la r\u00e9citation de versets du Saint Coran et de pan\u00e9gyriques, l&rsquo;assistance a \u00e9lev\u00e9 des pri\u00e8res implorant le Tout-Puissant de pr\u00e9server SM le Roi Mohammed VI, Amir Al Mouminine, et de combler le Souverain en les personnes de SAR le Prince H\u00e9ritier Moulay El Hassan, de SAR le Prince Moulay Rachid et de l\u2019ensemble des membres de l\u2019illustre famille royale.<\/p>\n\n\n\n<p class=\"wp-block-paragraph\">L\u2019assistance a \u00e9galement \u00e9lev\u00e9 des pri\u00e8res pour le repos de l\u2019\u00e2me de Feu SM Mohammed V et Feu SM Hassan II, priant Dieu de les accueillir en Sa Sainte Mis\u00e9ricorde.<\/p>\n\n\n\n<p class=\"wp-block-paragraph\"><a href=\"https:\/\/www.facebook.com\/sharer\/sharer.php?u=https:\/\/www.mapexpress.ma\/actualite\/societe-et-regions\/province-nador-don-royal-au-mausolee-cherif-mohamed-ameziane-2\/\" target=\"_blank\" rel=\"noopener\"><\/a> <a href=\"https:\/\/x.com\/intent\/tweet?url=https:\/\/www.mapexpress.ma\/actualite\/societe-et-regions\/province-nador-don-royal-au-mausolee-cherif-mohamed-ameziane-2\/&amp;text=Province+de+Nador%3A+Don+Royal+au+Mausol%C3%A9e+de+Cherif+Mohamed+Ameziane\" target=\"_blank\" rel=\"noopener\"><\/a> <a href=\"https:\/\/www.linkedin.com\/feed\/?shareUrl=https:\/\/www.mapexpress.ma\/actualite\/societe-et-regions\/province-nador-don-royal-au-mausolee-cherif-mohamed-ameziane-2\/\" target=\"_blank\" rel=\"noopener\"><\/a><a href=\"https:\/\/api.whatsapp.com\/send?text=Province+de+Nador%3A+Don+Royal+au+Mausol%C3%A9e+de+Cherif+Mohamed+Ameziane+https%3A%2F%2Fwww.mapexpress.ma%2Factualite%2Fsociete-et-regions%2Fprovince-nador-don-royal-au-mausolee-cherif-mohamed-ameziane-2%2F\" target=\"_blank\" rel=\"noopener\"><\/a><\/p>\n","protected":false},"excerpt":{"rendered":"<p>Dpress Une Commission Royale a proc\u00e9d\u00e9, mardi \u00e0 Zeghanghane dans la province de Nador, \u00e0 la remise d\u2019un Don Royal au profit du Mausol\u00e9e de Cherif Mohamed Ameziane, \u00e0 l\u2019occasion de la comm\u00e9moration du 28\u00e8me anniversaire de la disparition de Feu SM Hassan II, que Dieu ait Son \u00e2me. Ce Don Royal a \u00e9t\u00e9 remis &hellip;<\/p>\n","protected":false},"author":2,"featured_media":38836,"comment_status":"open","ping_status":"open","sticky":false,"template":"","format":"standard","meta":{"footnotes":""},"categories":[40],"tags":[],"class_list":["post-38835","post","type-post","status-publish","format-standard","has-post-thumbnail","hentry","category-societe-et-regions"],"yoast_head":"<!-- This site is optimized with the Yoast SEO plugin v28.0 - https:\/\/yoast.com\/product\/yoast-seo-wordpress\/ -->\n<title>Province de Nador: Don Royal au Mausol\u00e9e de Cherif Mohamed Ameziane - Dpress.ma\/fr<\/title>\n<meta name=\"robots\" content=\"index, follow, max-snippet:-1, max-image-preview:large, max-video-preview:-1\" \/>\n<link rel=\"canonical\" href=\"https:\/\/dpress.ma\/fr\/2026\/09\/02\/province-de-nador-don-royal-au-mausolee-de-cherif-mohamed-ameziane\/\" \/>\n<meta property=\"og:locale\" content=\"fr_FR\" \/>\n<meta property=\"og:type\" content=\"article\" \/>\n<meta property=\"og:title\" content=\"Province de Nador: Don Royal au Mausol\u00e9e de Cherif Mohamed Ameziane - Dpress.ma\/fr\" \/>\n<meta property=\"og:description\" content=\"Dpress Une Commission Royale a proc\u00e9d\u00e9, mardi \u00e0 Zeghanghane dans la province de Nador, \u00e0 la remise d\u2019un Don Royal au profit du Mausol\u00e9e de Cherif Mohamed Ameziane, \u00e0 l\u2019occasion de la comm\u00e9moration du 28\u00e8me anniversaire de la disparition de Feu SM Hassan II, que Dieu ait Son \u00e2me. Ce Don Royal a \u00e9t\u00e9 remis &hellip;\" \/>\n<meta property=\"og:url\" content=\"https:\/\/dpress.ma\/fr\/2026\/09\/02\/province-de-nador-don-royal-au-mausolee-de-cherif-mohamed-ameziane\/\" \/>\n<meta property=\"og:site_name\" content=\"Dpress.ma\/fr\" \/>\n<meta property=\"article:published_time\" content=\"2026-09-02T09:44:27+00:00\" \/>\n<meta property=\"article:modified_time\" content=\"2026-09-02T09:44:30+00:00\" \/>\n<meta property=\"og:image\" content=\"https:\/\/dpress.ma\/fr\/wp-content\/uploads\/sites\/2\/2026\/09\/Mausolee-de-Cherif-Mohamed-Ameziane.jpg\" \/>\n\t<meta property=\"og:image:width\" content=\"2539\" \/>\n\t<meta property=\"og:image:height\" content=\"1594\" \/>\n\t<meta property=\"og:image:type\" content=\"image\/jpeg\" \/>\n<meta name=\"author\" content=\"Dpress.ma\" \/>\n<meta name=\"twitter:card\" content=\"summary_large_image\" \/>\n<meta name=\"twitter:label1\" content=\"\u00c9crit par\" \/>\n\t<meta name=\"twitter:data1\" content=\"Dpress.ma\" \/>\n\t<meta name=\"twitter:label2\" content=\"Dur\u00e9e de lecture estim\u00e9e\" \/>\n\t<meta name=\"twitter:data2\" content=\"1 minute\" \/>\n<script type=\"application\/ld+json\" class=\"yoast-schema-graph\">{\"@context\":\"https:\\\/\\\/schema.org\",\"@graph\":[{\"@type\":\"Article\",\"@id\":\"https:\\\/\\\/dpress.ma\\\/fr\\\/2026\\\/09\\\/02\\\/province-de-nador-don-royal-au-mausolee-de-cherif-mohamed-ameziane\\\/#article\",\"isPartOf\":{\"@id\":\"https:\\\/\\\/dpress.ma\\\/fr\\\/2026\\\/09\\\/02\\\/province-de-nador-don-royal-au-mausolee-de-cherif-mohamed-ameziane\\\/\"},\"author\":{\"name\":\"Dpress.ma\",\"@id\":\"https:\\\/\\\/dpress.ma\\\/fr\\\/#\\\/schema\\\/person\\\/4898febf3ccd59e6578d838656a306a0\"},\"headline\":\"Province de Nador: Don Royal au Mausol\u00e9e de Cherif Mohamed Ameziane\",\"datePublished\":\"2026-09-02T09:44:27+00:00\",\"dateModified\":\"2026-09-02T09:44:30+00:00\",\"mainEntityOfPage\":{\"@id\":\"https:\\\/\\\/dpress.ma\\\/fr\\\/2026\\\/09\\\/02\\\/province-de-nador-don-royal-au-mausolee-de-cherif-mohamed-ameziane\\\/\"},\"wordCount\":235,\"commentCount\":0,\"image\":{\"@id\":\"https:\\\/\\\/dpress.ma\\\/fr\\\/2026\\\/09\\\/02\\\/province-de-nador-don-royal-au-mausolee-de-cherif-mohamed-ameziane\\\/#primaryimage\"},\"thumbnailUrl\":\"https:\\\/\\\/dpress.ma\\\/fr\\\/wp-content\\\/uploads\\\/sites\\\/2\\\/2026\\\/09\\\/Mausolee-de-Cherif-Mohamed-Ameziane.jpg\",\"articleSection\":[\"societe et regions\"],\"inLanguage\":\"fr-FR\",\"potentialAction\":[{\"@type\":\"CommentAction\",\"name\":\"Comment\",\"target\":[\"https:\\\/\\\/dpress.ma\\\/fr\\\/2026\\\/09\\\/02\\\/province-de-nador-don-royal-au-mausolee-de-cherif-mohamed-ameziane\\\/#respond\"]}]},{\"@type\":\"WebPage\",\"@id\":\"https:\\\/\\\/dpress.ma\\\/fr\\\/2026\\\/09\\\/02\\\/province-de-nador-don-royal-au-mausolee-de-cherif-mohamed-ameziane\\\/\",\"url\":\"https:\\\/\\\/dpress.ma\\\/fr\\\/2026\\\/09\\\/02\\\/province-de-nador-don-royal-au-mausolee-de-cherif-mohamed-ameziane\\\/\",\"name\":\"Province de Nador: Don Royal au Mausol\u00e9e de Cherif Mohamed Ameziane - Dpress.ma\\\/fr\",\"isPartOf\":{\"@id\":\"https:\\\/\\\/dpress.ma\\\/fr\\\/#website\"},\"primaryImageOfPage\":{\"@id\":\"https:\\\/\\\/dpress.ma\\\/fr\\\/2026\\\/09\\\/02\\\/province-de-nador-don-royal-au-mausolee-de-cherif-mohamed-ameziane\\\/#primaryimage\"},\"image\":{\"@id\":\"https:\\\/\\\/dpress.ma\\\/fr\\\/2026\\\/09\\\/02\\\/province-de-nador-don-royal-au-mausolee-de-cherif-mohamed-ameziane\\\/#primaryimage\"},\"thumbnailUrl\":\"https:\\\/\\\/dpress.ma\\\/fr\\\/wp-content\\\/uploads\\\/sites\\\/2\\\/2026\\\/09\\\/Mausolee-de-Cherif-Mohamed-Ameziane.jpg\",\"datePublished\":\"2026-09-02T09:44:27+00:00\",\"dateModified\":\"2026-09-02T09:44:30+00:00\",\"author\":{\"@id\":\"https:\\\/\\\/dpress.ma\\\/fr\\\/#\\\/schema\\\/person\\\/4898febf3ccd59e6578d838656a306a0\"},\"breadcrumb\":{\"@id\":\"https:\\\/\\\/dpress.ma\\\/fr\\\/2026\\\/09\\\/02\\\/province-de-nador-don-royal-au-mausolee-de-cherif-mohamed-ameziane\\\/#breadcrumb\"},\"inLanguage\":\"fr-FR\",\"potentialAction\":[{\"@type\":\"ReadAction\",\"target\":[\"https:\\\/\\\/dpress.ma\\\/fr\\\/2026\\\/09\\\/02\\\/province-de-nador-don-royal-au-mausolee-de-cherif-mohamed-ameziane\\\/\"]}]},{\"@type\":\"ImageObject\",\"inLanguage\":\"fr-FR\",\"@id\":\"https:\\\/\\\/dpress.ma\\\/fr\\\/2026\\\/09\\\/02\\\/province-de-nador-don-royal-au-mausolee-de-cherif-mohamed-ameziane\\\/#primaryimage\",\"url\":\"https:\\\/\\\/dpress.ma\\\/fr\\\/wp-content\\\/uploads\\\/sites\\\/2\\\/2026\\\/09\\\/Mausolee-de-Cherif-Mohamed-Ameziane.jpg\",\"contentUrl\":\"https:\\\/\\\/dpress.ma\\\/fr\\\/wp-content\\\/uploads\\\/sites\\\/2\\\/2026\\\/09\\\/Mausolee-de-Cherif-Mohamed-Ameziane.jpg\",\"width\":2539,\"height\":1594},{\"@type\":\"BreadcrumbList\",\"@id\":\"https:\\\/\\\/dpress.ma\\\/fr\\\/2026\\\/09\\\/02\\\/province-de-nador-don-royal-au-mausolee-de-cherif-mohamed-ameziane\\\/#breadcrumb\",\"itemListElement\":[{\"@type\":\"ListItem\",\"position\":1,\"name\":\"Home\",\"item\":\"https:\\\/\\\/dpress.ma\\\/fr\\\/\"},{\"@type\":\"ListItem\",\"position\":2,\"name\":\"Province de Nador: Don Royal au Mausol\u00e9e de Cherif Mohamed Ameziane\"}]},{\"@type\":\"WebSite\",\"@id\":\"https:\\\/\\\/dpress.ma\\\/fr\\\/#website\",\"url\":\"https:\\\/\\\/dpress.ma\\\/fr\\\/\",\"name\":\"Dpress.ma\\\/fr\",\"description\":\"\",\"potentialAction\":[{\"@type\":\"SearchAction\",\"target\":{\"@type\":\"EntryPoint\",\"urlTemplate\":\"https:\\\/\\\/dpress.ma\\\/fr\\\/?s={search_term_string}\"},\"query-input\":{\"@type\":\"PropertyValueSpecification\",\"valueRequired\":true,\"valueName\":\"search_term_string\"}}],\"inLanguage\":\"fr-FR\"},{\"@type\":\"Person\",\"@id\":\"https:\\\/\\\/dpress.ma\\\/fr\\\/#\\\/schema\\\/person\\\/4898febf3ccd59e6578d838656a306a0\",\"name\":\"Dpress.ma\",\"image\":{\"@type\":\"ImageObject\",\"inLanguage\":\"fr-FR\",\"@id\":\"https:\\\/\\\/secure.gravatar.com\\\/avatar\\\/72ecc30e9db047a2e0e7176561eb9d564ed77c8108376495b19bd8336405198a?s=96&d=mm&r=g\",\"url\":\"https:\\\/\\\/secure.gravatar.com\\\/avatar\\\/72ecc30e9db047a2e0e7176561eb9d564ed77c8108376495b19bd8336405198a?s=96&d=mm&r=g\",\"contentUrl\":\"https:\\\/\\\/secure.gravatar.com\\\/avatar\\\/72ecc30e9db047a2e0e7176561eb9d564ed77c8108376495b19bd8336405198a?s=96&d=mm&r=g\",\"caption\":\"Dpress.ma\"},\"sameAs\":[\"https:\\\/\\\/www.dpress.ma\"],\"url\":\"https:\\\/\\\/dpress.ma\\\/fr\\\/author\\\/dpress-ma\\\/\"}]}<\/script>\n<!-- \/ Yoast SEO plugin. -->","yoast_head_json":{"title":"Province de Nador: Don Royal au Mausol\u00e9e de Cherif Mohamed Ameziane - Dpress.ma\/fr","robots":{"index":"index","follow":"follow","max-snippet":"max-snippet:-1","max-image-preview":"max-image-preview:large","max-video-preview":"max-video-preview:-1"},"canonical":"https:\/\/dpress.ma\/fr\/2026\/09\/02\/province-de-nador-don-royal-au-mausolee-de-cherif-mohamed-ameziane\/","og_locale":"fr_FR","og_type":"article","og_title":"Province de Nador: Don Royal au Mausol\u00e9e de Cherif Mohamed Ameziane - Dpress.ma\/fr","og_description":"Dpress Une Commission Royale a proc\u00e9d\u00e9, mardi \u00e0 Zeghanghane dans la province de Nador, \u00e0 la remise d\u2019un Don Royal au profit du Mausol\u00e9e de Cherif Mohamed Ameziane, \u00e0 l\u2019occasion de la comm\u00e9moration du 28\u00e8me anniversaire de la disparition de Feu SM Hassan II, que Dieu ait Son \u00e2me. Ce Don Royal a \u00e9t\u00e9 remis &hellip;","og_url":"https:\/\/dpress.ma\/fr\/2026\/09\/02\/province-de-nador-don-royal-au-mausolee-de-cherif-mohamed-ameziane\/","og_site_name":"Dpress.ma\/fr","article_published_time":"2026-09-02T09:44:27+00:00","article_modified_time":"2026-09-02T09:44:30+00:00","og_image":[{"width":2539,"height":1594,"url":"https:\/\/dpress.ma\/fr\/wp-content\/uploads\/sites\/2\/2026\/09\/Mausolee-de-Cherif-Mohamed-Ameziane.jpg","type":"image\/jpeg"}],"author":"Dpress.ma","twitter_card":"summary_large_image","twitter_misc":{"\u00c9crit par":"Dpress.ma","Dur\u00e9e de lecture estim\u00e9e":"1 minute"},"schema":{"@context":"https:\/\/schema.org","@graph":[{"@type":"Article","@id":"https:\/\/dpress.ma\/fr\/2026\/09\/02\/province-de-nador-don-royal-au-mausolee-de-cherif-mohamed-ameziane\/#article","isPartOf":{"@id":"https:\/\/dpress.ma\/fr\/2026\/09\/02\/province-de-nador-don-royal-au-mausolee-de-cherif-mohamed-ameziane\/"},"author":{"name":"Dpress.ma","@id":"https:\/\/dpress.ma\/fr\/#\/schema\/person\/4898febf3ccd59e6578d838656a306a0"},"headline":"Province de Nador: Don Royal au Mausol\u00e9e de Cherif Mohamed Ameziane","datePublished":"2026-09-02T09:44:27+00:00","dateModified":"2026-09-02T09:44:30+00:00","mainEntityOfPage":{"@id":"https:\/\/dpress.ma\/fr\/2026\/09\/02\/province-de-nador-don-royal-au-mausolee-de-cherif-mohamed-ameziane\/"},"wordCount":235,"commentCount":0,"image":{"@id":"https:\/\/dpress.ma\/fr\/2026\/09\/02\/province-de-nador-don-royal-au-mausolee-de-cherif-mohamed-ameziane\/#primaryimage"},"thumbnailUrl":"https:\/\/dpress.ma\/fr\/wp-content\/uploads\/sites\/2\/2026\/09\/Mausolee-de-Cherif-Mohamed-Ameziane.jpg","articleSection":["societe et regions"],"inLanguage":"fr-FR","potentialAction":[{"@type":"CommentAction","name":"Comment","target":["https:\/\/dpress.ma\/fr\/2026\/09\/02\/province-de-nador-don-royal-au-mausolee-de-cherif-mohamed-ameziane\/#respond"]}]},{"@type":"WebPage","@id":"https:\/\/dpress.ma\/fr\/2026\/09\/02\/province-de-nador-don-royal-au-mausolee-de-cherif-mohamed-ameziane\/","url":"https:\/\/dpress.ma\/fr\/2026\/09\/02\/province-de-nador-don-royal-au-mausolee-de-cherif-mohamed-ameziane\/","name":"Province de Nador: Don Royal au Mausol\u00e9e de Cherif Mohamed Ameziane - Dpress.ma\/fr","isPartOf":{"@id":"https:\/\/dpress.ma\/fr\/#website"},"primaryImageOfPage":{"@id":"https:\/\/dpress.ma\/fr\/2026\/09\/02\/province-de-nador-don-royal-au-mausolee-de-cherif-mohamed-ameziane\/#primaryimage"},"image":{"@id":"https:\/\/dpress.ma\/fr\/2026\/09\/02\/province-de-nador-don-royal-au-mausolee-de-cherif-mohamed-ameziane\/#primaryimage"},"thumbnailUrl":"https:\/\/dpress.ma\/fr\/wp-content\/uploads\/sites\/2\/2026\/09\/Mausolee-de-Cherif-Mohamed-Ameziane.jpg","datePublished":"2026-09-02T09:44:27+00:00","dateModified":"2026-09-02T09:44:30+00:00","author":{"@id":"https:\/\/dpress.ma\/fr\/#\/schema\/person\/4898febf3ccd59e6578d838656a306a0"},"breadcrumb":{"@id":"https:\/\/dpress.ma\/fr\/2026\/09\/02\/province-de-nador-don-royal-au-mausolee-de-cherif-mohamed-ameziane\/#breadcrumb"},"inLanguage":"fr-FR","potentialAction":[{"@type":"ReadAction","target":["https:\/\/dpress.ma\/fr\/2026\/09\/02\/province-de-nador-don-royal-au-mausolee-de-cherif-mohamed-ameziane\/"]}]},{"@type":"ImageObject","inLanguage":"fr-FR","@id":"https:\/\/dpress.ma\/fr\/2026\/09\/02\/province-de-nador-don-royal-au-mausolee-de-cherif-mohamed-ameziane\/#primaryimage","url":"https:\/\/dpress.ma\/fr\/wp-content\/uploads\/sites\/2\/2026\/09\/Mausolee-de-Cherif-Mohamed-Ameziane.jpg","contentUrl":"https:\/\/dpress.ma\/fr\/wp-content\/uploads\/sites\/2\/2026\/09\/Mausolee-de-Cherif-Mohamed-Ameziane.jpg","width":2539,"height":1594},{"@type":"BreadcrumbList","@id":"https:\/\/dpress.ma\/fr\/2026\/09\/02\/province-de-nador-don-royal-au-mausolee-de-cherif-mohamed-ameziane\/#breadcrumb","itemListElement":[{"@type":"ListItem","position":1,"name":"Home","item":"https:\/\/dpress.ma\/fr\/"},{"@type":"ListItem","position":2,"name":"Province de Nador: Don Royal au Mausol\u00e9e de Cherif Mohamed Ameziane"}]},{"@type":"WebSite","@id":"https:\/\/dpress.ma\/fr\/#website","url":"https:\/\/dpress.ma\/fr\/","name":"Dpress.ma\/fr","description":"","potentialAction":[{"@type":"SearchAction","target":{"@type":"EntryPoint","urlTemplate":"https:\/\/dpress.ma\/fr\/?s={search_term_string}"},"query-input":{"@type":"PropertyValueSpecification","valueRequired":true,"valueName":"search_term_string"}}],"inLanguage":"fr-FR"},{"@type":"Person","@id":"https:\/\/dpress.ma\/fr\/#\/schema\/person\/4898febf3ccd59e6578d838656a306a0","name":"Dpress.ma","image":{"@type":"ImageObject","inLanguage":"fr-FR","@id":"https:\/\/secure.gravatar.com\/avatar\/72ecc30e9db047a2e0e7176561eb9d564ed77c8108376495b19bd8336405198a?s=96&d=mm&r=g","url":"https:\/\/secure.gravatar.com\/avatar\/72ecc30e9db047a2e0e7176561eb9d564ed77c8108376495b19bd8336405198a?s=96&d=mm&r=g","contentUrl":"https:\/\/secure.gravatar.com\/avatar\/72ecc30e9db047a2e0e7176561eb9d564ed77c8108376495b19bd8336405198a?s=96&d=mm&r=g","caption":"Dpress.ma"},"sameAs":["https:\/\/www.dpress.ma"],"url":"https:\/\/dpress.ma\/fr\/author\/dpress-ma\/"}]}},"amp_enabled":true,"_links":{"self":[{"href":"https:\/\/dpress.ma\/fr\/wp-json\/wp\/v2\/posts\/38835","targetHints":{"allow":["GET"]}}],"collection":[{"href":"https:\/\/dpress.ma\/fr\/wp-json\/wp\/v2\/posts"}],"about":[{"href":"https:\/\/dpress.ma\/fr\/wp-json\/wp\/v2\/types\/post"}],"author":[{"embeddable":true,"href":"https:\/\/dpress.ma\/fr\/wp-json\/wp\/v2\/users\/2"}],"replies":[{"embeddable":true,"href":"https:\/\/dpress.ma\/fr\/wp-json\/wp\/v2\/comments?post=38835"}],"version-history":[{"count":1,"href":"https:\/\/dpress.ma\/fr\/wp-json\/wp\/v2\/posts\/38835\/revisions"}],"predecessor-version":[{"id":38837,"href":"https:\/\/dpress.ma\/fr\/wp-json\/wp\/v2\/posts\/38835\/revisions\/38837"}],"wp:featuredmedia":[{"embeddable":true,"href":"https:\/\/dpress.ma\/fr\/wp-json\/wp\/v2\/media\/38836"}],"wp:attachment":[{"href":"https:\/\/dpress.ma\/fr\/wp-json\/wp\/v2\/media?parent=38835"}],"wp:term":[{"taxonomy":"category","embeddable":true,"href":"https:\/\/dpress.ma\/fr\/wp-json\/wp\/v2\/categories?post=38835"},{"taxonomy":"post_tag","embeddable":true,"href":"https:\/\/dpress.ma\/fr\/wp-json\/wp\/v2\/tags?post=38835"}],"curies":[{"name":"wp","href":"https:\/\/api.w.org\/{rel}","templated":true}]}}