{"id":38828,"date":"2026-09-01T16:05:58","date_gmt":"2026-09-01T16:05:58","guid":{"rendered":"https:\/\/dpress.ma\/fr\/?p=38828"},"modified":"2026-09-01T16:06:03","modified_gmt":"2026-09-01T16:06:03","slug":"la-19e-edition-du-moussem-de-tan-tan-celebre-le-patrimoine-culturel-des-nomades","status":"publish","type":"post","link":"https:\/\/dpress.ma\/fr\/2026\/09\/01\/la-19e-edition-du-moussem-de-tan-tan-celebre-le-patrimoine-culturel-des-nomades\/","title":{"rendered":"La 19\u00e8 \u00e9dition du Moussem de Tan-Tan c\u00e9l\u00e8bre le patrimoine culturel des nomades"},"content":{"rendered":"\n<p class=\"wp-block-paragraph\">Dpress<\/p>\n\n\n\n<p class=\"wp-block-paragraph\">La 19\u00e8 \u00e9dition du Moussem de Tan-Tan se tiendra du 03 au 07 octobre, confirmant ainsi son statut de rendez-vous incontournable d\u00e9di\u00e9 \u00e0 la c\u00e9l\u00e9bration et \u00e0 la transmission du patrimoine culturel immat\u00e9riel des populations nomades.<\/p>\n\n\n\n<p class=\"wp-block-paragraph\">Un communiqu\u00e9 des organisateurs indique mardi que ce Moussem constitue un symbole vivant de la richesse et de la diversit\u00e9 des traditions saharo-hassanies, relevant que l&rsquo;\u00e9dition de cette ann\u00e9e, tenue sous&nbsp;le th\u00e8me \u00ab\u00a0Le Moussem de Tan-Tan : patrimoine humain et pont d\u2019\u00e9change culturel\u00a0\u00bb, s\u2019inscrit dans une dynamique de valorisation, de partage et d\u2019ouverture.<\/p>\n\n\n\n<p class=\"wp-block-paragraph\">Fid\u00e8le \u00e0 sa dimension internationale, le Moussem accueillera les \u00c9mirats arabes unis, une initiative&nbsp;qui illustre, pr\u00e9cise-t-on, \u00ab\u00a0la solidit\u00e9 d\u2019un partenariat privil\u00e9gi\u00e9 et offre au public une immersion dans l\u2019authenticit\u00e9 du patrimoine \u00e9mirati\u00a0\u00bb.<\/p>\n\n\n\n<p class=\"wp-block-paragraph\">Cinq jours durant, cet \u00e9v\u00e9nement culturel proposera une programmation riche et immersive, marqu\u00e9e par des sc\u00e8nes musicales c\u00e9l\u00e9brant les sonorit\u00e9s du d\u00e9sert, des concerts sous la tente plongeant les visiteurs dans une ambiance authentique, ainsi que la pr\u00e9sence attendue de grandes figures de la chanson marocaine et internationale, tr\u00e8s appr\u00e9ci\u00e9es du public, venant enrichir cette c\u00e9l\u00e9bration et renforcer son attractivit\u00e9, selon le communiqu\u00e9.<\/p>\n\n\n\n<p class=\"wp-block-paragraph\">\u00c0 cela s\u2019ajouteront les traditionnelles exhibitions de Tbourida, les parades de dromadaires et de nombreuses activit\u00e9s port\u00e9es par le tissu associatif local, contribuant \u00e0 faire vivre pleinement l\u2019esprit du Moussem et \u00e0 renforcer son ancrage territorial.<\/p>\n\n\n\n<p class=\"wp-block-paragraph\">Parall\u00e8lement \u00e0 cette dimension culturelle et festive, une conf\u00e9rence d\u00e9di\u00e9e aux opportunit\u00e9s d\u2019investissement dans la r\u00e9gion viendra enrichir le programme, affirmant la vocation du Moussem en tant que plateforme de r\u00e9flexion et de promotion du d\u00e9veloppement \u00e9conomique, en lien avec les dynamiques que connaissent les provinces du Sud du Royaume.<\/p>\n\n\n\n<p class=\"wp-block-paragraph\">\u00c0 travers cette nouvelle \u00e9dition, le Moussem de Tan-Tan&nbsp;confirme ainsi son r\u00f4le de carrefour culturel international, de vecteur de rayonnement pour le patrimoine hassani et de levier de d\u00e9veloppement, au service d\u2019un patrimoine vivant porteur de valeurs de dialogue, de diversit\u00e9 et d\u2019ouverture, conclut le communiqu\u00e9.<\/p>\n\n\n\n<p class=\"wp-block-paragraph\">Le Moussem a \u00e9t\u00e9 inscrit en 2008 par l\u2019UNESCO sur la liste repr\u00e9sentative du patrimoine culturel immat\u00e9riel de l\u2019humanit\u00e9.<\/p>\n","protected":false},"excerpt":{"rendered":"<p>Dpress La 19\u00e8 \u00e9dition du Moussem de Tan-Tan se tiendra du 03 au 07 octobre, confirmant ainsi son statut de rendez-vous incontournable d\u00e9di\u00e9 \u00e0 la c\u00e9l\u00e9bration et \u00e0 la transmission du patrimoine culturel immat\u00e9riel des populations nomades. Un communiqu\u00e9 des organisateurs indique mardi que ce Moussem constitue un symbole vivant de la richesse et de &hellip;<\/p>\n","protected":false},"author":2,"featured_media":38829,"comment_status":"open","ping_status":"open","sticky":false,"template":"","format":"standard","meta":{"footnotes":""},"categories":[31],"tags":[],"class_list":["post-38828","post","type-post","status-publish","format-standard","has-post-thumbnail","hentry","category-art-et-culture"],"yoast_head":"<!-- This site is optimized with the Yoast SEO plugin v28.0 - https:\/\/yoast.com\/product\/yoast-seo-wordpress\/ -->\n<title>La 19\u00e8 \u00e9dition du Moussem de Tan-Tan c\u00e9l\u00e8bre le patrimoine culturel des nomades - Dpress.ma\/fr<\/title>\n<meta name=\"robots\" content=\"index, follow, max-snippet:-1, max-image-preview:large, max-video-preview:-1\" \/>\n<link rel=\"canonical\" href=\"https:\/\/dpress.ma\/fr\/2026\/09\/01\/la-19e-edition-du-moussem-de-tan-tan-celebre-le-patrimoine-culturel-des-nomades\/\" \/>\n<meta property=\"og:locale\" content=\"fr_FR\" \/>\n<meta property=\"og:type\" content=\"article\" \/>\n<meta property=\"og:title\" content=\"La 19\u00e8 \u00e9dition du Moussem de Tan-Tan c\u00e9l\u00e8bre le patrimoine culturel des nomades - Dpress.ma\/fr\" \/>\n<meta property=\"og:description\" content=\"Dpress La 19\u00e8 \u00e9dition du Moussem de Tan-Tan se tiendra du 03 au 07 octobre, confirmant ainsi son statut de rendez-vous incontournable d\u00e9di\u00e9 \u00e0 la c\u00e9l\u00e9bration et \u00e0 la transmission du patrimoine culturel immat\u00e9riel des populations nomades. Un communiqu\u00e9 des organisateurs indique mardi que ce Moussem constitue un symbole vivant de la richesse et de &hellip;\" \/>\n<meta property=\"og:url\" content=\"https:\/\/dpress.ma\/fr\/2026\/09\/01\/la-19e-edition-du-moussem-de-tan-tan-celebre-le-patrimoine-culturel-des-nomades\/\" \/>\n<meta property=\"og:site_name\" content=\"Dpress.ma\/fr\" \/>\n<meta property=\"article:published_time\" content=\"2026-09-01T16:05:58+00:00\" \/>\n<meta property=\"article:modified_time\" content=\"2026-09-01T16:06:03+00:00\" \/>\n<meta property=\"og:image\" content=\"https:\/\/dpress.ma\/fr\/wp-content\/uploads\/sites\/2\/2026\/09\/7.jpg\" \/>\n\t<meta property=\"og:image:width\" content=\"2539\" \/>\n\t<meta property=\"og:image:height\" content=\"1594\" \/>\n\t<meta property=\"og:image:type\" content=\"image\/jpeg\" \/>\n<meta name=\"author\" content=\"Dpress.ma\" \/>\n<meta name=\"twitter:card\" content=\"summary_large_image\" \/>\n<meta name=\"twitter:label1\" content=\"\u00c9crit par\" \/>\n\t<meta name=\"twitter:data1\" content=\"Dpress.ma\" \/>\n\t<meta name=\"twitter:label2\" content=\"Dur\u00e9e de lecture estim\u00e9e\" \/>\n\t<meta name=\"twitter:data2\" content=\"2 minutes\" \/>\n<script type=\"application\/ld+json\" class=\"yoast-schema-graph\">{\"@context\":\"https:\\\/\\\/schema.org\",\"@graph\":[{\"@type\":\"Article\",\"@id\":\"https:\\\/\\\/dpress.ma\\\/fr\\\/2026\\\/09\\\/01\\\/la-19e-edition-du-moussem-de-tan-tan-celebre-le-patrimoine-culturel-des-nomades\\\/#article\",\"isPartOf\":{\"@id\":\"https:\\\/\\\/dpress.ma\\\/fr\\\/2026\\\/09\\\/01\\\/la-19e-edition-du-moussem-de-tan-tan-celebre-le-patrimoine-culturel-des-nomades\\\/\"},\"author\":{\"name\":\"Dpress.ma\",\"@id\":\"https:\\\/\\\/dpress.ma\\\/fr\\\/#\\\/schema\\\/person\\\/4898febf3ccd59e6578d838656a306a0\"},\"headline\":\"La 19\u00e8 \u00e9dition du Moussem de Tan-Tan c\u00e9l\u00e8bre le patrimoine culturel des nomades\",\"datePublished\":\"2026-09-01T16:05:58+00:00\",\"dateModified\":\"2026-09-01T16:06:03+00:00\",\"mainEntityOfPage\":{\"@id\":\"https:\\\/\\\/dpress.ma\\\/fr\\\/2026\\\/09\\\/01\\\/la-19e-edition-du-moussem-de-tan-tan-celebre-le-patrimoine-culturel-des-nomades\\\/\"},\"wordCount\":392,\"commentCount\":0,\"image\":{\"@id\":\"https:\\\/\\\/dpress.ma\\\/fr\\\/2026\\\/09\\\/01\\\/la-19e-edition-du-moussem-de-tan-tan-celebre-le-patrimoine-culturel-des-nomades\\\/#primaryimage\"},\"thumbnailUrl\":\"https:\\\/\\\/dpress.ma\\\/fr\\\/wp-content\\\/uploads\\\/sites\\\/2\\\/2026\\\/09\\\/7.jpg\",\"articleSection\":[\"Art et Culture\"],\"inLanguage\":\"fr-FR\",\"potentialAction\":[{\"@type\":\"CommentAction\",\"name\":\"Comment\",\"target\":[\"https:\\\/\\\/dpress.ma\\\/fr\\\/2026\\\/09\\\/01\\\/la-19e-edition-du-moussem-de-tan-tan-celebre-le-patrimoine-culturel-des-nomades\\\/#respond\"]}]},{\"@type\":\"WebPage\",\"@id\":\"https:\\\/\\\/dpress.ma\\\/fr\\\/2026\\\/09\\\/01\\\/la-19e-edition-du-moussem-de-tan-tan-celebre-le-patrimoine-culturel-des-nomades\\\/\",\"url\":\"https:\\\/\\\/dpress.ma\\\/fr\\\/2026\\\/09\\\/01\\\/la-19e-edition-du-moussem-de-tan-tan-celebre-le-patrimoine-culturel-des-nomades\\\/\",\"name\":\"La 19\u00e8 \u00e9dition du Moussem de Tan-Tan c\u00e9l\u00e8bre le patrimoine culturel des nomades - Dpress.ma\\\/fr\",\"isPartOf\":{\"@id\":\"https:\\\/\\\/dpress.ma\\\/fr\\\/#website\"},\"primaryImageOfPage\":{\"@id\":\"https:\\\/\\\/dpress.ma\\\/fr\\\/2026\\\/09\\\/01\\\/la-19e-edition-du-moussem-de-tan-tan-celebre-le-patrimoine-culturel-des-nomades\\\/#primaryimage\"},\"image\":{\"@id\":\"https:\\\/\\\/dpress.ma\\\/fr\\\/2026\\\/09\\\/01\\\/la-19e-edition-du-moussem-de-tan-tan-celebre-le-patrimoine-culturel-des-nomades\\\/#primaryimage\"},\"thumbnailUrl\":\"https:\\\/\\\/dpress.ma\\\/fr\\\/wp-content\\\/uploads\\\/sites\\\/2\\\/2026\\\/09\\\/7.jpg\",\"datePublished\":\"2026-09-01T16:05:58+00:00\",\"dateModified\":\"2026-09-01T16:06:03+00:00\",\"author\":{\"@id\":\"https:\\\/\\\/dpress.ma\\\/fr\\\/#\\\/schema\\\/person\\\/4898febf3ccd59e6578d838656a306a0\"},\"breadcrumb\":{\"@id\":\"https:\\\/\\\/dpress.ma\\\/fr\\\/2026\\\/09\\\/01\\\/la-19e-edition-du-moussem-de-tan-tan-celebre-le-patrimoine-culturel-des-nomades\\\/#breadcrumb\"},\"inLanguage\":\"fr-FR\",\"potentialAction\":[{\"@type\":\"ReadAction\",\"target\":[\"https:\\\/\\\/dpress.ma\\\/fr\\\/2026\\\/09\\\/01\\\/la-19e-edition-du-moussem-de-tan-tan-celebre-le-patrimoine-culturel-des-nomades\\\/\"]}]},{\"@type\":\"ImageObject\",\"inLanguage\":\"fr-FR\",\"@id\":\"https:\\\/\\\/dpress.ma\\\/fr\\\/2026\\\/09\\\/01\\\/la-19e-edition-du-moussem-de-tan-tan-celebre-le-patrimoine-culturel-des-nomades\\\/#primaryimage\",\"url\":\"https:\\\/\\\/dpress.ma\\\/fr\\\/wp-content\\\/uploads\\\/sites\\\/2\\\/2026\\\/09\\\/7.jpg\",\"contentUrl\":\"https:\\\/\\\/dpress.ma\\\/fr\\\/wp-content\\\/uploads\\\/sites\\\/2\\\/2026\\\/09\\\/7.jpg\",\"width\":2539,\"height\":1594},{\"@type\":\"BreadcrumbList\",\"@id\":\"https:\\\/\\\/dpress.ma\\\/fr\\\/2026\\\/09\\\/01\\\/la-19e-edition-du-moussem-de-tan-tan-celebre-le-patrimoine-culturel-des-nomades\\\/#breadcrumb\",\"itemListElement\":[{\"@type\":\"ListItem\",\"position\":1,\"name\":\"Home\",\"item\":\"https:\\\/\\\/dpress.ma\\\/fr\\\/\"},{\"@type\":\"ListItem\",\"position\":2,\"name\":\"La 19\u00e8 \u00e9dition du Moussem de Tan-Tan c\u00e9l\u00e8bre le patrimoine culturel des nomades\"}]},{\"@type\":\"WebSite\",\"@id\":\"https:\\\/\\\/dpress.ma\\\/fr\\\/#website\",\"url\":\"https:\\\/\\\/dpress.ma\\\/fr\\\/\",\"name\":\"Dpress.ma\\\/fr\",\"description\":\"\",\"potentialAction\":[{\"@type\":\"SearchAction\",\"target\":{\"@type\":\"EntryPoint\",\"urlTemplate\":\"https:\\\/\\\/dpress.ma\\\/fr\\\/?s={search_term_string}\"},\"query-input\":{\"@type\":\"PropertyValueSpecification\",\"valueRequired\":true,\"valueName\":\"search_term_string\"}}],\"inLanguage\":\"fr-FR\"},{\"@type\":\"Person\",\"@id\":\"https:\\\/\\\/dpress.ma\\\/fr\\\/#\\\/schema\\\/person\\\/4898febf3ccd59e6578d838656a306a0\",\"name\":\"Dpress.ma\",\"image\":{\"@type\":\"ImageObject\",\"inLanguage\":\"fr-FR\",\"@id\":\"https:\\\/\\\/secure.gravatar.com\\\/avatar\\\/72ecc30e9db047a2e0e7176561eb9d564ed77c8108376495b19bd8336405198a?s=96&d=mm&r=g\",\"url\":\"https:\\\/\\\/secure.gravatar.com\\\/avatar\\\/72ecc30e9db047a2e0e7176561eb9d564ed77c8108376495b19bd8336405198a?s=96&d=mm&r=g\",\"contentUrl\":\"https:\\\/\\\/secure.gravatar.com\\\/avatar\\\/72ecc30e9db047a2e0e7176561eb9d564ed77c8108376495b19bd8336405198a?s=96&d=mm&r=g\",\"caption\":\"Dpress.ma\"},\"sameAs\":[\"https:\\\/\\\/www.dpress.ma\"],\"url\":\"https:\\\/\\\/dpress.ma\\\/fr\\\/author\\\/dpress-ma\\\/\"}]}<\/script>\n<!-- \/ Yoast SEO plugin. -->","yoast_head_json":{"title":"La 19\u00e8 \u00e9dition du Moussem de Tan-Tan c\u00e9l\u00e8bre le patrimoine culturel des nomades - Dpress.ma\/fr","robots":{"index":"index","follow":"follow","max-snippet":"max-snippet:-1","max-image-preview":"max-image-preview:large","max-video-preview":"max-video-preview:-1"},"canonical":"https:\/\/dpress.ma\/fr\/2026\/09\/01\/la-19e-edition-du-moussem-de-tan-tan-celebre-le-patrimoine-culturel-des-nomades\/","og_locale":"fr_FR","og_type":"article","og_title":"La 19\u00e8 \u00e9dition du Moussem de Tan-Tan c\u00e9l\u00e8bre le patrimoine culturel des nomades - Dpress.ma\/fr","og_description":"Dpress La 19\u00e8 \u00e9dition du Moussem de Tan-Tan se tiendra du 03 au 07 octobre, confirmant ainsi son statut de rendez-vous incontournable d\u00e9di\u00e9 \u00e0 la c\u00e9l\u00e9bration et \u00e0 la transmission du patrimoine culturel immat\u00e9riel des populations nomades. Un communiqu\u00e9 des organisateurs indique mardi que ce Moussem constitue un symbole vivant de la richesse et de &hellip;","og_url":"https:\/\/dpress.ma\/fr\/2026\/09\/01\/la-19e-edition-du-moussem-de-tan-tan-celebre-le-patrimoine-culturel-des-nomades\/","og_site_name":"Dpress.ma\/fr","article_published_time":"2026-09-01T16:05:58+00:00","article_modified_time":"2026-09-01T16:06:03+00:00","og_image":[{"width":2539,"height":1594,"url":"https:\/\/dpress.ma\/fr\/wp-content\/uploads\/sites\/2\/2026\/09\/7.jpg","type":"image\/jpeg"}],"author":"Dpress.ma","twitter_card":"summary_large_image","twitter_misc":{"\u00c9crit par":"Dpress.ma","Dur\u00e9e de lecture estim\u00e9e":"2 minutes"},"schema":{"@context":"https:\/\/schema.org","@graph":[{"@type":"Article","@id":"https:\/\/dpress.ma\/fr\/2026\/09\/01\/la-19e-edition-du-moussem-de-tan-tan-celebre-le-patrimoine-culturel-des-nomades\/#article","isPartOf":{"@id":"https:\/\/dpress.ma\/fr\/2026\/09\/01\/la-19e-edition-du-moussem-de-tan-tan-celebre-le-patrimoine-culturel-des-nomades\/"},"author":{"name":"Dpress.ma","@id":"https:\/\/dpress.ma\/fr\/#\/schema\/person\/4898febf3ccd59e6578d838656a306a0"},"headline":"La 19\u00e8 \u00e9dition du Moussem de Tan-Tan c\u00e9l\u00e8bre le patrimoine culturel des nomades","datePublished":"2026-09-01T16:05:58+00:00","dateModified":"2026-09-01T16:06:03+00:00","mainEntityOfPage":{"@id":"https:\/\/dpress.ma\/fr\/2026\/09\/01\/la-19e-edition-du-moussem-de-tan-tan-celebre-le-patrimoine-culturel-des-nomades\/"},"wordCount":392,"commentCount":0,"image":{"@id":"https:\/\/dpress.ma\/fr\/2026\/09\/01\/la-19e-edition-du-moussem-de-tan-tan-celebre-le-patrimoine-culturel-des-nomades\/#primaryimage"},"thumbnailUrl":"https:\/\/dpress.ma\/fr\/wp-content\/uploads\/sites\/2\/2026\/09\/7.jpg","articleSection":["Art et Culture"],"inLanguage":"fr-FR","potentialAction":[{"@type":"CommentAction","name":"Comment","target":["https:\/\/dpress.ma\/fr\/2026\/09\/01\/la-19e-edition-du-moussem-de-tan-tan-celebre-le-patrimoine-culturel-des-nomades\/#respond"]}]},{"@type":"WebPage","@id":"https:\/\/dpress.ma\/fr\/2026\/09\/01\/la-19e-edition-du-moussem-de-tan-tan-celebre-le-patrimoine-culturel-des-nomades\/","url":"https:\/\/dpress.ma\/fr\/2026\/09\/01\/la-19e-edition-du-moussem-de-tan-tan-celebre-le-patrimoine-culturel-des-nomades\/","name":"La 19\u00e8 \u00e9dition du Moussem de Tan-Tan c\u00e9l\u00e8bre le patrimoine culturel des nomades - Dpress.ma\/fr","isPartOf":{"@id":"https:\/\/dpress.ma\/fr\/#website"},"primaryImageOfPage":{"@id":"https:\/\/dpress.ma\/fr\/2026\/09\/01\/la-19e-edition-du-moussem-de-tan-tan-celebre-le-patrimoine-culturel-des-nomades\/#primaryimage"},"image":{"@id":"https:\/\/dpress.ma\/fr\/2026\/09\/01\/la-19e-edition-du-moussem-de-tan-tan-celebre-le-patrimoine-culturel-des-nomades\/#primaryimage"},"thumbnailUrl":"https:\/\/dpress.ma\/fr\/wp-content\/uploads\/sites\/2\/2026\/09\/7.jpg","datePublished":"2026-09-01T16:05:58+00:00","dateModified":"2026-09-01T16:06:03+00:00","author":{"@id":"https:\/\/dpress.ma\/fr\/#\/schema\/person\/4898febf3ccd59e6578d838656a306a0"},"breadcrumb":{"@id":"https:\/\/dpress.ma\/fr\/2026\/09\/01\/la-19e-edition-du-moussem-de-tan-tan-celebre-le-patrimoine-culturel-des-nomades\/#breadcrumb"},"inLanguage":"fr-FR","potentialAction":[{"@type":"ReadAction","target":["https:\/\/dpress.ma\/fr\/2026\/09\/01\/la-19e-edition-du-moussem-de-tan-tan-celebre-le-patrimoine-culturel-des-nomades\/"]}]},{"@type":"ImageObject","inLanguage":"fr-FR","@id":"https:\/\/dpress.ma\/fr\/2026\/09\/01\/la-19e-edition-du-moussem-de-tan-tan-celebre-le-patrimoine-culturel-des-nomades\/#primaryimage","url":"https:\/\/dpress.ma\/fr\/wp-content\/uploads\/sites\/2\/2026\/09\/7.jpg","contentUrl":"https:\/\/dpress.ma\/fr\/wp-content\/uploads\/sites\/2\/2026\/09\/7.jpg","width":2539,"height":1594},{"@type":"BreadcrumbList","@id":"https:\/\/dpress.ma\/fr\/2026\/09\/01\/la-19e-edition-du-moussem-de-tan-tan-celebre-le-patrimoine-culturel-des-nomades\/#breadcrumb","itemListElement":[{"@type":"ListItem","position":1,"name":"Home","item":"https:\/\/dpress.ma\/fr\/"},{"@type":"ListItem","position":2,"name":"La 19\u00e8 \u00e9dition du Moussem de Tan-Tan c\u00e9l\u00e8bre le patrimoine culturel des nomades"}]},{"@type":"WebSite","@id":"https:\/\/dpress.ma\/fr\/#website","url":"https:\/\/dpress.ma\/fr\/","name":"Dpress.ma\/fr","description":"","potentialAction":[{"@type":"SearchAction","target":{"@type":"EntryPoint","urlTemplate":"https:\/\/dpress.ma\/fr\/?s={search_term_string}"},"query-input":{"@type":"PropertyValueSpecification","valueRequired":true,"valueName":"search_term_string"}}],"inLanguage":"fr-FR"},{"@type":"Person","@id":"https:\/\/dpress.ma\/fr\/#\/schema\/person\/4898febf3ccd59e6578d838656a306a0","name":"Dpress.ma","image":{"@type":"ImageObject","inLanguage":"fr-FR","@id":"https:\/\/secure.gravatar.com\/avatar\/72ecc30e9db047a2e0e7176561eb9d564ed77c8108376495b19bd8336405198a?s=96&d=mm&r=g","url":"https:\/\/secure.gravatar.com\/avatar\/72ecc30e9db047a2e0e7176561eb9d564ed77c8108376495b19bd8336405198a?s=96&d=mm&r=g","contentUrl":"https:\/\/secure.gravatar.com\/avatar\/72ecc30e9db047a2e0e7176561eb9d564ed77c8108376495b19bd8336405198a?s=96&d=mm&r=g","caption":"Dpress.ma"},"sameAs":["https:\/\/www.dpress.ma"],"url":"https:\/\/dpress.ma\/fr\/author\/dpress-ma\/"}]}},"amp_enabled":true,"_links":{"self":[{"href":"https:\/\/dpress.ma\/fr\/wp-json\/wp\/v2\/posts\/38828","targetHints":{"allow":["GET"]}}],"collection":[{"href":"https:\/\/dpress.ma\/fr\/wp-json\/wp\/v2\/posts"}],"about":[{"href":"https:\/\/dpress.ma\/fr\/wp-json\/wp\/v2\/types\/post"}],"author":[{"embeddable":true,"href":"https:\/\/dpress.ma\/fr\/wp-json\/wp\/v2\/users\/2"}],"replies":[{"embeddable":true,"href":"https:\/\/dpress.ma\/fr\/wp-json\/wp\/v2\/comments?post=38828"}],"version-history":[{"count":1,"href":"https:\/\/dpress.ma\/fr\/wp-json\/wp\/v2\/posts\/38828\/revisions"}],"predecessor-version":[{"id":38830,"href":"https:\/\/dpress.ma\/fr\/wp-json\/wp\/v2\/posts\/38828\/revisions\/38830"}],"wp:featuredmedia":[{"embeddable":true,"href":"https:\/\/dpress.ma\/fr\/wp-json\/wp\/v2\/media\/38829"}],"wp:attachment":[{"href":"https:\/\/dpress.ma\/fr\/wp-json\/wp\/v2\/media?parent=38828"}],"wp:term":[{"taxonomy":"category","embeddable":true,"href":"https:\/\/dpress.ma\/fr\/wp-json\/wp\/v2\/categories?post=38828"},{"taxonomy":"post_tag","embeddable":true,"href":"https:\/\/dpress.ma\/fr\/wp-json\/wp\/v2\/tags?post=38828"}],"curies":[{"name":"wp","href":"https:\/\/api.w.org\/{rel}","templated":true}]}}