{"id":38826,"date":"2026-09-01T15:07:47","date_gmt":"2026-09-01T15:07:47","guid":{"rendered":"https:\/\/dpress.ma\/fr\/?p=38826"},"modified":"2026-09-01T15:07:49","modified_gmt":"2026-09-01T15:07:49","slug":"la-26e-edition-du-festival-national-du-film-de-tanger-reportee-a-mars-prochain","status":"publish","type":"post","link":"https:\/\/dpress.ma\/fr\/2026\/09\/01\/la-26e-edition-du-festival-national-du-film-de-tanger-reportee-a-mars-prochain\/","title":{"rendered":"La 26e \u00e9dition du Festival national du film de Tanger report\u00e9e \u00e0 mars prochain"},"content":{"rendered":"\n<p class=\"wp-block-paragraph\">Dpress<\/p>\n\n\n\n<p class=\"wp-block-paragraph\">Le Centre cin\u00e9matographique marocain (CCM) a d\u00e9cid\u00e9 de reprogrammer la 26e \u00e9dition&nbsp;du Festival national du film de Tanger&nbsp;au mois de mars 2027, au lieu de la p\u00e9riode initialement pr\u00e9vue du 23 au 31 octobre 2026.<\/p>\n\n\n\n<p class=\"wp-block-paragraph\">Cette d\u00e9cision intervient \u00e0 la suite des demandes et propositions formul\u00e9es par plusieurs organisations professionnelles et acteurs de l\u2019industrie cin\u00e9matographique, en faveur du report de la 26e \u00e9dition, indique le CCM dans un communiqu\u00e9.<\/p>\n\n\n\n<p class=\"wp-block-paragraph\">Cette d\u00e9cision s\u2019inscrit dans \u00ab\u00a0le prolongement de l\u2019approche participative que le Centre cin\u00e9matographique marocain privil\u00e9gie dans ses relations avec les diff\u00e9rentes composantes du secteur\u00a0\u00bb, poursuit la m\u00eame source, ajoutant qu&rsquo;elle \u00ab\u00a0traduit sa volont\u00e9 constante d\u2019\u00eatre \u00e0 l\u2019\u00e9coute des attentes des professionnels et de prendre en consid\u00e9ration les propositions de leurs organisations repr\u00e9sentatives, chaque fois qu\u2019elles sont susceptibles de contribuer \u00e0 l\u2019am\u00e9lioration des conditions d\u2019organisation des manifestations cin\u00e9matographiques nationales et au renforcement de leur rayonnement\u00a0\u00bb.<\/p>\n\n\n\n<p class=\"wp-block-paragraph\">A ce propos, le Centre explique qu&rsquo;il a, notamment, pris en consid\u00e9ration les observations exprim\u00e9es par les professionnels concernant la forte concentration de festivals et de manifestations cin\u00e9matographiques, tant nationales qu\u2019internationales, durant le mois d\u2019octobre, ainsi que les risques de chevauchement des calendriers susceptibles de limiter la participation des professionnels et des films marocains \u00e0 ces rendez-vous.<\/p>\n\n\n\n<p class=\"wp-block-paragraph\">\u00ab\u00a0Cette situation est d\u2019autant plus importante que plusieurs festivals internationaux de premier plan appliquent des crit\u00e8res exigeant que les \u0153uvres pr\u00e9sent\u00e9es b\u00e9n\u00e9ficient d\u2019un statut de premi\u00e8re projection\u00a0\u00bb, pr\u00e9cise le CCM.<\/p>\n\n\n\n<p class=\"wp-block-paragraph\">Dans cette perspective, le report du Festival national du film au mois de mars permettra, non seulement de r\u00e9pondre \u00e0 ces pr\u00e9occupations l\u00e9gitimes, mais \u00e9galement de repositionner le Festival dans le calendrier national comme le premier grand rendez-vous cin\u00e9matographique de l\u2019ann\u00e9e, soutient le Centre, ajoutant qu&rsquo;il marquera, ainsi, le lancement de la saison cin\u00e9matographique nationale, laquelle trouvera son aboutissement, dans sa dimension internationale, avec le Festival international du Film de Marrakech.<\/p>\n\n\n\n<p class=\"wp-block-paragraph\">\u00ab\u00a0En acc\u00e9dant \u00e0 cette demande des professionnels, le CCM r\u00e9affirme son engagement \u00e0 poursuivre une d\u00e9marche fond\u00e9e sur la concertation, le dialogue et la coordination avec l\u2019ensemble des acteurs du secteur\u00a0\u00bb, lit-on dans le communiqu\u00e9.<\/p>\n\n\n\n<p class=\"wp-block-paragraph\">Le Centre \u00ab\u00a0entend ainsi r\u00e9unir les meilleures conditions organisationnelles, artistiques et professionnelles pour assurer le succ\u00e8s de la 26e \u00e9dition du Festival national du film de Tanger et conforter sa position en tant que rendez-vous incontournable de valorisation de la production cin\u00e9matographique marocaine, de promotion des talents nationaux et de c\u00e9l\u00e9bration de l\u2019ensemble des composantes de l\u2019industrie cin\u00e9matographique\u00a0\u00bb.<\/p>\n","protected":false},"excerpt":{"rendered":"<p>Dpress Le Centre cin\u00e9matographique marocain (CCM) a d\u00e9cid\u00e9 de reprogrammer la 26e \u00e9dition&nbsp;du Festival national du film de Tanger&nbsp;au mois de mars 2027, au lieu de la p\u00e9riode initialement pr\u00e9vue du 23 au 31 octobre 2026. Cette d\u00e9cision intervient \u00e0 la suite des demandes et propositions formul\u00e9es par plusieurs organisations professionnelles et acteurs de l\u2019industrie &hellip;<\/p>\n","protected":false},"author":2,"featured_media":37875,"comment_status":"open","ping_status":"open","sticky":false,"template":"","format":"standard","meta":{"footnotes":""},"categories":[31],"tags":[],"class_list":["post-38826","post","type-post","status-publish","format-standard","has-post-thumbnail","hentry","category-art-et-culture"],"yoast_head":"<!-- This site is optimized with the Yoast SEO plugin v28.0 - https:\/\/yoast.com\/product\/yoast-seo-wordpress\/ -->\n<title>La 26e \u00e9dition du Festival national du film de Tanger report\u00e9e \u00e0 mars prochain - Dpress.ma\/fr<\/title>\n<meta name=\"robots\" content=\"index, follow, max-snippet:-1, max-image-preview:large, max-video-preview:-1\" \/>\n<link rel=\"canonical\" href=\"https:\/\/dpress.ma\/fr\/2026\/09\/01\/la-26e-edition-du-festival-national-du-film-de-tanger-reportee-a-mars-prochain\/\" \/>\n<meta property=\"og:locale\" content=\"fr_FR\" \/>\n<meta property=\"og:type\" content=\"article\" \/>\n<meta property=\"og:title\" content=\"La 26e \u00e9dition du Festival national du film de Tanger report\u00e9e \u00e0 mars prochain - Dpress.ma\/fr\" \/>\n<meta property=\"og:description\" content=\"Dpress Le Centre cin\u00e9matographique marocain (CCM) a d\u00e9cid\u00e9 de reprogrammer la 26e \u00e9dition&nbsp;du Festival national du film de Tanger&nbsp;au mois de mars 2027, au lieu de la p\u00e9riode initialement pr\u00e9vue du 23 au 31 octobre 2026. Cette d\u00e9cision intervient \u00e0 la suite des demandes et propositions formul\u00e9es par plusieurs organisations professionnelles et acteurs de l\u2019industrie &hellip;\" \/>\n<meta property=\"og:url\" content=\"https:\/\/dpress.ma\/fr\/2026\/09\/01\/la-26e-edition-du-festival-national-du-film-de-tanger-reportee-a-mars-prochain\/\" \/>\n<meta property=\"og:site_name\" content=\"Dpress.ma\/fr\" \/>\n<meta property=\"article:published_time\" content=\"2026-09-01T15:07:47+00:00\" \/>\n<meta property=\"article:modified_time\" content=\"2026-09-01T15:07:49+00:00\" \/>\n<meta property=\"og:image\" content=\"https:\/\/dpress.ma\/fr\/wp-content\/uploads\/sites\/2\/2026\/08\/ccm.jpg\" \/>\n\t<meta property=\"og:image:width\" content=\"2539\" \/>\n\t<meta property=\"og:image:height\" content=\"1594\" \/>\n\t<meta property=\"og:image:type\" content=\"image\/jpeg\" \/>\n<meta name=\"author\" content=\"Dpress.ma\" \/>\n<meta name=\"twitter:card\" content=\"summary_large_image\" \/>\n<meta name=\"twitter:label1\" content=\"\u00c9crit par\" \/>\n\t<meta name=\"twitter:data1\" content=\"Dpress.ma\" \/>\n\t<meta name=\"twitter:label2\" content=\"Dur\u00e9e de lecture estim\u00e9e\" \/>\n\t<meta name=\"twitter:data2\" content=\"3 minutes\" \/>\n<script type=\"application\/ld+json\" class=\"yoast-schema-graph\">{\"@context\":\"https:\\\/\\\/schema.org\",\"@graph\":[{\"@type\":\"Article\",\"@id\":\"https:\\\/\\\/dpress.ma\\\/fr\\\/2026\\\/09\\\/01\\\/la-26e-edition-du-festival-national-du-film-de-tanger-reportee-a-mars-prochain\\\/#article\",\"isPartOf\":{\"@id\":\"https:\\\/\\\/dpress.ma\\\/fr\\\/2026\\\/09\\\/01\\\/la-26e-edition-du-festival-national-du-film-de-tanger-reportee-a-mars-prochain\\\/\"},\"author\":{\"name\":\"Dpress.ma\",\"@id\":\"https:\\\/\\\/dpress.ma\\\/fr\\\/#\\\/schema\\\/person\\\/4898febf3ccd59e6578d838656a306a0\"},\"headline\":\"La 26e \u00e9dition du Festival national du film de Tanger report\u00e9e \u00e0 mars prochain\",\"datePublished\":\"2026-09-01T15:07:47+00:00\",\"dateModified\":\"2026-09-01T15:07:49+00:00\",\"mainEntityOfPage\":{\"@id\":\"https:\\\/\\\/dpress.ma\\\/fr\\\/2026\\\/09\\\/01\\\/la-26e-edition-du-festival-national-du-film-de-tanger-reportee-a-mars-prochain\\\/\"},\"wordCount\":460,\"commentCount\":0,\"image\":{\"@id\":\"https:\\\/\\\/dpress.ma\\\/fr\\\/2026\\\/09\\\/01\\\/la-26e-edition-du-festival-national-du-film-de-tanger-reportee-a-mars-prochain\\\/#primaryimage\"},\"thumbnailUrl\":\"https:\\\/\\\/dpress.ma\\\/fr\\\/wp-content\\\/uploads\\\/sites\\\/2\\\/2026\\\/08\\\/ccm.jpg\",\"articleSection\":[\"Art et Culture\"],\"inLanguage\":\"fr-FR\",\"potentialAction\":[{\"@type\":\"CommentAction\",\"name\":\"Comment\",\"target\":[\"https:\\\/\\\/dpress.ma\\\/fr\\\/2026\\\/09\\\/01\\\/la-26e-edition-du-festival-national-du-film-de-tanger-reportee-a-mars-prochain\\\/#respond\"]}]},{\"@type\":\"WebPage\",\"@id\":\"https:\\\/\\\/dpress.ma\\\/fr\\\/2026\\\/09\\\/01\\\/la-26e-edition-du-festival-national-du-film-de-tanger-reportee-a-mars-prochain\\\/\",\"url\":\"https:\\\/\\\/dpress.ma\\\/fr\\\/2026\\\/09\\\/01\\\/la-26e-edition-du-festival-national-du-film-de-tanger-reportee-a-mars-prochain\\\/\",\"name\":\"La 26e \u00e9dition du Festival national du film de Tanger report\u00e9e \u00e0 mars prochain - Dpress.ma\\\/fr\",\"isPartOf\":{\"@id\":\"https:\\\/\\\/dpress.ma\\\/fr\\\/#website\"},\"primaryImageOfPage\":{\"@id\":\"https:\\\/\\\/dpress.ma\\\/fr\\\/2026\\\/09\\\/01\\\/la-26e-edition-du-festival-national-du-film-de-tanger-reportee-a-mars-prochain\\\/#primaryimage\"},\"image\":{\"@id\":\"https:\\\/\\\/dpress.ma\\\/fr\\\/2026\\\/09\\\/01\\\/la-26e-edition-du-festival-national-du-film-de-tanger-reportee-a-mars-prochain\\\/#primaryimage\"},\"thumbnailUrl\":\"https:\\\/\\\/dpress.ma\\\/fr\\\/wp-content\\\/uploads\\\/sites\\\/2\\\/2026\\\/08\\\/ccm.jpg\",\"datePublished\":\"2026-09-01T15:07:47+00:00\",\"dateModified\":\"2026-09-01T15:07:49+00:00\",\"author\":{\"@id\":\"https:\\\/\\\/dpress.ma\\\/fr\\\/#\\\/schema\\\/person\\\/4898febf3ccd59e6578d838656a306a0\"},\"breadcrumb\":{\"@id\":\"https:\\\/\\\/dpress.ma\\\/fr\\\/2026\\\/09\\\/01\\\/la-26e-edition-du-festival-national-du-film-de-tanger-reportee-a-mars-prochain\\\/#breadcrumb\"},\"inLanguage\":\"fr-FR\",\"potentialAction\":[{\"@type\":\"ReadAction\",\"target\":[\"https:\\\/\\\/dpress.ma\\\/fr\\\/2026\\\/09\\\/01\\\/la-26e-edition-du-festival-national-du-film-de-tanger-reportee-a-mars-prochain\\\/\"]}]},{\"@type\":\"ImageObject\",\"inLanguage\":\"fr-FR\",\"@id\":\"https:\\\/\\\/dpress.ma\\\/fr\\\/2026\\\/09\\\/01\\\/la-26e-edition-du-festival-national-du-film-de-tanger-reportee-a-mars-prochain\\\/#primaryimage\",\"url\":\"https:\\\/\\\/dpress.ma\\\/fr\\\/wp-content\\\/uploads\\\/sites\\\/2\\\/2026\\\/08\\\/ccm.jpg\",\"contentUrl\":\"https:\\\/\\\/dpress.ma\\\/fr\\\/wp-content\\\/uploads\\\/sites\\\/2\\\/2026\\\/08\\\/ccm.jpg\",\"width\":2539,\"height\":1594},{\"@type\":\"BreadcrumbList\",\"@id\":\"https:\\\/\\\/dpress.ma\\\/fr\\\/2026\\\/09\\\/01\\\/la-26e-edition-du-festival-national-du-film-de-tanger-reportee-a-mars-prochain\\\/#breadcrumb\",\"itemListElement\":[{\"@type\":\"ListItem\",\"position\":1,\"name\":\"Home\",\"item\":\"https:\\\/\\\/dpress.ma\\\/fr\\\/\"},{\"@type\":\"ListItem\",\"position\":2,\"name\":\"La 26e \u00e9dition du Festival national du film de Tanger report\u00e9e \u00e0 mars prochain\"}]},{\"@type\":\"WebSite\",\"@id\":\"https:\\\/\\\/dpress.ma\\\/fr\\\/#website\",\"url\":\"https:\\\/\\\/dpress.ma\\\/fr\\\/\",\"name\":\"Dpress.ma\\\/fr\",\"description\":\"\",\"potentialAction\":[{\"@type\":\"SearchAction\",\"target\":{\"@type\":\"EntryPoint\",\"urlTemplate\":\"https:\\\/\\\/dpress.ma\\\/fr\\\/?s={search_term_string}\"},\"query-input\":{\"@type\":\"PropertyValueSpecification\",\"valueRequired\":true,\"valueName\":\"search_term_string\"}}],\"inLanguage\":\"fr-FR\"},{\"@type\":\"Person\",\"@id\":\"https:\\\/\\\/dpress.ma\\\/fr\\\/#\\\/schema\\\/person\\\/4898febf3ccd59e6578d838656a306a0\",\"name\":\"Dpress.ma\",\"image\":{\"@type\":\"ImageObject\",\"inLanguage\":\"fr-FR\",\"@id\":\"https:\\\/\\\/secure.gravatar.com\\\/avatar\\\/72ecc30e9db047a2e0e7176561eb9d564ed77c8108376495b19bd8336405198a?s=96&d=mm&r=g\",\"url\":\"https:\\\/\\\/secure.gravatar.com\\\/avatar\\\/72ecc30e9db047a2e0e7176561eb9d564ed77c8108376495b19bd8336405198a?s=96&d=mm&r=g\",\"contentUrl\":\"https:\\\/\\\/secure.gravatar.com\\\/avatar\\\/72ecc30e9db047a2e0e7176561eb9d564ed77c8108376495b19bd8336405198a?s=96&d=mm&r=g\",\"caption\":\"Dpress.ma\"},\"sameAs\":[\"https:\\\/\\\/www.dpress.ma\"],\"url\":\"https:\\\/\\\/dpress.ma\\\/fr\\\/author\\\/dpress-ma\\\/\"}]}<\/script>\n<!-- \/ Yoast SEO plugin. -->","yoast_head_json":{"title":"La 26e \u00e9dition du Festival national du film de Tanger report\u00e9e \u00e0 mars prochain - Dpress.ma\/fr","robots":{"index":"index","follow":"follow","max-snippet":"max-snippet:-1","max-image-preview":"max-image-preview:large","max-video-preview":"max-video-preview:-1"},"canonical":"https:\/\/dpress.ma\/fr\/2026\/09\/01\/la-26e-edition-du-festival-national-du-film-de-tanger-reportee-a-mars-prochain\/","og_locale":"fr_FR","og_type":"article","og_title":"La 26e \u00e9dition du Festival national du film de Tanger report\u00e9e \u00e0 mars prochain - Dpress.ma\/fr","og_description":"Dpress Le Centre cin\u00e9matographique marocain (CCM) a d\u00e9cid\u00e9 de reprogrammer la 26e \u00e9dition&nbsp;du Festival national du film de Tanger&nbsp;au mois de mars 2027, au lieu de la p\u00e9riode initialement pr\u00e9vue du 23 au 31 octobre 2026. Cette d\u00e9cision intervient \u00e0 la suite des demandes et propositions formul\u00e9es par plusieurs organisations professionnelles et acteurs de l\u2019industrie &hellip;","og_url":"https:\/\/dpress.ma\/fr\/2026\/09\/01\/la-26e-edition-du-festival-national-du-film-de-tanger-reportee-a-mars-prochain\/","og_site_name":"Dpress.ma\/fr","article_published_time":"2026-09-01T15:07:47+00:00","article_modified_time":"2026-09-01T15:07:49+00:00","og_image":[{"width":2539,"height":1594,"url":"https:\/\/dpress.ma\/fr\/wp-content\/uploads\/sites\/2\/2026\/08\/ccm.jpg","type":"image\/jpeg"}],"author":"Dpress.ma","twitter_card":"summary_large_image","twitter_misc":{"\u00c9crit par":"Dpress.ma","Dur\u00e9e de lecture estim\u00e9e":"3 minutes"},"schema":{"@context":"https:\/\/schema.org","@graph":[{"@type":"Article","@id":"https:\/\/dpress.ma\/fr\/2026\/09\/01\/la-26e-edition-du-festival-national-du-film-de-tanger-reportee-a-mars-prochain\/#article","isPartOf":{"@id":"https:\/\/dpress.ma\/fr\/2026\/09\/01\/la-26e-edition-du-festival-national-du-film-de-tanger-reportee-a-mars-prochain\/"},"author":{"name":"Dpress.ma","@id":"https:\/\/dpress.ma\/fr\/#\/schema\/person\/4898febf3ccd59e6578d838656a306a0"},"headline":"La 26e \u00e9dition du Festival national du film de Tanger report\u00e9e \u00e0 mars prochain","datePublished":"2026-09-01T15:07:47+00:00","dateModified":"2026-09-01T15:07:49+00:00","mainEntityOfPage":{"@id":"https:\/\/dpress.ma\/fr\/2026\/09\/01\/la-26e-edition-du-festival-national-du-film-de-tanger-reportee-a-mars-prochain\/"},"wordCount":460,"commentCount":0,"image":{"@id":"https:\/\/dpress.ma\/fr\/2026\/09\/01\/la-26e-edition-du-festival-national-du-film-de-tanger-reportee-a-mars-prochain\/#primaryimage"},"thumbnailUrl":"https:\/\/dpress.ma\/fr\/wp-content\/uploads\/sites\/2\/2026\/08\/ccm.jpg","articleSection":["Art et Culture"],"inLanguage":"fr-FR","potentialAction":[{"@type":"CommentAction","name":"Comment","target":["https:\/\/dpress.ma\/fr\/2026\/09\/01\/la-26e-edition-du-festival-national-du-film-de-tanger-reportee-a-mars-prochain\/#respond"]}]},{"@type":"WebPage","@id":"https:\/\/dpress.ma\/fr\/2026\/09\/01\/la-26e-edition-du-festival-national-du-film-de-tanger-reportee-a-mars-prochain\/","url":"https:\/\/dpress.ma\/fr\/2026\/09\/01\/la-26e-edition-du-festival-national-du-film-de-tanger-reportee-a-mars-prochain\/","name":"La 26e \u00e9dition du Festival national du film de Tanger report\u00e9e \u00e0 mars prochain - Dpress.ma\/fr","isPartOf":{"@id":"https:\/\/dpress.ma\/fr\/#website"},"primaryImageOfPage":{"@id":"https:\/\/dpress.ma\/fr\/2026\/09\/01\/la-26e-edition-du-festival-national-du-film-de-tanger-reportee-a-mars-prochain\/#primaryimage"},"image":{"@id":"https:\/\/dpress.ma\/fr\/2026\/09\/01\/la-26e-edition-du-festival-national-du-film-de-tanger-reportee-a-mars-prochain\/#primaryimage"},"thumbnailUrl":"https:\/\/dpress.ma\/fr\/wp-content\/uploads\/sites\/2\/2026\/08\/ccm.jpg","datePublished":"2026-09-01T15:07:47+00:00","dateModified":"2026-09-01T15:07:49+00:00","author":{"@id":"https:\/\/dpress.ma\/fr\/#\/schema\/person\/4898febf3ccd59e6578d838656a306a0"},"breadcrumb":{"@id":"https:\/\/dpress.ma\/fr\/2026\/09\/01\/la-26e-edition-du-festival-national-du-film-de-tanger-reportee-a-mars-prochain\/#breadcrumb"},"inLanguage":"fr-FR","potentialAction":[{"@type":"ReadAction","target":["https:\/\/dpress.ma\/fr\/2026\/09\/01\/la-26e-edition-du-festival-national-du-film-de-tanger-reportee-a-mars-prochain\/"]}]},{"@type":"ImageObject","inLanguage":"fr-FR","@id":"https:\/\/dpress.ma\/fr\/2026\/09\/01\/la-26e-edition-du-festival-national-du-film-de-tanger-reportee-a-mars-prochain\/#primaryimage","url":"https:\/\/dpress.ma\/fr\/wp-content\/uploads\/sites\/2\/2026\/08\/ccm.jpg","contentUrl":"https:\/\/dpress.ma\/fr\/wp-content\/uploads\/sites\/2\/2026\/08\/ccm.jpg","width":2539,"height":1594},{"@type":"BreadcrumbList","@id":"https:\/\/dpress.ma\/fr\/2026\/09\/01\/la-26e-edition-du-festival-national-du-film-de-tanger-reportee-a-mars-prochain\/#breadcrumb","itemListElement":[{"@type":"ListItem","position":1,"name":"Home","item":"https:\/\/dpress.ma\/fr\/"},{"@type":"ListItem","position":2,"name":"La 26e \u00e9dition du Festival national du film de Tanger report\u00e9e \u00e0 mars prochain"}]},{"@type":"WebSite","@id":"https:\/\/dpress.ma\/fr\/#website","url":"https:\/\/dpress.ma\/fr\/","name":"Dpress.ma\/fr","description":"","potentialAction":[{"@type":"SearchAction","target":{"@type":"EntryPoint","urlTemplate":"https:\/\/dpress.ma\/fr\/?s={search_term_string}"},"query-input":{"@type":"PropertyValueSpecification","valueRequired":true,"valueName":"search_term_string"}}],"inLanguage":"fr-FR"},{"@type":"Person","@id":"https:\/\/dpress.ma\/fr\/#\/schema\/person\/4898febf3ccd59e6578d838656a306a0","name":"Dpress.ma","image":{"@type":"ImageObject","inLanguage":"fr-FR","@id":"https:\/\/secure.gravatar.com\/avatar\/72ecc30e9db047a2e0e7176561eb9d564ed77c8108376495b19bd8336405198a?s=96&d=mm&r=g","url":"https:\/\/secure.gravatar.com\/avatar\/72ecc30e9db047a2e0e7176561eb9d564ed77c8108376495b19bd8336405198a?s=96&d=mm&r=g","contentUrl":"https:\/\/secure.gravatar.com\/avatar\/72ecc30e9db047a2e0e7176561eb9d564ed77c8108376495b19bd8336405198a?s=96&d=mm&r=g","caption":"Dpress.ma"},"sameAs":["https:\/\/www.dpress.ma"],"url":"https:\/\/dpress.ma\/fr\/author\/dpress-ma\/"}]}},"amp_enabled":true,"_links":{"self":[{"href":"https:\/\/dpress.ma\/fr\/wp-json\/wp\/v2\/posts\/38826","targetHints":{"allow":["GET"]}}],"collection":[{"href":"https:\/\/dpress.ma\/fr\/wp-json\/wp\/v2\/posts"}],"about":[{"href":"https:\/\/dpress.ma\/fr\/wp-json\/wp\/v2\/types\/post"}],"author":[{"embeddable":true,"href":"https:\/\/dpress.ma\/fr\/wp-json\/wp\/v2\/users\/2"}],"replies":[{"embeddable":true,"href":"https:\/\/dpress.ma\/fr\/wp-json\/wp\/v2\/comments?post=38826"}],"version-history":[{"count":1,"href":"https:\/\/dpress.ma\/fr\/wp-json\/wp\/v2\/posts\/38826\/revisions"}],"predecessor-version":[{"id":38827,"href":"https:\/\/dpress.ma\/fr\/wp-json\/wp\/v2\/posts\/38826\/revisions\/38827"}],"wp:featuredmedia":[{"embeddable":true,"href":"https:\/\/dpress.ma\/fr\/wp-json\/wp\/v2\/media\/37875"}],"wp:attachment":[{"href":"https:\/\/dpress.ma\/fr\/wp-json\/wp\/v2\/media?parent=38826"}],"wp:term":[{"taxonomy":"category","embeddable":true,"href":"https:\/\/dpress.ma\/fr\/wp-json\/wp\/v2\/categories?post=38826"},{"taxonomy":"post_tag","embeddable":true,"href":"https:\/\/dpress.ma\/fr\/wp-json\/wp\/v2\/tags?post=38826"}],"curies":[{"name":"wp","href":"https:\/\/api.w.org\/{rel}","templated":true}]}}