{"id":38820,"date":"2026-09-01T13:23:33","date_gmt":"2026-09-01T13:23:33","guid":{"rendered":"https:\/\/dpress.ma\/fr\/?p=38820"},"modified":"2026-09-01T13:23:37","modified_gmt":"2026-09-01T13:23:37","slug":"elections-les-nouvelles-dispositions-legislatives-comme-leviers-de-consolidation-de-la-confiance-institutionnelle","status":"publish","type":"post","link":"https:\/\/dpress.ma\/fr\/2026\/09\/01\/elections-les-nouvelles-dispositions-legislatives-comme-leviers-de-consolidation-de-la-confiance-institutionnelle\/","title":{"rendered":"\u00c9lections: Les nouvelles dispositions l\u00e9gislatives comme leviers de consolidation de la confiance institutionnelle"},"content":{"rendered":"\n<p class=\"wp-block-paragraph\">Dpress<\/p>\n\n\n\n<p class=\"wp-block-paragraph\">Le syst\u00e8me \u00e9lectoral marocain s&rsquo;est consolid\u00e9 \u00e0 la faveur de nouvelles dispositions visant \u00e0 consacrer un climat \u00e9lectoral sain de nature \u00e0 restaurer la confiance des citoyens dans les institutions \u00e9lues et \u00e0 immuniser le processus d\u00e9mocratique, a affirm\u00e9 Abdelaziz Karraki,&nbsp;professeur de sciences politiques \u00e0 la Facult\u00e9 de droit de Souissi-Rabat.<\/p>\n\n\n\n<p class=\"wp-block-paragraph\">La pr\u00e9servation de l&rsquo;int\u00e9grit\u00e9 du processus \u00e9lectoral s&rsquo;inscrit en effet au c\u0153ur de la protection des droits et libert\u00e9s des citoyens, a-t-il soulign\u00e9 dans un entretien \u00e0 la MAP, mettant en avant l&rsquo;imp\u00e9ratif de coupler l&rsquo;arsenal l\u00e9gislatif dissuasif \u00e0 de vastes campagnes de communication et de sensibilisation.<\/p>\n\n\n\n<p class=\"wp-block-paragraph\">Ces campagnes doivent non seulement jeter la lumi\u00e8re sur la gravit\u00e9 des atteintes \u00e0 l\u2019int\u00e9grit\u00e9 du scrutin et sur les sanctions y aff\u00e9rentes, mais \u00e9galement doivent \u00e9galement ancrer une culture de respect et de sanctuarisation du choix d\u00e9mocratique.<\/p>\n\n\n\n<p class=\"wp-block-paragraph\">Selon l&rsquo;universitaire, le d\u00e9fi majeur est d\u2019op\u00e9rer une mutation qualitative dans la conscience collective et la culture politique, gr\u00e2ce \u00e0 une double approche compl\u00e9mentaire.<\/p>\n\n\n\n<p class=\"wp-block-paragraph\">La premi\u00e8re, a-t-il expliqu\u00e9, est d\u2019ordre juridique, \u00e0 travers l&rsquo;application rigoureuse de sanctions face \u00e0 toute violation des r\u00e8gles r\u00e9gissant le processus \u00e9lectoral, tandis que la seconde, de nature \u00e9thico-politique, passe par un consensus entre les diff\u00e9rents acteurs et formations politiques autour d&rsquo;un socle minimal de valeurs communes devant encadrer l&rsquo;op\u00e9ration \u00e9lectorale.<\/p>\n\n\n\n<p class=\"wp-block-paragraph\">M. Karraki a mis en relief l&rsquo;importance des mesures prises en vue de la moralisation de la vie publique, notamment l\u2019interdiction de se porter candidat&nbsp;pour toute personne poursuivie en flagrant d\u00e9lit ou condamn\u00e9e -que ce soit en premi\u00e8re instance ou en appel- pour des d\u00e9lits sp\u00e9cifiques.<\/p>\n\n\n\n<p class=\"wp-block-paragraph\">Loin d&rsquo;\u00eatre une simple infraction technique, l&rsquo;atteinte \u00e0 l\u2019int\u00e9grit\u00e9 du scrutin constitue une violation directe du droit des citoyens \u00e0 \u00e9lire leurs repr\u00e9sentants en toute libert\u00e9, a-t-il dit.<\/p>\n\n\n\n<p class=\"wp-block-paragraph\">L&rsquo;universitaire s&rsquo;est \u00e9galement attard\u00e9 sur la criminalisation de l&rsquo;usage malveillant des r\u00e9seaux sociaux, des outils de l&rsquo;intelligence artificielle et des plateformes num\u00e9riques lors des campagnes \u00e9lectorales, qu&rsquo;il s&rsquo;agisse de la diffusion de contenus falsifi\u00e9s, de la propagation de fake news, ou de montages d&rsquo;images et de propos \u00e0 des fins de diffamation ou d&rsquo;ing\u00e9rence dans la vie priv\u00e9e des \u00e9lecteurs.<\/p>\n\n\n\n<p class=\"wp-block-paragraph\">De l&rsquo;avis de M. Karraki, ces d\u00e9rives exigent une vigilance accrue, d\u2019o\u00f9 l\u2019importance d\u2019une strat\u00e9gie globale alliant dissuasion juridique, \u00e9ducation aux m\u00e9dias et engagement \u00e9thique des acteurs politiques et institutionnels.<\/p>\n\n\n\n<p class=\"wp-block-paragraph\">Bien qu&rsquo;offrant des opportunit\u00e9s importantes aux soci\u00e9t\u00e9s et individus, les nouvelles technologies peuvent se muer en instruments d&rsquo;influence illicite et de manipulation de l&rsquo;opinion publique, a-t-il mis en garde.<\/p>\n\n\n\n<p class=\"wp-block-paragraph\">Par ailleurs, les enjeux de moralisation sont intrins\u00e8quement corr\u00e9l\u00e9s \u00e0 un dessein plus vaste: consolider la confiance politique et favoriser l&rsquo;\u00e9mergence d&rsquo;une nouvelle \u00e9lite en mesure d\u2019accompagner les profondes mutations que conna\u00eet le Royaume, a-t-il relev\u00e9, notant que les r\u00e9formes engag\u00e9es, touchant notamment au financement des campagnes \u00e9lectorales et \u00e0 l&rsquo;\u00e9largissement des m\u00e9canismes de participation politique, contribuent activement \u00e0 renforcer la confiance dans le processus \u00e9lectoral.<\/p>\n\n\n\n<p class=\"wp-block-paragraph\">Dans ce cadre, M. Karraki a estim\u00e9 que l&rsquo;ouverture des inscriptions exceptionnelles sur les listes \u00e9lectorales repr\u00e9sente un enjeu strat\u00e9gique pour la jeunesse, en tant qu\u2019\u00e9tape cruciale pour encourager de larges franges de jeunes \u00e9ligibles \u00e0 participer aux prochaines \u00e9ch\u00e9ances et \u00e0 exercer leur droit constitutionnel.<\/p>\n\n\n\n<p class=\"wp-block-paragraph\">Fort d&rsquo;une trajectoire d\u00e9mocratique et institutionnelle consolid\u00e9e, le Maroc doit compter d\u00e9sormais sur des&nbsp;comp\u00e9tences manag\u00e9riales et politiques pour accompagner les r\u00e9formes et chantiers engag\u00e9s dans le Royaume et&nbsp;relever les d\u00e9fis de cette nouvelle \u00e9tape historique, a-t-il conclu.<\/p>\n\n\n\n<p class=\"wp-block-paragraph\">Fruit d&rsquo;un retour d&rsquo;exp\u00e9riences sur les scrutins pass\u00e9s, les nouvelles dispositions s\u2019inspirent des standards des d\u00e9mocraties les plus ancr\u00e9es.<\/p>\n\n\n\n<p class=\"wp-block-paragraph\">Parmi ces nouveaut\u00e9s figure la prolongation de la dur\u00e9e d&rsquo;in\u00e9ligibilit\u00e9 pour les \u00e9lus destitu\u00e9s de leurs mandats. Cette p\u00e9riode d&rsquo;interdiction a \u00e9t\u00e9 port\u00e9e \u00e0 deux mandats \u00e9lectoraux complets, dans le but de bloquer le retour pr\u00e9matur\u00e9 aux postes de responsabilit\u00e9 des personnes r\u00e9voqu\u00e9es pour fautes graves et d&rsquo;inciter les \u00e9lus \u00e0 faire preuve d\u2019une probit\u00e9 rigoureuse dans la gestion de la chose publique.<\/p>\n\n\n\n<p class=\"wp-block-paragraph\">Le syst\u00e8me pr\u00e9voit \u00e9galement un durcissement des sanctions li\u00e9es aux d\u00e9lits \u00e9lectoraux. Sur les 32 articles que compte le texte, 28 ont \u00e9t\u00e9 modifi\u00e9s, actant le doublement des peines privatives de libert\u00e9 et des amendes financi\u00e8res. Face \u00e0 la gravit\u00e9 de certaines violations, plusieurs d\u00e9lits \u00e9lectoraux ont \u00e9t\u00e9 requalifi\u00e9s en crimes, un tournant coercitif pens\u00e9 pour dissuader toute tentative de manipulation des op\u00e9rations de vote et des r\u00e9sultats.<\/p>\n\n\n\n<p class=\"wp-block-paragraph\">Pour renforcer la transparence des op\u00e9rations de vote, le nouveau syst\u00e8me introduit une disposition in\u00e9dite. D\u00e9sormais, le vote doit obligatoirement s&rsquo;effectuer au sein d&rsquo;un isoloir ouvert du c\u00f4t\u00e9 oppos\u00e9 aux membres du bureau de vote et aux repr\u00e9sentants des candidats, permettant ainsi de parer \u00e0 tout comportement susceptible de compromettre le secret du vote.<\/p>\n\n\n\n<p class=\"wp-block-paragraph\">Cette disposition in\u00e9dite emp\u00eache notamment les \u00e9lecteurs de photographier leur bulletin avec un smartphone et proscrit toute interf\u00e9rence ou pression physique au moment du choix.<\/p>\n","protected":false},"excerpt":{"rendered":"<p>Dpress Le syst\u00e8me \u00e9lectoral marocain s&rsquo;est consolid\u00e9 \u00e0 la faveur de nouvelles dispositions visant \u00e0 consacrer un climat \u00e9lectoral sain de nature \u00e0 restaurer la confiance des citoyens dans les institutions \u00e9lues et \u00e0 immuniser le processus d\u00e9mocratique, a affirm\u00e9 Abdelaziz Karraki,&nbsp;professeur de sciences politiques \u00e0 la Facult\u00e9 de droit de Souissi-Rabat. La pr\u00e9servation de &hellip;<\/p>\n","protected":false},"author":2,"featured_media":38821,"comment_status":"open","ping_status":"open","sticky":false,"template":"","format":"standard","meta":{"footnotes":""},"categories":[41],"tags":[],"class_list":["post-38820","post","type-post","status-publish","format-standard","has-post-thumbnail","hentry","category-opinions-et-debats"],"yoast_head":"<!-- This site is optimized with the Yoast SEO plugin v28.0 - https:\/\/yoast.com\/product\/yoast-seo-wordpress\/ -->\n<title>\u00c9lections: Les nouvelles dispositions l\u00e9gislatives comme leviers de consolidation de la confiance institutionnelle - Dpress.ma\/fr<\/title>\n<meta name=\"robots\" content=\"index, follow, max-snippet:-1, max-image-preview:large, max-video-preview:-1\" \/>\n<link rel=\"canonical\" href=\"https:\/\/dpress.ma\/fr\/2026\/09\/01\/elections-les-nouvelles-dispositions-legislatives-comme-leviers-de-consolidation-de-la-confiance-institutionnelle\/\" \/>\n<meta property=\"og:locale\" content=\"fr_FR\" \/>\n<meta property=\"og:type\" content=\"article\" \/>\n<meta property=\"og:title\" content=\"\u00c9lections: Les nouvelles dispositions l\u00e9gislatives comme leviers de consolidation de la confiance institutionnelle - Dpress.ma\/fr\" \/>\n<meta property=\"og:description\" content=\"Dpress Le syst\u00e8me \u00e9lectoral marocain s&rsquo;est consolid\u00e9 \u00e0 la faveur de nouvelles dispositions visant \u00e0 consacrer un climat \u00e9lectoral sain de nature \u00e0 restaurer la confiance des citoyens dans les institutions \u00e9lues et \u00e0 immuniser le processus d\u00e9mocratique, a affirm\u00e9 Abdelaziz Karraki,&nbsp;professeur de sciences politiques \u00e0 la Facult\u00e9 de droit de Souissi-Rabat. La pr\u00e9servation de &hellip;\" \/>\n<meta property=\"og:url\" content=\"https:\/\/dpress.ma\/fr\/2026\/09\/01\/elections-les-nouvelles-dispositions-legislatives-comme-leviers-de-consolidation-de-la-confiance-institutionnelle\/\" \/>\n<meta property=\"og:site_name\" content=\"Dpress.ma\/fr\" \/>\n<meta property=\"article:published_time\" content=\"2026-09-01T13:23:33+00:00\" \/>\n<meta property=\"article:modified_time\" content=\"2026-09-01T13:23:37+00:00\" \/>\n<meta property=\"og:image\" content=\"https:\/\/dpress.ma\/fr\/wp-content\/uploads\/sites\/2\/2026\/09\/5.jpg\" \/>\n\t<meta property=\"og:image:width\" content=\"2539\" \/>\n\t<meta property=\"og:image:height\" content=\"1594\" \/>\n\t<meta property=\"og:image:type\" content=\"image\/jpeg\" \/>\n<meta name=\"author\" content=\"Dpress.ma\" \/>\n<meta name=\"twitter:card\" content=\"summary_large_image\" \/>\n<meta name=\"twitter:label1\" content=\"\u00c9crit par\" \/>\n\t<meta name=\"twitter:data1\" content=\"Dpress.ma\" \/>\n\t<meta name=\"twitter:label2\" content=\"Dur\u00e9e de lecture estim\u00e9e\" \/>\n\t<meta name=\"twitter:data2\" content=\"5 minutes\" \/>\n<script type=\"application\/ld+json\" class=\"yoast-schema-graph\">{\"@context\":\"https:\\\/\\\/schema.org\",\"@graph\":[{\"@type\":\"Article\",\"@id\":\"https:\\\/\\\/dpress.ma\\\/fr\\\/2026\\\/09\\\/01\\\/elections-les-nouvelles-dispositions-legislatives-comme-leviers-de-consolidation-de-la-confiance-institutionnelle\\\/#article\",\"isPartOf\":{\"@id\":\"https:\\\/\\\/dpress.ma\\\/fr\\\/2026\\\/09\\\/01\\\/elections-les-nouvelles-dispositions-legislatives-comme-leviers-de-consolidation-de-la-confiance-institutionnelle\\\/\"},\"author\":{\"name\":\"Dpress.ma\",\"@id\":\"https:\\\/\\\/dpress.ma\\\/fr\\\/#\\\/schema\\\/person\\\/4898febf3ccd59e6578d838656a306a0\"},\"headline\":\"\u00c9lections: Les nouvelles dispositions l\u00e9gislatives comme leviers de consolidation de la confiance institutionnelle\",\"datePublished\":\"2026-09-01T13:23:33+00:00\",\"dateModified\":\"2026-09-01T13:23:37+00:00\",\"mainEntityOfPage\":{\"@id\":\"https:\\\/\\\/dpress.ma\\\/fr\\\/2026\\\/09\\\/01\\\/elections-les-nouvelles-dispositions-legislatives-comme-leviers-de-consolidation-de-la-confiance-institutionnelle\\\/\"},\"wordCount\":885,\"commentCount\":0,\"image\":{\"@id\":\"https:\\\/\\\/dpress.ma\\\/fr\\\/2026\\\/09\\\/01\\\/elections-les-nouvelles-dispositions-legislatives-comme-leviers-de-consolidation-de-la-confiance-institutionnelle\\\/#primaryimage\"},\"thumbnailUrl\":\"https:\\\/\\\/dpress.ma\\\/fr\\\/wp-content\\\/uploads\\\/sites\\\/2\\\/2026\\\/09\\\/5.jpg\",\"articleSection\":[\"opinions-et-debats\"],\"inLanguage\":\"fr-FR\",\"potentialAction\":[{\"@type\":\"CommentAction\",\"name\":\"Comment\",\"target\":[\"https:\\\/\\\/dpress.ma\\\/fr\\\/2026\\\/09\\\/01\\\/elections-les-nouvelles-dispositions-legislatives-comme-leviers-de-consolidation-de-la-confiance-institutionnelle\\\/#respond\"]}]},{\"@type\":\"WebPage\",\"@id\":\"https:\\\/\\\/dpress.ma\\\/fr\\\/2026\\\/09\\\/01\\\/elections-les-nouvelles-dispositions-legislatives-comme-leviers-de-consolidation-de-la-confiance-institutionnelle\\\/\",\"url\":\"https:\\\/\\\/dpress.ma\\\/fr\\\/2026\\\/09\\\/01\\\/elections-les-nouvelles-dispositions-legislatives-comme-leviers-de-consolidation-de-la-confiance-institutionnelle\\\/\",\"name\":\"\u00c9lections: Les nouvelles dispositions l\u00e9gislatives comme leviers de consolidation de la confiance institutionnelle - Dpress.ma\\\/fr\",\"isPartOf\":{\"@id\":\"https:\\\/\\\/dpress.ma\\\/fr\\\/#website\"},\"primaryImageOfPage\":{\"@id\":\"https:\\\/\\\/dpress.ma\\\/fr\\\/2026\\\/09\\\/01\\\/elections-les-nouvelles-dispositions-legislatives-comme-leviers-de-consolidation-de-la-confiance-institutionnelle\\\/#primaryimage\"},\"image\":{\"@id\":\"https:\\\/\\\/dpress.ma\\\/fr\\\/2026\\\/09\\\/01\\\/elections-les-nouvelles-dispositions-legislatives-comme-leviers-de-consolidation-de-la-confiance-institutionnelle\\\/#primaryimage\"},\"thumbnailUrl\":\"https:\\\/\\\/dpress.ma\\\/fr\\\/wp-content\\\/uploads\\\/sites\\\/2\\\/2026\\\/09\\\/5.jpg\",\"datePublished\":\"2026-09-01T13:23:33+00:00\",\"dateModified\":\"2026-09-01T13:23:37+00:00\",\"author\":{\"@id\":\"https:\\\/\\\/dpress.ma\\\/fr\\\/#\\\/schema\\\/person\\\/4898febf3ccd59e6578d838656a306a0\"},\"breadcrumb\":{\"@id\":\"https:\\\/\\\/dpress.ma\\\/fr\\\/2026\\\/09\\\/01\\\/elections-les-nouvelles-dispositions-legislatives-comme-leviers-de-consolidation-de-la-confiance-institutionnelle\\\/#breadcrumb\"},\"inLanguage\":\"fr-FR\",\"potentialAction\":[{\"@type\":\"ReadAction\",\"target\":[\"https:\\\/\\\/dpress.ma\\\/fr\\\/2026\\\/09\\\/01\\\/elections-les-nouvelles-dispositions-legislatives-comme-leviers-de-consolidation-de-la-confiance-institutionnelle\\\/\"]}]},{\"@type\":\"ImageObject\",\"inLanguage\":\"fr-FR\",\"@id\":\"https:\\\/\\\/dpress.ma\\\/fr\\\/2026\\\/09\\\/01\\\/elections-les-nouvelles-dispositions-legislatives-comme-leviers-de-consolidation-de-la-confiance-institutionnelle\\\/#primaryimage\",\"url\":\"https:\\\/\\\/dpress.ma\\\/fr\\\/wp-content\\\/uploads\\\/sites\\\/2\\\/2026\\\/09\\\/5.jpg\",\"contentUrl\":\"https:\\\/\\\/dpress.ma\\\/fr\\\/wp-content\\\/uploads\\\/sites\\\/2\\\/2026\\\/09\\\/5.jpg\",\"width\":2539,\"height\":1594},{\"@type\":\"BreadcrumbList\",\"@id\":\"https:\\\/\\\/dpress.ma\\\/fr\\\/2026\\\/09\\\/01\\\/elections-les-nouvelles-dispositions-legislatives-comme-leviers-de-consolidation-de-la-confiance-institutionnelle\\\/#breadcrumb\",\"itemListElement\":[{\"@type\":\"ListItem\",\"position\":1,\"name\":\"Home\",\"item\":\"https:\\\/\\\/dpress.ma\\\/fr\\\/\"},{\"@type\":\"ListItem\",\"position\":2,\"name\":\"\u00c9lections: Les nouvelles dispositions l\u00e9gislatives comme leviers de consolidation de la confiance institutionnelle\"}]},{\"@type\":\"WebSite\",\"@id\":\"https:\\\/\\\/dpress.ma\\\/fr\\\/#website\",\"url\":\"https:\\\/\\\/dpress.ma\\\/fr\\\/\",\"name\":\"Dpress.ma\\\/fr\",\"description\":\"\",\"potentialAction\":[{\"@type\":\"SearchAction\",\"target\":{\"@type\":\"EntryPoint\",\"urlTemplate\":\"https:\\\/\\\/dpress.ma\\\/fr\\\/?s={search_term_string}\"},\"query-input\":{\"@type\":\"PropertyValueSpecification\",\"valueRequired\":true,\"valueName\":\"search_term_string\"}}],\"inLanguage\":\"fr-FR\"},{\"@type\":\"Person\",\"@id\":\"https:\\\/\\\/dpress.ma\\\/fr\\\/#\\\/schema\\\/person\\\/4898febf3ccd59e6578d838656a306a0\",\"name\":\"Dpress.ma\",\"image\":{\"@type\":\"ImageObject\",\"inLanguage\":\"fr-FR\",\"@id\":\"https:\\\/\\\/secure.gravatar.com\\\/avatar\\\/72ecc30e9db047a2e0e7176561eb9d564ed77c8108376495b19bd8336405198a?s=96&d=mm&r=g\",\"url\":\"https:\\\/\\\/secure.gravatar.com\\\/avatar\\\/72ecc30e9db047a2e0e7176561eb9d564ed77c8108376495b19bd8336405198a?s=96&d=mm&r=g\",\"contentUrl\":\"https:\\\/\\\/secure.gravatar.com\\\/avatar\\\/72ecc30e9db047a2e0e7176561eb9d564ed77c8108376495b19bd8336405198a?s=96&d=mm&r=g\",\"caption\":\"Dpress.ma\"},\"sameAs\":[\"https:\\\/\\\/www.dpress.ma\"],\"url\":\"https:\\\/\\\/dpress.ma\\\/fr\\\/author\\\/dpress-ma\\\/\"}]}<\/script>\n<!-- \/ Yoast SEO plugin. -->","yoast_head_json":{"title":"\u00c9lections: Les nouvelles dispositions l\u00e9gislatives comme leviers de consolidation de la confiance institutionnelle - Dpress.ma\/fr","robots":{"index":"index","follow":"follow","max-snippet":"max-snippet:-1","max-image-preview":"max-image-preview:large","max-video-preview":"max-video-preview:-1"},"canonical":"https:\/\/dpress.ma\/fr\/2026\/09\/01\/elections-les-nouvelles-dispositions-legislatives-comme-leviers-de-consolidation-de-la-confiance-institutionnelle\/","og_locale":"fr_FR","og_type":"article","og_title":"\u00c9lections: Les nouvelles dispositions l\u00e9gislatives comme leviers de consolidation de la confiance institutionnelle - Dpress.ma\/fr","og_description":"Dpress Le syst\u00e8me \u00e9lectoral marocain s&rsquo;est consolid\u00e9 \u00e0 la faveur de nouvelles dispositions visant \u00e0 consacrer un climat \u00e9lectoral sain de nature \u00e0 restaurer la confiance des citoyens dans les institutions \u00e9lues et \u00e0 immuniser le processus d\u00e9mocratique, a affirm\u00e9 Abdelaziz Karraki,&nbsp;professeur de sciences politiques \u00e0 la Facult\u00e9 de droit de Souissi-Rabat. La pr\u00e9servation de &hellip;","og_url":"https:\/\/dpress.ma\/fr\/2026\/09\/01\/elections-les-nouvelles-dispositions-legislatives-comme-leviers-de-consolidation-de-la-confiance-institutionnelle\/","og_site_name":"Dpress.ma\/fr","article_published_time":"2026-09-01T13:23:33+00:00","article_modified_time":"2026-09-01T13:23:37+00:00","og_image":[{"width":2539,"height":1594,"url":"https:\/\/dpress.ma\/fr\/wp-content\/uploads\/sites\/2\/2026\/09\/5.jpg","type":"image\/jpeg"}],"author":"Dpress.ma","twitter_card":"summary_large_image","twitter_misc":{"\u00c9crit par":"Dpress.ma","Dur\u00e9e de lecture estim\u00e9e":"5 minutes"},"schema":{"@context":"https:\/\/schema.org","@graph":[{"@type":"Article","@id":"https:\/\/dpress.ma\/fr\/2026\/09\/01\/elections-les-nouvelles-dispositions-legislatives-comme-leviers-de-consolidation-de-la-confiance-institutionnelle\/#article","isPartOf":{"@id":"https:\/\/dpress.ma\/fr\/2026\/09\/01\/elections-les-nouvelles-dispositions-legislatives-comme-leviers-de-consolidation-de-la-confiance-institutionnelle\/"},"author":{"name":"Dpress.ma","@id":"https:\/\/dpress.ma\/fr\/#\/schema\/person\/4898febf3ccd59e6578d838656a306a0"},"headline":"\u00c9lections: Les nouvelles dispositions l\u00e9gislatives comme leviers de consolidation de la confiance institutionnelle","datePublished":"2026-09-01T13:23:33+00:00","dateModified":"2026-09-01T13:23:37+00:00","mainEntityOfPage":{"@id":"https:\/\/dpress.ma\/fr\/2026\/09\/01\/elections-les-nouvelles-dispositions-legislatives-comme-leviers-de-consolidation-de-la-confiance-institutionnelle\/"},"wordCount":885,"commentCount":0,"image":{"@id":"https:\/\/dpress.ma\/fr\/2026\/09\/01\/elections-les-nouvelles-dispositions-legislatives-comme-leviers-de-consolidation-de-la-confiance-institutionnelle\/#primaryimage"},"thumbnailUrl":"https:\/\/dpress.ma\/fr\/wp-content\/uploads\/sites\/2\/2026\/09\/5.jpg","articleSection":["opinions-et-debats"],"inLanguage":"fr-FR","potentialAction":[{"@type":"CommentAction","name":"Comment","target":["https:\/\/dpress.ma\/fr\/2026\/09\/01\/elections-les-nouvelles-dispositions-legislatives-comme-leviers-de-consolidation-de-la-confiance-institutionnelle\/#respond"]}]},{"@type":"WebPage","@id":"https:\/\/dpress.ma\/fr\/2026\/09\/01\/elections-les-nouvelles-dispositions-legislatives-comme-leviers-de-consolidation-de-la-confiance-institutionnelle\/","url":"https:\/\/dpress.ma\/fr\/2026\/09\/01\/elections-les-nouvelles-dispositions-legislatives-comme-leviers-de-consolidation-de-la-confiance-institutionnelle\/","name":"\u00c9lections: Les nouvelles dispositions l\u00e9gislatives comme leviers de consolidation de la confiance institutionnelle - Dpress.ma\/fr","isPartOf":{"@id":"https:\/\/dpress.ma\/fr\/#website"},"primaryImageOfPage":{"@id":"https:\/\/dpress.ma\/fr\/2026\/09\/01\/elections-les-nouvelles-dispositions-legislatives-comme-leviers-de-consolidation-de-la-confiance-institutionnelle\/#primaryimage"},"image":{"@id":"https:\/\/dpress.ma\/fr\/2026\/09\/01\/elections-les-nouvelles-dispositions-legislatives-comme-leviers-de-consolidation-de-la-confiance-institutionnelle\/#primaryimage"},"thumbnailUrl":"https:\/\/dpress.ma\/fr\/wp-content\/uploads\/sites\/2\/2026\/09\/5.jpg","datePublished":"2026-09-01T13:23:33+00:00","dateModified":"2026-09-01T13:23:37+00:00","author":{"@id":"https:\/\/dpress.ma\/fr\/#\/schema\/person\/4898febf3ccd59e6578d838656a306a0"},"breadcrumb":{"@id":"https:\/\/dpress.ma\/fr\/2026\/09\/01\/elections-les-nouvelles-dispositions-legislatives-comme-leviers-de-consolidation-de-la-confiance-institutionnelle\/#breadcrumb"},"inLanguage":"fr-FR","potentialAction":[{"@type":"ReadAction","target":["https:\/\/dpress.ma\/fr\/2026\/09\/01\/elections-les-nouvelles-dispositions-legislatives-comme-leviers-de-consolidation-de-la-confiance-institutionnelle\/"]}]},{"@type":"ImageObject","inLanguage":"fr-FR","@id":"https:\/\/dpress.ma\/fr\/2026\/09\/01\/elections-les-nouvelles-dispositions-legislatives-comme-leviers-de-consolidation-de-la-confiance-institutionnelle\/#primaryimage","url":"https:\/\/dpress.ma\/fr\/wp-content\/uploads\/sites\/2\/2026\/09\/5.jpg","contentUrl":"https:\/\/dpress.ma\/fr\/wp-content\/uploads\/sites\/2\/2026\/09\/5.jpg","width":2539,"height":1594},{"@type":"BreadcrumbList","@id":"https:\/\/dpress.ma\/fr\/2026\/09\/01\/elections-les-nouvelles-dispositions-legislatives-comme-leviers-de-consolidation-de-la-confiance-institutionnelle\/#breadcrumb","itemListElement":[{"@type":"ListItem","position":1,"name":"Home","item":"https:\/\/dpress.ma\/fr\/"},{"@type":"ListItem","position":2,"name":"\u00c9lections: Les nouvelles dispositions l\u00e9gislatives comme leviers de consolidation de la confiance institutionnelle"}]},{"@type":"WebSite","@id":"https:\/\/dpress.ma\/fr\/#website","url":"https:\/\/dpress.ma\/fr\/","name":"Dpress.ma\/fr","description":"","potentialAction":[{"@type":"SearchAction","target":{"@type":"EntryPoint","urlTemplate":"https:\/\/dpress.ma\/fr\/?s={search_term_string}"},"query-input":{"@type":"PropertyValueSpecification","valueRequired":true,"valueName":"search_term_string"}}],"inLanguage":"fr-FR"},{"@type":"Person","@id":"https:\/\/dpress.ma\/fr\/#\/schema\/person\/4898febf3ccd59e6578d838656a306a0","name":"Dpress.ma","image":{"@type":"ImageObject","inLanguage":"fr-FR","@id":"https:\/\/secure.gravatar.com\/avatar\/72ecc30e9db047a2e0e7176561eb9d564ed77c8108376495b19bd8336405198a?s=96&d=mm&r=g","url":"https:\/\/secure.gravatar.com\/avatar\/72ecc30e9db047a2e0e7176561eb9d564ed77c8108376495b19bd8336405198a?s=96&d=mm&r=g","contentUrl":"https:\/\/secure.gravatar.com\/avatar\/72ecc30e9db047a2e0e7176561eb9d564ed77c8108376495b19bd8336405198a?s=96&d=mm&r=g","caption":"Dpress.ma"},"sameAs":["https:\/\/www.dpress.ma"],"url":"https:\/\/dpress.ma\/fr\/author\/dpress-ma\/"}]}},"amp_enabled":true,"_links":{"self":[{"href":"https:\/\/dpress.ma\/fr\/wp-json\/wp\/v2\/posts\/38820","targetHints":{"allow":["GET"]}}],"collection":[{"href":"https:\/\/dpress.ma\/fr\/wp-json\/wp\/v2\/posts"}],"about":[{"href":"https:\/\/dpress.ma\/fr\/wp-json\/wp\/v2\/types\/post"}],"author":[{"embeddable":true,"href":"https:\/\/dpress.ma\/fr\/wp-json\/wp\/v2\/users\/2"}],"replies":[{"embeddable":true,"href":"https:\/\/dpress.ma\/fr\/wp-json\/wp\/v2\/comments?post=38820"}],"version-history":[{"count":1,"href":"https:\/\/dpress.ma\/fr\/wp-json\/wp\/v2\/posts\/38820\/revisions"}],"predecessor-version":[{"id":38822,"href":"https:\/\/dpress.ma\/fr\/wp-json\/wp\/v2\/posts\/38820\/revisions\/38822"}],"wp:featuredmedia":[{"embeddable":true,"href":"https:\/\/dpress.ma\/fr\/wp-json\/wp\/v2\/media\/38821"}],"wp:attachment":[{"href":"https:\/\/dpress.ma\/fr\/wp-json\/wp\/v2\/media?parent=38820"}],"wp:term":[{"taxonomy":"category","embeddable":true,"href":"https:\/\/dpress.ma\/fr\/wp-json\/wp\/v2\/categories?post=38820"},{"taxonomy":"post_tag","embeddable":true,"href":"https:\/\/dpress.ma\/fr\/wp-json\/wp\/v2\/tags?post=38820"}],"curies":[{"name":"wp","href":"https:\/\/api.w.org\/{rel}","templated":true}]}}