{"id":38814,"date":"2026-09-01T13:20:07","date_gmt":"2026-09-01T13:20:07","guid":{"rendered":"https:\/\/dpress.ma\/fr\/?p=38814"},"modified":"2026-09-01T13:20:09","modified_gmt":"2026-09-01T13:20:09","slug":"marrakech-access-center-un-espace-de-proximite-pour-renforcer-les-competences-des-jeunes","status":"publish","type":"post","link":"https:\/\/dpress.ma\/fr\/2026\/09\/01\/marrakech-access-center-un-espace-de-proximite-pour-renforcer-les-competences-des-jeunes\/","title":{"rendered":"Marrakech : \u201cAccess Center\u201d, un espace de proximit\u00e9 pour renforcer les comp\u00e9tences des jeunes"},"content":{"rendered":"\n<p class=\"wp-block-paragraph\">Dpress<\/p>\n\n\n\n<p class=\"wp-block-paragraph\">Situ\u00e9 dans la commune de Loudaya (pr\u00e9fecture de Marrakech), le centre de formation \u00ab\u00a0Access Center\u00a0\u00bb \u0153uvre \u00e0 rapprocher les formations techniques et professionnelles des jeunes, \u00e0 travers un espace de proximit\u00e9 proposant une offre diversifi\u00e9e de formations dans plusieurs domaines, notamment l\u2019informatique, le design graphique, la photographie, le montage vid\u00e9o, les langues et le soutien scolaire.<\/p>\n\n\n\n<p class=\"wp-block-paragraph\">Port\u00e9 par Taib Elamiri, ce projet, qui a b\u00e9n\u00e9fici\u00e9 de l&rsquo;appui de l&rsquo;Initiative nationale pour le d\u00e9veloppement humain (INDH), vise \u00e0 r\u00e9pondre au manque de centres de formation technique dans cette commune, qui contraint les jeunes \u00e0 se d\u00e9placer vers la ville de Marrakech, pour acc\u00e9der \u00e0 ce type de services, avec les co\u00fbts financiers et la perte de temps que cela implique.<\/p>\n\n\n\n<p class=\"wp-block-paragraph\">Le centre ambitionne ainsi de renforcer les comp\u00e9tences des b\u00e9n\u00e9ficiaires, d\u2019am\u00e9liorer leurs perspectives d\u2019insertion professionnelle et de contribuer \u00e0 la cr\u00e9ation d\u2019une dynamique \u00e9conomique et sociale locale.<\/p>\n\n\n\n<p class=\"wp-block-paragraph\">Destin\u00e9 notamment aux professionnels, aux chercheurs d\u2019emploi, aux femmes rurales et aux \u00e9tudiants, \u00ab\u00a0Access Center\u00a0\u00bb met \u00e0 leur disposition plusieurs prestations de formation adapt\u00e9es \u00e0 leurs besoins, allant de l\u2019informatique au design graphique, en passant par la photographie, le montage vid\u00e9o, les langues et le soutien scolaire.<\/p>\n\n\n\n<p class=\"wp-block-paragraph\">D\u2019un co\u00fbt global de 97.568 dirhams, le projet a b\u00e9n\u00e9fici\u00e9 d\u2019une contribution de 87.811 dirhams de l&rsquo;INDH, soit 90% du financement, tandis que l\u2019apport en num\u00e9raire s\u2019\u00e9l\u00e8ve \u00e0 9.757 dirhams. L\u2019investissement a principalement permis l\u2019acquisition des \u00e9quipements et outils n\u00e9cessaires au fonctionnement du centre.<\/p>\n\n\n\n<p class=\"wp-block-paragraph\">Dans une d\u00e9claration \u00e0 la MAP, Taib Elamiri, porteur du projet, a indiqu\u00e9 que la cr\u00e9ation du centre r\u00e9pond \u00e0 la n\u00e9cessit\u00e9 de rapprocher les formations des habitants de la r\u00e9gion, particuli\u00e8rement les jeunes, en leur offrant la possibilit\u00e9 de d\u00e9velopper leurs comp\u00e9tences sans avoir \u00e0 se d\u00e9placer vers la ville.<\/p>\n\n\n\n<p class=\"wp-block-paragraph\">Il a soulign\u00e9 que cette structure propose plusieurs formations dans des domaines \u00e0 forte utilit\u00e9, notamment l\u2019informatique, le design, la photographie, le montage vid\u00e9o et les langues, ajoutant que l\u2019accompagnement dont a b\u00e9n\u00e9fici\u00e9 le projet a permis de disposer des \u00e9quipements n\u00e9cessaires et de cr\u00e9er un espace adapt\u00e9 aux besoins des b\u00e9n\u00e9ficiaires.<\/p>\n\n\n\n<p class=\"wp-block-paragraph\">Pour sa part, Halima, membre et community manager du centre, a expliqu\u00e9 que son activit\u00e9 au sein de ce dernier, lui permet de d\u00e9velopper ses comp\u00e9tences et de mettre \u00e0 profit les connaissances acquises \u00e0 travers les diff\u00e9rentes formations propos\u00e9es.<\/p>\n\n\n\n<p class=\"wp-block-paragraph\">Elle a relev\u00e9 qu\u00a0\u00bb&rsquo;Access Center\u00a0\u00bb lui a apport\u00e9 un accompagnement et un espace lui permettant d\u2019am\u00e9liorer ses connaissances et son savoir-faire, soulignant l\u2019importance de ce type d\u2019initiatives pour les jeunes et les membres de la communaut\u00e9 qui souhaitent apprendre, se former et d\u00e9velopper leurs perspectives professionnelles.<\/p>\n\n\n\n<p class=\"wp-block-paragraph\">Le centre s\u2019appuie sur une \u00e9quipe compos\u00e9e de plusieurs intervenants sp\u00e9cialis\u00e9s dans diff\u00e9rents domaines, notamment la photographie, le montage vid\u00e9o, les langues et le soutien scolaire.<\/p>\n\n\n\n<p class=\"wp-block-paragraph\">Parall\u00e8lement \u00e0 son offre de formation, \u00ab\u00a0Access Center\u00a0\u00bb d\u00e9veloppe plusieurs moyens de communication afin de renforcer sa visibilit\u00e9 et de toucher un nombre plus important de b\u00e9n\u00e9ficiaires, notamment \u00e0 travers son site internet, les r\u00e9seaux sociaux, les campagnes publicitaires et des partenariats avec diff\u00e9rentes structures locales.<\/p>\n\n\n\n<p class=\"wp-block-paragraph\">Ce projet entend ainsi contribuer \u00e0 faciliter l\u2019acc\u00e8s \u00e0 la formation de proximit\u00e9, \u00e0 renforcer les comp\u00e9tences des populations locales et \u00e0 cr\u00e9er de nouvelles opportunit\u00e9s favorisant l\u2019insertion professionnelle et le d\u00e9veloppement de l\u2019\u00e9conomie sociale au niveau territorial.<\/p>\n","protected":false},"excerpt":{"rendered":"<p>Dpress Situ\u00e9 dans la commune de Loudaya (pr\u00e9fecture de Marrakech), le centre de formation \u00ab\u00a0Access Center\u00a0\u00bb \u0153uvre \u00e0 rapprocher les formations techniques et professionnelles des jeunes, \u00e0 travers un espace de proximit\u00e9 proposant une offre diversifi\u00e9e de formations dans plusieurs domaines, notamment l\u2019informatique, le design graphique, la photographie, le montage vid\u00e9o, les langues et le &hellip;<\/p>\n","protected":false},"author":2,"featured_media":38815,"comment_status":"open","ping_status":"open","sticky":false,"template":"","format":"standard","meta":{"footnotes":""},"categories":[40],"tags":[],"class_list":["post-38814","post","type-post","status-publish","format-standard","has-post-thumbnail","hentry","category-societe-et-regions"],"yoast_head":"<!-- This site is optimized with the Yoast SEO plugin v28.0 - https:\/\/yoast.com\/product\/yoast-seo-wordpress\/ -->\n<title>Marrakech : \u201cAccess Center\u201d, un espace de proximit\u00e9 pour renforcer les comp\u00e9tences des jeunes - Dpress.ma\/fr<\/title>\n<meta name=\"robots\" content=\"index, follow, max-snippet:-1, max-image-preview:large, max-video-preview:-1\" \/>\n<link rel=\"canonical\" href=\"https:\/\/dpress.ma\/fr\/2026\/09\/01\/marrakech-access-center-un-espace-de-proximite-pour-renforcer-les-competences-des-jeunes\/\" \/>\n<meta property=\"og:locale\" content=\"fr_FR\" \/>\n<meta property=\"og:type\" content=\"article\" \/>\n<meta property=\"og:title\" content=\"Marrakech : \u201cAccess Center\u201d, un espace de proximit\u00e9 pour renforcer les comp\u00e9tences des jeunes - Dpress.ma\/fr\" \/>\n<meta property=\"og:description\" content=\"Dpress Situ\u00e9 dans la commune de Loudaya (pr\u00e9fecture de Marrakech), le centre de formation \u00ab\u00a0Access Center\u00a0\u00bb \u0153uvre \u00e0 rapprocher les formations techniques et professionnelles des jeunes, \u00e0 travers un espace de proximit\u00e9 proposant une offre diversifi\u00e9e de formations dans plusieurs domaines, notamment l\u2019informatique, le design graphique, la photographie, le montage vid\u00e9o, les langues et le &hellip;\" \/>\n<meta property=\"og:url\" content=\"https:\/\/dpress.ma\/fr\/2026\/09\/01\/marrakech-access-center-un-espace-de-proximite-pour-renforcer-les-competences-des-jeunes\/\" \/>\n<meta property=\"og:site_name\" content=\"Dpress.ma\/fr\" \/>\n<meta property=\"article:published_time\" content=\"2026-09-01T13:20:07+00:00\" \/>\n<meta property=\"article:modified_time\" content=\"2026-09-01T13:20:09+00:00\" \/>\n<meta property=\"og:image\" content=\"https:\/\/dpress.ma\/fr\/wp-content\/uploads\/sites\/2\/2026\/09\/4.jpg\" \/>\n\t<meta property=\"og:image:width\" content=\"2539\" \/>\n\t<meta property=\"og:image:height\" content=\"1594\" \/>\n\t<meta property=\"og:image:type\" content=\"image\/jpeg\" \/>\n<meta name=\"author\" content=\"Dpress.ma\" \/>\n<meta name=\"twitter:card\" content=\"summary_large_image\" \/>\n<meta name=\"twitter:label1\" content=\"\u00c9crit par\" \/>\n\t<meta name=\"twitter:data1\" content=\"Dpress.ma\" \/>\n\t<meta name=\"twitter:label2\" content=\"Dur\u00e9e de lecture estim\u00e9e\" \/>\n\t<meta name=\"twitter:data2\" content=\"3 minutes\" \/>\n<script type=\"application\/ld+json\" class=\"yoast-schema-graph\">{\"@context\":\"https:\\\/\\\/schema.org\",\"@graph\":[{\"@type\":\"Article\",\"@id\":\"https:\\\/\\\/dpress.ma\\\/fr\\\/2026\\\/09\\\/01\\\/marrakech-access-center-un-espace-de-proximite-pour-renforcer-les-competences-des-jeunes\\\/#article\",\"isPartOf\":{\"@id\":\"https:\\\/\\\/dpress.ma\\\/fr\\\/2026\\\/09\\\/01\\\/marrakech-access-center-un-espace-de-proximite-pour-renforcer-les-competences-des-jeunes\\\/\"},\"author\":{\"name\":\"Dpress.ma\",\"@id\":\"https:\\\/\\\/dpress.ma\\\/fr\\\/#\\\/schema\\\/person\\\/4898febf3ccd59e6578d838656a306a0\"},\"headline\":\"Marrakech : \u201cAccess Center\u201d, un espace de proximit\u00e9 pour renforcer les comp\u00e9tences des jeunes\",\"datePublished\":\"2026-09-01T13:20:07+00:00\",\"dateModified\":\"2026-09-01T13:20:09+00:00\",\"mainEntityOfPage\":{\"@id\":\"https:\\\/\\\/dpress.ma\\\/fr\\\/2026\\\/09\\\/01\\\/marrakech-access-center-un-espace-de-proximite-pour-renforcer-les-competences-des-jeunes\\\/\"},\"wordCount\":608,\"commentCount\":0,\"image\":{\"@id\":\"https:\\\/\\\/dpress.ma\\\/fr\\\/2026\\\/09\\\/01\\\/marrakech-access-center-un-espace-de-proximite-pour-renforcer-les-competences-des-jeunes\\\/#primaryimage\"},\"thumbnailUrl\":\"https:\\\/\\\/dpress.ma\\\/fr\\\/wp-content\\\/uploads\\\/sites\\\/2\\\/2026\\\/09\\\/4.jpg\",\"articleSection\":[\"societe et regions\"],\"inLanguage\":\"fr-FR\",\"potentialAction\":[{\"@type\":\"CommentAction\",\"name\":\"Comment\",\"target\":[\"https:\\\/\\\/dpress.ma\\\/fr\\\/2026\\\/09\\\/01\\\/marrakech-access-center-un-espace-de-proximite-pour-renforcer-les-competences-des-jeunes\\\/#respond\"]}]},{\"@type\":\"WebPage\",\"@id\":\"https:\\\/\\\/dpress.ma\\\/fr\\\/2026\\\/09\\\/01\\\/marrakech-access-center-un-espace-de-proximite-pour-renforcer-les-competences-des-jeunes\\\/\",\"url\":\"https:\\\/\\\/dpress.ma\\\/fr\\\/2026\\\/09\\\/01\\\/marrakech-access-center-un-espace-de-proximite-pour-renforcer-les-competences-des-jeunes\\\/\",\"name\":\"Marrakech : \u201cAccess Center\u201d, un espace de proximit\u00e9 pour renforcer les comp\u00e9tences des jeunes - Dpress.ma\\\/fr\",\"isPartOf\":{\"@id\":\"https:\\\/\\\/dpress.ma\\\/fr\\\/#website\"},\"primaryImageOfPage\":{\"@id\":\"https:\\\/\\\/dpress.ma\\\/fr\\\/2026\\\/09\\\/01\\\/marrakech-access-center-un-espace-de-proximite-pour-renforcer-les-competences-des-jeunes\\\/#primaryimage\"},\"image\":{\"@id\":\"https:\\\/\\\/dpress.ma\\\/fr\\\/2026\\\/09\\\/01\\\/marrakech-access-center-un-espace-de-proximite-pour-renforcer-les-competences-des-jeunes\\\/#primaryimage\"},\"thumbnailUrl\":\"https:\\\/\\\/dpress.ma\\\/fr\\\/wp-content\\\/uploads\\\/sites\\\/2\\\/2026\\\/09\\\/4.jpg\",\"datePublished\":\"2026-09-01T13:20:07+00:00\",\"dateModified\":\"2026-09-01T13:20:09+00:00\",\"author\":{\"@id\":\"https:\\\/\\\/dpress.ma\\\/fr\\\/#\\\/schema\\\/person\\\/4898febf3ccd59e6578d838656a306a0\"},\"breadcrumb\":{\"@id\":\"https:\\\/\\\/dpress.ma\\\/fr\\\/2026\\\/09\\\/01\\\/marrakech-access-center-un-espace-de-proximite-pour-renforcer-les-competences-des-jeunes\\\/#breadcrumb\"},\"inLanguage\":\"fr-FR\",\"potentialAction\":[{\"@type\":\"ReadAction\",\"target\":[\"https:\\\/\\\/dpress.ma\\\/fr\\\/2026\\\/09\\\/01\\\/marrakech-access-center-un-espace-de-proximite-pour-renforcer-les-competences-des-jeunes\\\/\"]}]},{\"@type\":\"ImageObject\",\"inLanguage\":\"fr-FR\",\"@id\":\"https:\\\/\\\/dpress.ma\\\/fr\\\/2026\\\/09\\\/01\\\/marrakech-access-center-un-espace-de-proximite-pour-renforcer-les-competences-des-jeunes\\\/#primaryimage\",\"url\":\"https:\\\/\\\/dpress.ma\\\/fr\\\/wp-content\\\/uploads\\\/sites\\\/2\\\/2026\\\/09\\\/4.jpg\",\"contentUrl\":\"https:\\\/\\\/dpress.ma\\\/fr\\\/wp-content\\\/uploads\\\/sites\\\/2\\\/2026\\\/09\\\/4.jpg\",\"width\":2539,\"height\":1594},{\"@type\":\"BreadcrumbList\",\"@id\":\"https:\\\/\\\/dpress.ma\\\/fr\\\/2026\\\/09\\\/01\\\/marrakech-access-center-un-espace-de-proximite-pour-renforcer-les-competences-des-jeunes\\\/#breadcrumb\",\"itemListElement\":[{\"@type\":\"ListItem\",\"position\":1,\"name\":\"Home\",\"item\":\"https:\\\/\\\/dpress.ma\\\/fr\\\/\"},{\"@type\":\"ListItem\",\"position\":2,\"name\":\"Marrakech : \u201cAccess Center\u201d, un espace de proximit\u00e9 pour renforcer les comp\u00e9tences des jeunes\"}]},{\"@type\":\"WebSite\",\"@id\":\"https:\\\/\\\/dpress.ma\\\/fr\\\/#website\",\"url\":\"https:\\\/\\\/dpress.ma\\\/fr\\\/\",\"name\":\"Dpress.ma\\\/fr\",\"description\":\"\",\"potentialAction\":[{\"@type\":\"SearchAction\",\"target\":{\"@type\":\"EntryPoint\",\"urlTemplate\":\"https:\\\/\\\/dpress.ma\\\/fr\\\/?s={search_term_string}\"},\"query-input\":{\"@type\":\"PropertyValueSpecification\",\"valueRequired\":true,\"valueName\":\"search_term_string\"}}],\"inLanguage\":\"fr-FR\"},{\"@type\":\"Person\",\"@id\":\"https:\\\/\\\/dpress.ma\\\/fr\\\/#\\\/schema\\\/person\\\/4898febf3ccd59e6578d838656a306a0\",\"name\":\"Dpress.ma\",\"image\":{\"@type\":\"ImageObject\",\"inLanguage\":\"fr-FR\",\"@id\":\"https:\\\/\\\/secure.gravatar.com\\\/avatar\\\/72ecc30e9db047a2e0e7176561eb9d564ed77c8108376495b19bd8336405198a?s=96&d=mm&r=g\",\"url\":\"https:\\\/\\\/secure.gravatar.com\\\/avatar\\\/72ecc30e9db047a2e0e7176561eb9d564ed77c8108376495b19bd8336405198a?s=96&d=mm&r=g\",\"contentUrl\":\"https:\\\/\\\/secure.gravatar.com\\\/avatar\\\/72ecc30e9db047a2e0e7176561eb9d564ed77c8108376495b19bd8336405198a?s=96&d=mm&r=g\",\"caption\":\"Dpress.ma\"},\"sameAs\":[\"https:\\\/\\\/www.dpress.ma\"],\"url\":\"https:\\\/\\\/dpress.ma\\\/fr\\\/author\\\/dpress-ma\\\/\"}]}<\/script>\n<!-- \/ Yoast SEO plugin. -->","yoast_head_json":{"title":"Marrakech : \u201cAccess Center\u201d, un espace de proximit\u00e9 pour renforcer les comp\u00e9tences des jeunes - Dpress.ma\/fr","robots":{"index":"index","follow":"follow","max-snippet":"max-snippet:-1","max-image-preview":"max-image-preview:large","max-video-preview":"max-video-preview:-1"},"canonical":"https:\/\/dpress.ma\/fr\/2026\/09\/01\/marrakech-access-center-un-espace-de-proximite-pour-renforcer-les-competences-des-jeunes\/","og_locale":"fr_FR","og_type":"article","og_title":"Marrakech : \u201cAccess Center\u201d, un espace de proximit\u00e9 pour renforcer les comp\u00e9tences des jeunes - Dpress.ma\/fr","og_description":"Dpress Situ\u00e9 dans la commune de Loudaya (pr\u00e9fecture de Marrakech), le centre de formation \u00ab\u00a0Access Center\u00a0\u00bb \u0153uvre \u00e0 rapprocher les formations techniques et professionnelles des jeunes, \u00e0 travers un espace de proximit\u00e9 proposant une offre diversifi\u00e9e de formations dans plusieurs domaines, notamment l\u2019informatique, le design graphique, la photographie, le montage vid\u00e9o, les langues et le &hellip;","og_url":"https:\/\/dpress.ma\/fr\/2026\/09\/01\/marrakech-access-center-un-espace-de-proximite-pour-renforcer-les-competences-des-jeunes\/","og_site_name":"Dpress.ma\/fr","article_published_time":"2026-09-01T13:20:07+00:00","article_modified_time":"2026-09-01T13:20:09+00:00","og_image":[{"width":2539,"height":1594,"url":"https:\/\/dpress.ma\/fr\/wp-content\/uploads\/sites\/2\/2026\/09\/4.jpg","type":"image\/jpeg"}],"author":"Dpress.ma","twitter_card":"summary_large_image","twitter_misc":{"\u00c9crit par":"Dpress.ma","Dur\u00e9e de lecture estim\u00e9e":"3 minutes"},"schema":{"@context":"https:\/\/schema.org","@graph":[{"@type":"Article","@id":"https:\/\/dpress.ma\/fr\/2026\/09\/01\/marrakech-access-center-un-espace-de-proximite-pour-renforcer-les-competences-des-jeunes\/#article","isPartOf":{"@id":"https:\/\/dpress.ma\/fr\/2026\/09\/01\/marrakech-access-center-un-espace-de-proximite-pour-renforcer-les-competences-des-jeunes\/"},"author":{"name":"Dpress.ma","@id":"https:\/\/dpress.ma\/fr\/#\/schema\/person\/4898febf3ccd59e6578d838656a306a0"},"headline":"Marrakech : \u201cAccess Center\u201d, un espace de proximit\u00e9 pour renforcer les comp\u00e9tences des jeunes","datePublished":"2026-09-01T13:20:07+00:00","dateModified":"2026-09-01T13:20:09+00:00","mainEntityOfPage":{"@id":"https:\/\/dpress.ma\/fr\/2026\/09\/01\/marrakech-access-center-un-espace-de-proximite-pour-renforcer-les-competences-des-jeunes\/"},"wordCount":608,"commentCount":0,"image":{"@id":"https:\/\/dpress.ma\/fr\/2026\/09\/01\/marrakech-access-center-un-espace-de-proximite-pour-renforcer-les-competences-des-jeunes\/#primaryimage"},"thumbnailUrl":"https:\/\/dpress.ma\/fr\/wp-content\/uploads\/sites\/2\/2026\/09\/4.jpg","articleSection":["societe et regions"],"inLanguage":"fr-FR","potentialAction":[{"@type":"CommentAction","name":"Comment","target":["https:\/\/dpress.ma\/fr\/2026\/09\/01\/marrakech-access-center-un-espace-de-proximite-pour-renforcer-les-competences-des-jeunes\/#respond"]}]},{"@type":"WebPage","@id":"https:\/\/dpress.ma\/fr\/2026\/09\/01\/marrakech-access-center-un-espace-de-proximite-pour-renforcer-les-competences-des-jeunes\/","url":"https:\/\/dpress.ma\/fr\/2026\/09\/01\/marrakech-access-center-un-espace-de-proximite-pour-renforcer-les-competences-des-jeunes\/","name":"Marrakech : \u201cAccess Center\u201d, un espace de proximit\u00e9 pour renforcer les comp\u00e9tences des jeunes - Dpress.ma\/fr","isPartOf":{"@id":"https:\/\/dpress.ma\/fr\/#website"},"primaryImageOfPage":{"@id":"https:\/\/dpress.ma\/fr\/2026\/09\/01\/marrakech-access-center-un-espace-de-proximite-pour-renforcer-les-competences-des-jeunes\/#primaryimage"},"image":{"@id":"https:\/\/dpress.ma\/fr\/2026\/09\/01\/marrakech-access-center-un-espace-de-proximite-pour-renforcer-les-competences-des-jeunes\/#primaryimage"},"thumbnailUrl":"https:\/\/dpress.ma\/fr\/wp-content\/uploads\/sites\/2\/2026\/09\/4.jpg","datePublished":"2026-09-01T13:20:07+00:00","dateModified":"2026-09-01T13:20:09+00:00","author":{"@id":"https:\/\/dpress.ma\/fr\/#\/schema\/person\/4898febf3ccd59e6578d838656a306a0"},"breadcrumb":{"@id":"https:\/\/dpress.ma\/fr\/2026\/09\/01\/marrakech-access-center-un-espace-de-proximite-pour-renforcer-les-competences-des-jeunes\/#breadcrumb"},"inLanguage":"fr-FR","potentialAction":[{"@type":"ReadAction","target":["https:\/\/dpress.ma\/fr\/2026\/09\/01\/marrakech-access-center-un-espace-de-proximite-pour-renforcer-les-competences-des-jeunes\/"]}]},{"@type":"ImageObject","inLanguage":"fr-FR","@id":"https:\/\/dpress.ma\/fr\/2026\/09\/01\/marrakech-access-center-un-espace-de-proximite-pour-renforcer-les-competences-des-jeunes\/#primaryimage","url":"https:\/\/dpress.ma\/fr\/wp-content\/uploads\/sites\/2\/2026\/09\/4.jpg","contentUrl":"https:\/\/dpress.ma\/fr\/wp-content\/uploads\/sites\/2\/2026\/09\/4.jpg","width":2539,"height":1594},{"@type":"BreadcrumbList","@id":"https:\/\/dpress.ma\/fr\/2026\/09\/01\/marrakech-access-center-un-espace-de-proximite-pour-renforcer-les-competences-des-jeunes\/#breadcrumb","itemListElement":[{"@type":"ListItem","position":1,"name":"Home","item":"https:\/\/dpress.ma\/fr\/"},{"@type":"ListItem","position":2,"name":"Marrakech : \u201cAccess Center\u201d, un espace de proximit\u00e9 pour renforcer les comp\u00e9tences des jeunes"}]},{"@type":"WebSite","@id":"https:\/\/dpress.ma\/fr\/#website","url":"https:\/\/dpress.ma\/fr\/","name":"Dpress.ma\/fr","description":"","potentialAction":[{"@type":"SearchAction","target":{"@type":"EntryPoint","urlTemplate":"https:\/\/dpress.ma\/fr\/?s={search_term_string}"},"query-input":{"@type":"PropertyValueSpecification","valueRequired":true,"valueName":"search_term_string"}}],"inLanguage":"fr-FR"},{"@type":"Person","@id":"https:\/\/dpress.ma\/fr\/#\/schema\/person\/4898febf3ccd59e6578d838656a306a0","name":"Dpress.ma","image":{"@type":"ImageObject","inLanguage":"fr-FR","@id":"https:\/\/secure.gravatar.com\/avatar\/72ecc30e9db047a2e0e7176561eb9d564ed77c8108376495b19bd8336405198a?s=96&d=mm&r=g","url":"https:\/\/secure.gravatar.com\/avatar\/72ecc30e9db047a2e0e7176561eb9d564ed77c8108376495b19bd8336405198a?s=96&d=mm&r=g","contentUrl":"https:\/\/secure.gravatar.com\/avatar\/72ecc30e9db047a2e0e7176561eb9d564ed77c8108376495b19bd8336405198a?s=96&d=mm&r=g","caption":"Dpress.ma"},"sameAs":["https:\/\/www.dpress.ma"],"url":"https:\/\/dpress.ma\/fr\/author\/dpress-ma\/"}]}},"amp_enabled":true,"_links":{"self":[{"href":"https:\/\/dpress.ma\/fr\/wp-json\/wp\/v2\/posts\/38814","targetHints":{"allow":["GET"]}}],"collection":[{"href":"https:\/\/dpress.ma\/fr\/wp-json\/wp\/v2\/posts"}],"about":[{"href":"https:\/\/dpress.ma\/fr\/wp-json\/wp\/v2\/types\/post"}],"author":[{"embeddable":true,"href":"https:\/\/dpress.ma\/fr\/wp-json\/wp\/v2\/users\/2"}],"replies":[{"embeddable":true,"href":"https:\/\/dpress.ma\/fr\/wp-json\/wp\/v2\/comments?post=38814"}],"version-history":[{"count":1,"href":"https:\/\/dpress.ma\/fr\/wp-json\/wp\/v2\/posts\/38814\/revisions"}],"predecessor-version":[{"id":38816,"href":"https:\/\/dpress.ma\/fr\/wp-json\/wp\/v2\/posts\/38814\/revisions\/38816"}],"wp:featuredmedia":[{"embeddable":true,"href":"https:\/\/dpress.ma\/fr\/wp-json\/wp\/v2\/media\/38815"}],"wp:attachment":[{"href":"https:\/\/dpress.ma\/fr\/wp-json\/wp\/v2\/media?parent=38814"}],"wp:term":[{"taxonomy":"category","embeddable":true,"href":"https:\/\/dpress.ma\/fr\/wp-json\/wp\/v2\/categories?post=38814"},{"taxonomy":"post_tag","embeddable":true,"href":"https:\/\/dpress.ma\/fr\/wp-json\/wp\/v2\/tags?post=38814"}],"curies":[{"name":"wp","href":"https:\/\/api.w.org\/{rel}","templated":true}]}}