{"id":38809,"date":"2026-09-01T11:32:40","date_gmt":"2026-09-01T11:32:40","guid":{"rendered":"https:\/\/dpress.ma\/fr\/?p=38809"},"modified":"2026-09-01T11:32:44","modified_gmt":"2026-09-01T11:32:44","slug":"vague-de-chaleur-de-mardi-a-vendredi-dans-plusieurs-provinces-du-royaume","status":"publish","type":"post","link":"https:\/\/dpress.ma\/fr\/2026\/09\/01\/vague-de-chaleur-de-mardi-a-vendredi-dans-plusieurs-provinces-du-royaume\/","title":{"rendered":"Vague de chaleur de mardi \u00e0 vendredi dans plusieurs provinces du Royaume"},"content":{"rendered":"\n<p class=\"wp-block-paragraph\">Dpress<\/p>\n\n\n\n<p class=\"wp-block-paragraph\">Une vague de chaleur est attendue, de mardi \u00e0 vendredi, dans plusieurs provinces du Royaume, a indiqu\u00e9 la Direction g\u00e9n\u00e9rale de la m\u00e9t\u00e9orologie (DGM).<\/p>\n\n\n\n<p class=\"wp-block-paragraph\">Ainsi, une vague de chaleur avec des temp\u00e9ratures oscillant entre 42 et 45 \u00b0C concerneront, de mardi \u00e0 vendredi, les provinces d&rsquo;Aousserd, Oued Ed-Dahab, Boujdour, Assa-Zag, Es-Semara, Tata et Zagora, a pr\u00e9cis\u00e9 la DGM dans un bulletin d&rsquo;alerte m\u00e9t\u00e9orologique de niveau de vigilance orange.<\/p>\n\n\n\n<p class=\"wp-block-paragraph\">Le m\u00eame ph\u00e9nom\u00e8ne, avec des temp\u00e9ratures comprises entre 38 et 42 \u00b0C, est pr\u00e9vu, de mercredi \u00e0 vendredi, dans les provinces de Marrakech, Rehamna, Sidi Bennour, Youssoufia, B\u00e9ni Mellal, Taroudant, K\u00e9nitra, Sidi Kacem, Sidi Slimane, Khouribga, Settat, El Kela\u00e2 des Sraghna, Kh\u00e9misset, Fquih Ben Salah, Mekn\u00e8s, Kh\u00e9nifra, F\u00e8s, Moulay Yacoub, Taounate, Larache, Ouezzane, Chichaoua et Sal\u00e9, a poursuivi la m\u00eame source.<\/p>\n","protected":false},"excerpt":{"rendered":"<p>Dpress Une vague de chaleur est attendue, de mardi \u00e0 vendredi, dans plusieurs provinces du Royaume, a indiqu\u00e9 la Direction g\u00e9n\u00e9rale de la m\u00e9t\u00e9orologie (DGM). Ainsi, une vague de chaleur avec des temp\u00e9ratures oscillant entre 42 et 45 \u00b0C concerneront, de mardi \u00e0 vendredi, les provinces d&rsquo;Aousserd, Oued Ed-Dahab, Boujdour, Assa-Zag, Es-Semara, Tata et Zagora, &hellip;<\/p>\n","protected":false},"author":2,"featured_media":38810,"comment_status":"open","ping_status":"open","sticky":false,"template":"","format":"standard","meta":{"footnotes":""},"categories":[40],"tags":[],"class_list":["post-38809","post","type-post","status-publish","format-standard","has-post-thumbnail","hentry","category-societe-et-regions"],"yoast_head":"<!-- This site is optimized with the Yoast SEO plugin v28.0 - https:\/\/yoast.com\/product\/yoast-seo-wordpress\/ -->\n<title>Vague de chaleur de mardi \u00e0 vendredi dans plusieurs provinces du Royaume - Dpress.ma\/fr<\/title>\n<meta name=\"robots\" content=\"index, follow, max-snippet:-1, max-image-preview:large, max-video-preview:-1\" \/>\n<link rel=\"canonical\" href=\"https:\/\/dpress.ma\/fr\/2026\/09\/01\/vague-de-chaleur-de-mardi-a-vendredi-dans-plusieurs-provinces-du-royaume\/\" \/>\n<meta property=\"og:locale\" content=\"fr_FR\" \/>\n<meta property=\"og:type\" content=\"article\" \/>\n<meta property=\"og:title\" content=\"Vague de chaleur de mardi \u00e0 vendredi dans plusieurs provinces du Royaume - Dpress.ma\/fr\" \/>\n<meta property=\"og:description\" content=\"Dpress Une vague de chaleur est attendue, de mardi \u00e0 vendredi, dans plusieurs provinces du Royaume, a indiqu\u00e9 la Direction g\u00e9n\u00e9rale de la m\u00e9t\u00e9orologie (DGM). Ainsi, une vague de chaleur avec des temp\u00e9ratures oscillant entre 42 et 45 \u00b0C concerneront, de mardi \u00e0 vendredi, les provinces d&rsquo;Aousserd, Oued Ed-Dahab, Boujdour, Assa-Zag, Es-Semara, Tata et Zagora, &hellip;\" \/>\n<meta property=\"og:url\" content=\"https:\/\/dpress.ma\/fr\/2026\/09\/01\/vague-de-chaleur-de-mardi-a-vendredi-dans-plusieurs-provinces-du-royaume\/\" \/>\n<meta property=\"og:site_name\" content=\"Dpress.ma\/fr\" \/>\n<meta property=\"article:published_time\" content=\"2026-09-01T11:32:40+00:00\" \/>\n<meta property=\"article:modified_time\" content=\"2026-09-01T11:32:44+00:00\" \/>\n<meta property=\"og:image\" content=\"https:\/\/dpress.ma\/fr\/wp-content\/uploads\/sites\/2\/2026\/09\/Vague-de-chaleur.jpg\" \/>\n\t<meta property=\"og:image:width\" content=\"2539\" \/>\n\t<meta property=\"og:image:height\" content=\"1594\" \/>\n\t<meta property=\"og:image:type\" content=\"image\/jpeg\" \/>\n<meta name=\"author\" content=\"Dpress.ma\" \/>\n<meta name=\"twitter:card\" content=\"summary_large_image\" \/>\n<meta name=\"twitter:label1\" content=\"\u00c9crit par\" \/>\n\t<meta name=\"twitter:data1\" content=\"Dpress.ma\" \/>\n\t<meta name=\"twitter:label2\" content=\"Dur\u00e9e de lecture estim\u00e9e\" \/>\n\t<meta name=\"twitter:data2\" content=\"1 minute\" \/>\n<script type=\"application\/ld+json\" class=\"yoast-schema-graph\">{\"@context\":\"https:\\\/\\\/schema.org\",\"@graph\":[{\"@type\":\"Article\",\"@id\":\"https:\\\/\\\/dpress.ma\\\/fr\\\/2026\\\/09\\\/01\\\/vague-de-chaleur-de-mardi-a-vendredi-dans-plusieurs-provinces-du-royaume\\\/#article\",\"isPartOf\":{\"@id\":\"https:\\\/\\\/dpress.ma\\\/fr\\\/2026\\\/09\\\/01\\\/vague-de-chaleur-de-mardi-a-vendredi-dans-plusieurs-provinces-du-royaume\\\/\"},\"author\":{\"name\":\"Dpress.ma\",\"@id\":\"https:\\\/\\\/dpress.ma\\\/fr\\\/#\\\/schema\\\/person\\\/4898febf3ccd59e6578d838656a306a0\"},\"headline\":\"Vague de chaleur de mardi \u00e0 vendredi dans plusieurs provinces du Royaume\",\"datePublished\":\"2026-09-01T11:32:40+00:00\",\"dateModified\":\"2026-09-01T11:32:44+00:00\",\"mainEntityOfPage\":{\"@id\":\"https:\\\/\\\/dpress.ma\\\/fr\\\/2026\\\/09\\\/01\\\/vague-de-chaleur-de-mardi-a-vendredi-dans-plusieurs-provinces-du-royaume\\\/\"},\"wordCount\":154,\"commentCount\":0,\"image\":{\"@id\":\"https:\\\/\\\/dpress.ma\\\/fr\\\/2026\\\/09\\\/01\\\/vague-de-chaleur-de-mardi-a-vendredi-dans-plusieurs-provinces-du-royaume\\\/#primaryimage\"},\"thumbnailUrl\":\"https:\\\/\\\/dpress.ma\\\/fr\\\/wp-content\\\/uploads\\\/sites\\\/2\\\/2026\\\/09\\\/Vague-de-chaleur.jpg\",\"articleSection\":[\"societe et regions\"],\"inLanguage\":\"fr-FR\",\"potentialAction\":[{\"@type\":\"CommentAction\",\"name\":\"Comment\",\"target\":[\"https:\\\/\\\/dpress.ma\\\/fr\\\/2026\\\/09\\\/01\\\/vague-de-chaleur-de-mardi-a-vendredi-dans-plusieurs-provinces-du-royaume\\\/#respond\"]}]},{\"@type\":\"WebPage\",\"@id\":\"https:\\\/\\\/dpress.ma\\\/fr\\\/2026\\\/09\\\/01\\\/vague-de-chaleur-de-mardi-a-vendredi-dans-plusieurs-provinces-du-royaume\\\/\",\"url\":\"https:\\\/\\\/dpress.ma\\\/fr\\\/2026\\\/09\\\/01\\\/vague-de-chaleur-de-mardi-a-vendredi-dans-plusieurs-provinces-du-royaume\\\/\",\"name\":\"Vague de chaleur de mardi \u00e0 vendredi dans plusieurs provinces du Royaume - Dpress.ma\\\/fr\",\"isPartOf\":{\"@id\":\"https:\\\/\\\/dpress.ma\\\/fr\\\/#website\"},\"primaryImageOfPage\":{\"@id\":\"https:\\\/\\\/dpress.ma\\\/fr\\\/2026\\\/09\\\/01\\\/vague-de-chaleur-de-mardi-a-vendredi-dans-plusieurs-provinces-du-royaume\\\/#primaryimage\"},\"image\":{\"@id\":\"https:\\\/\\\/dpress.ma\\\/fr\\\/2026\\\/09\\\/01\\\/vague-de-chaleur-de-mardi-a-vendredi-dans-plusieurs-provinces-du-royaume\\\/#primaryimage\"},\"thumbnailUrl\":\"https:\\\/\\\/dpress.ma\\\/fr\\\/wp-content\\\/uploads\\\/sites\\\/2\\\/2026\\\/09\\\/Vague-de-chaleur.jpg\",\"datePublished\":\"2026-09-01T11:32:40+00:00\",\"dateModified\":\"2026-09-01T11:32:44+00:00\",\"author\":{\"@id\":\"https:\\\/\\\/dpress.ma\\\/fr\\\/#\\\/schema\\\/person\\\/4898febf3ccd59e6578d838656a306a0\"},\"breadcrumb\":{\"@id\":\"https:\\\/\\\/dpress.ma\\\/fr\\\/2026\\\/09\\\/01\\\/vague-de-chaleur-de-mardi-a-vendredi-dans-plusieurs-provinces-du-royaume\\\/#breadcrumb\"},\"inLanguage\":\"fr-FR\",\"potentialAction\":[{\"@type\":\"ReadAction\",\"target\":[\"https:\\\/\\\/dpress.ma\\\/fr\\\/2026\\\/09\\\/01\\\/vague-de-chaleur-de-mardi-a-vendredi-dans-plusieurs-provinces-du-royaume\\\/\"]}]},{\"@type\":\"ImageObject\",\"inLanguage\":\"fr-FR\",\"@id\":\"https:\\\/\\\/dpress.ma\\\/fr\\\/2026\\\/09\\\/01\\\/vague-de-chaleur-de-mardi-a-vendredi-dans-plusieurs-provinces-du-royaume\\\/#primaryimage\",\"url\":\"https:\\\/\\\/dpress.ma\\\/fr\\\/wp-content\\\/uploads\\\/sites\\\/2\\\/2026\\\/09\\\/Vague-de-chaleur.jpg\",\"contentUrl\":\"https:\\\/\\\/dpress.ma\\\/fr\\\/wp-content\\\/uploads\\\/sites\\\/2\\\/2026\\\/09\\\/Vague-de-chaleur.jpg\",\"width\":2539,\"height\":1594},{\"@type\":\"BreadcrumbList\",\"@id\":\"https:\\\/\\\/dpress.ma\\\/fr\\\/2026\\\/09\\\/01\\\/vague-de-chaleur-de-mardi-a-vendredi-dans-plusieurs-provinces-du-royaume\\\/#breadcrumb\",\"itemListElement\":[{\"@type\":\"ListItem\",\"position\":1,\"name\":\"Home\",\"item\":\"https:\\\/\\\/dpress.ma\\\/fr\\\/\"},{\"@type\":\"ListItem\",\"position\":2,\"name\":\"Vague de chaleur de mardi \u00e0 vendredi dans plusieurs provinces du Royaume\"}]},{\"@type\":\"WebSite\",\"@id\":\"https:\\\/\\\/dpress.ma\\\/fr\\\/#website\",\"url\":\"https:\\\/\\\/dpress.ma\\\/fr\\\/\",\"name\":\"Dpress.ma\\\/fr\",\"description\":\"\",\"potentialAction\":[{\"@type\":\"SearchAction\",\"target\":{\"@type\":\"EntryPoint\",\"urlTemplate\":\"https:\\\/\\\/dpress.ma\\\/fr\\\/?s={search_term_string}\"},\"query-input\":{\"@type\":\"PropertyValueSpecification\",\"valueRequired\":true,\"valueName\":\"search_term_string\"}}],\"inLanguage\":\"fr-FR\"},{\"@type\":\"Person\",\"@id\":\"https:\\\/\\\/dpress.ma\\\/fr\\\/#\\\/schema\\\/person\\\/4898febf3ccd59e6578d838656a306a0\",\"name\":\"Dpress.ma\",\"image\":{\"@type\":\"ImageObject\",\"inLanguage\":\"fr-FR\",\"@id\":\"https:\\\/\\\/secure.gravatar.com\\\/avatar\\\/72ecc30e9db047a2e0e7176561eb9d564ed77c8108376495b19bd8336405198a?s=96&d=mm&r=g\",\"url\":\"https:\\\/\\\/secure.gravatar.com\\\/avatar\\\/72ecc30e9db047a2e0e7176561eb9d564ed77c8108376495b19bd8336405198a?s=96&d=mm&r=g\",\"contentUrl\":\"https:\\\/\\\/secure.gravatar.com\\\/avatar\\\/72ecc30e9db047a2e0e7176561eb9d564ed77c8108376495b19bd8336405198a?s=96&d=mm&r=g\",\"caption\":\"Dpress.ma\"},\"sameAs\":[\"https:\\\/\\\/www.dpress.ma\"],\"url\":\"https:\\\/\\\/dpress.ma\\\/fr\\\/author\\\/dpress-ma\\\/\"}]}<\/script>\n<!-- \/ Yoast SEO plugin. -->","yoast_head_json":{"title":"Vague de chaleur de mardi \u00e0 vendredi dans plusieurs provinces du Royaume - Dpress.ma\/fr","robots":{"index":"index","follow":"follow","max-snippet":"max-snippet:-1","max-image-preview":"max-image-preview:large","max-video-preview":"max-video-preview:-1"},"canonical":"https:\/\/dpress.ma\/fr\/2026\/09\/01\/vague-de-chaleur-de-mardi-a-vendredi-dans-plusieurs-provinces-du-royaume\/","og_locale":"fr_FR","og_type":"article","og_title":"Vague de chaleur de mardi \u00e0 vendredi dans plusieurs provinces du Royaume - Dpress.ma\/fr","og_description":"Dpress Une vague de chaleur est attendue, de mardi \u00e0 vendredi, dans plusieurs provinces du Royaume, a indiqu\u00e9 la Direction g\u00e9n\u00e9rale de la m\u00e9t\u00e9orologie (DGM). Ainsi, une vague de chaleur avec des temp\u00e9ratures oscillant entre 42 et 45 \u00b0C concerneront, de mardi \u00e0 vendredi, les provinces d&rsquo;Aousserd, Oued Ed-Dahab, Boujdour, Assa-Zag, Es-Semara, Tata et Zagora, &hellip;","og_url":"https:\/\/dpress.ma\/fr\/2026\/09\/01\/vague-de-chaleur-de-mardi-a-vendredi-dans-plusieurs-provinces-du-royaume\/","og_site_name":"Dpress.ma\/fr","article_published_time":"2026-09-01T11:32:40+00:00","article_modified_time":"2026-09-01T11:32:44+00:00","og_image":[{"width":2539,"height":1594,"url":"https:\/\/dpress.ma\/fr\/wp-content\/uploads\/sites\/2\/2026\/09\/Vague-de-chaleur.jpg","type":"image\/jpeg"}],"author":"Dpress.ma","twitter_card":"summary_large_image","twitter_misc":{"\u00c9crit par":"Dpress.ma","Dur\u00e9e de lecture estim\u00e9e":"1 minute"},"schema":{"@context":"https:\/\/schema.org","@graph":[{"@type":"Article","@id":"https:\/\/dpress.ma\/fr\/2026\/09\/01\/vague-de-chaleur-de-mardi-a-vendredi-dans-plusieurs-provinces-du-royaume\/#article","isPartOf":{"@id":"https:\/\/dpress.ma\/fr\/2026\/09\/01\/vague-de-chaleur-de-mardi-a-vendredi-dans-plusieurs-provinces-du-royaume\/"},"author":{"name":"Dpress.ma","@id":"https:\/\/dpress.ma\/fr\/#\/schema\/person\/4898febf3ccd59e6578d838656a306a0"},"headline":"Vague de chaleur de mardi \u00e0 vendredi dans plusieurs provinces du Royaume","datePublished":"2026-09-01T11:32:40+00:00","dateModified":"2026-09-01T11:32:44+00:00","mainEntityOfPage":{"@id":"https:\/\/dpress.ma\/fr\/2026\/09\/01\/vague-de-chaleur-de-mardi-a-vendredi-dans-plusieurs-provinces-du-royaume\/"},"wordCount":154,"commentCount":0,"image":{"@id":"https:\/\/dpress.ma\/fr\/2026\/09\/01\/vague-de-chaleur-de-mardi-a-vendredi-dans-plusieurs-provinces-du-royaume\/#primaryimage"},"thumbnailUrl":"https:\/\/dpress.ma\/fr\/wp-content\/uploads\/sites\/2\/2026\/09\/Vague-de-chaleur.jpg","articleSection":["societe et regions"],"inLanguage":"fr-FR","potentialAction":[{"@type":"CommentAction","name":"Comment","target":["https:\/\/dpress.ma\/fr\/2026\/09\/01\/vague-de-chaleur-de-mardi-a-vendredi-dans-plusieurs-provinces-du-royaume\/#respond"]}]},{"@type":"WebPage","@id":"https:\/\/dpress.ma\/fr\/2026\/09\/01\/vague-de-chaleur-de-mardi-a-vendredi-dans-plusieurs-provinces-du-royaume\/","url":"https:\/\/dpress.ma\/fr\/2026\/09\/01\/vague-de-chaleur-de-mardi-a-vendredi-dans-plusieurs-provinces-du-royaume\/","name":"Vague de chaleur de mardi \u00e0 vendredi dans plusieurs provinces du Royaume - Dpress.ma\/fr","isPartOf":{"@id":"https:\/\/dpress.ma\/fr\/#website"},"primaryImageOfPage":{"@id":"https:\/\/dpress.ma\/fr\/2026\/09\/01\/vague-de-chaleur-de-mardi-a-vendredi-dans-plusieurs-provinces-du-royaume\/#primaryimage"},"image":{"@id":"https:\/\/dpress.ma\/fr\/2026\/09\/01\/vague-de-chaleur-de-mardi-a-vendredi-dans-plusieurs-provinces-du-royaume\/#primaryimage"},"thumbnailUrl":"https:\/\/dpress.ma\/fr\/wp-content\/uploads\/sites\/2\/2026\/09\/Vague-de-chaleur.jpg","datePublished":"2026-09-01T11:32:40+00:00","dateModified":"2026-09-01T11:32:44+00:00","author":{"@id":"https:\/\/dpress.ma\/fr\/#\/schema\/person\/4898febf3ccd59e6578d838656a306a0"},"breadcrumb":{"@id":"https:\/\/dpress.ma\/fr\/2026\/09\/01\/vague-de-chaleur-de-mardi-a-vendredi-dans-plusieurs-provinces-du-royaume\/#breadcrumb"},"inLanguage":"fr-FR","potentialAction":[{"@type":"ReadAction","target":["https:\/\/dpress.ma\/fr\/2026\/09\/01\/vague-de-chaleur-de-mardi-a-vendredi-dans-plusieurs-provinces-du-royaume\/"]}]},{"@type":"ImageObject","inLanguage":"fr-FR","@id":"https:\/\/dpress.ma\/fr\/2026\/09\/01\/vague-de-chaleur-de-mardi-a-vendredi-dans-plusieurs-provinces-du-royaume\/#primaryimage","url":"https:\/\/dpress.ma\/fr\/wp-content\/uploads\/sites\/2\/2026\/09\/Vague-de-chaleur.jpg","contentUrl":"https:\/\/dpress.ma\/fr\/wp-content\/uploads\/sites\/2\/2026\/09\/Vague-de-chaleur.jpg","width":2539,"height":1594},{"@type":"BreadcrumbList","@id":"https:\/\/dpress.ma\/fr\/2026\/09\/01\/vague-de-chaleur-de-mardi-a-vendredi-dans-plusieurs-provinces-du-royaume\/#breadcrumb","itemListElement":[{"@type":"ListItem","position":1,"name":"Home","item":"https:\/\/dpress.ma\/fr\/"},{"@type":"ListItem","position":2,"name":"Vague de chaleur de mardi \u00e0 vendredi dans plusieurs provinces du Royaume"}]},{"@type":"WebSite","@id":"https:\/\/dpress.ma\/fr\/#website","url":"https:\/\/dpress.ma\/fr\/","name":"Dpress.ma\/fr","description":"","potentialAction":[{"@type":"SearchAction","target":{"@type":"EntryPoint","urlTemplate":"https:\/\/dpress.ma\/fr\/?s={search_term_string}"},"query-input":{"@type":"PropertyValueSpecification","valueRequired":true,"valueName":"search_term_string"}}],"inLanguage":"fr-FR"},{"@type":"Person","@id":"https:\/\/dpress.ma\/fr\/#\/schema\/person\/4898febf3ccd59e6578d838656a306a0","name":"Dpress.ma","image":{"@type":"ImageObject","inLanguage":"fr-FR","@id":"https:\/\/secure.gravatar.com\/avatar\/72ecc30e9db047a2e0e7176561eb9d564ed77c8108376495b19bd8336405198a?s=96&d=mm&r=g","url":"https:\/\/secure.gravatar.com\/avatar\/72ecc30e9db047a2e0e7176561eb9d564ed77c8108376495b19bd8336405198a?s=96&d=mm&r=g","contentUrl":"https:\/\/secure.gravatar.com\/avatar\/72ecc30e9db047a2e0e7176561eb9d564ed77c8108376495b19bd8336405198a?s=96&d=mm&r=g","caption":"Dpress.ma"},"sameAs":["https:\/\/www.dpress.ma"],"url":"https:\/\/dpress.ma\/fr\/author\/dpress-ma\/"}]}},"amp_enabled":true,"_links":{"self":[{"href":"https:\/\/dpress.ma\/fr\/wp-json\/wp\/v2\/posts\/38809","targetHints":{"allow":["GET"]}}],"collection":[{"href":"https:\/\/dpress.ma\/fr\/wp-json\/wp\/v2\/posts"}],"about":[{"href":"https:\/\/dpress.ma\/fr\/wp-json\/wp\/v2\/types\/post"}],"author":[{"embeddable":true,"href":"https:\/\/dpress.ma\/fr\/wp-json\/wp\/v2\/users\/2"}],"replies":[{"embeddable":true,"href":"https:\/\/dpress.ma\/fr\/wp-json\/wp\/v2\/comments?post=38809"}],"version-history":[{"count":1,"href":"https:\/\/dpress.ma\/fr\/wp-json\/wp\/v2\/posts\/38809\/revisions"}],"predecessor-version":[{"id":38811,"href":"https:\/\/dpress.ma\/fr\/wp-json\/wp\/v2\/posts\/38809\/revisions\/38811"}],"wp:featuredmedia":[{"embeddable":true,"href":"https:\/\/dpress.ma\/fr\/wp-json\/wp\/v2\/media\/38810"}],"wp:attachment":[{"href":"https:\/\/dpress.ma\/fr\/wp-json\/wp\/v2\/media?parent=38809"}],"wp:term":[{"taxonomy":"category","embeddable":true,"href":"https:\/\/dpress.ma\/fr\/wp-json\/wp\/v2\/categories?post=38809"},{"taxonomy":"post_tag","embeddable":true,"href":"https:\/\/dpress.ma\/fr\/wp-json\/wp\/v2\/tags?post=38809"}],"curies":[{"name":"wp","href":"https:\/\/api.w.org\/{rel}","templated":true}]}}