{"id":38806,"date":"2026-09-01T11:21:00","date_gmt":"2026-09-01T11:21:00","guid":{"rendered":"https:\/\/dpress.ma\/fr\/?p=38806"},"modified":"2026-09-01T11:21:02","modified_gmt":"2026-09-01T11:21:02","slug":"la-9e-edition-du-fado-festival-maroc-les-10-et-11-septembre-a-rabat","status":"publish","type":"post","link":"https:\/\/dpress.ma\/fr\/2026\/09\/01\/la-9e-edition-du-fado-festival-maroc-les-10-et-11-septembre-a-rabat\/","title":{"rendered":"La 9e \u00e9dition du Fado Festival Maroc, les 10 et 11 septembre \u00e0 Rabat"},"content":{"rendered":"\n<p class=\"wp-block-paragraph\">Dpress<\/p>\n\n\n\n<p class=\"wp-block-paragraph\">Fado Festival revient \u00e0 Rabat pour la 9e ann\u00e9e cons\u00e9cutive les 10 et 11 septembre, au Th\u00e9\u00e2tre national Mohammed V, sous le th\u00e8me \u00ab\u00a0Le Fado et les quartiers de Lisbonne\u00a0\u00bb.<\/p>\n\n\n\n<p class=\"wp-block-paragraph\">Ev\u00e9nement itin\u00e9rant consacr\u00e9 \u00e0 la promotion du fado et de la culture portugaise, le festival poursuit son d\u00e9veloppement \u00e0 l&rsquo;international. Cette ann\u00e9e, il signe sa 16e \u00e9dition mondiale et se d\u00e9ploie dans 21 grandes villes d&rsquo;Europe, d&rsquo;Afrique, d&rsquo;Am\u00e9rique latine et d&rsquo;Asie.<br><strong>Le Fado et les quartiers de Lisbonne<\/strong><\/p>\n\n\n\n<p class=\"wp-block-paragraph\">\u00c0 Rabat, la 9e \u00e9dition mettra en lumi\u00e8re le lien profond entre le fado et les quartiers historiques de Lisbonne, tels qu\u2019Alfama, Mouraria, Bairro Alto ou Madragoa. Ces lieux, au c\u0153ur de la m\u00e9moire populaire lisbo\u00e8te, ont accompagn\u00e9 la naissance et la transmission de cette tradition musicale urbaine.<\/p>\n\n\n\n<p class=\"wp-block-paragraph\">Le programme proposera deux soir\u00e9es m\u00ealant concerts, conf\u00e9rence et projection, avec la participation de la chanteuse et compositrice Teresinha Landeiro, du chanteur, parolier et producteur Rodrigo Costa F\u00e9lix, et de la chanteuse Ana Margarida Prado.<\/p>\n\n\n\n<p class=\"wp-block-paragraph\">\u00c0 travers la musique, la parole et l\u2019image, Fado festival propose un voyage au c\u0153ur d\u2019une Lisbonne chant\u00e9e, entre h\u00e9ritage et cr\u00e9ation contemporaine.<br><strong>Programme de l\u2019\u00e9dition 2026<\/strong><br><strong>Jeudi 10 septembre<\/strong><\/p>\n\n\n\n<p class=\"wp-block-paragraph\">18h30 \u2013 Conf\u00e9rence : Rodrigo Costa F\u00e9lix \u2013 Le Fado et ses quartiers<\/p>\n\n\n\n<p class=\"wp-block-paragraph\">Chanteur, parolier et producteur, Rodrigo Costa F\u00e9lix partagera son regard sur le lien entre le fado et les quartiers de Lisbonne. Cette conf\u00e9rence reviendra sur les lieux, les pratiques et les m\u00e9moires populaires.<\/p>\n\n\n\n<p class=\"wp-block-paragraph\">20h00 \u2013 Concert de Teresinha Landeiro<\/p>\n\n\n\n<p class=\"wp-block-paragraph\">Chanteuse et compositrice portugaise, Teresinha Landeiro s\u2019inscrit dans une g\u00e9n\u00e9ration de fadistes qui renouvellent le genre tout en restant ancr\u00e9s dans ses racines. Apr\u00e8s Namoro en 2018, Agora en 2021 et Para dan\u00e7ar e para chorar en 2024, elle poursuit un parcours marqu\u00e9 par une \u00e9criture personnelle et une pr\u00e9sence r\u00e9guli\u00e8re sur les sc\u00e8nes portugaises et internationales.<br><strong>Vendredi 11 septembre<\/strong><\/p>\n\n\n\n<p class=\"wp-block-paragraph\">18h30 \u2013 Projection du documentaire Do Bairro, r\u00e9alis\u00e9 par le cin\u00e9aste portugais Diogo Varela Silva<\/p>\n\n\n\n<p class=\"wp-block-paragraph\">Pr\u00e9sent\u00e9 comme un documentaire consacr\u00e9 au centre historique de Lisbonne, Do Bairro plonge dans les quartiers de l\u2019Alfama et de la Mouraria, \u00e0 la rencontre de leurs habitants, de leurs histoires et de leurs traditions. Le film interroge aussi les transformations v\u00e9cues par ces communaut\u00e9s, entre m\u00e9moire locale, fado et changements urbains.<\/p>\n\n\n\n<p class=\"wp-block-paragraph\">20h00 \u2013 Concert : Les Quartiers de Lisbonne, avec Rodrigo Costa F\u00e9lix et Ana Margarida Prado<\/p>\n\n\n\n<p class=\"wp-block-paragraph\">Rodrigo Costa F\u00e9lix et la chanteuse Ana Margarida Prado donneront voix \u00e0 ce patrimoine vivant, en croisant deux sensibilit\u00e9s du fado portugais.<br>Lieu : Th\u00e9\u00e2tre National Mohammed V, Rabat<\/p>\n\n\n\n<p class=\"wp-block-paragraph\">Billetterie : Disponible en ligne et aux guichets du th\u00e9\u00e2tre<\/p>\n","protected":false},"excerpt":{"rendered":"<p>Dpress Fado Festival revient \u00e0 Rabat pour la 9e ann\u00e9e cons\u00e9cutive les 10 et 11 septembre, au Th\u00e9\u00e2tre national Mohammed V, sous le th\u00e8me \u00ab\u00a0Le Fado et les quartiers de Lisbonne\u00a0\u00bb. Ev\u00e9nement itin\u00e9rant consacr\u00e9 \u00e0 la promotion du fado et de la culture portugaise, le festival poursuit son d\u00e9veloppement \u00e0 l&rsquo;international. Cette ann\u00e9e, il signe &hellip;<\/p>\n","protected":false},"author":2,"featured_media":38807,"comment_status":"open","ping_status":"open","sticky":false,"template":"","format":"standard","meta":{"footnotes":""},"categories":[31],"tags":[],"class_list":["post-38806","post","type-post","status-publish","format-standard","has-post-thumbnail","hentry","category-art-et-culture"],"yoast_head":"<!-- This site is optimized with the Yoast SEO plugin v28.0 - https:\/\/yoast.com\/product\/yoast-seo-wordpress\/ -->\n<title>La 9e \u00e9dition du Fado Festival Maroc, les 10 et 11 septembre \u00e0 Rabat - Dpress.ma\/fr<\/title>\n<meta name=\"robots\" content=\"index, follow, max-snippet:-1, max-image-preview:large, max-video-preview:-1\" \/>\n<link rel=\"canonical\" href=\"https:\/\/dpress.ma\/fr\/2026\/09\/01\/la-9e-edition-du-fado-festival-maroc-les-10-et-11-septembre-a-rabat\/\" \/>\n<meta property=\"og:locale\" content=\"fr_FR\" \/>\n<meta property=\"og:type\" content=\"article\" \/>\n<meta property=\"og:title\" content=\"La 9e \u00e9dition du Fado Festival Maroc, les 10 et 11 septembre \u00e0 Rabat - Dpress.ma\/fr\" \/>\n<meta property=\"og:description\" content=\"Dpress Fado Festival revient \u00e0 Rabat pour la 9e ann\u00e9e cons\u00e9cutive les 10 et 11 septembre, au Th\u00e9\u00e2tre national Mohammed V, sous le th\u00e8me \u00ab\u00a0Le Fado et les quartiers de Lisbonne\u00a0\u00bb. Ev\u00e9nement itin\u00e9rant consacr\u00e9 \u00e0 la promotion du fado et de la culture portugaise, le festival poursuit son d\u00e9veloppement \u00e0 l&rsquo;international. Cette ann\u00e9e, il signe &hellip;\" \/>\n<meta property=\"og:url\" content=\"https:\/\/dpress.ma\/fr\/2026\/09\/01\/la-9e-edition-du-fado-festival-maroc-les-10-et-11-septembre-a-rabat\/\" \/>\n<meta property=\"og:site_name\" content=\"Dpress.ma\/fr\" \/>\n<meta property=\"article:published_time\" content=\"2026-09-01T11:21:00+00:00\" \/>\n<meta property=\"article:modified_time\" content=\"2026-09-01T11:21:02+00:00\" \/>\n<meta property=\"og:image\" content=\"https:\/\/dpress.ma\/fr\/wp-content\/uploads\/sites\/2\/2026\/09\/fado.jpg\" \/>\n\t<meta property=\"og:image:width\" content=\"2539\" \/>\n\t<meta property=\"og:image:height\" content=\"1594\" \/>\n\t<meta property=\"og:image:type\" content=\"image\/jpeg\" \/>\n<meta name=\"author\" content=\"Dpress.ma\" \/>\n<meta name=\"twitter:card\" content=\"summary_large_image\" \/>\n<meta name=\"twitter:label1\" content=\"\u00c9crit par\" \/>\n\t<meta name=\"twitter:data1\" content=\"Dpress.ma\" \/>\n\t<meta name=\"twitter:label2\" content=\"Dur\u00e9e de lecture estim\u00e9e\" \/>\n\t<meta name=\"twitter:data2\" content=\"3 minutes\" \/>\n<script type=\"application\/ld+json\" class=\"yoast-schema-graph\">{\"@context\":\"https:\\\/\\\/schema.org\",\"@graph\":[{\"@type\":\"Article\",\"@id\":\"https:\\\/\\\/dpress.ma\\\/fr\\\/2026\\\/09\\\/01\\\/la-9e-edition-du-fado-festival-maroc-les-10-et-11-septembre-a-rabat\\\/#article\",\"isPartOf\":{\"@id\":\"https:\\\/\\\/dpress.ma\\\/fr\\\/2026\\\/09\\\/01\\\/la-9e-edition-du-fado-festival-maroc-les-10-et-11-septembre-a-rabat\\\/\"},\"author\":{\"name\":\"Dpress.ma\",\"@id\":\"https:\\\/\\\/dpress.ma\\\/fr\\\/#\\\/schema\\\/person\\\/4898febf3ccd59e6578d838656a306a0\"},\"headline\":\"La 9e \u00e9dition du Fado Festival Maroc, les 10 et 11 septembre \u00e0 Rabat\",\"datePublished\":\"2026-09-01T11:21:00+00:00\",\"dateModified\":\"2026-09-01T11:21:02+00:00\",\"mainEntityOfPage\":{\"@id\":\"https:\\\/\\\/dpress.ma\\\/fr\\\/2026\\\/09\\\/01\\\/la-9e-edition-du-fado-festival-maroc-les-10-et-11-septembre-a-rabat\\\/\"},\"wordCount\":465,\"commentCount\":0,\"image\":{\"@id\":\"https:\\\/\\\/dpress.ma\\\/fr\\\/2026\\\/09\\\/01\\\/la-9e-edition-du-fado-festival-maroc-les-10-et-11-septembre-a-rabat\\\/#primaryimage\"},\"thumbnailUrl\":\"https:\\\/\\\/dpress.ma\\\/fr\\\/wp-content\\\/uploads\\\/sites\\\/2\\\/2026\\\/09\\\/fado.jpg\",\"articleSection\":[\"Art et Culture\"],\"inLanguage\":\"fr-FR\",\"potentialAction\":[{\"@type\":\"CommentAction\",\"name\":\"Comment\",\"target\":[\"https:\\\/\\\/dpress.ma\\\/fr\\\/2026\\\/09\\\/01\\\/la-9e-edition-du-fado-festival-maroc-les-10-et-11-septembre-a-rabat\\\/#respond\"]}]},{\"@type\":\"WebPage\",\"@id\":\"https:\\\/\\\/dpress.ma\\\/fr\\\/2026\\\/09\\\/01\\\/la-9e-edition-du-fado-festival-maroc-les-10-et-11-septembre-a-rabat\\\/\",\"url\":\"https:\\\/\\\/dpress.ma\\\/fr\\\/2026\\\/09\\\/01\\\/la-9e-edition-du-fado-festival-maroc-les-10-et-11-septembre-a-rabat\\\/\",\"name\":\"La 9e \u00e9dition du Fado Festival Maroc, les 10 et 11 septembre \u00e0 Rabat - Dpress.ma\\\/fr\",\"isPartOf\":{\"@id\":\"https:\\\/\\\/dpress.ma\\\/fr\\\/#website\"},\"primaryImageOfPage\":{\"@id\":\"https:\\\/\\\/dpress.ma\\\/fr\\\/2026\\\/09\\\/01\\\/la-9e-edition-du-fado-festival-maroc-les-10-et-11-septembre-a-rabat\\\/#primaryimage\"},\"image\":{\"@id\":\"https:\\\/\\\/dpress.ma\\\/fr\\\/2026\\\/09\\\/01\\\/la-9e-edition-du-fado-festival-maroc-les-10-et-11-septembre-a-rabat\\\/#primaryimage\"},\"thumbnailUrl\":\"https:\\\/\\\/dpress.ma\\\/fr\\\/wp-content\\\/uploads\\\/sites\\\/2\\\/2026\\\/09\\\/fado.jpg\",\"datePublished\":\"2026-09-01T11:21:00+00:00\",\"dateModified\":\"2026-09-01T11:21:02+00:00\",\"author\":{\"@id\":\"https:\\\/\\\/dpress.ma\\\/fr\\\/#\\\/schema\\\/person\\\/4898febf3ccd59e6578d838656a306a0\"},\"breadcrumb\":{\"@id\":\"https:\\\/\\\/dpress.ma\\\/fr\\\/2026\\\/09\\\/01\\\/la-9e-edition-du-fado-festival-maroc-les-10-et-11-septembre-a-rabat\\\/#breadcrumb\"},\"inLanguage\":\"fr-FR\",\"potentialAction\":[{\"@type\":\"ReadAction\",\"target\":[\"https:\\\/\\\/dpress.ma\\\/fr\\\/2026\\\/09\\\/01\\\/la-9e-edition-du-fado-festival-maroc-les-10-et-11-septembre-a-rabat\\\/\"]}]},{\"@type\":\"ImageObject\",\"inLanguage\":\"fr-FR\",\"@id\":\"https:\\\/\\\/dpress.ma\\\/fr\\\/2026\\\/09\\\/01\\\/la-9e-edition-du-fado-festival-maroc-les-10-et-11-septembre-a-rabat\\\/#primaryimage\",\"url\":\"https:\\\/\\\/dpress.ma\\\/fr\\\/wp-content\\\/uploads\\\/sites\\\/2\\\/2026\\\/09\\\/fado.jpg\",\"contentUrl\":\"https:\\\/\\\/dpress.ma\\\/fr\\\/wp-content\\\/uploads\\\/sites\\\/2\\\/2026\\\/09\\\/fado.jpg\",\"width\":2539,\"height\":1594},{\"@type\":\"BreadcrumbList\",\"@id\":\"https:\\\/\\\/dpress.ma\\\/fr\\\/2026\\\/09\\\/01\\\/la-9e-edition-du-fado-festival-maroc-les-10-et-11-septembre-a-rabat\\\/#breadcrumb\",\"itemListElement\":[{\"@type\":\"ListItem\",\"position\":1,\"name\":\"Home\",\"item\":\"https:\\\/\\\/dpress.ma\\\/fr\\\/\"},{\"@type\":\"ListItem\",\"position\":2,\"name\":\"La 9e \u00e9dition du Fado Festival Maroc, les 10 et 11 septembre \u00e0 Rabat\"}]},{\"@type\":\"WebSite\",\"@id\":\"https:\\\/\\\/dpress.ma\\\/fr\\\/#website\",\"url\":\"https:\\\/\\\/dpress.ma\\\/fr\\\/\",\"name\":\"Dpress.ma\\\/fr\",\"description\":\"\",\"potentialAction\":[{\"@type\":\"SearchAction\",\"target\":{\"@type\":\"EntryPoint\",\"urlTemplate\":\"https:\\\/\\\/dpress.ma\\\/fr\\\/?s={search_term_string}\"},\"query-input\":{\"@type\":\"PropertyValueSpecification\",\"valueRequired\":true,\"valueName\":\"search_term_string\"}}],\"inLanguage\":\"fr-FR\"},{\"@type\":\"Person\",\"@id\":\"https:\\\/\\\/dpress.ma\\\/fr\\\/#\\\/schema\\\/person\\\/4898febf3ccd59e6578d838656a306a0\",\"name\":\"Dpress.ma\",\"image\":{\"@type\":\"ImageObject\",\"inLanguage\":\"fr-FR\",\"@id\":\"https:\\\/\\\/secure.gravatar.com\\\/avatar\\\/72ecc30e9db047a2e0e7176561eb9d564ed77c8108376495b19bd8336405198a?s=96&d=mm&r=g\",\"url\":\"https:\\\/\\\/secure.gravatar.com\\\/avatar\\\/72ecc30e9db047a2e0e7176561eb9d564ed77c8108376495b19bd8336405198a?s=96&d=mm&r=g\",\"contentUrl\":\"https:\\\/\\\/secure.gravatar.com\\\/avatar\\\/72ecc30e9db047a2e0e7176561eb9d564ed77c8108376495b19bd8336405198a?s=96&d=mm&r=g\",\"caption\":\"Dpress.ma\"},\"sameAs\":[\"https:\\\/\\\/www.dpress.ma\"],\"url\":\"https:\\\/\\\/dpress.ma\\\/fr\\\/author\\\/dpress-ma\\\/\"}]}<\/script>\n<!-- \/ Yoast SEO plugin. -->","yoast_head_json":{"title":"La 9e \u00e9dition du Fado Festival Maroc, les 10 et 11 septembre \u00e0 Rabat - Dpress.ma\/fr","robots":{"index":"index","follow":"follow","max-snippet":"max-snippet:-1","max-image-preview":"max-image-preview:large","max-video-preview":"max-video-preview:-1"},"canonical":"https:\/\/dpress.ma\/fr\/2026\/09\/01\/la-9e-edition-du-fado-festival-maroc-les-10-et-11-septembre-a-rabat\/","og_locale":"fr_FR","og_type":"article","og_title":"La 9e \u00e9dition du Fado Festival Maroc, les 10 et 11 septembre \u00e0 Rabat - Dpress.ma\/fr","og_description":"Dpress Fado Festival revient \u00e0 Rabat pour la 9e ann\u00e9e cons\u00e9cutive les 10 et 11 septembre, au Th\u00e9\u00e2tre national Mohammed V, sous le th\u00e8me \u00ab\u00a0Le Fado et les quartiers de Lisbonne\u00a0\u00bb. Ev\u00e9nement itin\u00e9rant consacr\u00e9 \u00e0 la promotion du fado et de la culture portugaise, le festival poursuit son d\u00e9veloppement \u00e0 l&rsquo;international. Cette ann\u00e9e, il signe &hellip;","og_url":"https:\/\/dpress.ma\/fr\/2026\/09\/01\/la-9e-edition-du-fado-festival-maroc-les-10-et-11-septembre-a-rabat\/","og_site_name":"Dpress.ma\/fr","article_published_time":"2026-09-01T11:21:00+00:00","article_modified_time":"2026-09-01T11:21:02+00:00","og_image":[{"width":2539,"height":1594,"url":"https:\/\/dpress.ma\/fr\/wp-content\/uploads\/sites\/2\/2026\/09\/fado.jpg","type":"image\/jpeg"}],"author":"Dpress.ma","twitter_card":"summary_large_image","twitter_misc":{"\u00c9crit par":"Dpress.ma","Dur\u00e9e de lecture estim\u00e9e":"3 minutes"},"schema":{"@context":"https:\/\/schema.org","@graph":[{"@type":"Article","@id":"https:\/\/dpress.ma\/fr\/2026\/09\/01\/la-9e-edition-du-fado-festival-maroc-les-10-et-11-septembre-a-rabat\/#article","isPartOf":{"@id":"https:\/\/dpress.ma\/fr\/2026\/09\/01\/la-9e-edition-du-fado-festival-maroc-les-10-et-11-septembre-a-rabat\/"},"author":{"name":"Dpress.ma","@id":"https:\/\/dpress.ma\/fr\/#\/schema\/person\/4898febf3ccd59e6578d838656a306a0"},"headline":"La 9e \u00e9dition du Fado Festival Maroc, les 10 et 11 septembre \u00e0 Rabat","datePublished":"2026-09-01T11:21:00+00:00","dateModified":"2026-09-01T11:21:02+00:00","mainEntityOfPage":{"@id":"https:\/\/dpress.ma\/fr\/2026\/09\/01\/la-9e-edition-du-fado-festival-maroc-les-10-et-11-septembre-a-rabat\/"},"wordCount":465,"commentCount":0,"image":{"@id":"https:\/\/dpress.ma\/fr\/2026\/09\/01\/la-9e-edition-du-fado-festival-maroc-les-10-et-11-septembre-a-rabat\/#primaryimage"},"thumbnailUrl":"https:\/\/dpress.ma\/fr\/wp-content\/uploads\/sites\/2\/2026\/09\/fado.jpg","articleSection":["Art et Culture"],"inLanguage":"fr-FR","potentialAction":[{"@type":"CommentAction","name":"Comment","target":["https:\/\/dpress.ma\/fr\/2026\/09\/01\/la-9e-edition-du-fado-festival-maroc-les-10-et-11-septembre-a-rabat\/#respond"]}]},{"@type":"WebPage","@id":"https:\/\/dpress.ma\/fr\/2026\/09\/01\/la-9e-edition-du-fado-festival-maroc-les-10-et-11-septembre-a-rabat\/","url":"https:\/\/dpress.ma\/fr\/2026\/09\/01\/la-9e-edition-du-fado-festival-maroc-les-10-et-11-septembre-a-rabat\/","name":"La 9e \u00e9dition du Fado Festival Maroc, les 10 et 11 septembre \u00e0 Rabat - Dpress.ma\/fr","isPartOf":{"@id":"https:\/\/dpress.ma\/fr\/#website"},"primaryImageOfPage":{"@id":"https:\/\/dpress.ma\/fr\/2026\/09\/01\/la-9e-edition-du-fado-festival-maroc-les-10-et-11-septembre-a-rabat\/#primaryimage"},"image":{"@id":"https:\/\/dpress.ma\/fr\/2026\/09\/01\/la-9e-edition-du-fado-festival-maroc-les-10-et-11-septembre-a-rabat\/#primaryimage"},"thumbnailUrl":"https:\/\/dpress.ma\/fr\/wp-content\/uploads\/sites\/2\/2026\/09\/fado.jpg","datePublished":"2026-09-01T11:21:00+00:00","dateModified":"2026-09-01T11:21:02+00:00","author":{"@id":"https:\/\/dpress.ma\/fr\/#\/schema\/person\/4898febf3ccd59e6578d838656a306a0"},"breadcrumb":{"@id":"https:\/\/dpress.ma\/fr\/2026\/09\/01\/la-9e-edition-du-fado-festival-maroc-les-10-et-11-septembre-a-rabat\/#breadcrumb"},"inLanguage":"fr-FR","potentialAction":[{"@type":"ReadAction","target":["https:\/\/dpress.ma\/fr\/2026\/09\/01\/la-9e-edition-du-fado-festival-maroc-les-10-et-11-septembre-a-rabat\/"]}]},{"@type":"ImageObject","inLanguage":"fr-FR","@id":"https:\/\/dpress.ma\/fr\/2026\/09\/01\/la-9e-edition-du-fado-festival-maroc-les-10-et-11-septembre-a-rabat\/#primaryimage","url":"https:\/\/dpress.ma\/fr\/wp-content\/uploads\/sites\/2\/2026\/09\/fado.jpg","contentUrl":"https:\/\/dpress.ma\/fr\/wp-content\/uploads\/sites\/2\/2026\/09\/fado.jpg","width":2539,"height":1594},{"@type":"BreadcrumbList","@id":"https:\/\/dpress.ma\/fr\/2026\/09\/01\/la-9e-edition-du-fado-festival-maroc-les-10-et-11-septembre-a-rabat\/#breadcrumb","itemListElement":[{"@type":"ListItem","position":1,"name":"Home","item":"https:\/\/dpress.ma\/fr\/"},{"@type":"ListItem","position":2,"name":"La 9e \u00e9dition du Fado Festival Maroc, les 10 et 11 septembre \u00e0 Rabat"}]},{"@type":"WebSite","@id":"https:\/\/dpress.ma\/fr\/#website","url":"https:\/\/dpress.ma\/fr\/","name":"Dpress.ma\/fr","description":"","potentialAction":[{"@type":"SearchAction","target":{"@type":"EntryPoint","urlTemplate":"https:\/\/dpress.ma\/fr\/?s={search_term_string}"},"query-input":{"@type":"PropertyValueSpecification","valueRequired":true,"valueName":"search_term_string"}}],"inLanguage":"fr-FR"},{"@type":"Person","@id":"https:\/\/dpress.ma\/fr\/#\/schema\/person\/4898febf3ccd59e6578d838656a306a0","name":"Dpress.ma","image":{"@type":"ImageObject","inLanguage":"fr-FR","@id":"https:\/\/secure.gravatar.com\/avatar\/72ecc30e9db047a2e0e7176561eb9d564ed77c8108376495b19bd8336405198a?s=96&d=mm&r=g","url":"https:\/\/secure.gravatar.com\/avatar\/72ecc30e9db047a2e0e7176561eb9d564ed77c8108376495b19bd8336405198a?s=96&d=mm&r=g","contentUrl":"https:\/\/secure.gravatar.com\/avatar\/72ecc30e9db047a2e0e7176561eb9d564ed77c8108376495b19bd8336405198a?s=96&d=mm&r=g","caption":"Dpress.ma"},"sameAs":["https:\/\/www.dpress.ma"],"url":"https:\/\/dpress.ma\/fr\/author\/dpress-ma\/"}]}},"amp_enabled":true,"_links":{"self":[{"href":"https:\/\/dpress.ma\/fr\/wp-json\/wp\/v2\/posts\/38806","targetHints":{"allow":["GET"]}}],"collection":[{"href":"https:\/\/dpress.ma\/fr\/wp-json\/wp\/v2\/posts"}],"about":[{"href":"https:\/\/dpress.ma\/fr\/wp-json\/wp\/v2\/types\/post"}],"author":[{"embeddable":true,"href":"https:\/\/dpress.ma\/fr\/wp-json\/wp\/v2\/users\/2"}],"replies":[{"embeddable":true,"href":"https:\/\/dpress.ma\/fr\/wp-json\/wp\/v2\/comments?post=38806"}],"version-history":[{"count":1,"href":"https:\/\/dpress.ma\/fr\/wp-json\/wp\/v2\/posts\/38806\/revisions"}],"predecessor-version":[{"id":38808,"href":"https:\/\/dpress.ma\/fr\/wp-json\/wp\/v2\/posts\/38806\/revisions\/38808"}],"wp:featuredmedia":[{"embeddable":true,"href":"https:\/\/dpress.ma\/fr\/wp-json\/wp\/v2\/media\/38807"}],"wp:attachment":[{"href":"https:\/\/dpress.ma\/fr\/wp-json\/wp\/v2\/media?parent=38806"}],"wp:term":[{"taxonomy":"category","embeddable":true,"href":"https:\/\/dpress.ma\/fr\/wp-json\/wp\/v2\/categories?post=38806"},{"taxonomy":"post_tag","embeddable":true,"href":"https:\/\/dpress.ma\/fr\/wp-json\/wp\/v2\/tags?post=38806"}],"curies":[{"name":"wp","href":"https:\/\/api.w.org\/{rel}","templated":true}]}}