{"id":38803,"date":"2026-09-01T11:16:56","date_gmt":"2026-09-01T11:16:56","guid":{"rendered":"https:\/\/dpress.ma\/fr\/?p=38803"},"modified":"2026-09-01T11:17:02","modified_gmt":"2026-09-01T11:17:02","slug":"la-presidence-du-ministere-public-appelle-a-la-mobilisation-pour-garantir-la-probite-des-prochaines-echeances-electorales","status":"publish","type":"post","link":"https:\/\/dpress.ma\/fr\/2026\/09\/01\/la-presidence-du-ministere-public-appelle-a-la-mobilisation-pour-garantir-la-probite-des-prochaines-echeances-electorales\/","title":{"rendered":"La Pr\u00e9sidence du Minist\u00e8re public appelle \u00e0 la mobilisation pour garantir la probit\u00e9 des prochaines \u00e9ch\u00e9ances \u00e9lectorales"},"content":{"rendered":"\n<p class=\"wp-block-paragraph\">Dpress<\/p>\n\n\n\n<p class=\"wp-block-paragraph\">La Pr\u00e9sidence du Minist\u00e8re public a appel\u00e9 l&rsquo;ensemble des minist\u00e8res publics pr\u00e8s les cours d&rsquo;appel et les tribunaux de premi\u00e8re instance, \u00e0 la mobilisation et \u00e0 l&rsquo;accompagnement effectif des \u00e9ch\u00e9ances l\u00e9gislatives relatives \u00e0 l&rsquo;\u00e9lection des membres de la Chambre des repr\u00e9sentants, pr\u00e9vues le 23 septembre, afin de garantir leur d\u00e9roulement dans un climat de respect de la loi, de probit\u00e9, de transparence et de concurrence loyale.<\/p>\n\n\n\n<p class=\"wp-block-paragraph\">Dans une nouvelle circulaire adress\u00e9e aux Procureurs g\u00e9n\u00e9raux du Roi pr\u00e8s les Cours d\u2019appel et aux Procureurs du Roi pr\u00e8s les Tribunaux de premi\u00e8re instance, le Procureur g\u00e9n\u00e9ral du Roi pr\u00e8s la Cour de Cassation, Pr\u00e9sident du Minist\u00e8re Public, Hicham Balaoui, a soulign\u00e9 que la justice joue un r\u00f4le central dans l\u2019accompagnement du processus \u00e9lectoral, de mani\u00e8re \u00e0 contribuer \u00e0 renforcer la confiance des citoyens et garantir la s\u00e9curit\u00e9 du processus \u00e9lectoral, en cons\u00e9cration de l&rsquo;article 11 de la Constitution du Royaume qui \u00e9rige les \u00e9lections libres, sinc\u00e8res et transparentes en fondement de la l\u00e9gitimit\u00e9 de la repr\u00e9sentation d\u00e9mocratique.<\/p>\n\n\n\n<p class=\"wp-block-paragraph\">Aussi, il a insist\u00e9 sur l&rsquo;imp\u00e9ratif de prendre toutes les mesures n\u00e9cessaires pour accompagner et suivre les diff\u00e9rentes \u00e9tapes des \u00e9ch\u00e9ances \u00e9lectorales, et faire face avec fermet\u00e9 et rigueur \u00e0 toutes les pratiques et actes susceptibles de porter atteinte \u00e0 la r\u00e9gularit\u00e9 du processus \u00e9lectoral ou impacter sa probit\u00e9 et sa transparence.<\/p>\n\n\n\n<p class=\"wp-block-paragraph\">Dans ce sens, la circulaire apporte un ensemble d&rsquo;orientations visant \u00e0 garantir l&rsquo;efficacit\u00e9 de l&rsquo;intervention du Minist\u00e8re public.&nbsp;Il s&rsquo;agit notamment de lutter avec fermet\u00e9 et rigueur&nbsp;contre les pratiques et les actes contraires \u00e0 la loi et susceptibles de porter atteinte au bon d\u00e9roulement du processus \u00e9lectoral, et d&rsquo;\u00e9tablir&nbsp;les effets juridiques \u00e0 l&rsquo;encontre de leurs auteurs.<\/p>\n\n\n\n<p class=\"wp-block-paragraph\">La circulaire met \u00e9galement l&rsquo;accent sur la n\u00e9cessit\u00e9 de veiller \u00e0 mener les enqu\u00eates li\u00e9es aux plaintes \u00e9lectorales avec la c\u00e9l\u00e9rit\u00e9 et l&rsquo;efficacit\u00e9 requises, de mettre en oeuvre les dispositions l\u00e9gales r\u00e9pressives relatives aux \u00e9lections, de d\u00e9f\u00e9rer les contrevenants \u00e0 la justice pour qu&rsquo;ils soient jug\u00e9s conform\u00e9ment \u00e0 la loi et d&rsquo;assurer une permanence tout au long de la p\u00e9riode des \u00e9ch\u00e9ances \u00e9lectorales.<\/p>\n\n\n\n<p class=\"wp-block-paragraph\">Les orientations portent \u00e9galement sur le renforcement de la coordination entre les cellules r\u00e9gionales et locales cr\u00e9\u00e9es au niveaux des parquets pr\u00e8s les cours d&rsquo;appel et les tribunaux de premi\u00e8re instance et avec les \u00e9quipes de s\u00e9curit\u00e9 charg\u00e9es de l&rsquo;accompagnement des affaires \u00e9lectorales, tout en garantissant une coordination continue avec la cellule centrale cr\u00e9\u00e9e au sein de la Pr\u00e9sidence du Minist\u00e8re public concernant les infractions qui pourraient \u00eatre constat\u00e9es.<\/p>\n\n\n\n<p class=\"wp-block-paragraph\">Ces mesures s&rsquo;inscrivent en droite ligne des efforts visant \u00e0 garantir les conditions l\u00e9gales et institutionnelles n\u00e9cessaires pour assurer la r\u00e9ussite des prochaines \u00e9ch\u00e9ances \u00e9lectorales et leur d\u00e9roulement dans des conditions empreintes de transparence, de cr\u00e9dibilit\u00e9, de concurrence loyale et de respect des r\u00e8gles du processus d\u00e9mocratique, poursuit la circulaire.<\/p>\n\n\n\n<p class=\"wp-block-paragraph\">Dans ce contexte, le Pr\u00e9sident du Minist\u00e8re public a appel\u00e9 les diff\u00e9rents responsables judiciaires \u00e0 se conformer au contenu de la circulaire, \u00e0 veiller \u00e0 sa communication \u00e0 l&rsquo;ensemble des magistrats du Minist\u00e8re public, tout en informant la Pr\u00e9sidence du Minist\u00e8re public de toutes les difficult\u00e9s qui pourraient entraver son ex\u00e9cution.<\/p>\n\n\n\n<p class=\"wp-block-paragraph\">Ces orientations refl\u00e8tent la d\u00e9termination du Minist\u00e8re public \u00e0 assumer son r\u00f4le dans la protection de l&rsquo;int\u00e9grit\u00e9 du processus \u00e9lectoral et la lutte contre tout acte de nature \u00e0 porter atteinte \u00e0 sa probit\u00e9&nbsp;ou \u00e0 influencer la volont\u00e9 des \u00e9lecteurs, de mani\u00e8re \u00e0 renforcer la confiance dans les institutions et \u00e0 consacrer le respect de la loi \u00e0 travers les diff\u00e9rentes \u00e9tapes de l&rsquo;\u00e9ch\u00e9ance \u00e9lectorale.<\/p>\n","protected":false},"excerpt":{"rendered":"<p>Dpress La Pr\u00e9sidence du Minist\u00e8re public a appel\u00e9 l&rsquo;ensemble des minist\u00e8res publics pr\u00e8s les cours d&rsquo;appel et les tribunaux de premi\u00e8re instance, \u00e0 la mobilisation et \u00e0 l&rsquo;accompagnement effectif des \u00e9ch\u00e9ances l\u00e9gislatives relatives \u00e0 l&rsquo;\u00e9lection des membres de la Chambre des repr\u00e9sentants, pr\u00e9vues le 23 septembre, afin de garantir leur d\u00e9roulement dans un climat de &hellip;<\/p>\n","protected":false},"author":2,"featured_media":38804,"comment_status":"open","ping_status":"open","sticky":false,"template":"","format":"standard","meta":{"footnotes":""},"categories":[40],"tags":[],"class_list":["post-38803","post","type-post","status-publish","format-standard","has-post-thumbnail","hentry","category-societe-et-regions"],"yoast_head":"<!-- This site is optimized with the Yoast SEO plugin v28.0 - https:\/\/yoast.com\/product\/yoast-seo-wordpress\/ -->\n<title>La Pr\u00e9sidence du Minist\u00e8re public appelle \u00e0 la mobilisation pour garantir la probit\u00e9 des prochaines \u00e9ch\u00e9ances \u00e9lectorales - Dpress.ma\/fr<\/title>\n<meta name=\"robots\" content=\"index, follow, max-snippet:-1, max-image-preview:large, max-video-preview:-1\" \/>\n<link rel=\"canonical\" href=\"https:\/\/dpress.ma\/fr\/2026\/09\/01\/la-presidence-du-ministere-public-appelle-a-la-mobilisation-pour-garantir-la-probite-des-prochaines-echeances-electorales\/\" \/>\n<meta property=\"og:locale\" content=\"fr_FR\" \/>\n<meta property=\"og:type\" content=\"article\" \/>\n<meta property=\"og:title\" content=\"La Pr\u00e9sidence du Minist\u00e8re public appelle \u00e0 la mobilisation pour garantir la probit\u00e9 des prochaines \u00e9ch\u00e9ances \u00e9lectorales - Dpress.ma\/fr\" \/>\n<meta property=\"og:description\" content=\"Dpress La Pr\u00e9sidence du Minist\u00e8re public a appel\u00e9 l&rsquo;ensemble des minist\u00e8res publics pr\u00e8s les cours d&rsquo;appel et les tribunaux de premi\u00e8re instance, \u00e0 la mobilisation et \u00e0 l&rsquo;accompagnement effectif des \u00e9ch\u00e9ances l\u00e9gislatives relatives \u00e0 l&rsquo;\u00e9lection des membres de la Chambre des repr\u00e9sentants, pr\u00e9vues le 23 septembre, afin de garantir leur d\u00e9roulement dans un climat de &hellip;\" \/>\n<meta property=\"og:url\" content=\"https:\/\/dpress.ma\/fr\/2026\/09\/01\/la-presidence-du-ministere-public-appelle-a-la-mobilisation-pour-garantir-la-probite-des-prochaines-echeances-electorales\/\" \/>\n<meta property=\"og:site_name\" content=\"Dpress.ma\/fr\" \/>\n<meta property=\"article:published_time\" content=\"2026-09-01T11:16:56+00:00\" \/>\n<meta property=\"article:modified_time\" content=\"2026-09-01T11:17:02+00:00\" \/>\n<meta property=\"og:image\" content=\"https:\/\/dpress.ma\/fr\/wp-content\/uploads\/sites\/2\/2026\/09\/La-Presidence-du-Ministere-public.jpg\" \/>\n\t<meta property=\"og:image:width\" content=\"2539\" \/>\n\t<meta property=\"og:image:height\" content=\"1594\" \/>\n\t<meta property=\"og:image:type\" content=\"image\/jpeg\" \/>\n<meta name=\"author\" content=\"Dpress.ma\" \/>\n<meta name=\"twitter:card\" content=\"summary_large_image\" \/>\n<meta name=\"twitter:label1\" content=\"\u00c9crit par\" \/>\n\t<meta name=\"twitter:data1\" content=\"Dpress.ma\" \/>\n\t<meta name=\"twitter:label2\" content=\"Dur\u00e9e de lecture estim\u00e9e\" \/>\n\t<meta name=\"twitter:data2\" content=\"4 minutes\" \/>\n<script type=\"application\/ld+json\" class=\"yoast-schema-graph\">{\"@context\":\"https:\\\/\\\/schema.org\",\"@graph\":[{\"@type\":\"Article\",\"@id\":\"https:\\\/\\\/dpress.ma\\\/fr\\\/2026\\\/09\\\/01\\\/la-presidence-du-ministere-public-appelle-a-la-mobilisation-pour-garantir-la-probite-des-prochaines-echeances-electorales\\\/#article\",\"isPartOf\":{\"@id\":\"https:\\\/\\\/dpress.ma\\\/fr\\\/2026\\\/09\\\/01\\\/la-presidence-du-ministere-public-appelle-a-la-mobilisation-pour-garantir-la-probite-des-prochaines-echeances-electorales\\\/\"},\"author\":{\"name\":\"Dpress.ma\",\"@id\":\"https:\\\/\\\/dpress.ma\\\/fr\\\/#\\\/schema\\\/person\\\/4898febf3ccd59e6578d838656a306a0\"},\"headline\":\"La Pr\u00e9sidence du Minist\u00e8re public appelle \u00e0 la mobilisation pour garantir la probit\u00e9 des prochaines \u00e9ch\u00e9ances \u00e9lectorales\",\"datePublished\":\"2026-09-01T11:16:56+00:00\",\"dateModified\":\"2026-09-01T11:17:02+00:00\",\"mainEntityOfPage\":{\"@id\":\"https:\\\/\\\/dpress.ma\\\/fr\\\/2026\\\/09\\\/01\\\/la-presidence-du-ministere-public-appelle-a-la-mobilisation-pour-garantir-la-probite-des-prochaines-echeances-electorales\\\/\"},\"wordCount\":659,\"commentCount\":0,\"image\":{\"@id\":\"https:\\\/\\\/dpress.ma\\\/fr\\\/2026\\\/09\\\/01\\\/la-presidence-du-ministere-public-appelle-a-la-mobilisation-pour-garantir-la-probite-des-prochaines-echeances-electorales\\\/#primaryimage\"},\"thumbnailUrl\":\"https:\\\/\\\/dpress.ma\\\/fr\\\/wp-content\\\/uploads\\\/sites\\\/2\\\/2026\\\/09\\\/La-Presidence-du-Ministere-public.jpg\",\"articleSection\":[\"societe et regions\"],\"inLanguage\":\"fr-FR\",\"potentialAction\":[{\"@type\":\"CommentAction\",\"name\":\"Comment\",\"target\":[\"https:\\\/\\\/dpress.ma\\\/fr\\\/2026\\\/09\\\/01\\\/la-presidence-du-ministere-public-appelle-a-la-mobilisation-pour-garantir-la-probite-des-prochaines-echeances-electorales\\\/#respond\"]}]},{\"@type\":\"WebPage\",\"@id\":\"https:\\\/\\\/dpress.ma\\\/fr\\\/2026\\\/09\\\/01\\\/la-presidence-du-ministere-public-appelle-a-la-mobilisation-pour-garantir-la-probite-des-prochaines-echeances-electorales\\\/\",\"url\":\"https:\\\/\\\/dpress.ma\\\/fr\\\/2026\\\/09\\\/01\\\/la-presidence-du-ministere-public-appelle-a-la-mobilisation-pour-garantir-la-probite-des-prochaines-echeances-electorales\\\/\",\"name\":\"La Pr\u00e9sidence du Minist\u00e8re public appelle \u00e0 la mobilisation pour garantir la probit\u00e9 des prochaines \u00e9ch\u00e9ances \u00e9lectorales - Dpress.ma\\\/fr\",\"isPartOf\":{\"@id\":\"https:\\\/\\\/dpress.ma\\\/fr\\\/#website\"},\"primaryImageOfPage\":{\"@id\":\"https:\\\/\\\/dpress.ma\\\/fr\\\/2026\\\/09\\\/01\\\/la-presidence-du-ministere-public-appelle-a-la-mobilisation-pour-garantir-la-probite-des-prochaines-echeances-electorales\\\/#primaryimage\"},\"image\":{\"@id\":\"https:\\\/\\\/dpress.ma\\\/fr\\\/2026\\\/09\\\/01\\\/la-presidence-du-ministere-public-appelle-a-la-mobilisation-pour-garantir-la-probite-des-prochaines-echeances-electorales\\\/#primaryimage\"},\"thumbnailUrl\":\"https:\\\/\\\/dpress.ma\\\/fr\\\/wp-content\\\/uploads\\\/sites\\\/2\\\/2026\\\/09\\\/La-Presidence-du-Ministere-public.jpg\",\"datePublished\":\"2026-09-01T11:16:56+00:00\",\"dateModified\":\"2026-09-01T11:17:02+00:00\",\"author\":{\"@id\":\"https:\\\/\\\/dpress.ma\\\/fr\\\/#\\\/schema\\\/person\\\/4898febf3ccd59e6578d838656a306a0\"},\"breadcrumb\":{\"@id\":\"https:\\\/\\\/dpress.ma\\\/fr\\\/2026\\\/09\\\/01\\\/la-presidence-du-ministere-public-appelle-a-la-mobilisation-pour-garantir-la-probite-des-prochaines-echeances-electorales\\\/#breadcrumb\"},\"inLanguage\":\"fr-FR\",\"potentialAction\":[{\"@type\":\"ReadAction\",\"target\":[\"https:\\\/\\\/dpress.ma\\\/fr\\\/2026\\\/09\\\/01\\\/la-presidence-du-ministere-public-appelle-a-la-mobilisation-pour-garantir-la-probite-des-prochaines-echeances-electorales\\\/\"]}]},{\"@type\":\"ImageObject\",\"inLanguage\":\"fr-FR\",\"@id\":\"https:\\\/\\\/dpress.ma\\\/fr\\\/2026\\\/09\\\/01\\\/la-presidence-du-ministere-public-appelle-a-la-mobilisation-pour-garantir-la-probite-des-prochaines-echeances-electorales\\\/#primaryimage\",\"url\":\"https:\\\/\\\/dpress.ma\\\/fr\\\/wp-content\\\/uploads\\\/sites\\\/2\\\/2026\\\/09\\\/La-Presidence-du-Ministere-public.jpg\",\"contentUrl\":\"https:\\\/\\\/dpress.ma\\\/fr\\\/wp-content\\\/uploads\\\/sites\\\/2\\\/2026\\\/09\\\/La-Presidence-du-Ministere-public.jpg\",\"width\":2539,\"height\":1594},{\"@type\":\"BreadcrumbList\",\"@id\":\"https:\\\/\\\/dpress.ma\\\/fr\\\/2026\\\/09\\\/01\\\/la-presidence-du-ministere-public-appelle-a-la-mobilisation-pour-garantir-la-probite-des-prochaines-echeances-electorales\\\/#breadcrumb\",\"itemListElement\":[{\"@type\":\"ListItem\",\"position\":1,\"name\":\"Home\",\"item\":\"https:\\\/\\\/dpress.ma\\\/fr\\\/\"},{\"@type\":\"ListItem\",\"position\":2,\"name\":\"La Pr\u00e9sidence du Minist\u00e8re public appelle \u00e0 la mobilisation pour garantir la probit\u00e9 des prochaines \u00e9ch\u00e9ances \u00e9lectorales\"}]},{\"@type\":\"WebSite\",\"@id\":\"https:\\\/\\\/dpress.ma\\\/fr\\\/#website\",\"url\":\"https:\\\/\\\/dpress.ma\\\/fr\\\/\",\"name\":\"Dpress.ma\\\/fr\",\"description\":\"\",\"potentialAction\":[{\"@type\":\"SearchAction\",\"target\":{\"@type\":\"EntryPoint\",\"urlTemplate\":\"https:\\\/\\\/dpress.ma\\\/fr\\\/?s={search_term_string}\"},\"query-input\":{\"@type\":\"PropertyValueSpecification\",\"valueRequired\":true,\"valueName\":\"search_term_string\"}}],\"inLanguage\":\"fr-FR\"},{\"@type\":\"Person\",\"@id\":\"https:\\\/\\\/dpress.ma\\\/fr\\\/#\\\/schema\\\/person\\\/4898febf3ccd59e6578d838656a306a0\",\"name\":\"Dpress.ma\",\"image\":{\"@type\":\"ImageObject\",\"inLanguage\":\"fr-FR\",\"@id\":\"https:\\\/\\\/secure.gravatar.com\\\/avatar\\\/72ecc30e9db047a2e0e7176561eb9d564ed77c8108376495b19bd8336405198a?s=96&d=mm&r=g\",\"url\":\"https:\\\/\\\/secure.gravatar.com\\\/avatar\\\/72ecc30e9db047a2e0e7176561eb9d564ed77c8108376495b19bd8336405198a?s=96&d=mm&r=g\",\"contentUrl\":\"https:\\\/\\\/secure.gravatar.com\\\/avatar\\\/72ecc30e9db047a2e0e7176561eb9d564ed77c8108376495b19bd8336405198a?s=96&d=mm&r=g\",\"caption\":\"Dpress.ma\"},\"sameAs\":[\"https:\\\/\\\/www.dpress.ma\"],\"url\":\"https:\\\/\\\/dpress.ma\\\/fr\\\/author\\\/dpress-ma\\\/\"}]}<\/script>\n<!-- \/ Yoast SEO plugin. -->","yoast_head_json":{"title":"La Pr\u00e9sidence du Minist\u00e8re public appelle \u00e0 la mobilisation pour garantir la probit\u00e9 des prochaines \u00e9ch\u00e9ances \u00e9lectorales - Dpress.ma\/fr","robots":{"index":"index","follow":"follow","max-snippet":"max-snippet:-1","max-image-preview":"max-image-preview:large","max-video-preview":"max-video-preview:-1"},"canonical":"https:\/\/dpress.ma\/fr\/2026\/09\/01\/la-presidence-du-ministere-public-appelle-a-la-mobilisation-pour-garantir-la-probite-des-prochaines-echeances-electorales\/","og_locale":"fr_FR","og_type":"article","og_title":"La Pr\u00e9sidence du Minist\u00e8re public appelle \u00e0 la mobilisation pour garantir la probit\u00e9 des prochaines \u00e9ch\u00e9ances \u00e9lectorales - Dpress.ma\/fr","og_description":"Dpress La Pr\u00e9sidence du Minist\u00e8re public a appel\u00e9 l&rsquo;ensemble des minist\u00e8res publics pr\u00e8s les cours d&rsquo;appel et les tribunaux de premi\u00e8re instance, \u00e0 la mobilisation et \u00e0 l&rsquo;accompagnement effectif des \u00e9ch\u00e9ances l\u00e9gislatives relatives \u00e0 l&rsquo;\u00e9lection des membres de la Chambre des repr\u00e9sentants, pr\u00e9vues le 23 septembre, afin de garantir leur d\u00e9roulement dans un climat de &hellip;","og_url":"https:\/\/dpress.ma\/fr\/2026\/09\/01\/la-presidence-du-ministere-public-appelle-a-la-mobilisation-pour-garantir-la-probite-des-prochaines-echeances-electorales\/","og_site_name":"Dpress.ma\/fr","article_published_time":"2026-09-01T11:16:56+00:00","article_modified_time":"2026-09-01T11:17:02+00:00","og_image":[{"width":2539,"height":1594,"url":"https:\/\/dpress.ma\/fr\/wp-content\/uploads\/sites\/2\/2026\/09\/La-Presidence-du-Ministere-public.jpg","type":"image\/jpeg"}],"author":"Dpress.ma","twitter_card":"summary_large_image","twitter_misc":{"\u00c9crit par":"Dpress.ma","Dur\u00e9e de lecture estim\u00e9e":"4 minutes"},"schema":{"@context":"https:\/\/schema.org","@graph":[{"@type":"Article","@id":"https:\/\/dpress.ma\/fr\/2026\/09\/01\/la-presidence-du-ministere-public-appelle-a-la-mobilisation-pour-garantir-la-probite-des-prochaines-echeances-electorales\/#article","isPartOf":{"@id":"https:\/\/dpress.ma\/fr\/2026\/09\/01\/la-presidence-du-ministere-public-appelle-a-la-mobilisation-pour-garantir-la-probite-des-prochaines-echeances-electorales\/"},"author":{"name":"Dpress.ma","@id":"https:\/\/dpress.ma\/fr\/#\/schema\/person\/4898febf3ccd59e6578d838656a306a0"},"headline":"La Pr\u00e9sidence du Minist\u00e8re public appelle \u00e0 la mobilisation pour garantir la probit\u00e9 des prochaines \u00e9ch\u00e9ances \u00e9lectorales","datePublished":"2026-09-01T11:16:56+00:00","dateModified":"2026-09-01T11:17:02+00:00","mainEntityOfPage":{"@id":"https:\/\/dpress.ma\/fr\/2026\/09\/01\/la-presidence-du-ministere-public-appelle-a-la-mobilisation-pour-garantir-la-probite-des-prochaines-echeances-electorales\/"},"wordCount":659,"commentCount":0,"image":{"@id":"https:\/\/dpress.ma\/fr\/2026\/09\/01\/la-presidence-du-ministere-public-appelle-a-la-mobilisation-pour-garantir-la-probite-des-prochaines-echeances-electorales\/#primaryimage"},"thumbnailUrl":"https:\/\/dpress.ma\/fr\/wp-content\/uploads\/sites\/2\/2026\/09\/La-Presidence-du-Ministere-public.jpg","articleSection":["societe et regions"],"inLanguage":"fr-FR","potentialAction":[{"@type":"CommentAction","name":"Comment","target":["https:\/\/dpress.ma\/fr\/2026\/09\/01\/la-presidence-du-ministere-public-appelle-a-la-mobilisation-pour-garantir-la-probite-des-prochaines-echeances-electorales\/#respond"]}]},{"@type":"WebPage","@id":"https:\/\/dpress.ma\/fr\/2026\/09\/01\/la-presidence-du-ministere-public-appelle-a-la-mobilisation-pour-garantir-la-probite-des-prochaines-echeances-electorales\/","url":"https:\/\/dpress.ma\/fr\/2026\/09\/01\/la-presidence-du-ministere-public-appelle-a-la-mobilisation-pour-garantir-la-probite-des-prochaines-echeances-electorales\/","name":"La Pr\u00e9sidence du Minist\u00e8re public appelle \u00e0 la mobilisation pour garantir la probit\u00e9 des prochaines \u00e9ch\u00e9ances \u00e9lectorales - Dpress.ma\/fr","isPartOf":{"@id":"https:\/\/dpress.ma\/fr\/#website"},"primaryImageOfPage":{"@id":"https:\/\/dpress.ma\/fr\/2026\/09\/01\/la-presidence-du-ministere-public-appelle-a-la-mobilisation-pour-garantir-la-probite-des-prochaines-echeances-electorales\/#primaryimage"},"image":{"@id":"https:\/\/dpress.ma\/fr\/2026\/09\/01\/la-presidence-du-ministere-public-appelle-a-la-mobilisation-pour-garantir-la-probite-des-prochaines-echeances-electorales\/#primaryimage"},"thumbnailUrl":"https:\/\/dpress.ma\/fr\/wp-content\/uploads\/sites\/2\/2026\/09\/La-Presidence-du-Ministere-public.jpg","datePublished":"2026-09-01T11:16:56+00:00","dateModified":"2026-09-01T11:17:02+00:00","author":{"@id":"https:\/\/dpress.ma\/fr\/#\/schema\/person\/4898febf3ccd59e6578d838656a306a0"},"breadcrumb":{"@id":"https:\/\/dpress.ma\/fr\/2026\/09\/01\/la-presidence-du-ministere-public-appelle-a-la-mobilisation-pour-garantir-la-probite-des-prochaines-echeances-electorales\/#breadcrumb"},"inLanguage":"fr-FR","potentialAction":[{"@type":"ReadAction","target":["https:\/\/dpress.ma\/fr\/2026\/09\/01\/la-presidence-du-ministere-public-appelle-a-la-mobilisation-pour-garantir-la-probite-des-prochaines-echeances-electorales\/"]}]},{"@type":"ImageObject","inLanguage":"fr-FR","@id":"https:\/\/dpress.ma\/fr\/2026\/09\/01\/la-presidence-du-ministere-public-appelle-a-la-mobilisation-pour-garantir-la-probite-des-prochaines-echeances-electorales\/#primaryimage","url":"https:\/\/dpress.ma\/fr\/wp-content\/uploads\/sites\/2\/2026\/09\/La-Presidence-du-Ministere-public.jpg","contentUrl":"https:\/\/dpress.ma\/fr\/wp-content\/uploads\/sites\/2\/2026\/09\/La-Presidence-du-Ministere-public.jpg","width":2539,"height":1594},{"@type":"BreadcrumbList","@id":"https:\/\/dpress.ma\/fr\/2026\/09\/01\/la-presidence-du-ministere-public-appelle-a-la-mobilisation-pour-garantir-la-probite-des-prochaines-echeances-electorales\/#breadcrumb","itemListElement":[{"@type":"ListItem","position":1,"name":"Home","item":"https:\/\/dpress.ma\/fr\/"},{"@type":"ListItem","position":2,"name":"La Pr\u00e9sidence du Minist\u00e8re public appelle \u00e0 la mobilisation pour garantir la probit\u00e9 des prochaines \u00e9ch\u00e9ances \u00e9lectorales"}]},{"@type":"WebSite","@id":"https:\/\/dpress.ma\/fr\/#website","url":"https:\/\/dpress.ma\/fr\/","name":"Dpress.ma\/fr","description":"","potentialAction":[{"@type":"SearchAction","target":{"@type":"EntryPoint","urlTemplate":"https:\/\/dpress.ma\/fr\/?s={search_term_string}"},"query-input":{"@type":"PropertyValueSpecification","valueRequired":true,"valueName":"search_term_string"}}],"inLanguage":"fr-FR"},{"@type":"Person","@id":"https:\/\/dpress.ma\/fr\/#\/schema\/person\/4898febf3ccd59e6578d838656a306a0","name":"Dpress.ma","image":{"@type":"ImageObject","inLanguage":"fr-FR","@id":"https:\/\/secure.gravatar.com\/avatar\/72ecc30e9db047a2e0e7176561eb9d564ed77c8108376495b19bd8336405198a?s=96&d=mm&r=g","url":"https:\/\/secure.gravatar.com\/avatar\/72ecc30e9db047a2e0e7176561eb9d564ed77c8108376495b19bd8336405198a?s=96&d=mm&r=g","contentUrl":"https:\/\/secure.gravatar.com\/avatar\/72ecc30e9db047a2e0e7176561eb9d564ed77c8108376495b19bd8336405198a?s=96&d=mm&r=g","caption":"Dpress.ma"},"sameAs":["https:\/\/www.dpress.ma"],"url":"https:\/\/dpress.ma\/fr\/author\/dpress-ma\/"}]}},"amp_enabled":true,"_links":{"self":[{"href":"https:\/\/dpress.ma\/fr\/wp-json\/wp\/v2\/posts\/38803","targetHints":{"allow":["GET"]}}],"collection":[{"href":"https:\/\/dpress.ma\/fr\/wp-json\/wp\/v2\/posts"}],"about":[{"href":"https:\/\/dpress.ma\/fr\/wp-json\/wp\/v2\/types\/post"}],"author":[{"embeddable":true,"href":"https:\/\/dpress.ma\/fr\/wp-json\/wp\/v2\/users\/2"}],"replies":[{"embeddable":true,"href":"https:\/\/dpress.ma\/fr\/wp-json\/wp\/v2\/comments?post=38803"}],"version-history":[{"count":1,"href":"https:\/\/dpress.ma\/fr\/wp-json\/wp\/v2\/posts\/38803\/revisions"}],"predecessor-version":[{"id":38805,"href":"https:\/\/dpress.ma\/fr\/wp-json\/wp\/v2\/posts\/38803\/revisions\/38805"}],"wp:featuredmedia":[{"embeddable":true,"href":"https:\/\/dpress.ma\/fr\/wp-json\/wp\/v2\/media\/38804"}],"wp:attachment":[{"href":"https:\/\/dpress.ma\/fr\/wp-json\/wp\/v2\/media?parent=38803"}],"wp:term":[{"taxonomy":"category","embeddable":true,"href":"https:\/\/dpress.ma\/fr\/wp-json\/wp\/v2\/categories?post=38803"},{"taxonomy":"post_tag","embeddable":true,"href":"https:\/\/dpress.ma\/fr\/wp-json\/wp\/v2\/tags?post=38803"}],"curies":[{"name":"wp","href":"https:\/\/api.w.org\/{rel}","templated":true}]}}