{"id":38796,"date":"2026-09-01T09:14:50","date_gmt":"2026-09-01T09:14:50","guid":{"rendered":"https:\/\/dpress.ma\/fr\/?p=38796"},"modified":"2026-09-01T09:14:54","modified_gmt":"2026-09-01T09:14:54","slug":"essaouira-remise-dun-don-royal-aux-chorfas-de-la-zaouia-regraguia","status":"publish","type":"post","link":"https:\/\/dpress.ma\/fr\/2026\/09\/01\/essaouira-remise-dun-don-royal-aux-chorfas-de-la-zaouia-regraguia\/","title":{"rendered":"Essaouira : Remise d\u2019un don Royal aux Chorfas de la Zaouia Regraguia"},"content":{"rendered":"\n<p class=\"wp-block-paragraph\">Dpress<\/p>\n\n\n\n<p class=\"wp-block-paragraph\">Une commission Royale a proc\u00e9d\u00e9, lundi \u00e0 Essaouira, \u00e0 la remise&nbsp;d&rsquo;un don Royal aux Chorfas de la Zaouia Regraguia, et ce, \u00e0 l\u2019occasion de la comm\u00e9moration du 28\u00e8me anniversaire de la disparition de Feu SM Hassan II, que Dieu ait Son \u00e2me.<\/p>\n\n\n\n<p class=\"wp-block-paragraph\">Ce don Royal a \u00e9t\u00e9 remis au Naquib de la Zaouia, Abdelaziz El Mokaddem, lors d&rsquo;une c\u00e9r\u00e9monie religieuse tenue au si\u00e8ge de la Zaouia Regraguia \u00e0 l&rsquo;ancienne m\u00e9dina d&rsquo;Essaouira, en pr\u00e9sence notamment du gouverneur de la province, Mohamed Rachid, du pr\u00e9sident du Conseil local des oul\u00e9mas, des chefs des services ext\u00e9rieurs, des repr\u00e9sentants des autorit\u00e9s locales, des disciples de la Zaouia, en plus&nbsp;d\u2019autres personnalit\u00e9s civiles et militaires.<\/p>\n\n\n\n<p class=\"wp-block-paragraph\">Apr\u00e8s d\u00e9clamation de versets du Saint Coran et de pan\u00e9gyriques du Proph\u00e8te Sidna Mohammed (PSL), l&rsquo;assistance a implor\u00e9 le Tout-Puissant de pr\u00e9server Sa Majest\u00e9 le Roi Mohammed VI, Amir Al Mouminine, et de combler le Souverain en les personnes de SAR le Prince H\u00e9ritier Moulay El Hassan, de SAR le Prince Moulay Rachid et de l&rsquo;ensemble des membres de l&rsquo;Illustre Famille Royale.<\/p>\n\n\n\n<p class=\"wp-block-paragraph\">Des pri\u00e8res ont \u00e9t\u00e9 \u00e9galement \u00e9lev\u00e9es pour le repos de l&rsquo;\u00e2me des regrett\u00e9s Souverains, feu SM Mohammed V et feu SM Hassan II, que Dieu les ait en Sa Sainte Mis\u00e9ricorde.<\/p>\n","protected":false},"excerpt":{"rendered":"<p>Dpress Une commission Royale a proc\u00e9d\u00e9, lundi \u00e0 Essaouira, \u00e0 la remise&nbsp;d&rsquo;un don Royal aux Chorfas de la Zaouia Regraguia, et ce, \u00e0 l\u2019occasion de la comm\u00e9moration du 28\u00e8me anniversaire de la disparition de Feu SM Hassan II, que Dieu ait Son \u00e2me. Ce don Royal a \u00e9t\u00e9 remis au Naquib de la Zaouia, Abdelaziz &hellip;<\/p>\n","protected":false},"author":2,"featured_media":38753,"comment_status":"open","ping_status":"open","sticky":false,"template":"","format":"standard","meta":{"footnotes":""},"categories":[40],"tags":[],"class_list":["post-38796","post","type-post","status-publish","format-standard","has-post-thumbnail","hentry","category-societe-et-regions"],"yoast_head":"<!-- This site is optimized with the Yoast SEO plugin v28.0 - https:\/\/yoast.com\/product\/yoast-seo-wordpress\/ -->\n<title>Essaouira : Remise d\u2019un don Royal aux Chorfas de la Zaouia Regraguia - Dpress.ma\/fr<\/title>\n<meta name=\"robots\" content=\"index, follow, max-snippet:-1, max-image-preview:large, max-video-preview:-1\" \/>\n<link rel=\"canonical\" href=\"https:\/\/dpress.ma\/fr\/2026\/09\/01\/essaouira-remise-dun-don-royal-aux-chorfas-de-la-zaouia-regraguia\/\" \/>\n<meta property=\"og:locale\" content=\"fr_FR\" \/>\n<meta property=\"og:type\" content=\"article\" \/>\n<meta property=\"og:title\" content=\"Essaouira : Remise d\u2019un don Royal aux Chorfas de la Zaouia Regraguia - Dpress.ma\/fr\" \/>\n<meta property=\"og:description\" content=\"Dpress Une commission Royale a proc\u00e9d\u00e9, lundi \u00e0 Essaouira, \u00e0 la remise&nbsp;d&rsquo;un don Royal aux Chorfas de la Zaouia Regraguia, et ce, \u00e0 l\u2019occasion de la comm\u00e9moration du 28\u00e8me anniversaire de la disparition de Feu SM Hassan II, que Dieu ait Son \u00e2me. Ce don Royal a \u00e9t\u00e9 remis au Naquib de la Zaouia, Abdelaziz &hellip;\" \/>\n<meta property=\"og:url\" content=\"https:\/\/dpress.ma\/fr\/2026\/09\/01\/essaouira-remise-dun-don-royal-aux-chorfas-de-la-zaouia-regraguia\/\" \/>\n<meta property=\"og:site_name\" content=\"Dpress.ma\/fr\" \/>\n<meta property=\"article:published_time\" content=\"2026-09-01T09:14:50+00:00\" \/>\n<meta property=\"article:modified_time\" content=\"2026-09-01T09:14:54+00:00\" \/>\n<meta property=\"og:image\" content=\"https:\/\/dpress.ma\/fr\/wp-content\/uploads\/sites\/2\/2026\/08\/roi.jpg\" \/>\n\t<meta property=\"og:image:width\" content=\"2539\" \/>\n\t<meta property=\"og:image:height\" content=\"1594\" \/>\n\t<meta property=\"og:image:type\" content=\"image\/jpeg\" \/>\n<meta name=\"author\" content=\"Dpress.ma\" \/>\n<meta name=\"twitter:card\" content=\"summary_large_image\" \/>\n<meta name=\"twitter:label1\" content=\"\u00c9crit par\" \/>\n\t<meta name=\"twitter:data1\" content=\"Dpress.ma\" \/>\n\t<meta name=\"twitter:label2\" content=\"Dur\u00e9e de lecture estim\u00e9e\" \/>\n\t<meta name=\"twitter:data2\" content=\"2 minutes\" \/>\n<script type=\"application\/ld+json\" class=\"yoast-schema-graph\">{\"@context\":\"https:\\\/\\\/schema.org\",\"@graph\":[{\"@type\":\"Article\",\"@id\":\"https:\\\/\\\/dpress.ma\\\/fr\\\/2026\\\/09\\\/01\\\/essaouira-remise-dun-don-royal-aux-chorfas-de-la-zaouia-regraguia\\\/#article\",\"isPartOf\":{\"@id\":\"https:\\\/\\\/dpress.ma\\\/fr\\\/2026\\\/09\\\/01\\\/essaouira-remise-dun-don-royal-aux-chorfas-de-la-zaouia-regraguia\\\/\"},\"author\":{\"name\":\"Dpress.ma\",\"@id\":\"https:\\\/\\\/dpress.ma\\\/fr\\\/#\\\/schema\\\/person\\\/4898febf3ccd59e6578d838656a306a0\"},\"headline\":\"Essaouira : Remise d\u2019un don Royal aux Chorfas de la Zaouia Regraguia\",\"datePublished\":\"2026-09-01T09:14:50+00:00\",\"dateModified\":\"2026-09-01T09:14:54+00:00\",\"mainEntityOfPage\":{\"@id\":\"https:\\\/\\\/dpress.ma\\\/fr\\\/2026\\\/09\\\/01\\\/essaouira-remise-dun-don-royal-aux-chorfas-de-la-zaouia-regraguia\\\/\"},\"wordCount\":241,\"commentCount\":0,\"image\":{\"@id\":\"https:\\\/\\\/dpress.ma\\\/fr\\\/2026\\\/09\\\/01\\\/essaouira-remise-dun-don-royal-aux-chorfas-de-la-zaouia-regraguia\\\/#primaryimage\"},\"thumbnailUrl\":\"https:\\\/\\\/dpress.ma\\\/fr\\\/wp-content\\\/uploads\\\/sites\\\/2\\\/2026\\\/08\\\/roi.jpg\",\"articleSection\":[\"societe et regions\"],\"inLanguage\":\"fr-FR\",\"potentialAction\":[{\"@type\":\"CommentAction\",\"name\":\"Comment\",\"target\":[\"https:\\\/\\\/dpress.ma\\\/fr\\\/2026\\\/09\\\/01\\\/essaouira-remise-dun-don-royal-aux-chorfas-de-la-zaouia-regraguia\\\/#respond\"]}]},{\"@type\":\"WebPage\",\"@id\":\"https:\\\/\\\/dpress.ma\\\/fr\\\/2026\\\/09\\\/01\\\/essaouira-remise-dun-don-royal-aux-chorfas-de-la-zaouia-regraguia\\\/\",\"url\":\"https:\\\/\\\/dpress.ma\\\/fr\\\/2026\\\/09\\\/01\\\/essaouira-remise-dun-don-royal-aux-chorfas-de-la-zaouia-regraguia\\\/\",\"name\":\"Essaouira : Remise d\u2019un don Royal aux Chorfas de la Zaouia Regraguia - Dpress.ma\\\/fr\",\"isPartOf\":{\"@id\":\"https:\\\/\\\/dpress.ma\\\/fr\\\/#website\"},\"primaryImageOfPage\":{\"@id\":\"https:\\\/\\\/dpress.ma\\\/fr\\\/2026\\\/09\\\/01\\\/essaouira-remise-dun-don-royal-aux-chorfas-de-la-zaouia-regraguia\\\/#primaryimage\"},\"image\":{\"@id\":\"https:\\\/\\\/dpress.ma\\\/fr\\\/2026\\\/09\\\/01\\\/essaouira-remise-dun-don-royal-aux-chorfas-de-la-zaouia-regraguia\\\/#primaryimage\"},\"thumbnailUrl\":\"https:\\\/\\\/dpress.ma\\\/fr\\\/wp-content\\\/uploads\\\/sites\\\/2\\\/2026\\\/08\\\/roi.jpg\",\"datePublished\":\"2026-09-01T09:14:50+00:00\",\"dateModified\":\"2026-09-01T09:14:54+00:00\",\"author\":{\"@id\":\"https:\\\/\\\/dpress.ma\\\/fr\\\/#\\\/schema\\\/person\\\/4898febf3ccd59e6578d838656a306a0\"},\"breadcrumb\":{\"@id\":\"https:\\\/\\\/dpress.ma\\\/fr\\\/2026\\\/09\\\/01\\\/essaouira-remise-dun-don-royal-aux-chorfas-de-la-zaouia-regraguia\\\/#breadcrumb\"},\"inLanguage\":\"fr-FR\",\"potentialAction\":[{\"@type\":\"ReadAction\",\"target\":[\"https:\\\/\\\/dpress.ma\\\/fr\\\/2026\\\/09\\\/01\\\/essaouira-remise-dun-don-royal-aux-chorfas-de-la-zaouia-regraguia\\\/\"]}]},{\"@type\":\"ImageObject\",\"inLanguage\":\"fr-FR\",\"@id\":\"https:\\\/\\\/dpress.ma\\\/fr\\\/2026\\\/09\\\/01\\\/essaouira-remise-dun-don-royal-aux-chorfas-de-la-zaouia-regraguia\\\/#primaryimage\",\"url\":\"https:\\\/\\\/dpress.ma\\\/fr\\\/wp-content\\\/uploads\\\/sites\\\/2\\\/2026\\\/08\\\/roi.jpg\",\"contentUrl\":\"https:\\\/\\\/dpress.ma\\\/fr\\\/wp-content\\\/uploads\\\/sites\\\/2\\\/2026\\\/08\\\/roi.jpg\",\"width\":2539,\"height\":1594},{\"@type\":\"BreadcrumbList\",\"@id\":\"https:\\\/\\\/dpress.ma\\\/fr\\\/2026\\\/09\\\/01\\\/essaouira-remise-dun-don-royal-aux-chorfas-de-la-zaouia-regraguia\\\/#breadcrumb\",\"itemListElement\":[{\"@type\":\"ListItem\",\"position\":1,\"name\":\"Home\",\"item\":\"https:\\\/\\\/dpress.ma\\\/fr\\\/\"},{\"@type\":\"ListItem\",\"position\":2,\"name\":\"Essaouira : Remise d\u2019un don Royal aux Chorfas de la Zaouia Regraguia\"}]},{\"@type\":\"WebSite\",\"@id\":\"https:\\\/\\\/dpress.ma\\\/fr\\\/#website\",\"url\":\"https:\\\/\\\/dpress.ma\\\/fr\\\/\",\"name\":\"Dpress.ma\\\/fr\",\"description\":\"\",\"potentialAction\":[{\"@type\":\"SearchAction\",\"target\":{\"@type\":\"EntryPoint\",\"urlTemplate\":\"https:\\\/\\\/dpress.ma\\\/fr\\\/?s={search_term_string}\"},\"query-input\":{\"@type\":\"PropertyValueSpecification\",\"valueRequired\":true,\"valueName\":\"search_term_string\"}}],\"inLanguage\":\"fr-FR\"},{\"@type\":\"Person\",\"@id\":\"https:\\\/\\\/dpress.ma\\\/fr\\\/#\\\/schema\\\/person\\\/4898febf3ccd59e6578d838656a306a0\",\"name\":\"Dpress.ma\",\"image\":{\"@type\":\"ImageObject\",\"inLanguage\":\"fr-FR\",\"@id\":\"https:\\\/\\\/secure.gravatar.com\\\/avatar\\\/72ecc30e9db047a2e0e7176561eb9d564ed77c8108376495b19bd8336405198a?s=96&d=mm&r=g\",\"url\":\"https:\\\/\\\/secure.gravatar.com\\\/avatar\\\/72ecc30e9db047a2e0e7176561eb9d564ed77c8108376495b19bd8336405198a?s=96&d=mm&r=g\",\"contentUrl\":\"https:\\\/\\\/secure.gravatar.com\\\/avatar\\\/72ecc30e9db047a2e0e7176561eb9d564ed77c8108376495b19bd8336405198a?s=96&d=mm&r=g\",\"caption\":\"Dpress.ma\"},\"sameAs\":[\"https:\\\/\\\/www.dpress.ma\"],\"url\":\"https:\\\/\\\/dpress.ma\\\/fr\\\/author\\\/dpress-ma\\\/\"}]}<\/script>\n<!-- \/ Yoast SEO plugin. -->","yoast_head_json":{"title":"Essaouira : Remise d\u2019un don Royal aux Chorfas de la Zaouia Regraguia - Dpress.ma\/fr","robots":{"index":"index","follow":"follow","max-snippet":"max-snippet:-1","max-image-preview":"max-image-preview:large","max-video-preview":"max-video-preview:-1"},"canonical":"https:\/\/dpress.ma\/fr\/2026\/09\/01\/essaouira-remise-dun-don-royal-aux-chorfas-de-la-zaouia-regraguia\/","og_locale":"fr_FR","og_type":"article","og_title":"Essaouira : Remise d\u2019un don Royal aux Chorfas de la Zaouia Regraguia - Dpress.ma\/fr","og_description":"Dpress Une commission Royale a proc\u00e9d\u00e9, lundi \u00e0 Essaouira, \u00e0 la remise&nbsp;d&rsquo;un don Royal aux Chorfas de la Zaouia Regraguia, et ce, \u00e0 l\u2019occasion de la comm\u00e9moration du 28\u00e8me anniversaire de la disparition de Feu SM Hassan II, que Dieu ait Son \u00e2me. Ce don Royal a \u00e9t\u00e9 remis au Naquib de la Zaouia, Abdelaziz &hellip;","og_url":"https:\/\/dpress.ma\/fr\/2026\/09\/01\/essaouira-remise-dun-don-royal-aux-chorfas-de-la-zaouia-regraguia\/","og_site_name":"Dpress.ma\/fr","article_published_time":"2026-09-01T09:14:50+00:00","article_modified_time":"2026-09-01T09:14:54+00:00","og_image":[{"width":2539,"height":1594,"url":"https:\/\/dpress.ma\/fr\/wp-content\/uploads\/sites\/2\/2026\/08\/roi.jpg","type":"image\/jpeg"}],"author":"Dpress.ma","twitter_card":"summary_large_image","twitter_misc":{"\u00c9crit par":"Dpress.ma","Dur\u00e9e de lecture estim\u00e9e":"2 minutes"},"schema":{"@context":"https:\/\/schema.org","@graph":[{"@type":"Article","@id":"https:\/\/dpress.ma\/fr\/2026\/09\/01\/essaouira-remise-dun-don-royal-aux-chorfas-de-la-zaouia-regraguia\/#article","isPartOf":{"@id":"https:\/\/dpress.ma\/fr\/2026\/09\/01\/essaouira-remise-dun-don-royal-aux-chorfas-de-la-zaouia-regraguia\/"},"author":{"name":"Dpress.ma","@id":"https:\/\/dpress.ma\/fr\/#\/schema\/person\/4898febf3ccd59e6578d838656a306a0"},"headline":"Essaouira : Remise d\u2019un don Royal aux Chorfas de la Zaouia Regraguia","datePublished":"2026-09-01T09:14:50+00:00","dateModified":"2026-09-01T09:14:54+00:00","mainEntityOfPage":{"@id":"https:\/\/dpress.ma\/fr\/2026\/09\/01\/essaouira-remise-dun-don-royal-aux-chorfas-de-la-zaouia-regraguia\/"},"wordCount":241,"commentCount":0,"image":{"@id":"https:\/\/dpress.ma\/fr\/2026\/09\/01\/essaouira-remise-dun-don-royal-aux-chorfas-de-la-zaouia-regraguia\/#primaryimage"},"thumbnailUrl":"https:\/\/dpress.ma\/fr\/wp-content\/uploads\/sites\/2\/2026\/08\/roi.jpg","articleSection":["societe et regions"],"inLanguage":"fr-FR","potentialAction":[{"@type":"CommentAction","name":"Comment","target":["https:\/\/dpress.ma\/fr\/2026\/09\/01\/essaouira-remise-dun-don-royal-aux-chorfas-de-la-zaouia-regraguia\/#respond"]}]},{"@type":"WebPage","@id":"https:\/\/dpress.ma\/fr\/2026\/09\/01\/essaouira-remise-dun-don-royal-aux-chorfas-de-la-zaouia-regraguia\/","url":"https:\/\/dpress.ma\/fr\/2026\/09\/01\/essaouira-remise-dun-don-royal-aux-chorfas-de-la-zaouia-regraguia\/","name":"Essaouira : Remise d\u2019un don Royal aux Chorfas de la Zaouia Regraguia - Dpress.ma\/fr","isPartOf":{"@id":"https:\/\/dpress.ma\/fr\/#website"},"primaryImageOfPage":{"@id":"https:\/\/dpress.ma\/fr\/2026\/09\/01\/essaouira-remise-dun-don-royal-aux-chorfas-de-la-zaouia-regraguia\/#primaryimage"},"image":{"@id":"https:\/\/dpress.ma\/fr\/2026\/09\/01\/essaouira-remise-dun-don-royal-aux-chorfas-de-la-zaouia-regraguia\/#primaryimage"},"thumbnailUrl":"https:\/\/dpress.ma\/fr\/wp-content\/uploads\/sites\/2\/2026\/08\/roi.jpg","datePublished":"2026-09-01T09:14:50+00:00","dateModified":"2026-09-01T09:14:54+00:00","author":{"@id":"https:\/\/dpress.ma\/fr\/#\/schema\/person\/4898febf3ccd59e6578d838656a306a0"},"breadcrumb":{"@id":"https:\/\/dpress.ma\/fr\/2026\/09\/01\/essaouira-remise-dun-don-royal-aux-chorfas-de-la-zaouia-regraguia\/#breadcrumb"},"inLanguage":"fr-FR","potentialAction":[{"@type":"ReadAction","target":["https:\/\/dpress.ma\/fr\/2026\/09\/01\/essaouira-remise-dun-don-royal-aux-chorfas-de-la-zaouia-regraguia\/"]}]},{"@type":"ImageObject","inLanguage":"fr-FR","@id":"https:\/\/dpress.ma\/fr\/2026\/09\/01\/essaouira-remise-dun-don-royal-aux-chorfas-de-la-zaouia-regraguia\/#primaryimage","url":"https:\/\/dpress.ma\/fr\/wp-content\/uploads\/sites\/2\/2026\/08\/roi.jpg","contentUrl":"https:\/\/dpress.ma\/fr\/wp-content\/uploads\/sites\/2\/2026\/08\/roi.jpg","width":2539,"height":1594},{"@type":"BreadcrumbList","@id":"https:\/\/dpress.ma\/fr\/2026\/09\/01\/essaouira-remise-dun-don-royal-aux-chorfas-de-la-zaouia-regraguia\/#breadcrumb","itemListElement":[{"@type":"ListItem","position":1,"name":"Home","item":"https:\/\/dpress.ma\/fr\/"},{"@type":"ListItem","position":2,"name":"Essaouira : Remise d\u2019un don Royal aux Chorfas de la Zaouia Regraguia"}]},{"@type":"WebSite","@id":"https:\/\/dpress.ma\/fr\/#website","url":"https:\/\/dpress.ma\/fr\/","name":"Dpress.ma\/fr","description":"","potentialAction":[{"@type":"SearchAction","target":{"@type":"EntryPoint","urlTemplate":"https:\/\/dpress.ma\/fr\/?s={search_term_string}"},"query-input":{"@type":"PropertyValueSpecification","valueRequired":true,"valueName":"search_term_string"}}],"inLanguage":"fr-FR"},{"@type":"Person","@id":"https:\/\/dpress.ma\/fr\/#\/schema\/person\/4898febf3ccd59e6578d838656a306a0","name":"Dpress.ma","image":{"@type":"ImageObject","inLanguage":"fr-FR","@id":"https:\/\/secure.gravatar.com\/avatar\/72ecc30e9db047a2e0e7176561eb9d564ed77c8108376495b19bd8336405198a?s=96&d=mm&r=g","url":"https:\/\/secure.gravatar.com\/avatar\/72ecc30e9db047a2e0e7176561eb9d564ed77c8108376495b19bd8336405198a?s=96&d=mm&r=g","contentUrl":"https:\/\/secure.gravatar.com\/avatar\/72ecc30e9db047a2e0e7176561eb9d564ed77c8108376495b19bd8336405198a?s=96&d=mm&r=g","caption":"Dpress.ma"},"sameAs":["https:\/\/www.dpress.ma"],"url":"https:\/\/dpress.ma\/fr\/author\/dpress-ma\/"}]}},"amp_enabled":true,"_links":{"self":[{"href":"https:\/\/dpress.ma\/fr\/wp-json\/wp\/v2\/posts\/38796","targetHints":{"allow":["GET"]}}],"collection":[{"href":"https:\/\/dpress.ma\/fr\/wp-json\/wp\/v2\/posts"}],"about":[{"href":"https:\/\/dpress.ma\/fr\/wp-json\/wp\/v2\/types\/post"}],"author":[{"embeddable":true,"href":"https:\/\/dpress.ma\/fr\/wp-json\/wp\/v2\/users\/2"}],"replies":[{"embeddable":true,"href":"https:\/\/dpress.ma\/fr\/wp-json\/wp\/v2\/comments?post=38796"}],"version-history":[{"count":1,"href":"https:\/\/dpress.ma\/fr\/wp-json\/wp\/v2\/posts\/38796\/revisions"}],"predecessor-version":[{"id":38797,"href":"https:\/\/dpress.ma\/fr\/wp-json\/wp\/v2\/posts\/38796\/revisions\/38797"}],"wp:featuredmedia":[{"embeddable":true,"href":"https:\/\/dpress.ma\/fr\/wp-json\/wp\/v2\/media\/38753"}],"wp:attachment":[{"href":"https:\/\/dpress.ma\/fr\/wp-json\/wp\/v2\/media?parent=38796"}],"wp:term":[{"taxonomy":"category","embeddable":true,"href":"https:\/\/dpress.ma\/fr\/wp-json\/wp\/v2\/categories?post=38796"},{"taxonomy":"post_tag","embeddable":true,"href":"https:\/\/dpress.ma\/fr\/wp-json\/wp\/v2\/tags?post=38796"}],"curies":[{"name":"wp","href":"https:\/\/api.w.org\/{rel}","templated":true}]}}