{"id":38780,"date":"2026-08-31T15:38:20","date_gmt":"2026-08-31T15:38:20","guid":{"rendered":"https:\/\/dpress.ma\/fr\/?p=38780"},"modified":"2026-08-31T15:38:23","modified_gmt":"2026-08-31T15:38:23","slug":"loncf-adapte-son-plan-de-transport-a-lavancement-des-travaux","status":"publish","type":"post","link":"https:\/\/dpress.ma\/fr\/2026\/08\/31\/loncf-adapte-son-plan-de-transport-a-lavancement-des-travaux\/","title":{"rendered":"L\u2019ONCF adapte son plan de transport \u00e0 l\u2019avancement des travaux"},"content":{"rendered":"\n<p class=\"wp-block-paragraph\">Dpress<\/p>\n\n\n\n<p class=\"wp-block-paragraph\">L\u2019Office National des Chemins de Fer (ONCF) informe ses voyageurs que des adaptations temporaires de la circulation des trains interviendront au cours des prochaines semaines, dans le cadre de l\u2019avancement des travaux de la Ligne \u00e0 Grande Vitesse Kenitra-Marrakech et des interventions men\u00e9es parall\u00e8lement sur les lignes conventionnelles.<\/p>\n\n\n\n<p class=\"wp-block-paragraph\">Rendues n\u00e9cessaires par la progression des chantiers, ces mesures visent \u00e0 accompagner la mont\u00e9e en cadence des travaux dans des conditions optimales de s\u00e9curit\u00e9, tout en veillant \u00e0 maintenir la continuit\u00e9 du service dans les meilleures conditions possibles, indique l&rsquo;ONCF dans un communiqu\u00e9.<\/p>\n\n\n\n<p class=\"wp-block-paragraph\">Ces adaptations interviendront en deux temps. La premi\u00e8re \u00e9tape porte sur des adaptations ponctuelles les 5 et 6 septembre 2026. Ainsi, des travaux programm\u00e9s du samedi 5 septembre \u00e0 23h00 au dimanche 6 septembre \u00e0 23h00 entra\u00eeneront des adaptations de la circulation ferroviaire sur plusieurs dessertes.<\/p>\n\n\n\n<p class=\"wp-block-paragraph\">Afin d&rsquo;assurer la continuit\u00e9 des d\u00e9placements des voyageurs concern\u00e9s, l&rsquo;ONCF mettra en place des solutions alternatives et des dispositifs de correspondance :<\/p>\n\n\n\n<p class=\"wp-block-paragraph\">&#8211;&nbsp; TNR El Jadida : limitation des trains \u00e0 Bouskoura, avec correspondance vers les trains Al Atlas;<\/p>\n\n\n\n<p class=\"wp-block-paragraph\">&#8211; TNR Settat : suspension temporaire de la desserte et orientation des voyageurs vers les trains Al Atlas;<\/p>\n\n\n\n<p class=\"wp-block-paragraph\">&#8211; TNR A\u00e9roport : suspension temporaire de la desserte ferroviaire, remplac\u00e9e par des navettes autocars Supratours;<\/p>\n\n\n\n<p class=\"wp-block-paragraph\">&#8211;&nbsp; Safi-Casablanca : suspension du train direct reliant les deux villes;<\/p>\n\n\n\n<p class=\"wp-block-paragraph\">&#8211;&nbsp; Khouribga : limitation des trains \u00e0 Berrechid, avec correspondance vers les trains Al Atlas;<\/p>\n\n\n\n<p class=\"wp-block-paragraph\">&#8211; Trains Al Atlas : des retards et des ajustements des temps de parcours sont \u00e0 pr\u00e9voir.<\/p>\n\n\n\n<p class=\"wp-block-paragraph\">Durant cette p\u00e9riode, l&rsquo;ONCF d\u00e9ploiera un dispositif d&rsquo;information et d&rsquo;accompagnement renforc\u00e9 pour informer les voyageurs en temps utile, les orienter et faciliter leurs d\u00e9placements.<\/p>\n\n\n\n<p class=\"wp-block-paragraph\">Concernant la seconde \u00e9tape, un nouveau plan de transport est pr\u00e9vu \u00e0 compter du 14 septembre 2026. Apr\u00e8s une premi\u00e8re phase engag\u00e9e le 15 septembre 2025, les travaux de la Ligne \u00e0 Grande Vitesse Kenitra-Marrakech entreront, \u00e0 compter du 14 septembre 2026, dans une nouvelle \u00e9tape.<\/p>\n\n\n\n<p class=\"wp-block-paragraph\">Dans le d\u00e9tail, ce nouveau plan de transport est con\u00e7u pour adapter les circulations aux contraintes du chantier tout en assurant la continuit\u00e9 du service et en limitant, autant que possible, l\u2019impact sur les d\u00e9placements des voyageurs.<\/p>\n\n\n\n<p class=\"wp-block-paragraph\">Ledit plan pr\u00e9voit notamment des adaptations de certaines dessertes, des modifications d&rsquo;horaires, des limitations de parcours, ainsi que la fermeture progressive de certaines gares, dont la gare des Facult\u00e9s et la gare Ennassim.<\/p>\n\n\n\n<p class=\"wp-block-paragraph\">Pour permettre aux voyageurs d&rsquo;anticiper au mieux leurs d\u00e9placements, l&rsquo;ONCF communiquera, \u00e0 partir de la semaine du 7 septembre 2026, le d\u00e9tail de l&rsquo;ensemble de ces adaptations ainsi que leurs impacts sur les diff\u00e9rents axes.<\/p>\n\n\n\n<p class=\"wp-block-paragraph\">Des dispositifs d&rsquo;information et d&rsquo;accompagnement seront par ailleurs d\u00e9ploy\u00e9s dans les gares, \u00e0 bord des trains et sur les canaux digitaux de l&rsquo;ONCF, afin de garantir une information claire et actualis\u00e9e.<\/p>\n\n\n\n<p class=\"wp-block-paragraph\">Ces chantiers participent pleinement \u00e0 la dynamique de modernisation, de d\u00e9veloppement et de transformation du r\u00e9seau ferroviaire national, au service d\u2019une mobilit\u00e9 plus performante, plus durable et mieux adapt\u00e9e aux besoins de demain.<\/p>\n\n\n\n<p class=\"wp-block-paragraph\">Pour toute information compl\u00e9mentaire, les voyageurs sont invit\u00e9s \u00e0 consulter les horaires de leurs trains avant tout d\u00e9placement, \u00e0 travers les canaux officiels de l&rsquo;ONCF, \u00e0 savoir le site marchand : \u00ab\u00a0www.oncf-voyages.ma\u00a0\u00bb , l&rsquo;application mobile \u00ab\u00a0ONCF Voyages\u00a0\u00bb, le centre de Relations Clients : 2255 (co\u00fbt de la communication locale) ainsi que la Chatbot M&rsquo;ONCF (06 67 65 22 55), conclut le communiqu\u00e9.<\/p>\n\n\n\n<p class=\"wp-block-paragraph\"><a href=\"https:\/\/www.facebook.com\/sharer\/sharer.php?u=https:\/\/www.mapexpress.ma\/actualite\/economie-et-finance\/loncf-adapte-plan-transport-lavancement-travaux\/\" target=\"_blank\" rel=\"noopener\"><\/a> <a href=\"https:\/\/x.com\/intent\/tweet?url=https:\/\/www.mapexpress.ma\/actualite\/economie-et-finance\/loncf-adapte-plan-transport-lavancement-travaux\/&amp;text=L%E2%80%99ONCF+adapte+son+plan+de+transport+%C3%A0+l%E2%80%99avancement+des+travaux\" target=\"_blank\" rel=\"noopener\"><\/a> <a href=\"https:\/\/www.linkedin.com\/feed\/?shareUrl=https:\/\/www.mapexpress.ma\/actualite\/economie-et-finance\/loncf-adapte-plan-transport-lavancement-travaux\/\" target=\"_blank\" rel=\"noopener\"><\/a><a href=\"https:\/\/api.whatsapp.com\/send?text=L%E2%80%99ONCF+adapte+son+plan+de+transport+%C3%A0+l%E2%80%99avancement+des+travaux+https%3A%2F%2Fwww.mapexpress.ma%2Factualite%2Feconomie-et-finance%2Floncf-adapte-plan-transport-lavancement-travaux%2F\" target=\"_blank\" rel=\"noopener\"><\/a><\/p>\n","protected":false},"excerpt":{"rendered":"<p>Dpress L\u2019Office National des Chemins de Fer (ONCF) informe ses voyageurs que des adaptations temporaires de la circulation des trains interviendront au cours des prochaines semaines, dans le cadre de l\u2019avancement des travaux de la Ligne \u00e0 Grande Vitesse Kenitra-Marrakech et des interventions men\u00e9es parall\u00e8lement sur les lignes conventionnelles. Rendues n\u00e9cessaires par la progression des &hellip;<\/p>\n","protected":false},"author":2,"featured_media":38781,"comment_status":"open","ping_status":"open","sticky":false,"template":"","format":"standard","meta":{"footnotes":""},"categories":[25],"tags":[],"class_list":["post-38780","post","type-post","status-publish","format-standard","has-post-thumbnail","hentry","category-economie"],"yoast_head":"<!-- This site is optimized with the Yoast SEO plugin v28.0 - https:\/\/yoast.com\/product\/yoast-seo-wordpress\/ -->\n<title>L\u2019ONCF adapte son plan de transport \u00e0 l\u2019avancement des travaux - Dpress.ma\/fr<\/title>\n<meta name=\"robots\" content=\"index, follow, max-snippet:-1, max-image-preview:large, max-video-preview:-1\" \/>\n<link rel=\"canonical\" href=\"https:\/\/dpress.ma\/fr\/2026\/08\/31\/loncf-adapte-son-plan-de-transport-a-lavancement-des-travaux\/\" \/>\n<meta property=\"og:locale\" content=\"fr_FR\" \/>\n<meta property=\"og:type\" content=\"article\" \/>\n<meta property=\"og:title\" content=\"L\u2019ONCF adapte son plan de transport \u00e0 l\u2019avancement des travaux - Dpress.ma\/fr\" \/>\n<meta property=\"og:description\" content=\"Dpress L\u2019Office National des Chemins de Fer (ONCF) informe ses voyageurs que des adaptations temporaires de la circulation des trains interviendront au cours des prochaines semaines, dans le cadre de l\u2019avancement des travaux de la Ligne \u00e0 Grande Vitesse Kenitra-Marrakech et des interventions men\u00e9es parall\u00e8lement sur les lignes conventionnelles. Rendues n\u00e9cessaires par la progression des &hellip;\" \/>\n<meta property=\"og:url\" content=\"https:\/\/dpress.ma\/fr\/2026\/08\/31\/loncf-adapte-son-plan-de-transport-a-lavancement-des-travaux\/\" \/>\n<meta property=\"og:site_name\" content=\"Dpress.ma\/fr\" \/>\n<meta property=\"article:published_time\" content=\"2026-08-31T15:38:20+00:00\" \/>\n<meta property=\"article:modified_time\" content=\"2026-08-31T15:38:23+00:00\" \/>\n<meta property=\"og:image\" content=\"https:\/\/dpress.ma\/fr\/wp-content\/uploads\/sites\/2\/2026\/08\/LONCF.jpg\" \/>\n\t<meta property=\"og:image:width\" content=\"2539\" \/>\n\t<meta property=\"og:image:height\" content=\"1594\" \/>\n\t<meta property=\"og:image:type\" content=\"image\/jpeg\" \/>\n<meta name=\"author\" content=\"Dpress.ma\" \/>\n<meta name=\"twitter:card\" content=\"summary_large_image\" \/>\n<meta name=\"twitter:label1\" content=\"\u00c9crit par\" \/>\n\t<meta name=\"twitter:data1\" content=\"Dpress.ma\" \/>\n\t<meta name=\"twitter:label2\" content=\"Dur\u00e9e de lecture estim\u00e9e\" \/>\n\t<meta name=\"twitter:data2\" content=\"3 minutes\" \/>\n<script type=\"application\/ld+json\" class=\"yoast-schema-graph\">{\"@context\":\"https:\\\/\\\/schema.org\",\"@graph\":[{\"@type\":\"Article\",\"@id\":\"https:\\\/\\\/dpress.ma\\\/fr\\\/2026\\\/08\\\/31\\\/loncf-adapte-son-plan-de-transport-a-lavancement-des-travaux\\\/#article\",\"isPartOf\":{\"@id\":\"https:\\\/\\\/dpress.ma\\\/fr\\\/2026\\\/08\\\/31\\\/loncf-adapte-son-plan-de-transport-a-lavancement-des-travaux\\\/\"},\"author\":{\"name\":\"Dpress.ma\",\"@id\":\"https:\\\/\\\/dpress.ma\\\/fr\\\/#\\\/schema\\\/person\\\/4898febf3ccd59e6578d838656a306a0\"},\"headline\":\"L\u2019ONCF adapte son plan de transport \u00e0 l\u2019avancement des travaux\",\"datePublished\":\"2026-08-31T15:38:20+00:00\",\"dateModified\":\"2026-08-31T15:38:23+00:00\",\"mainEntityOfPage\":{\"@id\":\"https:\\\/\\\/dpress.ma\\\/fr\\\/2026\\\/08\\\/31\\\/loncf-adapte-son-plan-de-transport-a-lavancement-des-travaux\\\/\"},\"wordCount\":567,\"commentCount\":0,\"image\":{\"@id\":\"https:\\\/\\\/dpress.ma\\\/fr\\\/2026\\\/08\\\/31\\\/loncf-adapte-son-plan-de-transport-a-lavancement-des-travaux\\\/#primaryimage\"},\"thumbnailUrl\":\"https:\\\/\\\/dpress.ma\\\/fr\\\/wp-content\\\/uploads\\\/sites\\\/2\\\/2026\\\/08\\\/LONCF.jpg\",\"articleSection\":[\"\u00c9conomie\"],\"inLanguage\":\"fr-FR\",\"potentialAction\":[{\"@type\":\"CommentAction\",\"name\":\"Comment\",\"target\":[\"https:\\\/\\\/dpress.ma\\\/fr\\\/2026\\\/08\\\/31\\\/loncf-adapte-son-plan-de-transport-a-lavancement-des-travaux\\\/#respond\"]}]},{\"@type\":\"WebPage\",\"@id\":\"https:\\\/\\\/dpress.ma\\\/fr\\\/2026\\\/08\\\/31\\\/loncf-adapte-son-plan-de-transport-a-lavancement-des-travaux\\\/\",\"url\":\"https:\\\/\\\/dpress.ma\\\/fr\\\/2026\\\/08\\\/31\\\/loncf-adapte-son-plan-de-transport-a-lavancement-des-travaux\\\/\",\"name\":\"L\u2019ONCF adapte son plan de transport \u00e0 l\u2019avancement des travaux - Dpress.ma\\\/fr\",\"isPartOf\":{\"@id\":\"https:\\\/\\\/dpress.ma\\\/fr\\\/#website\"},\"primaryImageOfPage\":{\"@id\":\"https:\\\/\\\/dpress.ma\\\/fr\\\/2026\\\/08\\\/31\\\/loncf-adapte-son-plan-de-transport-a-lavancement-des-travaux\\\/#primaryimage\"},\"image\":{\"@id\":\"https:\\\/\\\/dpress.ma\\\/fr\\\/2026\\\/08\\\/31\\\/loncf-adapte-son-plan-de-transport-a-lavancement-des-travaux\\\/#primaryimage\"},\"thumbnailUrl\":\"https:\\\/\\\/dpress.ma\\\/fr\\\/wp-content\\\/uploads\\\/sites\\\/2\\\/2026\\\/08\\\/LONCF.jpg\",\"datePublished\":\"2026-08-31T15:38:20+00:00\",\"dateModified\":\"2026-08-31T15:38:23+00:00\",\"author\":{\"@id\":\"https:\\\/\\\/dpress.ma\\\/fr\\\/#\\\/schema\\\/person\\\/4898febf3ccd59e6578d838656a306a0\"},\"breadcrumb\":{\"@id\":\"https:\\\/\\\/dpress.ma\\\/fr\\\/2026\\\/08\\\/31\\\/loncf-adapte-son-plan-de-transport-a-lavancement-des-travaux\\\/#breadcrumb\"},\"inLanguage\":\"fr-FR\",\"potentialAction\":[{\"@type\":\"ReadAction\",\"target\":[\"https:\\\/\\\/dpress.ma\\\/fr\\\/2026\\\/08\\\/31\\\/loncf-adapte-son-plan-de-transport-a-lavancement-des-travaux\\\/\"]}]},{\"@type\":\"ImageObject\",\"inLanguage\":\"fr-FR\",\"@id\":\"https:\\\/\\\/dpress.ma\\\/fr\\\/2026\\\/08\\\/31\\\/loncf-adapte-son-plan-de-transport-a-lavancement-des-travaux\\\/#primaryimage\",\"url\":\"https:\\\/\\\/dpress.ma\\\/fr\\\/wp-content\\\/uploads\\\/sites\\\/2\\\/2026\\\/08\\\/LONCF.jpg\",\"contentUrl\":\"https:\\\/\\\/dpress.ma\\\/fr\\\/wp-content\\\/uploads\\\/sites\\\/2\\\/2026\\\/08\\\/LONCF.jpg\",\"width\":2539,\"height\":1594},{\"@type\":\"BreadcrumbList\",\"@id\":\"https:\\\/\\\/dpress.ma\\\/fr\\\/2026\\\/08\\\/31\\\/loncf-adapte-son-plan-de-transport-a-lavancement-des-travaux\\\/#breadcrumb\",\"itemListElement\":[{\"@type\":\"ListItem\",\"position\":1,\"name\":\"Home\",\"item\":\"https:\\\/\\\/dpress.ma\\\/fr\\\/\"},{\"@type\":\"ListItem\",\"position\":2,\"name\":\"L\u2019ONCF adapte son plan de transport \u00e0 l\u2019avancement des travaux\"}]},{\"@type\":\"WebSite\",\"@id\":\"https:\\\/\\\/dpress.ma\\\/fr\\\/#website\",\"url\":\"https:\\\/\\\/dpress.ma\\\/fr\\\/\",\"name\":\"Dpress.ma\\\/fr\",\"description\":\"\",\"potentialAction\":[{\"@type\":\"SearchAction\",\"target\":{\"@type\":\"EntryPoint\",\"urlTemplate\":\"https:\\\/\\\/dpress.ma\\\/fr\\\/?s={search_term_string}\"},\"query-input\":{\"@type\":\"PropertyValueSpecification\",\"valueRequired\":true,\"valueName\":\"search_term_string\"}}],\"inLanguage\":\"fr-FR\"},{\"@type\":\"Person\",\"@id\":\"https:\\\/\\\/dpress.ma\\\/fr\\\/#\\\/schema\\\/person\\\/4898febf3ccd59e6578d838656a306a0\",\"name\":\"Dpress.ma\",\"image\":{\"@type\":\"ImageObject\",\"inLanguage\":\"fr-FR\",\"@id\":\"https:\\\/\\\/secure.gravatar.com\\\/avatar\\\/72ecc30e9db047a2e0e7176561eb9d564ed77c8108376495b19bd8336405198a?s=96&d=mm&r=g\",\"url\":\"https:\\\/\\\/secure.gravatar.com\\\/avatar\\\/72ecc30e9db047a2e0e7176561eb9d564ed77c8108376495b19bd8336405198a?s=96&d=mm&r=g\",\"contentUrl\":\"https:\\\/\\\/secure.gravatar.com\\\/avatar\\\/72ecc30e9db047a2e0e7176561eb9d564ed77c8108376495b19bd8336405198a?s=96&d=mm&r=g\",\"caption\":\"Dpress.ma\"},\"sameAs\":[\"https:\\\/\\\/www.dpress.ma\"],\"url\":\"https:\\\/\\\/dpress.ma\\\/fr\\\/author\\\/dpress-ma\\\/\"}]}<\/script>\n<!-- \/ Yoast SEO plugin. -->","yoast_head_json":{"title":"L\u2019ONCF adapte son plan de transport \u00e0 l\u2019avancement des travaux - Dpress.ma\/fr","robots":{"index":"index","follow":"follow","max-snippet":"max-snippet:-1","max-image-preview":"max-image-preview:large","max-video-preview":"max-video-preview:-1"},"canonical":"https:\/\/dpress.ma\/fr\/2026\/08\/31\/loncf-adapte-son-plan-de-transport-a-lavancement-des-travaux\/","og_locale":"fr_FR","og_type":"article","og_title":"L\u2019ONCF adapte son plan de transport \u00e0 l\u2019avancement des travaux - Dpress.ma\/fr","og_description":"Dpress L\u2019Office National des Chemins de Fer (ONCF) informe ses voyageurs que des adaptations temporaires de la circulation des trains interviendront au cours des prochaines semaines, dans le cadre de l\u2019avancement des travaux de la Ligne \u00e0 Grande Vitesse Kenitra-Marrakech et des interventions men\u00e9es parall\u00e8lement sur les lignes conventionnelles. Rendues n\u00e9cessaires par la progression des &hellip;","og_url":"https:\/\/dpress.ma\/fr\/2026\/08\/31\/loncf-adapte-son-plan-de-transport-a-lavancement-des-travaux\/","og_site_name":"Dpress.ma\/fr","article_published_time":"2026-08-31T15:38:20+00:00","article_modified_time":"2026-08-31T15:38:23+00:00","og_image":[{"width":2539,"height":1594,"url":"https:\/\/dpress.ma\/fr\/wp-content\/uploads\/sites\/2\/2026\/08\/LONCF.jpg","type":"image\/jpeg"}],"author":"Dpress.ma","twitter_card":"summary_large_image","twitter_misc":{"\u00c9crit par":"Dpress.ma","Dur\u00e9e de lecture estim\u00e9e":"3 minutes"},"schema":{"@context":"https:\/\/schema.org","@graph":[{"@type":"Article","@id":"https:\/\/dpress.ma\/fr\/2026\/08\/31\/loncf-adapte-son-plan-de-transport-a-lavancement-des-travaux\/#article","isPartOf":{"@id":"https:\/\/dpress.ma\/fr\/2026\/08\/31\/loncf-adapte-son-plan-de-transport-a-lavancement-des-travaux\/"},"author":{"name":"Dpress.ma","@id":"https:\/\/dpress.ma\/fr\/#\/schema\/person\/4898febf3ccd59e6578d838656a306a0"},"headline":"L\u2019ONCF adapte son plan de transport \u00e0 l\u2019avancement des travaux","datePublished":"2026-08-31T15:38:20+00:00","dateModified":"2026-08-31T15:38:23+00:00","mainEntityOfPage":{"@id":"https:\/\/dpress.ma\/fr\/2026\/08\/31\/loncf-adapte-son-plan-de-transport-a-lavancement-des-travaux\/"},"wordCount":567,"commentCount":0,"image":{"@id":"https:\/\/dpress.ma\/fr\/2026\/08\/31\/loncf-adapte-son-plan-de-transport-a-lavancement-des-travaux\/#primaryimage"},"thumbnailUrl":"https:\/\/dpress.ma\/fr\/wp-content\/uploads\/sites\/2\/2026\/08\/LONCF.jpg","articleSection":["\u00c9conomie"],"inLanguage":"fr-FR","potentialAction":[{"@type":"CommentAction","name":"Comment","target":["https:\/\/dpress.ma\/fr\/2026\/08\/31\/loncf-adapte-son-plan-de-transport-a-lavancement-des-travaux\/#respond"]}]},{"@type":"WebPage","@id":"https:\/\/dpress.ma\/fr\/2026\/08\/31\/loncf-adapte-son-plan-de-transport-a-lavancement-des-travaux\/","url":"https:\/\/dpress.ma\/fr\/2026\/08\/31\/loncf-adapte-son-plan-de-transport-a-lavancement-des-travaux\/","name":"L\u2019ONCF adapte son plan de transport \u00e0 l\u2019avancement des travaux - Dpress.ma\/fr","isPartOf":{"@id":"https:\/\/dpress.ma\/fr\/#website"},"primaryImageOfPage":{"@id":"https:\/\/dpress.ma\/fr\/2026\/08\/31\/loncf-adapte-son-plan-de-transport-a-lavancement-des-travaux\/#primaryimage"},"image":{"@id":"https:\/\/dpress.ma\/fr\/2026\/08\/31\/loncf-adapte-son-plan-de-transport-a-lavancement-des-travaux\/#primaryimage"},"thumbnailUrl":"https:\/\/dpress.ma\/fr\/wp-content\/uploads\/sites\/2\/2026\/08\/LONCF.jpg","datePublished":"2026-08-31T15:38:20+00:00","dateModified":"2026-08-31T15:38:23+00:00","author":{"@id":"https:\/\/dpress.ma\/fr\/#\/schema\/person\/4898febf3ccd59e6578d838656a306a0"},"breadcrumb":{"@id":"https:\/\/dpress.ma\/fr\/2026\/08\/31\/loncf-adapte-son-plan-de-transport-a-lavancement-des-travaux\/#breadcrumb"},"inLanguage":"fr-FR","potentialAction":[{"@type":"ReadAction","target":["https:\/\/dpress.ma\/fr\/2026\/08\/31\/loncf-adapte-son-plan-de-transport-a-lavancement-des-travaux\/"]}]},{"@type":"ImageObject","inLanguage":"fr-FR","@id":"https:\/\/dpress.ma\/fr\/2026\/08\/31\/loncf-adapte-son-plan-de-transport-a-lavancement-des-travaux\/#primaryimage","url":"https:\/\/dpress.ma\/fr\/wp-content\/uploads\/sites\/2\/2026\/08\/LONCF.jpg","contentUrl":"https:\/\/dpress.ma\/fr\/wp-content\/uploads\/sites\/2\/2026\/08\/LONCF.jpg","width":2539,"height":1594},{"@type":"BreadcrumbList","@id":"https:\/\/dpress.ma\/fr\/2026\/08\/31\/loncf-adapte-son-plan-de-transport-a-lavancement-des-travaux\/#breadcrumb","itemListElement":[{"@type":"ListItem","position":1,"name":"Home","item":"https:\/\/dpress.ma\/fr\/"},{"@type":"ListItem","position":2,"name":"L\u2019ONCF adapte son plan de transport \u00e0 l\u2019avancement des travaux"}]},{"@type":"WebSite","@id":"https:\/\/dpress.ma\/fr\/#website","url":"https:\/\/dpress.ma\/fr\/","name":"Dpress.ma\/fr","description":"","potentialAction":[{"@type":"SearchAction","target":{"@type":"EntryPoint","urlTemplate":"https:\/\/dpress.ma\/fr\/?s={search_term_string}"},"query-input":{"@type":"PropertyValueSpecification","valueRequired":true,"valueName":"search_term_string"}}],"inLanguage":"fr-FR"},{"@type":"Person","@id":"https:\/\/dpress.ma\/fr\/#\/schema\/person\/4898febf3ccd59e6578d838656a306a0","name":"Dpress.ma","image":{"@type":"ImageObject","inLanguage":"fr-FR","@id":"https:\/\/secure.gravatar.com\/avatar\/72ecc30e9db047a2e0e7176561eb9d564ed77c8108376495b19bd8336405198a?s=96&d=mm&r=g","url":"https:\/\/secure.gravatar.com\/avatar\/72ecc30e9db047a2e0e7176561eb9d564ed77c8108376495b19bd8336405198a?s=96&d=mm&r=g","contentUrl":"https:\/\/secure.gravatar.com\/avatar\/72ecc30e9db047a2e0e7176561eb9d564ed77c8108376495b19bd8336405198a?s=96&d=mm&r=g","caption":"Dpress.ma"},"sameAs":["https:\/\/www.dpress.ma"],"url":"https:\/\/dpress.ma\/fr\/author\/dpress-ma\/"}]}},"amp_enabled":true,"_links":{"self":[{"href":"https:\/\/dpress.ma\/fr\/wp-json\/wp\/v2\/posts\/38780","targetHints":{"allow":["GET"]}}],"collection":[{"href":"https:\/\/dpress.ma\/fr\/wp-json\/wp\/v2\/posts"}],"about":[{"href":"https:\/\/dpress.ma\/fr\/wp-json\/wp\/v2\/types\/post"}],"author":[{"embeddable":true,"href":"https:\/\/dpress.ma\/fr\/wp-json\/wp\/v2\/users\/2"}],"replies":[{"embeddable":true,"href":"https:\/\/dpress.ma\/fr\/wp-json\/wp\/v2\/comments?post=38780"}],"version-history":[{"count":1,"href":"https:\/\/dpress.ma\/fr\/wp-json\/wp\/v2\/posts\/38780\/revisions"}],"predecessor-version":[{"id":38782,"href":"https:\/\/dpress.ma\/fr\/wp-json\/wp\/v2\/posts\/38780\/revisions\/38782"}],"wp:featuredmedia":[{"embeddable":true,"href":"https:\/\/dpress.ma\/fr\/wp-json\/wp\/v2\/media\/38781"}],"wp:attachment":[{"href":"https:\/\/dpress.ma\/fr\/wp-json\/wp\/v2\/media?parent=38780"}],"wp:term":[{"taxonomy":"category","embeddable":true,"href":"https:\/\/dpress.ma\/fr\/wp-json\/wp\/v2\/categories?post=38780"},{"taxonomy":"post_tag","embeddable":true,"href":"https:\/\/dpress.ma\/fr\/wp-json\/wp\/v2\/tags?post=38780"}],"curies":[{"name":"wp","href":"https:\/\/api.w.org\/{rel}","templated":true}]}}