{"id":38778,"date":"2026-08-31T15:34:34","date_gmt":"2026-08-31T15:34:34","guid":{"rendered":"https:\/\/dpress.ma\/fr\/?p=38778"},"modified":"2026-08-31T15:34:37","modified_gmt":"2026-08-31T15:34:37","slug":"casablanca-remise-dun-don-royal-au-mausolee-sidi-belyout","status":"publish","type":"post","link":"https:\/\/dpress.ma\/fr\/2026\/08\/31\/casablanca-remise-dun-don-royal-au-mausolee-sidi-belyout\/","title":{"rendered":"Casablanca : Remise d\u2019un Don Royal au Mausol\u00e9e Sidi Belyout"},"content":{"rendered":"\n<p class=\"wp-block-paragraph\">Dpress<\/p>\n\n\n\n<p class=\"wp-block-paragraph\">Une commission royale a proc\u00e9d\u00e9, lundi \u00e0 Casablanca, \u00e0 la remise d\u2019un don royal au Mausol\u00e9e Sidi Belyout, et ce, \u00e0 l\u2019occasion de la comm\u00e9moration du 28\u00e8me anniversaire de la disparition de Feu SM Hassan II, que Dieu ait Son \u00e2me.<\/p>\n\n\n\n<p class=\"wp-block-paragraph\">La remise de ce&nbsp;don&nbsp;royal s\u2019est d\u00e9roul\u00e9e lors d\u2019une c\u00e9r\u00e9monie religieuse en pr\u00e9sence notamment du gouverneur de la pr\u00e9fecture d\u2019arrondissements de Casablanca-Anfa, Abdelkhaleq Merzouki, du pr\u00e9sident du Conseil local des Oul\u00e9mas ainsi que des responsables des services ext\u00e9rieurs et d\u2019autres personnalit\u00e9s civiles et militaires.<\/p>\n\n\n\n<p class=\"wp-block-paragraph\">Apr\u00e8s la r\u00e9citation de versets du Saint Coran, l&rsquo;assistance a \u00e9lev\u00e9 des pri\u00e8res implorant le Tout-Puissant de pr\u00e9server SM le Roi Mohammed VI, Amir Al Mouminine, de couronner de succ\u00e8s Ses actions et de combler le Souverain en les personnes de SAR le Prince H\u00e9ritier Moulay El Hassan, de SAR le Prince Moulay Rachid et de l&rsquo;ensemble des membres de l&rsquo;Illustre Famille Royale.<\/p>\n\n\n\n<p class=\"wp-block-paragraph\">Des pri\u00e8res ont \u00e9t\u00e9 \u00e9galement \u00e9lev\u00e9es pour le repos de l&rsquo;\u00e2me des regrett\u00e9s Souverains, feu SM Mohammed V et feu SM Hassan II, que Dieu les ait en Sa Sainte Mis\u00e9ricorde.<\/p>\n","protected":false},"excerpt":{"rendered":"<p>Dpress Une commission royale a proc\u00e9d\u00e9, lundi \u00e0 Casablanca, \u00e0 la remise d\u2019un don royal au Mausol\u00e9e Sidi Belyout, et ce, \u00e0 l\u2019occasion de la comm\u00e9moration du 28\u00e8me anniversaire de la disparition de Feu SM Hassan II, que Dieu ait Son \u00e2me. La remise de ce&nbsp;don&nbsp;royal s\u2019est d\u00e9roul\u00e9e lors d\u2019une c\u00e9r\u00e9monie religieuse en pr\u00e9sence notamment &hellip;<\/p>\n","protected":false},"author":2,"featured_media":38753,"comment_status":"open","ping_status":"open","sticky":false,"template":"","format":"standard","meta":{"footnotes":""},"categories":[40],"tags":[],"class_list":["post-38778","post","type-post","status-publish","format-standard","has-post-thumbnail","hentry","category-societe-et-regions"],"yoast_head":"<!-- This site is optimized with the Yoast SEO plugin v28.0 - https:\/\/yoast.com\/product\/yoast-seo-wordpress\/ -->\n<title>Casablanca : Remise d\u2019un Don Royal au Mausol\u00e9e Sidi Belyout - Dpress.ma\/fr<\/title>\n<meta name=\"robots\" content=\"index, follow, max-snippet:-1, max-image-preview:large, max-video-preview:-1\" \/>\n<link rel=\"canonical\" href=\"https:\/\/dpress.ma\/fr\/2026\/08\/31\/casablanca-remise-dun-don-royal-au-mausolee-sidi-belyout\/\" \/>\n<meta property=\"og:locale\" content=\"fr_FR\" \/>\n<meta property=\"og:type\" content=\"article\" \/>\n<meta property=\"og:title\" content=\"Casablanca : Remise d\u2019un Don Royal au Mausol\u00e9e Sidi Belyout - Dpress.ma\/fr\" \/>\n<meta property=\"og:description\" content=\"Dpress Une commission royale a proc\u00e9d\u00e9, lundi \u00e0 Casablanca, \u00e0 la remise d\u2019un don royal au Mausol\u00e9e Sidi Belyout, et ce, \u00e0 l\u2019occasion de la comm\u00e9moration du 28\u00e8me anniversaire de la disparition de Feu SM Hassan II, que Dieu ait Son \u00e2me. La remise de ce&nbsp;don&nbsp;royal s\u2019est d\u00e9roul\u00e9e lors d\u2019une c\u00e9r\u00e9monie religieuse en pr\u00e9sence notamment &hellip;\" \/>\n<meta property=\"og:url\" content=\"https:\/\/dpress.ma\/fr\/2026\/08\/31\/casablanca-remise-dun-don-royal-au-mausolee-sidi-belyout\/\" \/>\n<meta property=\"og:site_name\" content=\"Dpress.ma\/fr\" \/>\n<meta property=\"article:published_time\" content=\"2026-08-31T15:34:34+00:00\" \/>\n<meta property=\"article:modified_time\" content=\"2026-08-31T15:34:37+00:00\" \/>\n<meta property=\"og:image\" content=\"https:\/\/dpress.ma\/fr\/wp-content\/uploads\/sites\/2\/2026\/08\/roi.jpg\" \/>\n\t<meta property=\"og:image:width\" content=\"2539\" \/>\n\t<meta property=\"og:image:height\" content=\"1594\" \/>\n\t<meta property=\"og:image:type\" content=\"image\/jpeg\" \/>\n<meta name=\"author\" content=\"Dpress.ma\" \/>\n<meta name=\"twitter:card\" content=\"summary_large_image\" \/>\n<meta name=\"twitter:label1\" content=\"\u00c9crit par\" \/>\n\t<meta name=\"twitter:data1\" content=\"Dpress.ma\" \/>\n\t<meta name=\"twitter:label2\" content=\"Dur\u00e9e de lecture estim\u00e9e\" \/>\n\t<meta name=\"twitter:data2\" content=\"1 minute\" \/>\n<script type=\"application\/ld+json\" class=\"yoast-schema-graph\">{\"@context\":\"https:\\\/\\\/schema.org\",\"@graph\":[{\"@type\":\"Article\",\"@id\":\"https:\\\/\\\/dpress.ma\\\/fr\\\/2026\\\/08\\\/31\\\/casablanca-remise-dun-don-royal-au-mausolee-sidi-belyout\\\/#article\",\"isPartOf\":{\"@id\":\"https:\\\/\\\/dpress.ma\\\/fr\\\/2026\\\/08\\\/31\\\/casablanca-remise-dun-don-royal-au-mausolee-sidi-belyout\\\/\"},\"author\":{\"name\":\"Dpress.ma\",\"@id\":\"https:\\\/\\\/dpress.ma\\\/fr\\\/#\\\/schema\\\/person\\\/4898febf3ccd59e6578d838656a306a0\"},\"headline\":\"Casablanca : Remise d\u2019un Don Royal au Mausol\u00e9e Sidi Belyout\",\"datePublished\":\"2026-08-31T15:34:34+00:00\",\"dateModified\":\"2026-08-31T15:34:37+00:00\",\"mainEntityOfPage\":{\"@id\":\"https:\\\/\\\/dpress.ma\\\/fr\\\/2026\\\/08\\\/31\\\/casablanca-remise-dun-don-royal-au-mausolee-sidi-belyout\\\/\"},\"wordCount\":221,\"commentCount\":0,\"image\":{\"@id\":\"https:\\\/\\\/dpress.ma\\\/fr\\\/2026\\\/08\\\/31\\\/casablanca-remise-dun-don-royal-au-mausolee-sidi-belyout\\\/#primaryimage\"},\"thumbnailUrl\":\"https:\\\/\\\/dpress.ma\\\/fr\\\/wp-content\\\/uploads\\\/sites\\\/2\\\/2026\\\/08\\\/roi.jpg\",\"articleSection\":[\"societe et regions\"],\"inLanguage\":\"fr-FR\",\"potentialAction\":[{\"@type\":\"CommentAction\",\"name\":\"Comment\",\"target\":[\"https:\\\/\\\/dpress.ma\\\/fr\\\/2026\\\/08\\\/31\\\/casablanca-remise-dun-don-royal-au-mausolee-sidi-belyout\\\/#respond\"]}]},{\"@type\":\"WebPage\",\"@id\":\"https:\\\/\\\/dpress.ma\\\/fr\\\/2026\\\/08\\\/31\\\/casablanca-remise-dun-don-royal-au-mausolee-sidi-belyout\\\/\",\"url\":\"https:\\\/\\\/dpress.ma\\\/fr\\\/2026\\\/08\\\/31\\\/casablanca-remise-dun-don-royal-au-mausolee-sidi-belyout\\\/\",\"name\":\"Casablanca : Remise d\u2019un Don Royal au Mausol\u00e9e Sidi Belyout - Dpress.ma\\\/fr\",\"isPartOf\":{\"@id\":\"https:\\\/\\\/dpress.ma\\\/fr\\\/#website\"},\"primaryImageOfPage\":{\"@id\":\"https:\\\/\\\/dpress.ma\\\/fr\\\/2026\\\/08\\\/31\\\/casablanca-remise-dun-don-royal-au-mausolee-sidi-belyout\\\/#primaryimage\"},\"image\":{\"@id\":\"https:\\\/\\\/dpress.ma\\\/fr\\\/2026\\\/08\\\/31\\\/casablanca-remise-dun-don-royal-au-mausolee-sidi-belyout\\\/#primaryimage\"},\"thumbnailUrl\":\"https:\\\/\\\/dpress.ma\\\/fr\\\/wp-content\\\/uploads\\\/sites\\\/2\\\/2026\\\/08\\\/roi.jpg\",\"datePublished\":\"2026-08-31T15:34:34+00:00\",\"dateModified\":\"2026-08-31T15:34:37+00:00\",\"author\":{\"@id\":\"https:\\\/\\\/dpress.ma\\\/fr\\\/#\\\/schema\\\/person\\\/4898febf3ccd59e6578d838656a306a0\"},\"breadcrumb\":{\"@id\":\"https:\\\/\\\/dpress.ma\\\/fr\\\/2026\\\/08\\\/31\\\/casablanca-remise-dun-don-royal-au-mausolee-sidi-belyout\\\/#breadcrumb\"},\"inLanguage\":\"fr-FR\",\"potentialAction\":[{\"@type\":\"ReadAction\",\"target\":[\"https:\\\/\\\/dpress.ma\\\/fr\\\/2026\\\/08\\\/31\\\/casablanca-remise-dun-don-royal-au-mausolee-sidi-belyout\\\/\"]}]},{\"@type\":\"ImageObject\",\"inLanguage\":\"fr-FR\",\"@id\":\"https:\\\/\\\/dpress.ma\\\/fr\\\/2026\\\/08\\\/31\\\/casablanca-remise-dun-don-royal-au-mausolee-sidi-belyout\\\/#primaryimage\",\"url\":\"https:\\\/\\\/dpress.ma\\\/fr\\\/wp-content\\\/uploads\\\/sites\\\/2\\\/2026\\\/08\\\/roi.jpg\",\"contentUrl\":\"https:\\\/\\\/dpress.ma\\\/fr\\\/wp-content\\\/uploads\\\/sites\\\/2\\\/2026\\\/08\\\/roi.jpg\",\"width\":2539,\"height\":1594},{\"@type\":\"BreadcrumbList\",\"@id\":\"https:\\\/\\\/dpress.ma\\\/fr\\\/2026\\\/08\\\/31\\\/casablanca-remise-dun-don-royal-au-mausolee-sidi-belyout\\\/#breadcrumb\",\"itemListElement\":[{\"@type\":\"ListItem\",\"position\":1,\"name\":\"Home\",\"item\":\"https:\\\/\\\/dpress.ma\\\/fr\\\/\"},{\"@type\":\"ListItem\",\"position\":2,\"name\":\"Casablanca : Remise d\u2019un Don Royal au Mausol\u00e9e Sidi Belyout\"}]},{\"@type\":\"WebSite\",\"@id\":\"https:\\\/\\\/dpress.ma\\\/fr\\\/#website\",\"url\":\"https:\\\/\\\/dpress.ma\\\/fr\\\/\",\"name\":\"Dpress.ma\\\/fr\",\"description\":\"\",\"potentialAction\":[{\"@type\":\"SearchAction\",\"target\":{\"@type\":\"EntryPoint\",\"urlTemplate\":\"https:\\\/\\\/dpress.ma\\\/fr\\\/?s={search_term_string}\"},\"query-input\":{\"@type\":\"PropertyValueSpecification\",\"valueRequired\":true,\"valueName\":\"search_term_string\"}}],\"inLanguage\":\"fr-FR\"},{\"@type\":\"Person\",\"@id\":\"https:\\\/\\\/dpress.ma\\\/fr\\\/#\\\/schema\\\/person\\\/4898febf3ccd59e6578d838656a306a0\",\"name\":\"Dpress.ma\",\"image\":{\"@type\":\"ImageObject\",\"inLanguage\":\"fr-FR\",\"@id\":\"https:\\\/\\\/secure.gravatar.com\\\/avatar\\\/72ecc30e9db047a2e0e7176561eb9d564ed77c8108376495b19bd8336405198a?s=96&d=mm&r=g\",\"url\":\"https:\\\/\\\/secure.gravatar.com\\\/avatar\\\/72ecc30e9db047a2e0e7176561eb9d564ed77c8108376495b19bd8336405198a?s=96&d=mm&r=g\",\"contentUrl\":\"https:\\\/\\\/secure.gravatar.com\\\/avatar\\\/72ecc30e9db047a2e0e7176561eb9d564ed77c8108376495b19bd8336405198a?s=96&d=mm&r=g\",\"caption\":\"Dpress.ma\"},\"sameAs\":[\"https:\\\/\\\/www.dpress.ma\"],\"url\":\"https:\\\/\\\/dpress.ma\\\/fr\\\/author\\\/dpress-ma\\\/\"}]}<\/script>\n<!-- \/ Yoast SEO plugin. -->","yoast_head_json":{"title":"Casablanca : Remise d\u2019un Don Royal au Mausol\u00e9e Sidi Belyout - Dpress.ma\/fr","robots":{"index":"index","follow":"follow","max-snippet":"max-snippet:-1","max-image-preview":"max-image-preview:large","max-video-preview":"max-video-preview:-1"},"canonical":"https:\/\/dpress.ma\/fr\/2026\/08\/31\/casablanca-remise-dun-don-royal-au-mausolee-sidi-belyout\/","og_locale":"fr_FR","og_type":"article","og_title":"Casablanca : Remise d\u2019un Don Royal au Mausol\u00e9e Sidi Belyout - Dpress.ma\/fr","og_description":"Dpress Une commission royale a proc\u00e9d\u00e9, lundi \u00e0 Casablanca, \u00e0 la remise d\u2019un don royal au Mausol\u00e9e Sidi Belyout, et ce, \u00e0 l\u2019occasion de la comm\u00e9moration du 28\u00e8me anniversaire de la disparition de Feu SM Hassan II, que Dieu ait Son \u00e2me. La remise de ce&nbsp;don&nbsp;royal s\u2019est d\u00e9roul\u00e9e lors d\u2019une c\u00e9r\u00e9monie religieuse en pr\u00e9sence notamment &hellip;","og_url":"https:\/\/dpress.ma\/fr\/2026\/08\/31\/casablanca-remise-dun-don-royal-au-mausolee-sidi-belyout\/","og_site_name":"Dpress.ma\/fr","article_published_time":"2026-08-31T15:34:34+00:00","article_modified_time":"2026-08-31T15:34:37+00:00","og_image":[{"width":2539,"height":1594,"url":"https:\/\/dpress.ma\/fr\/wp-content\/uploads\/sites\/2\/2026\/08\/roi.jpg","type":"image\/jpeg"}],"author":"Dpress.ma","twitter_card":"summary_large_image","twitter_misc":{"\u00c9crit par":"Dpress.ma","Dur\u00e9e de lecture estim\u00e9e":"1 minute"},"schema":{"@context":"https:\/\/schema.org","@graph":[{"@type":"Article","@id":"https:\/\/dpress.ma\/fr\/2026\/08\/31\/casablanca-remise-dun-don-royal-au-mausolee-sidi-belyout\/#article","isPartOf":{"@id":"https:\/\/dpress.ma\/fr\/2026\/08\/31\/casablanca-remise-dun-don-royal-au-mausolee-sidi-belyout\/"},"author":{"name":"Dpress.ma","@id":"https:\/\/dpress.ma\/fr\/#\/schema\/person\/4898febf3ccd59e6578d838656a306a0"},"headline":"Casablanca : Remise d\u2019un Don Royal au Mausol\u00e9e Sidi Belyout","datePublished":"2026-08-31T15:34:34+00:00","dateModified":"2026-08-31T15:34:37+00:00","mainEntityOfPage":{"@id":"https:\/\/dpress.ma\/fr\/2026\/08\/31\/casablanca-remise-dun-don-royal-au-mausolee-sidi-belyout\/"},"wordCount":221,"commentCount":0,"image":{"@id":"https:\/\/dpress.ma\/fr\/2026\/08\/31\/casablanca-remise-dun-don-royal-au-mausolee-sidi-belyout\/#primaryimage"},"thumbnailUrl":"https:\/\/dpress.ma\/fr\/wp-content\/uploads\/sites\/2\/2026\/08\/roi.jpg","articleSection":["societe et regions"],"inLanguage":"fr-FR","potentialAction":[{"@type":"CommentAction","name":"Comment","target":["https:\/\/dpress.ma\/fr\/2026\/08\/31\/casablanca-remise-dun-don-royal-au-mausolee-sidi-belyout\/#respond"]}]},{"@type":"WebPage","@id":"https:\/\/dpress.ma\/fr\/2026\/08\/31\/casablanca-remise-dun-don-royal-au-mausolee-sidi-belyout\/","url":"https:\/\/dpress.ma\/fr\/2026\/08\/31\/casablanca-remise-dun-don-royal-au-mausolee-sidi-belyout\/","name":"Casablanca : Remise d\u2019un Don Royal au Mausol\u00e9e Sidi Belyout - Dpress.ma\/fr","isPartOf":{"@id":"https:\/\/dpress.ma\/fr\/#website"},"primaryImageOfPage":{"@id":"https:\/\/dpress.ma\/fr\/2026\/08\/31\/casablanca-remise-dun-don-royal-au-mausolee-sidi-belyout\/#primaryimage"},"image":{"@id":"https:\/\/dpress.ma\/fr\/2026\/08\/31\/casablanca-remise-dun-don-royal-au-mausolee-sidi-belyout\/#primaryimage"},"thumbnailUrl":"https:\/\/dpress.ma\/fr\/wp-content\/uploads\/sites\/2\/2026\/08\/roi.jpg","datePublished":"2026-08-31T15:34:34+00:00","dateModified":"2026-08-31T15:34:37+00:00","author":{"@id":"https:\/\/dpress.ma\/fr\/#\/schema\/person\/4898febf3ccd59e6578d838656a306a0"},"breadcrumb":{"@id":"https:\/\/dpress.ma\/fr\/2026\/08\/31\/casablanca-remise-dun-don-royal-au-mausolee-sidi-belyout\/#breadcrumb"},"inLanguage":"fr-FR","potentialAction":[{"@type":"ReadAction","target":["https:\/\/dpress.ma\/fr\/2026\/08\/31\/casablanca-remise-dun-don-royal-au-mausolee-sidi-belyout\/"]}]},{"@type":"ImageObject","inLanguage":"fr-FR","@id":"https:\/\/dpress.ma\/fr\/2026\/08\/31\/casablanca-remise-dun-don-royal-au-mausolee-sidi-belyout\/#primaryimage","url":"https:\/\/dpress.ma\/fr\/wp-content\/uploads\/sites\/2\/2026\/08\/roi.jpg","contentUrl":"https:\/\/dpress.ma\/fr\/wp-content\/uploads\/sites\/2\/2026\/08\/roi.jpg","width":2539,"height":1594},{"@type":"BreadcrumbList","@id":"https:\/\/dpress.ma\/fr\/2026\/08\/31\/casablanca-remise-dun-don-royal-au-mausolee-sidi-belyout\/#breadcrumb","itemListElement":[{"@type":"ListItem","position":1,"name":"Home","item":"https:\/\/dpress.ma\/fr\/"},{"@type":"ListItem","position":2,"name":"Casablanca : Remise d\u2019un Don Royal au Mausol\u00e9e Sidi Belyout"}]},{"@type":"WebSite","@id":"https:\/\/dpress.ma\/fr\/#website","url":"https:\/\/dpress.ma\/fr\/","name":"Dpress.ma\/fr","description":"","potentialAction":[{"@type":"SearchAction","target":{"@type":"EntryPoint","urlTemplate":"https:\/\/dpress.ma\/fr\/?s={search_term_string}"},"query-input":{"@type":"PropertyValueSpecification","valueRequired":true,"valueName":"search_term_string"}}],"inLanguage":"fr-FR"},{"@type":"Person","@id":"https:\/\/dpress.ma\/fr\/#\/schema\/person\/4898febf3ccd59e6578d838656a306a0","name":"Dpress.ma","image":{"@type":"ImageObject","inLanguage":"fr-FR","@id":"https:\/\/secure.gravatar.com\/avatar\/72ecc30e9db047a2e0e7176561eb9d564ed77c8108376495b19bd8336405198a?s=96&d=mm&r=g","url":"https:\/\/secure.gravatar.com\/avatar\/72ecc30e9db047a2e0e7176561eb9d564ed77c8108376495b19bd8336405198a?s=96&d=mm&r=g","contentUrl":"https:\/\/secure.gravatar.com\/avatar\/72ecc30e9db047a2e0e7176561eb9d564ed77c8108376495b19bd8336405198a?s=96&d=mm&r=g","caption":"Dpress.ma"},"sameAs":["https:\/\/www.dpress.ma"],"url":"https:\/\/dpress.ma\/fr\/author\/dpress-ma\/"}]}},"amp_enabled":true,"_links":{"self":[{"href":"https:\/\/dpress.ma\/fr\/wp-json\/wp\/v2\/posts\/38778","targetHints":{"allow":["GET"]}}],"collection":[{"href":"https:\/\/dpress.ma\/fr\/wp-json\/wp\/v2\/posts"}],"about":[{"href":"https:\/\/dpress.ma\/fr\/wp-json\/wp\/v2\/types\/post"}],"author":[{"embeddable":true,"href":"https:\/\/dpress.ma\/fr\/wp-json\/wp\/v2\/users\/2"}],"replies":[{"embeddable":true,"href":"https:\/\/dpress.ma\/fr\/wp-json\/wp\/v2\/comments?post=38778"}],"version-history":[{"count":1,"href":"https:\/\/dpress.ma\/fr\/wp-json\/wp\/v2\/posts\/38778\/revisions"}],"predecessor-version":[{"id":38779,"href":"https:\/\/dpress.ma\/fr\/wp-json\/wp\/v2\/posts\/38778\/revisions\/38779"}],"wp:featuredmedia":[{"embeddable":true,"href":"https:\/\/dpress.ma\/fr\/wp-json\/wp\/v2\/media\/38753"}],"wp:attachment":[{"href":"https:\/\/dpress.ma\/fr\/wp-json\/wp\/v2\/media?parent=38778"}],"wp:term":[{"taxonomy":"category","embeddable":true,"href":"https:\/\/dpress.ma\/fr\/wp-json\/wp\/v2\/categories?post=38778"},{"taxonomy":"post_tag","embeddable":true,"href":"https:\/\/dpress.ma\/fr\/wp-json\/wp\/v2\/tags?post=38778"}],"curies":[{"name":"wp","href":"https:\/\/api.w.org\/{rel}","templated":true}]}}