{"id":38758,"date":"2026-08-31T09:30:59","date_gmt":"2026-08-31T09:30:59","guid":{"rendered":"https:\/\/dpress.ma\/fr\/?p=38758"},"modified":"2026-08-31T09:31:02","modified_gmt":"2026-08-31T09:31:02","slug":"les-cardiologues-marocains-participent-en-force-a-lesc-congress-2026-a-munich","status":"publish","type":"post","link":"https:\/\/dpress.ma\/fr\/2026\/08\/31\/les-cardiologues-marocains-participent-en-force-a-lesc-congress-2026-a-munich\/","title":{"rendered":"Les cardiologues marocains participent en force \u00e0 l\u2019ESC Congress 2026 \u00e0 Munich"},"content":{"rendered":"\n<p class=\"wp-block-paragraph\">Dpress<\/p>\n\n\n\n<p class=\"wp-block-paragraph\">Les cardiologues marocains prennent part avec force,&nbsp;aux c\u00f4t\u00e9s de m\u00e9decins, chercheurs, experts et professionnels de sant\u00e9 de plusieurs pays,&nbsp;\u00e0 l\u2019\u00e9dition 2026 du Congr\u00e8s international de la cardiologie, qui se tient du 28 au 31 ao\u00fbt \u00e0 Munich en l&rsquo;Allemagne, \u00e0 l&rsquo;initiative de l'\u00a0\u00bbEuropean Society of Cardiology\u00a0\u00bb (ESC).<\/p>\n\n\n\n<p class=\"wp-block-paragraph\">Le ESC Congress 2026 constitue une occasion pour suivre les derni\u00e8res avanc\u00e9es en mati\u00e8re de pr\u00e9vention, de diagnostic et de traitement des maladies cardiovasculaires et de renforcer les \u00e9changes avec les soci\u00e9t\u00e9s et organismes sp\u00e9cialis\u00e9s, a indiqu\u00e9, \u00e0 cette occasion, la&nbsp;Soci\u00e9t\u00e9 Marocaine de Cardiologie (SMC), qui participe \u00e0 ce rendez-vous scientifique mondial.<\/p>\n\n\n\n<p class=\"wp-block-paragraph\">Cette participation permet d\u2019examiner de nouvelles perspectives de coop\u00e9ration dans les domaines de la recherche scientifique, de la formation m\u00e9dicale continue et de l\u2019\u00e9change d\u2019expertises entre m\u00e9decins et chercheurs, pr\u00e9cise la SMC dans un communiqu\u00e9.<\/p>\n\n\n\n<p class=\"wp-block-paragraph\">Elle vient&nbsp;traduire l&rsquo;engagement de la SMC \u00e0 renforcer la pr\u00e9sence de la m\u00e9decine marocaine sur la sc\u00e8ne scientifique internationale, \u00e0 s\u2019ouvrir aux exp\u00e9riences et expertises mondiales et \u00e0 accompagner les \u00e9volutions rapides que conna\u00eet la cardiologie, estime le pr\u00e9sident de la SMC, Mbarek Nazzi.<\/p>\n\n\n\n<p class=\"wp-block-paragraph\">Les \u00e9changes avec les diff\u00e9rentes soci\u00e9t\u00e9s internationales, souligne-t-il, constituent une occasion de construire des relations scientifiques et professionnelles durables et de d\u00e9velopper la coop\u00e9ration dans les domaines de la recherche, de la formation m\u00e9dicale et de la pratique de la cardiologie.<\/p>\n\n\n\n<p class=\"wp-block-paragraph\">Le ESC Congress offre l\u2019occasion de prendre connaissance des derni\u00e8res recherches, \u00e9tudes et exp\u00e9riences cliniques ainsi que des avanc\u00e9es en mati\u00e8re de diagnostic pr\u00e9coce, de traitements modernes et de technologies m\u00e9dicales, selon la SMC, qui souligne \u00e9galement la place croissante de la m\u00e9decine num\u00e9rique et de l\u2019intelligence artificielle dans le domaine.<\/p>\n\n\n\n<p class=\"wp-block-paragraph\">La participation marocaine \u00e0 ce Congr\u00e8s international a \u00e9t\u00e9 marqu\u00e9e par une conf\u00e9rence conjointe avec&nbsp;la Soci\u00e9t\u00e9 tunisienne de cardiologie, qui s&rsquo;est d\u00e9roul\u00e9e en pr\u00e9sence du Consul G\u00e9n\u00e9ral du&nbsp;Royaume du Maroc \u00e0 Francfort, Khalifa Ait Chaib. Les deux associations ont pr\u00e9sent\u00e9 \u00e0 cette occasion&nbsp;leurs activit\u00e9s et exp\u00e9riences dans les domaines de la pr\u00e9vention, du diagnostic, du traitement, de la recherche scientifique et de la formation m\u00e9dicale continue, tout en favorisant la coop\u00e9ration scientifique maghr\u00e9bine.<\/p>\n\n\n\n<p class=\"wp-block-paragraph\">Le programme de l\u2019ESC Congress 2026, qui doit r\u00e9unir plus de 30.000 participants venus de plus de 150 pays, pr\u00e9voit notamment la pr\u00e9sentation de nouvelles donn\u00e9es cliniques et recommandations tout en accordant une place importante \u00e0 l\u2019intelligence artificielle et \u00e0 ses applications en cardiologie,&nbsp;selon les organisateurs.<\/p>\n\n\n\n<p class=\"wp-block-paragraph\"><a href=\"https:\/\/www.facebook.com\/sharer\/sharer.php?u=https:\/\/www.mapexpress.ma\/actualite\/monde\/les-cardiologues-marocains-participent-en-force-lesc-congress-2026-munich\/\" target=\"_blank\" rel=\"noopener\"><\/a> <a href=\"https:\/\/x.com\/intent\/tweet?url=https:\/\/www.mapexpress.ma\/actualite\/monde\/les-cardiologues-marocains-participent-en-force-lesc-congress-2026-munich\/&amp;text=Les+cardiologues+marocains+participent+en+force+%C3%A0+l%E2%80%99ESC+Congress+2026+%C3%A0+Munich\" target=\"_blank\" rel=\"noopener\"><\/a> <a href=\"https:\/\/www.linkedin.com\/feed\/?shareUrl=https:\/\/www.mapexpress.ma\/actualite\/monde\/les-cardiologues-marocains-participent-en-force-lesc-congress-2026-munich\/\" target=\"_blank\" rel=\"noopener\"><\/a><a href=\"https:\/\/api.whatsapp.com\/send?text=Les+cardiologues+marocains+participent+en+force+%C3%A0+l%E2%80%99ESC+Congress+2026+%C3%A0+Munich+https%3A%2F%2Fwww.mapexpress.ma%2Factualite%2Fmonde%2Fles-cardiologues-marocains-participent-en-force-lesc-congress-2026-munich%2F\" target=\"_blank\" rel=\"noopener\"><\/a><\/p>\n","protected":false},"excerpt":{"rendered":"<p>Dpress Les cardiologues marocains prennent part avec force,&nbsp;aux c\u00f4t\u00e9s de m\u00e9decins, chercheurs, experts et professionnels de sant\u00e9 de plusieurs pays,&nbsp;\u00e0 l\u2019\u00e9dition 2026 du Congr\u00e8s international de la cardiologie, qui se tient du 28 au 31 ao\u00fbt \u00e0 Munich en l&rsquo;Allemagne, \u00e0 l&rsquo;initiative de l&rsquo;\u00a0\u00bbEuropean Society of Cardiology\u00a0\u00bb (ESC). Le ESC Congress 2026 constitue une occasion &hellip;<\/p>\n","protected":false},"author":2,"featured_media":38759,"comment_status":"open","ping_status":"open","sticky":false,"template":"","format":"standard","meta":{"footnotes":""},"categories":[42],"tags":[],"class_list":["post-38758","post","type-post","status-publish","format-standard","has-post-thumbnail","hentry","category-monde"],"yoast_head":"<!-- This site is optimized with the Yoast SEO plugin v28.0 - https:\/\/yoast.com\/product\/yoast-seo-wordpress\/ -->\n<title>Les cardiologues marocains participent en force \u00e0 l\u2019ESC Congress 2026 \u00e0 Munich - Dpress.ma\/fr<\/title>\n<meta name=\"robots\" content=\"index, follow, max-snippet:-1, max-image-preview:large, max-video-preview:-1\" \/>\n<link rel=\"canonical\" href=\"https:\/\/dpress.ma\/fr\/2026\/08\/31\/les-cardiologues-marocains-participent-en-force-a-lesc-congress-2026-a-munich\/\" \/>\n<meta property=\"og:locale\" content=\"fr_FR\" \/>\n<meta property=\"og:type\" content=\"article\" \/>\n<meta property=\"og:title\" content=\"Les cardiologues marocains participent en force \u00e0 l\u2019ESC Congress 2026 \u00e0 Munich - Dpress.ma\/fr\" \/>\n<meta property=\"og:description\" content=\"Dpress Les cardiologues marocains prennent part avec force,&nbsp;aux c\u00f4t\u00e9s de m\u00e9decins, chercheurs, experts et professionnels de sant\u00e9 de plusieurs pays,&nbsp;\u00e0 l\u2019\u00e9dition 2026 du Congr\u00e8s international de la cardiologie, qui se tient du 28 au 31 ao\u00fbt \u00e0 Munich en l&rsquo;Allemagne, \u00e0 l&rsquo;initiative de l&#039;\u00a0\u00bbEuropean Society of Cardiology\u00a0\u00bb (ESC). Le ESC Congress 2026 constitue une occasion &hellip;\" \/>\n<meta property=\"og:url\" content=\"https:\/\/dpress.ma\/fr\/2026\/08\/31\/les-cardiologues-marocains-participent-en-force-a-lesc-congress-2026-a-munich\/\" \/>\n<meta property=\"og:site_name\" content=\"Dpress.ma\/fr\" \/>\n<meta property=\"article:published_time\" content=\"2026-08-31T09:30:59+00:00\" \/>\n<meta property=\"article:modified_time\" content=\"2026-08-31T09:31:02+00:00\" \/>\n<meta property=\"og:image\" content=\"https:\/\/dpress.ma\/fr\/wp-content\/uploads\/sites\/2\/2026\/08\/4-5.jpg\" \/>\n\t<meta property=\"og:image:width\" content=\"2539\" \/>\n\t<meta property=\"og:image:height\" content=\"1594\" \/>\n\t<meta property=\"og:image:type\" content=\"image\/jpeg\" \/>\n<meta name=\"author\" content=\"Dpress.ma\" \/>\n<meta name=\"twitter:card\" content=\"summary_large_image\" \/>\n<meta name=\"twitter:label1\" content=\"\u00c9crit par\" \/>\n\t<meta name=\"twitter:data1\" content=\"Dpress.ma\" \/>\n\t<meta name=\"twitter:label2\" content=\"Dur\u00e9e de lecture estim\u00e9e\" \/>\n\t<meta name=\"twitter:data2\" content=\"3 minutes\" \/>\n<script type=\"application\/ld+json\" class=\"yoast-schema-graph\">{\"@context\":\"https:\\\/\\\/schema.org\",\"@graph\":[{\"@type\":\"Article\",\"@id\":\"https:\\\/\\\/dpress.ma\\\/fr\\\/2026\\\/08\\\/31\\\/les-cardiologues-marocains-participent-en-force-a-lesc-congress-2026-a-munich\\\/#article\",\"isPartOf\":{\"@id\":\"https:\\\/\\\/dpress.ma\\\/fr\\\/2026\\\/08\\\/31\\\/les-cardiologues-marocains-participent-en-force-a-lesc-congress-2026-a-munich\\\/\"},\"author\":{\"name\":\"Dpress.ma\",\"@id\":\"https:\\\/\\\/dpress.ma\\\/fr\\\/#\\\/schema\\\/person\\\/4898febf3ccd59e6578d838656a306a0\"},\"headline\":\"Les cardiologues marocains participent en force \u00e0 l\u2019ESC Congress 2026 \u00e0 Munich\",\"datePublished\":\"2026-08-31T09:30:59+00:00\",\"dateModified\":\"2026-08-31T09:31:02+00:00\",\"mainEntityOfPage\":{\"@id\":\"https:\\\/\\\/dpress.ma\\\/fr\\\/2026\\\/08\\\/31\\\/les-cardiologues-marocains-participent-en-force-a-lesc-congress-2026-a-munich\\\/\"},\"wordCount\":464,\"commentCount\":0,\"image\":{\"@id\":\"https:\\\/\\\/dpress.ma\\\/fr\\\/2026\\\/08\\\/31\\\/les-cardiologues-marocains-participent-en-force-a-lesc-congress-2026-a-munich\\\/#primaryimage\"},\"thumbnailUrl\":\"https:\\\/\\\/dpress.ma\\\/fr\\\/wp-content\\\/uploads\\\/sites\\\/2\\\/2026\\\/08\\\/4-5.jpg\",\"articleSection\":[\"monde\"],\"inLanguage\":\"fr-FR\",\"potentialAction\":[{\"@type\":\"CommentAction\",\"name\":\"Comment\",\"target\":[\"https:\\\/\\\/dpress.ma\\\/fr\\\/2026\\\/08\\\/31\\\/les-cardiologues-marocains-participent-en-force-a-lesc-congress-2026-a-munich\\\/#respond\"]}]},{\"@type\":\"WebPage\",\"@id\":\"https:\\\/\\\/dpress.ma\\\/fr\\\/2026\\\/08\\\/31\\\/les-cardiologues-marocains-participent-en-force-a-lesc-congress-2026-a-munich\\\/\",\"url\":\"https:\\\/\\\/dpress.ma\\\/fr\\\/2026\\\/08\\\/31\\\/les-cardiologues-marocains-participent-en-force-a-lesc-congress-2026-a-munich\\\/\",\"name\":\"Les cardiologues marocains participent en force \u00e0 l\u2019ESC Congress 2026 \u00e0 Munich - Dpress.ma\\\/fr\",\"isPartOf\":{\"@id\":\"https:\\\/\\\/dpress.ma\\\/fr\\\/#website\"},\"primaryImageOfPage\":{\"@id\":\"https:\\\/\\\/dpress.ma\\\/fr\\\/2026\\\/08\\\/31\\\/les-cardiologues-marocains-participent-en-force-a-lesc-congress-2026-a-munich\\\/#primaryimage\"},\"image\":{\"@id\":\"https:\\\/\\\/dpress.ma\\\/fr\\\/2026\\\/08\\\/31\\\/les-cardiologues-marocains-participent-en-force-a-lesc-congress-2026-a-munich\\\/#primaryimage\"},\"thumbnailUrl\":\"https:\\\/\\\/dpress.ma\\\/fr\\\/wp-content\\\/uploads\\\/sites\\\/2\\\/2026\\\/08\\\/4-5.jpg\",\"datePublished\":\"2026-08-31T09:30:59+00:00\",\"dateModified\":\"2026-08-31T09:31:02+00:00\",\"author\":{\"@id\":\"https:\\\/\\\/dpress.ma\\\/fr\\\/#\\\/schema\\\/person\\\/4898febf3ccd59e6578d838656a306a0\"},\"breadcrumb\":{\"@id\":\"https:\\\/\\\/dpress.ma\\\/fr\\\/2026\\\/08\\\/31\\\/les-cardiologues-marocains-participent-en-force-a-lesc-congress-2026-a-munich\\\/#breadcrumb\"},\"inLanguage\":\"fr-FR\",\"potentialAction\":[{\"@type\":\"ReadAction\",\"target\":[\"https:\\\/\\\/dpress.ma\\\/fr\\\/2026\\\/08\\\/31\\\/les-cardiologues-marocains-participent-en-force-a-lesc-congress-2026-a-munich\\\/\"]}]},{\"@type\":\"ImageObject\",\"inLanguage\":\"fr-FR\",\"@id\":\"https:\\\/\\\/dpress.ma\\\/fr\\\/2026\\\/08\\\/31\\\/les-cardiologues-marocains-participent-en-force-a-lesc-congress-2026-a-munich\\\/#primaryimage\",\"url\":\"https:\\\/\\\/dpress.ma\\\/fr\\\/wp-content\\\/uploads\\\/sites\\\/2\\\/2026\\\/08\\\/4-5.jpg\",\"contentUrl\":\"https:\\\/\\\/dpress.ma\\\/fr\\\/wp-content\\\/uploads\\\/sites\\\/2\\\/2026\\\/08\\\/4-5.jpg\",\"width\":2539,\"height\":1594},{\"@type\":\"BreadcrumbList\",\"@id\":\"https:\\\/\\\/dpress.ma\\\/fr\\\/2026\\\/08\\\/31\\\/les-cardiologues-marocains-participent-en-force-a-lesc-congress-2026-a-munich\\\/#breadcrumb\",\"itemListElement\":[{\"@type\":\"ListItem\",\"position\":1,\"name\":\"Home\",\"item\":\"https:\\\/\\\/dpress.ma\\\/fr\\\/\"},{\"@type\":\"ListItem\",\"position\":2,\"name\":\"Les cardiologues marocains participent en force \u00e0 l\u2019ESC Congress 2026 \u00e0 Munich\"}]},{\"@type\":\"WebSite\",\"@id\":\"https:\\\/\\\/dpress.ma\\\/fr\\\/#website\",\"url\":\"https:\\\/\\\/dpress.ma\\\/fr\\\/\",\"name\":\"Dpress.ma\\\/fr\",\"description\":\"\",\"potentialAction\":[{\"@type\":\"SearchAction\",\"target\":{\"@type\":\"EntryPoint\",\"urlTemplate\":\"https:\\\/\\\/dpress.ma\\\/fr\\\/?s={search_term_string}\"},\"query-input\":{\"@type\":\"PropertyValueSpecification\",\"valueRequired\":true,\"valueName\":\"search_term_string\"}}],\"inLanguage\":\"fr-FR\"},{\"@type\":\"Person\",\"@id\":\"https:\\\/\\\/dpress.ma\\\/fr\\\/#\\\/schema\\\/person\\\/4898febf3ccd59e6578d838656a306a0\",\"name\":\"Dpress.ma\",\"image\":{\"@type\":\"ImageObject\",\"inLanguage\":\"fr-FR\",\"@id\":\"https:\\\/\\\/secure.gravatar.com\\\/avatar\\\/72ecc30e9db047a2e0e7176561eb9d564ed77c8108376495b19bd8336405198a?s=96&d=mm&r=g\",\"url\":\"https:\\\/\\\/secure.gravatar.com\\\/avatar\\\/72ecc30e9db047a2e0e7176561eb9d564ed77c8108376495b19bd8336405198a?s=96&d=mm&r=g\",\"contentUrl\":\"https:\\\/\\\/secure.gravatar.com\\\/avatar\\\/72ecc30e9db047a2e0e7176561eb9d564ed77c8108376495b19bd8336405198a?s=96&d=mm&r=g\",\"caption\":\"Dpress.ma\"},\"sameAs\":[\"https:\\\/\\\/www.dpress.ma\"],\"url\":\"https:\\\/\\\/dpress.ma\\\/fr\\\/author\\\/dpress-ma\\\/\"}]}<\/script>\n<!-- \/ Yoast SEO plugin. -->","yoast_head_json":{"title":"Les cardiologues marocains participent en force \u00e0 l\u2019ESC Congress 2026 \u00e0 Munich - Dpress.ma\/fr","robots":{"index":"index","follow":"follow","max-snippet":"max-snippet:-1","max-image-preview":"max-image-preview:large","max-video-preview":"max-video-preview:-1"},"canonical":"https:\/\/dpress.ma\/fr\/2026\/08\/31\/les-cardiologues-marocains-participent-en-force-a-lesc-congress-2026-a-munich\/","og_locale":"fr_FR","og_type":"article","og_title":"Les cardiologues marocains participent en force \u00e0 l\u2019ESC Congress 2026 \u00e0 Munich - Dpress.ma\/fr","og_description":"Dpress Les cardiologues marocains prennent part avec force,&nbsp;aux c\u00f4t\u00e9s de m\u00e9decins, chercheurs, experts et professionnels de sant\u00e9 de plusieurs pays,&nbsp;\u00e0 l\u2019\u00e9dition 2026 du Congr\u00e8s international de la cardiologie, qui se tient du 28 au 31 ao\u00fbt \u00e0 Munich en l&rsquo;Allemagne, \u00e0 l&rsquo;initiative de l'\u00a0\u00bbEuropean Society of Cardiology\u00a0\u00bb (ESC). Le ESC Congress 2026 constitue une occasion &hellip;","og_url":"https:\/\/dpress.ma\/fr\/2026\/08\/31\/les-cardiologues-marocains-participent-en-force-a-lesc-congress-2026-a-munich\/","og_site_name":"Dpress.ma\/fr","article_published_time":"2026-08-31T09:30:59+00:00","article_modified_time":"2026-08-31T09:31:02+00:00","og_image":[{"width":2539,"height":1594,"url":"https:\/\/dpress.ma\/fr\/wp-content\/uploads\/sites\/2\/2026\/08\/4-5.jpg","type":"image\/jpeg"}],"author":"Dpress.ma","twitter_card":"summary_large_image","twitter_misc":{"\u00c9crit par":"Dpress.ma","Dur\u00e9e de lecture estim\u00e9e":"3 minutes"},"schema":{"@context":"https:\/\/schema.org","@graph":[{"@type":"Article","@id":"https:\/\/dpress.ma\/fr\/2026\/08\/31\/les-cardiologues-marocains-participent-en-force-a-lesc-congress-2026-a-munich\/#article","isPartOf":{"@id":"https:\/\/dpress.ma\/fr\/2026\/08\/31\/les-cardiologues-marocains-participent-en-force-a-lesc-congress-2026-a-munich\/"},"author":{"name":"Dpress.ma","@id":"https:\/\/dpress.ma\/fr\/#\/schema\/person\/4898febf3ccd59e6578d838656a306a0"},"headline":"Les cardiologues marocains participent en force \u00e0 l\u2019ESC Congress 2026 \u00e0 Munich","datePublished":"2026-08-31T09:30:59+00:00","dateModified":"2026-08-31T09:31:02+00:00","mainEntityOfPage":{"@id":"https:\/\/dpress.ma\/fr\/2026\/08\/31\/les-cardiologues-marocains-participent-en-force-a-lesc-congress-2026-a-munich\/"},"wordCount":464,"commentCount":0,"image":{"@id":"https:\/\/dpress.ma\/fr\/2026\/08\/31\/les-cardiologues-marocains-participent-en-force-a-lesc-congress-2026-a-munich\/#primaryimage"},"thumbnailUrl":"https:\/\/dpress.ma\/fr\/wp-content\/uploads\/sites\/2\/2026\/08\/4-5.jpg","articleSection":["monde"],"inLanguage":"fr-FR","potentialAction":[{"@type":"CommentAction","name":"Comment","target":["https:\/\/dpress.ma\/fr\/2026\/08\/31\/les-cardiologues-marocains-participent-en-force-a-lesc-congress-2026-a-munich\/#respond"]}]},{"@type":"WebPage","@id":"https:\/\/dpress.ma\/fr\/2026\/08\/31\/les-cardiologues-marocains-participent-en-force-a-lesc-congress-2026-a-munich\/","url":"https:\/\/dpress.ma\/fr\/2026\/08\/31\/les-cardiologues-marocains-participent-en-force-a-lesc-congress-2026-a-munich\/","name":"Les cardiologues marocains participent en force \u00e0 l\u2019ESC Congress 2026 \u00e0 Munich - Dpress.ma\/fr","isPartOf":{"@id":"https:\/\/dpress.ma\/fr\/#website"},"primaryImageOfPage":{"@id":"https:\/\/dpress.ma\/fr\/2026\/08\/31\/les-cardiologues-marocains-participent-en-force-a-lesc-congress-2026-a-munich\/#primaryimage"},"image":{"@id":"https:\/\/dpress.ma\/fr\/2026\/08\/31\/les-cardiologues-marocains-participent-en-force-a-lesc-congress-2026-a-munich\/#primaryimage"},"thumbnailUrl":"https:\/\/dpress.ma\/fr\/wp-content\/uploads\/sites\/2\/2026\/08\/4-5.jpg","datePublished":"2026-08-31T09:30:59+00:00","dateModified":"2026-08-31T09:31:02+00:00","author":{"@id":"https:\/\/dpress.ma\/fr\/#\/schema\/person\/4898febf3ccd59e6578d838656a306a0"},"breadcrumb":{"@id":"https:\/\/dpress.ma\/fr\/2026\/08\/31\/les-cardiologues-marocains-participent-en-force-a-lesc-congress-2026-a-munich\/#breadcrumb"},"inLanguage":"fr-FR","potentialAction":[{"@type":"ReadAction","target":["https:\/\/dpress.ma\/fr\/2026\/08\/31\/les-cardiologues-marocains-participent-en-force-a-lesc-congress-2026-a-munich\/"]}]},{"@type":"ImageObject","inLanguage":"fr-FR","@id":"https:\/\/dpress.ma\/fr\/2026\/08\/31\/les-cardiologues-marocains-participent-en-force-a-lesc-congress-2026-a-munich\/#primaryimage","url":"https:\/\/dpress.ma\/fr\/wp-content\/uploads\/sites\/2\/2026\/08\/4-5.jpg","contentUrl":"https:\/\/dpress.ma\/fr\/wp-content\/uploads\/sites\/2\/2026\/08\/4-5.jpg","width":2539,"height":1594},{"@type":"BreadcrumbList","@id":"https:\/\/dpress.ma\/fr\/2026\/08\/31\/les-cardiologues-marocains-participent-en-force-a-lesc-congress-2026-a-munich\/#breadcrumb","itemListElement":[{"@type":"ListItem","position":1,"name":"Home","item":"https:\/\/dpress.ma\/fr\/"},{"@type":"ListItem","position":2,"name":"Les cardiologues marocains participent en force \u00e0 l\u2019ESC Congress 2026 \u00e0 Munich"}]},{"@type":"WebSite","@id":"https:\/\/dpress.ma\/fr\/#website","url":"https:\/\/dpress.ma\/fr\/","name":"Dpress.ma\/fr","description":"","potentialAction":[{"@type":"SearchAction","target":{"@type":"EntryPoint","urlTemplate":"https:\/\/dpress.ma\/fr\/?s={search_term_string}"},"query-input":{"@type":"PropertyValueSpecification","valueRequired":true,"valueName":"search_term_string"}}],"inLanguage":"fr-FR"},{"@type":"Person","@id":"https:\/\/dpress.ma\/fr\/#\/schema\/person\/4898febf3ccd59e6578d838656a306a0","name":"Dpress.ma","image":{"@type":"ImageObject","inLanguage":"fr-FR","@id":"https:\/\/secure.gravatar.com\/avatar\/72ecc30e9db047a2e0e7176561eb9d564ed77c8108376495b19bd8336405198a?s=96&d=mm&r=g","url":"https:\/\/secure.gravatar.com\/avatar\/72ecc30e9db047a2e0e7176561eb9d564ed77c8108376495b19bd8336405198a?s=96&d=mm&r=g","contentUrl":"https:\/\/secure.gravatar.com\/avatar\/72ecc30e9db047a2e0e7176561eb9d564ed77c8108376495b19bd8336405198a?s=96&d=mm&r=g","caption":"Dpress.ma"},"sameAs":["https:\/\/www.dpress.ma"],"url":"https:\/\/dpress.ma\/fr\/author\/dpress-ma\/"}]}},"amp_enabled":true,"_links":{"self":[{"href":"https:\/\/dpress.ma\/fr\/wp-json\/wp\/v2\/posts\/38758","targetHints":{"allow":["GET"]}}],"collection":[{"href":"https:\/\/dpress.ma\/fr\/wp-json\/wp\/v2\/posts"}],"about":[{"href":"https:\/\/dpress.ma\/fr\/wp-json\/wp\/v2\/types\/post"}],"author":[{"embeddable":true,"href":"https:\/\/dpress.ma\/fr\/wp-json\/wp\/v2\/users\/2"}],"replies":[{"embeddable":true,"href":"https:\/\/dpress.ma\/fr\/wp-json\/wp\/v2\/comments?post=38758"}],"version-history":[{"count":1,"href":"https:\/\/dpress.ma\/fr\/wp-json\/wp\/v2\/posts\/38758\/revisions"}],"predecessor-version":[{"id":38760,"href":"https:\/\/dpress.ma\/fr\/wp-json\/wp\/v2\/posts\/38758\/revisions\/38760"}],"wp:featuredmedia":[{"embeddable":true,"href":"https:\/\/dpress.ma\/fr\/wp-json\/wp\/v2\/media\/38759"}],"wp:attachment":[{"href":"https:\/\/dpress.ma\/fr\/wp-json\/wp\/v2\/media?parent=38758"}],"wp:term":[{"taxonomy":"category","embeddable":true,"href":"https:\/\/dpress.ma\/fr\/wp-json\/wp\/v2\/categories?post=38758"},{"taxonomy":"post_tag","embeddable":true,"href":"https:\/\/dpress.ma\/fr\/wp-json\/wp\/v2\/tags?post=38758"}],"curies":[{"name":"wp","href":"https:\/\/api.w.org\/{rel}","templated":true}]}}