{"id":38755,"date":"2026-08-31T09:28:32","date_gmt":"2026-08-31T09:28:32","guid":{"rendered":"https:\/\/dpress.ma\/fr\/?p=38755"},"modified":"2026-08-31T09:28:34","modified_gmt":"2026-08-31T09:28:34","slug":"tanger-mohamed-nemsi-et-ghizlane-assou-remportent-la-coupe-dafrique-de-duathlon","status":"publish","type":"post","link":"https:\/\/dpress.ma\/fr\/2026\/08\/31\/tanger-mohamed-nemsi-et-ghizlane-assou-remportent-la-coupe-dafrique-de-duathlon\/","title":{"rendered":"Tanger: Mohamed Nemsi et Ghizlane Assou remportent la Coupe d\u2019Afrique de duathlon"},"content":{"rendered":"\n<p class=\"wp-block-paragraph\">Dpress<\/p>\n\n\n\n<p class=\"wp-block-paragraph\">Les athl\u00e8tes marocains Mohamed Nemsi et Ghizlane Assou ont remport\u00e9 le titre de la Coupe d&rsquo;Afrique de duathlon, disput\u00e9e ce dimanche \u00e0 la corniche de Sidi Kacem, dans la commune de Gueznaia (sud de Tanger), \u00e0 l&rsquo;occasion de la 3\u00e8me \u00e9dition du \u00ab\u00a0Duathlon Triumpher&rsquo;s\u00a0\u00bb.<\/p>\n\n\n\n<p class=\"wp-block-paragraph\">Le coureur Mohamed Nemsi a domin\u00e9 cette \u00e9preuve organis\u00e9e par l&rsquo;association Tangier Triumph Team sous l&rsquo;\u00e9gide de la F\u00e9d\u00e9ration royale marocaine de triathlon, en bouclant le parcours en 1 heure 47 minutes et 26 secondes, devan\u00e7ant ses compatriotes Oussama Nabil (1h 49min 44s) et Omar Othmane Goumghar (1h 49min 52s).<\/p>\n\n\n\n<p class=\"wp-block-paragraph\">Chez les dames, la coureuse Ghizlane Assou s&rsquo;est illustr\u00e9e en bouclant le parcours en 2 heures 23 minutes et 16 secondes, suivie d&rsquo;Islam Bkhibkhi (2h 28min 40s) et d&rsquo;Aya Bkhibkhi (2h 28min 59s), respectivement deuxi\u00e8me et troisi\u00e8me.<\/p>\n\n\n\n<p class=\"wp-block-paragraph\">Cette Coupe d&rsquo;Afrique de duathlon a r\u00e9uni des coureurs et athl\u00e8tes professionnels marocains et \u00e9trangers, venus notamment du Bahre\u00efn, des \u00c9tats-Unis, d&rsquo;Espagne et d&rsquo;Afghanistan, ce qui t\u00e9moigne de la place grandissante qu&rsquo;occupe le Maroc dans l&rsquo;organisation de comp\u00e9titions continentales et internationales de sports d&rsquo;endurance.<\/p>\n\n\n\n<p class=\"wp-block-paragraph\">Dans une d\u00e9claration \u00e0 la MAP, Mohamed Nemsi a indiqu\u00e9 que la course s&rsquo;est d\u00e9roul\u00e9e dans une atmosph\u00e8re remarquable ayant permis aux concurrents de n\u00e9gocier avec succ\u00e8s les diff\u00e9rentes phases de l&rsquo;\u00e9preuve en d\u00e9pit d&rsquo;une chaleur relativement \u00e9lev\u00e9e.<\/p>\n\n\n\n<p class=\"wp-block-paragraph\">Il a, par ailleurs, tenu \u00e0 exprimer sa gratitude au club Tangier Triumph Team ainsi qu&rsquo;\u00e0 la F\u00e9d\u00e9ration royale marocaine de triathlon pour la qualit\u00e9 de l&rsquo;organisation.<\/p>\n\n\n\n<p class=\"wp-block-paragraph\">De son c\u00f4t\u00e9, la championne marocaine Ghizlane Assou a fait part de sa satisfaction pour son sacre, saluant elle aussi la qualit\u00e9 de l&rsquo;organisation.<\/p>\n\n\n\n<p class=\"wp-block-paragraph\">Elle a fait remarquer que la comp\u00e9tition n&rsquo;avait pas \u00e9t\u00e9 exempte de difficult\u00e9s techniques, en raison de la configuration du parcours et des vents forts conjugu\u00e9s \u00e0 la chaleur, tout en saluant la performance de ses co\u00e9quipi\u00e8res de club, arriv\u00e9es respectivement deuxi\u00e8me et troisi\u00e8me.<\/p>\n\n\n\n<p class=\"wp-block-paragraph\">Khalid Allou, pr\u00e9sident de l&rsquo;association Tangier Triumph Team, a quant \u00e0 lui soulign\u00e9 le retentissement positif ainsi que la rigueur de l&rsquo;organisation de cette manifestation continentale, se disant fier de la performance historique r\u00e9alis\u00e9e par les athl\u00e8tes marocains, lesquels ont fait montre d&rsquo;une domination sans partage en occupant les trois premi\u00e8res places tant chez les hommes que chez les femmes.<\/p>\n\n\n\n<p class=\"wp-block-paragraph\">M. Allou a, en outre, exprim\u00e9 la ferme volont\u00e9 de l&rsquo;association organisatrice de faire \u00e9voluer ce championnat au fil de ses prochaines \u00e9ditions et d&rsquo;en consolider la dimension internationale en attirant des participants de diff\u00e9rents pays.<\/p>\n\n\n\n<p class=\"wp-block-paragraph\">Selon l&rsquo;association organisatrice, cet \u00e9v\u00e9nement sportif compte parmi les manifestations les plus embl\u00e9matiques aux niveaux africain et international dans la discipline du duathlon, et ce gr\u00e2ce \u00e0 la participation de l&rsquo;\u00e9lite des coureurs marocains et \u00e9trangers mais \u00e9galement \u00e0 la mise en place de comp\u00e9titions d\u00e9di\u00e9es aux amateurs et semi-professionnels.<\/p>\n\n\n\n<p class=\"wp-block-paragraph\">Cette comp\u00e9tition vise, selon la m\u00eame source, \u00e0 \u00e9largir la base des pratiquants et \u00e0 offrir aux athl\u00e8tes de tous niveaux l&rsquo;occasion de concourir dans un cadre professionnel.<\/p>\n\n\n\n<p class=\"wp-block-paragraph\">Outre son volet sportif, l&rsquo;\u00e9v\u00e9nement a \u00e9galement donn\u00e9 lieu \u00e0 l&rsquo;organisation d&rsquo;un salon \u00e9conomique et culturel d\u00e9ploy\u00e9 sur quatre jours, dont une partie a \u00e9t\u00e9 r\u00e9serv\u00e9e aux coop\u00e9ratives et associations locales, afin de mettre en valeur le patrimoine culturel de la r\u00e9gion de Tanger-T\u00e9touan-Al Hoceima et de promouvoir les produits du terroir ainsi que l&rsquo;artisanat traditionnel.<\/p>\n","protected":false},"excerpt":{"rendered":"<p>Dpress Les athl\u00e8tes marocains Mohamed Nemsi et Ghizlane Assou ont remport\u00e9 le titre de la Coupe d&rsquo;Afrique de duathlon, disput\u00e9e ce dimanche \u00e0 la corniche de Sidi Kacem, dans la commune de Gueznaia (sud de Tanger), \u00e0 l&rsquo;occasion de la 3\u00e8me \u00e9dition du \u00ab\u00a0Duathlon Triumpher&rsquo;s\u00a0\u00bb. Le coureur Mohamed Nemsi a domin\u00e9 cette \u00e9preuve organis\u00e9e par &hellip;<\/p>\n","protected":false},"author":2,"featured_media":38756,"comment_status":"open","ping_status":"open","sticky":false,"template":"","format":"standard","meta":{"footnotes":""},"categories":[27],"tags":[],"class_list":["post-38755","post","type-post","status-publish","format-standard","has-post-thumbnail","hentry","category-sport"],"yoast_head":"<!-- This site is optimized with the Yoast SEO plugin v28.0 - https:\/\/yoast.com\/product\/yoast-seo-wordpress\/ -->\n<title>Tanger: Mohamed Nemsi et Ghizlane Assou remportent la Coupe d\u2019Afrique de duathlon - Dpress.ma\/fr<\/title>\n<meta name=\"robots\" content=\"index, follow, max-snippet:-1, max-image-preview:large, max-video-preview:-1\" \/>\n<link rel=\"canonical\" href=\"https:\/\/dpress.ma\/fr\/2026\/08\/31\/tanger-mohamed-nemsi-et-ghizlane-assou-remportent-la-coupe-dafrique-de-duathlon\/\" \/>\n<meta property=\"og:locale\" content=\"fr_FR\" \/>\n<meta property=\"og:type\" content=\"article\" \/>\n<meta property=\"og:title\" content=\"Tanger: Mohamed Nemsi et Ghizlane Assou remportent la Coupe d\u2019Afrique de duathlon - Dpress.ma\/fr\" \/>\n<meta property=\"og:description\" content=\"Dpress Les athl\u00e8tes marocains Mohamed Nemsi et Ghizlane Assou ont remport\u00e9 le titre de la Coupe d&rsquo;Afrique de duathlon, disput\u00e9e ce dimanche \u00e0 la corniche de Sidi Kacem, dans la commune de Gueznaia (sud de Tanger), \u00e0 l&rsquo;occasion de la 3\u00e8me \u00e9dition du \u00ab\u00a0Duathlon Triumpher&rsquo;s\u00a0\u00bb. Le coureur Mohamed Nemsi a domin\u00e9 cette \u00e9preuve organis\u00e9e par &hellip;\" \/>\n<meta property=\"og:url\" content=\"https:\/\/dpress.ma\/fr\/2026\/08\/31\/tanger-mohamed-nemsi-et-ghizlane-assou-remportent-la-coupe-dafrique-de-duathlon\/\" \/>\n<meta property=\"og:site_name\" content=\"Dpress.ma\/fr\" \/>\n<meta property=\"article:published_time\" content=\"2026-08-31T09:28:32+00:00\" \/>\n<meta property=\"article:modified_time\" content=\"2026-08-31T09:28:34+00:00\" \/>\n<meta property=\"og:image\" content=\"https:\/\/dpress.ma\/fr\/wp-content\/uploads\/sites\/2\/2026\/08\/sport.jpg\" \/>\n\t<meta property=\"og:image:width\" content=\"2539\" \/>\n\t<meta property=\"og:image:height\" content=\"1594\" \/>\n\t<meta property=\"og:image:type\" content=\"image\/jpeg\" \/>\n<meta name=\"author\" content=\"Dpress.ma\" \/>\n<meta name=\"twitter:card\" content=\"summary_large_image\" \/>\n<meta name=\"twitter:label1\" content=\"\u00c9crit par\" \/>\n\t<meta name=\"twitter:data1\" content=\"Dpress.ma\" \/>\n\t<meta name=\"twitter:label2\" content=\"Dur\u00e9e de lecture estim\u00e9e\" \/>\n\t<meta name=\"twitter:data2\" content=\"3 minutes\" \/>\n<script type=\"application\/ld+json\" class=\"yoast-schema-graph\">{\"@context\":\"https:\\\/\\\/schema.org\",\"@graph\":[{\"@type\":\"Article\",\"@id\":\"https:\\\/\\\/dpress.ma\\\/fr\\\/2026\\\/08\\\/31\\\/tanger-mohamed-nemsi-et-ghizlane-assou-remportent-la-coupe-dafrique-de-duathlon\\\/#article\",\"isPartOf\":{\"@id\":\"https:\\\/\\\/dpress.ma\\\/fr\\\/2026\\\/08\\\/31\\\/tanger-mohamed-nemsi-et-ghizlane-assou-remportent-la-coupe-dafrique-de-duathlon\\\/\"},\"author\":{\"name\":\"Dpress.ma\",\"@id\":\"https:\\\/\\\/dpress.ma\\\/fr\\\/#\\\/schema\\\/person\\\/4898febf3ccd59e6578d838656a306a0\"},\"headline\":\"Tanger: Mohamed Nemsi et Ghizlane Assou remportent la Coupe d\u2019Afrique de duathlon\",\"datePublished\":\"2026-08-31T09:28:32+00:00\",\"dateModified\":\"2026-08-31T09:28:34+00:00\",\"mainEntityOfPage\":{\"@id\":\"https:\\\/\\\/dpress.ma\\\/fr\\\/2026\\\/08\\\/31\\\/tanger-mohamed-nemsi-et-ghizlane-assou-remportent-la-coupe-dafrique-de-duathlon\\\/\"},\"wordCount\":595,\"commentCount\":0,\"image\":{\"@id\":\"https:\\\/\\\/dpress.ma\\\/fr\\\/2026\\\/08\\\/31\\\/tanger-mohamed-nemsi-et-ghizlane-assou-remportent-la-coupe-dafrique-de-duathlon\\\/#primaryimage\"},\"thumbnailUrl\":\"https:\\\/\\\/dpress.ma\\\/fr\\\/wp-content\\\/uploads\\\/sites\\\/2\\\/2026\\\/08\\\/sport.jpg\",\"articleSection\":[\"Sport\"],\"inLanguage\":\"fr-FR\",\"potentialAction\":[{\"@type\":\"CommentAction\",\"name\":\"Comment\",\"target\":[\"https:\\\/\\\/dpress.ma\\\/fr\\\/2026\\\/08\\\/31\\\/tanger-mohamed-nemsi-et-ghizlane-assou-remportent-la-coupe-dafrique-de-duathlon\\\/#respond\"]}]},{\"@type\":\"WebPage\",\"@id\":\"https:\\\/\\\/dpress.ma\\\/fr\\\/2026\\\/08\\\/31\\\/tanger-mohamed-nemsi-et-ghizlane-assou-remportent-la-coupe-dafrique-de-duathlon\\\/\",\"url\":\"https:\\\/\\\/dpress.ma\\\/fr\\\/2026\\\/08\\\/31\\\/tanger-mohamed-nemsi-et-ghizlane-assou-remportent-la-coupe-dafrique-de-duathlon\\\/\",\"name\":\"Tanger: Mohamed Nemsi et Ghizlane Assou remportent la Coupe d\u2019Afrique de duathlon - Dpress.ma\\\/fr\",\"isPartOf\":{\"@id\":\"https:\\\/\\\/dpress.ma\\\/fr\\\/#website\"},\"primaryImageOfPage\":{\"@id\":\"https:\\\/\\\/dpress.ma\\\/fr\\\/2026\\\/08\\\/31\\\/tanger-mohamed-nemsi-et-ghizlane-assou-remportent-la-coupe-dafrique-de-duathlon\\\/#primaryimage\"},\"image\":{\"@id\":\"https:\\\/\\\/dpress.ma\\\/fr\\\/2026\\\/08\\\/31\\\/tanger-mohamed-nemsi-et-ghizlane-assou-remportent-la-coupe-dafrique-de-duathlon\\\/#primaryimage\"},\"thumbnailUrl\":\"https:\\\/\\\/dpress.ma\\\/fr\\\/wp-content\\\/uploads\\\/sites\\\/2\\\/2026\\\/08\\\/sport.jpg\",\"datePublished\":\"2026-08-31T09:28:32+00:00\",\"dateModified\":\"2026-08-31T09:28:34+00:00\",\"author\":{\"@id\":\"https:\\\/\\\/dpress.ma\\\/fr\\\/#\\\/schema\\\/person\\\/4898febf3ccd59e6578d838656a306a0\"},\"breadcrumb\":{\"@id\":\"https:\\\/\\\/dpress.ma\\\/fr\\\/2026\\\/08\\\/31\\\/tanger-mohamed-nemsi-et-ghizlane-assou-remportent-la-coupe-dafrique-de-duathlon\\\/#breadcrumb\"},\"inLanguage\":\"fr-FR\",\"potentialAction\":[{\"@type\":\"ReadAction\",\"target\":[\"https:\\\/\\\/dpress.ma\\\/fr\\\/2026\\\/08\\\/31\\\/tanger-mohamed-nemsi-et-ghizlane-assou-remportent-la-coupe-dafrique-de-duathlon\\\/\"]}]},{\"@type\":\"ImageObject\",\"inLanguage\":\"fr-FR\",\"@id\":\"https:\\\/\\\/dpress.ma\\\/fr\\\/2026\\\/08\\\/31\\\/tanger-mohamed-nemsi-et-ghizlane-assou-remportent-la-coupe-dafrique-de-duathlon\\\/#primaryimage\",\"url\":\"https:\\\/\\\/dpress.ma\\\/fr\\\/wp-content\\\/uploads\\\/sites\\\/2\\\/2026\\\/08\\\/sport.jpg\",\"contentUrl\":\"https:\\\/\\\/dpress.ma\\\/fr\\\/wp-content\\\/uploads\\\/sites\\\/2\\\/2026\\\/08\\\/sport.jpg\",\"width\":2539,\"height\":1594},{\"@type\":\"BreadcrumbList\",\"@id\":\"https:\\\/\\\/dpress.ma\\\/fr\\\/2026\\\/08\\\/31\\\/tanger-mohamed-nemsi-et-ghizlane-assou-remportent-la-coupe-dafrique-de-duathlon\\\/#breadcrumb\",\"itemListElement\":[{\"@type\":\"ListItem\",\"position\":1,\"name\":\"Home\",\"item\":\"https:\\\/\\\/dpress.ma\\\/fr\\\/\"},{\"@type\":\"ListItem\",\"position\":2,\"name\":\"Tanger: Mohamed Nemsi et Ghizlane Assou remportent la Coupe d\u2019Afrique de duathlon\"}]},{\"@type\":\"WebSite\",\"@id\":\"https:\\\/\\\/dpress.ma\\\/fr\\\/#website\",\"url\":\"https:\\\/\\\/dpress.ma\\\/fr\\\/\",\"name\":\"Dpress.ma\\\/fr\",\"description\":\"\",\"potentialAction\":[{\"@type\":\"SearchAction\",\"target\":{\"@type\":\"EntryPoint\",\"urlTemplate\":\"https:\\\/\\\/dpress.ma\\\/fr\\\/?s={search_term_string}\"},\"query-input\":{\"@type\":\"PropertyValueSpecification\",\"valueRequired\":true,\"valueName\":\"search_term_string\"}}],\"inLanguage\":\"fr-FR\"},{\"@type\":\"Person\",\"@id\":\"https:\\\/\\\/dpress.ma\\\/fr\\\/#\\\/schema\\\/person\\\/4898febf3ccd59e6578d838656a306a0\",\"name\":\"Dpress.ma\",\"image\":{\"@type\":\"ImageObject\",\"inLanguage\":\"fr-FR\",\"@id\":\"https:\\\/\\\/secure.gravatar.com\\\/avatar\\\/72ecc30e9db047a2e0e7176561eb9d564ed77c8108376495b19bd8336405198a?s=96&d=mm&r=g\",\"url\":\"https:\\\/\\\/secure.gravatar.com\\\/avatar\\\/72ecc30e9db047a2e0e7176561eb9d564ed77c8108376495b19bd8336405198a?s=96&d=mm&r=g\",\"contentUrl\":\"https:\\\/\\\/secure.gravatar.com\\\/avatar\\\/72ecc30e9db047a2e0e7176561eb9d564ed77c8108376495b19bd8336405198a?s=96&d=mm&r=g\",\"caption\":\"Dpress.ma\"},\"sameAs\":[\"https:\\\/\\\/www.dpress.ma\"],\"url\":\"https:\\\/\\\/dpress.ma\\\/fr\\\/author\\\/dpress-ma\\\/\"}]}<\/script>\n<!-- \/ Yoast SEO plugin. -->","yoast_head_json":{"title":"Tanger: Mohamed Nemsi et Ghizlane Assou remportent la Coupe d\u2019Afrique de duathlon - Dpress.ma\/fr","robots":{"index":"index","follow":"follow","max-snippet":"max-snippet:-1","max-image-preview":"max-image-preview:large","max-video-preview":"max-video-preview:-1"},"canonical":"https:\/\/dpress.ma\/fr\/2026\/08\/31\/tanger-mohamed-nemsi-et-ghizlane-assou-remportent-la-coupe-dafrique-de-duathlon\/","og_locale":"fr_FR","og_type":"article","og_title":"Tanger: Mohamed Nemsi et Ghizlane Assou remportent la Coupe d\u2019Afrique de duathlon - Dpress.ma\/fr","og_description":"Dpress Les athl\u00e8tes marocains Mohamed Nemsi et Ghizlane Assou ont remport\u00e9 le titre de la Coupe d&rsquo;Afrique de duathlon, disput\u00e9e ce dimanche \u00e0 la corniche de Sidi Kacem, dans la commune de Gueznaia (sud de Tanger), \u00e0 l&rsquo;occasion de la 3\u00e8me \u00e9dition du \u00ab\u00a0Duathlon Triumpher&rsquo;s\u00a0\u00bb. Le coureur Mohamed Nemsi a domin\u00e9 cette \u00e9preuve organis\u00e9e par &hellip;","og_url":"https:\/\/dpress.ma\/fr\/2026\/08\/31\/tanger-mohamed-nemsi-et-ghizlane-assou-remportent-la-coupe-dafrique-de-duathlon\/","og_site_name":"Dpress.ma\/fr","article_published_time":"2026-08-31T09:28:32+00:00","article_modified_time":"2026-08-31T09:28:34+00:00","og_image":[{"width":2539,"height":1594,"url":"https:\/\/dpress.ma\/fr\/wp-content\/uploads\/sites\/2\/2026\/08\/sport.jpg","type":"image\/jpeg"}],"author":"Dpress.ma","twitter_card":"summary_large_image","twitter_misc":{"\u00c9crit par":"Dpress.ma","Dur\u00e9e de lecture estim\u00e9e":"3 minutes"},"schema":{"@context":"https:\/\/schema.org","@graph":[{"@type":"Article","@id":"https:\/\/dpress.ma\/fr\/2026\/08\/31\/tanger-mohamed-nemsi-et-ghizlane-assou-remportent-la-coupe-dafrique-de-duathlon\/#article","isPartOf":{"@id":"https:\/\/dpress.ma\/fr\/2026\/08\/31\/tanger-mohamed-nemsi-et-ghizlane-assou-remportent-la-coupe-dafrique-de-duathlon\/"},"author":{"name":"Dpress.ma","@id":"https:\/\/dpress.ma\/fr\/#\/schema\/person\/4898febf3ccd59e6578d838656a306a0"},"headline":"Tanger: Mohamed Nemsi et Ghizlane Assou remportent la Coupe d\u2019Afrique de duathlon","datePublished":"2026-08-31T09:28:32+00:00","dateModified":"2026-08-31T09:28:34+00:00","mainEntityOfPage":{"@id":"https:\/\/dpress.ma\/fr\/2026\/08\/31\/tanger-mohamed-nemsi-et-ghizlane-assou-remportent-la-coupe-dafrique-de-duathlon\/"},"wordCount":595,"commentCount":0,"image":{"@id":"https:\/\/dpress.ma\/fr\/2026\/08\/31\/tanger-mohamed-nemsi-et-ghizlane-assou-remportent-la-coupe-dafrique-de-duathlon\/#primaryimage"},"thumbnailUrl":"https:\/\/dpress.ma\/fr\/wp-content\/uploads\/sites\/2\/2026\/08\/sport.jpg","articleSection":["Sport"],"inLanguage":"fr-FR","potentialAction":[{"@type":"CommentAction","name":"Comment","target":["https:\/\/dpress.ma\/fr\/2026\/08\/31\/tanger-mohamed-nemsi-et-ghizlane-assou-remportent-la-coupe-dafrique-de-duathlon\/#respond"]}]},{"@type":"WebPage","@id":"https:\/\/dpress.ma\/fr\/2026\/08\/31\/tanger-mohamed-nemsi-et-ghizlane-assou-remportent-la-coupe-dafrique-de-duathlon\/","url":"https:\/\/dpress.ma\/fr\/2026\/08\/31\/tanger-mohamed-nemsi-et-ghizlane-assou-remportent-la-coupe-dafrique-de-duathlon\/","name":"Tanger: Mohamed Nemsi et Ghizlane Assou remportent la Coupe d\u2019Afrique de duathlon - Dpress.ma\/fr","isPartOf":{"@id":"https:\/\/dpress.ma\/fr\/#website"},"primaryImageOfPage":{"@id":"https:\/\/dpress.ma\/fr\/2026\/08\/31\/tanger-mohamed-nemsi-et-ghizlane-assou-remportent-la-coupe-dafrique-de-duathlon\/#primaryimage"},"image":{"@id":"https:\/\/dpress.ma\/fr\/2026\/08\/31\/tanger-mohamed-nemsi-et-ghizlane-assou-remportent-la-coupe-dafrique-de-duathlon\/#primaryimage"},"thumbnailUrl":"https:\/\/dpress.ma\/fr\/wp-content\/uploads\/sites\/2\/2026\/08\/sport.jpg","datePublished":"2026-08-31T09:28:32+00:00","dateModified":"2026-08-31T09:28:34+00:00","author":{"@id":"https:\/\/dpress.ma\/fr\/#\/schema\/person\/4898febf3ccd59e6578d838656a306a0"},"breadcrumb":{"@id":"https:\/\/dpress.ma\/fr\/2026\/08\/31\/tanger-mohamed-nemsi-et-ghizlane-assou-remportent-la-coupe-dafrique-de-duathlon\/#breadcrumb"},"inLanguage":"fr-FR","potentialAction":[{"@type":"ReadAction","target":["https:\/\/dpress.ma\/fr\/2026\/08\/31\/tanger-mohamed-nemsi-et-ghizlane-assou-remportent-la-coupe-dafrique-de-duathlon\/"]}]},{"@type":"ImageObject","inLanguage":"fr-FR","@id":"https:\/\/dpress.ma\/fr\/2026\/08\/31\/tanger-mohamed-nemsi-et-ghizlane-assou-remportent-la-coupe-dafrique-de-duathlon\/#primaryimage","url":"https:\/\/dpress.ma\/fr\/wp-content\/uploads\/sites\/2\/2026\/08\/sport.jpg","contentUrl":"https:\/\/dpress.ma\/fr\/wp-content\/uploads\/sites\/2\/2026\/08\/sport.jpg","width":2539,"height":1594},{"@type":"BreadcrumbList","@id":"https:\/\/dpress.ma\/fr\/2026\/08\/31\/tanger-mohamed-nemsi-et-ghizlane-assou-remportent-la-coupe-dafrique-de-duathlon\/#breadcrumb","itemListElement":[{"@type":"ListItem","position":1,"name":"Home","item":"https:\/\/dpress.ma\/fr\/"},{"@type":"ListItem","position":2,"name":"Tanger: Mohamed Nemsi et Ghizlane Assou remportent la Coupe d\u2019Afrique de duathlon"}]},{"@type":"WebSite","@id":"https:\/\/dpress.ma\/fr\/#website","url":"https:\/\/dpress.ma\/fr\/","name":"Dpress.ma\/fr","description":"","potentialAction":[{"@type":"SearchAction","target":{"@type":"EntryPoint","urlTemplate":"https:\/\/dpress.ma\/fr\/?s={search_term_string}"},"query-input":{"@type":"PropertyValueSpecification","valueRequired":true,"valueName":"search_term_string"}}],"inLanguage":"fr-FR"},{"@type":"Person","@id":"https:\/\/dpress.ma\/fr\/#\/schema\/person\/4898febf3ccd59e6578d838656a306a0","name":"Dpress.ma","image":{"@type":"ImageObject","inLanguage":"fr-FR","@id":"https:\/\/secure.gravatar.com\/avatar\/72ecc30e9db047a2e0e7176561eb9d564ed77c8108376495b19bd8336405198a?s=96&d=mm&r=g","url":"https:\/\/secure.gravatar.com\/avatar\/72ecc30e9db047a2e0e7176561eb9d564ed77c8108376495b19bd8336405198a?s=96&d=mm&r=g","contentUrl":"https:\/\/secure.gravatar.com\/avatar\/72ecc30e9db047a2e0e7176561eb9d564ed77c8108376495b19bd8336405198a?s=96&d=mm&r=g","caption":"Dpress.ma"},"sameAs":["https:\/\/www.dpress.ma"],"url":"https:\/\/dpress.ma\/fr\/author\/dpress-ma\/"}]}},"amp_enabled":true,"_links":{"self":[{"href":"https:\/\/dpress.ma\/fr\/wp-json\/wp\/v2\/posts\/38755","targetHints":{"allow":["GET"]}}],"collection":[{"href":"https:\/\/dpress.ma\/fr\/wp-json\/wp\/v2\/posts"}],"about":[{"href":"https:\/\/dpress.ma\/fr\/wp-json\/wp\/v2\/types\/post"}],"author":[{"embeddable":true,"href":"https:\/\/dpress.ma\/fr\/wp-json\/wp\/v2\/users\/2"}],"replies":[{"embeddable":true,"href":"https:\/\/dpress.ma\/fr\/wp-json\/wp\/v2\/comments?post=38755"}],"version-history":[{"count":1,"href":"https:\/\/dpress.ma\/fr\/wp-json\/wp\/v2\/posts\/38755\/revisions"}],"predecessor-version":[{"id":38757,"href":"https:\/\/dpress.ma\/fr\/wp-json\/wp\/v2\/posts\/38755\/revisions\/38757"}],"wp:featuredmedia":[{"embeddable":true,"href":"https:\/\/dpress.ma\/fr\/wp-json\/wp\/v2\/media\/38756"}],"wp:attachment":[{"href":"https:\/\/dpress.ma\/fr\/wp-json\/wp\/v2\/media?parent=38755"}],"wp:term":[{"taxonomy":"category","embeddable":true,"href":"https:\/\/dpress.ma\/fr\/wp-json\/wp\/v2\/categories?post=38755"},{"taxonomy":"post_tag","embeddable":true,"href":"https:\/\/dpress.ma\/fr\/wp-json\/wp\/v2\/tags?post=38755"}],"curies":[{"name":"wp","href":"https:\/\/api.w.org\/{rel}","templated":true}]}}