{"id":38752,"date":"2026-08-31T09:26:20","date_gmt":"2026-08-31T09:26:20","guid":{"rendered":"https:\/\/dpress.ma\/fr\/?p=38752"},"modified":"2026-08-31T09:26:23","modified_gmt":"2026-08-31T09:26:23","slug":"laayoune-don-royal-a-la-zaouia-de-cheikh-mohamed-laghdaf-ben-cheikh-maalainine","status":"publish","type":"post","link":"https:\/\/dpress.ma\/fr\/2026\/08\/31\/laayoune-don-royal-a-la-zaouia-de-cheikh-mohamed-laghdaf-ben-cheikh-maalainine\/","title":{"rendered":"La\u00e2youne : Don Royal \u00e0 la Zaou\u00efa de Cheikh Mohamed Laghdaf Ben Cheikh Maalainine"},"content":{"rendered":"\n<p class=\"wp-block-paragraph\">Dpress<\/p>\n\n\n\n<p class=\"wp-block-paragraph\">Une Commission Royale a proc\u00e9d\u00e9, samedi soir \u00e0 La\u00e2youne, \u00e0 la remise d\u2019un don royal aux Chorfas de la Zaou\u00efa de Cheikh Mohamed Laghdaf Ben Cheikh Maalainine, \u00e0 l&rsquo;occasion de la comm\u00e9moration du 28e anniversaire de la disparition de Feu SM Hassan II, que Dieu ait Son \u00e2me.<\/p>\n\n\n\n<p class=\"wp-block-paragraph\">La remise de ce don royal s\u2019est d\u00e9roul\u00e9e lors d\u2019une c\u00e9r\u00e9monie religieuse organis\u00e9e au si\u00e8ge de la Zaou\u00efa, en pr\u00e9sence notamment du wali de la r\u00e9gion de La\u00e2youne-Sakia El Hamra, gouverneur de la province de La\u00e2youne, Abdeslam Bekrate, du d\u00e9l\u00e9gu\u00e9 r\u00e9gional des Affaires islamiques, du pr\u00e9sident du Conseil r\u00e9gional des Oul\u00e9mas, du pr\u00e9sident du Conseil local des Oul\u00e9mas et du d\u00e9l\u00e9gu\u00e9 provincial des Affaires islamiques.<\/p>\n\n\n\n<p class=\"wp-block-paragraph\">Cette c\u00e9r\u00e9monie, qui s\u2019est d\u00e9roul\u00e9e \u00e9galement en pr\u00e9sence de plusieurs \u00e9lus, cheikhs des tribus sahraouies, et de membres et adeptes de la Zaou\u00efa, a \u00e9t\u00e9 marqu\u00e9e par la r\u00e9citation de versets du Saint Coran et de pan\u00e9gyriques du Proph\u00e8te Sidna Mohammed (PSL).<\/p>\n\n\n\n<p class=\"wp-block-paragraph\">\u00c0 cette occasion, l&rsquo;assistance a implor\u00e9 le Tout-Puissant de pr\u00e9server SM le Roi Mohammed VI, Amir Al Mouminine, et de combler le Souverain en les personnes de SAR le Prince H\u00e9ritier Moulay El Hassan, de SAR le Prince Moulay Rachid et de l&rsquo;ensemble des membres de l&rsquo;Illustre Famille Royale.<\/p>\n\n\n\n<p class=\"wp-block-paragraph\">Des pri\u00e8res ont \u00e9t\u00e9 \u00e9galement \u00e9lev\u00e9es pour le repos de l&rsquo;\u00e2me des regrett\u00e9s Souverains, feu SM Mohammed V et feu SM Hassan II, que Dieu les ait en Sa Sainte Mis\u00e9ricorde.<\/p>\n","protected":false},"excerpt":{"rendered":"<p>Dpress Une Commission Royale a proc\u00e9d\u00e9, samedi soir \u00e0 La\u00e2youne, \u00e0 la remise d\u2019un don royal aux Chorfas de la Zaou\u00efa de Cheikh Mohamed Laghdaf Ben Cheikh Maalainine, \u00e0 l&rsquo;occasion de la comm\u00e9moration du 28e anniversaire de la disparition de Feu SM Hassan II, que Dieu ait Son \u00e2me. La remise de ce don royal &hellip;<\/p>\n","protected":false},"author":2,"featured_media":38753,"comment_status":"open","ping_status":"open","sticky":false,"template":"","format":"standard","meta":{"footnotes":""},"categories":[40],"tags":[],"class_list":["post-38752","post","type-post","status-publish","format-standard","has-post-thumbnail","hentry","category-societe-et-regions"],"yoast_head":"<!-- This site is optimized with the Yoast SEO plugin v28.0 - https:\/\/yoast.com\/product\/yoast-seo-wordpress\/ -->\n<title>La\u00e2youne : Don Royal \u00e0 la Zaou\u00efa de Cheikh Mohamed Laghdaf Ben Cheikh Maalainine - Dpress.ma\/fr<\/title>\n<meta name=\"robots\" content=\"index, follow, max-snippet:-1, max-image-preview:large, max-video-preview:-1\" \/>\n<link rel=\"canonical\" href=\"https:\/\/dpress.ma\/fr\/2026\/08\/31\/laayoune-don-royal-a-la-zaouia-de-cheikh-mohamed-laghdaf-ben-cheikh-maalainine\/\" \/>\n<meta property=\"og:locale\" content=\"fr_FR\" \/>\n<meta property=\"og:type\" content=\"article\" \/>\n<meta property=\"og:title\" content=\"La\u00e2youne : Don Royal \u00e0 la Zaou\u00efa de Cheikh Mohamed Laghdaf Ben Cheikh Maalainine - Dpress.ma\/fr\" \/>\n<meta property=\"og:description\" content=\"Dpress Une Commission Royale a proc\u00e9d\u00e9, samedi soir \u00e0 La\u00e2youne, \u00e0 la remise d\u2019un don royal aux Chorfas de la Zaou\u00efa de Cheikh Mohamed Laghdaf Ben Cheikh Maalainine, \u00e0 l&rsquo;occasion de la comm\u00e9moration du 28e anniversaire de la disparition de Feu SM Hassan II, que Dieu ait Son \u00e2me. La remise de ce don royal &hellip;\" \/>\n<meta property=\"og:url\" content=\"https:\/\/dpress.ma\/fr\/2026\/08\/31\/laayoune-don-royal-a-la-zaouia-de-cheikh-mohamed-laghdaf-ben-cheikh-maalainine\/\" \/>\n<meta property=\"og:site_name\" content=\"Dpress.ma\/fr\" \/>\n<meta property=\"article:published_time\" content=\"2026-08-31T09:26:20+00:00\" \/>\n<meta property=\"article:modified_time\" content=\"2026-08-31T09:26:23+00:00\" \/>\n<meta property=\"og:image\" content=\"https:\/\/dpress.ma\/fr\/wp-content\/uploads\/sites\/2\/2026\/08\/roi.jpg\" \/>\n\t<meta property=\"og:image:width\" content=\"2539\" \/>\n\t<meta property=\"og:image:height\" content=\"1594\" \/>\n\t<meta property=\"og:image:type\" content=\"image\/jpeg\" \/>\n<meta name=\"author\" content=\"Dpress.ma\" \/>\n<meta name=\"twitter:card\" content=\"summary_large_image\" \/>\n<meta name=\"twitter:label1\" content=\"\u00c9crit par\" \/>\n\t<meta name=\"twitter:data1\" content=\"Dpress.ma\" \/>\n\t<meta name=\"twitter:label2\" content=\"Dur\u00e9e de lecture estim\u00e9e\" \/>\n\t<meta name=\"twitter:data2\" content=\"2 minutes\" \/>\n<script type=\"application\/ld+json\" class=\"yoast-schema-graph\">{\"@context\":\"https:\\\/\\\/schema.org\",\"@graph\":[{\"@type\":\"Article\",\"@id\":\"https:\\\/\\\/dpress.ma\\\/fr\\\/2026\\\/08\\\/31\\\/laayoune-don-royal-a-la-zaouia-de-cheikh-mohamed-laghdaf-ben-cheikh-maalainine\\\/#article\",\"isPartOf\":{\"@id\":\"https:\\\/\\\/dpress.ma\\\/fr\\\/2026\\\/08\\\/31\\\/laayoune-don-royal-a-la-zaouia-de-cheikh-mohamed-laghdaf-ben-cheikh-maalainine\\\/\"},\"author\":{\"name\":\"Dpress.ma\",\"@id\":\"https:\\\/\\\/dpress.ma\\\/fr\\\/#\\\/schema\\\/person\\\/4898febf3ccd59e6578d838656a306a0\"},\"headline\":\"La\u00e2youne : Don Royal \u00e0 la Zaou\u00efa de Cheikh Mohamed Laghdaf Ben Cheikh Maalainine\",\"datePublished\":\"2026-08-31T09:26:20+00:00\",\"dateModified\":\"2026-08-31T09:26:23+00:00\",\"mainEntityOfPage\":{\"@id\":\"https:\\\/\\\/dpress.ma\\\/fr\\\/2026\\\/08\\\/31\\\/laayoune-don-royal-a-la-zaouia-de-cheikh-mohamed-laghdaf-ben-cheikh-maalainine\\\/\"},\"wordCount\":292,\"commentCount\":0,\"image\":{\"@id\":\"https:\\\/\\\/dpress.ma\\\/fr\\\/2026\\\/08\\\/31\\\/laayoune-don-royal-a-la-zaouia-de-cheikh-mohamed-laghdaf-ben-cheikh-maalainine\\\/#primaryimage\"},\"thumbnailUrl\":\"https:\\\/\\\/dpress.ma\\\/fr\\\/wp-content\\\/uploads\\\/sites\\\/2\\\/2026\\\/08\\\/roi.jpg\",\"articleSection\":[\"societe et regions\"],\"inLanguage\":\"fr-FR\",\"potentialAction\":[{\"@type\":\"CommentAction\",\"name\":\"Comment\",\"target\":[\"https:\\\/\\\/dpress.ma\\\/fr\\\/2026\\\/08\\\/31\\\/laayoune-don-royal-a-la-zaouia-de-cheikh-mohamed-laghdaf-ben-cheikh-maalainine\\\/#respond\"]}]},{\"@type\":\"WebPage\",\"@id\":\"https:\\\/\\\/dpress.ma\\\/fr\\\/2026\\\/08\\\/31\\\/laayoune-don-royal-a-la-zaouia-de-cheikh-mohamed-laghdaf-ben-cheikh-maalainine\\\/\",\"url\":\"https:\\\/\\\/dpress.ma\\\/fr\\\/2026\\\/08\\\/31\\\/laayoune-don-royal-a-la-zaouia-de-cheikh-mohamed-laghdaf-ben-cheikh-maalainine\\\/\",\"name\":\"La\u00e2youne : Don Royal \u00e0 la Zaou\u00efa de Cheikh Mohamed Laghdaf Ben Cheikh Maalainine - Dpress.ma\\\/fr\",\"isPartOf\":{\"@id\":\"https:\\\/\\\/dpress.ma\\\/fr\\\/#website\"},\"primaryImageOfPage\":{\"@id\":\"https:\\\/\\\/dpress.ma\\\/fr\\\/2026\\\/08\\\/31\\\/laayoune-don-royal-a-la-zaouia-de-cheikh-mohamed-laghdaf-ben-cheikh-maalainine\\\/#primaryimage\"},\"image\":{\"@id\":\"https:\\\/\\\/dpress.ma\\\/fr\\\/2026\\\/08\\\/31\\\/laayoune-don-royal-a-la-zaouia-de-cheikh-mohamed-laghdaf-ben-cheikh-maalainine\\\/#primaryimage\"},\"thumbnailUrl\":\"https:\\\/\\\/dpress.ma\\\/fr\\\/wp-content\\\/uploads\\\/sites\\\/2\\\/2026\\\/08\\\/roi.jpg\",\"datePublished\":\"2026-08-31T09:26:20+00:00\",\"dateModified\":\"2026-08-31T09:26:23+00:00\",\"author\":{\"@id\":\"https:\\\/\\\/dpress.ma\\\/fr\\\/#\\\/schema\\\/person\\\/4898febf3ccd59e6578d838656a306a0\"},\"breadcrumb\":{\"@id\":\"https:\\\/\\\/dpress.ma\\\/fr\\\/2026\\\/08\\\/31\\\/laayoune-don-royal-a-la-zaouia-de-cheikh-mohamed-laghdaf-ben-cheikh-maalainine\\\/#breadcrumb\"},\"inLanguage\":\"fr-FR\",\"potentialAction\":[{\"@type\":\"ReadAction\",\"target\":[\"https:\\\/\\\/dpress.ma\\\/fr\\\/2026\\\/08\\\/31\\\/laayoune-don-royal-a-la-zaouia-de-cheikh-mohamed-laghdaf-ben-cheikh-maalainine\\\/\"]}]},{\"@type\":\"ImageObject\",\"inLanguage\":\"fr-FR\",\"@id\":\"https:\\\/\\\/dpress.ma\\\/fr\\\/2026\\\/08\\\/31\\\/laayoune-don-royal-a-la-zaouia-de-cheikh-mohamed-laghdaf-ben-cheikh-maalainine\\\/#primaryimage\",\"url\":\"https:\\\/\\\/dpress.ma\\\/fr\\\/wp-content\\\/uploads\\\/sites\\\/2\\\/2026\\\/08\\\/roi.jpg\",\"contentUrl\":\"https:\\\/\\\/dpress.ma\\\/fr\\\/wp-content\\\/uploads\\\/sites\\\/2\\\/2026\\\/08\\\/roi.jpg\",\"width\":2539,\"height\":1594},{\"@type\":\"BreadcrumbList\",\"@id\":\"https:\\\/\\\/dpress.ma\\\/fr\\\/2026\\\/08\\\/31\\\/laayoune-don-royal-a-la-zaouia-de-cheikh-mohamed-laghdaf-ben-cheikh-maalainine\\\/#breadcrumb\",\"itemListElement\":[{\"@type\":\"ListItem\",\"position\":1,\"name\":\"Home\",\"item\":\"https:\\\/\\\/dpress.ma\\\/fr\\\/\"},{\"@type\":\"ListItem\",\"position\":2,\"name\":\"La\u00e2youne : Don Royal \u00e0 la Zaou\u00efa de Cheikh Mohamed Laghdaf Ben Cheikh Maalainine\"}]},{\"@type\":\"WebSite\",\"@id\":\"https:\\\/\\\/dpress.ma\\\/fr\\\/#website\",\"url\":\"https:\\\/\\\/dpress.ma\\\/fr\\\/\",\"name\":\"Dpress.ma\\\/fr\",\"description\":\"\",\"potentialAction\":[{\"@type\":\"SearchAction\",\"target\":{\"@type\":\"EntryPoint\",\"urlTemplate\":\"https:\\\/\\\/dpress.ma\\\/fr\\\/?s={search_term_string}\"},\"query-input\":{\"@type\":\"PropertyValueSpecification\",\"valueRequired\":true,\"valueName\":\"search_term_string\"}}],\"inLanguage\":\"fr-FR\"},{\"@type\":\"Person\",\"@id\":\"https:\\\/\\\/dpress.ma\\\/fr\\\/#\\\/schema\\\/person\\\/4898febf3ccd59e6578d838656a306a0\",\"name\":\"Dpress.ma\",\"image\":{\"@type\":\"ImageObject\",\"inLanguage\":\"fr-FR\",\"@id\":\"https:\\\/\\\/secure.gravatar.com\\\/avatar\\\/72ecc30e9db047a2e0e7176561eb9d564ed77c8108376495b19bd8336405198a?s=96&d=mm&r=g\",\"url\":\"https:\\\/\\\/secure.gravatar.com\\\/avatar\\\/72ecc30e9db047a2e0e7176561eb9d564ed77c8108376495b19bd8336405198a?s=96&d=mm&r=g\",\"contentUrl\":\"https:\\\/\\\/secure.gravatar.com\\\/avatar\\\/72ecc30e9db047a2e0e7176561eb9d564ed77c8108376495b19bd8336405198a?s=96&d=mm&r=g\",\"caption\":\"Dpress.ma\"},\"sameAs\":[\"https:\\\/\\\/www.dpress.ma\"],\"url\":\"https:\\\/\\\/dpress.ma\\\/fr\\\/author\\\/dpress-ma\\\/\"}]}<\/script>\n<!-- \/ Yoast SEO plugin. -->","yoast_head_json":{"title":"La\u00e2youne : Don Royal \u00e0 la Zaou\u00efa de Cheikh Mohamed Laghdaf Ben Cheikh Maalainine - Dpress.ma\/fr","robots":{"index":"index","follow":"follow","max-snippet":"max-snippet:-1","max-image-preview":"max-image-preview:large","max-video-preview":"max-video-preview:-1"},"canonical":"https:\/\/dpress.ma\/fr\/2026\/08\/31\/laayoune-don-royal-a-la-zaouia-de-cheikh-mohamed-laghdaf-ben-cheikh-maalainine\/","og_locale":"fr_FR","og_type":"article","og_title":"La\u00e2youne : Don Royal \u00e0 la Zaou\u00efa de Cheikh Mohamed Laghdaf Ben Cheikh Maalainine - Dpress.ma\/fr","og_description":"Dpress Une Commission Royale a proc\u00e9d\u00e9, samedi soir \u00e0 La\u00e2youne, \u00e0 la remise d\u2019un don royal aux Chorfas de la Zaou\u00efa de Cheikh Mohamed Laghdaf Ben Cheikh Maalainine, \u00e0 l&rsquo;occasion de la comm\u00e9moration du 28e anniversaire de la disparition de Feu SM Hassan II, que Dieu ait Son \u00e2me. La remise de ce don royal &hellip;","og_url":"https:\/\/dpress.ma\/fr\/2026\/08\/31\/laayoune-don-royal-a-la-zaouia-de-cheikh-mohamed-laghdaf-ben-cheikh-maalainine\/","og_site_name":"Dpress.ma\/fr","article_published_time":"2026-08-31T09:26:20+00:00","article_modified_time":"2026-08-31T09:26:23+00:00","og_image":[{"width":2539,"height":1594,"url":"https:\/\/dpress.ma\/fr\/wp-content\/uploads\/sites\/2\/2026\/08\/roi.jpg","type":"image\/jpeg"}],"author":"Dpress.ma","twitter_card":"summary_large_image","twitter_misc":{"\u00c9crit par":"Dpress.ma","Dur\u00e9e de lecture estim\u00e9e":"2 minutes"},"schema":{"@context":"https:\/\/schema.org","@graph":[{"@type":"Article","@id":"https:\/\/dpress.ma\/fr\/2026\/08\/31\/laayoune-don-royal-a-la-zaouia-de-cheikh-mohamed-laghdaf-ben-cheikh-maalainine\/#article","isPartOf":{"@id":"https:\/\/dpress.ma\/fr\/2026\/08\/31\/laayoune-don-royal-a-la-zaouia-de-cheikh-mohamed-laghdaf-ben-cheikh-maalainine\/"},"author":{"name":"Dpress.ma","@id":"https:\/\/dpress.ma\/fr\/#\/schema\/person\/4898febf3ccd59e6578d838656a306a0"},"headline":"La\u00e2youne : Don Royal \u00e0 la Zaou\u00efa de Cheikh Mohamed Laghdaf Ben Cheikh Maalainine","datePublished":"2026-08-31T09:26:20+00:00","dateModified":"2026-08-31T09:26:23+00:00","mainEntityOfPage":{"@id":"https:\/\/dpress.ma\/fr\/2026\/08\/31\/laayoune-don-royal-a-la-zaouia-de-cheikh-mohamed-laghdaf-ben-cheikh-maalainine\/"},"wordCount":292,"commentCount":0,"image":{"@id":"https:\/\/dpress.ma\/fr\/2026\/08\/31\/laayoune-don-royal-a-la-zaouia-de-cheikh-mohamed-laghdaf-ben-cheikh-maalainine\/#primaryimage"},"thumbnailUrl":"https:\/\/dpress.ma\/fr\/wp-content\/uploads\/sites\/2\/2026\/08\/roi.jpg","articleSection":["societe et regions"],"inLanguage":"fr-FR","potentialAction":[{"@type":"CommentAction","name":"Comment","target":["https:\/\/dpress.ma\/fr\/2026\/08\/31\/laayoune-don-royal-a-la-zaouia-de-cheikh-mohamed-laghdaf-ben-cheikh-maalainine\/#respond"]}]},{"@type":"WebPage","@id":"https:\/\/dpress.ma\/fr\/2026\/08\/31\/laayoune-don-royal-a-la-zaouia-de-cheikh-mohamed-laghdaf-ben-cheikh-maalainine\/","url":"https:\/\/dpress.ma\/fr\/2026\/08\/31\/laayoune-don-royal-a-la-zaouia-de-cheikh-mohamed-laghdaf-ben-cheikh-maalainine\/","name":"La\u00e2youne : Don Royal \u00e0 la Zaou\u00efa de Cheikh Mohamed Laghdaf Ben Cheikh Maalainine - Dpress.ma\/fr","isPartOf":{"@id":"https:\/\/dpress.ma\/fr\/#website"},"primaryImageOfPage":{"@id":"https:\/\/dpress.ma\/fr\/2026\/08\/31\/laayoune-don-royal-a-la-zaouia-de-cheikh-mohamed-laghdaf-ben-cheikh-maalainine\/#primaryimage"},"image":{"@id":"https:\/\/dpress.ma\/fr\/2026\/08\/31\/laayoune-don-royal-a-la-zaouia-de-cheikh-mohamed-laghdaf-ben-cheikh-maalainine\/#primaryimage"},"thumbnailUrl":"https:\/\/dpress.ma\/fr\/wp-content\/uploads\/sites\/2\/2026\/08\/roi.jpg","datePublished":"2026-08-31T09:26:20+00:00","dateModified":"2026-08-31T09:26:23+00:00","author":{"@id":"https:\/\/dpress.ma\/fr\/#\/schema\/person\/4898febf3ccd59e6578d838656a306a0"},"breadcrumb":{"@id":"https:\/\/dpress.ma\/fr\/2026\/08\/31\/laayoune-don-royal-a-la-zaouia-de-cheikh-mohamed-laghdaf-ben-cheikh-maalainine\/#breadcrumb"},"inLanguage":"fr-FR","potentialAction":[{"@type":"ReadAction","target":["https:\/\/dpress.ma\/fr\/2026\/08\/31\/laayoune-don-royal-a-la-zaouia-de-cheikh-mohamed-laghdaf-ben-cheikh-maalainine\/"]}]},{"@type":"ImageObject","inLanguage":"fr-FR","@id":"https:\/\/dpress.ma\/fr\/2026\/08\/31\/laayoune-don-royal-a-la-zaouia-de-cheikh-mohamed-laghdaf-ben-cheikh-maalainine\/#primaryimage","url":"https:\/\/dpress.ma\/fr\/wp-content\/uploads\/sites\/2\/2026\/08\/roi.jpg","contentUrl":"https:\/\/dpress.ma\/fr\/wp-content\/uploads\/sites\/2\/2026\/08\/roi.jpg","width":2539,"height":1594},{"@type":"BreadcrumbList","@id":"https:\/\/dpress.ma\/fr\/2026\/08\/31\/laayoune-don-royal-a-la-zaouia-de-cheikh-mohamed-laghdaf-ben-cheikh-maalainine\/#breadcrumb","itemListElement":[{"@type":"ListItem","position":1,"name":"Home","item":"https:\/\/dpress.ma\/fr\/"},{"@type":"ListItem","position":2,"name":"La\u00e2youne : Don Royal \u00e0 la Zaou\u00efa de Cheikh Mohamed Laghdaf Ben Cheikh Maalainine"}]},{"@type":"WebSite","@id":"https:\/\/dpress.ma\/fr\/#website","url":"https:\/\/dpress.ma\/fr\/","name":"Dpress.ma\/fr","description":"","potentialAction":[{"@type":"SearchAction","target":{"@type":"EntryPoint","urlTemplate":"https:\/\/dpress.ma\/fr\/?s={search_term_string}"},"query-input":{"@type":"PropertyValueSpecification","valueRequired":true,"valueName":"search_term_string"}}],"inLanguage":"fr-FR"},{"@type":"Person","@id":"https:\/\/dpress.ma\/fr\/#\/schema\/person\/4898febf3ccd59e6578d838656a306a0","name":"Dpress.ma","image":{"@type":"ImageObject","inLanguage":"fr-FR","@id":"https:\/\/secure.gravatar.com\/avatar\/72ecc30e9db047a2e0e7176561eb9d564ed77c8108376495b19bd8336405198a?s=96&d=mm&r=g","url":"https:\/\/secure.gravatar.com\/avatar\/72ecc30e9db047a2e0e7176561eb9d564ed77c8108376495b19bd8336405198a?s=96&d=mm&r=g","contentUrl":"https:\/\/secure.gravatar.com\/avatar\/72ecc30e9db047a2e0e7176561eb9d564ed77c8108376495b19bd8336405198a?s=96&d=mm&r=g","caption":"Dpress.ma"},"sameAs":["https:\/\/www.dpress.ma"],"url":"https:\/\/dpress.ma\/fr\/author\/dpress-ma\/"}]}},"amp_enabled":true,"_links":{"self":[{"href":"https:\/\/dpress.ma\/fr\/wp-json\/wp\/v2\/posts\/38752","targetHints":{"allow":["GET"]}}],"collection":[{"href":"https:\/\/dpress.ma\/fr\/wp-json\/wp\/v2\/posts"}],"about":[{"href":"https:\/\/dpress.ma\/fr\/wp-json\/wp\/v2\/types\/post"}],"author":[{"embeddable":true,"href":"https:\/\/dpress.ma\/fr\/wp-json\/wp\/v2\/users\/2"}],"replies":[{"embeddable":true,"href":"https:\/\/dpress.ma\/fr\/wp-json\/wp\/v2\/comments?post=38752"}],"version-history":[{"count":1,"href":"https:\/\/dpress.ma\/fr\/wp-json\/wp\/v2\/posts\/38752\/revisions"}],"predecessor-version":[{"id":38754,"href":"https:\/\/dpress.ma\/fr\/wp-json\/wp\/v2\/posts\/38752\/revisions\/38754"}],"wp:featuredmedia":[{"embeddable":true,"href":"https:\/\/dpress.ma\/fr\/wp-json\/wp\/v2\/media\/38753"}],"wp:attachment":[{"href":"https:\/\/dpress.ma\/fr\/wp-json\/wp\/v2\/media?parent=38752"}],"wp:term":[{"taxonomy":"category","embeddable":true,"href":"https:\/\/dpress.ma\/fr\/wp-json\/wp\/v2\/categories?post=38752"},{"taxonomy":"post_tag","embeddable":true,"href":"https:\/\/dpress.ma\/fr\/wp-json\/wp\/v2\/tags?post=38752"}],"curies":[{"name":"wp","href":"https:\/\/api.w.org\/{rel}","templated":true}]}}