{"id":38747,"date":"2026-08-31T09:21:28","date_gmt":"2026-08-31T09:21:28","guid":{"rendered":"https:\/\/dpress.ma\/fr\/?p=38747"},"modified":"2026-08-31T09:21:37","modified_gmt":"2026-08-31T09:21:37","slug":"le-maroc-sous-la-conduite-eclairee-de-sa-majeste-le-roi-a-fait-de-la-paix-de-la-securite-et-de-la-stabilite-en-afrique-un-choix-strategique-et-un-engagement-constant","status":"publish","type":"post","link":"https:\/\/dpress.ma\/fr\/2026\/08\/31\/le-maroc-sous-la-conduite-eclairee-de-sa-majeste-le-roi-a-fait-de-la-paix-de-la-securite-et-de-la-stabilite-en-afrique-un-choix-strategique-et-un-engagement-constant\/","title":{"rendered":"Le Maroc, sous la conduite \u00e9clair\u00e9e de Sa Majest\u00e9 le Roi, a fait de la paix, de la s\u00e9curit\u00e9 et de la stabilit\u00e9 en Afrique un choix strat\u00e9gique et un engagement constant"},"content":{"rendered":"\n<p class=\"wp-block-paragraph\">Dpress<\/p>\n\n\n\n<p class=\"wp-block-paragraph\">Le Maroc, sous la conduite \u00e9clair\u00e9e de Sa Majest\u00e9 le Roi Mohammed VI, a fait de la paix, de la s\u00e9curit\u00e9 et de la stabilit\u00e9 en Afrique un choix strat\u00e9gique et un engagement constant, \u00e0 travers sa contribution \u00e0 la pr\u00e9vention des conflits, \u00e0 la m\u00e9diation, au maintien et \u00e0 la consolidation de la paix ainsi qu\u2019\u00e0 la reconstruction post-conflit, a affirm\u00e9, dimanche \u00e0 Luanda, le Chef du gouvernement, Aziz Akhannouch.<\/p>\n\n\n\n<p class=\"wp-block-paragraph\">M. Akhannouch, qui repr\u00e9sente Sa Majest\u00e9 le Roi \u00e0 la session extraordinaire de l\u2019Union africaine consacr\u00e9e au renforcement des m\u00e9canismes de pr\u00e9vention et de r\u00e8glement des conflits en Afrique, tenue dans la capitale angolaise, a \u00e9t\u00e9 accompagn\u00e9 du ministre des Affaires \u00e9trang\u00e8res, de la Coop\u00e9ration africaine et des Marocains r\u00e9sidant \u00e0 l\u2019\u00e9tranger, Nasser Bourita, de l\u2019ambassadeur, Repr\u00e9sentant Permanent du Royaume aupr\u00e8s de l\u2019Union Africaine et de la Commission \u00c9conomique des Nations Unies en Afrique, Mohamed Arrouchi, et de l\u2019ambassadeur du Maroc en Angola, Saadia Alaoui.<\/p>\n\n\n\n<p class=\"wp-block-paragraph\">Le Chef du gouvernement a expliqu\u00e9 que la Vision Royale repose sur la conviction profonde que la paix, la s\u00e9curit\u00e9 et le d\u00e9veloppement sont des dimensions interd\u00e9pendantes et indissociables, et que la pr\u00e9vention durable des conflits passe n\u00e9cessairement par le traitement de leurs causes profondes, notamment \u00e9conomiques, sociales, institutionnelles, climatiques et humanitaires.<\/p>\n\n\n\n<p class=\"wp-block-paragraph\">Il a soulign\u00e9 que la paix ne se construit pas uniquement \u00e0 travers des interventions apr\u00e8s l\u2019\u00e9clatement des crises, mais \u00e9galement par l\u2019investissement dans les facteurs favorisant une stabilit\u00e9 durable, notamment en r\u00e9pondant aux aspirations des jeunes, en renfor\u00e7ant le r\u00f4le des femmes et en cr\u00e9ant des opportunit\u00e9s d\u2019emploi, ainsi qu\u2019en consolidant la s\u00e9curit\u00e9 alimentaire, hydrique et \u00e9nerg\u00e9tique, en d\u00e9veloppant les infrastructures, la connectivit\u00e9 \u00e0 l\u2019\u00e9chelle du continent et l\u2019int\u00e9gration \u00e9conomique.<\/p>\n\n\n\n<p class=\"wp-block-paragraph\">Apr\u00e8s avoir relev\u00e9 qu\u2019il ne s\u2019agit pas simplement de politiques de d\u00e9veloppement, mais de v\u00e9ritables piliers contribuant directement au renforcement de la paix et de la stabilit\u00e9, M. Akhannouch a soutenu qu\u2019\u00ab il nous faut progressivement passer d\u2019une logique de gestion des conflits \u00e0 une logique de construction des conditions de la paix et de pr\u00e9vention des conflits avant leur d\u00e9clenchement \u00bb.<\/p>\n\n\n\n<p class=\"wp-block-paragraph\">Dans ce cadre, il a rappel\u00e9 que Sa Majest\u00e9 le Roi Mohammed VI accorde une importance particuli\u00e8re \u00e0 une coop\u00e9ration Sud-Sud africaine efficace, solidaire et concr\u00e8te, pla\u00e7ant le citoyen africain au c\u0153ur de ses priorit\u00e9s et traduisant la solidarit\u00e9 africaine en projets tangibles dans les domaines de l\u2019alimentation, de l\u2019eau, de l\u2019\u00e9nergie, de la sant\u00e9, de la formation, de l\u2019investissement et des infrastructures.<\/p>\n\n\n\n<p class=\"wp-block-paragraph\">Il a ajout\u00e9 que la consolidation de la paix et de la stabilit\u00e9 exige \u00e9galement de faire face aux d\u00e9fis \u00e9mergents et croissants, tels que le changement climatique et le stress hydrique, le terrorisme et la criminalit\u00e9 transnationale organis\u00e9e, ainsi que la prolif\u00e9ration des groupes arm\u00e9s non \u00e9tatiques, qui constituent une menace pour l\u2019autorit\u00e9 de l\u2019\u00c9tat, sa souverainet\u00e9 et son int\u00e9grit\u00e9 territoriale, sans oublier les ing\u00e9rences ext\u00e9rieures et les risques li\u00e9s \u00e0 la d\u00e9sinformation r\u00e9sultant d\u2019un usage d\u00e9tourn\u00e9 des technologies modernes.<\/p>\n\n\n\n<p class=\"wp-block-paragraph\">Le Chef du gouvernement a estim\u00e9 que la responsabilit\u00e9 de l\u2019Afrique \u00e0 l\u2019\u00e9gard de sa s\u00e9curit\u00e9, de sa stabilit\u00e9 et de son avenir implique \u00e9galement de renforcer sa capacit\u00e9 \u00e0 compter sur ses propres ressources et moyens.<\/p>\n\n\n\n<p class=\"wp-block-paragraph\">Il a conclu que l\u2019Afrique a besoin de partenariats internationaux solides et \u00e9quilibr\u00e9s, mais qu\u2019elle doit, dans le m\u00eame temps, renforcer sa capacit\u00e9 \u00e0 financer ses propres priorit\u00e9s et \u00e0 en assurer la p\u00e9rennit\u00e9, qu\u2019il s\u2019agisse des plans visant \u00e0 consolider la paix, la s\u00e9curit\u00e9 et la stabilit\u00e9 ou des projets de d\u00e9veloppement durable, ce qui impose d\u2019ancrer le principe de la confiance de l\u2019Afrique en elle-m\u00eame.<\/p>\n\n\n\n<p class=\"wp-block-paragraph\"><a href=\"https:\/\/www.facebook.com\/sharer\/sharer.php?u=https:\/\/www.mapexpress.ma\/actualite\/activite-gouvernementale\/maroc-conduite-eclairee-majeste-roi-fait-paix-securite-stabilite-en-afrique-choix-strategique-engagement-constant-m-akhannouch\/\" target=\"_blank\" rel=\"noopener\"><\/a> <a href=\"https:\/\/x.com\/intent\/tweet?url=https:\/\/www.mapexpress.ma\/actualite\/activite-gouvernementale\/maroc-conduite-eclairee-majeste-roi-fait-paix-securite-stabilite-en-afrique-choix-strategique-engagement-constant-m-akhannouch\/&amp;text=Le+Maroc%2C+sous+la+conduite+%C3%A9clair%C3%A9e+de+Sa+Majest%C3%A9+le+Roi%2C+a+fait+de+la+paix%2C+de+la+s%C3%A9curit%C3%A9+et+de+la+stabilit%C3%A9+en+Afrique+un+choix+strat%C3%A9gique+et+un+engagement+constant+%28M.+Akhannouch%29\" target=\"_blank\" rel=\"noopener\"><\/a> <a href=\"https:\/\/www.linkedin.com\/feed\/?shareUrl=https:\/\/www.mapexpress.ma\/actualite\/activite-gouvernementale\/maroc-conduite-eclairee-majeste-roi-fait-paix-securite-stabilite-en-afrique-choix-strategique-engagement-constant-m-akhannouch\/\" target=\"_blank\" rel=\"noopener\"><\/a><a href=\"https:\/\/api.whatsapp.com\/send?text=Le+Maroc%2C+sous+la+conduite+%C3%A9clair%C3%A9e+de+Sa+Majest%C3%A9+le+Roi%2C+a+fait+de+la+paix%2C+de+la+s%C3%A9curit%C3%A9+et+de+la+stabilit%C3%A9+en+Afrique+un+choix+strat%C3%A9gique+et+un+engagement+constant+%28M.+Akhannouch%29+https%3A%2F%2Fwww.mapexpress.ma%2Factualite%2Factivite-gouvernementale%2Fmaroc-conduite-eclairee-majeste-roi-fait-paix-securite-stabilite-en-afrique-choix-strategique-engagement-constant-m-akhannouch%2F\" target=\"_blank\" rel=\"noopener\"><\/a><\/p>\n","protected":false},"excerpt":{"rendered":"<p>Dpress Le Maroc, sous la conduite \u00e9clair\u00e9e de Sa Majest\u00e9 le Roi Mohammed VI, a fait de la paix, de la s\u00e9curit\u00e9 et de la stabilit\u00e9 en Afrique un choix strat\u00e9gique et un engagement constant, \u00e0 travers sa contribution \u00e0 la pr\u00e9vention des conflits, \u00e0 la m\u00e9diation, au maintien et \u00e0 la consolidation de la &hellip;<\/p>\n","protected":false},"author":2,"featured_media":37931,"comment_status":"open","ping_status":"open","sticky":false,"template":"","format":"standard","meta":{"footnotes":""},"categories":[26],"tags":[],"class_list":["post-38747","post","type-post","status-publish","format-standard","has-post-thumbnail","hentry","category-politiques"],"yoast_head":"<!-- This site is optimized with the Yoast SEO plugin v28.0 - https:\/\/yoast.com\/product\/yoast-seo-wordpress\/ -->\n<title>Le Maroc, sous la conduite \u00e9clair\u00e9e de Sa Majest\u00e9 le Roi, a fait de la paix, de la s\u00e9curit\u00e9 et de la stabilit\u00e9 en Afrique un choix strat\u00e9gique et un engagement constant - Dpress.ma\/fr<\/title>\n<meta name=\"robots\" content=\"index, follow, max-snippet:-1, max-image-preview:large, max-video-preview:-1\" \/>\n<link rel=\"canonical\" href=\"https:\/\/dpress.ma\/fr\/2026\/08\/31\/le-maroc-sous-la-conduite-eclairee-de-sa-majeste-le-roi-a-fait-de-la-paix-de-la-securite-et-de-la-stabilite-en-afrique-un-choix-strategique-et-un-engagement-constant\/\" \/>\n<meta property=\"og:locale\" content=\"fr_FR\" \/>\n<meta property=\"og:type\" content=\"article\" \/>\n<meta property=\"og:title\" content=\"Le Maroc, sous la conduite \u00e9clair\u00e9e de Sa Majest\u00e9 le Roi, a fait de la paix, de la s\u00e9curit\u00e9 et de la stabilit\u00e9 en Afrique un choix strat\u00e9gique et un engagement constant - Dpress.ma\/fr\" \/>\n<meta property=\"og:description\" content=\"Dpress Le Maroc, sous la conduite \u00e9clair\u00e9e de Sa Majest\u00e9 le Roi Mohammed VI, a fait de la paix, de la s\u00e9curit\u00e9 et de la stabilit\u00e9 en Afrique un choix strat\u00e9gique et un engagement constant, \u00e0 travers sa contribution \u00e0 la pr\u00e9vention des conflits, \u00e0 la m\u00e9diation, au maintien et \u00e0 la consolidation de la &hellip;\" \/>\n<meta property=\"og:url\" content=\"https:\/\/dpress.ma\/fr\/2026\/08\/31\/le-maroc-sous-la-conduite-eclairee-de-sa-majeste-le-roi-a-fait-de-la-paix-de-la-securite-et-de-la-stabilite-en-afrique-un-choix-strategique-et-un-engagement-constant\/\" \/>\n<meta property=\"og:site_name\" content=\"Dpress.ma\/fr\" \/>\n<meta property=\"article:published_time\" content=\"2026-08-31T09:21:28+00:00\" \/>\n<meta property=\"article:modified_time\" content=\"2026-08-31T09:21:37+00:00\" \/>\n<meta property=\"og:image\" content=\"https:\/\/dpress.ma\/fr\/wp-content\/uploads\/sites\/2\/2026\/08\/maroc.jpg\" \/>\n\t<meta property=\"og:image:width\" content=\"2539\" \/>\n\t<meta property=\"og:image:height\" content=\"1594\" \/>\n\t<meta property=\"og:image:type\" content=\"image\/jpeg\" \/>\n<meta name=\"author\" content=\"Dpress.ma\" \/>\n<meta name=\"twitter:card\" content=\"summary_large_image\" \/>\n<meta name=\"twitter:label1\" content=\"\u00c9crit par\" \/>\n\t<meta name=\"twitter:data1\" content=\"Dpress.ma\" \/>\n\t<meta name=\"twitter:label2\" content=\"Dur\u00e9e de lecture estim\u00e9e\" \/>\n\t<meta name=\"twitter:data2\" content=\"4 minutes\" \/>\n<script type=\"application\/ld+json\" class=\"yoast-schema-graph\">{\"@context\":\"https:\\\/\\\/schema.org\",\"@graph\":[{\"@type\":\"Article\",\"@id\":\"https:\\\/\\\/dpress.ma\\\/fr\\\/2026\\\/08\\\/31\\\/le-maroc-sous-la-conduite-eclairee-de-sa-majeste-le-roi-a-fait-de-la-paix-de-la-securite-et-de-la-stabilite-en-afrique-un-choix-strategique-et-un-engagement-constant\\\/#article\",\"isPartOf\":{\"@id\":\"https:\\\/\\\/dpress.ma\\\/fr\\\/2026\\\/08\\\/31\\\/le-maroc-sous-la-conduite-eclairee-de-sa-majeste-le-roi-a-fait-de-la-paix-de-la-securite-et-de-la-stabilite-en-afrique-un-choix-strategique-et-un-engagement-constant\\\/\"},\"author\":{\"name\":\"Dpress.ma\",\"@id\":\"https:\\\/\\\/dpress.ma\\\/fr\\\/#\\\/schema\\\/person\\\/4898febf3ccd59e6578d838656a306a0\"},\"headline\":\"Le Maroc, sous la conduite \u00e9clair\u00e9e de Sa Majest\u00e9 le Roi, a fait de la paix, de la s\u00e9curit\u00e9 et de la stabilit\u00e9 en Afrique un choix strat\u00e9gique et un engagement constant\",\"datePublished\":\"2026-08-31T09:21:28+00:00\",\"dateModified\":\"2026-08-31T09:21:37+00:00\",\"mainEntityOfPage\":{\"@id\":\"https:\\\/\\\/dpress.ma\\\/fr\\\/2026\\\/08\\\/31\\\/le-maroc-sous-la-conduite-eclairee-de-sa-majeste-le-roi-a-fait-de-la-paix-de-la-securite-et-de-la-stabilite-en-afrique-un-choix-strategique-et-un-engagement-constant\\\/\"},\"wordCount\":696,\"commentCount\":0,\"image\":{\"@id\":\"https:\\\/\\\/dpress.ma\\\/fr\\\/2026\\\/08\\\/31\\\/le-maroc-sous-la-conduite-eclairee-de-sa-majeste-le-roi-a-fait-de-la-paix-de-la-securite-et-de-la-stabilite-en-afrique-un-choix-strategique-et-un-engagement-constant\\\/#primaryimage\"},\"thumbnailUrl\":\"https:\\\/\\\/dpress.ma\\\/fr\\\/wp-content\\\/uploads\\\/sites\\\/2\\\/2026\\\/08\\\/maroc.jpg\",\"articleSection\":[\"Politiques\"],\"inLanguage\":\"fr-FR\",\"potentialAction\":[{\"@type\":\"CommentAction\",\"name\":\"Comment\",\"target\":[\"https:\\\/\\\/dpress.ma\\\/fr\\\/2026\\\/08\\\/31\\\/le-maroc-sous-la-conduite-eclairee-de-sa-majeste-le-roi-a-fait-de-la-paix-de-la-securite-et-de-la-stabilite-en-afrique-un-choix-strategique-et-un-engagement-constant\\\/#respond\"]}]},{\"@type\":\"WebPage\",\"@id\":\"https:\\\/\\\/dpress.ma\\\/fr\\\/2026\\\/08\\\/31\\\/le-maroc-sous-la-conduite-eclairee-de-sa-majeste-le-roi-a-fait-de-la-paix-de-la-securite-et-de-la-stabilite-en-afrique-un-choix-strategique-et-un-engagement-constant\\\/\",\"url\":\"https:\\\/\\\/dpress.ma\\\/fr\\\/2026\\\/08\\\/31\\\/le-maroc-sous-la-conduite-eclairee-de-sa-majeste-le-roi-a-fait-de-la-paix-de-la-securite-et-de-la-stabilite-en-afrique-un-choix-strategique-et-un-engagement-constant\\\/\",\"name\":\"Le Maroc, sous la conduite \u00e9clair\u00e9e de Sa Majest\u00e9 le Roi, a fait de la paix, de la s\u00e9curit\u00e9 et de la stabilit\u00e9 en Afrique un choix strat\u00e9gique et un engagement constant - Dpress.ma\\\/fr\",\"isPartOf\":{\"@id\":\"https:\\\/\\\/dpress.ma\\\/fr\\\/#website\"},\"primaryImageOfPage\":{\"@id\":\"https:\\\/\\\/dpress.ma\\\/fr\\\/2026\\\/08\\\/31\\\/le-maroc-sous-la-conduite-eclairee-de-sa-majeste-le-roi-a-fait-de-la-paix-de-la-securite-et-de-la-stabilite-en-afrique-un-choix-strategique-et-un-engagement-constant\\\/#primaryimage\"},\"image\":{\"@id\":\"https:\\\/\\\/dpress.ma\\\/fr\\\/2026\\\/08\\\/31\\\/le-maroc-sous-la-conduite-eclairee-de-sa-majeste-le-roi-a-fait-de-la-paix-de-la-securite-et-de-la-stabilite-en-afrique-un-choix-strategique-et-un-engagement-constant\\\/#primaryimage\"},\"thumbnailUrl\":\"https:\\\/\\\/dpress.ma\\\/fr\\\/wp-content\\\/uploads\\\/sites\\\/2\\\/2026\\\/08\\\/maroc.jpg\",\"datePublished\":\"2026-08-31T09:21:28+00:00\",\"dateModified\":\"2026-08-31T09:21:37+00:00\",\"author\":{\"@id\":\"https:\\\/\\\/dpress.ma\\\/fr\\\/#\\\/schema\\\/person\\\/4898febf3ccd59e6578d838656a306a0\"},\"breadcrumb\":{\"@id\":\"https:\\\/\\\/dpress.ma\\\/fr\\\/2026\\\/08\\\/31\\\/le-maroc-sous-la-conduite-eclairee-de-sa-majeste-le-roi-a-fait-de-la-paix-de-la-securite-et-de-la-stabilite-en-afrique-un-choix-strategique-et-un-engagement-constant\\\/#breadcrumb\"},\"inLanguage\":\"fr-FR\",\"potentialAction\":[{\"@type\":\"ReadAction\",\"target\":[\"https:\\\/\\\/dpress.ma\\\/fr\\\/2026\\\/08\\\/31\\\/le-maroc-sous-la-conduite-eclairee-de-sa-majeste-le-roi-a-fait-de-la-paix-de-la-securite-et-de-la-stabilite-en-afrique-un-choix-strategique-et-un-engagement-constant\\\/\"]}]},{\"@type\":\"ImageObject\",\"inLanguage\":\"fr-FR\",\"@id\":\"https:\\\/\\\/dpress.ma\\\/fr\\\/2026\\\/08\\\/31\\\/le-maroc-sous-la-conduite-eclairee-de-sa-majeste-le-roi-a-fait-de-la-paix-de-la-securite-et-de-la-stabilite-en-afrique-un-choix-strategique-et-un-engagement-constant\\\/#primaryimage\",\"url\":\"https:\\\/\\\/dpress.ma\\\/fr\\\/wp-content\\\/uploads\\\/sites\\\/2\\\/2026\\\/08\\\/maroc.jpg\",\"contentUrl\":\"https:\\\/\\\/dpress.ma\\\/fr\\\/wp-content\\\/uploads\\\/sites\\\/2\\\/2026\\\/08\\\/maroc.jpg\",\"width\":2539,\"height\":1594},{\"@type\":\"BreadcrumbList\",\"@id\":\"https:\\\/\\\/dpress.ma\\\/fr\\\/2026\\\/08\\\/31\\\/le-maroc-sous-la-conduite-eclairee-de-sa-majeste-le-roi-a-fait-de-la-paix-de-la-securite-et-de-la-stabilite-en-afrique-un-choix-strategique-et-un-engagement-constant\\\/#breadcrumb\",\"itemListElement\":[{\"@type\":\"ListItem\",\"position\":1,\"name\":\"Home\",\"item\":\"https:\\\/\\\/dpress.ma\\\/fr\\\/\"},{\"@type\":\"ListItem\",\"position\":2,\"name\":\"Le Maroc, sous la conduite \u00e9clair\u00e9e de Sa Majest\u00e9 le Roi, a fait de la paix, de la s\u00e9curit\u00e9 et de la stabilit\u00e9 en Afrique un choix strat\u00e9gique et un engagement constant\"}]},{\"@type\":\"WebSite\",\"@id\":\"https:\\\/\\\/dpress.ma\\\/fr\\\/#website\",\"url\":\"https:\\\/\\\/dpress.ma\\\/fr\\\/\",\"name\":\"Dpress.ma\\\/fr\",\"description\":\"\",\"potentialAction\":[{\"@type\":\"SearchAction\",\"target\":{\"@type\":\"EntryPoint\",\"urlTemplate\":\"https:\\\/\\\/dpress.ma\\\/fr\\\/?s={search_term_string}\"},\"query-input\":{\"@type\":\"PropertyValueSpecification\",\"valueRequired\":true,\"valueName\":\"search_term_string\"}}],\"inLanguage\":\"fr-FR\"},{\"@type\":\"Person\",\"@id\":\"https:\\\/\\\/dpress.ma\\\/fr\\\/#\\\/schema\\\/person\\\/4898febf3ccd59e6578d838656a306a0\",\"name\":\"Dpress.ma\",\"image\":{\"@type\":\"ImageObject\",\"inLanguage\":\"fr-FR\",\"@id\":\"https:\\\/\\\/secure.gravatar.com\\\/avatar\\\/72ecc30e9db047a2e0e7176561eb9d564ed77c8108376495b19bd8336405198a?s=96&d=mm&r=g\",\"url\":\"https:\\\/\\\/secure.gravatar.com\\\/avatar\\\/72ecc30e9db047a2e0e7176561eb9d564ed77c8108376495b19bd8336405198a?s=96&d=mm&r=g\",\"contentUrl\":\"https:\\\/\\\/secure.gravatar.com\\\/avatar\\\/72ecc30e9db047a2e0e7176561eb9d564ed77c8108376495b19bd8336405198a?s=96&d=mm&r=g\",\"caption\":\"Dpress.ma\"},\"sameAs\":[\"https:\\\/\\\/www.dpress.ma\"],\"url\":\"https:\\\/\\\/dpress.ma\\\/fr\\\/author\\\/dpress-ma\\\/\"}]}<\/script>\n<!-- \/ Yoast SEO plugin. -->","yoast_head_json":{"title":"Le Maroc, sous la conduite \u00e9clair\u00e9e de Sa Majest\u00e9 le Roi, a fait de la paix, de la s\u00e9curit\u00e9 et de la stabilit\u00e9 en Afrique un choix strat\u00e9gique et un engagement constant - Dpress.ma\/fr","robots":{"index":"index","follow":"follow","max-snippet":"max-snippet:-1","max-image-preview":"max-image-preview:large","max-video-preview":"max-video-preview:-1"},"canonical":"https:\/\/dpress.ma\/fr\/2026\/08\/31\/le-maroc-sous-la-conduite-eclairee-de-sa-majeste-le-roi-a-fait-de-la-paix-de-la-securite-et-de-la-stabilite-en-afrique-un-choix-strategique-et-un-engagement-constant\/","og_locale":"fr_FR","og_type":"article","og_title":"Le Maroc, sous la conduite \u00e9clair\u00e9e de Sa Majest\u00e9 le Roi, a fait de la paix, de la s\u00e9curit\u00e9 et de la stabilit\u00e9 en Afrique un choix strat\u00e9gique et un engagement constant - Dpress.ma\/fr","og_description":"Dpress Le Maroc, sous la conduite \u00e9clair\u00e9e de Sa Majest\u00e9 le Roi Mohammed VI, a fait de la paix, de la s\u00e9curit\u00e9 et de la stabilit\u00e9 en Afrique un choix strat\u00e9gique et un engagement constant, \u00e0 travers sa contribution \u00e0 la pr\u00e9vention des conflits, \u00e0 la m\u00e9diation, au maintien et \u00e0 la consolidation de la &hellip;","og_url":"https:\/\/dpress.ma\/fr\/2026\/08\/31\/le-maroc-sous-la-conduite-eclairee-de-sa-majeste-le-roi-a-fait-de-la-paix-de-la-securite-et-de-la-stabilite-en-afrique-un-choix-strategique-et-un-engagement-constant\/","og_site_name":"Dpress.ma\/fr","article_published_time":"2026-08-31T09:21:28+00:00","article_modified_time":"2026-08-31T09:21:37+00:00","og_image":[{"width":2539,"height":1594,"url":"https:\/\/dpress.ma\/fr\/wp-content\/uploads\/sites\/2\/2026\/08\/maroc.jpg","type":"image\/jpeg"}],"author":"Dpress.ma","twitter_card":"summary_large_image","twitter_misc":{"\u00c9crit par":"Dpress.ma","Dur\u00e9e de lecture estim\u00e9e":"4 minutes"},"schema":{"@context":"https:\/\/schema.org","@graph":[{"@type":"Article","@id":"https:\/\/dpress.ma\/fr\/2026\/08\/31\/le-maroc-sous-la-conduite-eclairee-de-sa-majeste-le-roi-a-fait-de-la-paix-de-la-securite-et-de-la-stabilite-en-afrique-un-choix-strategique-et-un-engagement-constant\/#article","isPartOf":{"@id":"https:\/\/dpress.ma\/fr\/2026\/08\/31\/le-maroc-sous-la-conduite-eclairee-de-sa-majeste-le-roi-a-fait-de-la-paix-de-la-securite-et-de-la-stabilite-en-afrique-un-choix-strategique-et-un-engagement-constant\/"},"author":{"name":"Dpress.ma","@id":"https:\/\/dpress.ma\/fr\/#\/schema\/person\/4898febf3ccd59e6578d838656a306a0"},"headline":"Le Maroc, sous la conduite \u00e9clair\u00e9e de Sa Majest\u00e9 le Roi, a fait de la paix, de la s\u00e9curit\u00e9 et de la stabilit\u00e9 en Afrique un choix strat\u00e9gique et un engagement constant","datePublished":"2026-08-31T09:21:28+00:00","dateModified":"2026-08-31T09:21:37+00:00","mainEntityOfPage":{"@id":"https:\/\/dpress.ma\/fr\/2026\/08\/31\/le-maroc-sous-la-conduite-eclairee-de-sa-majeste-le-roi-a-fait-de-la-paix-de-la-securite-et-de-la-stabilite-en-afrique-un-choix-strategique-et-un-engagement-constant\/"},"wordCount":696,"commentCount":0,"image":{"@id":"https:\/\/dpress.ma\/fr\/2026\/08\/31\/le-maroc-sous-la-conduite-eclairee-de-sa-majeste-le-roi-a-fait-de-la-paix-de-la-securite-et-de-la-stabilite-en-afrique-un-choix-strategique-et-un-engagement-constant\/#primaryimage"},"thumbnailUrl":"https:\/\/dpress.ma\/fr\/wp-content\/uploads\/sites\/2\/2026\/08\/maroc.jpg","articleSection":["Politiques"],"inLanguage":"fr-FR","potentialAction":[{"@type":"CommentAction","name":"Comment","target":["https:\/\/dpress.ma\/fr\/2026\/08\/31\/le-maroc-sous-la-conduite-eclairee-de-sa-majeste-le-roi-a-fait-de-la-paix-de-la-securite-et-de-la-stabilite-en-afrique-un-choix-strategique-et-un-engagement-constant\/#respond"]}]},{"@type":"WebPage","@id":"https:\/\/dpress.ma\/fr\/2026\/08\/31\/le-maroc-sous-la-conduite-eclairee-de-sa-majeste-le-roi-a-fait-de-la-paix-de-la-securite-et-de-la-stabilite-en-afrique-un-choix-strategique-et-un-engagement-constant\/","url":"https:\/\/dpress.ma\/fr\/2026\/08\/31\/le-maroc-sous-la-conduite-eclairee-de-sa-majeste-le-roi-a-fait-de-la-paix-de-la-securite-et-de-la-stabilite-en-afrique-un-choix-strategique-et-un-engagement-constant\/","name":"Le Maroc, sous la conduite \u00e9clair\u00e9e de Sa Majest\u00e9 le Roi, a fait de la paix, de la s\u00e9curit\u00e9 et de la stabilit\u00e9 en Afrique un choix strat\u00e9gique et un engagement constant - Dpress.ma\/fr","isPartOf":{"@id":"https:\/\/dpress.ma\/fr\/#website"},"primaryImageOfPage":{"@id":"https:\/\/dpress.ma\/fr\/2026\/08\/31\/le-maroc-sous-la-conduite-eclairee-de-sa-majeste-le-roi-a-fait-de-la-paix-de-la-securite-et-de-la-stabilite-en-afrique-un-choix-strategique-et-un-engagement-constant\/#primaryimage"},"image":{"@id":"https:\/\/dpress.ma\/fr\/2026\/08\/31\/le-maroc-sous-la-conduite-eclairee-de-sa-majeste-le-roi-a-fait-de-la-paix-de-la-securite-et-de-la-stabilite-en-afrique-un-choix-strategique-et-un-engagement-constant\/#primaryimage"},"thumbnailUrl":"https:\/\/dpress.ma\/fr\/wp-content\/uploads\/sites\/2\/2026\/08\/maroc.jpg","datePublished":"2026-08-31T09:21:28+00:00","dateModified":"2026-08-31T09:21:37+00:00","author":{"@id":"https:\/\/dpress.ma\/fr\/#\/schema\/person\/4898febf3ccd59e6578d838656a306a0"},"breadcrumb":{"@id":"https:\/\/dpress.ma\/fr\/2026\/08\/31\/le-maroc-sous-la-conduite-eclairee-de-sa-majeste-le-roi-a-fait-de-la-paix-de-la-securite-et-de-la-stabilite-en-afrique-un-choix-strategique-et-un-engagement-constant\/#breadcrumb"},"inLanguage":"fr-FR","potentialAction":[{"@type":"ReadAction","target":["https:\/\/dpress.ma\/fr\/2026\/08\/31\/le-maroc-sous-la-conduite-eclairee-de-sa-majeste-le-roi-a-fait-de-la-paix-de-la-securite-et-de-la-stabilite-en-afrique-un-choix-strategique-et-un-engagement-constant\/"]}]},{"@type":"ImageObject","inLanguage":"fr-FR","@id":"https:\/\/dpress.ma\/fr\/2026\/08\/31\/le-maroc-sous-la-conduite-eclairee-de-sa-majeste-le-roi-a-fait-de-la-paix-de-la-securite-et-de-la-stabilite-en-afrique-un-choix-strategique-et-un-engagement-constant\/#primaryimage","url":"https:\/\/dpress.ma\/fr\/wp-content\/uploads\/sites\/2\/2026\/08\/maroc.jpg","contentUrl":"https:\/\/dpress.ma\/fr\/wp-content\/uploads\/sites\/2\/2026\/08\/maroc.jpg","width":2539,"height":1594},{"@type":"BreadcrumbList","@id":"https:\/\/dpress.ma\/fr\/2026\/08\/31\/le-maroc-sous-la-conduite-eclairee-de-sa-majeste-le-roi-a-fait-de-la-paix-de-la-securite-et-de-la-stabilite-en-afrique-un-choix-strategique-et-un-engagement-constant\/#breadcrumb","itemListElement":[{"@type":"ListItem","position":1,"name":"Home","item":"https:\/\/dpress.ma\/fr\/"},{"@type":"ListItem","position":2,"name":"Le Maroc, sous la conduite \u00e9clair\u00e9e de Sa Majest\u00e9 le Roi, a fait de la paix, de la s\u00e9curit\u00e9 et de la stabilit\u00e9 en Afrique un choix strat\u00e9gique et un engagement constant"}]},{"@type":"WebSite","@id":"https:\/\/dpress.ma\/fr\/#website","url":"https:\/\/dpress.ma\/fr\/","name":"Dpress.ma\/fr","description":"","potentialAction":[{"@type":"SearchAction","target":{"@type":"EntryPoint","urlTemplate":"https:\/\/dpress.ma\/fr\/?s={search_term_string}"},"query-input":{"@type":"PropertyValueSpecification","valueRequired":true,"valueName":"search_term_string"}}],"inLanguage":"fr-FR"},{"@type":"Person","@id":"https:\/\/dpress.ma\/fr\/#\/schema\/person\/4898febf3ccd59e6578d838656a306a0","name":"Dpress.ma","image":{"@type":"ImageObject","inLanguage":"fr-FR","@id":"https:\/\/secure.gravatar.com\/avatar\/72ecc30e9db047a2e0e7176561eb9d564ed77c8108376495b19bd8336405198a?s=96&d=mm&r=g","url":"https:\/\/secure.gravatar.com\/avatar\/72ecc30e9db047a2e0e7176561eb9d564ed77c8108376495b19bd8336405198a?s=96&d=mm&r=g","contentUrl":"https:\/\/secure.gravatar.com\/avatar\/72ecc30e9db047a2e0e7176561eb9d564ed77c8108376495b19bd8336405198a?s=96&d=mm&r=g","caption":"Dpress.ma"},"sameAs":["https:\/\/www.dpress.ma"],"url":"https:\/\/dpress.ma\/fr\/author\/dpress-ma\/"}]}},"amp_enabled":true,"_links":{"self":[{"href":"https:\/\/dpress.ma\/fr\/wp-json\/wp\/v2\/posts\/38747","targetHints":{"allow":["GET"]}}],"collection":[{"href":"https:\/\/dpress.ma\/fr\/wp-json\/wp\/v2\/posts"}],"about":[{"href":"https:\/\/dpress.ma\/fr\/wp-json\/wp\/v2\/types\/post"}],"author":[{"embeddable":true,"href":"https:\/\/dpress.ma\/fr\/wp-json\/wp\/v2\/users\/2"}],"replies":[{"embeddable":true,"href":"https:\/\/dpress.ma\/fr\/wp-json\/wp\/v2\/comments?post=38747"}],"version-history":[{"count":1,"href":"https:\/\/dpress.ma\/fr\/wp-json\/wp\/v2\/posts\/38747\/revisions"}],"predecessor-version":[{"id":38748,"href":"https:\/\/dpress.ma\/fr\/wp-json\/wp\/v2\/posts\/38747\/revisions\/38748"}],"wp:featuredmedia":[{"embeddable":true,"href":"https:\/\/dpress.ma\/fr\/wp-json\/wp\/v2\/media\/37931"}],"wp:attachment":[{"href":"https:\/\/dpress.ma\/fr\/wp-json\/wp\/v2\/media?parent=38747"}],"wp:term":[{"taxonomy":"category","embeddable":true,"href":"https:\/\/dpress.ma\/fr\/wp-json\/wp\/v2\/categories?post=38747"},{"taxonomy":"post_tag","embeddable":true,"href":"https:\/\/dpress.ma\/fr\/wp-json\/wp\/v2\/tags?post=38747"}],"curies":[{"name":"wp","href":"https:\/\/api.w.org\/{rel}","templated":true}]}}