{"id":38741,"date":"2026-08-30T18:07:25","date_gmt":"2026-08-30T18:07:25","guid":{"rendered":"https:\/\/dpress.ma\/fr\/?p=38741"},"modified":"2026-08-30T18:07:26","modified_gmt":"2026-08-30T18:07:26","slug":"m-akhannouch-recu-en-audience-par-le-president-de-langola","status":"publish","type":"post","link":"https:\/\/dpress.ma\/fr\/2026\/08\/30\/m-akhannouch-recu-en-audience-par-le-president-de-langola\/","title":{"rendered":"M. Akhannouch re\u00e7u en audience par le pr\u00e9sident de l\u2019Angola"},"content":{"rendered":"\n<p class=\"wp-block-paragraph\">Dpress<\/p>\n\n\n\n<p class=\"wp-block-paragraph\">Le Chef du gouvernement Aziz Akhannouch a \u00e9t\u00e9 re\u00e7u, dimanche \u00e0 Luanda, par le pr\u00e9sident de la R\u00e9publique d\u2019Angola Jo\u00e3o Louren\u00e7o, en marge du Sommet extraordinaire de l\u2019Union africaine (UA) des Chefs d\u2019\u00c9tat et de gouvernements qui se tient le 30 ao\u00fbt dans la capitale angolaise.<\/p>\n\n\n\n<p class=\"wp-block-paragraph\">Lors de cette audience, M. Akhannouch a transmis au pr\u00e9sident angolais les salutations fraternelles de Sa Majest\u00e9 le Roi Mohammed VI et Ses v\u0153ux sinc\u00e8res de sant\u00e9 et de r\u00e9ussite dans l\u2019accomplissement de son mandat et de progr\u00e8s et de prosp\u00e9rit\u00e9 au peuple angolais ami.<\/p>\n\n\n\n<p class=\"wp-block-paragraph\">Le Chef du gouvernement a \u00e9galement f\u00e9licit\u00e9 l\u2019Angola pour l\u2019excellente organisation de ce Sommet, mettant l\u2019accent sur la disposition du Maroc \u00e0 \u0153uvrer pour l\u2019approfondissement des relations de coop\u00e9ration et de partenariat unissant les deux pays.<\/p>\n\n\n\n<p class=\"wp-block-paragraph\">De son c\u00f4t\u00e9, le pr\u00e9sident angolais a charg\u00e9 M. Akhannouch de transmettre ses chaleureuses salutations \u00e0 Sa Majest\u00e9 le Roi Mohammed VI, ainsi que ses v\u0153ux de sant\u00e9 et de bonheur au Souverain et de davantage de progr\u00e8s et de prosp\u00e9rit\u00e9 au peuple marocain.<\/p>\n\n\n\n<p class=\"wp-block-paragraph\">Cette audience s\u2019est d\u00e9roul\u00e9e en pr\u00e9sence de l\u2019ambassadeur du Maroc en Angola, Saadia Alaoui, de l\u2019ambassadeur \u2013 Directeur g\u00e9n\u00e9ral de l&rsquo;Agence marocaine de coop\u00e9ration internationale, Mohamed Methqal, et de l\u2019ambassadeur, Repr\u00e9sentant Permanent du Royaume aupr\u00e8s de l\u2019Union Africaine et de la Commission \u00c9conomique des Nations Unies en Afrique, Mohamed Arrouchi.<\/p>\n","protected":false},"excerpt":{"rendered":"<p>Dpress Le Chef du gouvernement Aziz Akhannouch a \u00e9t\u00e9 re\u00e7u, dimanche \u00e0 Luanda, par le pr\u00e9sident de la R\u00e9publique d\u2019Angola Jo\u00e3o Louren\u00e7o, en marge du Sommet extraordinaire de l\u2019Union africaine (UA) des Chefs d\u2019\u00c9tat et de gouvernements qui se tient le 30 ao\u00fbt dans la capitale angolaise. Lors de cette audience, M. Akhannouch a transmis &hellip;<\/p>\n","protected":false},"author":2,"featured_media":1576,"comment_status":"open","ping_status":"open","sticky":false,"template":"","format":"standard","meta":{"footnotes":""},"categories":[33],"tags":[],"class_list":["post-38741","post","type-post","status-publish","format-standard","has-post-thumbnail","hentry","category-diplomatie-parallele"],"yoast_head":"<!-- This site is optimized with the Yoast SEO plugin v28.0 - https:\/\/yoast.com\/product\/yoast-seo-wordpress\/ -->\n<title>M. Akhannouch re\u00e7u en audience par le pr\u00e9sident de l\u2019Angola - Dpress.ma\/fr<\/title>\n<meta name=\"robots\" content=\"index, follow, max-snippet:-1, max-image-preview:large, max-video-preview:-1\" \/>\n<link rel=\"canonical\" href=\"https:\/\/dpress.ma\/fr\/2026\/08\/30\/m-akhannouch-recu-en-audience-par-le-president-de-langola\/\" \/>\n<meta property=\"og:locale\" content=\"fr_FR\" \/>\n<meta property=\"og:type\" content=\"article\" \/>\n<meta property=\"og:title\" content=\"M. Akhannouch re\u00e7u en audience par le pr\u00e9sident de l\u2019Angola - Dpress.ma\/fr\" \/>\n<meta property=\"og:description\" content=\"Dpress Le Chef du gouvernement Aziz Akhannouch a \u00e9t\u00e9 re\u00e7u, dimanche \u00e0 Luanda, par le pr\u00e9sident de la R\u00e9publique d\u2019Angola Jo\u00e3o Louren\u00e7o, en marge du Sommet extraordinaire de l\u2019Union africaine (UA) des Chefs d\u2019\u00c9tat et de gouvernements qui se tient le 30 ao\u00fbt dans la capitale angolaise. Lors de cette audience, M. Akhannouch a transmis &hellip;\" \/>\n<meta property=\"og:url\" content=\"https:\/\/dpress.ma\/fr\/2026\/08\/30\/m-akhannouch-recu-en-audience-par-le-president-de-langola\/\" \/>\n<meta property=\"og:site_name\" content=\"Dpress.ma\/fr\" \/>\n<meta property=\"article:published_time\" content=\"2026-08-30T18:07:25+00:00\" \/>\n<meta property=\"article:modified_time\" content=\"2026-08-30T18:07:26+00:00\" \/>\n<meta property=\"og:image\" content=\"https:\/\/dpress.ma\/fr\/wp-content\/uploads\/sites\/2\/2022\/05\/akhennouch-fr-2.jpg\" \/>\n\t<meta property=\"og:image:width\" content=\"2539\" \/>\n\t<meta property=\"og:image:height\" content=\"1594\" \/>\n\t<meta property=\"og:image:type\" content=\"image\/jpeg\" \/>\n<meta name=\"author\" content=\"Dpress.ma\" \/>\n<meta name=\"twitter:card\" content=\"summary_large_image\" \/>\n<meta name=\"twitter:label1\" content=\"\u00c9crit par\" \/>\n\t<meta name=\"twitter:data1\" content=\"Dpress.ma\" \/>\n\t<meta name=\"twitter:label2\" content=\"Dur\u00e9e de lecture estim\u00e9e\" \/>\n\t<meta name=\"twitter:data2\" content=\"2 minutes\" \/>\n<script type=\"application\/ld+json\" class=\"yoast-schema-graph\">{\"@context\":\"https:\\\/\\\/schema.org\",\"@graph\":[{\"@type\":\"Article\",\"@id\":\"https:\\\/\\\/dpress.ma\\\/fr\\\/2026\\\/08\\\/30\\\/m-akhannouch-recu-en-audience-par-le-president-de-langola\\\/#article\",\"isPartOf\":{\"@id\":\"https:\\\/\\\/dpress.ma\\\/fr\\\/2026\\\/08\\\/30\\\/m-akhannouch-recu-en-audience-par-le-president-de-langola\\\/\"},\"author\":{\"name\":\"Dpress.ma\",\"@id\":\"https:\\\/\\\/dpress.ma\\\/fr\\\/#\\\/schema\\\/person\\\/4898febf3ccd59e6578d838656a306a0\"},\"headline\":\"M. Akhannouch re\u00e7u en audience par le pr\u00e9sident de l\u2019Angola\",\"datePublished\":\"2026-08-30T18:07:25+00:00\",\"dateModified\":\"2026-08-30T18:07:26+00:00\",\"mainEntityOfPage\":{\"@id\":\"https:\\\/\\\/dpress.ma\\\/fr\\\/2026\\\/08\\\/30\\\/m-akhannouch-recu-en-audience-par-le-president-de-langola\\\/\"},\"wordCount\":270,\"commentCount\":0,\"image\":{\"@id\":\"https:\\\/\\\/dpress.ma\\\/fr\\\/2026\\\/08\\\/30\\\/m-akhannouch-recu-en-audience-par-le-president-de-langola\\\/#primaryimage\"},\"thumbnailUrl\":\"https:\\\/\\\/dpress.ma\\\/fr\\\/wp-content\\\/uploads\\\/sites\\\/2\\\/2022\\\/05\\\/akhennouch-fr-2.jpg\",\"articleSection\":[\"Diplomatie Parall\u00e8le\"],\"inLanguage\":\"fr-FR\",\"potentialAction\":[{\"@type\":\"CommentAction\",\"name\":\"Comment\",\"target\":[\"https:\\\/\\\/dpress.ma\\\/fr\\\/2026\\\/08\\\/30\\\/m-akhannouch-recu-en-audience-par-le-president-de-langola\\\/#respond\"]}]},{\"@type\":\"WebPage\",\"@id\":\"https:\\\/\\\/dpress.ma\\\/fr\\\/2026\\\/08\\\/30\\\/m-akhannouch-recu-en-audience-par-le-president-de-langola\\\/\",\"url\":\"https:\\\/\\\/dpress.ma\\\/fr\\\/2026\\\/08\\\/30\\\/m-akhannouch-recu-en-audience-par-le-president-de-langola\\\/\",\"name\":\"M. Akhannouch re\u00e7u en audience par le pr\u00e9sident de l\u2019Angola - Dpress.ma\\\/fr\",\"isPartOf\":{\"@id\":\"https:\\\/\\\/dpress.ma\\\/fr\\\/#website\"},\"primaryImageOfPage\":{\"@id\":\"https:\\\/\\\/dpress.ma\\\/fr\\\/2026\\\/08\\\/30\\\/m-akhannouch-recu-en-audience-par-le-president-de-langola\\\/#primaryimage\"},\"image\":{\"@id\":\"https:\\\/\\\/dpress.ma\\\/fr\\\/2026\\\/08\\\/30\\\/m-akhannouch-recu-en-audience-par-le-president-de-langola\\\/#primaryimage\"},\"thumbnailUrl\":\"https:\\\/\\\/dpress.ma\\\/fr\\\/wp-content\\\/uploads\\\/sites\\\/2\\\/2022\\\/05\\\/akhennouch-fr-2.jpg\",\"datePublished\":\"2026-08-30T18:07:25+00:00\",\"dateModified\":\"2026-08-30T18:07:26+00:00\",\"author\":{\"@id\":\"https:\\\/\\\/dpress.ma\\\/fr\\\/#\\\/schema\\\/person\\\/4898febf3ccd59e6578d838656a306a0\"},\"breadcrumb\":{\"@id\":\"https:\\\/\\\/dpress.ma\\\/fr\\\/2026\\\/08\\\/30\\\/m-akhannouch-recu-en-audience-par-le-president-de-langola\\\/#breadcrumb\"},\"inLanguage\":\"fr-FR\",\"potentialAction\":[{\"@type\":\"ReadAction\",\"target\":[\"https:\\\/\\\/dpress.ma\\\/fr\\\/2026\\\/08\\\/30\\\/m-akhannouch-recu-en-audience-par-le-president-de-langola\\\/\"]}]},{\"@type\":\"ImageObject\",\"inLanguage\":\"fr-FR\",\"@id\":\"https:\\\/\\\/dpress.ma\\\/fr\\\/2026\\\/08\\\/30\\\/m-akhannouch-recu-en-audience-par-le-president-de-langola\\\/#primaryimage\",\"url\":\"https:\\\/\\\/dpress.ma\\\/fr\\\/wp-content\\\/uploads\\\/sites\\\/2\\\/2022\\\/05\\\/akhennouch-fr-2.jpg\",\"contentUrl\":\"https:\\\/\\\/dpress.ma\\\/fr\\\/wp-content\\\/uploads\\\/sites\\\/2\\\/2022\\\/05\\\/akhennouch-fr-2.jpg\",\"width\":2539,\"height\":1594},{\"@type\":\"BreadcrumbList\",\"@id\":\"https:\\\/\\\/dpress.ma\\\/fr\\\/2026\\\/08\\\/30\\\/m-akhannouch-recu-en-audience-par-le-president-de-langola\\\/#breadcrumb\",\"itemListElement\":[{\"@type\":\"ListItem\",\"position\":1,\"name\":\"Home\",\"item\":\"https:\\\/\\\/dpress.ma\\\/fr\\\/\"},{\"@type\":\"ListItem\",\"position\":2,\"name\":\"M. Akhannouch re\u00e7u en audience par le pr\u00e9sident de l\u2019Angola\"}]},{\"@type\":\"WebSite\",\"@id\":\"https:\\\/\\\/dpress.ma\\\/fr\\\/#website\",\"url\":\"https:\\\/\\\/dpress.ma\\\/fr\\\/\",\"name\":\"Dpress.ma\\\/fr\",\"description\":\"\",\"potentialAction\":[{\"@type\":\"SearchAction\",\"target\":{\"@type\":\"EntryPoint\",\"urlTemplate\":\"https:\\\/\\\/dpress.ma\\\/fr\\\/?s={search_term_string}\"},\"query-input\":{\"@type\":\"PropertyValueSpecification\",\"valueRequired\":true,\"valueName\":\"search_term_string\"}}],\"inLanguage\":\"fr-FR\"},{\"@type\":\"Person\",\"@id\":\"https:\\\/\\\/dpress.ma\\\/fr\\\/#\\\/schema\\\/person\\\/4898febf3ccd59e6578d838656a306a0\",\"name\":\"Dpress.ma\",\"image\":{\"@type\":\"ImageObject\",\"inLanguage\":\"fr-FR\",\"@id\":\"https:\\\/\\\/secure.gravatar.com\\\/avatar\\\/72ecc30e9db047a2e0e7176561eb9d564ed77c8108376495b19bd8336405198a?s=96&d=mm&r=g\",\"url\":\"https:\\\/\\\/secure.gravatar.com\\\/avatar\\\/72ecc30e9db047a2e0e7176561eb9d564ed77c8108376495b19bd8336405198a?s=96&d=mm&r=g\",\"contentUrl\":\"https:\\\/\\\/secure.gravatar.com\\\/avatar\\\/72ecc30e9db047a2e0e7176561eb9d564ed77c8108376495b19bd8336405198a?s=96&d=mm&r=g\",\"caption\":\"Dpress.ma\"},\"sameAs\":[\"https:\\\/\\\/www.dpress.ma\"],\"url\":\"https:\\\/\\\/dpress.ma\\\/fr\\\/author\\\/dpress-ma\\\/\"}]}<\/script>\n<!-- \/ Yoast SEO plugin. -->","yoast_head_json":{"title":"M. Akhannouch re\u00e7u en audience par le pr\u00e9sident de l\u2019Angola - Dpress.ma\/fr","robots":{"index":"index","follow":"follow","max-snippet":"max-snippet:-1","max-image-preview":"max-image-preview:large","max-video-preview":"max-video-preview:-1"},"canonical":"https:\/\/dpress.ma\/fr\/2026\/08\/30\/m-akhannouch-recu-en-audience-par-le-president-de-langola\/","og_locale":"fr_FR","og_type":"article","og_title":"M. Akhannouch re\u00e7u en audience par le pr\u00e9sident de l\u2019Angola - Dpress.ma\/fr","og_description":"Dpress Le Chef du gouvernement Aziz Akhannouch a \u00e9t\u00e9 re\u00e7u, dimanche \u00e0 Luanda, par le pr\u00e9sident de la R\u00e9publique d\u2019Angola Jo\u00e3o Louren\u00e7o, en marge du Sommet extraordinaire de l\u2019Union africaine (UA) des Chefs d\u2019\u00c9tat et de gouvernements qui se tient le 30 ao\u00fbt dans la capitale angolaise. Lors de cette audience, M. Akhannouch a transmis &hellip;","og_url":"https:\/\/dpress.ma\/fr\/2026\/08\/30\/m-akhannouch-recu-en-audience-par-le-president-de-langola\/","og_site_name":"Dpress.ma\/fr","article_published_time":"2026-08-30T18:07:25+00:00","article_modified_time":"2026-08-30T18:07:26+00:00","og_image":[{"width":2539,"height":1594,"url":"https:\/\/dpress.ma\/fr\/wp-content\/uploads\/sites\/2\/2022\/05\/akhennouch-fr-2.jpg","type":"image\/jpeg"}],"author":"Dpress.ma","twitter_card":"summary_large_image","twitter_misc":{"\u00c9crit par":"Dpress.ma","Dur\u00e9e de lecture estim\u00e9e":"2 minutes"},"schema":{"@context":"https:\/\/schema.org","@graph":[{"@type":"Article","@id":"https:\/\/dpress.ma\/fr\/2026\/08\/30\/m-akhannouch-recu-en-audience-par-le-president-de-langola\/#article","isPartOf":{"@id":"https:\/\/dpress.ma\/fr\/2026\/08\/30\/m-akhannouch-recu-en-audience-par-le-president-de-langola\/"},"author":{"name":"Dpress.ma","@id":"https:\/\/dpress.ma\/fr\/#\/schema\/person\/4898febf3ccd59e6578d838656a306a0"},"headline":"M. Akhannouch re\u00e7u en audience par le pr\u00e9sident de l\u2019Angola","datePublished":"2026-08-30T18:07:25+00:00","dateModified":"2026-08-30T18:07:26+00:00","mainEntityOfPage":{"@id":"https:\/\/dpress.ma\/fr\/2026\/08\/30\/m-akhannouch-recu-en-audience-par-le-president-de-langola\/"},"wordCount":270,"commentCount":0,"image":{"@id":"https:\/\/dpress.ma\/fr\/2026\/08\/30\/m-akhannouch-recu-en-audience-par-le-president-de-langola\/#primaryimage"},"thumbnailUrl":"https:\/\/dpress.ma\/fr\/wp-content\/uploads\/sites\/2\/2022\/05\/akhennouch-fr-2.jpg","articleSection":["Diplomatie Parall\u00e8le"],"inLanguage":"fr-FR","potentialAction":[{"@type":"CommentAction","name":"Comment","target":["https:\/\/dpress.ma\/fr\/2026\/08\/30\/m-akhannouch-recu-en-audience-par-le-president-de-langola\/#respond"]}]},{"@type":"WebPage","@id":"https:\/\/dpress.ma\/fr\/2026\/08\/30\/m-akhannouch-recu-en-audience-par-le-president-de-langola\/","url":"https:\/\/dpress.ma\/fr\/2026\/08\/30\/m-akhannouch-recu-en-audience-par-le-president-de-langola\/","name":"M. Akhannouch re\u00e7u en audience par le pr\u00e9sident de l\u2019Angola - Dpress.ma\/fr","isPartOf":{"@id":"https:\/\/dpress.ma\/fr\/#website"},"primaryImageOfPage":{"@id":"https:\/\/dpress.ma\/fr\/2026\/08\/30\/m-akhannouch-recu-en-audience-par-le-president-de-langola\/#primaryimage"},"image":{"@id":"https:\/\/dpress.ma\/fr\/2026\/08\/30\/m-akhannouch-recu-en-audience-par-le-president-de-langola\/#primaryimage"},"thumbnailUrl":"https:\/\/dpress.ma\/fr\/wp-content\/uploads\/sites\/2\/2022\/05\/akhennouch-fr-2.jpg","datePublished":"2026-08-30T18:07:25+00:00","dateModified":"2026-08-30T18:07:26+00:00","author":{"@id":"https:\/\/dpress.ma\/fr\/#\/schema\/person\/4898febf3ccd59e6578d838656a306a0"},"breadcrumb":{"@id":"https:\/\/dpress.ma\/fr\/2026\/08\/30\/m-akhannouch-recu-en-audience-par-le-president-de-langola\/#breadcrumb"},"inLanguage":"fr-FR","potentialAction":[{"@type":"ReadAction","target":["https:\/\/dpress.ma\/fr\/2026\/08\/30\/m-akhannouch-recu-en-audience-par-le-president-de-langola\/"]}]},{"@type":"ImageObject","inLanguage":"fr-FR","@id":"https:\/\/dpress.ma\/fr\/2026\/08\/30\/m-akhannouch-recu-en-audience-par-le-president-de-langola\/#primaryimage","url":"https:\/\/dpress.ma\/fr\/wp-content\/uploads\/sites\/2\/2022\/05\/akhennouch-fr-2.jpg","contentUrl":"https:\/\/dpress.ma\/fr\/wp-content\/uploads\/sites\/2\/2022\/05\/akhennouch-fr-2.jpg","width":2539,"height":1594},{"@type":"BreadcrumbList","@id":"https:\/\/dpress.ma\/fr\/2026\/08\/30\/m-akhannouch-recu-en-audience-par-le-president-de-langola\/#breadcrumb","itemListElement":[{"@type":"ListItem","position":1,"name":"Home","item":"https:\/\/dpress.ma\/fr\/"},{"@type":"ListItem","position":2,"name":"M. Akhannouch re\u00e7u en audience par le pr\u00e9sident de l\u2019Angola"}]},{"@type":"WebSite","@id":"https:\/\/dpress.ma\/fr\/#website","url":"https:\/\/dpress.ma\/fr\/","name":"Dpress.ma\/fr","description":"","potentialAction":[{"@type":"SearchAction","target":{"@type":"EntryPoint","urlTemplate":"https:\/\/dpress.ma\/fr\/?s={search_term_string}"},"query-input":{"@type":"PropertyValueSpecification","valueRequired":true,"valueName":"search_term_string"}}],"inLanguage":"fr-FR"},{"@type":"Person","@id":"https:\/\/dpress.ma\/fr\/#\/schema\/person\/4898febf3ccd59e6578d838656a306a0","name":"Dpress.ma","image":{"@type":"ImageObject","inLanguage":"fr-FR","@id":"https:\/\/secure.gravatar.com\/avatar\/72ecc30e9db047a2e0e7176561eb9d564ed77c8108376495b19bd8336405198a?s=96&d=mm&r=g","url":"https:\/\/secure.gravatar.com\/avatar\/72ecc30e9db047a2e0e7176561eb9d564ed77c8108376495b19bd8336405198a?s=96&d=mm&r=g","contentUrl":"https:\/\/secure.gravatar.com\/avatar\/72ecc30e9db047a2e0e7176561eb9d564ed77c8108376495b19bd8336405198a?s=96&d=mm&r=g","caption":"Dpress.ma"},"sameAs":["https:\/\/www.dpress.ma"],"url":"https:\/\/dpress.ma\/fr\/author\/dpress-ma\/"}]}},"amp_enabled":true,"_links":{"self":[{"href":"https:\/\/dpress.ma\/fr\/wp-json\/wp\/v2\/posts\/38741","targetHints":{"allow":["GET"]}}],"collection":[{"href":"https:\/\/dpress.ma\/fr\/wp-json\/wp\/v2\/posts"}],"about":[{"href":"https:\/\/dpress.ma\/fr\/wp-json\/wp\/v2\/types\/post"}],"author":[{"embeddable":true,"href":"https:\/\/dpress.ma\/fr\/wp-json\/wp\/v2\/users\/2"}],"replies":[{"embeddable":true,"href":"https:\/\/dpress.ma\/fr\/wp-json\/wp\/v2\/comments?post=38741"}],"version-history":[{"count":1,"href":"https:\/\/dpress.ma\/fr\/wp-json\/wp\/v2\/posts\/38741\/revisions"}],"predecessor-version":[{"id":38742,"href":"https:\/\/dpress.ma\/fr\/wp-json\/wp\/v2\/posts\/38741\/revisions\/38742"}],"wp:featuredmedia":[{"embeddable":true,"href":"https:\/\/dpress.ma\/fr\/wp-json\/wp\/v2\/media\/1576"}],"wp:attachment":[{"href":"https:\/\/dpress.ma\/fr\/wp-json\/wp\/v2\/media?parent=38741"}],"wp:term":[{"taxonomy":"category","embeddable":true,"href":"https:\/\/dpress.ma\/fr\/wp-json\/wp\/v2\/categories?post=38741"},{"taxonomy":"post_tag","embeddable":true,"href":"https:\/\/dpress.ma\/fr\/wp-json\/wp\/v2\/tags?post=38741"}],"curies":[{"name":"wp","href":"https:\/\/api.w.org\/{rel}","templated":true}]}}