{"id":38737,"date":"2026-08-30T17:05:00","date_gmt":"2026-08-30T17:05:00","guid":{"rendered":"https:\/\/dpress.ma\/fr\/?p=38737"},"modified":"2026-08-30T18:01:05","modified_gmt":"2026-08-30T18:01:05","slug":"saidia-remise-des-prix-aux-laureats-de-la-11e-edition-du-festival-cinema-sans-frontieres","status":"publish","type":"post","link":"https:\/\/dpress.ma\/fr\/2026\/08\/30\/saidia-remise-des-prix-aux-laureats-de-la-11e-edition-du-festival-cinema-sans-frontieres\/","title":{"rendered":"Sa\u00efdia : Remise des prix aux laur\u00e9ats de la 11e \u00e9dition du festival \u00abCin\u00e9ma sans fronti\u00e8res\u00bb"},"content":{"rendered":"\n<p class=\"wp-block-paragraph\">Dpress<\/p>\n\n\n\n<p class=\"wp-block-paragraph\">Le rideau est tomb\u00e9, samedi soir \u00e0 la Marina de Sa\u00efdia, sur la onzi\u00e8me \u00e9dition du Festival du cin\u00e9ma de Sa\u00efdia \u00abCin\u00e9ma sans fronti\u00e8res\u00bb, avec l&rsquo;annonce des films laur\u00e9ats des comp\u00e9titions du long m\u00e9trage et du court m\u00e9trage.<\/p>\n\n\n\n<p class=\"wp-block-paragraph\">Dans la cat\u00e9gorie des longs m\u00e9trages, le jury de cette \u00e9dition a attribu\u00e9 le Grand Prix \u2019\u2019la Perle Bleue\u2019\u2019 au film \u00abLa Mer au loin\u00bb du r\u00e9alisateur Sa\u00efd Hamich<\/p>\n\n\n\n<p class=\"wp-block-paragraph\">Dans cette m\u00eame cat\u00e9gorie, le prix du meilleur r\u00f4le f\u00e9minin a \u00e9t\u00e9 d\u00e9cern\u00e9 ex \u00e6quo \u00e0 l&rsquo;actrice Fatima Zahra Baladi pour son r\u00f4le dans le film \u00abUn amour \u00e0 Dakhla\u00bb de Khalid Brahimi, et \u00e0 l&rsquo;actrice tunisienne Afaf Ben Mahmoud pour son interpr\u00e9tation dans \u00abLe 13e Round\u00bb du Tunisien Mohamed Ali Nahdi.<\/p>\n\n\n\n<p class=\"wp-block-paragraph\">Quant au prix du meilleur r\u00f4le masculin, il a \u00e9t\u00e9 remis ex \u00e6quo aux acteurs Ayoub Gretaa (La mer au loin) et Anas El Baz (Casablanca-Dakar), tandis que le long m\u00e9trage \u00abUn amour \u00e0 Dakhla\u00bb du sc\u00e9nariste Abdelilah Hamdouchi a rafl\u00e9 le prix du meilleur sc\u00e9nario.<\/p>\n\n\n\n<p class=\"wp-block-paragraph\">Pour ce qui est du prix de la meilleure r\u00e9alisation, il a \u00e9t\u00e9 d\u00e9cern\u00e9 ex \u00e6quo aux films \u00abLe silence des violons \u00bb du r\u00e9alisateur Sa\u00e2d Chraibi et \u00abCasablanca-Dakar\u00bb d\u2019Ahmed Boulane, avec une mention sp\u00e9ciale dans cette m\u00eame cat\u00e9gorie pour le r\u00e9alisateur Khalid Ibrahimi pour son film \u00abUn amour \u00e0 Dakhla\u00bb.<\/p>\n\n\n\n<p class=\"wp-block-paragraph\">Le jury a \u00e9galement d\u00e9cern\u00e9 son prix sp\u00e9cial au film \u00abLe 13e Round\u00bb, tandis que le prix d&rsquo;interpr\u00e9tation a \u00e9t\u00e9 attribu\u00e9 au long m\u00e9trage \u00abLe silence des violons\u00bb pour la performance de Azelarab Kaghat.<\/p>\n\n\n\n<p class=\"wp-block-paragraph\">Dans la cat\u00e9gorie des courts-m\u00e9trages, le film \u00abA\u00efcha\u00bb de la r\u00e9alisatrice Sanaa El Alaoui a remport\u00e9 le grand prix \u00abL&rsquo;Orange\u00bb, tandis que les films \u00abUne autre fin\u00bb de Tarek Rasmi et \u00abMiroir \u00e0 vendre\u00bb de Hicham Amal se sont partag\u00e9s le prix du meilleur sc\u00e9nario, alors que le prix de la meilleure r\u00e9alisation est revenu au film \u00abChikha\u00bb, r\u00e9alis\u00e9 par Ayoub Layoussifi, Zahoua Raji.<\/p>\n\n\n\n<p class=\"wp-block-paragraph\">La onzi\u00e8me \u00e9dition du festival, organis\u00e9e depuis le 26 ao\u00fbt par l\u2019Association Al Amal pour la cohabitation et le d\u00e9veloppement. a vu la participation de 12 films (6 longs m\u00e9trages et 6 courts m\u00e9trages), repr\u00e9sentant \u00e0 la fois le Maroc, des pays arabes, africains et europ\u00e9ens.<\/p>\n\n\n\n<p class=\"wp-block-paragraph\">Le jury de cette \u00e9dition a \u00e9t\u00e9 pr\u00e9sid\u00e9 par le r\u00e9alisateur Adil Fadhili, \u00e9paul\u00e9 par l&rsquo;acteur Hicham Bahloul, l\u2019\u00e9crivain-journaliste Abdelaziz Koukass, l&rsquo;actrice Jalila Talemsi et la professeure universitaire Fouzia Borj.<\/p>\n\n\n\n<p class=\"wp-block-paragraph\">Lors de cette \u00e9dition, les organisateurs ont rendu hommage au r\u00e9alisateur et producteur Adil Fadhili et \u00e0 l&rsquo;actrice Jalila Talemsi, en reconnaissance de leur grand apport au cin\u00e9ma durant de nombreuses ann\u00e9es.<\/p>\n\n\n\n<p class=\"wp-block-paragraph\">Le programme du festival a \u00e9t\u00e9 marqu\u00e9 aussi par des conf\u00e9rences et des tables rondes ax\u00e9es notamment sur l&rsquo;industrie cin\u00e9matographique dans la r\u00e9gion de l&rsquo;Oriental, une masterclass avec Adil Fadhili et Jalila Talemsi, et une rencontre sur l\u2019\u00e9criture du sc\u00e9nario anim\u00e9e par l\u2019\u00e9crivain et sc\u00e9nariste Abdelilah Hamdouchi.<\/p>\n\n\n\n<p class=\"wp-block-paragraph\">Le Festival de Sa\u00efdia, organis\u00e9 avec le soutien du minist\u00e8re de la Jeunesse, de la Culture et de la Communication, du Centre cin\u00e9matographique marocain (CCM), de la pr\u00e9fecture de la province de Berkane, de la Soci\u00e9t\u00e9 de D\u00e9veloppement de Sa\u00efdia, du Conseil r\u00e9gional du tourisme, de la municipalit\u00e9 de Sa\u00efdia et de la Direction provinciale du secteur de la jeunesse \u00e0 Berkane, ambitionne de contribuer \u00e0 la dynamisation du secteur artistique et culturel de la ville et au renforcement de son attrait touristique.<\/p>\n\n\n\n<p class=\"wp-block-paragraph\"><\/p>\n","protected":false},"excerpt":{"rendered":"<p>Dpress Le rideau est tomb\u00e9, samedi soir \u00e0 la Marina de Sa\u00efdia, sur la onzi\u00e8me \u00e9dition du Festival du cin\u00e9ma de Sa\u00efdia \u00abCin\u00e9ma sans fronti\u00e8res\u00bb, avec l&rsquo;annonce des films laur\u00e9ats des comp\u00e9titions du long m\u00e9trage et du court m\u00e9trage. Dans la cat\u00e9gorie des longs m\u00e9trages, le jury de cette \u00e9dition a attribu\u00e9 le Grand Prix &hellip;<\/p>\n","protected":false},"author":2,"featured_media":0,"comment_status":"open","ping_status":"open","sticky":false,"template":"","format":"standard","meta":{"footnotes":""},"categories":[31],"tags":[],"class_list":["post-38737","post","type-post","status-publish","format-standard","hentry","category-art-et-culture"],"yoast_head":"<!-- This site is optimized with the Yoast SEO plugin v28.0 - https:\/\/yoast.com\/product\/yoast-seo-wordpress\/ -->\n<title>Sa\u00efdia : Remise des prix aux laur\u00e9ats de la 11e \u00e9dition du festival \u00abCin\u00e9ma sans fronti\u00e8res\u00bb - Dpress.ma\/fr<\/title>\n<meta name=\"robots\" content=\"index, follow, max-snippet:-1, max-image-preview:large, max-video-preview:-1\" \/>\n<link rel=\"canonical\" href=\"https:\/\/dpress.ma\/fr\/2026\/08\/30\/saidia-remise-des-prix-aux-laureats-de-la-11e-edition-du-festival-cinema-sans-frontieres\/\" \/>\n<meta property=\"og:locale\" content=\"fr_FR\" \/>\n<meta property=\"og:type\" content=\"article\" \/>\n<meta property=\"og:title\" content=\"Sa\u00efdia : Remise des prix aux laur\u00e9ats de la 11e \u00e9dition du festival \u00abCin\u00e9ma sans fronti\u00e8res\u00bb - Dpress.ma\/fr\" \/>\n<meta property=\"og:description\" content=\"Dpress Le rideau est tomb\u00e9, samedi soir \u00e0 la Marina de Sa\u00efdia, sur la onzi\u00e8me \u00e9dition du Festival du cin\u00e9ma de Sa\u00efdia \u00abCin\u00e9ma sans fronti\u00e8res\u00bb, avec l&rsquo;annonce des films laur\u00e9ats des comp\u00e9titions du long m\u00e9trage et du court m\u00e9trage. Dans la cat\u00e9gorie des longs m\u00e9trages, le jury de cette \u00e9dition a attribu\u00e9 le Grand Prix &hellip;\" \/>\n<meta property=\"og:url\" content=\"https:\/\/dpress.ma\/fr\/2026\/08\/30\/saidia-remise-des-prix-aux-laureats-de-la-11e-edition-du-festival-cinema-sans-frontieres\/\" \/>\n<meta property=\"og:site_name\" content=\"Dpress.ma\/fr\" \/>\n<meta property=\"article:published_time\" content=\"2026-08-30T17:05:00+00:00\" \/>\n<meta property=\"article:modified_time\" content=\"2026-08-30T18:01:05+00:00\" \/>\n<meta name=\"author\" content=\"Dpress.ma\" \/>\n<meta name=\"twitter:card\" content=\"summary_large_image\" \/>\n<meta name=\"twitter:label1\" content=\"\u00c9crit par\" \/>\n\t<meta name=\"twitter:data1\" content=\"Dpress.ma\" \/>\n\t<meta name=\"twitter:label2\" content=\"Dur\u00e9e de lecture estim\u00e9e\" \/>\n\t<meta name=\"twitter:data2\" content=\"3 minutes\" \/>\n<script type=\"application\/ld+json\" class=\"yoast-schema-graph\">{\"@context\":\"https:\\\/\\\/schema.org\",\"@graph\":[{\"@type\":\"Article\",\"@id\":\"https:\\\/\\\/dpress.ma\\\/fr\\\/2026\\\/08\\\/30\\\/saidia-remise-des-prix-aux-laureats-de-la-11e-edition-du-festival-cinema-sans-frontieres\\\/#article\",\"isPartOf\":{\"@id\":\"https:\\\/\\\/dpress.ma\\\/fr\\\/2026\\\/08\\\/30\\\/saidia-remise-des-prix-aux-laureats-de-la-11e-edition-du-festival-cinema-sans-frontieres\\\/\"},\"author\":{\"name\":\"Dpress.ma\",\"@id\":\"https:\\\/\\\/dpress.ma\\\/fr\\\/#\\\/schema\\\/person\\\/4898febf3ccd59e6578d838656a306a0\"},\"headline\":\"Sa\u00efdia : Remise des prix aux laur\u00e9ats de la 11e \u00e9dition du festival \u00abCin\u00e9ma sans fronti\u00e8res\u00bb\",\"datePublished\":\"2026-08-30T17:05:00+00:00\",\"dateModified\":\"2026-08-30T18:01:05+00:00\",\"mainEntityOfPage\":{\"@id\":\"https:\\\/\\\/dpress.ma\\\/fr\\\/2026\\\/08\\\/30\\\/saidia-remise-des-prix-aux-laureats-de-la-11e-edition-du-festival-cinema-sans-frontieres\\\/\"},\"wordCount\":635,\"commentCount\":0,\"articleSection\":[\"Art et Culture\"],\"inLanguage\":\"fr-FR\",\"potentialAction\":[{\"@type\":\"CommentAction\",\"name\":\"Comment\",\"target\":[\"https:\\\/\\\/dpress.ma\\\/fr\\\/2026\\\/08\\\/30\\\/saidia-remise-des-prix-aux-laureats-de-la-11e-edition-du-festival-cinema-sans-frontieres\\\/#respond\"]}]},{\"@type\":\"WebPage\",\"@id\":\"https:\\\/\\\/dpress.ma\\\/fr\\\/2026\\\/08\\\/30\\\/saidia-remise-des-prix-aux-laureats-de-la-11e-edition-du-festival-cinema-sans-frontieres\\\/\",\"url\":\"https:\\\/\\\/dpress.ma\\\/fr\\\/2026\\\/08\\\/30\\\/saidia-remise-des-prix-aux-laureats-de-la-11e-edition-du-festival-cinema-sans-frontieres\\\/\",\"name\":\"Sa\u00efdia : Remise des prix aux laur\u00e9ats de la 11e \u00e9dition du festival \u00abCin\u00e9ma sans fronti\u00e8res\u00bb - Dpress.ma\\\/fr\",\"isPartOf\":{\"@id\":\"https:\\\/\\\/dpress.ma\\\/fr\\\/#website\"},\"datePublished\":\"2026-08-30T17:05:00+00:00\",\"dateModified\":\"2026-08-30T18:01:05+00:00\",\"author\":{\"@id\":\"https:\\\/\\\/dpress.ma\\\/fr\\\/#\\\/schema\\\/person\\\/4898febf3ccd59e6578d838656a306a0\"},\"breadcrumb\":{\"@id\":\"https:\\\/\\\/dpress.ma\\\/fr\\\/2026\\\/08\\\/30\\\/saidia-remise-des-prix-aux-laureats-de-la-11e-edition-du-festival-cinema-sans-frontieres\\\/#breadcrumb\"},\"inLanguage\":\"fr-FR\",\"potentialAction\":[{\"@type\":\"ReadAction\",\"target\":[\"https:\\\/\\\/dpress.ma\\\/fr\\\/2026\\\/08\\\/30\\\/saidia-remise-des-prix-aux-laureats-de-la-11e-edition-du-festival-cinema-sans-frontieres\\\/\"]}]},{\"@type\":\"BreadcrumbList\",\"@id\":\"https:\\\/\\\/dpress.ma\\\/fr\\\/2026\\\/08\\\/30\\\/saidia-remise-des-prix-aux-laureats-de-la-11e-edition-du-festival-cinema-sans-frontieres\\\/#breadcrumb\",\"itemListElement\":[{\"@type\":\"ListItem\",\"position\":1,\"name\":\"Home\",\"item\":\"https:\\\/\\\/dpress.ma\\\/fr\\\/\"},{\"@type\":\"ListItem\",\"position\":2,\"name\":\"Sa\u00efdia : Remise des prix aux laur\u00e9ats de la 11e \u00e9dition du festival \u00abCin\u00e9ma sans fronti\u00e8res\u00bb\"}]},{\"@type\":\"WebSite\",\"@id\":\"https:\\\/\\\/dpress.ma\\\/fr\\\/#website\",\"url\":\"https:\\\/\\\/dpress.ma\\\/fr\\\/\",\"name\":\"Dpress.ma\\\/fr\",\"description\":\"\",\"potentialAction\":[{\"@type\":\"SearchAction\",\"target\":{\"@type\":\"EntryPoint\",\"urlTemplate\":\"https:\\\/\\\/dpress.ma\\\/fr\\\/?s={search_term_string}\"},\"query-input\":{\"@type\":\"PropertyValueSpecification\",\"valueRequired\":true,\"valueName\":\"search_term_string\"}}],\"inLanguage\":\"fr-FR\"},{\"@type\":\"Person\",\"@id\":\"https:\\\/\\\/dpress.ma\\\/fr\\\/#\\\/schema\\\/person\\\/4898febf3ccd59e6578d838656a306a0\",\"name\":\"Dpress.ma\",\"image\":{\"@type\":\"ImageObject\",\"inLanguage\":\"fr-FR\",\"@id\":\"https:\\\/\\\/secure.gravatar.com\\\/avatar\\\/72ecc30e9db047a2e0e7176561eb9d564ed77c8108376495b19bd8336405198a?s=96&d=mm&r=g\",\"url\":\"https:\\\/\\\/secure.gravatar.com\\\/avatar\\\/72ecc30e9db047a2e0e7176561eb9d564ed77c8108376495b19bd8336405198a?s=96&d=mm&r=g\",\"contentUrl\":\"https:\\\/\\\/secure.gravatar.com\\\/avatar\\\/72ecc30e9db047a2e0e7176561eb9d564ed77c8108376495b19bd8336405198a?s=96&d=mm&r=g\",\"caption\":\"Dpress.ma\"},\"sameAs\":[\"https:\\\/\\\/www.dpress.ma\"],\"url\":\"https:\\\/\\\/dpress.ma\\\/fr\\\/author\\\/dpress-ma\\\/\"}]}<\/script>\n<!-- \/ Yoast SEO plugin. -->","yoast_head_json":{"title":"Sa\u00efdia : Remise des prix aux laur\u00e9ats de la 11e \u00e9dition du festival \u00abCin\u00e9ma sans fronti\u00e8res\u00bb - Dpress.ma\/fr","robots":{"index":"index","follow":"follow","max-snippet":"max-snippet:-1","max-image-preview":"max-image-preview:large","max-video-preview":"max-video-preview:-1"},"canonical":"https:\/\/dpress.ma\/fr\/2026\/08\/30\/saidia-remise-des-prix-aux-laureats-de-la-11e-edition-du-festival-cinema-sans-frontieres\/","og_locale":"fr_FR","og_type":"article","og_title":"Sa\u00efdia : Remise des prix aux laur\u00e9ats de la 11e \u00e9dition du festival \u00abCin\u00e9ma sans fronti\u00e8res\u00bb - Dpress.ma\/fr","og_description":"Dpress Le rideau est tomb\u00e9, samedi soir \u00e0 la Marina de Sa\u00efdia, sur la onzi\u00e8me \u00e9dition du Festival du cin\u00e9ma de Sa\u00efdia \u00abCin\u00e9ma sans fronti\u00e8res\u00bb, avec l&rsquo;annonce des films laur\u00e9ats des comp\u00e9titions du long m\u00e9trage et du court m\u00e9trage. Dans la cat\u00e9gorie des longs m\u00e9trages, le jury de cette \u00e9dition a attribu\u00e9 le Grand Prix &hellip;","og_url":"https:\/\/dpress.ma\/fr\/2026\/08\/30\/saidia-remise-des-prix-aux-laureats-de-la-11e-edition-du-festival-cinema-sans-frontieres\/","og_site_name":"Dpress.ma\/fr","article_published_time":"2026-08-30T17:05:00+00:00","article_modified_time":"2026-08-30T18:01:05+00:00","author":"Dpress.ma","twitter_card":"summary_large_image","twitter_misc":{"\u00c9crit par":"Dpress.ma","Dur\u00e9e de lecture estim\u00e9e":"3 minutes"},"schema":{"@context":"https:\/\/schema.org","@graph":[{"@type":"Article","@id":"https:\/\/dpress.ma\/fr\/2026\/08\/30\/saidia-remise-des-prix-aux-laureats-de-la-11e-edition-du-festival-cinema-sans-frontieres\/#article","isPartOf":{"@id":"https:\/\/dpress.ma\/fr\/2026\/08\/30\/saidia-remise-des-prix-aux-laureats-de-la-11e-edition-du-festival-cinema-sans-frontieres\/"},"author":{"name":"Dpress.ma","@id":"https:\/\/dpress.ma\/fr\/#\/schema\/person\/4898febf3ccd59e6578d838656a306a0"},"headline":"Sa\u00efdia : Remise des prix aux laur\u00e9ats de la 11e \u00e9dition du festival \u00abCin\u00e9ma sans fronti\u00e8res\u00bb","datePublished":"2026-08-30T17:05:00+00:00","dateModified":"2026-08-30T18:01:05+00:00","mainEntityOfPage":{"@id":"https:\/\/dpress.ma\/fr\/2026\/08\/30\/saidia-remise-des-prix-aux-laureats-de-la-11e-edition-du-festival-cinema-sans-frontieres\/"},"wordCount":635,"commentCount":0,"articleSection":["Art et Culture"],"inLanguage":"fr-FR","potentialAction":[{"@type":"CommentAction","name":"Comment","target":["https:\/\/dpress.ma\/fr\/2026\/08\/30\/saidia-remise-des-prix-aux-laureats-de-la-11e-edition-du-festival-cinema-sans-frontieres\/#respond"]}]},{"@type":"WebPage","@id":"https:\/\/dpress.ma\/fr\/2026\/08\/30\/saidia-remise-des-prix-aux-laureats-de-la-11e-edition-du-festival-cinema-sans-frontieres\/","url":"https:\/\/dpress.ma\/fr\/2026\/08\/30\/saidia-remise-des-prix-aux-laureats-de-la-11e-edition-du-festival-cinema-sans-frontieres\/","name":"Sa\u00efdia : Remise des prix aux laur\u00e9ats de la 11e \u00e9dition du festival \u00abCin\u00e9ma sans fronti\u00e8res\u00bb - Dpress.ma\/fr","isPartOf":{"@id":"https:\/\/dpress.ma\/fr\/#website"},"datePublished":"2026-08-30T17:05:00+00:00","dateModified":"2026-08-30T18:01:05+00:00","author":{"@id":"https:\/\/dpress.ma\/fr\/#\/schema\/person\/4898febf3ccd59e6578d838656a306a0"},"breadcrumb":{"@id":"https:\/\/dpress.ma\/fr\/2026\/08\/30\/saidia-remise-des-prix-aux-laureats-de-la-11e-edition-du-festival-cinema-sans-frontieres\/#breadcrumb"},"inLanguage":"fr-FR","potentialAction":[{"@type":"ReadAction","target":["https:\/\/dpress.ma\/fr\/2026\/08\/30\/saidia-remise-des-prix-aux-laureats-de-la-11e-edition-du-festival-cinema-sans-frontieres\/"]}]},{"@type":"BreadcrumbList","@id":"https:\/\/dpress.ma\/fr\/2026\/08\/30\/saidia-remise-des-prix-aux-laureats-de-la-11e-edition-du-festival-cinema-sans-frontieres\/#breadcrumb","itemListElement":[{"@type":"ListItem","position":1,"name":"Home","item":"https:\/\/dpress.ma\/fr\/"},{"@type":"ListItem","position":2,"name":"Sa\u00efdia : Remise des prix aux laur\u00e9ats de la 11e \u00e9dition du festival \u00abCin\u00e9ma sans fronti\u00e8res\u00bb"}]},{"@type":"WebSite","@id":"https:\/\/dpress.ma\/fr\/#website","url":"https:\/\/dpress.ma\/fr\/","name":"Dpress.ma\/fr","description":"","potentialAction":[{"@type":"SearchAction","target":{"@type":"EntryPoint","urlTemplate":"https:\/\/dpress.ma\/fr\/?s={search_term_string}"},"query-input":{"@type":"PropertyValueSpecification","valueRequired":true,"valueName":"search_term_string"}}],"inLanguage":"fr-FR"},{"@type":"Person","@id":"https:\/\/dpress.ma\/fr\/#\/schema\/person\/4898febf3ccd59e6578d838656a306a0","name":"Dpress.ma","image":{"@type":"ImageObject","inLanguage":"fr-FR","@id":"https:\/\/secure.gravatar.com\/avatar\/72ecc30e9db047a2e0e7176561eb9d564ed77c8108376495b19bd8336405198a?s=96&d=mm&r=g","url":"https:\/\/secure.gravatar.com\/avatar\/72ecc30e9db047a2e0e7176561eb9d564ed77c8108376495b19bd8336405198a?s=96&d=mm&r=g","contentUrl":"https:\/\/secure.gravatar.com\/avatar\/72ecc30e9db047a2e0e7176561eb9d564ed77c8108376495b19bd8336405198a?s=96&d=mm&r=g","caption":"Dpress.ma"},"sameAs":["https:\/\/www.dpress.ma"],"url":"https:\/\/dpress.ma\/fr\/author\/dpress-ma\/"}]}},"amp_enabled":true,"_links":{"self":[{"href":"https:\/\/dpress.ma\/fr\/wp-json\/wp\/v2\/posts\/38737","targetHints":{"allow":["GET"]}}],"collection":[{"href":"https:\/\/dpress.ma\/fr\/wp-json\/wp\/v2\/posts"}],"about":[{"href":"https:\/\/dpress.ma\/fr\/wp-json\/wp\/v2\/types\/post"}],"author":[{"embeddable":true,"href":"https:\/\/dpress.ma\/fr\/wp-json\/wp\/v2\/users\/2"}],"replies":[{"embeddable":true,"href":"https:\/\/dpress.ma\/fr\/wp-json\/wp\/v2\/comments?post=38737"}],"version-history":[{"count":1,"href":"https:\/\/dpress.ma\/fr\/wp-json\/wp\/v2\/posts\/38737\/revisions"}],"predecessor-version":[{"id":38738,"href":"https:\/\/dpress.ma\/fr\/wp-json\/wp\/v2\/posts\/38737\/revisions\/38738"}],"wp:attachment":[{"href":"https:\/\/dpress.ma\/fr\/wp-json\/wp\/v2\/media?parent=38737"}],"wp:term":[{"taxonomy":"category","embeddable":true,"href":"https:\/\/dpress.ma\/fr\/wp-json\/wp\/v2\/categories?post=38737"},{"taxonomy":"post_tag","embeddable":true,"href":"https:\/\/dpress.ma\/fr\/wp-json\/wp\/v2\/tags?post=38737"}],"curies":[{"name":"wp","href":"https:\/\/api.w.org\/{rel}","templated":true}]}}