{"id":38735,"date":"2026-08-30T17:16:00","date_gmt":"2026-08-30T17:16:00","guid":{"rendered":"https:\/\/dpress.ma\/fr\/?p=38735"},"modified":"2026-08-30T17:58:04","modified_gmt":"2026-08-30T17:58:04","slug":"dakhla-a-lheure-de-la-3e-edition-du-festival-cine-plage","status":"publish","type":"post","link":"https:\/\/dpress.ma\/fr\/2026\/08\/30\/dakhla-a-lheure-de-la-3e-edition-du-festival-cine-plage\/","title":{"rendered":"Dakhla \u00e0 l\u2019heure de la 3e \u00e9dition du Festival Cin\u00e9 Plage"},"content":{"rendered":"\n<p class=\"wp-block-paragraph\">Dpress<\/p>\n\n\n\n<p class=\"wp-block-paragraph\">&nbsp;La 3e \u00e9dition du Festival Cin\u00e9 Plage, organis\u00e9e dans le cadre d&rsquo;une tourn\u00e9e artistique et cin\u00e9matographique dans plusieurs villes du Royaume, s&rsquo;est invit\u00e9e samedi soir \u00e0 Dakhla.<\/p>\n\n\n\n<p class=\"wp-block-paragraph\">Organis\u00e9e par le minist\u00e8re de la Jeunesse, de la Culture et de la Communication -D\u00e9partement de la communication-, cette manifestation vise \u00e0 rapprocher le 7e art du grand public \u00e0 travers des projections gratuites de productions nationales en plein air, tout en proposant des animations artistiques et folkloriques.<\/p>\n\n\n\n<p class=\"wp-block-paragraph\">Durant deux soir\u00e9es (29 et 30 ao\u00fbt), la perle du Sud s&rsquo;est transform\u00e9e en salle \u00e0 ciel ouvert autour d&rsquo;une programmation m\u00ealant cin\u00e9ma, art et folklore, offrant aux habitants et visiteurs un moment de partage culturel accessible \u00e0 tous.<\/p>\n\n\n\n<p class=\"wp-block-paragraph\">La soir\u00e9e d&rsquo;ouverture a \u00e9t\u00e9 ponctu\u00e9e par une prestation folklorique, suivie de la projection du film \u00ab\u00a0El Khattaba\u00a0\u00bb, avant que le public ne retrouve \u00ab\u00a0L&rsquo;Batal\u00a0\u00bb, une production marocaine qui figurait \u00e9galement au programme de l&rsquo;\u00e9dition pr\u00e9c\u00e9dente.<\/p>\n\n\n\n<p class=\"wp-block-paragraph\">La deuxi\u00e8me soir\u00e9e pr\u00e9voit, quant \u00e0 elle, une nouvelle prestation folklorique, suivie du spectacle \u00ab\u00a0JOUJ\u00a0\u00bb, avant la projection du film \u00ab\u00a0My Friend\u00a0\u00bb, qui viendra cl\u00f4turer cette escale du Festival Cin\u00e9 Plage \u00e0 Dakhla.<\/p>\n\n\n\n<p class=\"wp-block-paragraph\">Dans une d\u00e9claration \u00e0 la MAP, le directeur r\u00e9gional du d\u00e9partement de la communication \u00e0 Dakhla, Lebat Adkhil, a indiqu\u00e9 que cette manifestation s&rsquo;inscrit dans le cadre des efforts visant \u00e0 rapprocher le cin\u00e9ma et la culture des citoyens, \u00e0 travers l&rsquo;organisation de manifestations artistiques gratuites dans des espaces ouverts.<\/p>\n\n\n\n<p class=\"wp-block-paragraph\">Cette initiative vise \u00e9galement \u00e0 renforcer la pr\u00e9sence du 7e art dans la vie quotidienne, notamment aupr\u00e8s des jeunes et des familles, \u00e0 animer les espaces publics, \u00e0 encourager la d\u00e9couverte des productions nationales et \u00e0 contribuer \u00e0 l&rsquo;ancrage de la culture cin\u00e9matographique, a-t-il poursuivi.<\/p>\n\n\n\n<p class=\"wp-block-paragraph\">Le choix de Dakhla traduit la volont\u00e9 de renforcer l&rsquo;offre culturelle et artistique de la ville et de rapprocher la cr\u00e9ation nationale de ses habitants et visiteurs, faisant du cin\u00e9ma un vecteur de divertissement, de sensibilisation et d&rsquo;\u00e9change, a fait remarquer M. Adkhil.<\/p>\n\n\n\n<p class=\"wp-block-paragraph\">De leur c\u00f4t\u00e9, des habitants et visiteurs de la ville ont exprim\u00e9 leur satisfaction quant \u00e0 l&rsquo;organisation de cette manifestation, estimant que ce rendez-vous constitue une occasion de d\u00e9couvrir le cin\u00e9ma national en plein air et de profiter d&rsquo;une programmation culturelle et artistique diversifi\u00e9e.<\/p>\n\n\n\n<p class=\"wp-block-paragraph\"><a href=\"https:\/\/www.facebook.com\/sharer\/sharer.php?u=https:\/\/www.mapexpress.ma\/actualite\/culture-et-medias\/dakhla-lheure-3e-edition-du-festival-cine-plage\/\" target=\"_blank\" rel=\"noopener\"><\/a><a href=\"https:\/\/x.com\/intent\/tweet?url=https:\/\/www.mapexpress.ma\/actualite\/culture-et-medias\/dakhla-lheure-3e-edition-du-festival-cine-plage\/&amp;text=Dakhla+%C3%A0+l%26%238217%3Bheure+de+la+3e+%C3%A9dition+du+Festival+Cin%C3%A9+Plage\" target=\"_blank\" rel=\"noopener\"><\/a><a href=\"https:\/\/www.linkedin.com\/feed\/?shareUrl=https:\/\/www.mapexpress.ma\/actualite\/culture-et-medias\/dakhla-lheure-3e-edition-du-festival-cine-plage\/\" target=\"_blank\" rel=\"noopener\"><\/a><a href=\"https:\/\/api.whatsapp.com\/send?text=Dakhla+%C3%A0+l%26%238217%3Bheure+de+la+3e+%C3%A9dition+du+Festival+Cin%C3%A9+Plage+https%3A%2F%2Fwww.mapexpress.ma%2Factualite%2Fculture-et-medias%2Fdakhla-lheure-3e-edition-du-festival-cine-plage%2F\" target=\"_blank\" rel=\"noopener\"><\/a><\/p>\n\n\n\n<p class=\"wp-block-paragraph\"><\/p>\n","protected":false},"excerpt":{"rendered":"<p>Dpress &nbsp;La 3e \u00e9dition du Festival Cin\u00e9 Plage, organis\u00e9e dans le cadre d&rsquo;une tourn\u00e9e artistique et cin\u00e9matographique dans plusieurs villes du Royaume, s&rsquo;est invit\u00e9e samedi soir \u00e0 Dakhla. Organis\u00e9e par le minist\u00e8re de la Jeunesse, de la Culture et de la Communication -D\u00e9partement de la communication-, cette manifestation vise \u00e0 rapprocher le 7e art du &hellip;<\/p>\n","protected":false},"author":2,"featured_media":15481,"comment_status":"open","ping_status":"open","sticky":false,"template":"","format":"standard","meta":{"footnotes":""},"categories":[31],"tags":[],"class_list":["post-38735","post","type-post","status-publish","format-standard","has-post-thumbnail","hentry","category-art-et-culture"],"yoast_head":"<!-- This site is optimized with the Yoast SEO plugin v28.0 - https:\/\/yoast.com\/product\/yoast-seo-wordpress\/ -->\n<title>Dakhla \u00e0 l\u2019heure de la 3e \u00e9dition du Festival Cin\u00e9 Plage - Dpress.ma\/fr<\/title>\n<meta name=\"robots\" content=\"index, follow, max-snippet:-1, max-image-preview:large, max-video-preview:-1\" \/>\n<link rel=\"canonical\" href=\"https:\/\/dpress.ma\/fr\/2026\/08\/30\/dakhla-a-lheure-de-la-3e-edition-du-festival-cine-plage\/\" \/>\n<meta property=\"og:locale\" content=\"fr_FR\" \/>\n<meta property=\"og:type\" content=\"article\" \/>\n<meta property=\"og:title\" content=\"Dakhla \u00e0 l\u2019heure de la 3e \u00e9dition du Festival Cin\u00e9 Plage - Dpress.ma\/fr\" \/>\n<meta property=\"og:description\" content=\"Dpress &nbsp;La 3e \u00e9dition du Festival Cin\u00e9 Plage, organis\u00e9e dans le cadre d&rsquo;une tourn\u00e9e artistique et cin\u00e9matographique dans plusieurs villes du Royaume, s&rsquo;est invit\u00e9e samedi soir \u00e0 Dakhla. Organis\u00e9e par le minist\u00e8re de la Jeunesse, de la Culture et de la Communication -D\u00e9partement de la communication-, cette manifestation vise \u00e0 rapprocher le 7e art du &hellip;\" \/>\n<meta property=\"og:url\" content=\"https:\/\/dpress.ma\/fr\/2026\/08\/30\/dakhla-a-lheure-de-la-3e-edition-du-festival-cine-plage\/\" \/>\n<meta property=\"og:site_name\" content=\"Dpress.ma\/fr\" \/>\n<meta property=\"article:published_time\" content=\"2026-08-30T17:16:00+00:00\" \/>\n<meta property=\"article:modified_time\" content=\"2026-08-30T17:58:04+00:00\" \/>\n<meta property=\"og:image\" content=\"https:\/\/dpress.ma\/fr\/wp-content\/uploads\/sites\/2\/2025\/07\/plage-dakhla.png\" \/>\n\t<meta property=\"og:image:width\" content=\"780\" \/>\n\t<meta property=\"og:image:height\" content=\"470\" \/>\n\t<meta property=\"og:image:type\" content=\"image\/png\" \/>\n<meta name=\"author\" content=\"Dpress.ma\" \/>\n<meta name=\"twitter:card\" content=\"summary_large_image\" \/>\n<meta name=\"twitter:label1\" content=\"\u00c9crit par\" \/>\n\t<meta name=\"twitter:data1\" content=\"Dpress.ma\" \/>\n\t<meta name=\"twitter:label2\" content=\"Dur\u00e9e de lecture estim\u00e9e\" \/>\n\t<meta name=\"twitter:data2\" content=\"3 minutes\" \/>\n<script type=\"application\/ld+json\" class=\"yoast-schema-graph\">{\"@context\":\"https:\\\/\\\/schema.org\",\"@graph\":[{\"@type\":\"Article\",\"@id\":\"https:\\\/\\\/dpress.ma\\\/fr\\\/2026\\\/08\\\/30\\\/dakhla-a-lheure-de-la-3e-edition-du-festival-cine-plage\\\/#article\",\"isPartOf\":{\"@id\":\"https:\\\/\\\/dpress.ma\\\/fr\\\/2026\\\/08\\\/30\\\/dakhla-a-lheure-de-la-3e-edition-du-festival-cine-plage\\\/\"},\"author\":{\"name\":\"Dpress.ma\",\"@id\":\"https:\\\/\\\/dpress.ma\\\/fr\\\/#\\\/schema\\\/person\\\/4898febf3ccd59e6578d838656a306a0\"},\"headline\":\"Dakhla \u00e0 l\u2019heure de la 3e \u00e9dition du Festival Cin\u00e9 Plage\",\"datePublished\":\"2026-08-30T17:16:00+00:00\",\"dateModified\":\"2026-08-30T17:58:04+00:00\",\"mainEntityOfPage\":{\"@id\":\"https:\\\/\\\/dpress.ma\\\/fr\\\/2026\\\/08\\\/30\\\/dakhla-a-lheure-de-la-3e-edition-du-festival-cine-plage\\\/\"},\"wordCount\":395,\"commentCount\":0,\"image\":{\"@id\":\"https:\\\/\\\/dpress.ma\\\/fr\\\/2026\\\/08\\\/30\\\/dakhla-a-lheure-de-la-3e-edition-du-festival-cine-plage\\\/#primaryimage\"},\"thumbnailUrl\":\"https:\\\/\\\/dpress.ma\\\/fr\\\/wp-content\\\/uploads\\\/sites\\\/2\\\/2025\\\/07\\\/plage-dakhla.png\",\"articleSection\":[\"Art et Culture\"],\"inLanguage\":\"fr-FR\",\"potentialAction\":[{\"@type\":\"CommentAction\",\"name\":\"Comment\",\"target\":[\"https:\\\/\\\/dpress.ma\\\/fr\\\/2026\\\/08\\\/30\\\/dakhla-a-lheure-de-la-3e-edition-du-festival-cine-plage\\\/#respond\"]}]},{\"@type\":\"WebPage\",\"@id\":\"https:\\\/\\\/dpress.ma\\\/fr\\\/2026\\\/08\\\/30\\\/dakhla-a-lheure-de-la-3e-edition-du-festival-cine-plage\\\/\",\"url\":\"https:\\\/\\\/dpress.ma\\\/fr\\\/2026\\\/08\\\/30\\\/dakhla-a-lheure-de-la-3e-edition-du-festival-cine-plage\\\/\",\"name\":\"Dakhla \u00e0 l\u2019heure de la 3e \u00e9dition du Festival Cin\u00e9 Plage - Dpress.ma\\\/fr\",\"isPartOf\":{\"@id\":\"https:\\\/\\\/dpress.ma\\\/fr\\\/#website\"},\"primaryImageOfPage\":{\"@id\":\"https:\\\/\\\/dpress.ma\\\/fr\\\/2026\\\/08\\\/30\\\/dakhla-a-lheure-de-la-3e-edition-du-festival-cine-plage\\\/#primaryimage\"},\"image\":{\"@id\":\"https:\\\/\\\/dpress.ma\\\/fr\\\/2026\\\/08\\\/30\\\/dakhla-a-lheure-de-la-3e-edition-du-festival-cine-plage\\\/#primaryimage\"},\"thumbnailUrl\":\"https:\\\/\\\/dpress.ma\\\/fr\\\/wp-content\\\/uploads\\\/sites\\\/2\\\/2025\\\/07\\\/plage-dakhla.png\",\"datePublished\":\"2026-08-30T17:16:00+00:00\",\"dateModified\":\"2026-08-30T17:58:04+00:00\",\"author\":{\"@id\":\"https:\\\/\\\/dpress.ma\\\/fr\\\/#\\\/schema\\\/person\\\/4898febf3ccd59e6578d838656a306a0\"},\"breadcrumb\":{\"@id\":\"https:\\\/\\\/dpress.ma\\\/fr\\\/2026\\\/08\\\/30\\\/dakhla-a-lheure-de-la-3e-edition-du-festival-cine-plage\\\/#breadcrumb\"},\"inLanguage\":\"fr-FR\",\"potentialAction\":[{\"@type\":\"ReadAction\",\"target\":[\"https:\\\/\\\/dpress.ma\\\/fr\\\/2026\\\/08\\\/30\\\/dakhla-a-lheure-de-la-3e-edition-du-festival-cine-plage\\\/\"]}]},{\"@type\":\"ImageObject\",\"inLanguage\":\"fr-FR\",\"@id\":\"https:\\\/\\\/dpress.ma\\\/fr\\\/2026\\\/08\\\/30\\\/dakhla-a-lheure-de-la-3e-edition-du-festival-cine-plage\\\/#primaryimage\",\"url\":\"https:\\\/\\\/dpress.ma\\\/fr\\\/wp-content\\\/uploads\\\/sites\\\/2\\\/2025\\\/07\\\/plage-dakhla.png\",\"contentUrl\":\"https:\\\/\\\/dpress.ma\\\/fr\\\/wp-content\\\/uploads\\\/sites\\\/2\\\/2025\\\/07\\\/plage-dakhla.png\",\"width\":780,\"height\":470},{\"@type\":\"BreadcrumbList\",\"@id\":\"https:\\\/\\\/dpress.ma\\\/fr\\\/2026\\\/08\\\/30\\\/dakhla-a-lheure-de-la-3e-edition-du-festival-cine-plage\\\/#breadcrumb\",\"itemListElement\":[{\"@type\":\"ListItem\",\"position\":1,\"name\":\"Home\",\"item\":\"https:\\\/\\\/dpress.ma\\\/fr\\\/\"},{\"@type\":\"ListItem\",\"position\":2,\"name\":\"Dakhla \u00e0 l\u2019heure de la 3e \u00e9dition du Festival Cin\u00e9 Plage\"}]},{\"@type\":\"WebSite\",\"@id\":\"https:\\\/\\\/dpress.ma\\\/fr\\\/#website\",\"url\":\"https:\\\/\\\/dpress.ma\\\/fr\\\/\",\"name\":\"Dpress.ma\\\/fr\",\"description\":\"\",\"potentialAction\":[{\"@type\":\"SearchAction\",\"target\":{\"@type\":\"EntryPoint\",\"urlTemplate\":\"https:\\\/\\\/dpress.ma\\\/fr\\\/?s={search_term_string}\"},\"query-input\":{\"@type\":\"PropertyValueSpecification\",\"valueRequired\":true,\"valueName\":\"search_term_string\"}}],\"inLanguage\":\"fr-FR\"},{\"@type\":\"Person\",\"@id\":\"https:\\\/\\\/dpress.ma\\\/fr\\\/#\\\/schema\\\/person\\\/4898febf3ccd59e6578d838656a306a0\",\"name\":\"Dpress.ma\",\"image\":{\"@type\":\"ImageObject\",\"inLanguage\":\"fr-FR\",\"@id\":\"https:\\\/\\\/secure.gravatar.com\\\/avatar\\\/72ecc30e9db047a2e0e7176561eb9d564ed77c8108376495b19bd8336405198a?s=96&d=mm&r=g\",\"url\":\"https:\\\/\\\/secure.gravatar.com\\\/avatar\\\/72ecc30e9db047a2e0e7176561eb9d564ed77c8108376495b19bd8336405198a?s=96&d=mm&r=g\",\"contentUrl\":\"https:\\\/\\\/secure.gravatar.com\\\/avatar\\\/72ecc30e9db047a2e0e7176561eb9d564ed77c8108376495b19bd8336405198a?s=96&d=mm&r=g\",\"caption\":\"Dpress.ma\"},\"sameAs\":[\"https:\\\/\\\/www.dpress.ma\"],\"url\":\"https:\\\/\\\/dpress.ma\\\/fr\\\/author\\\/dpress-ma\\\/\"}]}<\/script>\n<!-- \/ Yoast SEO plugin. -->","yoast_head_json":{"title":"Dakhla \u00e0 l\u2019heure de la 3e \u00e9dition du Festival Cin\u00e9 Plage - Dpress.ma\/fr","robots":{"index":"index","follow":"follow","max-snippet":"max-snippet:-1","max-image-preview":"max-image-preview:large","max-video-preview":"max-video-preview:-1"},"canonical":"https:\/\/dpress.ma\/fr\/2026\/08\/30\/dakhla-a-lheure-de-la-3e-edition-du-festival-cine-plage\/","og_locale":"fr_FR","og_type":"article","og_title":"Dakhla \u00e0 l\u2019heure de la 3e \u00e9dition du Festival Cin\u00e9 Plage - Dpress.ma\/fr","og_description":"Dpress &nbsp;La 3e \u00e9dition du Festival Cin\u00e9 Plage, organis\u00e9e dans le cadre d&rsquo;une tourn\u00e9e artistique et cin\u00e9matographique dans plusieurs villes du Royaume, s&rsquo;est invit\u00e9e samedi soir \u00e0 Dakhla. Organis\u00e9e par le minist\u00e8re de la Jeunesse, de la Culture et de la Communication -D\u00e9partement de la communication-, cette manifestation vise \u00e0 rapprocher le 7e art du &hellip;","og_url":"https:\/\/dpress.ma\/fr\/2026\/08\/30\/dakhla-a-lheure-de-la-3e-edition-du-festival-cine-plage\/","og_site_name":"Dpress.ma\/fr","article_published_time":"2026-08-30T17:16:00+00:00","article_modified_time":"2026-08-30T17:58:04+00:00","og_image":[{"width":780,"height":470,"url":"https:\/\/dpress.ma\/fr\/wp-content\/uploads\/sites\/2\/2025\/07\/plage-dakhla.png","type":"image\/png"}],"author":"Dpress.ma","twitter_card":"summary_large_image","twitter_misc":{"\u00c9crit par":"Dpress.ma","Dur\u00e9e de lecture estim\u00e9e":"3 minutes"},"schema":{"@context":"https:\/\/schema.org","@graph":[{"@type":"Article","@id":"https:\/\/dpress.ma\/fr\/2026\/08\/30\/dakhla-a-lheure-de-la-3e-edition-du-festival-cine-plage\/#article","isPartOf":{"@id":"https:\/\/dpress.ma\/fr\/2026\/08\/30\/dakhla-a-lheure-de-la-3e-edition-du-festival-cine-plage\/"},"author":{"name":"Dpress.ma","@id":"https:\/\/dpress.ma\/fr\/#\/schema\/person\/4898febf3ccd59e6578d838656a306a0"},"headline":"Dakhla \u00e0 l\u2019heure de la 3e \u00e9dition du Festival Cin\u00e9 Plage","datePublished":"2026-08-30T17:16:00+00:00","dateModified":"2026-08-30T17:58:04+00:00","mainEntityOfPage":{"@id":"https:\/\/dpress.ma\/fr\/2026\/08\/30\/dakhla-a-lheure-de-la-3e-edition-du-festival-cine-plage\/"},"wordCount":395,"commentCount":0,"image":{"@id":"https:\/\/dpress.ma\/fr\/2026\/08\/30\/dakhla-a-lheure-de-la-3e-edition-du-festival-cine-plage\/#primaryimage"},"thumbnailUrl":"https:\/\/dpress.ma\/fr\/wp-content\/uploads\/sites\/2\/2025\/07\/plage-dakhla.png","articleSection":["Art et Culture"],"inLanguage":"fr-FR","potentialAction":[{"@type":"CommentAction","name":"Comment","target":["https:\/\/dpress.ma\/fr\/2026\/08\/30\/dakhla-a-lheure-de-la-3e-edition-du-festival-cine-plage\/#respond"]}]},{"@type":"WebPage","@id":"https:\/\/dpress.ma\/fr\/2026\/08\/30\/dakhla-a-lheure-de-la-3e-edition-du-festival-cine-plage\/","url":"https:\/\/dpress.ma\/fr\/2026\/08\/30\/dakhla-a-lheure-de-la-3e-edition-du-festival-cine-plage\/","name":"Dakhla \u00e0 l\u2019heure de la 3e \u00e9dition du Festival Cin\u00e9 Plage - Dpress.ma\/fr","isPartOf":{"@id":"https:\/\/dpress.ma\/fr\/#website"},"primaryImageOfPage":{"@id":"https:\/\/dpress.ma\/fr\/2026\/08\/30\/dakhla-a-lheure-de-la-3e-edition-du-festival-cine-plage\/#primaryimage"},"image":{"@id":"https:\/\/dpress.ma\/fr\/2026\/08\/30\/dakhla-a-lheure-de-la-3e-edition-du-festival-cine-plage\/#primaryimage"},"thumbnailUrl":"https:\/\/dpress.ma\/fr\/wp-content\/uploads\/sites\/2\/2025\/07\/plage-dakhla.png","datePublished":"2026-08-30T17:16:00+00:00","dateModified":"2026-08-30T17:58:04+00:00","author":{"@id":"https:\/\/dpress.ma\/fr\/#\/schema\/person\/4898febf3ccd59e6578d838656a306a0"},"breadcrumb":{"@id":"https:\/\/dpress.ma\/fr\/2026\/08\/30\/dakhla-a-lheure-de-la-3e-edition-du-festival-cine-plage\/#breadcrumb"},"inLanguage":"fr-FR","potentialAction":[{"@type":"ReadAction","target":["https:\/\/dpress.ma\/fr\/2026\/08\/30\/dakhla-a-lheure-de-la-3e-edition-du-festival-cine-plage\/"]}]},{"@type":"ImageObject","inLanguage":"fr-FR","@id":"https:\/\/dpress.ma\/fr\/2026\/08\/30\/dakhla-a-lheure-de-la-3e-edition-du-festival-cine-plage\/#primaryimage","url":"https:\/\/dpress.ma\/fr\/wp-content\/uploads\/sites\/2\/2025\/07\/plage-dakhla.png","contentUrl":"https:\/\/dpress.ma\/fr\/wp-content\/uploads\/sites\/2\/2025\/07\/plage-dakhla.png","width":780,"height":470},{"@type":"BreadcrumbList","@id":"https:\/\/dpress.ma\/fr\/2026\/08\/30\/dakhla-a-lheure-de-la-3e-edition-du-festival-cine-plage\/#breadcrumb","itemListElement":[{"@type":"ListItem","position":1,"name":"Home","item":"https:\/\/dpress.ma\/fr\/"},{"@type":"ListItem","position":2,"name":"Dakhla \u00e0 l\u2019heure de la 3e \u00e9dition du Festival Cin\u00e9 Plage"}]},{"@type":"WebSite","@id":"https:\/\/dpress.ma\/fr\/#website","url":"https:\/\/dpress.ma\/fr\/","name":"Dpress.ma\/fr","description":"","potentialAction":[{"@type":"SearchAction","target":{"@type":"EntryPoint","urlTemplate":"https:\/\/dpress.ma\/fr\/?s={search_term_string}"},"query-input":{"@type":"PropertyValueSpecification","valueRequired":true,"valueName":"search_term_string"}}],"inLanguage":"fr-FR"},{"@type":"Person","@id":"https:\/\/dpress.ma\/fr\/#\/schema\/person\/4898febf3ccd59e6578d838656a306a0","name":"Dpress.ma","image":{"@type":"ImageObject","inLanguage":"fr-FR","@id":"https:\/\/secure.gravatar.com\/avatar\/72ecc30e9db047a2e0e7176561eb9d564ed77c8108376495b19bd8336405198a?s=96&d=mm&r=g","url":"https:\/\/secure.gravatar.com\/avatar\/72ecc30e9db047a2e0e7176561eb9d564ed77c8108376495b19bd8336405198a?s=96&d=mm&r=g","contentUrl":"https:\/\/secure.gravatar.com\/avatar\/72ecc30e9db047a2e0e7176561eb9d564ed77c8108376495b19bd8336405198a?s=96&d=mm&r=g","caption":"Dpress.ma"},"sameAs":["https:\/\/www.dpress.ma"],"url":"https:\/\/dpress.ma\/fr\/author\/dpress-ma\/"}]}},"amp_enabled":true,"_links":{"self":[{"href":"https:\/\/dpress.ma\/fr\/wp-json\/wp\/v2\/posts\/38735","targetHints":{"allow":["GET"]}}],"collection":[{"href":"https:\/\/dpress.ma\/fr\/wp-json\/wp\/v2\/posts"}],"about":[{"href":"https:\/\/dpress.ma\/fr\/wp-json\/wp\/v2\/types\/post"}],"author":[{"embeddable":true,"href":"https:\/\/dpress.ma\/fr\/wp-json\/wp\/v2\/users\/2"}],"replies":[{"embeddable":true,"href":"https:\/\/dpress.ma\/fr\/wp-json\/wp\/v2\/comments?post=38735"}],"version-history":[{"count":1,"href":"https:\/\/dpress.ma\/fr\/wp-json\/wp\/v2\/posts\/38735\/revisions"}],"predecessor-version":[{"id":38736,"href":"https:\/\/dpress.ma\/fr\/wp-json\/wp\/v2\/posts\/38735\/revisions\/38736"}],"wp:featuredmedia":[{"embeddable":true,"href":"https:\/\/dpress.ma\/fr\/wp-json\/wp\/v2\/media\/15481"}],"wp:attachment":[{"href":"https:\/\/dpress.ma\/fr\/wp-json\/wp\/v2\/media?parent=38735"}],"wp:term":[{"taxonomy":"category","embeddable":true,"href":"https:\/\/dpress.ma\/fr\/wp-json\/wp\/v2\/categories?post=38735"},{"taxonomy":"post_tag","embeddable":true,"href":"https:\/\/dpress.ma\/fr\/wp-json\/wp\/v2\/tags?post=38735"}],"curies":[{"name":"wp","href":"https:\/\/api.w.org\/{rel}","templated":true}]}}