{"id":38732,"date":"2026-08-30T17:24:00","date_gmt":"2026-08-30T17:24:00","guid":{"rendered":"https:\/\/dpress.ma\/fr\/?p=38732"},"modified":"2026-08-30T17:56:42","modified_gmt":"2026-08-30T17:56:42","slug":"beni-mellal-lancement-de-la-4eme-edition-du-programme-moutatawi3-avec-la-participation-de-350-jeunes","status":"publish","type":"post","link":"https:\/\/dpress.ma\/fr\/2026\/08\/30\/beni-mellal-lancement-de-la-4eme-edition-du-programme-moutatawi3-avec-la-participation-de-350-jeunes\/","title":{"rendered":"B\u00e9ni Mellal : Lancement de la 4\u00e8me \u00e9dition du Programme \u201cMoutatawi3\u201d avec la participation de 350 jeunes"},"content":{"rendered":"\n<p class=\"wp-block-paragraph\">Dpress<\/p>\n\n\n\n<p class=\"wp-block-paragraph\">&nbsp;Le coup d&rsquo;envoi des activit\u00e9s de la 4\u00e8me \u00e9dition du Programme national du volontariat \u00ab\u00a0Moutatawi3\u00a0\u00bb, au niveau de la r\u00e9gion B\u00e9ni Mellal-Kh\u00e9nifra, a \u00e9t\u00e9 donn\u00e9 r\u00e9cemment \u00e0 B\u00e9ni Mellal, \u00e0 la faveur d&rsquo;une s\u00e9rie d&rsquo;ateliers de formation b\u00e9n\u00e9ficiant \u00e0 quelque 350 jeunes, dans l&rsquo;optique d&rsquo;ancrer les valeurs de la citoyennet\u00e9, de l&rsquo;initiative et de l&rsquo;engagement civique.<\/p>\n\n\n\n<p class=\"wp-block-paragraph\">Initi\u00e9 par la Direction r\u00e9gionale de la Jeunesse, ce programme ambitionne de doter les jeunes, \u00e2g\u00e9s de 18 \u00e0 22 ans, des m\u00e9canismes de l&rsquo;action b\u00e9n\u00e9vole et d&rsquo;affiner leurs comp\u00e9tences, l&rsquo;enjeu \u00e9tant d&rsquo;en faire de v\u00e9ritables acteurs de d\u00e9veloppement et des catalyseurs de changement positif au sein de leur environnement. Cette d\u00e9marche se d\u00e9cline notamment \u00e0 travers la cr\u00e9ation de \u00ab\u00a0Clubs de volontariat\u00a0\u00bb au sein des Maisons de jeunes, con\u00e7us comme des espaces p\u00e9rennes \u00e0 m\u00eame de garantir un impact durable de cette initiative.<\/p>\n\n\n\n<p class=\"wp-block-paragraph\">S&rsquo;exprimant lors de la c\u00e9r\u00e9monie de lancement, marqu\u00e9e par la pr\u00e9sence de responsables provinciaux et r\u00e9gionaux du d\u00e9partement, le Directeur r\u00e9gional de la Jeunesse \u00e0 B\u00e9ni Mellal-Kh\u00e9nifra, Noureddine Barkaoui, a mis en exergue la pertinence de ce programme pour la promotion de l&rsquo;implication active des jeunes dans les dynamiques soci\u00e9tales. L&rsquo;approche adopt\u00e9e, a-t-il pr\u00e9cis\u00e9, s&rsquo;articule autour de deux phases compl\u00e9mentaires, th\u00e9orique et pratique, destin\u00e9es \u00e0 stimuler l&rsquo;esprit critique et \u00e0 aiguiser les aptitudes op\u00e9rationnelles des participants.<\/p>\n\n\n\n<p class=\"wp-block-paragraph\">Dans cette optique, la Direction r\u00e9gionale a entam\u00e9, dans l&rsquo;enceinte de la Facult\u00e9 des Lettres et des Sciences Humaines de B\u00e9ni Mellal, le d\u00e9ploiement d&rsquo;un programme de formation intensif qui se poursuivra jusqu&rsquo;au 30 ao\u00fbt courant.<\/p>\n\n\n\n<p class=\"wp-block-paragraph\">Anim\u00e9 par le chef de la Division de l&rsquo;Action Sociale (DAS) \u00e0 B\u00e9ni Mellal, le premier atelier a mis en lumi\u00e8re l&rsquo;importance du volontariat en tant que levier incontournable d&rsquo;appui aux processus de d\u00e9veloppement territorial. Il a, de m\u00eame, constitu\u00e9 une plateforme de d\u00e9bat et d&rsquo;\u00e9change sur les moyens d&rsquo;optimiser le rendement de l&rsquo;action b\u00e9n\u00e9vole afin qu&rsquo;elle r\u00e9ponde efficacement aux besoins et priorit\u00e9s locaux.<\/p>\n\n\n\n<p class=\"wp-block-paragraph\">Le second atelier a \u00e9t\u00e9, quant \u00e0 lui, consacr\u00e9 aux \u00ab\u00a0Principes et fondements de la cr\u00e9ation de contenu num\u00e9rique\u00a0\u00bb. Les b\u00e9n\u00e9ficiaires y ont \u00e9t\u00e9 initi\u00e9s aux techniques de la production audiovisuelle et \u00e0 l&rsquo;identification du public cible en vue de concevoir un contenu attractif. L&rsquo;accent a \u00e9galement \u00e9t\u00e9 mis sur l&rsquo;exploitation judicieuse des supports num\u00e9riques au service des causes culturelles, sociales et de volontariat, en phase avec les mutations acc\u00e9l\u00e9r\u00e9es de l&rsquo;\u00e9cosyst\u00e8me digital.<\/p>\n\n\n\n<p class=\"wp-block-paragraph\">Il convient de rappeler que le Programme national du volontariat, lanc\u00e9 en 2023 par le minist\u00e8re de la Jeunesse, de la Culture et de la Communication dans le sillage de la nouvelle g\u00e9n\u00e9ration d&rsquo;initiatives d\u00e9di\u00e9es \u00e0 la jeunesse, vise \u00e0 impliquer plus de 5.000 jeunes \u00e0 l&rsquo;\u00e9chelle nationale, \u00e0 travers une formation pointue et un encadrement de terrain les habilitant \u00e0 participer activement \u00e0 la vie en soci\u00e9t\u00e9.<\/p>\n\n\n\n<p class=\"wp-block-paragraph\"><a href=\"https:\/\/www.facebook.com\/sharer\/sharer.php?u=https:\/\/www.mapexpress.ma\/actualite\/culture-et-medias\/beni-mellal-lancement-4eme-edition-du-programme-moutatawi3-participation-350-jeunes\/\" target=\"_blank\" rel=\"noopener\"><\/a><a href=\"https:\/\/x.com\/intent\/tweet?url=https:\/\/www.mapexpress.ma\/actualite\/culture-et-medias\/beni-mellal-lancement-4eme-edition-du-programme-moutatawi3-participation-350-jeunes\/&amp;text=B%C3%A9ni+Mellal+%3A+Lancement+de+la+4%C3%A8me+%C3%A9dition+du+Programme+%26%238220%3BMoutatawi3%26%238221%3B+avec+la+participation+de+350+jeunes\" target=\"_blank\" rel=\"noopener\"><\/a><a href=\"https:\/\/www.linkedin.com\/feed\/?shareUrl=https:\/\/www.mapexpress.ma\/actualite\/culture-et-medias\/beni-mellal-lancement-4eme-edition-du-programme-moutatawi3-participation-350-jeunes\/\" target=\"_blank\" rel=\"noopener\"><\/a><a href=\"https:\/\/api.whatsapp.com\/send?text=B%C3%A9ni+Mellal+%3A+Lancement+de+la+4%C3%A8me+%C3%A9dition+du+Programme+%26%238220%3BMoutatawi3%26%238221%3B+avec+la+participation+de+350+jeunes+https%3A%2F%2Fwww.mapexpress.ma%2Factualite%2Fculture-et-medias%2Fbeni-mellal-lancement-4eme-edition-du-programme-moutatawi3-participation-350-jeunes%2F\" target=\"_blank\" rel=\"noopener\"><\/a><\/p>\n\n\n\n<p class=\"wp-block-paragraph\"><\/p>\n","protected":false},"excerpt":{"rendered":"<p>Dpress &nbsp;Le coup d&rsquo;envoi des activit\u00e9s de la 4\u00e8me \u00e9dition du Programme national du volontariat \u00ab\u00a0Moutatawi3\u00a0\u00bb, au niveau de la r\u00e9gion B\u00e9ni Mellal-Kh\u00e9nifra, a \u00e9t\u00e9 donn\u00e9 r\u00e9cemment \u00e0 B\u00e9ni Mellal, \u00e0 la faveur d&rsquo;une s\u00e9rie d&rsquo;ateliers de formation b\u00e9n\u00e9ficiant \u00e0 quelque 350 jeunes, dans l&rsquo;optique d&rsquo;ancrer les valeurs de la citoyennet\u00e9, de l&rsquo;initiative et de &hellip;<\/p>\n","protected":false},"author":2,"featured_media":38733,"comment_status":"open","ping_status":"open","sticky":false,"template":"","format":"standard","meta":{"footnotes":""},"categories":[40],"tags":[],"class_list":["post-38732","post","type-post","status-publish","format-standard","has-post-thumbnail","hentry","category-societe-et-regions"],"yoast_head":"<!-- This site is optimized with the Yoast SEO plugin v28.0 - https:\/\/yoast.com\/product\/yoast-seo-wordpress\/ -->\n<title>B\u00e9ni Mellal : Lancement de la 4\u00e8me \u00e9dition du Programme \u201cMoutatawi3\u201d avec la participation de 350 jeunes - Dpress.ma\/fr<\/title>\n<meta name=\"robots\" content=\"index, follow, max-snippet:-1, max-image-preview:large, max-video-preview:-1\" \/>\n<link rel=\"canonical\" href=\"https:\/\/dpress.ma\/fr\/2026\/08\/30\/beni-mellal-lancement-de-la-4eme-edition-du-programme-moutatawi3-avec-la-participation-de-350-jeunes\/\" \/>\n<meta property=\"og:locale\" content=\"fr_FR\" \/>\n<meta property=\"og:type\" content=\"article\" \/>\n<meta property=\"og:title\" content=\"B\u00e9ni Mellal : Lancement de la 4\u00e8me \u00e9dition du Programme \u201cMoutatawi3\u201d avec la participation de 350 jeunes - Dpress.ma\/fr\" \/>\n<meta property=\"og:description\" content=\"Dpress &nbsp;Le coup d&rsquo;envoi des activit\u00e9s de la 4\u00e8me \u00e9dition du Programme national du volontariat \u00ab\u00a0Moutatawi3\u00a0\u00bb, au niveau de la r\u00e9gion B\u00e9ni Mellal-Kh\u00e9nifra, a \u00e9t\u00e9 donn\u00e9 r\u00e9cemment \u00e0 B\u00e9ni Mellal, \u00e0 la faveur d&rsquo;une s\u00e9rie d&rsquo;ateliers de formation b\u00e9n\u00e9ficiant \u00e0 quelque 350 jeunes, dans l&rsquo;optique d&rsquo;ancrer les valeurs de la citoyennet\u00e9, de l&rsquo;initiative et de &hellip;\" \/>\n<meta property=\"og:url\" content=\"https:\/\/dpress.ma\/fr\/2026\/08\/30\/beni-mellal-lancement-de-la-4eme-edition-du-programme-moutatawi3-avec-la-participation-de-350-jeunes\/\" \/>\n<meta property=\"og:site_name\" content=\"Dpress.ma\/fr\" \/>\n<meta property=\"article:published_time\" content=\"2026-08-30T17:24:00+00:00\" \/>\n<meta property=\"article:modified_time\" content=\"2026-08-30T17:56:42+00:00\" \/>\n<meta property=\"og:image\" content=\"https:\/\/dpress.ma\/fr\/wp-content\/uploads\/sites\/2\/2026\/08\/Programme-Moutatawi3.png\" \/>\n\t<meta property=\"og:image:width\" content=\"780\" \/>\n\t<meta property=\"og:image:height\" content=\"470\" \/>\n\t<meta property=\"og:image:type\" content=\"image\/png\" \/>\n<meta name=\"author\" content=\"Dpress.ma\" \/>\n<meta name=\"twitter:card\" content=\"summary_large_image\" \/>\n<meta name=\"twitter:label1\" content=\"\u00c9crit par\" \/>\n\t<meta name=\"twitter:data1\" content=\"Dpress.ma\" \/>\n\t<meta name=\"twitter:label2\" content=\"Dur\u00e9e de lecture estim\u00e9e\" \/>\n\t<meta name=\"twitter:data2\" content=\"3 minutes\" \/>\n<script type=\"application\/ld+json\" class=\"yoast-schema-graph\">{\"@context\":\"https:\\\/\\\/schema.org\",\"@graph\":[{\"@type\":\"Article\",\"@id\":\"https:\\\/\\\/dpress.ma\\\/fr\\\/2026\\\/08\\\/30\\\/beni-mellal-lancement-de-la-4eme-edition-du-programme-moutatawi3-avec-la-participation-de-350-jeunes\\\/#article\",\"isPartOf\":{\"@id\":\"https:\\\/\\\/dpress.ma\\\/fr\\\/2026\\\/08\\\/30\\\/beni-mellal-lancement-de-la-4eme-edition-du-programme-moutatawi3-avec-la-participation-de-350-jeunes\\\/\"},\"author\":{\"name\":\"Dpress.ma\",\"@id\":\"https:\\\/\\\/dpress.ma\\\/fr\\\/#\\\/schema\\\/person\\\/4898febf3ccd59e6578d838656a306a0\"},\"headline\":\"B\u00e9ni Mellal : Lancement de la 4\u00e8me \u00e9dition du Programme \u201cMoutatawi3\u201d avec la participation de 350 jeunes\",\"datePublished\":\"2026-08-30T17:24:00+00:00\",\"dateModified\":\"2026-08-30T17:56:42+00:00\",\"mainEntityOfPage\":{\"@id\":\"https:\\\/\\\/dpress.ma\\\/fr\\\/2026\\\/08\\\/30\\\/beni-mellal-lancement-de-la-4eme-edition-du-programme-moutatawi3-avec-la-participation-de-350-jeunes\\\/\"},\"wordCount\":522,\"commentCount\":0,\"image\":{\"@id\":\"https:\\\/\\\/dpress.ma\\\/fr\\\/2026\\\/08\\\/30\\\/beni-mellal-lancement-de-la-4eme-edition-du-programme-moutatawi3-avec-la-participation-de-350-jeunes\\\/#primaryimage\"},\"thumbnailUrl\":\"https:\\\/\\\/dpress.ma\\\/fr\\\/wp-content\\\/uploads\\\/sites\\\/2\\\/2026\\\/08\\\/Programme-Moutatawi3.png\",\"articleSection\":[\"societe et regions\"],\"inLanguage\":\"fr-FR\",\"potentialAction\":[{\"@type\":\"CommentAction\",\"name\":\"Comment\",\"target\":[\"https:\\\/\\\/dpress.ma\\\/fr\\\/2026\\\/08\\\/30\\\/beni-mellal-lancement-de-la-4eme-edition-du-programme-moutatawi3-avec-la-participation-de-350-jeunes\\\/#respond\"]}]},{\"@type\":\"WebPage\",\"@id\":\"https:\\\/\\\/dpress.ma\\\/fr\\\/2026\\\/08\\\/30\\\/beni-mellal-lancement-de-la-4eme-edition-du-programme-moutatawi3-avec-la-participation-de-350-jeunes\\\/\",\"url\":\"https:\\\/\\\/dpress.ma\\\/fr\\\/2026\\\/08\\\/30\\\/beni-mellal-lancement-de-la-4eme-edition-du-programme-moutatawi3-avec-la-participation-de-350-jeunes\\\/\",\"name\":\"B\u00e9ni Mellal : Lancement de la 4\u00e8me \u00e9dition du Programme \u201cMoutatawi3\u201d avec la participation de 350 jeunes - Dpress.ma\\\/fr\",\"isPartOf\":{\"@id\":\"https:\\\/\\\/dpress.ma\\\/fr\\\/#website\"},\"primaryImageOfPage\":{\"@id\":\"https:\\\/\\\/dpress.ma\\\/fr\\\/2026\\\/08\\\/30\\\/beni-mellal-lancement-de-la-4eme-edition-du-programme-moutatawi3-avec-la-participation-de-350-jeunes\\\/#primaryimage\"},\"image\":{\"@id\":\"https:\\\/\\\/dpress.ma\\\/fr\\\/2026\\\/08\\\/30\\\/beni-mellal-lancement-de-la-4eme-edition-du-programme-moutatawi3-avec-la-participation-de-350-jeunes\\\/#primaryimage\"},\"thumbnailUrl\":\"https:\\\/\\\/dpress.ma\\\/fr\\\/wp-content\\\/uploads\\\/sites\\\/2\\\/2026\\\/08\\\/Programme-Moutatawi3.png\",\"datePublished\":\"2026-08-30T17:24:00+00:00\",\"dateModified\":\"2026-08-30T17:56:42+00:00\",\"author\":{\"@id\":\"https:\\\/\\\/dpress.ma\\\/fr\\\/#\\\/schema\\\/person\\\/4898febf3ccd59e6578d838656a306a0\"},\"breadcrumb\":{\"@id\":\"https:\\\/\\\/dpress.ma\\\/fr\\\/2026\\\/08\\\/30\\\/beni-mellal-lancement-de-la-4eme-edition-du-programme-moutatawi3-avec-la-participation-de-350-jeunes\\\/#breadcrumb\"},\"inLanguage\":\"fr-FR\",\"potentialAction\":[{\"@type\":\"ReadAction\",\"target\":[\"https:\\\/\\\/dpress.ma\\\/fr\\\/2026\\\/08\\\/30\\\/beni-mellal-lancement-de-la-4eme-edition-du-programme-moutatawi3-avec-la-participation-de-350-jeunes\\\/\"]}]},{\"@type\":\"ImageObject\",\"inLanguage\":\"fr-FR\",\"@id\":\"https:\\\/\\\/dpress.ma\\\/fr\\\/2026\\\/08\\\/30\\\/beni-mellal-lancement-de-la-4eme-edition-du-programme-moutatawi3-avec-la-participation-de-350-jeunes\\\/#primaryimage\",\"url\":\"https:\\\/\\\/dpress.ma\\\/fr\\\/wp-content\\\/uploads\\\/sites\\\/2\\\/2026\\\/08\\\/Programme-Moutatawi3.png\",\"contentUrl\":\"https:\\\/\\\/dpress.ma\\\/fr\\\/wp-content\\\/uploads\\\/sites\\\/2\\\/2026\\\/08\\\/Programme-Moutatawi3.png\",\"width\":780,\"height\":470},{\"@type\":\"BreadcrumbList\",\"@id\":\"https:\\\/\\\/dpress.ma\\\/fr\\\/2026\\\/08\\\/30\\\/beni-mellal-lancement-de-la-4eme-edition-du-programme-moutatawi3-avec-la-participation-de-350-jeunes\\\/#breadcrumb\",\"itemListElement\":[{\"@type\":\"ListItem\",\"position\":1,\"name\":\"Home\",\"item\":\"https:\\\/\\\/dpress.ma\\\/fr\\\/\"},{\"@type\":\"ListItem\",\"position\":2,\"name\":\"B\u00e9ni Mellal : Lancement de la 4\u00e8me \u00e9dition du Programme \u201cMoutatawi3\u201d avec la participation de 350 jeunes\"}]},{\"@type\":\"WebSite\",\"@id\":\"https:\\\/\\\/dpress.ma\\\/fr\\\/#website\",\"url\":\"https:\\\/\\\/dpress.ma\\\/fr\\\/\",\"name\":\"Dpress.ma\\\/fr\",\"description\":\"\",\"potentialAction\":[{\"@type\":\"SearchAction\",\"target\":{\"@type\":\"EntryPoint\",\"urlTemplate\":\"https:\\\/\\\/dpress.ma\\\/fr\\\/?s={search_term_string}\"},\"query-input\":{\"@type\":\"PropertyValueSpecification\",\"valueRequired\":true,\"valueName\":\"search_term_string\"}}],\"inLanguage\":\"fr-FR\"},{\"@type\":\"Person\",\"@id\":\"https:\\\/\\\/dpress.ma\\\/fr\\\/#\\\/schema\\\/person\\\/4898febf3ccd59e6578d838656a306a0\",\"name\":\"Dpress.ma\",\"image\":{\"@type\":\"ImageObject\",\"inLanguage\":\"fr-FR\",\"@id\":\"https:\\\/\\\/secure.gravatar.com\\\/avatar\\\/72ecc30e9db047a2e0e7176561eb9d564ed77c8108376495b19bd8336405198a?s=96&d=mm&r=g\",\"url\":\"https:\\\/\\\/secure.gravatar.com\\\/avatar\\\/72ecc30e9db047a2e0e7176561eb9d564ed77c8108376495b19bd8336405198a?s=96&d=mm&r=g\",\"contentUrl\":\"https:\\\/\\\/secure.gravatar.com\\\/avatar\\\/72ecc30e9db047a2e0e7176561eb9d564ed77c8108376495b19bd8336405198a?s=96&d=mm&r=g\",\"caption\":\"Dpress.ma\"},\"sameAs\":[\"https:\\\/\\\/www.dpress.ma\"],\"url\":\"https:\\\/\\\/dpress.ma\\\/fr\\\/author\\\/dpress-ma\\\/\"}]}<\/script>\n<!-- \/ Yoast SEO plugin. -->","yoast_head_json":{"title":"B\u00e9ni Mellal : Lancement de la 4\u00e8me \u00e9dition du Programme \u201cMoutatawi3\u201d avec la participation de 350 jeunes - Dpress.ma\/fr","robots":{"index":"index","follow":"follow","max-snippet":"max-snippet:-1","max-image-preview":"max-image-preview:large","max-video-preview":"max-video-preview:-1"},"canonical":"https:\/\/dpress.ma\/fr\/2026\/08\/30\/beni-mellal-lancement-de-la-4eme-edition-du-programme-moutatawi3-avec-la-participation-de-350-jeunes\/","og_locale":"fr_FR","og_type":"article","og_title":"B\u00e9ni Mellal : Lancement de la 4\u00e8me \u00e9dition du Programme \u201cMoutatawi3\u201d avec la participation de 350 jeunes - Dpress.ma\/fr","og_description":"Dpress &nbsp;Le coup d&rsquo;envoi des activit\u00e9s de la 4\u00e8me \u00e9dition du Programme national du volontariat \u00ab\u00a0Moutatawi3\u00a0\u00bb, au niveau de la r\u00e9gion B\u00e9ni Mellal-Kh\u00e9nifra, a \u00e9t\u00e9 donn\u00e9 r\u00e9cemment \u00e0 B\u00e9ni Mellal, \u00e0 la faveur d&rsquo;une s\u00e9rie d&rsquo;ateliers de formation b\u00e9n\u00e9ficiant \u00e0 quelque 350 jeunes, dans l&rsquo;optique d&rsquo;ancrer les valeurs de la citoyennet\u00e9, de l&rsquo;initiative et de &hellip;","og_url":"https:\/\/dpress.ma\/fr\/2026\/08\/30\/beni-mellal-lancement-de-la-4eme-edition-du-programme-moutatawi3-avec-la-participation-de-350-jeunes\/","og_site_name":"Dpress.ma\/fr","article_published_time":"2026-08-30T17:24:00+00:00","article_modified_time":"2026-08-30T17:56:42+00:00","og_image":[{"width":780,"height":470,"url":"https:\/\/dpress.ma\/fr\/wp-content\/uploads\/sites\/2\/2026\/08\/Programme-Moutatawi3.png","type":"image\/png"}],"author":"Dpress.ma","twitter_card":"summary_large_image","twitter_misc":{"\u00c9crit par":"Dpress.ma","Dur\u00e9e de lecture estim\u00e9e":"3 minutes"},"schema":{"@context":"https:\/\/schema.org","@graph":[{"@type":"Article","@id":"https:\/\/dpress.ma\/fr\/2026\/08\/30\/beni-mellal-lancement-de-la-4eme-edition-du-programme-moutatawi3-avec-la-participation-de-350-jeunes\/#article","isPartOf":{"@id":"https:\/\/dpress.ma\/fr\/2026\/08\/30\/beni-mellal-lancement-de-la-4eme-edition-du-programme-moutatawi3-avec-la-participation-de-350-jeunes\/"},"author":{"name":"Dpress.ma","@id":"https:\/\/dpress.ma\/fr\/#\/schema\/person\/4898febf3ccd59e6578d838656a306a0"},"headline":"B\u00e9ni Mellal : Lancement de la 4\u00e8me \u00e9dition du Programme \u201cMoutatawi3\u201d avec la participation de 350 jeunes","datePublished":"2026-08-30T17:24:00+00:00","dateModified":"2026-08-30T17:56:42+00:00","mainEntityOfPage":{"@id":"https:\/\/dpress.ma\/fr\/2026\/08\/30\/beni-mellal-lancement-de-la-4eme-edition-du-programme-moutatawi3-avec-la-participation-de-350-jeunes\/"},"wordCount":522,"commentCount":0,"image":{"@id":"https:\/\/dpress.ma\/fr\/2026\/08\/30\/beni-mellal-lancement-de-la-4eme-edition-du-programme-moutatawi3-avec-la-participation-de-350-jeunes\/#primaryimage"},"thumbnailUrl":"https:\/\/dpress.ma\/fr\/wp-content\/uploads\/sites\/2\/2026\/08\/Programme-Moutatawi3.png","articleSection":["societe et regions"],"inLanguage":"fr-FR","potentialAction":[{"@type":"CommentAction","name":"Comment","target":["https:\/\/dpress.ma\/fr\/2026\/08\/30\/beni-mellal-lancement-de-la-4eme-edition-du-programme-moutatawi3-avec-la-participation-de-350-jeunes\/#respond"]}]},{"@type":"WebPage","@id":"https:\/\/dpress.ma\/fr\/2026\/08\/30\/beni-mellal-lancement-de-la-4eme-edition-du-programme-moutatawi3-avec-la-participation-de-350-jeunes\/","url":"https:\/\/dpress.ma\/fr\/2026\/08\/30\/beni-mellal-lancement-de-la-4eme-edition-du-programme-moutatawi3-avec-la-participation-de-350-jeunes\/","name":"B\u00e9ni Mellal : Lancement de la 4\u00e8me \u00e9dition du Programme \u201cMoutatawi3\u201d avec la participation de 350 jeunes - Dpress.ma\/fr","isPartOf":{"@id":"https:\/\/dpress.ma\/fr\/#website"},"primaryImageOfPage":{"@id":"https:\/\/dpress.ma\/fr\/2026\/08\/30\/beni-mellal-lancement-de-la-4eme-edition-du-programme-moutatawi3-avec-la-participation-de-350-jeunes\/#primaryimage"},"image":{"@id":"https:\/\/dpress.ma\/fr\/2026\/08\/30\/beni-mellal-lancement-de-la-4eme-edition-du-programme-moutatawi3-avec-la-participation-de-350-jeunes\/#primaryimage"},"thumbnailUrl":"https:\/\/dpress.ma\/fr\/wp-content\/uploads\/sites\/2\/2026\/08\/Programme-Moutatawi3.png","datePublished":"2026-08-30T17:24:00+00:00","dateModified":"2026-08-30T17:56:42+00:00","author":{"@id":"https:\/\/dpress.ma\/fr\/#\/schema\/person\/4898febf3ccd59e6578d838656a306a0"},"breadcrumb":{"@id":"https:\/\/dpress.ma\/fr\/2026\/08\/30\/beni-mellal-lancement-de-la-4eme-edition-du-programme-moutatawi3-avec-la-participation-de-350-jeunes\/#breadcrumb"},"inLanguage":"fr-FR","potentialAction":[{"@type":"ReadAction","target":["https:\/\/dpress.ma\/fr\/2026\/08\/30\/beni-mellal-lancement-de-la-4eme-edition-du-programme-moutatawi3-avec-la-participation-de-350-jeunes\/"]}]},{"@type":"ImageObject","inLanguage":"fr-FR","@id":"https:\/\/dpress.ma\/fr\/2026\/08\/30\/beni-mellal-lancement-de-la-4eme-edition-du-programme-moutatawi3-avec-la-participation-de-350-jeunes\/#primaryimage","url":"https:\/\/dpress.ma\/fr\/wp-content\/uploads\/sites\/2\/2026\/08\/Programme-Moutatawi3.png","contentUrl":"https:\/\/dpress.ma\/fr\/wp-content\/uploads\/sites\/2\/2026\/08\/Programme-Moutatawi3.png","width":780,"height":470},{"@type":"BreadcrumbList","@id":"https:\/\/dpress.ma\/fr\/2026\/08\/30\/beni-mellal-lancement-de-la-4eme-edition-du-programme-moutatawi3-avec-la-participation-de-350-jeunes\/#breadcrumb","itemListElement":[{"@type":"ListItem","position":1,"name":"Home","item":"https:\/\/dpress.ma\/fr\/"},{"@type":"ListItem","position":2,"name":"B\u00e9ni Mellal : Lancement de la 4\u00e8me \u00e9dition du Programme \u201cMoutatawi3\u201d avec la participation de 350 jeunes"}]},{"@type":"WebSite","@id":"https:\/\/dpress.ma\/fr\/#website","url":"https:\/\/dpress.ma\/fr\/","name":"Dpress.ma\/fr","description":"","potentialAction":[{"@type":"SearchAction","target":{"@type":"EntryPoint","urlTemplate":"https:\/\/dpress.ma\/fr\/?s={search_term_string}"},"query-input":{"@type":"PropertyValueSpecification","valueRequired":true,"valueName":"search_term_string"}}],"inLanguage":"fr-FR"},{"@type":"Person","@id":"https:\/\/dpress.ma\/fr\/#\/schema\/person\/4898febf3ccd59e6578d838656a306a0","name":"Dpress.ma","image":{"@type":"ImageObject","inLanguage":"fr-FR","@id":"https:\/\/secure.gravatar.com\/avatar\/72ecc30e9db047a2e0e7176561eb9d564ed77c8108376495b19bd8336405198a?s=96&d=mm&r=g","url":"https:\/\/secure.gravatar.com\/avatar\/72ecc30e9db047a2e0e7176561eb9d564ed77c8108376495b19bd8336405198a?s=96&d=mm&r=g","contentUrl":"https:\/\/secure.gravatar.com\/avatar\/72ecc30e9db047a2e0e7176561eb9d564ed77c8108376495b19bd8336405198a?s=96&d=mm&r=g","caption":"Dpress.ma"},"sameAs":["https:\/\/www.dpress.ma"],"url":"https:\/\/dpress.ma\/fr\/author\/dpress-ma\/"}]}},"amp_enabled":true,"_links":{"self":[{"href":"https:\/\/dpress.ma\/fr\/wp-json\/wp\/v2\/posts\/38732","targetHints":{"allow":["GET"]}}],"collection":[{"href":"https:\/\/dpress.ma\/fr\/wp-json\/wp\/v2\/posts"}],"about":[{"href":"https:\/\/dpress.ma\/fr\/wp-json\/wp\/v2\/types\/post"}],"author":[{"embeddable":true,"href":"https:\/\/dpress.ma\/fr\/wp-json\/wp\/v2\/users\/2"}],"replies":[{"embeddable":true,"href":"https:\/\/dpress.ma\/fr\/wp-json\/wp\/v2\/comments?post=38732"}],"version-history":[{"count":1,"href":"https:\/\/dpress.ma\/fr\/wp-json\/wp\/v2\/posts\/38732\/revisions"}],"predecessor-version":[{"id":38734,"href":"https:\/\/dpress.ma\/fr\/wp-json\/wp\/v2\/posts\/38732\/revisions\/38734"}],"wp:featuredmedia":[{"embeddable":true,"href":"https:\/\/dpress.ma\/fr\/wp-json\/wp\/v2\/media\/38733"}],"wp:attachment":[{"href":"https:\/\/dpress.ma\/fr\/wp-json\/wp\/v2\/media?parent=38732"}],"wp:term":[{"taxonomy":"category","embeddable":true,"href":"https:\/\/dpress.ma\/fr\/wp-json\/wp\/v2\/categories?post=38732"},{"taxonomy":"post_tag","embeddable":true,"href":"https:\/\/dpress.ma\/fr\/wp-json\/wp\/v2\/tags?post=38732"}],"curies":[{"name":"wp","href":"https:\/\/api.w.org\/{rel}","templated":true}]}}