{"id":38730,"date":"2026-08-30T08:34:00","date_gmt":"2026-08-30T08:34:00","guid":{"rendered":"https:\/\/dpress.ma\/fr\/?p=38730"},"modified":"2026-08-31T09:16:55","modified_gmt":"2026-08-31T09:16:55","slug":"le-maroc-et-le-senegal-entretiennent-une-relation-unique-en-afrique-ministre-senegalais-des-ae","status":"publish","type":"post","link":"https:\/\/dpress.ma\/fr\/2026\/08\/30\/le-maroc-et-le-senegal-entretiennent-une-relation-unique-en-afrique-ministre-senegalais-des-ae\/","title":{"rendered":"Le Maroc et le S\u00e9n\u00e9gal entretiennent une \u201crelation unique en Afrique\u201d"},"content":{"rendered":"\n<p class=\"wp-block-paragraph\">Dpress<\/p>\n\n\n\n<p class=\"wp-block-paragraph\">&nbsp;Le Maroc et le S\u00e9n\u00e9gal entretiennent des relations denses, riches et constantes et rev\u00eatent un caract\u00e8re unique en Afrique, a affirm\u00e9 le ministre s\u00e9n\u00e9galais de l&rsquo;Int\u00e9gration africaine, des Affaires \u00e9trang\u00e8res et des S\u00e9n\u00e9galais de l&rsquo;Ext\u00e9rieur, Cheikh Niang.<\/p>\n\n\n\n<p class=\"wp-block-paragraph\">\u00ab\u00a0C\u2019est une relation fusionnelle qui \u00e9volue selon les attentes de nos deux chefs d\u2019Etat\u00a0\u00bb, a soulign\u00e9 M. Niang \u00e0 l\u2019issue de son entretien, samedi \u00e0 Luanda, avec le ministre des Affaires \u00e9trang\u00e8res, de la Coop\u00e9ration africaine et des Marocains r\u00e9sidant \u00e0 l\u2019\u00e9tranger, Nasser Bourita.<\/p>\n\n\n\n<p class=\"wp-block-paragraph\">Dans une d\u00e9claration \u00e0 la presse \u00e0 l\u2019issue de cet entretien, tenu en marge de la 26\u00e8me session extraordinaire du Conseil ex\u00e9cutif de l\u2019Union africaine (UA), il s\u2019est r\u00e9joui de \u00ab\u00a0l\u2019excellence de la coop\u00e9ration entre nos deux pays, de la constance de l\u2019amiti\u00e9 entre les peuples marocain et s\u00e9n\u00e9galais et de ce caract\u00e8re unique que nous avons en Afrique, d\u2019\u00c9tat \u00e0 \u00c9tat, entre le Maroc et le S\u00e9n\u00e9gal\u00a0\u00bb.<\/p>\n\n\n\n<p class=\"wp-block-paragraph\">Mettant l\u2019accent sur la d\u00e9termination des deux parties \u00e0 continuer dans cette m\u00eame dynamique, il a indiqu\u00e9 que l\u2019entretien a \u00e9t\u00e9 l\u2019occasion d\u2019\u00e9voquer beaucoup de sujets d\u2019int\u00e9r\u00eat commun \u00ab\u00a0et sur tous les sujets que nous avons \u00e9voqu\u00e9s, nous avons not\u00e9 des convergences communes\u00a0\u00bb.<\/p>\n\n\n\n<p class=\"wp-block-paragraph\">\u00ab\u00a0Aucun d\u00e9saccord. C\u2019est dire que cette coop\u00e9ration est comme elle a \u00e9t\u00e9 auparavant et nous avons la d\u00e9termination de la porter encore beaucoup plus loin\u00a0\u00bb, a-t-il relev\u00e9.<\/p>\n\n\n\n<p class=\"wp-block-paragraph\">De son c\u00f4t\u00e9, M. Bourita a affirm\u00e9 que cette rencontre, qui s\u2019inscrit dans une tradition de concertation permanente entre les deux pays sur les questions bilat\u00e9rales, r\u00e9gionales et continentales, a permis d\u2019\u00e9voquer les orientations claires des Chefs d\u2019\u00c9tat des deux pays, Sa Majest\u00e9 le Roi Mohammed VI et le pr\u00e9sident s\u00e9n\u00e9galais \u00ab\u00a0pour que l\u2019agenda de cette relation bilat\u00e9rale circulaire soit toujours enrichie, soit toujours dynamique entre nos deux pays\u00a0\u00bb.<\/p>\n\n\n\n<p class=\"wp-block-paragraph\">\u00ab\u00a0Tout ce qu\u2019on pourra faire serait moindre que ce que m\u00e9rite cette relation bilat\u00e9rale qui est unique. Aucun pays en Afrique n\u2019a la m\u00eame relation que celle que le Maroc et le S\u00e9n\u00e9gal ont d\u00e9velopp\u00e9e au cours des d\u00e9cennies\u00a0\u00bb, a expliqu\u00e9 le ministre.<\/p>\n\n\n\n<p class=\"wp-block-paragraph\">Il a pr\u00e9cis\u00e9 que les deux parties ont \u00e9galement discut\u00e9 de la feuille de route de la relation bilat\u00e9rale et des moyens de la mettre en \u0153uvre, mais aussi de dynamiser les diff\u00e9rents m\u00e9canismes de cette coop\u00e9ration bilat\u00e9rale.<\/p>\n\n\n\n<p class=\"wp-block-paragraph\">\u00ab\u00a0Nous avons aussi soulign\u00e9 la coordination permanente sur les questions du Sahel, de l\u2019Afrique Atlantique et aussi de questions r\u00e9gionales et multilat\u00e9rales li\u00e9es au continent africain\u00a0\u00bb, a indiqu\u00e9 M. Bourita.<\/p>\n","protected":false},"excerpt":{"rendered":"<p>Dpress &nbsp;Le Maroc et le S\u00e9n\u00e9gal entretiennent des relations denses, riches et constantes et rev\u00eatent un caract\u00e8re unique en Afrique, a affirm\u00e9 le ministre s\u00e9n\u00e9galais de l&rsquo;Int\u00e9gration africaine, des Affaires \u00e9trang\u00e8res et des S\u00e9n\u00e9galais de l&rsquo;Ext\u00e9rieur, Cheikh Niang. \u00ab\u00a0C\u2019est une relation fusionnelle qui \u00e9volue selon les attentes de nos deux chefs d\u2019Etat\u00a0\u00bb, a soulign\u00e9 M. &hellip;<\/p>\n","protected":false},"author":2,"featured_media":38725,"comment_status":"open","ping_status":"open","sticky":false,"template":"","format":"standard","meta":{"footnotes":""},"categories":[26],"tags":[],"class_list":["post-38730","post","type-post","status-publish","format-standard","has-post-thumbnail","hentry","category-politiques"],"yoast_head":"<!-- This site is optimized with the Yoast SEO plugin v28.0 - https:\/\/yoast.com\/product\/yoast-seo-wordpress\/ -->\n<title>Le Maroc et le S\u00e9n\u00e9gal entretiennent une \u201crelation unique en Afrique\u201d - Dpress.ma\/fr<\/title>\n<meta name=\"robots\" content=\"index, follow, max-snippet:-1, max-image-preview:large, max-video-preview:-1\" \/>\n<link rel=\"canonical\" href=\"https:\/\/dpress.ma\/fr\/2026\/08\/30\/le-maroc-et-le-senegal-entretiennent-une-relation-unique-en-afrique-ministre-senegalais-des-ae\/\" \/>\n<meta property=\"og:locale\" content=\"fr_FR\" \/>\n<meta property=\"og:type\" content=\"article\" \/>\n<meta property=\"og:title\" content=\"Le Maroc et le S\u00e9n\u00e9gal entretiennent une \u201crelation unique en Afrique\u201d - Dpress.ma\/fr\" \/>\n<meta property=\"og:description\" content=\"Dpress &nbsp;Le Maroc et le S\u00e9n\u00e9gal entretiennent des relations denses, riches et constantes et rev\u00eatent un caract\u00e8re unique en Afrique, a affirm\u00e9 le ministre s\u00e9n\u00e9galais de l&rsquo;Int\u00e9gration africaine, des Affaires \u00e9trang\u00e8res et des S\u00e9n\u00e9galais de l&rsquo;Ext\u00e9rieur, Cheikh Niang. \u00ab\u00a0C\u2019est une relation fusionnelle qui \u00e9volue selon les attentes de nos deux chefs d\u2019Etat\u00a0\u00bb, a soulign\u00e9 M. &hellip;\" \/>\n<meta property=\"og:url\" content=\"https:\/\/dpress.ma\/fr\/2026\/08\/30\/le-maroc-et-le-senegal-entretiennent-une-relation-unique-en-afrique-ministre-senegalais-des-ae\/\" \/>\n<meta property=\"og:site_name\" content=\"Dpress.ma\/fr\" \/>\n<meta property=\"article:published_time\" content=\"2026-08-30T08:34:00+00:00\" \/>\n<meta property=\"article:modified_time\" content=\"2026-08-31T09:16:55+00:00\" \/>\n<meta property=\"og:image\" content=\"https:\/\/dpress.ma\/fr\/wp-content\/uploads\/sites\/2\/2026\/08\/bouritta.png\" \/>\n\t<meta property=\"og:image:width\" content=\"780\" \/>\n\t<meta property=\"og:image:height\" content=\"470\" \/>\n\t<meta property=\"og:image:type\" content=\"image\/png\" \/>\n<meta name=\"author\" content=\"Dpress.ma\" \/>\n<meta name=\"twitter:card\" content=\"summary_large_image\" \/>\n<meta name=\"twitter:label1\" content=\"\u00c9crit par\" \/>\n\t<meta name=\"twitter:data1\" content=\"Dpress.ma\" \/>\n\t<meta name=\"twitter:label2\" content=\"Dur\u00e9e de lecture estim\u00e9e\" \/>\n\t<meta name=\"twitter:data2\" content=\"3 minutes\" \/>\n<script type=\"application\/ld+json\" class=\"yoast-schema-graph\">{\"@context\":\"https:\\\/\\\/schema.org\",\"@graph\":[{\"@type\":\"Article\",\"@id\":\"https:\\\/\\\/dpress.ma\\\/fr\\\/2026\\\/08\\\/30\\\/le-maroc-et-le-senegal-entretiennent-une-relation-unique-en-afrique-ministre-senegalais-des-ae\\\/#article\",\"isPartOf\":{\"@id\":\"https:\\\/\\\/dpress.ma\\\/fr\\\/2026\\\/08\\\/30\\\/le-maroc-et-le-senegal-entretiennent-une-relation-unique-en-afrique-ministre-senegalais-des-ae\\\/\"},\"author\":{\"name\":\"Dpress.ma\",\"@id\":\"https:\\\/\\\/dpress.ma\\\/fr\\\/#\\\/schema\\\/person\\\/4898febf3ccd59e6578d838656a306a0\"},\"headline\":\"Le Maroc et le S\u00e9n\u00e9gal entretiennent une \u201crelation unique en Afrique\u201d\",\"datePublished\":\"2026-08-30T08:34:00+00:00\",\"dateModified\":\"2026-08-31T09:16:55+00:00\",\"mainEntityOfPage\":{\"@id\":\"https:\\\/\\\/dpress.ma\\\/fr\\\/2026\\\/08\\\/30\\\/le-maroc-et-le-senegal-entretiennent-une-relation-unique-en-afrique-ministre-senegalais-des-ae\\\/\"},\"wordCount\":485,\"commentCount\":0,\"image\":{\"@id\":\"https:\\\/\\\/dpress.ma\\\/fr\\\/2026\\\/08\\\/30\\\/le-maroc-et-le-senegal-entretiennent-une-relation-unique-en-afrique-ministre-senegalais-des-ae\\\/#primaryimage\"},\"thumbnailUrl\":\"https:\\\/\\\/dpress.ma\\\/fr\\\/wp-content\\\/uploads\\\/sites\\\/2\\\/2026\\\/08\\\/bouritta.png\",\"articleSection\":[\"Politiques\"],\"inLanguage\":\"fr-FR\",\"potentialAction\":[{\"@type\":\"CommentAction\",\"name\":\"Comment\",\"target\":[\"https:\\\/\\\/dpress.ma\\\/fr\\\/2026\\\/08\\\/30\\\/le-maroc-et-le-senegal-entretiennent-une-relation-unique-en-afrique-ministre-senegalais-des-ae\\\/#respond\"]}]},{\"@type\":\"WebPage\",\"@id\":\"https:\\\/\\\/dpress.ma\\\/fr\\\/2026\\\/08\\\/30\\\/le-maroc-et-le-senegal-entretiennent-une-relation-unique-en-afrique-ministre-senegalais-des-ae\\\/\",\"url\":\"https:\\\/\\\/dpress.ma\\\/fr\\\/2026\\\/08\\\/30\\\/le-maroc-et-le-senegal-entretiennent-une-relation-unique-en-afrique-ministre-senegalais-des-ae\\\/\",\"name\":\"Le Maroc et le S\u00e9n\u00e9gal entretiennent une \u201crelation unique en Afrique\u201d - Dpress.ma\\\/fr\",\"isPartOf\":{\"@id\":\"https:\\\/\\\/dpress.ma\\\/fr\\\/#website\"},\"primaryImageOfPage\":{\"@id\":\"https:\\\/\\\/dpress.ma\\\/fr\\\/2026\\\/08\\\/30\\\/le-maroc-et-le-senegal-entretiennent-une-relation-unique-en-afrique-ministre-senegalais-des-ae\\\/#primaryimage\"},\"image\":{\"@id\":\"https:\\\/\\\/dpress.ma\\\/fr\\\/2026\\\/08\\\/30\\\/le-maroc-et-le-senegal-entretiennent-une-relation-unique-en-afrique-ministre-senegalais-des-ae\\\/#primaryimage\"},\"thumbnailUrl\":\"https:\\\/\\\/dpress.ma\\\/fr\\\/wp-content\\\/uploads\\\/sites\\\/2\\\/2026\\\/08\\\/bouritta.png\",\"datePublished\":\"2026-08-30T08:34:00+00:00\",\"dateModified\":\"2026-08-31T09:16:55+00:00\",\"author\":{\"@id\":\"https:\\\/\\\/dpress.ma\\\/fr\\\/#\\\/schema\\\/person\\\/4898febf3ccd59e6578d838656a306a0\"},\"breadcrumb\":{\"@id\":\"https:\\\/\\\/dpress.ma\\\/fr\\\/2026\\\/08\\\/30\\\/le-maroc-et-le-senegal-entretiennent-une-relation-unique-en-afrique-ministre-senegalais-des-ae\\\/#breadcrumb\"},\"inLanguage\":\"fr-FR\",\"potentialAction\":[{\"@type\":\"ReadAction\",\"target\":[\"https:\\\/\\\/dpress.ma\\\/fr\\\/2026\\\/08\\\/30\\\/le-maroc-et-le-senegal-entretiennent-une-relation-unique-en-afrique-ministre-senegalais-des-ae\\\/\"]}]},{\"@type\":\"ImageObject\",\"inLanguage\":\"fr-FR\",\"@id\":\"https:\\\/\\\/dpress.ma\\\/fr\\\/2026\\\/08\\\/30\\\/le-maroc-et-le-senegal-entretiennent-une-relation-unique-en-afrique-ministre-senegalais-des-ae\\\/#primaryimage\",\"url\":\"https:\\\/\\\/dpress.ma\\\/fr\\\/wp-content\\\/uploads\\\/sites\\\/2\\\/2026\\\/08\\\/bouritta.png\",\"contentUrl\":\"https:\\\/\\\/dpress.ma\\\/fr\\\/wp-content\\\/uploads\\\/sites\\\/2\\\/2026\\\/08\\\/bouritta.png\",\"width\":780,\"height\":470},{\"@type\":\"BreadcrumbList\",\"@id\":\"https:\\\/\\\/dpress.ma\\\/fr\\\/2026\\\/08\\\/30\\\/le-maroc-et-le-senegal-entretiennent-une-relation-unique-en-afrique-ministre-senegalais-des-ae\\\/#breadcrumb\",\"itemListElement\":[{\"@type\":\"ListItem\",\"position\":1,\"name\":\"Home\",\"item\":\"https:\\\/\\\/dpress.ma\\\/fr\\\/\"},{\"@type\":\"ListItem\",\"position\":2,\"name\":\"Le Maroc et le S\u00e9n\u00e9gal entretiennent une \u201crelation unique en Afrique\u201d\"}]},{\"@type\":\"WebSite\",\"@id\":\"https:\\\/\\\/dpress.ma\\\/fr\\\/#website\",\"url\":\"https:\\\/\\\/dpress.ma\\\/fr\\\/\",\"name\":\"Dpress.ma\\\/fr\",\"description\":\"\",\"potentialAction\":[{\"@type\":\"SearchAction\",\"target\":{\"@type\":\"EntryPoint\",\"urlTemplate\":\"https:\\\/\\\/dpress.ma\\\/fr\\\/?s={search_term_string}\"},\"query-input\":{\"@type\":\"PropertyValueSpecification\",\"valueRequired\":true,\"valueName\":\"search_term_string\"}}],\"inLanguage\":\"fr-FR\"},{\"@type\":\"Person\",\"@id\":\"https:\\\/\\\/dpress.ma\\\/fr\\\/#\\\/schema\\\/person\\\/4898febf3ccd59e6578d838656a306a0\",\"name\":\"Dpress.ma\",\"image\":{\"@type\":\"ImageObject\",\"inLanguage\":\"fr-FR\",\"@id\":\"https:\\\/\\\/secure.gravatar.com\\\/avatar\\\/72ecc30e9db047a2e0e7176561eb9d564ed77c8108376495b19bd8336405198a?s=96&d=mm&r=g\",\"url\":\"https:\\\/\\\/secure.gravatar.com\\\/avatar\\\/72ecc30e9db047a2e0e7176561eb9d564ed77c8108376495b19bd8336405198a?s=96&d=mm&r=g\",\"contentUrl\":\"https:\\\/\\\/secure.gravatar.com\\\/avatar\\\/72ecc30e9db047a2e0e7176561eb9d564ed77c8108376495b19bd8336405198a?s=96&d=mm&r=g\",\"caption\":\"Dpress.ma\"},\"sameAs\":[\"https:\\\/\\\/www.dpress.ma\"],\"url\":\"https:\\\/\\\/dpress.ma\\\/fr\\\/author\\\/dpress-ma\\\/\"}]}<\/script>\n<!-- \/ Yoast SEO plugin. -->","yoast_head_json":{"title":"Le Maroc et le S\u00e9n\u00e9gal entretiennent une \u201crelation unique en Afrique\u201d - Dpress.ma\/fr","robots":{"index":"index","follow":"follow","max-snippet":"max-snippet:-1","max-image-preview":"max-image-preview:large","max-video-preview":"max-video-preview:-1"},"canonical":"https:\/\/dpress.ma\/fr\/2026\/08\/30\/le-maroc-et-le-senegal-entretiennent-une-relation-unique-en-afrique-ministre-senegalais-des-ae\/","og_locale":"fr_FR","og_type":"article","og_title":"Le Maroc et le S\u00e9n\u00e9gal entretiennent une \u201crelation unique en Afrique\u201d - Dpress.ma\/fr","og_description":"Dpress &nbsp;Le Maroc et le S\u00e9n\u00e9gal entretiennent des relations denses, riches et constantes et rev\u00eatent un caract\u00e8re unique en Afrique, a affirm\u00e9 le ministre s\u00e9n\u00e9galais de l&rsquo;Int\u00e9gration africaine, des Affaires \u00e9trang\u00e8res et des S\u00e9n\u00e9galais de l&rsquo;Ext\u00e9rieur, Cheikh Niang. \u00ab\u00a0C\u2019est une relation fusionnelle qui \u00e9volue selon les attentes de nos deux chefs d\u2019Etat\u00a0\u00bb, a soulign\u00e9 M. &hellip;","og_url":"https:\/\/dpress.ma\/fr\/2026\/08\/30\/le-maroc-et-le-senegal-entretiennent-une-relation-unique-en-afrique-ministre-senegalais-des-ae\/","og_site_name":"Dpress.ma\/fr","article_published_time":"2026-08-30T08:34:00+00:00","article_modified_time":"2026-08-31T09:16:55+00:00","og_image":[{"width":780,"height":470,"url":"https:\/\/dpress.ma\/fr\/wp-content\/uploads\/sites\/2\/2026\/08\/bouritta.png","type":"image\/png"}],"author":"Dpress.ma","twitter_card":"summary_large_image","twitter_misc":{"\u00c9crit par":"Dpress.ma","Dur\u00e9e de lecture estim\u00e9e":"3 minutes"},"schema":{"@context":"https:\/\/schema.org","@graph":[{"@type":"Article","@id":"https:\/\/dpress.ma\/fr\/2026\/08\/30\/le-maroc-et-le-senegal-entretiennent-une-relation-unique-en-afrique-ministre-senegalais-des-ae\/#article","isPartOf":{"@id":"https:\/\/dpress.ma\/fr\/2026\/08\/30\/le-maroc-et-le-senegal-entretiennent-une-relation-unique-en-afrique-ministre-senegalais-des-ae\/"},"author":{"name":"Dpress.ma","@id":"https:\/\/dpress.ma\/fr\/#\/schema\/person\/4898febf3ccd59e6578d838656a306a0"},"headline":"Le Maroc et le S\u00e9n\u00e9gal entretiennent une \u201crelation unique en Afrique\u201d","datePublished":"2026-08-30T08:34:00+00:00","dateModified":"2026-08-31T09:16:55+00:00","mainEntityOfPage":{"@id":"https:\/\/dpress.ma\/fr\/2026\/08\/30\/le-maroc-et-le-senegal-entretiennent-une-relation-unique-en-afrique-ministre-senegalais-des-ae\/"},"wordCount":485,"commentCount":0,"image":{"@id":"https:\/\/dpress.ma\/fr\/2026\/08\/30\/le-maroc-et-le-senegal-entretiennent-une-relation-unique-en-afrique-ministre-senegalais-des-ae\/#primaryimage"},"thumbnailUrl":"https:\/\/dpress.ma\/fr\/wp-content\/uploads\/sites\/2\/2026\/08\/bouritta.png","articleSection":["Politiques"],"inLanguage":"fr-FR","potentialAction":[{"@type":"CommentAction","name":"Comment","target":["https:\/\/dpress.ma\/fr\/2026\/08\/30\/le-maroc-et-le-senegal-entretiennent-une-relation-unique-en-afrique-ministre-senegalais-des-ae\/#respond"]}]},{"@type":"WebPage","@id":"https:\/\/dpress.ma\/fr\/2026\/08\/30\/le-maroc-et-le-senegal-entretiennent-une-relation-unique-en-afrique-ministre-senegalais-des-ae\/","url":"https:\/\/dpress.ma\/fr\/2026\/08\/30\/le-maroc-et-le-senegal-entretiennent-une-relation-unique-en-afrique-ministre-senegalais-des-ae\/","name":"Le Maroc et le S\u00e9n\u00e9gal entretiennent une \u201crelation unique en Afrique\u201d - Dpress.ma\/fr","isPartOf":{"@id":"https:\/\/dpress.ma\/fr\/#website"},"primaryImageOfPage":{"@id":"https:\/\/dpress.ma\/fr\/2026\/08\/30\/le-maroc-et-le-senegal-entretiennent-une-relation-unique-en-afrique-ministre-senegalais-des-ae\/#primaryimage"},"image":{"@id":"https:\/\/dpress.ma\/fr\/2026\/08\/30\/le-maroc-et-le-senegal-entretiennent-une-relation-unique-en-afrique-ministre-senegalais-des-ae\/#primaryimage"},"thumbnailUrl":"https:\/\/dpress.ma\/fr\/wp-content\/uploads\/sites\/2\/2026\/08\/bouritta.png","datePublished":"2026-08-30T08:34:00+00:00","dateModified":"2026-08-31T09:16:55+00:00","author":{"@id":"https:\/\/dpress.ma\/fr\/#\/schema\/person\/4898febf3ccd59e6578d838656a306a0"},"breadcrumb":{"@id":"https:\/\/dpress.ma\/fr\/2026\/08\/30\/le-maroc-et-le-senegal-entretiennent-une-relation-unique-en-afrique-ministre-senegalais-des-ae\/#breadcrumb"},"inLanguage":"fr-FR","potentialAction":[{"@type":"ReadAction","target":["https:\/\/dpress.ma\/fr\/2026\/08\/30\/le-maroc-et-le-senegal-entretiennent-une-relation-unique-en-afrique-ministre-senegalais-des-ae\/"]}]},{"@type":"ImageObject","inLanguage":"fr-FR","@id":"https:\/\/dpress.ma\/fr\/2026\/08\/30\/le-maroc-et-le-senegal-entretiennent-une-relation-unique-en-afrique-ministre-senegalais-des-ae\/#primaryimage","url":"https:\/\/dpress.ma\/fr\/wp-content\/uploads\/sites\/2\/2026\/08\/bouritta.png","contentUrl":"https:\/\/dpress.ma\/fr\/wp-content\/uploads\/sites\/2\/2026\/08\/bouritta.png","width":780,"height":470},{"@type":"BreadcrumbList","@id":"https:\/\/dpress.ma\/fr\/2026\/08\/30\/le-maroc-et-le-senegal-entretiennent-une-relation-unique-en-afrique-ministre-senegalais-des-ae\/#breadcrumb","itemListElement":[{"@type":"ListItem","position":1,"name":"Home","item":"https:\/\/dpress.ma\/fr\/"},{"@type":"ListItem","position":2,"name":"Le Maroc et le S\u00e9n\u00e9gal entretiennent une \u201crelation unique en Afrique\u201d"}]},{"@type":"WebSite","@id":"https:\/\/dpress.ma\/fr\/#website","url":"https:\/\/dpress.ma\/fr\/","name":"Dpress.ma\/fr","description":"","potentialAction":[{"@type":"SearchAction","target":{"@type":"EntryPoint","urlTemplate":"https:\/\/dpress.ma\/fr\/?s={search_term_string}"},"query-input":{"@type":"PropertyValueSpecification","valueRequired":true,"valueName":"search_term_string"}}],"inLanguage":"fr-FR"},{"@type":"Person","@id":"https:\/\/dpress.ma\/fr\/#\/schema\/person\/4898febf3ccd59e6578d838656a306a0","name":"Dpress.ma","image":{"@type":"ImageObject","inLanguage":"fr-FR","@id":"https:\/\/secure.gravatar.com\/avatar\/72ecc30e9db047a2e0e7176561eb9d564ed77c8108376495b19bd8336405198a?s=96&d=mm&r=g","url":"https:\/\/secure.gravatar.com\/avatar\/72ecc30e9db047a2e0e7176561eb9d564ed77c8108376495b19bd8336405198a?s=96&d=mm&r=g","contentUrl":"https:\/\/secure.gravatar.com\/avatar\/72ecc30e9db047a2e0e7176561eb9d564ed77c8108376495b19bd8336405198a?s=96&d=mm&r=g","caption":"Dpress.ma"},"sameAs":["https:\/\/www.dpress.ma"],"url":"https:\/\/dpress.ma\/fr\/author\/dpress-ma\/"}]}},"amp_enabled":true,"_links":{"self":[{"href":"https:\/\/dpress.ma\/fr\/wp-json\/wp\/v2\/posts\/38730","targetHints":{"allow":["GET"]}}],"collection":[{"href":"https:\/\/dpress.ma\/fr\/wp-json\/wp\/v2\/posts"}],"about":[{"href":"https:\/\/dpress.ma\/fr\/wp-json\/wp\/v2\/types\/post"}],"author":[{"embeddable":true,"href":"https:\/\/dpress.ma\/fr\/wp-json\/wp\/v2\/users\/2"}],"replies":[{"embeddable":true,"href":"https:\/\/dpress.ma\/fr\/wp-json\/wp\/v2\/comments?post=38730"}],"version-history":[{"count":3,"href":"https:\/\/dpress.ma\/fr\/wp-json\/wp\/v2\/posts\/38730\/revisions"}],"predecessor-version":[{"id":38746,"href":"https:\/\/dpress.ma\/fr\/wp-json\/wp\/v2\/posts\/38730\/revisions\/38746"}],"wp:featuredmedia":[{"embeddable":true,"href":"https:\/\/dpress.ma\/fr\/wp-json\/wp\/v2\/media\/38725"}],"wp:attachment":[{"href":"https:\/\/dpress.ma\/fr\/wp-json\/wp\/v2\/media?parent=38730"}],"wp:term":[{"taxonomy":"category","embeddable":true,"href":"https:\/\/dpress.ma\/fr\/wp-json\/wp\/v2\/categories?post=38730"},{"taxonomy":"post_tag","embeddable":true,"href":"https:\/\/dpress.ma\/fr\/wp-json\/wp\/v2\/tags?post=38730"}],"curies":[{"name":"wp","href":"https:\/\/api.w.org\/{rel}","templated":true}]}}