{"id":3870,"date":"2023-03-04T10:55:28","date_gmt":"2023-03-04T10:55:28","guid":{"rendered":"https:\/\/dpress.ma\/fr\/?p=3870"},"modified":"2023-03-04T10:55:30","modified_gmt":"2023-03-04T10:55:30","slug":"le-president-de-la-chambre-des-conseillers-en-visite-en-pologne-du-06-au-10-mars","status":"publish","type":"post","link":"https:\/\/dpress.ma\/fr\/2023\/03\/04\/le-president-de-la-chambre-des-conseillers-en-visite-en-pologne-du-06-au-10-mars\/","title":{"rendered":"Le pr\u00e9sident de la Chambre des Conseillers en visite en Pologne du 06 au 10 mars"},"content":{"rendered":"\n<p>Dpress<\/p>\n\n\n\n<p>Le pr\u00e9sident de la Chambre des Conseillers, Enaam Mayara, effectue une visite officielle \u00e0 la R\u00e9publique de Pologne du 06 au 10 courant \u00e0 la t\u00eate d\u2019une d\u00e9l\u00e9gation.<\/p>\n\n\n\n<p>Cette visite, qui r\u00e9pond \u00e0 l\u2019invitation du pr\u00e9sident du S\u00e9nat polonais, Tomasz Grodzki, s\u2019inscrit dans le cadre du renforcement des relations entre le Royaume et la R\u00e9publique de Pologne qui sont fond\u00e9es, sous les auspices de SM le Roi Mohammed VI et du pr\u00e9sident Andrzej Duda, sur des bases d\u2019amiti\u00e9 et coop\u00e9ration fructueuses, de soutien et de respect mutuel, indique la Chambre dans un communiqu\u00e9.<\/p>\n\n\n\n<p>Cette visite intervient \u00e9galement en ex\u00e9cution des contenus du communiqu\u00e9 conjoint ayant couronn\u00e9 la derni\u00e8re visite de M. Grodzki au Royaume en mai 2022, et qui a constitu\u00e9 une nouvelle pierre angulaire dans la voie du renforcement des relations parlementaires entre les deux pays amis, guid\u00e9s par les directives Royales \u00e9clair\u00e9es de SM le Roi visant \u00e0 diversifier les partenariats et \u00e0 s\u2019ouvrir sur les pays de l\u2019Europe de l\u2019Est, rel\u00e8ve la m\u00eame source.<\/p>\n\n\n\n<p>La d\u00e9l\u00e9gation accompagnant M. Mayara comprend, Abdelilah Hafdi, (questeur de la Chambre des conseillers), Safia Belfakih (secr\u00e9taire), El Assad Zerouali (secr\u00e9taire g\u00e9n\u00e9ral de la Chambre), Zakaria El Hanini (Chef du cabinet du pr\u00e9sident), Saad El Ghazi (directeur des Relations ext\u00e9rieures et de la Communication) et Hassan Boutassoufra (membre du cabinet du pr\u00e9sident, pr\u00e9cise-t-on.<\/p>\n","protected":false},"excerpt":{"rendered":"<p>Dpress Le pr\u00e9sident de la Chambre des Conseillers, Enaam Mayara, effectue une visite officielle \u00e0 la R\u00e9publique de Pologne du 06 au 10 courant \u00e0 la t\u00eate d\u2019une d\u00e9l\u00e9gation. Cette visite, qui r\u00e9pond \u00e0 l\u2019invitation du pr\u00e9sident du S\u00e9nat polonais, Tomasz Grodzki, s\u2019inscrit dans le cadre du renforcement des relations entre le Royaume et la &hellip;<\/p>\n","protected":false},"author":2,"featured_media":3761,"comment_status":"open","ping_status":"open","sticky":false,"template":"","format":"standard","meta":{"footnotes":""},"categories":[34],"tags":[],"class_list":["post-3870","post","type-post","status-publish","format-standard","has-post-thumbnail","hentry","category-diplomatie-parlementaire"],"yoast_head":"<!-- This site is optimized with the Yoast SEO plugin v27.5 - https:\/\/yoast.com\/product\/yoast-seo-wordpress\/ -->\n<title>Le pr\u00e9sident de la Chambre des Conseillers en visite en Pologne du 06 au 10 mars - Dpress.ma\/fr<\/title>\n<meta name=\"robots\" content=\"index, follow, max-snippet:-1, max-image-preview:large, max-video-preview:-1\" \/>\n<link rel=\"canonical\" href=\"https:\/\/dpress.ma\/fr\/2023\/03\/04\/le-president-de-la-chambre-des-conseillers-en-visite-en-pologne-du-06-au-10-mars\/\" \/>\n<meta property=\"og:locale\" content=\"fr_FR\" \/>\n<meta property=\"og:type\" content=\"article\" \/>\n<meta property=\"og:title\" content=\"Le pr\u00e9sident de la Chambre des Conseillers en visite en Pologne du 06 au 10 mars - Dpress.ma\/fr\" \/>\n<meta property=\"og:description\" content=\"Dpress Le pr\u00e9sident de la Chambre des Conseillers, Enaam Mayara, effectue une visite officielle \u00e0 la R\u00e9publique de Pologne du 06 au 10 courant \u00e0 la t\u00eate d\u2019une d\u00e9l\u00e9gation. Cette visite, qui r\u00e9pond \u00e0 l\u2019invitation du pr\u00e9sident du S\u00e9nat polonais, Tomasz Grodzki, s\u2019inscrit dans le cadre du renforcement des relations entre le Royaume et la &hellip;\" \/>\n<meta property=\"og:url\" content=\"https:\/\/dpress.ma\/fr\/2023\/03\/04\/le-president-de-la-chambre-des-conseillers-en-visite-en-pologne-du-06-au-10-mars\/\" \/>\n<meta property=\"og:site_name\" content=\"Dpress.ma\/fr\" \/>\n<meta property=\"article:published_time\" content=\"2023-03-04T10:55:28+00:00\" \/>\n<meta property=\"article:modified_time\" content=\"2023-03-04T10:55:30+00:00\" \/>\n<meta property=\"og:image\" content=\"https:\/\/dpress.ma\/fr\/wp-content\/uploads\/sites\/2\/2023\/02\/dimensions2-60.jpg\" \/>\n\t<meta property=\"og:image:width\" content=\"2539\" \/>\n\t<meta property=\"og:image:height\" content=\"1594\" \/>\n\t<meta property=\"og:image:type\" content=\"image\/jpeg\" \/>\n<meta name=\"author\" content=\"Dpress.ma\" \/>\n<meta name=\"twitter:card\" content=\"summary_large_image\" \/>\n<meta name=\"twitter:label1\" content=\"\u00c9crit par\" \/>\n\t<meta name=\"twitter:data1\" content=\"Dpress.ma\" \/>\n\t<meta name=\"twitter:label2\" content=\"Dur\u00e9e de lecture estim\u00e9e\" \/>\n\t<meta name=\"twitter:data2\" content=\"2 minutes\" \/>\n<script type=\"application\/ld+json\" class=\"yoast-schema-graph\">{\"@context\":\"https:\\\/\\\/schema.org\",\"@graph\":[{\"@type\":\"Article\",\"@id\":\"https:\\\/\\\/dpress.ma\\\/fr\\\/2023\\\/03\\\/04\\\/le-president-de-la-chambre-des-conseillers-en-visite-en-pologne-du-06-au-10-mars\\\/#article\",\"isPartOf\":{\"@id\":\"https:\\\/\\\/dpress.ma\\\/fr\\\/2023\\\/03\\\/04\\\/le-president-de-la-chambre-des-conseillers-en-visite-en-pologne-du-06-au-10-mars\\\/\"},\"author\":{\"name\":\"Dpress.ma\",\"@id\":\"https:\\\/\\\/dpress.ma\\\/fr\\\/#\\\/schema\\\/person\\\/4898febf3ccd59e6578d838656a306a0\"},\"headline\":\"Le pr\u00e9sident de la Chambre des Conseillers en visite en Pologne du 06 au 10 mars\",\"datePublished\":\"2023-03-04T10:55:28+00:00\",\"dateModified\":\"2023-03-04T10:55:30+00:00\",\"mainEntityOfPage\":{\"@id\":\"https:\\\/\\\/dpress.ma\\\/fr\\\/2023\\\/03\\\/04\\\/le-president-de-la-chambre-des-conseillers-en-visite-en-pologne-du-06-au-10-mars\\\/\"},\"wordCount\":263,\"commentCount\":0,\"image\":{\"@id\":\"https:\\\/\\\/dpress.ma\\\/fr\\\/2023\\\/03\\\/04\\\/le-president-de-la-chambre-des-conseillers-en-visite-en-pologne-du-06-au-10-mars\\\/#primaryimage\"},\"thumbnailUrl\":\"https:\\\/\\\/dpress.ma\\\/fr\\\/wp-content\\\/uploads\\\/sites\\\/2\\\/2023\\\/02\\\/dimensions2-60.jpg\",\"articleSection\":[\"Diplomatie Parlementaire\"],\"inLanguage\":\"fr-FR\",\"potentialAction\":[{\"@type\":\"CommentAction\",\"name\":\"Comment\",\"target\":[\"https:\\\/\\\/dpress.ma\\\/fr\\\/2023\\\/03\\\/04\\\/le-president-de-la-chambre-des-conseillers-en-visite-en-pologne-du-06-au-10-mars\\\/#respond\"]}]},{\"@type\":\"WebPage\",\"@id\":\"https:\\\/\\\/dpress.ma\\\/fr\\\/2023\\\/03\\\/04\\\/le-president-de-la-chambre-des-conseillers-en-visite-en-pologne-du-06-au-10-mars\\\/\",\"url\":\"https:\\\/\\\/dpress.ma\\\/fr\\\/2023\\\/03\\\/04\\\/le-president-de-la-chambre-des-conseillers-en-visite-en-pologne-du-06-au-10-mars\\\/\",\"name\":\"Le pr\u00e9sident de la Chambre des Conseillers en visite en Pologne du 06 au 10 mars - Dpress.ma\\\/fr\",\"isPartOf\":{\"@id\":\"https:\\\/\\\/dpress.ma\\\/fr\\\/#website\"},\"primaryImageOfPage\":{\"@id\":\"https:\\\/\\\/dpress.ma\\\/fr\\\/2023\\\/03\\\/04\\\/le-president-de-la-chambre-des-conseillers-en-visite-en-pologne-du-06-au-10-mars\\\/#primaryimage\"},\"image\":{\"@id\":\"https:\\\/\\\/dpress.ma\\\/fr\\\/2023\\\/03\\\/04\\\/le-president-de-la-chambre-des-conseillers-en-visite-en-pologne-du-06-au-10-mars\\\/#primaryimage\"},\"thumbnailUrl\":\"https:\\\/\\\/dpress.ma\\\/fr\\\/wp-content\\\/uploads\\\/sites\\\/2\\\/2023\\\/02\\\/dimensions2-60.jpg\",\"datePublished\":\"2023-03-04T10:55:28+00:00\",\"dateModified\":\"2023-03-04T10:55:30+00:00\",\"author\":{\"@id\":\"https:\\\/\\\/dpress.ma\\\/fr\\\/#\\\/schema\\\/person\\\/4898febf3ccd59e6578d838656a306a0\"},\"breadcrumb\":{\"@id\":\"https:\\\/\\\/dpress.ma\\\/fr\\\/2023\\\/03\\\/04\\\/le-president-de-la-chambre-des-conseillers-en-visite-en-pologne-du-06-au-10-mars\\\/#breadcrumb\"},\"inLanguage\":\"fr-FR\",\"potentialAction\":[{\"@type\":\"ReadAction\",\"target\":[\"https:\\\/\\\/dpress.ma\\\/fr\\\/2023\\\/03\\\/04\\\/le-president-de-la-chambre-des-conseillers-en-visite-en-pologne-du-06-au-10-mars\\\/\"]}]},{\"@type\":\"ImageObject\",\"inLanguage\":\"fr-FR\",\"@id\":\"https:\\\/\\\/dpress.ma\\\/fr\\\/2023\\\/03\\\/04\\\/le-president-de-la-chambre-des-conseillers-en-visite-en-pologne-du-06-au-10-mars\\\/#primaryimage\",\"url\":\"https:\\\/\\\/dpress.ma\\\/fr\\\/wp-content\\\/uploads\\\/sites\\\/2\\\/2023\\\/02\\\/dimensions2-60.jpg\",\"contentUrl\":\"https:\\\/\\\/dpress.ma\\\/fr\\\/wp-content\\\/uploads\\\/sites\\\/2\\\/2023\\\/02\\\/dimensions2-60.jpg\",\"width\":2539,\"height\":1594},{\"@type\":\"BreadcrumbList\",\"@id\":\"https:\\\/\\\/dpress.ma\\\/fr\\\/2023\\\/03\\\/04\\\/le-president-de-la-chambre-des-conseillers-en-visite-en-pologne-du-06-au-10-mars\\\/#breadcrumb\",\"itemListElement\":[{\"@type\":\"ListItem\",\"position\":1,\"name\":\"Home\",\"item\":\"https:\\\/\\\/dpress.ma\\\/fr\\\/\"},{\"@type\":\"ListItem\",\"position\":2,\"name\":\"Le pr\u00e9sident de la Chambre des Conseillers en visite en Pologne du 06 au 10 mars\"}]},{\"@type\":\"WebSite\",\"@id\":\"https:\\\/\\\/dpress.ma\\\/fr\\\/#website\",\"url\":\"https:\\\/\\\/dpress.ma\\\/fr\\\/\",\"name\":\"Dpress.ma\\\/fr\",\"description\":\"\",\"potentialAction\":[{\"@type\":\"SearchAction\",\"target\":{\"@type\":\"EntryPoint\",\"urlTemplate\":\"https:\\\/\\\/dpress.ma\\\/fr\\\/?s={search_term_string}\"},\"query-input\":{\"@type\":\"PropertyValueSpecification\",\"valueRequired\":true,\"valueName\":\"search_term_string\"}}],\"inLanguage\":\"fr-FR\"},{\"@type\":\"Person\",\"@id\":\"https:\\\/\\\/dpress.ma\\\/fr\\\/#\\\/schema\\\/person\\\/4898febf3ccd59e6578d838656a306a0\",\"name\":\"Dpress.ma\",\"image\":{\"@type\":\"ImageObject\",\"inLanguage\":\"fr-FR\",\"@id\":\"https:\\\/\\\/secure.gravatar.com\\\/avatar\\\/72ecc30e9db047a2e0e7176561eb9d564ed77c8108376495b19bd8336405198a?s=96&d=mm&r=g\",\"url\":\"https:\\\/\\\/secure.gravatar.com\\\/avatar\\\/72ecc30e9db047a2e0e7176561eb9d564ed77c8108376495b19bd8336405198a?s=96&d=mm&r=g\",\"contentUrl\":\"https:\\\/\\\/secure.gravatar.com\\\/avatar\\\/72ecc30e9db047a2e0e7176561eb9d564ed77c8108376495b19bd8336405198a?s=96&d=mm&r=g\",\"caption\":\"Dpress.ma\"},\"sameAs\":[\"https:\\\/\\\/www.dpress.ma\"],\"url\":\"https:\\\/\\\/dpress.ma\\\/fr\\\/author\\\/dpress-ma\\\/\"}]}<\/script>\n<!-- \/ Yoast SEO plugin. -->","yoast_head_json":{"title":"Le pr\u00e9sident de la Chambre des Conseillers en visite en Pologne du 06 au 10 mars - Dpress.ma\/fr","robots":{"index":"index","follow":"follow","max-snippet":"max-snippet:-1","max-image-preview":"max-image-preview:large","max-video-preview":"max-video-preview:-1"},"canonical":"https:\/\/dpress.ma\/fr\/2023\/03\/04\/le-president-de-la-chambre-des-conseillers-en-visite-en-pologne-du-06-au-10-mars\/","og_locale":"fr_FR","og_type":"article","og_title":"Le pr\u00e9sident de la Chambre des Conseillers en visite en Pologne du 06 au 10 mars - Dpress.ma\/fr","og_description":"Dpress Le pr\u00e9sident de la Chambre des Conseillers, Enaam Mayara, effectue une visite officielle \u00e0 la R\u00e9publique de Pologne du 06 au 10 courant \u00e0 la t\u00eate d\u2019une d\u00e9l\u00e9gation. Cette visite, qui r\u00e9pond \u00e0 l\u2019invitation du pr\u00e9sident du S\u00e9nat polonais, Tomasz Grodzki, s\u2019inscrit dans le cadre du renforcement des relations entre le Royaume et la &hellip;","og_url":"https:\/\/dpress.ma\/fr\/2023\/03\/04\/le-president-de-la-chambre-des-conseillers-en-visite-en-pologne-du-06-au-10-mars\/","og_site_name":"Dpress.ma\/fr","article_published_time":"2023-03-04T10:55:28+00:00","article_modified_time":"2023-03-04T10:55:30+00:00","og_image":[{"width":2539,"height":1594,"url":"https:\/\/dpress.ma\/fr\/wp-content\/uploads\/sites\/2\/2023\/02\/dimensions2-60.jpg","type":"image\/jpeg"}],"author":"Dpress.ma","twitter_card":"summary_large_image","twitter_misc":{"\u00c9crit par":"Dpress.ma","Dur\u00e9e de lecture estim\u00e9e":"2 minutes"},"schema":{"@context":"https:\/\/schema.org","@graph":[{"@type":"Article","@id":"https:\/\/dpress.ma\/fr\/2023\/03\/04\/le-president-de-la-chambre-des-conseillers-en-visite-en-pologne-du-06-au-10-mars\/#article","isPartOf":{"@id":"https:\/\/dpress.ma\/fr\/2023\/03\/04\/le-president-de-la-chambre-des-conseillers-en-visite-en-pologne-du-06-au-10-mars\/"},"author":{"name":"Dpress.ma","@id":"https:\/\/dpress.ma\/fr\/#\/schema\/person\/4898febf3ccd59e6578d838656a306a0"},"headline":"Le pr\u00e9sident de la Chambre des Conseillers en visite en Pologne du 06 au 10 mars","datePublished":"2023-03-04T10:55:28+00:00","dateModified":"2023-03-04T10:55:30+00:00","mainEntityOfPage":{"@id":"https:\/\/dpress.ma\/fr\/2023\/03\/04\/le-president-de-la-chambre-des-conseillers-en-visite-en-pologne-du-06-au-10-mars\/"},"wordCount":263,"commentCount":0,"image":{"@id":"https:\/\/dpress.ma\/fr\/2023\/03\/04\/le-president-de-la-chambre-des-conseillers-en-visite-en-pologne-du-06-au-10-mars\/#primaryimage"},"thumbnailUrl":"https:\/\/dpress.ma\/fr\/wp-content\/uploads\/sites\/2\/2023\/02\/dimensions2-60.jpg","articleSection":["Diplomatie Parlementaire"],"inLanguage":"fr-FR","potentialAction":[{"@type":"CommentAction","name":"Comment","target":["https:\/\/dpress.ma\/fr\/2023\/03\/04\/le-president-de-la-chambre-des-conseillers-en-visite-en-pologne-du-06-au-10-mars\/#respond"]}]},{"@type":"WebPage","@id":"https:\/\/dpress.ma\/fr\/2023\/03\/04\/le-president-de-la-chambre-des-conseillers-en-visite-en-pologne-du-06-au-10-mars\/","url":"https:\/\/dpress.ma\/fr\/2023\/03\/04\/le-president-de-la-chambre-des-conseillers-en-visite-en-pologne-du-06-au-10-mars\/","name":"Le pr\u00e9sident de la Chambre des Conseillers en visite en Pologne du 06 au 10 mars - Dpress.ma\/fr","isPartOf":{"@id":"https:\/\/dpress.ma\/fr\/#website"},"primaryImageOfPage":{"@id":"https:\/\/dpress.ma\/fr\/2023\/03\/04\/le-president-de-la-chambre-des-conseillers-en-visite-en-pologne-du-06-au-10-mars\/#primaryimage"},"image":{"@id":"https:\/\/dpress.ma\/fr\/2023\/03\/04\/le-president-de-la-chambre-des-conseillers-en-visite-en-pologne-du-06-au-10-mars\/#primaryimage"},"thumbnailUrl":"https:\/\/dpress.ma\/fr\/wp-content\/uploads\/sites\/2\/2023\/02\/dimensions2-60.jpg","datePublished":"2023-03-04T10:55:28+00:00","dateModified":"2023-03-04T10:55:30+00:00","author":{"@id":"https:\/\/dpress.ma\/fr\/#\/schema\/person\/4898febf3ccd59e6578d838656a306a0"},"breadcrumb":{"@id":"https:\/\/dpress.ma\/fr\/2023\/03\/04\/le-president-de-la-chambre-des-conseillers-en-visite-en-pologne-du-06-au-10-mars\/#breadcrumb"},"inLanguage":"fr-FR","potentialAction":[{"@type":"ReadAction","target":["https:\/\/dpress.ma\/fr\/2023\/03\/04\/le-president-de-la-chambre-des-conseillers-en-visite-en-pologne-du-06-au-10-mars\/"]}]},{"@type":"ImageObject","inLanguage":"fr-FR","@id":"https:\/\/dpress.ma\/fr\/2023\/03\/04\/le-president-de-la-chambre-des-conseillers-en-visite-en-pologne-du-06-au-10-mars\/#primaryimage","url":"https:\/\/dpress.ma\/fr\/wp-content\/uploads\/sites\/2\/2023\/02\/dimensions2-60.jpg","contentUrl":"https:\/\/dpress.ma\/fr\/wp-content\/uploads\/sites\/2\/2023\/02\/dimensions2-60.jpg","width":2539,"height":1594},{"@type":"BreadcrumbList","@id":"https:\/\/dpress.ma\/fr\/2023\/03\/04\/le-president-de-la-chambre-des-conseillers-en-visite-en-pologne-du-06-au-10-mars\/#breadcrumb","itemListElement":[{"@type":"ListItem","position":1,"name":"Home","item":"https:\/\/dpress.ma\/fr\/"},{"@type":"ListItem","position":2,"name":"Le pr\u00e9sident de la Chambre des Conseillers en visite en Pologne du 06 au 10 mars"}]},{"@type":"WebSite","@id":"https:\/\/dpress.ma\/fr\/#website","url":"https:\/\/dpress.ma\/fr\/","name":"Dpress.ma\/fr","description":"","potentialAction":[{"@type":"SearchAction","target":{"@type":"EntryPoint","urlTemplate":"https:\/\/dpress.ma\/fr\/?s={search_term_string}"},"query-input":{"@type":"PropertyValueSpecification","valueRequired":true,"valueName":"search_term_string"}}],"inLanguage":"fr-FR"},{"@type":"Person","@id":"https:\/\/dpress.ma\/fr\/#\/schema\/person\/4898febf3ccd59e6578d838656a306a0","name":"Dpress.ma","image":{"@type":"ImageObject","inLanguage":"fr-FR","@id":"https:\/\/secure.gravatar.com\/avatar\/72ecc30e9db047a2e0e7176561eb9d564ed77c8108376495b19bd8336405198a?s=96&d=mm&r=g","url":"https:\/\/secure.gravatar.com\/avatar\/72ecc30e9db047a2e0e7176561eb9d564ed77c8108376495b19bd8336405198a?s=96&d=mm&r=g","contentUrl":"https:\/\/secure.gravatar.com\/avatar\/72ecc30e9db047a2e0e7176561eb9d564ed77c8108376495b19bd8336405198a?s=96&d=mm&r=g","caption":"Dpress.ma"},"sameAs":["https:\/\/www.dpress.ma"],"url":"https:\/\/dpress.ma\/fr\/author\/dpress-ma\/"}]}},"amp_enabled":true,"_links":{"self":[{"href":"https:\/\/dpress.ma\/fr\/wp-json\/wp\/v2\/posts\/3870","targetHints":{"allow":["GET"]}}],"collection":[{"href":"https:\/\/dpress.ma\/fr\/wp-json\/wp\/v2\/posts"}],"about":[{"href":"https:\/\/dpress.ma\/fr\/wp-json\/wp\/v2\/types\/post"}],"author":[{"embeddable":true,"href":"https:\/\/dpress.ma\/fr\/wp-json\/wp\/v2\/users\/2"}],"replies":[{"embeddable":true,"href":"https:\/\/dpress.ma\/fr\/wp-json\/wp\/v2\/comments?post=3870"}],"version-history":[{"count":1,"href":"https:\/\/dpress.ma\/fr\/wp-json\/wp\/v2\/posts\/3870\/revisions"}],"predecessor-version":[{"id":3873,"href":"https:\/\/dpress.ma\/fr\/wp-json\/wp\/v2\/posts\/3870\/revisions\/3873"}],"wp:featuredmedia":[{"embeddable":true,"href":"https:\/\/dpress.ma\/fr\/wp-json\/wp\/v2\/media\/3761"}],"wp:attachment":[{"href":"https:\/\/dpress.ma\/fr\/wp-json\/wp\/v2\/media?parent=3870"}],"wp:term":[{"taxonomy":"category","embeddable":true,"href":"https:\/\/dpress.ma\/fr\/wp-json\/wp\/v2\/categories?post=3870"},{"taxonomy":"post_tag","embeddable":true,"href":"https:\/\/dpress.ma\/fr\/wp-json\/wp\/v2\/tags?post=3870"}],"curies":[{"name":"wp","href":"https:\/\/api.w.org\/{rel}","templated":true}]}}