{"id":3864,"date":"2023-03-03T13:30:32","date_gmt":"2023-03-03T13:30:32","guid":{"rendered":"https:\/\/dpress.ma\/fr\/?p=3864"},"modified":"2023-03-03T13:30:33","modified_gmt":"2023-03-03T13:30:33","slug":"emploi-m-sekkouri-pour-une-promotion-des-femmes-au-sein-des-entreprises","status":"publish","type":"post","link":"https:\/\/dpress.ma\/fr\/2023\/03\/03\/emploi-m-sekkouri-pour-une-promotion-des-femmes-au-sein-des-entreprises\/","title":{"rendered":"Emploi : M. Sekkouri pour une promotion des femmes au sein des entreprises"},"content":{"rendered":"\n<p>Dpress<\/p>\n\n\n\n<p>Le ministre de l\u2019Inclusion \u00e9conomique, de la Petite entreprise, de l\u2019Emploi et des Comp\u00e9tences, Younes Sekkouri, a appel\u00e9, jeudi \u00e0 Rabat, au maintien de la promotion des femmes au sein des entreprises et \u00e0 l\u2019am\u00e9lioration de leurs situations.<\/p>\n\n\n\n<p>S&rsquo;exprimant lors d\u2019une rencontre organis\u00e9e par la Conf\u00e9d\u00e9ration g\u00e9n\u00e9rale des entreprises du Maroc (CGEM) et la Soci\u00e9t\u00e9 financi\u00e8re internationale (IFC), sous le th\u00e8me \u00ab\u00a0S&rsquo;engager pour renforcer l&#8217;emploi des femmes dans le secteur priv\u00e9\u00a0\u00bb, M. Sekkouri a insist\u00e9 sur la parit\u00e9 dans le march\u00e9 du travail, consid\u00e9r\u00e9e comme un facteur cl\u00e9 de d\u00e9veloppement \u00e9conomique.<\/p>\n\n\n\n<p>Il a, en outre, mis en avant l\u2019importance de cette rencontre qui se veut une occasion pour pouvoir recueillir les t\u00e9moignages d\u2019une dizaine d\u2019entreprises nationales, de droit marocain, qui ont favoris\u00e9 le travail de la femme et qui ont mis en place des proc\u00e9dures et des processus sp\u00e9ciaux sur le sujet.<\/p>\n\n\n\n<p>Il s\u2019agit en l\u2019occurrence de la repr\u00e9sentation de la femme dans les comit\u00e9s de direction et dans les conseils d\u2019administration, a indiqu\u00e9 le ministre, soulignant que ce sont des mesures qui visent \u00e0 offrir un environnement favorable au travail de la femme et \u00e0 son \u00e9mancipation professionnelle.<\/p>\n\n\n\n<p>Il a, dans ce sens, r\u00e9it\u00e9r\u00e9 l\u2019engagement de son D\u00e9partement pour l\u2019am\u00e9lioration de ce chantier, jetant la lumi\u00e8re, \u00e0 cet \u00e9gard, sur le troph\u00e9e de l&rsquo;\u00e9galit\u00e9 professionnelle entre hommes et femmes, \u00e0 sa septi\u00e8me \u00e9dition aujourd\u2019hui, qui est consid\u00e9r\u00e9 comme une initiative importante pour la sensibilisation mais surtout pour la reconnaissance des actions qualitatives de ces femmes dans les comit\u00e9s de pilotage.<\/p>\n\n\n\n<p>De son c\u00f4t\u00e9 Xavier Reille, directeur de l\u2019IFC pour le Maghreb et Djibouti, s\u2019est dit fier pour sa participation \u00e0 cet \u00e9v\u00e9nement qui vise \u00e0 promouvoir l\u2019activit\u00e9 \u00e9conomique des femmes au Maroc, rappelant le taux de participation de la femme \u00e0 l\u2019\u00e9conomie nationale estim\u00e9 \u00ab\u00a0faible\u00a0\u00bb et qui est consid\u00e9r\u00e9 comme un manque \u00e0 gagner.<\/p>\n\n\n\n<p>Selon lui, la participation f\u00e9minine au march\u00e9 du travail contribuera pleinement \u00e0 la croissance \u00e9conomique du Royaume et \u00e0 l\u2019am\u00e9lioration des performances des entreprises marocaines.<\/p>\n\n\n\n<p>M. Reille s\u2019est \u00e9galement r\u00e9joui du partenariat conclu entre son institution et la CGEM en faveur de 70 entreprises, engag\u00e9es \u00e0 faire des actions concr\u00e8tes, pour am\u00e9liorer la participation des femmes \u00e0 l\u2019\u00e9conomie du pays, faisant savoir que le but est de r\u00e9ussir le d\u00e9fi de promouvoir une croissance inclusive.<\/p>\n\n\n\n<p>Cette rencontre, tenue dans le cadre de la plateforme \u00ab\u00a0#Morocco4Diversity\u00a0\u00bb, mise en place conjointement par la CGEM et l\u2019IFC pour promouvoir la parit\u00e9 en entreprise via des actions concr\u00e8tes, a pour but de cr\u00e9er une nouvelle plateforme public-priv\u00e9e pour la promotion de l\u2019employabilit\u00e9 des femmes au Royaume.<\/p>\n\n\n\n<p>Au programme de cet \u00e9v\u00e9nement, plusieurs ateliers autour de diff\u00e9rentes th\u00e9matiques, notamment le renforcement de l\u2019emploi des femmes pour le d\u00e9veloppement \u00e9conomique, ainsi que les m\u00e9canismes d\u2019inclusion et de promotion des talents f\u00e9minins.<\/p>\n\n\n\n<p>En marge de cette rencontre, les participants ont assist\u00e9 \u00e0 une exposition sous le th\u00e8me \u00ab\u00a0Femmes d\u2019exception, mobilis\u00e9es pour que l\u2019exception devienne la r\u00e8gle\u00a0\u00bb.<\/p>\n","protected":false},"excerpt":{"rendered":"<p>Dpress Le ministre de l\u2019Inclusion \u00e9conomique, de la Petite entreprise, de l\u2019Emploi et des Comp\u00e9tences, Younes Sekkouri, a appel\u00e9, jeudi \u00e0 Rabat, au maintien de la promotion des femmes au sein des entreprises et \u00e0 l\u2019am\u00e9lioration de leurs situations. S&rsquo;exprimant lors d\u2019une rencontre organis\u00e9e par la Conf\u00e9d\u00e9ration g\u00e9n\u00e9rale des entreprises du Maroc (CGEM) et la &hellip;<\/p>\n","protected":false},"author":2,"featured_media":3866,"comment_status":"open","ping_status":"open","sticky":false,"template":"","format":"standard","meta":{"footnotes":""},"categories":[25],"tags":[],"class_list":["post-3864","post","type-post","status-publish","format-standard","has-post-thumbnail","hentry","category-economie"],"yoast_head":"<!-- This site is optimized with the Yoast SEO plugin v27.5 - https:\/\/yoast.com\/product\/yoast-seo-wordpress\/ -->\n<title>Emploi : M. Sekkouri pour une promotion des femmes au sein des entreprises - Dpress.ma\/fr<\/title>\n<meta name=\"robots\" content=\"index, follow, max-snippet:-1, max-image-preview:large, max-video-preview:-1\" \/>\n<link rel=\"canonical\" href=\"https:\/\/dpress.ma\/fr\/2023\/03\/03\/emploi-m-sekkouri-pour-une-promotion-des-femmes-au-sein-des-entreprises\/\" \/>\n<meta property=\"og:locale\" content=\"fr_FR\" \/>\n<meta property=\"og:type\" content=\"article\" \/>\n<meta property=\"og:title\" content=\"Emploi : M. Sekkouri pour une promotion des femmes au sein des entreprises - Dpress.ma\/fr\" \/>\n<meta property=\"og:description\" content=\"Dpress Le ministre de l\u2019Inclusion \u00e9conomique, de la Petite entreprise, de l\u2019Emploi et des Comp\u00e9tences, Younes Sekkouri, a appel\u00e9, jeudi \u00e0 Rabat, au maintien de la promotion des femmes au sein des entreprises et \u00e0 l\u2019am\u00e9lioration de leurs situations. S&rsquo;exprimant lors d\u2019une rencontre organis\u00e9e par la Conf\u00e9d\u00e9ration g\u00e9n\u00e9rale des entreprises du Maroc (CGEM) et la &hellip;\" \/>\n<meta property=\"og:url\" content=\"https:\/\/dpress.ma\/fr\/2023\/03\/03\/emploi-m-sekkouri-pour-une-promotion-des-femmes-au-sein-des-entreprises\/\" \/>\n<meta property=\"og:site_name\" content=\"Dpress.ma\/fr\" \/>\n<meta property=\"article:published_time\" content=\"2023-03-03T13:30:32+00:00\" \/>\n<meta property=\"article:modified_time\" content=\"2023-03-03T13:30:33+00:00\" \/>\n<meta property=\"og:image\" content=\"https:\/\/dpress.ma\/fr\/wp-content\/uploads\/sites\/2\/2023\/03\/dimensions2-5.jpg\" \/>\n\t<meta property=\"og:image:width\" content=\"2539\" \/>\n\t<meta property=\"og:image:height\" content=\"1594\" \/>\n\t<meta property=\"og:image:type\" content=\"image\/jpeg\" \/>\n<meta name=\"author\" content=\"Dpress.ma\" \/>\n<meta name=\"twitter:card\" content=\"summary_large_image\" \/>\n<meta name=\"twitter:label1\" content=\"\u00c9crit par\" \/>\n\t<meta name=\"twitter:data1\" content=\"Dpress.ma\" \/>\n\t<meta name=\"twitter:label2\" content=\"Dur\u00e9e de lecture estim\u00e9e\" \/>\n\t<meta name=\"twitter:data2\" content=\"3 minutes\" \/>\n<script type=\"application\/ld+json\" class=\"yoast-schema-graph\">{\"@context\":\"https:\\\/\\\/schema.org\",\"@graph\":[{\"@type\":\"Article\",\"@id\":\"https:\\\/\\\/dpress.ma\\\/fr\\\/2023\\\/03\\\/03\\\/emploi-m-sekkouri-pour-une-promotion-des-femmes-au-sein-des-entreprises\\\/#article\",\"isPartOf\":{\"@id\":\"https:\\\/\\\/dpress.ma\\\/fr\\\/2023\\\/03\\\/03\\\/emploi-m-sekkouri-pour-une-promotion-des-femmes-au-sein-des-entreprises\\\/\"},\"author\":{\"name\":\"Dpress.ma\",\"@id\":\"https:\\\/\\\/dpress.ma\\\/fr\\\/#\\\/schema\\\/person\\\/4898febf3ccd59e6578d838656a306a0\"},\"headline\":\"Emploi : M. Sekkouri pour une promotion des femmes au sein des entreprises\",\"datePublished\":\"2023-03-03T13:30:32+00:00\",\"dateModified\":\"2023-03-03T13:30:33+00:00\",\"mainEntityOfPage\":{\"@id\":\"https:\\\/\\\/dpress.ma\\\/fr\\\/2023\\\/03\\\/03\\\/emploi-m-sekkouri-pour-une-promotion-des-femmes-au-sein-des-entreprises\\\/\"},\"wordCount\":559,\"commentCount\":0,\"image\":{\"@id\":\"https:\\\/\\\/dpress.ma\\\/fr\\\/2023\\\/03\\\/03\\\/emploi-m-sekkouri-pour-une-promotion-des-femmes-au-sein-des-entreprises\\\/#primaryimage\"},\"thumbnailUrl\":\"https:\\\/\\\/dpress.ma\\\/fr\\\/wp-content\\\/uploads\\\/sites\\\/2\\\/2023\\\/03\\\/dimensions2-5.jpg\",\"articleSection\":[\"\u00c9conomie\"],\"inLanguage\":\"fr-FR\",\"potentialAction\":[{\"@type\":\"CommentAction\",\"name\":\"Comment\",\"target\":[\"https:\\\/\\\/dpress.ma\\\/fr\\\/2023\\\/03\\\/03\\\/emploi-m-sekkouri-pour-une-promotion-des-femmes-au-sein-des-entreprises\\\/#respond\"]}]},{\"@type\":\"WebPage\",\"@id\":\"https:\\\/\\\/dpress.ma\\\/fr\\\/2023\\\/03\\\/03\\\/emploi-m-sekkouri-pour-une-promotion-des-femmes-au-sein-des-entreprises\\\/\",\"url\":\"https:\\\/\\\/dpress.ma\\\/fr\\\/2023\\\/03\\\/03\\\/emploi-m-sekkouri-pour-une-promotion-des-femmes-au-sein-des-entreprises\\\/\",\"name\":\"Emploi : M. Sekkouri pour une promotion des femmes au sein des entreprises - Dpress.ma\\\/fr\",\"isPartOf\":{\"@id\":\"https:\\\/\\\/dpress.ma\\\/fr\\\/#website\"},\"primaryImageOfPage\":{\"@id\":\"https:\\\/\\\/dpress.ma\\\/fr\\\/2023\\\/03\\\/03\\\/emploi-m-sekkouri-pour-une-promotion-des-femmes-au-sein-des-entreprises\\\/#primaryimage\"},\"image\":{\"@id\":\"https:\\\/\\\/dpress.ma\\\/fr\\\/2023\\\/03\\\/03\\\/emploi-m-sekkouri-pour-une-promotion-des-femmes-au-sein-des-entreprises\\\/#primaryimage\"},\"thumbnailUrl\":\"https:\\\/\\\/dpress.ma\\\/fr\\\/wp-content\\\/uploads\\\/sites\\\/2\\\/2023\\\/03\\\/dimensions2-5.jpg\",\"datePublished\":\"2023-03-03T13:30:32+00:00\",\"dateModified\":\"2023-03-03T13:30:33+00:00\",\"author\":{\"@id\":\"https:\\\/\\\/dpress.ma\\\/fr\\\/#\\\/schema\\\/person\\\/4898febf3ccd59e6578d838656a306a0\"},\"breadcrumb\":{\"@id\":\"https:\\\/\\\/dpress.ma\\\/fr\\\/2023\\\/03\\\/03\\\/emploi-m-sekkouri-pour-une-promotion-des-femmes-au-sein-des-entreprises\\\/#breadcrumb\"},\"inLanguage\":\"fr-FR\",\"potentialAction\":[{\"@type\":\"ReadAction\",\"target\":[\"https:\\\/\\\/dpress.ma\\\/fr\\\/2023\\\/03\\\/03\\\/emploi-m-sekkouri-pour-une-promotion-des-femmes-au-sein-des-entreprises\\\/\"]}]},{\"@type\":\"ImageObject\",\"inLanguage\":\"fr-FR\",\"@id\":\"https:\\\/\\\/dpress.ma\\\/fr\\\/2023\\\/03\\\/03\\\/emploi-m-sekkouri-pour-une-promotion-des-femmes-au-sein-des-entreprises\\\/#primaryimage\",\"url\":\"https:\\\/\\\/dpress.ma\\\/fr\\\/wp-content\\\/uploads\\\/sites\\\/2\\\/2023\\\/03\\\/dimensions2-5.jpg\",\"contentUrl\":\"https:\\\/\\\/dpress.ma\\\/fr\\\/wp-content\\\/uploads\\\/sites\\\/2\\\/2023\\\/03\\\/dimensions2-5.jpg\",\"width\":2539,\"height\":1594},{\"@type\":\"BreadcrumbList\",\"@id\":\"https:\\\/\\\/dpress.ma\\\/fr\\\/2023\\\/03\\\/03\\\/emploi-m-sekkouri-pour-une-promotion-des-femmes-au-sein-des-entreprises\\\/#breadcrumb\",\"itemListElement\":[{\"@type\":\"ListItem\",\"position\":1,\"name\":\"Home\",\"item\":\"https:\\\/\\\/dpress.ma\\\/fr\\\/\"},{\"@type\":\"ListItem\",\"position\":2,\"name\":\"Emploi : M. Sekkouri pour une promotion des femmes au sein des entreprises\"}]},{\"@type\":\"WebSite\",\"@id\":\"https:\\\/\\\/dpress.ma\\\/fr\\\/#website\",\"url\":\"https:\\\/\\\/dpress.ma\\\/fr\\\/\",\"name\":\"Dpress.ma\\\/fr\",\"description\":\"\",\"potentialAction\":[{\"@type\":\"SearchAction\",\"target\":{\"@type\":\"EntryPoint\",\"urlTemplate\":\"https:\\\/\\\/dpress.ma\\\/fr\\\/?s={search_term_string}\"},\"query-input\":{\"@type\":\"PropertyValueSpecification\",\"valueRequired\":true,\"valueName\":\"search_term_string\"}}],\"inLanguage\":\"fr-FR\"},{\"@type\":\"Person\",\"@id\":\"https:\\\/\\\/dpress.ma\\\/fr\\\/#\\\/schema\\\/person\\\/4898febf3ccd59e6578d838656a306a0\",\"name\":\"Dpress.ma\",\"image\":{\"@type\":\"ImageObject\",\"inLanguage\":\"fr-FR\",\"@id\":\"https:\\\/\\\/secure.gravatar.com\\\/avatar\\\/72ecc30e9db047a2e0e7176561eb9d564ed77c8108376495b19bd8336405198a?s=96&d=mm&r=g\",\"url\":\"https:\\\/\\\/secure.gravatar.com\\\/avatar\\\/72ecc30e9db047a2e0e7176561eb9d564ed77c8108376495b19bd8336405198a?s=96&d=mm&r=g\",\"contentUrl\":\"https:\\\/\\\/secure.gravatar.com\\\/avatar\\\/72ecc30e9db047a2e0e7176561eb9d564ed77c8108376495b19bd8336405198a?s=96&d=mm&r=g\",\"caption\":\"Dpress.ma\"},\"sameAs\":[\"https:\\\/\\\/www.dpress.ma\"],\"url\":\"https:\\\/\\\/dpress.ma\\\/fr\\\/author\\\/dpress-ma\\\/\"}]}<\/script>\n<!-- \/ Yoast SEO plugin. -->","yoast_head_json":{"title":"Emploi : M. Sekkouri pour une promotion des femmes au sein des entreprises - Dpress.ma\/fr","robots":{"index":"index","follow":"follow","max-snippet":"max-snippet:-1","max-image-preview":"max-image-preview:large","max-video-preview":"max-video-preview:-1"},"canonical":"https:\/\/dpress.ma\/fr\/2023\/03\/03\/emploi-m-sekkouri-pour-une-promotion-des-femmes-au-sein-des-entreprises\/","og_locale":"fr_FR","og_type":"article","og_title":"Emploi : M. Sekkouri pour une promotion des femmes au sein des entreprises - Dpress.ma\/fr","og_description":"Dpress Le ministre de l\u2019Inclusion \u00e9conomique, de la Petite entreprise, de l\u2019Emploi et des Comp\u00e9tences, Younes Sekkouri, a appel\u00e9, jeudi \u00e0 Rabat, au maintien de la promotion des femmes au sein des entreprises et \u00e0 l\u2019am\u00e9lioration de leurs situations. S&rsquo;exprimant lors d\u2019une rencontre organis\u00e9e par la Conf\u00e9d\u00e9ration g\u00e9n\u00e9rale des entreprises du Maroc (CGEM) et la &hellip;","og_url":"https:\/\/dpress.ma\/fr\/2023\/03\/03\/emploi-m-sekkouri-pour-une-promotion-des-femmes-au-sein-des-entreprises\/","og_site_name":"Dpress.ma\/fr","article_published_time":"2023-03-03T13:30:32+00:00","article_modified_time":"2023-03-03T13:30:33+00:00","og_image":[{"width":2539,"height":1594,"url":"https:\/\/dpress.ma\/fr\/wp-content\/uploads\/sites\/2\/2023\/03\/dimensions2-5.jpg","type":"image\/jpeg"}],"author":"Dpress.ma","twitter_card":"summary_large_image","twitter_misc":{"\u00c9crit par":"Dpress.ma","Dur\u00e9e de lecture estim\u00e9e":"3 minutes"},"schema":{"@context":"https:\/\/schema.org","@graph":[{"@type":"Article","@id":"https:\/\/dpress.ma\/fr\/2023\/03\/03\/emploi-m-sekkouri-pour-une-promotion-des-femmes-au-sein-des-entreprises\/#article","isPartOf":{"@id":"https:\/\/dpress.ma\/fr\/2023\/03\/03\/emploi-m-sekkouri-pour-une-promotion-des-femmes-au-sein-des-entreprises\/"},"author":{"name":"Dpress.ma","@id":"https:\/\/dpress.ma\/fr\/#\/schema\/person\/4898febf3ccd59e6578d838656a306a0"},"headline":"Emploi : M. Sekkouri pour une promotion des femmes au sein des entreprises","datePublished":"2023-03-03T13:30:32+00:00","dateModified":"2023-03-03T13:30:33+00:00","mainEntityOfPage":{"@id":"https:\/\/dpress.ma\/fr\/2023\/03\/03\/emploi-m-sekkouri-pour-une-promotion-des-femmes-au-sein-des-entreprises\/"},"wordCount":559,"commentCount":0,"image":{"@id":"https:\/\/dpress.ma\/fr\/2023\/03\/03\/emploi-m-sekkouri-pour-une-promotion-des-femmes-au-sein-des-entreprises\/#primaryimage"},"thumbnailUrl":"https:\/\/dpress.ma\/fr\/wp-content\/uploads\/sites\/2\/2023\/03\/dimensions2-5.jpg","articleSection":["\u00c9conomie"],"inLanguage":"fr-FR","potentialAction":[{"@type":"CommentAction","name":"Comment","target":["https:\/\/dpress.ma\/fr\/2023\/03\/03\/emploi-m-sekkouri-pour-une-promotion-des-femmes-au-sein-des-entreprises\/#respond"]}]},{"@type":"WebPage","@id":"https:\/\/dpress.ma\/fr\/2023\/03\/03\/emploi-m-sekkouri-pour-une-promotion-des-femmes-au-sein-des-entreprises\/","url":"https:\/\/dpress.ma\/fr\/2023\/03\/03\/emploi-m-sekkouri-pour-une-promotion-des-femmes-au-sein-des-entreprises\/","name":"Emploi : M. Sekkouri pour une promotion des femmes au sein des entreprises - Dpress.ma\/fr","isPartOf":{"@id":"https:\/\/dpress.ma\/fr\/#website"},"primaryImageOfPage":{"@id":"https:\/\/dpress.ma\/fr\/2023\/03\/03\/emploi-m-sekkouri-pour-une-promotion-des-femmes-au-sein-des-entreprises\/#primaryimage"},"image":{"@id":"https:\/\/dpress.ma\/fr\/2023\/03\/03\/emploi-m-sekkouri-pour-une-promotion-des-femmes-au-sein-des-entreprises\/#primaryimage"},"thumbnailUrl":"https:\/\/dpress.ma\/fr\/wp-content\/uploads\/sites\/2\/2023\/03\/dimensions2-5.jpg","datePublished":"2023-03-03T13:30:32+00:00","dateModified":"2023-03-03T13:30:33+00:00","author":{"@id":"https:\/\/dpress.ma\/fr\/#\/schema\/person\/4898febf3ccd59e6578d838656a306a0"},"breadcrumb":{"@id":"https:\/\/dpress.ma\/fr\/2023\/03\/03\/emploi-m-sekkouri-pour-une-promotion-des-femmes-au-sein-des-entreprises\/#breadcrumb"},"inLanguage":"fr-FR","potentialAction":[{"@type":"ReadAction","target":["https:\/\/dpress.ma\/fr\/2023\/03\/03\/emploi-m-sekkouri-pour-une-promotion-des-femmes-au-sein-des-entreprises\/"]}]},{"@type":"ImageObject","inLanguage":"fr-FR","@id":"https:\/\/dpress.ma\/fr\/2023\/03\/03\/emploi-m-sekkouri-pour-une-promotion-des-femmes-au-sein-des-entreprises\/#primaryimage","url":"https:\/\/dpress.ma\/fr\/wp-content\/uploads\/sites\/2\/2023\/03\/dimensions2-5.jpg","contentUrl":"https:\/\/dpress.ma\/fr\/wp-content\/uploads\/sites\/2\/2023\/03\/dimensions2-5.jpg","width":2539,"height":1594},{"@type":"BreadcrumbList","@id":"https:\/\/dpress.ma\/fr\/2023\/03\/03\/emploi-m-sekkouri-pour-une-promotion-des-femmes-au-sein-des-entreprises\/#breadcrumb","itemListElement":[{"@type":"ListItem","position":1,"name":"Home","item":"https:\/\/dpress.ma\/fr\/"},{"@type":"ListItem","position":2,"name":"Emploi : M. Sekkouri pour une promotion des femmes au sein des entreprises"}]},{"@type":"WebSite","@id":"https:\/\/dpress.ma\/fr\/#website","url":"https:\/\/dpress.ma\/fr\/","name":"Dpress.ma\/fr","description":"","potentialAction":[{"@type":"SearchAction","target":{"@type":"EntryPoint","urlTemplate":"https:\/\/dpress.ma\/fr\/?s={search_term_string}"},"query-input":{"@type":"PropertyValueSpecification","valueRequired":true,"valueName":"search_term_string"}}],"inLanguage":"fr-FR"},{"@type":"Person","@id":"https:\/\/dpress.ma\/fr\/#\/schema\/person\/4898febf3ccd59e6578d838656a306a0","name":"Dpress.ma","image":{"@type":"ImageObject","inLanguage":"fr-FR","@id":"https:\/\/secure.gravatar.com\/avatar\/72ecc30e9db047a2e0e7176561eb9d564ed77c8108376495b19bd8336405198a?s=96&d=mm&r=g","url":"https:\/\/secure.gravatar.com\/avatar\/72ecc30e9db047a2e0e7176561eb9d564ed77c8108376495b19bd8336405198a?s=96&d=mm&r=g","contentUrl":"https:\/\/secure.gravatar.com\/avatar\/72ecc30e9db047a2e0e7176561eb9d564ed77c8108376495b19bd8336405198a?s=96&d=mm&r=g","caption":"Dpress.ma"},"sameAs":["https:\/\/www.dpress.ma"],"url":"https:\/\/dpress.ma\/fr\/author\/dpress-ma\/"}]}},"amp_enabled":true,"_links":{"self":[{"href":"https:\/\/dpress.ma\/fr\/wp-json\/wp\/v2\/posts\/3864","targetHints":{"allow":["GET"]}}],"collection":[{"href":"https:\/\/dpress.ma\/fr\/wp-json\/wp\/v2\/posts"}],"about":[{"href":"https:\/\/dpress.ma\/fr\/wp-json\/wp\/v2\/types\/post"}],"author":[{"embeddable":true,"href":"https:\/\/dpress.ma\/fr\/wp-json\/wp\/v2\/users\/2"}],"replies":[{"embeddable":true,"href":"https:\/\/dpress.ma\/fr\/wp-json\/wp\/v2\/comments?post=3864"}],"version-history":[{"count":1,"href":"https:\/\/dpress.ma\/fr\/wp-json\/wp\/v2\/posts\/3864\/revisions"}],"predecessor-version":[{"id":3867,"href":"https:\/\/dpress.ma\/fr\/wp-json\/wp\/v2\/posts\/3864\/revisions\/3867"}],"wp:featuredmedia":[{"embeddable":true,"href":"https:\/\/dpress.ma\/fr\/wp-json\/wp\/v2\/media\/3866"}],"wp:attachment":[{"href":"https:\/\/dpress.ma\/fr\/wp-json\/wp\/v2\/media?parent=3864"}],"wp:term":[{"taxonomy":"category","embeddable":true,"href":"https:\/\/dpress.ma\/fr\/wp-json\/wp\/v2\/categories?post=3864"},{"taxonomy":"post_tag","embeddable":true,"href":"https:\/\/dpress.ma\/fr\/wp-json\/wp\/v2\/tags?post=3864"}],"curies":[{"name":"wp","href":"https:\/\/api.w.org\/{rel}","templated":true}]}}