{"id":3861,"date":"2023-03-03T11:32:46","date_gmt":"2023-03-03T11:32:46","guid":{"rendered":"https:\/\/dpress.ma\/fr\/?p=3861"},"modified":"2023-03-03T11:32:47","modified_gmt":"2023-03-03T11:32:47","slug":"rabat-des-panelistes-mettent-en-avant-lafro-marocanite-du-chant-ghiwanien","status":"publish","type":"post","link":"https:\/\/dpress.ma\/fr\/2023\/03\/03\/rabat-des-panelistes-mettent-en-avant-lafro-marocanite-du-chant-ghiwanien\/","title":{"rendered":"Rabat: des pan\u00e9listes mettent en avant l\u2019afro-marocanit\u00e9 du chant ghiwanien"},"content":{"rendered":"\n<p>Dpress<\/p>\n\n\n\n<p>La transmission du conte au Maroc et l\u2019afro-marocanit\u00e9 du chant ghiwanien ont \u00e9t\u00e9 au c\u0153ur d\u2019un panel tenu jeudi \u00e0 l\u2019Acad\u00e9mie du Royaume, sous le th\u00e8me \u201cChamp et contrechamp\u201d.<\/p>\n\n\n\n<p>S\u2019exprimant \u00e0 l\u2019occasion de ce panel organis\u00e9 dans le cadre d\u2019un colloque international (1-3 mars) intitul\u00e9 \u201cL\u2019oralit\u00e9, un registre privil\u00e9gi\u00e9 d\u2019interlocution ou un paravent pour l\u2019Afrique\u201d, Pr. Najima Thay Thay Rhozali, pr\u00e9sidente de l\u2019Association Conte\u2019Act pour l\u2019\u00e9ducation et les cultures, est revenue sur l\u2019importance du r\u00f4le des grands-m\u00e8res et des conteurs, qui d\u00e9tiennent les cl\u00e9s d\u2019un patrimoine oral richissime, dans la transmission des contes.<\/p>\n\n\n\n<p>Pr Rhozali a commenc\u00e9 par rendre un vibrant hommage \u00e0 sa grand-m\u00e8re ainsi qu\u2019\u00e0 l\u2019illustre conteur marocain Yassine Regragui (103 ans), pr\u00e9sent \u00e0 cet \u00e9v\u00e9nement, pour lui avoir donn\u00e9 le go\u00fbt et l\u2019envie de mener des \u00e9tudes et une carri\u00e8re ax\u00e9es sur la protection du patrimoine orale marocain.<\/p>\n\n\n\n<p>D\u00e9sireuse de pr\u00e9server ces traditions orales dans leur authenticit\u00e9, Pr Rhozali a men\u00e9 de nombreuses initiatives, ancr\u00e9es dans la formation et l\u2019innovation par le conte, en associant la soci\u00e9t\u00e9 civile dans les efforts de pr\u00e9servation du patrimoine oral et dans sa transmission.<\/p>\n\n\n\n<p>Lors de son intervention, elle a mis en avant les diff\u00e9rents projets sur lesquels elle a eu l\u2019opportunit\u00e9 de travailler, \u00e0 savoir le programme \u00e9ducatif \u201cSabk Al Hikaya\u201d, visant \u00e0 former les \u00e9l\u00e8ves pour devenir des conteurs en remettant la grand-m\u00e8re au centre du processus de transmission,ainsi qu\u2019un projet de mise en avant du r\u00f4le des conteurs folkloriques \u201cHlaikiya\u201d , outre le festival \u201cMaroc des contes\u201d, destin\u00e9 \u00e0 valoriser le m\u00e9tier de conteur, \u00e0 ressusciter les places publiques d\u00e9sert\u00e9es et \u00e0 accompagner les conteurs traditionnels pour se prendre en charge et d\u00e9fendre leurs droits.<\/p>\n\n\n\n<p>De son c\u00f4t\u00e9, Abdelhai Sadiq, professeur universitaire, a expos\u00e9 les origines du chant ghiwanien, personnifi\u00e9 par le groupe musical marocain \u201cNas Al Ghiwan\u201d, qui a commenc\u00e9 par pr\u00e9senter des pi\u00e8ces orales, dans un effort de th\u00e9\u00e2tralisation de la \u201cHalka\u201d, ponctu\u00e9es de passages musicaux, qui ont permis \u00e0 \u201cNas Al Ghiwan\u201d de former leur groupe et de se faire conna\u00eetre au Maroc et \u00e0 l\u2019\u00e9tranger.<\/p>\n\n\n\n<p>Selon M. Sadiq, l\u2019afro-marocanit\u00e9 du chant ghiwanien puise son essence dans la \u201cMajdoubia\u201d, \u00e0 partir du r\u00e9pertoire de Sidi Abderrahman El Majdoub, po\u00e8te populaire marocain soufi, tandis que l\u2019afro-ghiwanisme de ce chant est marqu\u00e9 par trois sch\u00e9mas musicaux, \u00e0 savoir le rythme et la synchronisation du Malhoun, la tendance esth\u00e9tique relevant de la musique confr\u00e9rique et des \u201cgnawas\u201d, t\u00e9moignant d\u2019un enracinement dans l\u2019Afrique subsaharienne, ainsi que la \u201cAita\u201d, ce \u201cchant de d\u00e9nonciation qui s\u2019articule autour de la paysannerie\u201d.<\/p>\n\n\n\n<p>Par ailleurs, le professeur a soulev\u00e9 la n\u00e9cessit\u00e9 de la traduction pour participer \u00e0 l\u2019universalisme de ce chant, appelant toutefois \u00e0 pr\u00e9coniser une posture \u201corali-traductive\u201d (ndlr: n\u00e9ologisme dont il est l\u2019inventeur) dans ce processus, en traduisant sur la base du texte et de l\u2019\u00e9coute des chants, proc\u00e9dure qu\u2019il a lui-m\u00eame adopt\u00e9e dans la traduction des chants ghiwaniens en fran\u00e7ais.<\/p>\n\n\n\n<p>Initi\u00e9 dans le cadre des activit\u00e9s de la Chaire des Litt\u00e9ratures et des Arts africains, ce colloque de trois jours propose d\u2019explorer les richesses intellectuelles africaines en mettant l\u2019accent sur les litt\u00e9ratures orales et en rassemblant une dizaine d\u2019intervenants, dont des chercheurs et artistes marocains et d\u2019autres venant de Guin\u00e9e, du Burkina Faso, du S\u00e9n\u00e9gal, de Mauritanie, de Madagascar, du Gabon et du Cameroun.<\/p>\n","protected":false},"excerpt":{"rendered":"<p>Dpress La transmission du conte au Maroc et l\u2019afro-marocanit\u00e9 du chant ghiwanien ont \u00e9t\u00e9 au c\u0153ur d\u2019un panel tenu jeudi \u00e0 l\u2019Acad\u00e9mie du Royaume, sous le th\u00e8me \u201cChamp et contrechamp\u201d. S\u2019exprimant \u00e0 l\u2019occasion de ce panel organis\u00e9 dans le cadre d\u2019un colloque international (1-3 mars) intitul\u00e9 \u201cL\u2019oralit\u00e9, un registre privil\u00e9gi\u00e9 d\u2019interlocution ou un paravent pour &hellip;<\/p>\n","protected":false},"author":2,"featured_media":3862,"comment_status":"open","ping_status":"open","sticky":false,"template":"","format":"standard","meta":{"footnotes":""},"categories":[31],"tags":[],"class_list":["post-3861","post","type-post","status-publish","format-standard","has-post-thumbnail","hentry","category-art-et-culture"],"yoast_head":"<!-- This site is optimized with the Yoast SEO plugin v27.5 - https:\/\/yoast.com\/product\/yoast-seo-wordpress\/ -->\n<title>Rabat: des pan\u00e9listes mettent en avant l\u2019afro-marocanit\u00e9 du chant ghiwanien - Dpress.ma\/fr<\/title>\n<meta name=\"robots\" content=\"index, follow, max-snippet:-1, max-image-preview:large, max-video-preview:-1\" \/>\n<link rel=\"canonical\" href=\"https:\/\/dpress.ma\/fr\/2023\/03\/03\/rabat-des-panelistes-mettent-en-avant-lafro-marocanite-du-chant-ghiwanien\/\" \/>\n<meta property=\"og:locale\" content=\"fr_FR\" \/>\n<meta property=\"og:type\" content=\"article\" \/>\n<meta property=\"og:title\" content=\"Rabat: des pan\u00e9listes mettent en avant l\u2019afro-marocanit\u00e9 du chant ghiwanien - Dpress.ma\/fr\" \/>\n<meta property=\"og:description\" content=\"Dpress La transmission du conte au Maroc et l\u2019afro-marocanit\u00e9 du chant ghiwanien ont \u00e9t\u00e9 au c\u0153ur d\u2019un panel tenu jeudi \u00e0 l\u2019Acad\u00e9mie du Royaume, sous le th\u00e8me \u201cChamp et contrechamp\u201d. S\u2019exprimant \u00e0 l\u2019occasion de ce panel organis\u00e9 dans le cadre d\u2019un colloque international (1-3 mars) intitul\u00e9 \u201cL\u2019oralit\u00e9, un registre privil\u00e9gi\u00e9 d\u2019interlocution ou un paravent pour &hellip;\" \/>\n<meta property=\"og:url\" content=\"https:\/\/dpress.ma\/fr\/2023\/03\/03\/rabat-des-panelistes-mettent-en-avant-lafro-marocanite-du-chant-ghiwanien\/\" \/>\n<meta property=\"og:site_name\" content=\"Dpress.ma\/fr\" \/>\n<meta property=\"article:published_time\" content=\"2023-03-03T11:32:46+00:00\" \/>\n<meta property=\"article:modified_time\" content=\"2023-03-03T11:32:47+00:00\" \/>\n<meta property=\"og:image\" content=\"https:\/\/dpress.ma\/fr\/wp-content\/uploads\/sites\/2\/2023\/03\/dimensions2-3.jpg\" \/>\n\t<meta property=\"og:image:width\" content=\"2539\" \/>\n\t<meta property=\"og:image:height\" content=\"1594\" \/>\n\t<meta property=\"og:image:type\" content=\"image\/jpeg\" \/>\n<meta name=\"author\" content=\"Dpress.ma\" \/>\n<meta name=\"twitter:card\" content=\"summary_large_image\" \/>\n<meta name=\"twitter:label1\" content=\"\u00c9crit par\" \/>\n\t<meta name=\"twitter:data1\" content=\"Dpress.ma\" \/>\n\t<meta name=\"twitter:label2\" content=\"Dur\u00e9e de lecture estim\u00e9e\" \/>\n\t<meta name=\"twitter:data2\" content=\"3 minutes\" \/>\n<script type=\"application\/ld+json\" class=\"yoast-schema-graph\">{\"@context\":\"https:\\\/\\\/schema.org\",\"@graph\":[{\"@type\":\"Article\",\"@id\":\"https:\\\/\\\/dpress.ma\\\/fr\\\/2023\\\/03\\\/03\\\/rabat-des-panelistes-mettent-en-avant-lafro-marocanite-du-chant-ghiwanien\\\/#article\",\"isPartOf\":{\"@id\":\"https:\\\/\\\/dpress.ma\\\/fr\\\/2023\\\/03\\\/03\\\/rabat-des-panelistes-mettent-en-avant-lafro-marocanite-du-chant-ghiwanien\\\/\"},\"author\":{\"name\":\"Dpress.ma\",\"@id\":\"https:\\\/\\\/dpress.ma\\\/fr\\\/#\\\/schema\\\/person\\\/4898febf3ccd59e6578d838656a306a0\"},\"headline\":\"Rabat: des pan\u00e9listes mettent en avant l\u2019afro-marocanit\u00e9 du chant ghiwanien\",\"datePublished\":\"2023-03-03T11:32:46+00:00\",\"dateModified\":\"2023-03-03T11:32:47+00:00\",\"mainEntityOfPage\":{\"@id\":\"https:\\\/\\\/dpress.ma\\\/fr\\\/2023\\\/03\\\/03\\\/rabat-des-panelistes-mettent-en-avant-lafro-marocanite-du-chant-ghiwanien\\\/\"},\"wordCount\":626,\"commentCount\":0,\"image\":{\"@id\":\"https:\\\/\\\/dpress.ma\\\/fr\\\/2023\\\/03\\\/03\\\/rabat-des-panelistes-mettent-en-avant-lafro-marocanite-du-chant-ghiwanien\\\/#primaryimage\"},\"thumbnailUrl\":\"https:\\\/\\\/dpress.ma\\\/fr\\\/wp-content\\\/uploads\\\/sites\\\/2\\\/2023\\\/03\\\/dimensions2-3.jpg\",\"articleSection\":[\"Art et Culture\"],\"inLanguage\":\"fr-FR\",\"potentialAction\":[{\"@type\":\"CommentAction\",\"name\":\"Comment\",\"target\":[\"https:\\\/\\\/dpress.ma\\\/fr\\\/2023\\\/03\\\/03\\\/rabat-des-panelistes-mettent-en-avant-lafro-marocanite-du-chant-ghiwanien\\\/#respond\"]}]},{\"@type\":\"WebPage\",\"@id\":\"https:\\\/\\\/dpress.ma\\\/fr\\\/2023\\\/03\\\/03\\\/rabat-des-panelistes-mettent-en-avant-lafro-marocanite-du-chant-ghiwanien\\\/\",\"url\":\"https:\\\/\\\/dpress.ma\\\/fr\\\/2023\\\/03\\\/03\\\/rabat-des-panelistes-mettent-en-avant-lafro-marocanite-du-chant-ghiwanien\\\/\",\"name\":\"Rabat: des pan\u00e9listes mettent en avant l\u2019afro-marocanit\u00e9 du chant ghiwanien - Dpress.ma\\\/fr\",\"isPartOf\":{\"@id\":\"https:\\\/\\\/dpress.ma\\\/fr\\\/#website\"},\"primaryImageOfPage\":{\"@id\":\"https:\\\/\\\/dpress.ma\\\/fr\\\/2023\\\/03\\\/03\\\/rabat-des-panelistes-mettent-en-avant-lafro-marocanite-du-chant-ghiwanien\\\/#primaryimage\"},\"image\":{\"@id\":\"https:\\\/\\\/dpress.ma\\\/fr\\\/2023\\\/03\\\/03\\\/rabat-des-panelistes-mettent-en-avant-lafro-marocanite-du-chant-ghiwanien\\\/#primaryimage\"},\"thumbnailUrl\":\"https:\\\/\\\/dpress.ma\\\/fr\\\/wp-content\\\/uploads\\\/sites\\\/2\\\/2023\\\/03\\\/dimensions2-3.jpg\",\"datePublished\":\"2023-03-03T11:32:46+00:00\",\"dateModified\":\"2023-03-03T11:32:47+00:00\",\"author\":{\"@id\":\"https:\\\/\\\/dpress.ma\\\/fr\\\/#\\\/schema\\\/person\\\/4898febf3ccd59e6578d838656a306a0\"},\"breadcrumb\":{\"@id\":\"https:\\\/\\\/dpress.ma\\\/fr\\\/2023\\\/03\\\/03\\\/rabat-des-panelistes-mettent-en-avant-lafro-marocanite-du-chant-ghiwanien\\\/#breadcrumb\"},\"inLanguage\":\"fr-FR\",\"potentialAction\":[{\"@type\":\"ReadAction\",\"target\":[\"https:\\\/\\\/dpress.ma\\\/fr\\\/2023\\\/03\\\/03\\\/rabat-des-panelistes-mettent-en-avant-lafro-marocanite-du-chant-ghiwanien\\\/\"]}]},{\"@type\":\"ImageObject\",\"inLanguage\":\"fr-FR\",\"@id\":\"https:\\\/\\\/dpress.ma\\\/fr\\\/2023\\\/03\\\/03\\\/rabat-des-panelistes-mettent-en-avant-lafro-marocanite-du-chant-ghiwanien\\\/#primaryimage\",\"url\":\"https:\\\/\\\/dpress.ma\\\/fr\\\/wp-content\\\/uploads\\\/sites\\\/2\\\/2023\\\/03\\\/dimensions2-3.jpg\",\"contentUrl\":\"https:\\\/\\\/dpress.ma\\\/fr\\\/wp-content\\\/uploads\\\/sites\\\/2\\\/2023\\\/03\\\/dimensions2-3.jpg\",\"width\":2539,\"height\":1594},{\"@type\":\"BreadcrumbList\",\"@id\":\"https:\\\/\\\/dpress.ma\\\/fr\\\/2023\\\/03\\\/03\\\/rabat-des-panelistes-mettent-en-avant-lafro-marocanite-du-chant-ghiwanien\\\/#breadcrumb\",\"itemListElement\":[{\"@type\":\"ListItem\",\"position\":1,\"name\":\"Home\",\"item\":\"https:\\\/\\\/dpress.ma\\\/fr\\\/\"},{\"@type\":\"ListItem\",\"position\":2,\"name\":\"Rabat: des pan\u00e9listes mettent en avant l\u2019afro-marocanit\u00e9 du chant ghiwanien\"}]},{\"@type\":\"WebSite\",\"@id\":\"https:\\\/\\\/dpress.ma\\\/fr\\\/#website\",\"url\":\"https:\\\/\\\/dpress.ma\\\/fr\\\/\",\"name\":\"Dpress.ma\\\/fr\",\"description\":\"\",\"potentialAction\":[{\"@type\":\"SearchAction\",\"target\":{\"@type\":\"EntryPoint\",\"urlTemplate\":\"https:\\\/\\\/dpress.ma\\\/fr\\\/?s={search_term_string}\"},\"query-input\":{\"@type\":\"PropertyValueSpecification\",\"valueRequired\":true,\"valueName\":\"search_term_string\"}}],\"inLanguage\":\"fr-FR\"},{\"@type\":\"Person\",\"@id\":\"https:\\\/\\\/dpress.ma\\\/fr\\\/#\\\/schema\\\/person\\\/4898febf3ccd59e6578d838656a306a0\",\"name\":\"Dpress.ma\",\"image\":{\"@type\":\"ImageObject\",\"inLanguage\":\"fr-FR\",\"@id\":\"https:\\\/\\\/secure.gravatar.com\\\/avatar\\\/72ecc30e9db047a2e0e7176561eb9d564ed77c8108376495b19bd8336405198a?s=96&d=mm&r=g\",\"url\":\"https:\\\/\\\/secure.gravatar.com\\\/avatar\\\/72ecc30e9db047a2e0e7176561eb9d564ed77c8108376495b19bd8336405198a?s=96&d=mm&r=g\",\"contentUrl\":\"https:\\\/\\\/secure.gravatar.com\\\/avatar\\\/72ecc30e9db047a2e0e7176561eb9d564ed77c8108376495b19bd8336405198a?s=96&d=mm&r=g\",\"caption\":\"Dpress.ma\"},\"sameAs\":[\"https:\\\/\\\/www.dpress.ma\"],\"url\":\"https:\\\/\\\/dpress.ma\\\/fr\\\/author\\\/dpress-ma\\\/\"}]}<\/script>\n<!-- \/ Yoast SEO plugin. -->","yoast_head_json":{"title":"Rabat: des pan\u00e9listes mettent en avant l\u2019afro-marocanit\u00e9 du chant ghiwanien - Dpress.ma\/fr","robots":{"index":"index","follow":"follow","max-snippet":"max-snippet:-1","max-image-preview":"max-image-preview:large","max-video-preview":"max-video-preview:-1"},"canonical":"https:\/\/dpress.ma\/fr\/2023\/03\/03\/rabat-des-panelistes-mettent-en-avant-lafro-marocanite-du-chant-ghiwanien\/","og_locale":"fr_FR","og_type":"article","og_title":"Rabat: des pan\u00e9listes mettent en avant l\u2019afro-marocanit\u00e9 du chant ghiwanien - Dpress.ma\/fr","og_description":"Dpress La transmission du conte au Maroc et l\u2019afro-marocanit\u00e9 du chant ghiwanien ont \u00e9t\u00e9 au c\u0153ur d\u2019un panel tenu jeudi \u00e0 l\u2019Acad\u00e9mie du Royaume, sous le th\u00e8me \u201cChamp et contrechamp\u201d. S\u2019exprimant \u00e0 l\u2019occasion de ce panel organis\u00e9 dans le cadre d\u2019un colloque international (1-3 mars) intitul\u00e9 \u201cL\u2019oralit\u00e9, un registre privil\u00e9gi\u00e9 d\u2019interlocution ou un paravent pour &hellip;","og_url":"https:\/\/dpress.ma\/fr\/2023\/03\/03\/rabat-des-panelistes-mettent-en-avant-lafro-marocanite-du-chant-ghiwanien\/","og_site_name":"Dpress.ma\/fr","article_published_time":"2023-03-03T11:32:46+00:00","article_modified_time":"2023-03-03T11:32:47+00:00","og_image":[{"width":2539,"height":1594,"url":"https:\/\/dpress.ma\/fr\/wp-content\/uploads\/sites\/2\/2023\/03\/dimensions2-3.jpg","type":"image\/jpeg"}],"author":"Dpress.ma","twitter_card":"summary_large_image","twitter_misc":{"\u00c9crit par":"Dpress.ma","Dur\u00e9e de lecture estim\u00e9e":"3 minutes"},"schema":{"@context":"https:\/\/schema.org","@graph":[{"@type":"Article","@id":"https:\/\/dpress.ma\/fr\/2023\/03\/03\/rabat-des-panelistes-mettent-en-avant-lafro-marocanite-du-chant-ghiwanien\/#article","isPartOf":{"@id":"https:\/\/dpress.ma\/fr\/2023\/03\/03\/rabat-des-panelistes-mettent-en-avant-lafro-marocanite-du-chant-ghiwanien\/"},"author":{"name":"Dpress.ma","@id":"https:\/\/dpress.ma\/fr\/#\/schema\/person\/4898febf3ccd59e6578d838656a306a0"},"headline":"Rabat: des pan\u00e9listes mettent en avant l\u2019afro-marocanit\u00e9 du chant ghiwanien","datePublished":"2023-03-03T11:32:46+00:00","dateModified":"2023-03-03T11:32:47+00:00","mainEntityOfPage":{"@id":"https:\/\/dpress.ma\/fr\/2023\/03\/03\/rabat-des-panelistes-mettent-en-avant-lafro-marocanite-du-chant-ghiwanien\/"},"wordCount":626,"commentCount":0,"image":{"@id":"https:\/\/dpress.ma\/fr\/2023\/03\/03\/rabat-des-panelistes-mettent-en-avant-lafro-marocanite-du-chant-ghiwanien\/#primaryimage"},"thumbnailUrl":"https:\/\/dpress.ma\/fr\/wp-content\/uploads\/sites\/2\/2023\/03\/dimensions2-3.jpg","articleSection":["Art et Culture"],"inLanguage":"fr-FR","potentialAction":[{"@type":"CommentAction","name":"Comment","target":["https:\/\/dpress.ma\/fr\/2023\/03\/03\/rabat-des-panelistes-mettent-en-avant-lafro-marocanite-du-chant-ghiwanien\/#respond"]}]},{"@type":"WebPage","@id":"https:\/\/dpress.ma\/fr\/2023\/03\/03\/rabat-des-panelistes-mettent-en-avant-lafro-marocanite-du-chant-ghiwanien\/","url":"https:\/\/dpress.ma\/fr\/2023\/03\/03\/rabat-des-panelistes-mettent-en-avant-lafro-marocanite-du-chant-ghiwanien\/","name":"Rabat: des pan\u00e9listes mettent en avant l\u2019afro-marocanit\u00e9 du chant ghiwanien - Dpress.ma\/fr","isPartOf":{"@id":"https:\/\/dpress.ma\/fr\/#website"},"primaryImageOfPage":{"@id":"https:\/\/dpress.ma\/fr\/2023\/03\/03\/rabat-des-panelistes-mettent-en-avant-lafro-marocanite-du-chant-ghiwanien\/#primaryimage"},"image":{"@id":"https:\/\/dpress.ma\/fr\/2023\/03\/03\/rabat-des-panelistes-mettent-en-avant-lafro-marocanite-du-chant-ghiwanien\/#primaryimage"},"thumbnailUrl":"https:\/\/dpress.ma\/fr\/wp-content\/uploads\/sites\/2\/2023\/03\/dimensions2-3.jpg","datePublished":"2023-03-03T11:32:46+00:00","dateModified":"2023-03-03T11:32:47+00:00","author":{"@id":"https:\/\/dpress.ma\/fr\/#\/schema\/person\/4898febf3ccd59e6578d838656a306a0"},"breadcrumb":{"@id":"https:\/\/dpress.ma\/fr\/2023\/03\/03\/rabat-des-panelistes-mettent-en-avant-lafro-marocanite-du-chant-ghiwanien\/#breadcrumb"},"inLanguage":"fr-FR","potentialAction":[{"@type":"ReadAction","target":["https:\/\/dpress.ma\/fr\/2023\/03\/03\/rabat-des-panelistes-mettent-en-avant-lafro-marocanite-du-chant-ghiwanien\/"]}]},{"@type":"ImageObject","inLanguage":"fr-FR","@id":"https:\/\/dpress.ma\/fr\/2023\/03\/03\/rabat-des-panelistes-mettent-en-avant-lafro-marocanite-du-chant-ghiwanien\/#primaryimage","url":"https:\/\/dpress.ma\/fr\/wp-content\/uploads\/sites\/2\/2023\/03\/dimensions2-3.jpg","contentUrl":"https:\/\/dpress.ma\/fr\/wp-content\/uploads\/sites\/2\/2023\/03\/dimensions2-3.jpg","width":2539,"height":1594},{"@type":"BreadcrumbList","@id":"https:\/\/dpress.ma\/fr\/2023\/03\/03\/rabat-des-panelistes-mettent-en-avant-lafro-marocanite-du-chant-ghiwanien\/#breadcrumb","itemListElement":[{"@type":"ListItem","position":1,"name":"Home","item":"https:\/\/dpress.ma\/fr\/"},{"@type":"ListItem","position":2,"name":"Rabat: des pan\u00e9listes mettent en avant l\u2019afro-marocanit\u00e9 du chant ghiwanien"}]},{"@type":"WebSite","@id":"https:\/\/dpress.ma\/fr\/#website","url":"https:\/\/dpress.ma\/fr\/","name":"Dpress.ma\/fr","description":"","potentialAction":[{"@type":"SearchAction","target":{"@type":"EntryPoint","urlTemplate":"https:\/\/dpress.ma\/fr\/?s={search_term_string}"},"query-input":{"@type":"PropertyValueSpecification","valueRequired":true,"valueName":"search_term_string"}}],"inLanguage":"fr-FR"},{"@type":"Person","@id":"https:\/\/dpress.ma\/fr\/#\/schema\/person\/4898febf3ccd59e6578d838656a306a0","name":"Dpress.ma","image":{"@type":"ImageObject","inLanguage":"fr-FR","@id":"https:\/\/secure.gravatar.com\/avatar\/72ecc30e9db047a2e0e7176561eb9d564ed77c8108376495b19bd8336405198a?s=96&d=mm&r=g","url":"https:\/\/secure.gravatar.com\/avatar\/72ecc30e9db047a2e0e7176561eb9d564ed77c8108376495b19bd8336405198a?s=96&d=mm&r=g","contentUrl":"https:\/\/secure.gravatar.com\/avatar\/72ecc30e9db047a2e0e7176561eb9d564ed77c8108376495b19bd8336405198a?s=96&d=mm&r=g","caption":"Dpress.ma"},"sameAs":["https:\/\/www.dpress.ma"],"url":"https:\/\/dpress.ma\/fr\/author\/dpress-ma\/"}]}},"amp_enabled":true,"_links":{"self":[{"href":"https:\/\/dpress.ma\/fr\/wp-json\/wp\/v2\/posts\/3861","targetHints":{"allow":["GET"]}}],"collection":[{"href":"https:\/\/dpress.ma\/fr\/wp-json\/wp\/v2\/posts"}],"about":[{"href":"https:\/\/dpress.ma\/fr\/wp-json\/wp\/v2\/types\/post"}],"author":[{"embeddable":true,"href":"https:\/\/dpress.ma\/fr\/wp-json\/wp\/v2\/users\/2"}],"replies":[{"embeddable":true,"href":"https:\/\/dpress.ma\/fr\/wp-json\/wp\/v2\/comments?post=3861"}],"version-history":[{"count":1,"href":"https:\/\/dpress.ma\/fr\/wp-json\/wp\/v2\/posts\/3861\/revisions"}],"predecessor-version":[{"id":3863,"href":"https:\/\/dpress.ma\/fr\/wp-json\/wp\/v2\/posts\/3861\/revisions\/3863"}],"wp:featuredmedia":[{"embeddable":true,"href":"https:\/\/dpress.ma\/fr\/wp-json\/wp\/v2\/media\/3862"}],"wp:attachment":[{"href":"https:\/\/dpress.ma\/fr\/wp-json\/wp\/v2\/media?parent=3861"}],"wp:term":[{"taxonomy":"category","embeddable":true,"href":"https:\/\/dpress.ma\/fr\/wp-json\/wp\/v2\/categories?post=3861"},{"taxonomy":"post_tag","embeddable":true,"href":"https:\/\/dpress.ma\/fr\/wp-json\/wp\/v2\/tags?post=3861"}],"curies":[{"name":"wp","href":"https:\/\/api.w.org\/{rel}","templated":true}]}}