{"id":3858,"date":"2023-03-02T14:02:39","date_gmt":"2023-03-02T14:02:39","guid":{"rendered":"https:\/\/dpress.ma\/fr\/?p=3858"},"modified":"2023-03-02T14:02:40","modified_gmt":"2023-03-02T14:02:40","slug":"maroc-serbie-le-potentiel-de-la-cooperation-economique-et-commerciale-est-enorme-ambassadeur","status":"publish","type":"post","link":"https:\/\/dpress.ma\/fr\/2023\/03\/02\/maroc-serbie-le-potentiel-de-la-cooperation-economique-et-commerciale-est-enorme-ambassadeur\/","title":{"rendered":"Maroc-Serbie : Le potentiel de la coop\u00e9ration \u00e9conomique et commerciale est \u201d\u00e9norme\u201d (Ambassadeur)"},"content":{"rendered":"\n<p>Dpress<\/p>\n\n\n\n<p>Le potentiel de la coop\u00e9ration entre le Maroc et la Serbie dans les domaines \u00e9conomique et commercial est \u201c\u00e9norme\u201d, a affirm\u00e9 l\u2019ambassadeur du Maroc en Serbie, Mohammed Amine Belhaj.<\/p>\n\n\n\n<p>Dans une interview accord\u00e9e au quotidien serbe \u201cPolitika\u201d, \u00e0 l\u2019occasion de la c\u00e9l\u00e9bration du 66\u00e8me anniversaire de l\u2019\u00e9tablissement des relations diplomatiques entre la R\u00e9publique de Serbie et le Royaume du Maroc, M. Belhaj a estim\u00e9 que les deux pays ont encore un long chemin \u00e0 parcourir pour d\u00e9velopper leurs liens \u00e9conomiques et commerciaux de mani\u00e8re \u00e0 refl\u00e9ter l\u2019excellence de leurs relations politiques.<\/p>\n\n\n\n<p>Il a, dans ce sens, not\u00e9 que le Maroc et la Serbie partagent des positions similaires sur la d\u00e9fense de l\u2019int\u00e9grit\u00e9 territoriale et de la souverainet\u00e9 nationale et sur la promotion de valeurs nobles telles que la paix, la coexistence et le multilat\u00e9ralisme.<\/p>\n\n\n\n<p>A cet \u00e9gard, M. Belhaj a mis en exergue le soutien de la Serbie au plan d\u2019autonomie en tant que solution s\u00e9rieuse et cr\u00e9dible au conflit r\u00e9gional autour du Sahara marocain, notant que les institutions l\u00e9gislatives et gouvernementales des deux pays ont r\u00e9ussi \u00e0 \u00e9tablir une coop\u00e9ration exemplaire, notamment dans les diff\u00e9rentes instances internationales.<\/p>\n\n\n\n<p>De m\u00eame, Rabat et Belgrade se sont engag\u00e9s \u00e0 redynamiser l\u2019aspect \u00e9conomique et commercial de la coop\u00e9ration bilat\u00e9rale gr\u00e2ce \u00e0 un cadre juridique solide. \u201cC\u2019est pourquoi nos ministres des affaires \u00e9trang\u00e8res ont d\u00e9cid\u00e9 de donner \u00e0 la prochaine session de la commission \u00e9conomique mixte, qui, je l\u2019esp\u00e8re, se tiendra cette ann\u00e9e \u00e0 Belgrade, un caract\u00e8re industriel et \u00e9conomique\u201d, a-t-il dit.<\/p>\n\n\n\n<p>Le diplomate a estim\u00e9 que les \u00e9conomies du Maroc et de la Serbie sont compl\u00e9mentaires, ce qui ouvre de larges perspectives de coop\u00e9ration dans plusieurs secteurs comme l\u2019agriculture, l\u2019industrie automobile, le tourisme ou encore la biotechnologie, Belgrade \u00e9tant consid\u00e9r\u00e9e comme l\u2019un des principaux centres mondiaux dans ce domaine.<\/p>\n\n\n\n<p>\u201cNous devrions encourager nos communaut\u00e9s d\u2019affaires \u00e0 explorer et \u00e0 saisir l\u2019\u00e9norme potentiel inexploit\u00e9 et les opportunit\u00e9s de commerce et d\u2019investissement\u201d, a-t-il plaid\u00e9, \u00e9voquant \u00e9galement le potentiel de coop\u00e9ration en mati\u00e8re d\u2019\u00e9change d\u2019\u00e9tudiants entre le Maroc et la Serbie ou encore de transition vers l\u2019\u00e9nergie verte.<\/p>\n\n\n\n<p>Interrog\u00e9 par \u201cPolitika\u201d sur la fa\u00e7on avec laquelle le Maroc et la Serbie, \u201cdeux acteurs g\u00e9opolitiques influents en Afrique et dans les Balkans\u201d, peuvent favoriser un rapprochement entre ces deux r\u00e9gions dans le contexte actuel, M. Belhaj a relev\u00e9 que le Royaume est un partenaire fiable pour aider \u00e0 atteindre cet objectif, gr\u00e2ce \u00e0 une coop\u00e9ration triangulaire avec d\u2019autres pays africains.<\/p>\n\n\n\n<p>Le Maroc est consid\u00e9r\u00e9 avec beaucoup de respect pour \u00eatre l\u2019un des plus grands investisseurs africains en Afrique, \u0153uvrant pour la cr\u00e9ation de partenariats gagnant-gagnant ax\u00e9s sur le d\u00e9veloppement humain et durable, a-t-il soulign\u00e9, notant que les entreprises marocaines sont pr\u00e9sentes dans plus des deux tiers des pays africains dans des secteurs importants tels que l\u2019agriculture, la banque, la construction et les services.<\/p>\n\n\n\n<p>\u201cCompte tenu de notre amiti\u00e9 traditionnelle avec la Serbie, je pense qu\u2019un partenariat sur le march\u00e9 africain, de plus d\u2019un milliard de personnes, serait tr\u00e8s avantageux pour les deux parties\u201d, a-t-il affirm\u00e9.<\/p>\n\n\n\n<p>De son c\u00f4t\u00e9, la Serbie, en tant que carrefour majeur dans la r\u00e9gion des Balkans, pourrait offrir aux investisseurs et entreprises marocains un point d\u2019ancrage pour explorer ce march\u00e9 prometteur et \u00e9tendre leurs activit\u00e9s \u00e0 cette partie de l\u2019Europe, a ajout\u00e9 le diplomate.<\/p>\n","protected":false},"excerpt":{"rendered":"<p>Dpress Le potentiel de la coop\u00e9ration entre le Maroc et la Serbie dans les domaines \u00e9conomique et commercial est \u201c\u00e9norme\u201d, a affirm\u00e9 l\u2019ambassadeur du Maroc en Serbie, Mohammed Amine Belhaj. Dans une interview accord\u00e9e au quotidien serbe \u201cPolitika\u201d, \u00e0 l\u2019occasion de la c\u00e9l\u00e9bration du 66\u00e8me anniversaire de l\u2019\u00e9tablissement des relations diplomatiques entre la R\u00e9publique de &hellip;<\/p>\n","protected":false},"author":2,"featured_media":3826,"comment_status":"open","ping_status":"open","sticky":false,"template":"","format":"standard","meta":{"footnotes":""},"categories":[25],"tags":[],"class_list":["post-3858","post","type-post","status-publish","format-standard","has-post-thumbnail","hentry","category-economie"],"yoast_head":"<!-- This site is optimized with the Yoast SEO plugin v27.5 - https:\/\/yoast.com\/product\/yoast-seo-wordpress\/ -->\n<title>Maroc-Serbie : Le potentiel de la coop\u00e9ration \u00e9conomique et commerciale est \u201d\u00e9norme\u201d (Ambassadeur) - Dpress.ma\/fr<\/title>\n<meta name=\"description\" content=\"Le potentiel de la coop\u00e9ration entre le Maroc et la Serbie dans les domaines \u00e9conomique et commercial est \u201c\u00e9norme\u201d, a affirm\u00e9 l\u2019ambassadeur du Maroc en Serbie, Mohammed Amine Belhaj.\" \/>\n<meta name=\"robots\" content=\"index, follow, max-snippet:-1, max-image-preview:large, max-video-preview:-1\" \/>\n<link rel=\"canonical\" href=\"https:\/\/dpress.ma\/fr\/2023\/03\/02\/maroc-serbie-le-potentiel-de-la-cooperation-economique-et-commerciale-est-enorme-ambassadeur\/\" \/>\n<meta property=\"og:locale\" content=\"fr_FR\" \/>\n<meta property=\"og:type\" content=\"article\" \/>\n<meta property=\"og:title\" content=\"Maroc-Serbie : Le potentiel de la coop\u00e9ration \u00e9conomique et commerciale est \u201d\u00e9norme\u201d (Ambassadeur) - Dpress.ma\/fr\" \/>\n<meta property=\"og:description\" content=\"Le potentiel de la coop\u00e9ration entre le Maroc et la Serbie dans les domaines \u00e9conomique et commercial est \u201c\u00e9norme\u201d, a affirm\u00e9 l\u2019ambassadeur du Maroc en Serbie, Mohammed Amine Belhaj.\" \/>\n<meta property=\"og:url\" content=\"https:\/\/dpress.ma\/fr\/2023\/03\/02\/maroc-serbie-le-potentiel-de-la-cooperation-economique-et-commerciale-est-enorme-ambassadeur\/\" \/>\n<meta property=\"og:site_name\" content=\"Dpress.ma\/fr\" \/>\n<meta property=\"article:published_time\" content=\"2023-03-02T14:02:39+00:00\" \/>\n<meta property=\"article:modified_time\" content=\"2023-03-02T14:02:40+00:00\" \/>\n<meta property=\"og:image\" content=\"https:\/\/dpress.ma\/fr\/wp-content\/uploads\/sites\/2\/2023\/02\/dimensions2-74.jpg\" \/>\n\t<meta property=\"og:image:width\" content=\"2539\" \/>\n\t<meta property=\"og:image:height\" content=\"1594\" \/>\n\t<meta property=\"og:image:type\" content=\"image\/jpeg\" \/>\n<meta name=\"author\" content=\"Dpress.ma\" \/>\n<meta name=\"twitter:card\" content=\"summary_large_image\" \/>\n<meta name=\"twitter:label1\" content=\"\u00c9crit par\" \/>\n\t<meta name=\"twitter:data1\" content=\"Dpress.ma\" \/>\n\t<meta name=\"twitter:label2\" content=\"Dur\u00e9e de lecture estim\u00e9e\" \/>\n\t<meta name=\"twitter:data2\" content=\"3 minutes\" \/>\n<script type=\"application\/ld+json\" class=\"yoast-schema-graph\">{\"@context\":\"https:\\\/\\\/schema.org\",\"@graph\":[{\"@type\":\"Article\",\"@id\":\"https:\\\/\\\/dpress.ma\\\/fr\\\/2023\\\/03\\\/02\\\/maroc-serbie-le-potentiel-de-la-cooperation-economique-et-commerciale-est-enorme-ambassadeur\\\/#article\",\"isPartOf\":{\"@id\":\"https:\\\/\\\/dpress.ma\\\/fr\\\/2023\\\/03\\\/02\\\/maroc-serbie-le-potentiel-de-la-cooperation-economique-et-commerciale-est-enorme-ambassadeur\\\/\"},\"author\":{\"name\":\"Dpress.ma\",\"@id\":\"https:\\\/\\\/dpress.ma\\\/fr\\\/#\\\/schema\\\/person\\\/4898febf3ccd59e6578d838656a306a0\"},\"headline\":\"Maroc-Serbie : Le potentiel de la coop\u00e9ration \u00e9conomique et commerciale est \u201d\u00e9norme\u201d (Ambassadeur)\",\"datePublished\":\"2023-03-02T14:02:39+00:00\",\"dateModified\":\"2023-03-02T14:02:40+00:00\",\"mainEntityOfPage\":{\"@id\":\"https:\\\/\\\/dpress.ma\\\/fr\\\/2023\\\/03\\\/02\\\/maroc-serbie-le-potentiel-de-la-cooperation-economique-et-commerciale-est-enorme-ambassadeur\\\/\"},\"wordCount\":617,\"commentCount\":0,\"image\":{\"@id\":\"https:\\\/\\\/dpress.ma\\\/fr\\\/2023\\\/03\\\/02\\\/maroc-serbie-le-potentiel-de-la-cooperation-economique-et-commerciale-est-enorme-ambassadeur\\\/#primaryimage\"},\"thumbnailUrl\":\"https:\\\/\\\/dpress.ma\\\/fr\\\/wp-content\\\/uploads\\\/sites\\\/2\\\/2023\\\/02\\\/dimensions2-74.jpg\",\"articleSection\":[\"\u00c9conomie\"],\"inLanguage\":\"fr-FR\",\"potentialAction\":[{\"@type\":\"CommentAction\",\"name\":\"Comment\",\"target\":[\"https:\\\/\\\/dpress.ma\\\/fr\\\/2023\\\/03\\\/02\\\/maroc-serbie-le-potentiel-de-la-cooperation-economique-et-commerciale-est-enorme-ambassadeur\\\/#respond\"]}]},{\"@type\":\"WebPage\",\"@id\":\"https:\\\/\\\/dpress.ma\\\/fr\\\/2023\\\/03\\\/02\\\/maroc-serbie-le-potentiel-de-la-cooperation-economique-et-commerciale-est-enorme-ambassadeur\\\/\",\"url\":\"https:\\\/\\\/dpress.ma\\\/fr\\\/2023\\\/03\\\/02\\\/maroc-serbie-le-potentiel-de-la-cooperation-economique-et-commerciale-est-enorme-ambassadeur\\\/\",\"name\":\"Maroc-Serbie : Le potentiel de la coop\u00e9ration \u00e9conomique et commerciale est \u201d\u00e9norme\u201d (Ambassadeur) - Dpress.ma\\\/fr\",\"isPartOf\":{\"@id\":\"https:\\\/\\\/dpress.ma\\\/fr\\\/#website\"},\"primaryImageOfPage\":{\"@id\":\"https:\\\/\\\/dpress.ma\\\/fr\\\/2023\\\/03\\\/02\\\/maroc-serbie-le-potentiel-de-la-cooperation-economique-et-commerciale-est-enorme-ambassadeur\\\/#primaryimage\"},\"image\":{\"@id\":\"https:\\\/\\\/dpress.ma\\\/fr\\\/2023\\\/03\\\/02\\\/maroc-serbie-le-potentiel-de-la-cooperation-economique-et-commerciale-est-enorme-ambassadeur\\\/#primaryimage\"},\"thumbnailUrl\":\"https:\\\/\\\/dpress.ma\\\/fr\\\/wp-content\\\/uploads\\\/sites\\\/2\\\/2023\\\/02\\\/dimensions2-74.jpg\",\"datePublished\":\"2023-03-02T14:02:39+00:00\",\"dateModified\":\"2023-03-02T14:02:40+00:00\",\"author\":{\"@id\":\"https:\\\/\\\/dpress.ma\\\/fr\\\/#\\\/schema\\\/person\\\/4898febf3ccd59e6578d838656a306a0\"},\"description\":\"Le potentiel de la coop\u00e9ration entre le Maroc et la Serbie dans les domaines \u00e9conomique et commercial est \u201c\u00e9norme\u201d, a affirm\u00e9 l\u2019ambassadeur du Maroc en Serbie, Mohammed Amine Belhaj.\",\"breadcrumb\":{\"@id\":\"https:\\\/\\\/dpress.ma\\\/fr\\\/2023\\\/03\\\/02\\\/maroc-serbie-le-potentiel-de-la-cooperation-economique-et-commerciale-est-enorme-ambassadeur\\\/#breadcrumb\"},\"inLanguage\":\"fr-FR\",\"potentialAction\":[{\"@type\":\"ReadAction\",\"target\":[\"https:\\\/\\\/dpress.ma\\\/fr\\\/2023\\\/03\\\/02\\\/maroc-serbie-le-potentiel-de-la-cooperation-economique-et-commerciale-est-enorme-ambassadeur\\\/\"]}]},{\"@type\":\"ImageObject\",\"inLanguage\":\"fr-FR\",\"@id\":\"https:\\\/\\\/dpress.ma\\\/fr\\\/2023\\\/03\\\/02\\\/maroc-serbie-le-potentiel-de-la-cooperation-economique-et-commerciale-est-enorme-ambassadeur\\\/#primaryimage\",\"url\":\"https:\\\/\\\/dpress.ma\\\/fr\\\/wp-content\\\/uploads\\\/sites\\\/2\\\/2023\\\/02\\\/dimensions2-74.jpg\",\"contentUrl\":\"https:\\\/\\\/dpress.ma\\\/fr\\\/wp-content\\\/uploads\\\/sites\\\/2\\\/2023\\\/02\\\/dimensions2-74.jpg\",\"width\":2539,\"height\":1594},{\"@type\":\"BreadcrumbList\",\"@id\":\"https:\\\/\\\/dpress.ma\\\/fr\\\/2023\\\/03\\\/02\\\/maroc-serbie-le-potentiel-de-la-cooperation-economique-et-commerciale-est-enorme-ambassadeur\\\/#breadcrumb\",\"itemListElement\":[{\"@type\":\"ListItem\",\"position\":1,\"name\":\"Home\",\"item\":\"https:\\\/\\\/dpress.ma\\\/fr\\\/\"},{\"@type\":\"ListItem\",\"position\":2,\"name\":\"Maroc-Serbie : Le potentiel de la coop\u00e9ration \u00e9conomique et commerciale est \u201d\u00e9norme\u201d (Ambassadeur)\"}]},{\"@type\":\"WebSite\",\"@id\":\"https:\\\/\\\/dpress.ma\\\/fr\\\/#website\",\"url\":\"https:\\\/\\\/dpress.ma\\\/fr\\\/\",\"name\":\"Dpress.ma\\\/fr\",\"description\":\"\",\"potentialAction\":[{\"@type\":\"SearchAction\",\"target\":{\"@type\":\"EntryPoint\",\"urlTemplate\":\"https:\\\/\\\/dpress.ma\\\/fr\\\/?s={search_term_string}\"},\"query-input\":{\"@type\":\"PropertyValueSpecification\",\"valueRequired\":true,\"valueName\":\"search_term_string\"}}],\"inLanguage\":\"fr-FR\"},{\"@type\":\"Person\",\"@id\":\"https:\\\/\\\/dpress.ma\\\/fr\\\/#\\\/schema\\\/person\\\/4898febf3ccd59e6578d838656a306a0\",\"name\":\"Dpress.ma\",\"image\":{\"@type\":\"ImageObject\",\"inLanguage\":\"fr-FR\",\"@id\":\"https:\\\/\\\/secure.gravatar.com\\\/avatar\\\/72ecc30e9db047a2e0e7176561eb9d564ed77c8108376495b19bd8336405198a?s=96&d=mm&r=g\",\"url\":\"https:\\\/\\\/secure.gravatar.com\\\/avatar\\\/72ecc30e9db047a2e0e7176561eb9d564ed77c8108376495b19bd8336405198a?s=96&d=mm&r=g\",\"contentUrl\":\"https:\\\/\\\/secure.gravatar.com\\\/avatar\\\/72ecc30e9db047a2e0e7176561eb9d564ed77c8108376495b19bd8336405198a?s=96&d=mm&r=g\",\"caption\":\"Dpress.ma\"},\"sameAs\":[\"https:\\\/\\\/www.dpress.ma\"],\"url\":\"https:\\\/\\\/dpress.ma\\\/fr\\\/author\\\/dpress-ma\\\/\"}]}<\/script>\n<!-- \/ Yoast SEO plugin. -->","yoast_head_json":{"title":"Maroc-Serbie : Le potentiel de la coop\u00e9ration \u00e9conomique et commerciale est \u201d\u00e9norme\u201d (Ambassadeur) - Dpress.ma\/fr","description":"Le potentiel de la coop\u00e9ration entre le Maroc et la Serbie dans les domaines \u00e9conomique et commercial est \u201c\u00e9norme\u201d, a affirm\u00e9 l\u2019ambassadeur du Maroc en Serbie, Mohammed Amine Belhaj.","robots":{"index":"index","follow":"follow","max-snippet":"max-snippet:-1","max-image-preview":"max-image-preview:large","max-video-preview":"max-video-preview:-1"},"canonical":"https:\/\/dpress.ma\/fr\/2023\/03\/02\/maroc-serbie-le-potentiel-de-la-cooperation-economique-et-commerciale-est-enorme-ambassadeur\/","og_locale":"fr_FR","og_type":"article","og_title":"Maroc-Serbie : Le potentiel de la coop\u00e9ration \u00e9conomique et commerciale est \u201d\u00e9norme\u201d (Ambassadeur) - Dpress.ma\/fr","og_description":"Le potentiel de la coop\u00e9ration entre le Maroc et la Serbie dans les domaines \u00e9conomique et commercial est \u201c\u00e9norme\u201d, a affirm\u00e9 l\u2019ambassadeur du Maroc en Serbie, Mohammed Amine Belhaj.","og_url":"https:\/\/dpress.ma\/fr\/2023\/03\/02\/maroc-serbie-le-potentiel-de-la-cooperation-economique-et-commerciale-est-enorme-ambassadeur\/","og_site_name":"Dpress.ma\/fr","article_published_time":"2023-03-02T14:02:39+00:00","article_modified_time":"2023-03-02T14:02:40+00:00","og_image":[{"width":2539,"height":1594,"url":"https:\/\/dpress.ma\/fr\/wp-content\/uploads\/sites\/2\/2023\/02\/dimensions2-74.jpg","type":"image\/jpeg"}],"author":"Dpress.ma","twitter_card":"summary_large_image","twitter_misc":{"\u00c9crit par":"Dpress.ma","Dur\u00e9e de lecture estim\u00e9e":"3 minutes"},"schema":{"@context":"https:\/\/schema.org","@graph":[{"@type":"Article","@id":"https:\/\/dpress.ma\/fr\/2023\/03\/02\/maroc-serbie-le-potentiel-de-la-cooperation-economique-et-commerciale-est-enorme-ambassadeur\/#article","isPartOf":{"@id":"https:\/\/dpress.ma\/fr\/2023\/03\/02\/maroc-serbie-le-potentiel-de-la-cooperation-economique-et-commerciale-est-enorme-ambassadeur\/"},"author":{"name":"Dpress.ma","@id":"https:\/\/dpress.ma\/fr\/#\/schema\/person\/4898febf3ccd59e6578d838656a306a0"},"headline":"Maroc-Serbie : Le potentiel de la coop\u00e9ration \u00e9conomique et commerciale est \u201d\u00e9norme\u201d (Ambassadeur)","datePublished":"2023-03-02T14:02:39+00:00","dateModified":"2023-03-02T14:02:40+00:00","mainEntityOfPage":{"@id":"https:\/\/dpress.ma\/fr\/2023\/03\/02\/maroc-serbie-le-potentiel-de-la-cooperation-economique-et-commerciale-est-enorme-ambassadeur\/"},"wordCount":617,"commentCount":0,"image":{"@id":"https:\/\/dpress.ma\/fr\/2023\/03\/02\/maroc-serbie-le-potentiel-de-la-cooperation-economique-et-commerciale-est-enorme-ambassadeur\/#primaryimage"},"thumbnailUrl":"https:\/\/dpress.ma\/fr\/wp-content\/uploads\/sites\/2\/2023\/02\/dimensions2-74.jpg","articleSection":["\u00c9conomie"],"inLanguage":"fr-FR","potentialAction":[{"@type":"CommentAction","name":"Comment","target":["https:\/\/dpress.ma\/fr\/2023\/03\/02\/maroc-serbie-le-potentiel-de-la-cooperation-economique-et-commerciale-est-enorme-ambassadeur\/#respond"]}]},{"@type":"WebPage","@id":"https:\/\/dpress.ma\/fr\/2023\/03\/02\/maroc-serbie-le-potentiel-de-la-cooperation-economique-et-commerciale-est-enorme-ambassadeur\/","url":"https:\/\/dpress.ma\/fr\/2023\/03\/02\/maroc-serbie-le-potentiel-de-la-cooperation-economique-et-commerciale-est-enorme-ambassadeur\/","name":"Maroc-Serbie : Le potentiel de la coop\u00e9ration \u00e9conomique et commerciale est \u201d\u00e9norme\u201d (Ambassadeur) - Dpress.ma\/fr","isPartOf":{"@id":"https:\/\/dpress.ma\/fr\/#website"},"primaryImageOfPage":{"@id":"https:\/\/dpress.ma\/fr\/2023\/03\/02\/maroc-serbie-le-potentiel-de-la-cooperation-economique-et-commerciale-est-enorme-ambassadeur\/#primaryimage"},"image":{"@id":"https:\/\/dpress.ma\/fr\/2023\/03\/02\/maroc-serbie-le-potentiel-de-la-cooperation-economique-et-commerciale-est-enorme-ambassadeur\/#primaryimage"},"thumbnailUrl":"https:\/\/dpress.ma\/fr\/wp-content\/uploads\/sites\/2\/2023\/02\/dimensions2-74.jpg","datePublished":"2023-03-02T14:02:39+00:00","dateModified":"2023-03-02T14:02:40+00:00","author":{"@id":"https:\/\/dpress.ma\/fr\/#\/schema\/person\/4898febf3ccd59e6578d838656a306a0"},"description":"Le potentiel de la coop\u00e9ration entre le Maroc et la Serbie dans les domaines \u00e9conomique et commercial est \u201c\u00e9norme\u201d, a affirm\u00e9 l\u2019ambassadeur du Maroc en Serbie, Mohammed Amine Belhaj.","breadcrumb":{"@id":"https:\/\/dpress.ma\/fr\/2023\/03\/02\/maroc-serbie-le-potentiel-de-la-cooperation-economique-et-commerciale-est-enorme-ambassadeur\/#breadcrumb"},"inLanguage":"fr-FR","potentialAction":[{"@type":"ReadAction","target":["https:\/\/dpress.ma\/fr\/2023\/03\/02\/maroc-serbie-le-potentiel-de-la-cooperation-economique-et-commerciale-est-enorme-ambassadeur\/"]}]},{"@type":"ImageObject","inLanguage":"fr-FR","@id":"https:\/\/dpress.ma\/fr\/2023\/03\/02\/maroc-serbie-le-potentiel-de-la-cooperation-economique-et-commerciale-est-enorme-ambassadeur\/#primaryimage","url":"https:\/\/dpress.ma\/fr\/wp-content\/uploads\/sites\/2\/2023\/02\/dimensions2-74.jpg","contentUrl":"https:\/\/dpress.ma\/fr\/wp-content\/uploads\/sites\/2\/2023\/02\/dimensions2-74.jpg","width":2539,"height":1594},{"@type":"BreadcrumbList","@id":"https:\/\/dpress.ma\/fr\/2023\/03\/02\/maroc-serbie-le-potentiel-de-la-cooperation-economique-et-commerciale-est-enorme-ambassadeur\/#breadcrumb","itemListElement":[{"@type":"ListItem","position":1,"name":"Home","item":"https:\/\/dpress.ma\/fr\/"},{"@type":"ListItem","position":2,"name":"Maroc-Serbie : Le potentiel de la coop\u00e9ration \u00e9conomique et commerciale est \u201d\u00e9norme\u201d (Ambassadeur)"}]},{"@type":"WebSite","@id":"https:\/\/dpress.ma\/fr\/#website","url":"https:\/\/dpress.ma\/fr\/","name":"Dpress.ma\/fr","description":"","potentialAction":[{"@type":"SearchAction","target":{"@type":"EntryPoint","urlTemplate":"https:\/\/dpress.ma\/fr\/?s={search_term_string}"},"query-input":{"@type":"PropertyValueSpecification","valueRequired":true,"valueName":"search_term_string"}}],"inLanguage":"fr-FR"},{"@type":"Person","@id":"https:\/\/dpress.ma\/fr\/#\/schema\/person\/4898febf3ccd59e6578d838656a306a0","name":"Dpress.ma","image":{"@type":"ImageObject","inLanguage":"fr-FR","@id":"https:\/\/secure.gravatar.com\/avatar\/72ecc30e9db047a2e0e7176561eb9d564ed77c8108376495b19bd8336405198a?s=96&d=mm&r=g","url":"https:\/\/secure.gravatar.com\/avatar\/72ecc30e9db047a2e0e7176561eb9d564ed77c8108376495b19bd8336405198a?s=96&d=mm&r=g","contentUrl":"https:\/\/secure.gravatar.com\/avatar\/72ecc30e9db047a2e0e7176561eb9d564ed77c8108376495b19bd8336405198a?s=96&d=mm&r=g","caption":"Dpress.ma"},"sameAs":["https:\/\/www.dpress.ma"],"url":"https:\/\/dpress.ma\/fr\/author\/dpress-ma\/"}]}},"amp_enabled":true,"_links":{"self":[{"href":"https:\/\/dpress.ma\/fr\/wp-json\/wp\/v2\/posts\/3858","targetHints":{"allow":["GET"]}}],"collection":[{"href":"https:\/\/dpress.ma\/fr\/wp-json\/wp\/v2\/posts"}],"about":[{"href":"https:\/\/dpress.ma\/fr\/wp-json\/wp\/v2\/types\/post"}],"author":[{"embeddable":true,"href":"https:\/\/dpress.ma\/fr\/wp-json\/wp\/v2\/users\/2"}],"replies":[{"embeddable":true,"href":"https:\/\/dpress.ma\/fr\/wp-json\/wp\/v2\/comments?post=3858"}],"version-history":[{"count":1,"href":"https:\/\/dpress.ma\/fr\/wp-json\/wp\/v2\/posts\/3858\/revisions"}],"predecessor-version":[{"id":3859,"href":"https:\/\/dpress.ma\/fr\/wp-json\/wp\/v2\/posts\/3858\/revisions\/3859"}],"wp:featuredmedia":[{"embeddable":true,"href":"https:\/\/dpress.ma\/fr\/wp-json\/wp\/v2\/media\/3826"}],"wp:attachment":[{"href":"https:\/\/dpress.ma\/fr\/wp-json\/wp\/v2\/media?parent=3858"}],"wp:term":[{"taxonomy":"category","embeddable":true,"href":"https:\/\/dpress.ma\/fr\/wp-json\/wp\/v2\/categories?post=3858"},{"taxonomy":"post_tag","embeddable":true,"href":"https:\/\/dpress.ma\/fr\/wp-json\/wp\/v2\/tags?post=3858"}],"curies":[{"name":"wp","href":"https:\/\/api.w.org\/{rel}","templated":true}]}}