{"id":3847,"date":"2023-03-02T13:30:17","date_gmt":"2023-03-02T13:30:17","guid":{"rendered":"https:\/\/dpress.ma\/fr\/?p=3847"},"modified":"2023-03-02T13:30:23","modified_gmt":"2023-03-02T13:30:23","slug":"17e-session-de-lapm-les-representants-des-parlements-arabes-appellent-a-une-relance-du-partenariat-euromediterraneen","status":"publish","type":"post","link":"https:\/\/dpress.ma\/fr\/2023\/03\/02\/17e-session-de-lapm-les-representants-des-parlements-arabes-appellent-a-une-relance-du-partenariat-euromediterraneen\/","title":{"rendered":"17\u00e8 session de l\u2019APM: Les repr\u00e9sentants des parlements arabes appellent \u00e0 une relance du partenariat eurom\u00e9diterran\u00e9en"},"content":{"rendered":"\n<p>Dpress<\/p>\n\n\n\n<p>Les repr\u00e9sentants des parlements arabes ont appel\u00e9, mercredi \u00e0 Rabat, \u00e0 relancer le partenariat eurom\u00e9diterran\u00e9en et \u00e0 lui donner un nouvel \u00e9lan \u00e0 la lumi\u00e8re des troubles s\u00e9curitaires, \u00e9conomiques, sanitaires et environnementaux que conna\u00eet le monde.<\/p>\n\n\n\n<p>Lors de la s\u00e9ance d\u2019ouverture de la 17\u00e8 session de l\u2019Assembl\u00e9e Parlementaire de la M\u00e9diterran\u00e9e (APM), accueillie par le Parlement marocain sur deux jours, ils ont soulign\u00e9 la n\u00e9cessit\u00e9 pour les parlementaires d\u2019engager des discussions fructueuses et de mettre \u00e0 contribution leur expertise l\u00e9gislative afin de construire un avenir meilleur pour les peuples de la r\u00e9gion arabe et m\u00e9diterran\u00e9enne, appelant \u00e0 un diagnostic pr\u00e9cis des d\u00e9fis et \u0153uvrer pour la paix et la stabilit\u00e9 dans la r\u00e9gion.<\/p>\n\n\n\n<p>\u00c0 cet \u00e9gard, le d\u00e9put\u00e9 Mohamed Abou El-Enein, de la Chambre des repr\u00e9sentants d\u2019\u00c9gypte a appel\u00e9 \u00e0 la mise en place d\u2019un nouveau partenariat eurom\u00e9diterran\u00e9en bas\u00e9 sur la croissance, le commerce et l\u2019investissement b\u00e9n\u00e9fique pour tous, soulignant l\u2019imp\u00e9ratif pour les pays du Nord de changer leur vision vis-\u00e0-vis des pays du Sud dans le cadre d\u2019un engagement politique, d\u2019une volont\u00e9 s\u00e9rieuse et d\u2019un investissement suffisant.<\/p>\n\n\n\n<p>Dans ce sillage, M. Abou El-Enein a appel\u00e9 \u00e0 l\u2019\u00e9laboration d\u2019une charte eurom\u00e9diterran\u00e9enne qui prot\u00e8ge et promeut l\u2019investissement, \u00e0 concevoir une carte eurom\u00e9diterran\u00e9enne des investissements qui tienne compte des ressources de chaque pays et \u00e0 \u00e9largir le partenariat pour inclure le continent africain en tant que terre d\u2019avenir, dont le potentiel r\u00e9side dans la r\u00e9solution de nombreuses crises \u00e9nerg\u00e9tiques et alimentaires auxquelles le monde est confront\u00e9.<\/p>\n\n\n\n<p>Pour sa part, le Premier Vice-Pr\u00e9sident de la Chambre des repr\u00e9sentants jordanienne, Ahmed Ibrahim Al Khalayla, a exhort\u00e9 les parlementaires \u00e0 engager des discussions constructives et \u00e0 oeuvrer ensemble pour apporter des solutions aux probl\u00e8mes et d\u00e9fis li\u00e9s \u00e0 la migration, \u00e0 la s\u00e9curit\u00e9, au terrorisme, \u00e0 la traite des \u00eatres humains, aux d\u00e9veloppements g\u00e9opolitiques et s\u00e9curitaires dans la r\u00e9gion, soulignant que cette r\u00e9alit\u00e9 difficile ne peut \u00eatre surmont\u00e9e qu\u2019en red\u00e9finissant ces d\u00e9fis et en adoptant de nouvelles politiques.<\/p>\n\n\n\n<p>Il a soulign\u00e9 que la Jordanie est consciente de la gravit\u00e9 des probl\u00e8mes auxquels sont confront\u00e9s les pays de la r\u00e9gion et oeuvre pour lancer des initiatives et coop\u00e9rer avec tous les partenaires dans le but d\u2019investir dans les atouts de la r\u00e9gion et de tirer parti des ressources disponibles afin de parvenir \u00e0 une int\u00e9gration qui m\u00e8ne \u00e0 la prosp\u00e9rit\u00e9.<\/p>\n\n\n\n<p>Dans ce sillage, le pr\u00e9sident du Conseil de la Choura du Qatar, Hassan bin Abdullah Al Ghanim, a indiqu\u00e9, dans une allocution lue en son nom par son adjoint, Hamda bint Hassan Al Sulaiti, que les objectifs ambitieux que le Parlement de la M\u00e9diterran\u00e9e cherche \u00e0 atteindre contribueront \u00e0 renforcer la paix et la s\u00e9curit\u00e9 internationales, \u00e0 r\u00e9duire les tensions dans les foyers de conflit dans le monde, \u00e0 r\u00e9aliser le d\u00e9veloppement durable et \u00e0 \u00e9radiquer la pauvret\u00e9 et le terrorisme.<\/p>\n\n\n\n<p>\u00c0 cet \u00e9gard, il a soulign\u00e9 la n\u00e9cessit\u00e9 de respecter les droits fondamentaux des individus et des peuples, au premier rang desquels les droits inali\u00e9nables du peuple palestinien fr\u00e8re, qui lutte pour obtenir ses droits nationaux et \u00e9tablir son \u00c9tat ind\u00e9pendant avec AlQods-Est pour capitale, saluant les initiatives prises par le Parlement de la M\u00e9diterran\u00e9e pour r\u00e9aliser cet objectif.<\/p>\n\n\n\n<p>Pour sa part, Fahmi Zarir, membre du Bureau de la Pr\u00e9sidence et Secr\u00e9taire du Conseil national palestinien, a d\u00e9nonc\u00e9 les agressions isra\u00e9liennes dans les territoires palestiniens, tout en saluant le soutien apport\u00e9 par le Maroc, sous la conduite \u00e9clair\u00e9e de Sa Majest\u00e9 le Roi Mohammed VI, Pr\u00e9sident du Comit\u00e9 Al-Qods.<\/p>\n\n\n\n<p>M. Zarir a \u00e9mis le souhait de voir l\u2019APM poursuivre ses efforts pour atteindre ses objectifs et renforcer les liens de communication et les relations fortes entre les pays voisins de la M\u00e9diterran\u00e9e qui ont un destin commun et qui ont en partage des coutumes \u00e9troites et une coop\u00e9ration forte, appelant les partenaires du Nord \u00e0 miser sur le Sud pour un avenir prosp\u00e8re pour toutes les parties.<\/p>\n\n\n\n<p>De son c\u00f4t\u00e9, la deuxi\u00e8me vice-pr\u00e9sidente du Conseil de la Choura bahre\u00efnie, Jihad Abdellah Al-Fadhel, a soulign\u00e9 l\u2019importance de construire et d\u2019\u00e9largir les alliances parlementaires pour servir les int\u00e9r\u00eats strat\u00e9giques des pays, relevant que les pays du CCG en g\u00e9n\u00e9ral, et le Royaume du Bahre\u00efn en particulier, veillent \u00e0 coop\u00e9rer dans des domaines d\u2019int\u00e9r\u00eat commun pour les pays de la m\u00e9diterran\u00e9e, en particulier dans les domaines li\u00e9s \u00e0 la consolidation de la s\u00e9curit\u00e9 et de la paix, \u00e0 la lutte contre l\u2019extr\u00e9misme et le terrorisme, \u00e0 la promotion du d\u00e9veloppement durable, \u00e0 la s\u00e9curit\u00e9 \u00e9nerg\u00e9tique et \u00e0 la transformation num\u00e9rique.<\/p>\n\n\n\n<p>Elle a rappel\u00e9 la cr\u00e9ation au Maroc du R\u00e9seau parlementaire pour la s\u00e9curit\u00e9 alimentaire et la nutrition en Afrique et dans le monde arabe en 2019, appelant l\u2019APM \u00e0 adopter des partenariats parlementaires en relation directe avec les questions d\u2019actualit\u00e9 tout comme le dossier \u00e9conomique et la s\u00e9curit\u00e9 alimentaire, \u00e0 la lumi\u00e8re des d\u00e9fis pr\u00e9occupants induits par le changement climatique qui affecte particuli\u00e8rement la r\u00e9gion eurom\u00e9diterran\u00e9enne.<\/p>\n\n\n\n<p>La 17\u00e8 session de l\u2019APM traite divers questions et sujets d\u2019actualit\u00e9 \u00e0 l\u2019ordre du jour de cette organisation parlementaire, \u00e0 travers des recommandations et des r\u00e9solutions \u00e9labor\u00e9es dans le cadre des commissions permanentes sp\u00e9cialis\u00e9es de l\u2019APM, notamment celles li\u00e9es aux questions de l\u2019immigration, la S\u00e9curit\u00e9 et le terrorisme, le Crime organis\u00e9 et la traite d\u2019\u00eatres humains, les D\u00e9veloppements g\u00e9opolitiques et s\u00e9curitaires dans la r\u00e9gion, la Crise financi\u00e8re et \u00e9conomique, l\u2019Intelligence artificielle, l\u2019Efficacit\u00e9 \u00e9nerg\u00e9tique, la S\u00e9curit\u00e9 hydrique et la Protection du milieu marin.<\/p>\n\n\n\n<p>Cette session, qui intervient dans un contexte r\u00e9gional agit\u00e9 marqu\u00e9 par des d\u00e9fis multidimensionnels, se tiendra en pr\u00e9sence de plus de 200 participants, issus de 20 pays et organisations r\u00e9gionales et internationales, outre des acteurs de la soci\u00e9t\u00e9 civile et des op\u00e9rateurs \u00e9conomiques.<\/p>\n\n\n\n<p>Les travaux de cette 17\u00e8 Session seront marqu\u00e9s par l\u2019\u00e9lection du nouveau pr\u00e9sident de l\u2019Assembl\u00e9e Parlementaire de la M\u00e9diterran\u00e9en, pour la p\u00e9riode 2023-2024.<\/p>\n","protected":false},"excerpt":{"rendered":"<p>Dpress Les repr\u00e9sentants des parlements arabes ont appel\u00e9, mercredi \u00e0 Rabat, \u00e0 relancer le partenariat eurom\u00e9diterran\u00e9en et \u00e0 lui donner un nouvel \u00e9lan \u00e0 la lumi\u00e8re des troubles s\u00e9curitaires, \u00e9conomiques, sanitaires et environnementaux que conna\u00eet le monde. Lors de la s\u00e9ance d\u2019ouverture de la 17\u00e8 session de l\u2019Assembl\u00e9e Parlementaire de la M\u00e9diterran\u00e9e (APM), accueillie par &hellip;<\/p>\n","protected":false},"author":2,"featured_media":3528,"comment_status":"open","ping_status":"open","sticky":false,"template":"","format":"standard","meta":{"footnotes":""},"categories":[26],"tags":[],"class_list":["post-3847","post","type-post","status-publish","format-standard","has-post-thumbnail","hentry","category-politiques"],"yoast_head":"<!-- This site is optimized with the Yoast SEO plugin v27.5 - https:\/\/yoast.com\/product\/yoast-seo-wordpress\/ -->\n<title>17\u00e8 session de l\u2019APM: Les repr\u00e9sentants des parlements arabes appellent \u00e0 une relance du partenariat eurom\u00e9diterran\u00e9en - Dpress.ma\/fr<\/title>\n<meta name=\"description\" content=\"Les repr\u00e9sentants des parlements arabes ont appel\u00e9, mercredi \u00e0 Rabat, \u00e0 relancer le partenariat eurom\u00e9diterran\u00e9en et \u00e0 lui donner un nouvel \u00e9lan \u00e0 la lumi\u00e8re des troubles s\u00e9curitaires, \u00e9conomiques, sanitaires et environnementaux que conna\u00eet le monde.\" \/>\n<meta name=\"robots\" content=\"index, follow, max-snippet:-1, max-image-preview:large, max-video-preview:-1\" \/>\n<link rel=\"canonical\" href=\"https:\/\/dpress.ma\/fr\/2023\/03\/02\/17e-session-de-lapm-les-representants-des-parlements-arabes-appellent-a-une-relance-du-partenariat-euromediterraneen\/\" \/>\n<meta property=\"og:locale\" content=\"fr_FR\" \/>\n<meta property=\"og:type\" content=\"article\" \/>\n<meta property=\"og:title\" content=\"17\u00e8 session de l\u2019APM: Les repr\u00e9sentants des parlements arabes appellent \u00e0 une relance du partenariat eurom\u00e9diterran\u00e9en - Dpress.ma\/fr\" \/>\n<meta property=\"og:description\" content=\"Les repr\u00e9sentants des parlements arabes ont appel\u00e9, mercredi \u00e0 Rabat, \u00e0 relancer le partenariat eurom\u00e9diterran\u00e9en et \u00e0 lui donner un nouvel \u00e9lan \u00e0 la lumi\u00e8re des troubles s\u00e9curitaires, \u00e9conomiques, sanitaires et environnementaux que conna\u00eet le monde.\" \/>\n<meta property=\"og:url\" content=\"https:\/\/dpress.ma\/fr\/2023\/03\/02\/17e-session-de-lapm-les-representants-des-parlements-arabes-appellent-a-une-relance-du-partenariat-euromediterraneen\/\" \/>\n<meta property=\"og:site_name\" content=\"Dpress.ma\/fr\" \/>\n<meta property=\"article:published_time\" content=\"2023-03-02T13:30:17+00:00\" \/>\n<meta property=\"article:modified_time\" content=\"2023-03-02T13:30:23+00:00\" \/>\n<meta property=\"og:image\" content=\"https:\/\/dpress.ma\/fr\/wp-content\/uploads\/sites\/2\/2023\/02\/dimensions2-18.jpg\" \/>\n\t<meta property=\"og:image:width\" content=\"2539\" \/>\n\t<meta property=\"og:image:height\" content=\"1594\" \/>\n\t<meta property=\"og:image:type\" content=\"image\/jpeg\" \/>\n<meta name=\"author\" content=\"Dpress.ma\" \/>\n<meta name=\"twitter:card\" content=\"summary_large_image\" \/>\n<meta name=\"twitter:label1\" content=\"\u00c9crit par\" \/>\n\t<meta name=\"twitter:data1\" content=\"Dpress.ma\" \/>\n\t<meta name=\"twitter:label2\" content=\"Dur\u00e9e de lecture estim\u00e9e\" \/>\n\t<meta name=\"twitter:data2\" content=\"5 minutes\" \/>\n<script type=\"application\/ld+json\" class=\"yoast-schema-graph\">{\"@context\":\"https:\\\/\\\/schema.org\",\"@graph\":[{\"@type\":\"Article\",\"@id\":\"https:\\\/\\\/dpress.ma\\\/fr\\\/2023\\\/03\\\/02\\\/17e-session-de-lapm-les-representants-des-parlements-arabes-appellent-a-une-relance-du-partenariat-euromediterraneen\\\/#article\",\"isPartOf\":{\"@id\":\"https:\\\/\\\/dpress.ma\\\/fr\\\/2023\\\/03\\\/02\\\/17e-session-de-lapm-les-representants-des-parlements-arabes-appellent-a-une-relance-du-partenariat-euromediterraneen\\\/\"},\"author\":{\"name\":\"Dpress.ma\",\"@id\":\"https:\\\/\\\/dpress.ma\\\/fr\\\/#\\\/schema\\\/person\\\/4898febf3ccd59e6578d838656a306a0\"},\"headline\":\"17\u00e8 session de l\u2019APM: Les repr\u00e9sentants des parlements arabes appellent \u00e0 une relance du partenariat eurom\u00e9diterran\u00e9en\",\"datePublished\":\"2023-03-02T13:30:17+00:00\",\"dateModified\":\"2023-03-02T13:30:23+00:00\",\"mainEntityOfPage\":{\"@id\":\"https:\\\/\\\/dpress.ma\\\/fr\\\/2023\\\/03\\\/02\\\/17e-session-de-lapm-les-representants-des-parlements-arabes-appellent-a-une-relance-du-partenariat-euromediterraneen\\\/\"},\"wordCount\":1106,\"commentCount\":0,\"image\":{\"@id\":\"https:\\\/\\\/dpress.ma\\\/fr\\\/2023\\\/03\\\/02\\\/17e-session-de-lapm-les-representants-des-parlements-arabes-appellent-a-une-relance-du-partenariat-euromediterraneen\\\/#primaryimage\"},\"thumbnailUrl\":\"https:\\\/\\\/dpress.ma\\\/fr\\\/wp-content\\\/uploads\\\/sites\\\/2\\\/2023\\\/02\\\/dimensions2-18.jpg\",\"articleSection\":[\"Politiques\"],\"inLanguage\":\"fr-FR\",\"potentialAction\":[{\"@type\":\"CommentAction\",\"name\":\"Comment\",\"target\":[\"https:\\\/\\\/dpress.ma\\\/fr\\\/2023\\\/03\\\/02\\\/17e-session-de-lapm-les-representants-des-parlements-arabes-appellent-a-une-relance-du-partenariat-euromediterraneen\\\/#respond\"]}]},{\"@type\":\"WebPage\",\"@id\":\"https:\\\/\\\/dpress.ma\\\/fr\\\/2023\\\/03\\\/02\\\/17e-session-de-lapm-les-representants-des-parlements-arabes-appellent-a-une-relance-du-partenariat-euromediterraneen\\\/\",\"url\":\"https:\\\/\\\/dpress.ma\\\/fr\\\/2023\\\/03\\\/02\\\/17e-session-de-lapm-les-representants-des-parlements-arabes-appellent-a-une-relance-du-partenariat-euromediterraneen\\\/\",\"name\":\"17\u00e8 session de l\u2019APM: Les repr\u00e9sentants des parlements arabes appellent \u00e0 une relance du partenariat eurom\u00e9diterran\u00e9en - Dpress.ma\\\/fr\",\"isPartOf\":{\"@id\":\"https:\\\/\\\/dpress.ma\\\/fr\\\/#website\"},\"primaryImageOfPage\":{\"@id\":\"https:\\\/\\\/dpress.ma\\\/fr\\\/2023\\\/03\\\/02\\\/17e-session-de-lapm-les-representants-des-parlements-arabes-appellent-a-une-relance-du-partenariat-euromediterraneen\\\/#primaryimage\"},\"image\":{\"@id\":\"https:\\\/\\\/dpress.ma\\\/fr\\\/2023\\\/03\\\/02\\\/17e-session-de-lapm-les-representants-des-parlements-arabes-appellent-a-une-relance-du-partenariat-euromediterraneen\\\/#primaryimage\"},\"thumbnailUrl\":\"https:\\\/\\\/dpress.ma\\\/fr\\\/wp-content\\\/uploads\\\/sites\\\/2\\\/2023\\\/02\\\/dimensions2-18.jpg\",\"datePublished\":\"2023-03-02T13:30:17+00:00\",\"dateModified\":\"2023-03-02T13:30:23+00:00\",\"author\":{\"@id\":\"https:\\\/\\\/dpress.ma\\\/fr\\\/#\\\/schema\\\/person\\\/4898febf3ccd59e6578d838656a306a0\"},\"description\":\"Les repr\u00e9sentants des parlements arabes ont appel\u00e9, mercredi \u00e0 Rabat, \u00e0 relancer le partenariat eurom\u00e9diterran\u00e9en et \u00e0 lui donner un nouvel \u00e9lan \u00e0 la lumi\u00e8re des troubles s\u00e9curitaires, \u00e9conomiques, sanitaires et environnementaux que conna\u00eet le monde.\",\"breadcrumb\":{\"@id\":\"https:\\\/\\\/dpress.ma\\\/fr\\\/2023\\\/03\\\/02\\\/17e-session-de-lapm-les-representants-des-parlements-arabes-appellent-a-une-relance-du-partenariat-euromediterraneen\\\/#breadcrumb\"},\"inLanguage\":\"fr-FR\",\"potentialAction\":[{\"@type\":\"ReadAction\",\"target\":[\"https:\\\/\\\/dpress.ma\\\/fr\\\/2023\\\/03\\\/02\\\/17e-session-de-lapm-les-representants-des-parlements-arabes-appellent-a-une-relance-du-partenariat-euromediterraneen\\\/\"]}]},{\"@type\":\"ImageObject\",\"inLanguage\":\"fr-FR\",\"@id\":\"https:\\\/\\\/dpress.ma\\\/fr\\\/2023\\\/03\\\/02\\\/17e-session-de-lapm-les-representants-des-parlements-arabes-appellent-a-une-relance-du-partenariat-euromediterraneen\\\/#primaryimage\",\"url\":\"https:\\\/\\\/dpress.ma\\\/fr\\\/wp-content\\\/uploads\\\/sites\\\/2\\\/2023\\\/02\\\/dimensions2-18.jpg\",\"contentUrl\":\"https:\\\/\\\/dpress.ma\\\/fr\\\/wp-content\\\/uploads\\\/sites\\\/2\\\/2023\\\/02\\\/dimensions2-18.jpg\",\"width\":2539,\"height\":1594},{\"@type\":\"BreadcrumbList\",\"@id\":\"https:\\\/\\\/dpress.ma\\\/fr\\\/2023\\\/03\\\/02\\\/17e-session-de-lapm-les-representants-des-parlements-arabes-appellent-a-une-relance-du-partenariat-euromediterraneen\\\/#breadcrumb\",\"itemListElement\":[{\"@type\":\"ListItem\",\"position\":1,\"name\":\"Home\",\"item\":\"https:\\\/\\\/dpress.ma\\\/fr\\\/\"},{\"@type\":\"ListItem\",\"position\":2,\"name\":\"17\u00e8 session de l\u2019APM: Les repr\u00e9sentants des parlements arabes appellent \u00e0 une relance du partenariat eurom\u00e9diterran\u00e9en\"}]},{\"@type\":\"WebSite\",\"@id\":\"https:\\\/\\\/dpress.ma\\\/fr\\\/#website\",\"url\":\"https:\\\/\\\/dpress.ma\\\/fr\\\/\",\"name\":\"Dpress.ma\\\/fr\",\"description\":\"\",\"potentialAction\":[{\"@type\":\"SearchAction\",\"target\":{\"@type\":\"EntryPoint\",\"urlTemplate\":\"https:\\\/\\\/dpress.ma\\\/fr\\\/?s={search_term_string}\"},\"query-input\":{\"@type\":\"PropertyValueSpecification\",\"valueRequired\":true,\"valueName\":\"search_term_string\"}}],\"inLanguage\":\"fr-FR\"},{\"@type\":\"Person\",\"@id\":\"https:\\\/\\\/dpress.ma\\\/fr\\\/#\\\/schema\\\/person\\\/4898febf3ccd59e6578d838656a306a0\",\"name\":\"Dpress.ma\",\"image\":{\"@type\":\"ImageObject\",\"inLanguage\":\"fr-FR\",\"@id\":\"https:\\\/\\\/secure.gravatar.com\\\/avatar\\\/72ecc30e9db047a2e0e7176561eb9d564ed77c8108376495b19bd8336405198a?s=96&d=mm&r=g\",\"url\":\"https:\\\/\\\/secure.gravatar.com\\\/avatar\\\/72ecc30e9db047a2e0e7176561eb9d564ed77c8108376495b19bd8336405198a?s=96&d=mm&r=g\",\"contentUrl\":\"https:\\\/\\\/secure.gravatar.com\\\/avatar\\\/72ecc30e9db047a2e0e7176561eb9d564ed77c8108376495b19bd8336405198a?s=96&d=mm&r=g\",\"caption\":\"Dpress.ma\"},\"sameAs\":[\"https:\\\/\\\/www.dpress.ma\"],\"url\":\"https:\\\/\\\/dpress.ma\\\/fr\\\/author\\\/dpress-ma\\\/\"}]}<\/script>\n<!-- \/ Yoast SEO plugin. -->","yoast_head_json":{"title":"17\u00e8 session de l\u2019APM: Les repr\u00e9sentants des parlements arabes appellent \u00e0 une relance du partenariat eurom\u00e9diterran\u00e9en - Dpress.ma\/fr","description":"Les repr\u00e9sentants des parlements arabes ont appel\u00e9, mercredi \u00e0 Rabat, \u00e0 relancer le partenariat eurom\u00e9diterran\u00e9en et \u00e0 lui donner un nouvel \u00e9lan \u00e0 la lumi\u00e8re des troubles s\u00e9curitaires, \u00e9conomiques, sanitaires et environnementaux que conna\u00eet le monde.","robots":{"index":"index","follow":"follow","max-snippet":"max-snippet:-1","max-image-preview":"max-image-preview:large","max-video-preview":"max-video-preview:-1"},"canonical":"https:\/\/dpress.ma\/fr\/2023\/03\/02\/17e-session-de-lapm-les-representants-des-parlements-arabes-appellent-a-une-relance-du-partenariat-euromediterraneen\/","og_locale":"fr_FR","og_type":"article","og_title":"17\u00e8 session de l\u2019APM: Les repr\u00e9sentants des parlements arabes appellent \u00e0 une relance du partenariat eurom\u00e9diterran\u00e9en - Dpress.ma\/fr","og_description":"Les repr\u00e9sentants des parlements arabes ont appel\u00e9, mercredi \u00e0 Rabat, \u00e0 relancer le partenariat eurom\u00e9diterran\u00e9en et \u00e0 lui donner un nouvel \u00e9lan \u00e0 la lumi\u00e8re des troubles s\u00e9curitaires, \u00e9conomiques, sanitaires et environnementaux que conna\u00eet le monde.","og_url":"https:\/\/dpress.ma\/fr\/2023\/03\/02\/17e-session-de-lapm-les-representants-des-parlements-arabes-appellent-a-une-relance-du-partenariat-euromediterraneen\/","og_site_name":"Dpress.ma\/fr","article_published_time":"2023-03-02T13:30:17+00:00","article_modified_time":"2023-03-02T13:30:23+00:00","og_image":[{"width":2539,"height":1594,"url":"https:\/\/dpress.ma\/fr\/wp-content\/uploads\/sites\/2\/2023\/02\/dimensions2-18.jpg","type":"image\/jpeg"}],"author":"Dpress.ma","twitter_card":"summary_large_image","twitter_misc":{"\u00c9crit par":"Dpress.ma","Dur\u00e9e de lecture estim\u00e9e":"5 minutes"},"schema":{"@context":"https:\/\/schema.org","@graph":[{"@type":"Article","@id":"https:\/\/dpress.ma\/fr\/2023\/03\/02\/17e-session-de-lapm-les-representants-des-parlements-arabes-appellent-a-une-relance-du-partenariat-euromediterraneen\/#article","isPartOf":{"@id":"https:\/\/dpress.ma\/fr\/2023\/03\/02\/17e-session-de-lapm-les-representants-des-parlements-arabes-appellent-a-une-relance-du-partenariat-euromediterraneen\/"},"author":{"name":"Dpress.ma","@id":"https:\/\/dpress.ma\/fr\/#\/schema\/person\/4898febf3ccd59e6578d838656a306a0"},"headline":"17\u00e8 session de l\u2019APM: Les repr\u00e9sentants des parlements arabes appellent \u00e0 une relance du partenariat eurom\u00e9diterran\u00e9en","datePublished":"2023-03-02T13:30:17+00:00","dateModified":"2023-03-02T13:30:23+00:00","mainEntityOfPage":{"@id":"https:\/\/dpress.ma\/fr\/2023\/03\/02\/17e-session-de-lapm-les-representants-des-parlements-arabes-appellent-a-une-relance-du-partenariat-euromediterraneen\/"},"wordCount":1106,"commentCount":0,"image":{"@id":"https:\/\/dpress.ma\/fr\/2023\/03\/02\/17e-session-de-lapm-les-representants-des-parlements-arabes-appellent-a-une-relance-du-partenariat-euromediterraneen\/#primaryimage"},"thumbnailUrl":"https:\/\/dpress.ma\/fr\/wp-content\/uploads\/sites\/2\/2023\/02\/dimensions2-18.jpg","articleSection":["Politiques"],"inLanguage":"fr-FR","potentialAction":[{"@type":"CommentAction","name":"Comment","target":["https:\/\/dpress.ma\/fr\/2023\/03\/02\/17e-session-de-lapm-les-representants-des-parlements-arabes-appellent-a-une-relance-du-partenariat-euromediterraneen\/#respond"]}]},{"@type":"WebPage","@id":"https:\/\/dpress.ma\/fr\/2023\/03\/02\/17e-session-de-lapm-les-representants-des-parlements-arabes-appellent-a-une-relance-du-partenariat-euromediterraneen\/","url":"https:\/\/dpress.ma\/fr\/2023\/03\/02\/17e-session-de-lapm-les-representants-des-parlements-arabes-appellent-a-une-relance-du-partenariat-euromediterraneen\/","name":"17\u00e8 session de l\u2019APM: Les repr\u00e9sentants des parlements arabes appellent \u00e0 une relance du partenariat eurom\u00e9diterran\u00e9en - Dpress.ma\/fr","isPartOf":{"@id":"https:\/\/dpress.ma\/fr\/#website"},"primaryImageOfPage":{"@id":"https:\/\/dpress.ma\/fr\/2023\/03\/02\/17e-session-de-lapm-les-representants-des-parlements-arabes-appellent-a-une-relance-du-partenariat-euromediterraneen\/#primaryimage"},"image":{"@id":"https:\/\/dpress.ma\/fr\/2023\/03\/02\/17e-session-de-lapm-les-representants-des-parlements-arabes-appellent-a-une-relance-du-partenariat-euromediterraneen\/#primaryimage"},"thumbnailUrl":"https:\/\/dpress.ma\/fr\/wp-content\/uploads\/sites\/2\/2023\/02\/dimensions2-18.jpg","datePublished":"2023-03-02T13:30:17+00:00","dateModified":"2023-03-02T13:30:23+00:00","author":{"@id":"https:\/\/dpress.ma\/fr\/#\/schema\/person\/4898febf3ccd59e6578d838656a306a0"},"description":"Les repr\u00e9sentants des parlements arabes ont appel\u00e9, mercredi \u00e0 Rabat, \u00e0 relancer le partenariat eurom\u00e9diterran\u00e9en et \u00e0 lui donner un nouvel \u00e9lan \u00e0 la lumi\u00e8re des troubles s\u00e9curitaires, \u00e9conomiques, sanitaires et environnementaux que conna\u00eet le monde.","breadcrumb":{"@id":"https:\/\/dpress.ma\/fr\/2023\/03\/02\/17e-session-de-lapm-les-representants-des-parlements-arabes-appellent-a-une-relance-du-partenariat-euromediterraneen\/#breadcrumb"},"inLanguage":"fr-FR","potentialAction":[{"@type":"ReadAction","target":["https:\/\/dpress.ma\/fr\/2023\/03\/02\/17e-session-de-lapm-les-representants-des-parlements-arabes-appellent-a-une-relance-du-partenariat-euromediterraneen\/"]}]},{"@type":"ImageObject","inLanguage":"fr-FR","@id":"https:\/\/dpress.ma\/fr\/2023\/03\/02\/17e-session-de-lapm-les-representants-des-parlements-arabes-appellent-a-une-relance-du-partenariat-euromediterraneen\/#primaryimage","url":"https:\/\/dpress.ma\/fr\/wp-content\/uploads\/sites\/2\/2023\/02\/dimensions2-18.jpg","contentUrl":"https:\/\/dpress.ma\/fr\/wp-content\/uploads\/sites\/2\/2023\/02\/dimensions2-18.jpg","width":2539,"height":1594},{"@type":"BreadcrumbList","@id":"https:\/\/dpress.ma\/fr\/2023\/03\/02\/17e-session-de-lapm-les-representants-des-parlements-arabes-appellent-a-une-relance-du-partenariat-euromediterraneen\/#breadcrumb","itemListElement":[{"@type":"ListItem","position":1,"name":"Home","item":"https:\/\/dpress.ma\/fr\/"},{"@type":"ListItem","position":2,"name":"17\u00e8 session de l\u2019APM: Les repr\u00e9sentants des parlements arabes appellent \u00e0 une relance du partenariat eurom\u00e9diterran\u00e9en"}]},{"@type":"WebSite","@id":"https:\/\/dpress.ma\/fr\/#website","url":"https:\/\/dpress.ma\/fr\/","name":"Dpress.ma\/fr","description":"","potentialAction":[{"@type":"SearchAction","target":{"@type":"EntryPoint","urlTemplate":"https:\/\/dpress.ma\/fr\/?s={search_term_string}"},"query-input":{"@type":"PropertyValueSpecification","valueRequired":true,"valueName":"search_term_string"}}],"inLanguage":"fr-FR"},{"@type":"Person","@id":"https:\/\/dpress.ma\/fr\/#\/schema\/person\/4898febf3ccd59e6578d838656a306a0","name":"Dpress.ma","image":{"@type":"ImageObject","inLanguage":"fr-FR","@id":"https:\/\/secure.gravatar.com\/avatar\/72ecc30e9db047a2e0e7176561eb9d564ed77c8108376495b19bd8336405198a?s=96&d=mm&r=g","url":"https:\/\/secure.gravatar.com\/avatar\/72ecc30e9db047a2e0e7176561eb9d564ed77c8108376495b19bd8336405198a?s=96&d=mm&r=g","contentUrl":"https:\/\/secure.gravatar.com\/avatar\/72ecc30e9db047a2e0e7176561eb9d564ed77c8108376495b19bd8336405198a?s=96&d=mm&r=g","caption":"Dpress.ma"},"sameAs":["https:\/\/www.dpress.ma"],"url":"https:\/\/dpress.ma\/fr\/author\/dpress-ma\/"}]}},"amp_enabled":true,"_links":{"self":[{"href":"https:\/\/dpress.ma\/fr\/wp-json\/wp\/v2\/posts\/3847","targetHints":{"allow":["GET"]}}],"collection":[{"href":"https:\/\/dpress.ma\/fr\/wp-json\/wp\/v2\/posts"}],"about":[{"href":"https:\/\/dpress.ma\/fr\/wp-json\/wp\/v2\/types\/post"}],"author":[{"embeddable":true,"href":"https:\/\/dpress.ma\/fr\/wp-json\/wp\/v2\/users\/2"}],"replies":[{"embeddable":true,"href":"https:\/\/dpress.ma\/fr\/wp-json\/wp\/v2\/comments?post=3847"}],"version-history":[{"count":1,"href":"https:\/\/dpress.ma\/fr\/wp-json\/wp\/v2\/posts\/3847\/revisions"}],"predecessor-version":[{"id":3848,"href":"https:\/\/dpress.ma\/fr\/wp-json\/wp\/v2\/posts\/3847\/revisions\/3848"}],"wp:featuredmedia":[{"embeddable":true,"href":"https:\/\/dpress.ma\/fr\/wp-json\/wp\/v2\/media\/3528"}],"wp:attachment":[{"href":"https:\/\/dpress.ma\/fr\/wp-json\/wp\/v2\/media?parent=3847"}],"wp:term":[{"taxonomy":"category","embeddable":true,"href":"https:\/\/dpress.ma\/fr\/wp-json\/wp\/v2\/categories?post=3847"},{"taxonomy":"post_tag","embeddable":true,"href":"https:\/\/dpress.ma\/fr\/wp-json\/wp\/v2\/tags?post=3847"}],"curies":[{"name":"wp","href":"https:\/\/api.w.org\/{rel}","templated":true}]}}