{"id":3835,"date":"2023-03-01T15:41:16","date_gmt":"2023-03-01T15:41:16","guid":{"rendered":"https:\/\/dpress.ma\/fr\/?p=3835"},"modified":"2023-03-01T15:41:18","modified_gmt":"2023-03-01T15:41:18","slug":"prix-national-de-la-presse-agricole-et-rurale-prolongement-de-la-periode-deligibilite-des-candidatures","status":"publish","type":"post","link":"https:\/\/dpress.ma\/fr\/2023\/03\/01\/prix-national-de-la-presse-agricole-et-rurale-prolongement-de-la-periode-deligibilite-des-candidatures\/","title":{"rendered":"Prix national de la presse agricole et rurale: Prolongement de la p\u00e9riode d\u2019\u00e9ligibilit\u00e9 des candidatures"},"content":{"rendered":"\n<p>Dpress<\/p>\n\n\n\n<p>Le minist\u00e8re de l\u2019Agriculture, de la P\u00eache maritime, du D\u00e9veloppement rural et des Eaux et For\u00eats a annonc\u00e9, mercredi, le prolongement de la p\u00e9riode d\u2019\u00e9ligibilit\u00e9 des candidatures pour la 7\u00e8me \u00e9dition du Grand Prix National de la Presse Agricole et Rurale.<\/p>\n\n\n\n<p>\u201cEn r\u00e9f\u00e9rence au communiqu\u00e9 de presse annon\u00e7ant le lancement de la 7\u00e8me \u00e9dition du Grand Prix National de la Presse Agricole et Rurale publi\u00e9 le 16 f\u00e9vrier 2023, afin de permettre au plus grand nombre de candidats d\u2019y participer, il a \u00e9t\u00e9 d\u00e9cid\u00e9 d\u2019\u00e9largir la p\u00e9riode d\u2019\u00e9ligibilit\u00e9 des candidatures pour couvrir les articles et reportages publi\u00e9s depuis la derni\u00e8re \u00e9dition tenue en 2019\u201d, a indiqu\u00e9 le minist\u00e8re dans un communiqu\u00e9, notant que tout le reste des conditions de soumissions demeure inchang\u00e9.<\/p>\n\n\n\n<p>Le Grand Prix National de la Presse Agricole et Rurale r\u00e9compensera les meilleurs articles, reportages, \u00e9missions t\u00e9l\u00e9vis\u00e9es et radiodiffus\u00e9es, publi\u00e9s dans la p\u00e9riode allant du 1er avril 2019 au 31 mars 2023. Ce prix cible les m\u00e9dias audiovisuels, \u00e9crits et \u00e9lectroniques.<\/p>\n\n\n\n<p>Il r\u00e9compense, \u00e0 travers un grand prix dans les deux cat\u00e9gories : audiovisuel (radio et t\u00e9l\u00e9vision) et presse \u00e9crite ou \u00e9lectronique (y compris la presse d\u2019agence). Un second et un troisi\u00e8me prix seront attribu\u00e9s pour chacune des deux cat\u00e9gories.<\/p>\n\n\n\n<p>Ce prix a pour objectif de r\u00e9compenser les efforts des femmes et des hommes de la presse nationale pour leur int\u00e9r\u00eat et le r\u00f4le jou\u00e9 dans l\u2019information autour des secteurs de l\u2019agriculture et du d\u00e9veloppement rural dans notre pays.<\/p>\n\n\n\n<p>Le Grand Prix sera d\u00e9cern\u00e9 par le ministre de l\u2019Agriculture, de la P\u00eache maritime, du D\u00e9veloppement rural et des Eaux et For\u00eats lors de la 15\u00e8me \u00e9dition du Salon International de l\u2019Agriculture du Maroc qui se tiendra \u00e0 Mekn\u00e8s du 02 au 07 mai 2023, souligne le communiqu\u00e9.<\/p>\n\n\n\n<p>Par ailleurs, le minist\u00e8re invite les candidat(e)s au Grand Prix \u00e0 consulter le dossier du Grand Prix National de la Presse Agricole et Rurale sur le site web du minist\u00e8re \u201cwww.agriculture.gov.ma\u201d.<\/p>\n","protected":false},"excerpt":{"rendered":"<p>Dpress Le minist\u00e8re de l\u2019Agriculture, de la P\u00eache maritime, du D\u00e9veloppement rural et des Eaux et For\u00eats a annonc\u00e9, mercredi, le prolongement de la p\u00e9riode d\u2019\u00e9ligibilit\u00e9 des candidatures pour la 7\u00e8me \u00e9dition du Grand Prix National de la Presse Agricole et Rurale. \u201cEn r\u00e9f\u00e9rence au communiqu\u00e9 de presse annon\u00e7ant le lancement de la 7\u00e8me \u00e9dition &hellip;<\/p>\n","protected":false},"author":2,"featured_media":3836,"comment_status":"open","ping_status":"open","sticky":false,"template":"","format":"standard","meta":{"footnotes":""},"categories":[31],"tags":[],"class_list":["post-3835","post","type-post","status-publish","format-standard","has-post-thumbnail","hentry","category-art-et-culture"],"yoast_head":"<!-- This site is optimized with the Yoast SEO plugin v27.5 - https:\/\/yoast.com\/product\/yoast-seo-wordpress\/ -->\n<title>Prix national de la presse agricole et rurale: Prolongement de la p\u00e9riode d\u2019\u00e9ligibilit\u00e9 des candidatures - Dpress.ma\/fr<\/title>\n<meta name=\"robots\" content=\"index, follow, max-snippet:-1, max-image-preview:large, max-video-preview:-1\" \/>\n<link rel=\"canonical\" href=\"https:\/\/dpress.ma\/fr\/2023\/03\/01\/prix-national-de-la-presse-agricole-et-rurale-prolongement-de-la-periode-deligibilite-des-candidatures\/\" \/>\n<meta property=\"og:locale\" content=\"fr_FR\" \/>\n<meta property=\"og:type\" content=\"article\" \/>\n<meta property=\"og:title\" content=\"Prix national de la presse agricole et rurale: Prolongement de la p\u00e9riode d\u2019\u00e9ligibilit\u00e9 des candidatures - Dpress.ma\/fr\" \/>\n<meta property=\"og:description\" content=\"Dpress Le minist\u00e8re de l\u2019Agriculture, de la P\u00eache maritime, du D\u00e9veloppement rural et des Eaux et For\u00eats a annonc\u00e9, mercredi, le prolongement de la p\u00e9riode d\u2019\u00e9ligibilit\u00e9 des candidatures pour la 7\u00e8me \u00e9dition du Grand Prix National de la Presse Agricole et Rurale. \u201cEn r\u00e9f\u00e9rence au communiqu\u00e9 de presse annon\u00e7ant le lancement de la 7\u00e8me \u00e9dition &hellip;\" \/>\n<meta property=\"og:url\" content=\"https:\/\/dpress.ma\/fr\/2023\/03\/01\/prix-national-de-la-presse-agricole-et-rurale-prolongement-de-la-periode-deligibilite-des-candidatures\/\" \/>\n<meta property=\"og:site_name\" content=\"Dpress.ma\/fr\" \/>\n<meta property=\"article:published_time\" content=\"2023-03-01T15:41:16+00:00\" \/>\n<meta property=\"article:modified_time\" content=\"2023-03-01T15:41:18+00:00\" \/>\n<meta property=\"og:image\" content=\"https:\/\/dpress.ma\/fr\/wp-content\/uploads\/sites\/2\/2023\/03\/dimensions2.jpg\" \/>\n\t<meta property=\"og:image:width\" content=\"2539\" \/>\n\t<meta property=\"og:image:height\" content=\"1594\" \/>\n\t<meta property=\"og:image:type\" content=\"image\/jpeg\" \/>\n<meta name=\"author\" content=\"Dpress.ma\" \/>\n<meta name=\"twitter:card\" content=\"summary_large_image\" \/>\n<meta name=\"twitter:label1\" content=\"\u00c9crit par\" \/>\n\t<meta name=\"twitter:data1\" content=\"Dpress.ma\" \/>\n\t<meta name=\"twitter:label2\" content=\"Dur\u00e9e de lecture estim\u00e9e\" \/>\n\t<meta name=\"twitter:data2\" content=\"2 minutes\" \/>\n<script type=\"application\/ld+json\" class=\"yoast-schema-graph\">{\"@context\":\"https:\\\/\\\/schema.org\",\"@graph\":[{\"@type\":\"Article\",\"@id\":\"https:\\\/\\\/dpress.ma\\\/fr\\\/2023\\\/03\\\/01\\\/prix-national-de-la-presse-agricole-et-rurale-prolongement-de-la-periode-deligibilite-des-candidatures\\\/#article\",\"isPartOf\":{\"@id\":\"https:\\\/\\\/dpress.ma\\\/fr\\\/2023\\\/03\\\/01\\\/prix-national-de-la-presse-agricole-et-rurale-prolongement-de-la-periode-deligibilite-des-candidatures\\\/\"},\"author\":{\"name\":\"Dpress.ma\",\"@id\":\"https:\\\/\\\/dpress.ma\\\/fr\\\/#\\\/schema\\\/person\\\/4898febf3ccd59e6578d838656a306a0\"},\"headline\":\"Prix national de la presse agricole et rurale: Prolongement de la p\u00e9riode d\u2019\u00e9ligibilit\u00e9 des candidatures\",\"datePublished\":\"2023-03-01T15:41:16+00:00\",\"dateModified\":\"2023-03-01T15:41:18+00:00\",\"mainEntityOfPage\":{\"@id\":\"https:\\\/\\\/dpress.ma\\\/fr\\\/2023\\\/03\\\/01\\\/prix-national-de-la-presse-agricole-et-rurale-prolongement-de-la-periode-deligibilite-des-candidatures\\\/\"},\"wordCount\":381,\"commentCount\":0,\"image\":{\"@id\":\"https:\\\/\\\/dpress.ma\\\/fr\\\/2023\\\/03\\\/01\\\/prix-national-de-la-presse-agricole-et-rurale-prolongement-de-la-periode-deligibilite-des-candidatures\\\/#primaryimage\"},\"thumbnailUrl\":\"https:\\\/\\\/dpress.ma\\\/fr\\\/wp-content\\\/uploads\\\/sites\\\/2\\\/2023\\\/03\\\/dimensions2.jpg\",\"articleSection\":[\"Art et Culture\"],\"inLanguage\":\"fr-FR\",\"potentialAction\":[{\"@type\":\"CommentAction\",\"name\":\"Comment\",\"target\":[\"https:\\\/\\\/dpress.ma\\\/fr\\\/2023\\\/03\\\/01\\\/prix-national-de-la-presse-agricole-et-rurale-prolongement-de-la-periode-deligibilite-des-candidatures\\\/#respond\"]}]},{\"@type\":\"WebPage\",\"@id\":\"https:\\\/\\\/dpress.ma\\\/fr\\\/2023\\\/03\\\/01\\\/prix-national-de-la-presse-agricole-et-rurale-prolongement-de-la-periode-deligibilite-des-candidatures\\\/\",\"url\":\"https:\\\/\\\/dpress.ma\\\/fr\\\/2023\\\/03\\\/01\\\/prix-national-de-la-presse-agricole-et-rurale-prolongement-de-la-periode-deligibilite-des-candidatures\\\/\",\"name\":\"Prix national de la presse agricole et rurale: Prolongement de la p\u00e9riode d\u2019\u00e9ligibilit\u00e9 des candidatures - Dpress.ma\\\/fr\",\"isPartOf\":{\"@id\":\"https:\\\/\\\/dpress.ma\\\/fr\\\/#website\"},\"primaryImageOfPage\":{\"@id\":\"https:\\\/\\\/dpress.ma\\\/fr\\\/2023\\\/03\\\/01\\\/prix-national-de-la-presse-agricole-et-rurale-prolongement-de-la-periode-deligibilite-des-candidatures\\\/#primaryimage\"},\"image\":{\"@id\":\"https:\\\/\\\/dpress.ma\\\/fr\\\/2023\\\/03\\\/01\\\/prix-national-de-la-presse-agricole-et-rurale-prolongement-de-la-periode-deligibilite-des-candidatures\\\/#primaryimage\"},\"thumbnailUrl\":\"https:\\\/\\\/dpress.ma\\\/fr\\\/wp-content\\\/uploads\\\/sites\\\/2\\\/2023\\\/03\\\/dimensions2.jpg\",\"datePublished\":\"2023-03-01T15:41:16+00:00\",\"dateModified\":\"2023-03-01T15:41:18+00:00\",\"author\":{\"@id\":\"https:\\\/\\\/dpress.ma\\\/fr\\\/#\\\/schema\\\/person\\\/4898febf3ccd59e6578d838656a306a0\"},\"breadcrumb\":{\"@id\":\"https:\\\/\\\/dpress.ma\\\/fr\\\/2023\\\/03\\\/01\\\/prix-national-de-la-presse-agricole-et-rurale-prolongement-de-la-periode-deligibilite-des-candidatures\\\/#breadcrumb\"},\"inLanguage\":\"fr-FR\",\"potentialAction\":[{\"@type\":\"ReadAction\",\"target\":[\"https:\\\/\\\/dpress.ma\\\/fr\\\/2023\\\/03\\\/01\\\/prix-national-de-la-presse-agricole-et-rurale-prolongement-de-la-periode-deligibilite-des-candidatures\\\/\"]}]},{\"@type\":\"ImageObject\",\"inLanguage\":\"fr-FR\",\"@id\":\"https:\\\/\\\/dpress.ma\\\/fr\\\/2023\\\/03\\\/01\\\/prix-national-de-la-presse-agricole-et-rurale-prolongement-de-la-periode-deligibilite-des-candidatures\\\/#primaryimage\",\"url\":\"https:\\\/\\\/dpress.ma\\\/fr\\\/wp-content\\\/uploads\\\/sites\\\/2\\\/2023\\\/03\\\/dimensions2.jpg\",\"contentUrl\":\"https:\\\/\\\/dpress.ma\\\/fr\\\/wp-content\\\/uploads\\\/sites\\\/2\\\/2023\\\/03\\\/dimensions2.jpg\",\"width\":2539,\"height\":1594},{\"@type\":\"BreadcrumbList\",\"@id\":\"https:\\\/\\\/dpress.ma\\\/fr\\\/2023\\\/03\\\/01\\\/prix-national-de-la-presse-agricole-et-rurale-prolongement-de-la-periode-deligibilite-des-candidatures\\\/#breadcrumb\",\"itemListElement\":[{\"@type\":\"ListItem\",\"position\":1,\"name\":\"Home\",\"item\":\"https:\\\/\\\/dpress.ma\\\/fr\\\/\"},{\"@type\":\"ListItem\",\"position\":2,\"name\":\"Prix national de la presse agricole et rurale: Prolongement de la p\u00e9riode d\u2019\u00e9ligibilit\u00e9 des candidatures\"}]},{\"@type\":\"WebSite\",\"@id\":\"https:\\\/\\\/dpress.ma\\\/fr\\\/#website\",\"url\":\"https:\\\/\\\/dpress.ma\\\/fr\\\/\",\"name\":\"Dpress.ma\\\/fr\",\"description\":\"\",\"potentialAction\":[{\"@type\":\"SearchAction\",\"target\":{\"@type\":\"EntryPoint\",\"urlTemplate\":\"https:\\\/\\\/dpress.ma\\\/fr\\\/?s={search_term_string}\"},\"query-input\":{\"@type\":\"PropertyValueSpecification\",\"valueRequired\":true,\"valueName\":\"search_term_string\"}}],\"inLanguage\":\"fr-FR\"},{\"@type\":\"Person\",\"@id\":\"https:\\\/\\\/dpress.ma\\\/fr\\\/#\\\/schema\\\/person\\\/4898febf3ccd59e6578d838656a306a0\",\"name\":\"Dpress.ma\",\"image\":{\"@type\":\"ImageObject\",\"inLanguage\":\"fr-FR\",\"@id\":\"https:\\\/\\\/secure.gravatar.com\\\/avatar\\\/72ecc30e9db047a2e0e7176561eb9d564ed77c8108376495b19bd8336405198a?s=96&d=mm&r=g\",\"url\":\"https:\\\/\\\/secure.gravatar.com\\\/avatar\\\/72ecc30e9db047a2e0e7176561eb9d564ed77c8108376495b19bd8336405198a?s=96&d=mm&r=g\",\"contentUrl\":\"https:\\\/\\\/secure.gravatar.com\\\/avatar\\\/72ecc30e9db047a2e0e7176561eb9d564ed77c8108376495b19bd8336405198a?s=96&d=mm&r=g\",\"caption\":\"Dpress.ma\"},\"sameAs\":[\"https:\\\/\\\/www.dpress.ma\"],\"url\":\"https:\\\/\\\/dpress.ma\\\/fr\\\/author\\\/dpress-ma\\\/\"}]}<\/script>\n<!-- \/ Yoast SEO plugin. -->","yoast_head_json":{"title":"Prix national de la presse agricole et rurale: Prolongement de la p\u00e9riode d\u2019\u00e9ligibilit\u00e9 des candidatures - Dpress.ma\/fr","robots":{"index":"index","follow":"follow","max-snippet":"max-snippet:-1","max-image-preview":"max-image-preview:large","max-video-preview":"max-video-preview:-1"},"canonical":"https:\/\/dpress.ma\/fr\/2023\/03\/01\/prix-national-de-la-presse-agricole-et-rurale-prolongement-de-la-periode-deligibilite-des-candidatures\/","og_locale":"fr_FR","og_type":"article","og_title":"Prix national de la presse agricole et rurale: Prolongement de la p\u00e9riode d\u2019\u00e9ligibilit\u00e9 des candidatures - Dpress.ma\/fr","og_description":"Dpress Le minist\u00e8re de l\u2019Agriculture, de la P\u00eache maritime, du D\u00e9veloppement rural et des Eaux et For\u00eats a annonc\u00e9, mercredi, le prolongement de la p\u00e9riode d\u2019\u00e9ligibilit\u00e9 des candidatures pour la 7\u00e8me \u00e9dition du Grand Prix National de la Presse Agricole et Rurale. \u201cEn r\u00e9f\u00e9rence au communiqu\u00e9 de presse annon\u00e7ant le lancement de la 7\u00e8me \u00e9dition &hellip;","og_url":"https:\/\/dpress.ma\/fr\/2023\/03\/01\/prix-national-de-la-presse-agricole-et-rurale-prolongement-de-la-periode-deligibilite-des-candidatures\/","og_site_name":"Dpress.ma\/fr","article_published_time":"2023-03-01T15:41:16+00:00","article_modified_time":"2023-03-01T15:41:18+00:00","og_image":[{"width":2539,"height":1594,"url":"https:\/\/dpress.ma\/fr\/wp-content\/uploads\/sites\/2\/2023\/03\/dimensions2.jpg","type":"image\/jpeg"}],"author":"Dpress.ma","twitter_card":"summary_large_image","twitter_misc":{"\u00c9crit par":"Dpress.ma","Dur\u00e9e de lecture estim\u00e9e":"2 minutes"},"schema":{"@context":"https:\/\/schema.org","@graph":[{"@type":"Article","@id":"https:\/\/dpress.ma\/fr\/2023\/03\/01\/prix-national-de-la-presse-agricole-et-rurale-prolongement-de-la-periode-deligibilite-des-candidatures\/#article","isPartOf":{"@id":"https:\/\/dpress.ma\/fr\/2023\/03\/01\/prix-national-de-la-presse-agricole-et-rurale-prolongement-de-la-periode-deligibilite-des-candidatures\/"},"author":{"name":"Dpress.ma","@id":"https:\/\/dpress.ma\/fr\/#\/schema\/person\/4898febf3ccd59e6578d838656a306a0"},"headline":"Prix national de la presse agricole et rurale: Prolongement de la p\u00e9riode d\u2019\u00e9ligibilit\u00e9 des candidatures","datePublished":"2023-03-01T15:41:16+00:00","dateModified":"2023-03-01T15:41:18+00:00","mainEntityOfPage":{"@id":"https:\/\/dpress.ma\/fr\/2023\/03\/01\/prix-national-de-la-presse-agricole-et-rurale-prolongement-de-la-periode-deligibilite-des-candidatures\/"},"wordCount":381,"commentCount":0,"image":{"@id":"https:\/\/dpress.ma\/fr\/2023\/03\/01\/prix-national-de-la-presse-agricole-et-rurale-prolongement-de-la-periode-deligibilite-des-candidatures\/#primaryimage"},"thumbnailUrl":"https:\/\/dpress.ma\/fr\/wp-content\/uploads\/sites\/2\/2023\/03\/dimensions2.jpg","articleSection":["Art et Culture"],"inLanguage":"fr-FR","potentialAction":[{"@type":"CommentAction","name":"Comment","target":["https:\/\/dpress.ma\/fr\/2023\/03\/01\/prix-national-de-la-presse-agricole-et-rurale-prolongement-de-la-periode-deligibilite-des-candidatures\/#respond"]}]},{"@type":"WebPage","@id":"https:\/\/dpress.ma\/fr\/2023\/03\/01\/prix-national-de-la-presse-agricole-et-rurale-prolongement-de-la-periode-deligibilite-des-candidatures\/","url":"https:\/\/dpress.ma\/fr\/2023\/03\/01\/prix-national-de-la-presse-agricole-et-rurale-prolongement-de-la-periode-deligibilite-des-candidatures\/","name":"Prix national de la presse agricole et rurale: Prolongement de la p\u00e9riode d\u2019\u00e9ligibilit\u00e9 des candidatures - Dpress.ma\/fr","isPartOf":{"@id":"https:\/\/dpress.ma\/fr\/#website"},"primaryImageOfPage":{"@id":"https:\/\/dpress.ma\/fr\/2023\/03\/01\/prix-national-de-la-presse-agricole-et-rurale-prolongement-de-la-periode-deligibilite-des-candidatures\/#primaryimage"},"image":{"@id":"https:\/\/dpress.ma\/fr\/2023\/03\/01\/prix-national-de-la-presse-agricole-et-rurale-prolongement-de-la-periode-deligibilite-des-candidatures\/#primaryimage"},"thumbnailUrl":"https:\/\/dpress.ma\/fr\/wp-content\/uploads\/sites\/2\/2023\/03\/dimensions2.jpg","datePublished":"2023-03-01T15:41:16+00:00","dateModified":"2023-03-01T15:41:18+00:00","author":{"@id":"https:\/\/dpress.ma\/fr\/#\/schema\/person\/4898febf3ccd59e6578d838656a306a0"},"breadcrumb":{"@id":"https:\/\/dpress.ma\/fr\/2023\/03\/01\/prix-national-de-la-presse-agricole-et-rurale-prolongement-de-la-periode-deligibilite-des-candidatures\/#breadcrumb"},"inLanguage":"fr-FR","potentialAction":[{"@type":"ReadAction","target":["https:\/\/dpress.ma\/fr\/2023\/03\/01\/prix-national-de-la-presse-agricole-et-rurale-prolongement-de-la-periode-deligibilite-des-candidatures\/"]}]},{"@type":"ImageObject","inLanguage":"fr-FR","@id":"https:\/\/dpress.ma\/fr\/2023\/03\/01\/prix-national-de-la-presse-agricole-et-rurale-prolongement-de-la-periode-deligibilite-des-candidatures\/#primaryimage","url":"https:\/\/dpress.ma\/fr\/wp-content\/uploads\/sites\/2\/2023\/03\/dimensions2.jpg","contentUrl":"https:\/\/dpress.ma\/fr\/wp-content\/uploads\/sites\/2\/2023\/03\/dimensions2.jpg","width":2539,"height":1594},{"@type":"BreadcrumbList","@id":"https:\/\/dpress.ma\/fr\/2023\/03\/01\/prix-national-de-la-presse-agricole-et-rurale-prolongement-de-la-periode-deligibilite-des-candidatures\/#breadcrumb","itemListElement":[{"@type":"ListItem","position":1,"name":"Home","item":"https:\/\/dpress.ma\/fr\/"},{"@type":"ListItem","position":2,"name":"Prix national de la presse agricole et rurale: Prolongement de la p\u00e9riode d\u2019\u00e9ligibilit\u00e9 des candidatures"}]},{"@type":"WebSite","@id":"https:\/\/dpress.ma\/fr\/#website","url":"https:\/\/dpress.ma\/fr\/","name":"Dpress.ma\/fr","description":"","potentialAction":[{"@type":"SearchAction","target":{"@type":"EntryPoint","urlTemplate":"https:\/\/dpress.ma\/fr\/?s={search_term_string}"},"query-input":{"@type":"PropertyValueSpecification","valueRequired":true,"valueName":"search_term_string"}}],"inLanguage":"fr-FR"},{"@type":"Person","@id":"https:\/\/dpress.ma\/fr\/#\/schema\/person\/4898febf3ccd59e6578d838656a306a0","name":"Dpress.ma","image":{"@type":"ImageObject","inLanguage":"fr-FR","@id":"https:\/\/secure.gravatar.com\/avatar\/72ecc30e9db047a2e0e7176561eb9d564ed77c8108376495b19bd8336405198a?s=96&d=mm&r=g","url":"https:\/\/secure.gravatar.com\/avatar\/72ecc30e9db047a2e0e7176561eb9d564ed77c8108376495b19bd8336405198a?s=96&d=mm&r=g","contentUrl":"https:\/\/secure.gravatar.com\/avatar\/72ecc30e9db047a2e0e7176561eb9d564ed77c8108376495b19bd8336405198a?s=96&d=mm&r=g","caption":"Dpress.ma"},"sameAs":["https:\/\/www.dpress.ma"],"url":"https:\/\/dpress.ma\/fr\/author\/dpress-ma\/"}]}},"amp_enabled":true,"_links":{"self":[{"href":"https:\/\/dpress.ma\/fr\/wp-json\/wp\/v2\/posts\/3835","targetHints":{"allow":["GET"]}}],"collection":[{"href":"https:\/\/dpress.ma\/fr\/wp-json\/wp\/v2\/posts"}],"about":[{"href":"https:\/\/dpress.ma\/fr\/wp-json\/wp\/v2\/types\/post"}],"author":[{"embeddable":true,"href":"https:\/\/dpress.ma\/fr\/wp-json\/wp\/v2\/users\/2"}],"replies":[{"embeddable":true,"href":"https:\/\/dpress.ma\/fr\/wp-json\/wp\/v2\/comments?post=3835"}],"version-history":[{"count":1,"href":"https:\/\/dpress.ma\/fr\/wp-json\/wp\/v2\/posts\/3835\/revisions"}],"predecessor-version":[{"id":3837,"href":"https:\/\/dpress.ma\/fr\/wp-json\/wp\/v2\/posts\/3835\/revisions\/3837"}],"wp:featuredmedia":[{"embeddable":true,"href":"https:\/\/dpress.ma\/fr\/wp-json\/wp\/v2\/media\/3836"}],"wp:attachment":[{"href":"https:\/\/dpress.ma\/fr\/wp-json\/wp\/v2\/media?parent=3835"}],"wp:term":[{"taxonomy":"category","embeddable":true,"href":"https:\/\/dpress.ma\/fr\/wp-json\/wp\/v2\/categories?post=3835"},{"taxonomy":"post_tag","embeddable":true,"href":"https:\/\/dpress.ma\/fr\/wp-json\/wp\/v2\/tags?post=3835"}],"curies":[{"name":"wp","href":"https:\/\/api.w.org\/{rel}","templated":true}]}}