{"id":3833,"date":"2023-03-01T15:36:42","date_gmt":"2023-03-01T15:36:42","guid":{"rendered":"https:\/\/dpress.ma\/fr\/?p=3833"},"modified":"2023-03-01T15:36:43","modified_gmt":"2023-03-01T15:36:43","slug":"rabat-ouverture-des-travaux-de-la-17e-session-pleniere-de-lassemblee-parlementaire-de-la-mediterranee","status":"publish","type":"post","link":"https:\/\/dpress.ma\/fr\/2023\/03\/01\/rabat-ouverture-des-travaux-de-la-17e-session-pleniere-de-lassemblee-parlementaire-de-la-mediterranee\/","title":{"rendered":"Rabat : Ouverture des travaux de la 17\u00e8 session pl\u00e9ni\u00e8re de l\u2019Assembl\u00e9e Parlementaire de la M\u00e9diterran\u00e9e"},"content":{"rendered":"\n<p>Dpress<\/p>\n\n\n\n<p>Les travaux de la 17\u00e8 session de l\u2019Assembl\u00e9e Parlementaire de la M\u00e9diterran\u00e9e (APM) se sont ouverts, mercredi au si\u00e8ge de la Chambre des conseillers.<\/p>\n\n\n\n<p>Cette importante session traite divers questions et sujets d\u2019actualit\u00e9 \u00e0 l\u2019ordre du jour de cette organisation parlementaire, \u00e0 travers des recommandations et des r\u00e9solutions \u00e9labor\u00e9es dans le cadre des commissions permanentes sp\u00e9cialis\u00e9es de l\u2019APM, notamment celles li\u00e9es aux questions de l&rsquo;\u201d\u2018immigration\u201d, \u201cS\u00e9curit\u00e9 et terrorisme\u201d, \u201cCrime organis\u00e9 et traite d\u2019\u00eatres humains\u201d, \u201cD\u00e9veloppements g\u00e9opolitiques et s\u00e9curitaires dans la r\u00e9gion\u201d, \u201cCrise financi\u00e8re et \u00e9conomique\u201d, \u201cIntelligence artificielle\u201d, \u201cEfficacit\u00e9 \u00e9nerg\u00e9tique\u201d, \u201cS\u00e9curit\u00e9 hydrique\u201d et \u201cProtection du milieu marin\u201d.<\/p>\n\n\n\n<p>Cette session, qui intervient dans un contexte r\u00e9gional agit\u00e9 marqu\u00e9 par des d\u00e9fis multidimensionnels, se tiendra en pr\u00e9sence de plus de 200 participants, issus de 20 pays et organisations r\u00e9gionales et internationales, outre des acteurs de la soci\u00e9t\u00e9 civile et du secteur \u00e9conomique.<\/p>\n\n\n\n<p>Il sera \u00e9galement proc\u00e9d\u00e9 \u00e0 la pr\u00e9sentation des travaux de la Commission permanente sur \u201cla Coop\u00e9ration politique et les questions s\u00e9curitaires\u201d, \u201cle Dialogue entre les civilisations et les droits de l\u2019Homme\u201d, ainsi que sur \u201cla Coop\u00e9ration \u00e9conomique, sociale et environnementale\u201d, outre les prochaines activit\u00e9s de la plateforme \u00e9conomique de l\u2019APM&nbsp;suite au Forum de Marrakech, tenu les 7 et 8 d\u00e9cembre.<\/p>\n\n\n\n<p>Les travaux de cette 17\u00e8 Session seront \u00e9galement marqu\u00e9s par l\u2019\u00e9lection du nouveau pr\u00e9sident de l\u2019Assembl\u00e9e Parlementaire de la M\u00e9diterran\u00e9en, pour la p\u00e9riode 2023-2024.<\/p>\n","protected":false},"excerpt":{"rendered":"<p>Dpress Les travaux de la 17\u00e8 session de l\u2019Assembl\u00e9e Parlementaire de la M\u00e9diterran\u00e9e (APM) se sont ouverts, mercredi au si\u00e8ge de la Chambre des conseillers. Cette importante session traite divers questions et sujets d\u2019actualit\u00e9 \u00e0 l\u2019ordre du jour de cette organisation parlementaire, \u00e0 travers des recommandations et des r\u00e9solutions \u00e9labor\u00e9es dans le cadre des commissions &hellip;<\/p>\n","protected":false},"author":2,"featured_media":2478,"comment_status":"open","ping_status":"open","sticky":false,"template":"","format":"standard","meta":{"footnotes":""},"categories":[34],"tags":[],"class_list":["post-3833","post","type-post","status-publish","format-standard","has-post-thumbnail","hentry","category-diplomatie-parlementaire"],"yoast_head":"<!-- This site is optimized with the Yoast SEO plugin v27.5 - https:\/\/yoast.com\/product\/yoast-seo-wordpress\/ -->\n<title>Rabat : Ouverture des travaux de la 17\u00e8 session pl\u00e9ni\u00e8re de l\u2019Assembl\u00e9e Parlementaire de la M\u00e9diterran\u00e9e - Dpress.ma\/fr<\/title>\n<meta name=\"robots\" content=\"index, follow, max-snippet:-1, max-image-preview:large, max-video-preview:-1\" \/>\n<link rel=\"canonical\" href=\"https:\/\/dpress.ma\/fr\/2023\/03\/01\/rabat-ouverture-des-travaux-de-la-17e-session-pleniere-de-lassemblee-parlementaire-de-la-mediterranee\/\" \/>\n<meta property=\"og:locale\" content=\"fr_FR\" \/>\n<meta property=\"og:type\" content=\"article\" \/>\n<meta property=\"og:title\" content=\"Rabat : Ouverture des travaux de la 17\u00e8 session pl\u00e9ni\u00e8re de l\u2019Assembl\u00e9e Parlementaire de la M\u00e9diterran\u00e9e - Dpress.ma\/fr\" \/>\n<meta property=\"og:description\" content=\"Dpress Les travaux de la 17\u00e8 session de l\u2019Assembl\u00e9e Parlementaire de la M\u00e9diterran\u00e9e (APM) se sont ouverts, mercredi au si\u00e8ge de la Chambre des conseillers. Cette importante session traite divers questions et sujets d\u2019actualit\u00e9 \u00e0 l\u2019ordre du jour de cette organisation parlementaire, \u00e0 travers des recommandations et des r\u00e9solutions \u00e9labor\u00e9es dans le cadre des commissions &hellip;\" \/>\n<meta property=\"og:url\" content=\"https:\/\/dpress.ma\/fr\/2023\/03\/01\/rabat-ouverture-des-travaux-de-la-17e-session-pleniere-de-lassemblee-parlementaire-de-la-mediterranee\/\" \/>\n<meta property=\"og:site_name\" content=\"Dpress.ma\/fr\" \/>\n<meta property=\"article:published_time\" content=\"2023-03-01T15:36:42+00:00\" \/>\n<meta property=\"article:modified_time\" content=\"2023-03-01T15:36:43+00:00\" \/>\n<meta property=\"og:image\" content=\"https:\/\/dpress.ma\/fr\/wp-content\/uploads\/sites\/2\/2022\/11\/dimensions2-19.jpg\" \/>\n\t<meta property=\"og:image:width\" content=\"2539\" \/>\n\t<meta property=\"og:image:height\" content=\"1594\" \/>\n\t<meta property=\"og:image:type\" content=\"image\/jpeg\" \/>\n<meta name=\"author\" content=\"Dpress.ma\" \/>\n<meta name=\"twitter:card\" content=\"summary_large_image\" \/>\n<meta name=\"twitter:label1\" content=\"\u00c9crit par\" \/>\n\t<meta name=\"twitter:data1\" content=\"Dpress.ma\" \/>\n\t<meta name=\"twitter:label2\" content=\"Dur\u00e9e de lecture estim\u00e9e\" \/>\n\t<meta name=\"twitter:data2\" content=\"2 minutes\" \/>\n<script type=\"application\/ld+json\" class=\"yoast-schema-graph\">{\"@context\":\"https:\\\/\\\/schema.org\",\"@graph\":[{\"@type\":\"Article\",\"@id\":\"https:\\\/\\\/dpress.ma\\\/fr\\\/2023\\\/03\\\/01\\\/rabat-ouverture-des-travaux-de-la-17e-session-pleniere-de-lassemblee-parlementaire-de-la-mediterranee\\\/#article\",\"isPartOf\":{\"@id\":\"https:\\\/\\\/dpress.ma\\\/fr\\\/2023\\\/03\\\/01\\\/rabat-ouverture-des-travaux-de-la-17e-session-pleniere-de-lassemblee-parlementaire-de-la-mediterranee\\\/\"},\"author\":{\"name\":\"Dpress.ma\",\"@id\":\"https:\\\/\\\/dpress.ma\\\/fr\\\/#\\\/schema\\\/person\\\/4898febf3ccd59e6578d838656a306a0\"},\"headline\":\"Rabat : Ouverture des travaux de la 17\u00e8 session pl\u00e9ni\u00e8re de l\u2019Assembl\u00e9e Parlementaire de la M\u00e9diterran\u00e9e\",\"datePublished\":\"2023-03-01T15:36:42+00:00\",\"dateModified\":\"2023-03-01T15:36:43+00:00\",\"mainEntityOfPage\":{\"@id\":\"https:\\\/\\\/dpress.ma\\\/fr\\\/2023\\\/03\\\/01\\\/rabat-ouverture-des-travaux-de-la-17e-session-pleniere-de-lassemblee-parlementaire-de-la-mediterranee\\\/\"},\"wordCount\":282,\"commentCount\":0,\"image\":{\"@id\":\"https:\\\/\\\/dpress.ma\\\/fr\\\/2023\\\/03\\\/01\\\/rabat-ouverture-des-travaux-de-la-17e-session-pleniere-de-lassemblee-parlementaire-de-la-mediterranee\\\/#primaryimage\"},\"thumbnailUrl\":\"https:\\\/\\\/dpress.ma\\\/fr\\\/wp-content\\\/uploads\\\/sites\\\/2\\\/2022\\\/11\\\/dimensions2-19.jpg\",\"articleSection\":[\"Diplomatie Parlementaire\"],\"inLanguage\":\"fr-FR\",\"potentialAction\":[{\"@type\":\"CommentAction\",\"name\":\"Comment\",\"target\":[\"https:\\\/\\\/dpress.ma\\\/fr\\\/2023\\\/03\\\/01\\\/rabat-ouverture-des-travaux-de-la-17e-session-pleniere-de-lassemblee-parlementaire-de-la-mediterranee\\\/#respond\"]}]},{\"@type\":\"WebPage\",\"@id\":\"https:\\\/\\\/dpress.ma\\\/fr\\\/2023\\\/03\\\/01\\\/rabat-ouverture-des-travaux-de-la-17e-session-pleniere-de-lassemblee-parlementaire-de-la-mediterranee\\\/\",\"url\":\"https:\\\/\\\/dpress.ma\\\/fr\\\/2023\\\/03\\\/01\\\/rabat-ouverture-des-travaux-de-la-17e-session-pleniere-de-lassemblee-parlementaire-de-la-mediterranee\\\/\",\"name\":\"Rabat : Ouverture des travaux de la 17\u00e8 session pl\u00e9ni\u00e8re de l\u2019Assembl\u00e9e Parlementaire de la M\u00e9diterran\u00e9e - Dpress.ma\\\/fr\",\"isPartOf\":{\"@id\":\"https:\\\/\\\/dpress.ma\\\/fr\\\/#website\"},\"primaryImageOfPage\":{\"@id\":\"https:\\\/\\\/dpress.ma\\\/fr\\\/2023\\\/03\\\/01\\\/rabat-ouverture-des-travaux-de-la-17e-session-pleniere-de-lassemblee-parlementaire-de-la-mediterranee\\\/#primaryimage\"},\"image\":{\"@id\":\"https:\\\/\\\/dpress.ma\\\/fr\\\/2023\\\/03\\\/01\\\/rabat-ouverture-des-travaux-de-la-17e-session-pleniere-de-lassemblee-parlementaire-de-la-mediterranee\\\/#primaryimage\"},\"thumbnailUrl\":\"https:\\\/\\\/dpress.ma\\\/fr\\\/wp-content\\\/uploads\\\/sites\\\/2\\\/2022\\\/11\\\/dimensions2-19.jpg\",\"datePublished\":\"2023-03-01T15:36:42+00:00\",\"dateModified\":\"2023-03-01T15:36:43+00:00\",\"author\":{\"@id\":\"https:\\\/\\\/dpress.ma\\\/fr\\\/#\\\/schema\\\/person\\\/4898febf3ccd59e6578d838656a306a0\"},\"breadcrumb\":{\"@id\":\"https:\\\/\\\/dpress.ma\\\/fr\\\/2023\\\/03\\\/01\\\/rabat-ouverture-des-travaux-de-la-17e-session-pleniere-de-lassemblee-parlementaire-de-la-mediterranee\\\/#breadcrumb\"},\"inLanguage\":\"fr-FR\",\"potentialAction\":[{\"@type\":\"ReadAction\",\"target\":[\"https:\\\/\\\/dpress.ma\\\/fr\\\/2023\\\/03\\\/01\\\/rabat-ouverture-des-travaux-de-la-17e-session-pleniere-de-lassemblee-parlementaire-de-la-mediterranee\\\/\"]}]},{\"@type\":\"ImageObject\",\"inLanguage\":\"fr-FR\",\"@id\":\"https:\\\/\\\/dpress.ma\\\/fr\\\/2023\\\/03\\\/01\\\/rabat-ouverture-des-travaux-de-la-17e-session-pleniere-de-lassemblee-parlementaire-de-la-mediterranee\\\/#primaryimage\",\"url\":\"https:\\\/\\\/dpress.ma\\\/fr\\\/wp-content\\\/uploads\\\/sites\\\/2\\\/2022\\\/11\\\/dimensions2-19.jpg\",\"contentUrl\":\"https:\\\/\\\/dpress.ma\\\/fr\\\/wp-content\\\/uploads\\\/sites\\\/2\\\/2022\\\/11\\\/dimensions2-19.jpg\",\"width\":2539,\"height\":1594},{\"@type\":\"BreadcrumbList\",\"@id\":\"https:\\\/\\\/dpress.ma\\\/fr\\\/2023\\\/03\\\/01\\\/rabat-ouverture-des-travaux-de-la-17e-session-pleniere-de-lassemblee-parlementaire-de-la-mediterranee\\\/#breadcrumb\",\"itemListElement\":[{\"@type\":\"ListItem\",\"position\":1,\"name\":\"Home\",\"item\":\"https:\\\/\\\/dpress.ma\\\/fr\\\/\"},{\"@type\":\"ListItem\",\"position\":2,\"name\":\"Rabat : Ouverture des travaux de la 17\u00e8 session pl\u00e9ni\u00e8re de l\u2019Assembl\u00e9e Parlementaire de la M\u00e9diterran\u00e9e\"}]},{\"@type\":\"WebSite\",\"@id\":\"https:\\\/\\\/dpress.ma\\\/fr\\\/#website\",\"url\":\"https:\\\/\\\/dpress.ma\\\/fr\\\/\",\"name\":\"Dpress.ma\\\/fr\",\"description\":\"\",\"potentialAction\":[{\"@type\":\"SearchAction\",\"target\":{\"@type\":\"EntryPoint\",\"urlTemplate\":\"https:\\\/\\\/dpress.ma\\\/fr\\\/?s={search_term_string}\"},\"query-input\":{\"@type\":\"PropertyValueSpecification\",\"valueRequired\":true,\"valueName\":\"search_term_string\"}}],\"inLanguage\":\"fr-FR\"},{\"@type\":\"Person\",\"@id\":\"https:\\\/\\\/dpress.ma\\\/fr\\\/#\\\/schema\\\/person\\\/4898febf3ccd59e6578d838656a306a0\",\"name\":\"Dpress.ma\",\"image\":{\"@type\":\"ImageObject\",\"inLanguage\":\"fr-FR\",\"@id\":\"https:\\\/\\\/secure.gravatar.com\\\/avatar\\\/72ecc30e9db047a2e0e7176561eb9d564ed77c8108376495b19bd8336405198a?s=96&d=mm&r=g\",\"url\":\"https:\\\/\\\/secure.gravatar.com\\\/avatar\\\/72ecc30e9db047a2e0e7176561eb9d564ed77c8108376495b19bd8336405198a?s=96&d=mm&r=g\",\"contentUrl\":\"https:\\\/\\\/secure.gravatar.com\\\/avatar\\\/72ecc30e9db047a2e0e7176561eb9d564ed77c8108376495b19bd8336405198a?s=96&d=mm&r=g\",\"caption\":\"Dpress.ma\"},\"sameAs\":[\"https:\\\/\\\/www.dpress.ma\"],\"url\":\"https:\\\/\\\/dpress.ma\\\/fr\\\/author\\\/dpress-ma\\\/\"}]}<\/script>\n<!-- \/ Yoast SEO plugin. -->","yoast_head_json":{"title":"Rabat : Ouverture des travaux de la 17\u00e8 session pl\u00e9ni\u00e8re de l\u2019Assembl\u00e9e Parlementaire de la M\u00e9diterran\u00e9e - Dpress.ma\/fr","robots":{"index":"index","follow":"follow","max-snippet":"max-snippet:-1","max-image-preview":"max-image-preview:large","max-video-preview":"max-video-preview:-1"},"canonical":"https:\/\/dpress.ma\/fr\/2023\/03\/01\/rabat-ouverture-des-travaux-de-la-17e-session-pleniere-de-lassemblee-parlementaire-de-la-mediterranee\/","og_locale":"fr_FR","og_type":"article","og_title":"Rabat : Ouverture des travaux de la 17\u00e8 session pl\u00e9ni\u00e8re de l\u2019Assembl\u00e9e Parlementaire de la M\u00e9diterran\u00e9e - Dpress.ma\/fr","og_description":"Dpress Les travaux de la 17\u00e8 session de l\u2019Assembl\u00e9e Parlementaire de la M\u00e9diterran\u00e9e (APM) se sont ouverts, mercredi au si\u00e8ge de la Chambre des conseillers. Cette importante session traite divers questions et sujets d\u2019actualit\u00e9 \u00e0 l\u2019ordre du jour de cette organisation parlementaire, \u00e0 travers des recommandations et des r\u00e9solutions \u00e9labor\u00e9es dans le cadre des commissions &hellip;","og_url":"https:\/\/dpress.ma\/fr\/2023\/03\/01\/rabat-ouverture-des-travaux-de-la-17e-session-pleniere-de-lassemblee-parlementaire-de-la-mediterranee\/","og_site_name":"Dpress.ma\/fr","article_published_time":"2023-03-01T15:36:42+00:00","article_modified_time":"2023-03-01T15:36:43+00:00","og_image":[{"width":2539,"height":1594,"url":"https:\/\/dpress.ma\/fr\/wp-content\/uploads\/sites\/2\/2022\/11\/dimensions2-19.jpg","type":"image\/jpeg"}],"author":"Dpress.ma","twitter_card":"summary_large_image","twitter_misc":{"\u00c9crit par":"Dpress.ma","Dur\u00e9e de lecture estim\u00e9e":"2 minutes"},"schema":{"@context":"https:\/\/schema.org","@graph":[{"@type":"Article","@id":"https:\/\/dpress.ma\/fr\/2023\/03\/01\/rabat-ouverture-des-travaux-de-la-17e-session-pleniere-de-lassemblee-parlementaire-de-la-mediterranee\/#article","isPartOf":{"@id":"https:\/\/dpress.ma\/fr\/2023\/03\/01\/rabat-ouverture-des-travaux-de-la-17e-session-pleniere-de-lassemblee-parlementaire-de-la-mediterranee\/"},"author":{"name":"Dpress.ma","@id":"https:\/\/dpress.ma\/fr\/#\/schema\/person\/4898febf3ccd59e6578d838656a306a0"},"headline":"Rabat : Ouverture des travaux de la 17\u00e8 session pl\u00e9ni\u00e8re de l\u2019Assembl\u00e9e Parlementaire de la M\u00e9diterran\u00e9e","datePublished":"2023-03-01T15:36:42+00:00","dateModified":"2023-03-01T15:36:43+00:00","mainEntityOfPage":{"@id":"https:\/\/dpress.ma\/fr\/2023\/03\/01\/rabat-ouverture-des-travaux-de-la-17e-session-pleniere-de-lassemblee-parlementaire-de-la-mediterranee\/"},"wordCount":282,"commentCount":0,"image":{"@id":"https:\/\/dpress.ma\/fr\/2023\/03\/01\/rabat-ouverture-des-travaux-de-la-17e-session-pleniere-de-lassemblee-parlementaire-de-la-mediterranee\/#primaryimage"},"thumbnailUrl":"https:\/\/dpress.ma\/fr\/wp-content\/uploads\/sites\/2\/2022\/11\/dimensions2-19.jpg","articleSection":["Diplomatie Parlementaire"],"inLanguage":"fr-FR","potentialAction":[{"@type":"CommentAction","name":"Comment","target":["https:\/\/dpress.ma\/fr\/2023\/03\/01\/rabat-ouverture-des-travaux-de-la-17e-session-pleniere-de-lassemblee-parlementaire-de-la-mediterranee\/#respond"]}]},{"@type":"WebPage","@id":"https:\/\/dpress.ma\/fr\/2023\/03\/01\/rabat-ouverture-des-travaux-de-la-17e-session-pleniere-de-lassemblee-parlementaire-de-la-mediterranee\/","url":"https:\/\/dpress.ma\/fr\/2023\/03\/01\/rabat-ouverture-des-travaux-de-la-17e-session-pleniere-de-lassemblee-parlementaire-de-la-mediterranee\/","name":"Rabat : Ouverture des travaux de la 17\u00e8 session pl\u00e9ni\u00e8re de l\u2019Assembl\u00e9e Parlementaire de la M\u00e9diterran\u00e9e - Dpress.ma\/fr","isPartOf":{"@id":"https:\/\/dpress.ma\/fr\/#website"},"primaryImageOfPage":{"@id":"https:\/\/dpress.ma\/fr\/2023\/03\/01\/rabat-ouverture-des-travaux-de-la-17e-session-pleniere-de-lassemblee-parlementaire-de-la-mediterranee\/#primaryimage"},"image":{"@id":"https:\/\/dpress.ma\/fr\/2023\/03\/01\/rabat-ouverture-des-travaux-de-la-17e-session-pleniere-de-lassemblee-parlementaire-de-la-mediterranee\/#primaryimage"},"thumbnailUrl":"https:\/\/dpress.ma\/fr\/wp-content\/uploads\/sites\/2\/2022\/11\/dimensions2-19.jpg","datePublished":"2023-03-01T15:36:42+00:00","dateModified":"2023-03-01T15:36:43+00:00","author":{"@id":"https:\/\/dpress.ma\/fr\/#\/schema\/person\/4898febf3ccd59e6578d838656a306a0"},"breadcrumb":{"@id":"https:\/\/dpress.ma\/fr\/2023\/03\/01\/rabat-ouverture-des-travaux-de-la-17e-session-pleniere-de-lassemblee-parlementaire-de-la-mediterranee\/#breadcrumb"},"inLanguage":"fr-FR","potentialAction":[{"@type":"ReadAction","target":["https:\/\/dpress.ma\/fr\/2023\/03\/01\/rabat-ouverture-des-travaux-de-la-17e-session-pleniere-de-lassemblee-parlementaire-de-la-mediterranee\/"]}]},{"@type":"ImageObject","inLanguage":"fr-FR","@id":"https:\/\/dpress.ma\/fr\/2023\/03\/01\/rabat-ouverture-des-travaux-de-la-17e-session-pleniere-de-lassemblee-parlementaire-de-la-mediterranee\/#primaryimage","url":"https:\/\/dpress.ma\/fr\/wp-content\/uploads\/sites\/2\/2022\/11\/dimensions2-19.jpg","contentUrl":"https:\/\/dpress.ma\/fr\/wp-content\/uploads\/sites\/2\/2022\/11\/dimensions2-19.jpg","width":2539,"height":1594},{"@type":"BreadcrumbList","@id":"https:\/\/dpress.ma\/fr\/2023\/03\/01\/rabat-ouverture-des-travaux-de-la-17e-session-pleniere-de-lassemblee-parlementaire-de-la-mediterranee\/#breadcrumb","itemListElement":[{"@type":"ListItem","position":1,"name":"Home","item":"https:\/\/dpress.ma\/fr\/"},{"@type":"ListItem","position":2,"name":"Rabat : Ouverture des travaux de la 17\u00e8 session pl\u00e9ni\u00e8re de l\u2019Assembl\u00e9e Parlementaire de la M\u00e9diterran\u00e9e"}]},{"@type":"WebSite","@id":"https:\/\/dpress.ma\/fr\/#website","url":"https:\/\/dpress.ma\/fr\/","name":"Dpress.ma\/fr","description":"","potentialAction":[{"@type":"SearchAction","target":{"@type":"EntryPoint","urlTemplate":"https:\/\/dpress.ma\/fr\/?s={search_term_string}"},"query-input":{"@type":"PropertyValueSpecification","valueRequired":true,"valueName":"search_term_string"}}],"inLanguage":"fr-FR"},{"@type":"Person","@id":"https:\/\/dpress.ma\/fr\/#\/schema\/person\/4898febf3ccd59e6578d838656a306a0","name":"Dpress.ma","image":{"@type":"ImageObject","inLanguage":"fr-FR","@id":"https:\/\/secure.gravatar.com\/avatar\/72ecc30e9db047a2e0e7176561eb9d564ed77c8108376495b19bd8336405198a?s=96&d=mm&r=g","url":"https:\/\/secure.gravatar.com\/avatar\/72ecc30e9db047a2e0e7176561eb9d564ed77c8108376495b19bd8336405198a?s=96&d=mm&r=g","contentUrl":"https:\/\/secure.gravatar.com\/avatar\/72ecc30e9db047a2e0e7176561eb9d564ed77c8108376495b19bd8336405198a?s=96&d=mm&r=g","caption":"Dpress.ma"},"sameAs":["https:\/\/www.dpress.ma"],"url":"https:\/\/dpress.ma\/fr\/author\/dpress-ma\/"}]}},"amp_enabled":true,"_links":{"self":[{"href":"https:\/\/dpress.ma\/fr\/wp-json\/wp\/v2\/posts\/3833","targetHints":{"allow":["GET"]}}],"collection":[{"href":"https:\/\/dpress.ma\/fr\/wp-json\/wp\/v2\/posts"}],"about":[{"href":"https:\/\/dpress.ma\/fr\/wp-json\/wp\/v2\/types\/post"}],"author":[{"embeddable":true,"href":"https:\/\/dpress.ma\/fr\/wp-json\/wp\/v2\/users\/2"}],"replies":[{"embeddable":true,"href":"https:\/\/dpress.ma\/fr\/wp-json\/wp\/v2\/comments?post=3833"}],"version-history":[{"count":1,"href":"https:\/\/dpress.ma\/fr\/wp-json\/wp\/v2\/posts\/3833\/revisions"}],"predecessor-version":[{"id":3834,"href":"https:\/\/dpress.ma\/fr\/wp-json\/wp\/v2\/posts\/3833\/revisions\/3834"}],"wp:featuredmedia":[{"embeddable":true,"href":"https:\/\/dpress.ma\/fr\/wp-json\/wp\/v2\/media\/2478"}],"wp:attachment":[{"href":"https:\/\/dpress.ma\/fr\/wp-json\/wp\/v2\/media?parent=3833"}],"wp:term":[{"taxonomy":"category","embeddable":true,"href":"https:\/\/dpress.ma\/fr\/wp-json\/wp\/v2\/categories?post=3833"},{"taxonomy":"post_tag","embeddable":true,"href":"https:\/\/dpress.ma\/fr\/wp-json\/wp\/v2\/tags?post=3833"}],"curies":[{"name":"wp","href":"https:\/\/api.w.org\/{rel}","templated":true}]}}