{"id":3794,"date":"2023-02-25T11:23:18","date_gmt":"2023-02-25T11:23:18","guid":{"rendered":"https:\/\/dpress.ma\/fr\/?p=3794"},"modified":"2023-02-25T11:23:19","modified_gmt":"2023-02-25T11:23:19","slug":"les-marches-nationaux-connaissent-une-abondance-et-une-diversite-de-loffre-pour-repondre-a-la-demande-durant-le-mois-du-ramadan-grace-a-la-mobilisation-des-autorites-et-aux-efforts-des-acteur","status":"publish","type":"post","link":"https:\/\/dpress.ma\/fr\/2023\/02\/25\/les-marches-nationaux-connaissent-une-abondance-et-une-diversite-de-loffre-pour-repondre-a-la-demande-durant-le-mois-du-ramadan-grace-a-la-mobilisation-des-autorites-et-aux-efforts-des-acteur\/","title":{"rendered":"Les march\u00e9s nationaux connaissent une abondance et une diversit\u00e9 de l\u2019offre pour r\u00e9pondre \u00e0 la demande durant le mois du Ramadan gr\u00e2ce \u00e0 la mobilisation des autorit\u00e9s et aux efforts des acteurs \u00e9conomiques (Commission interminist\u00e9rielle)"},"content":{"rendered":"\n<p>Dpress<\/p>\n\n\n\n<p>L\u2019offre actuelle en produits de consommation dans les march\u00e9s nationaux est abondante et diversifi\u00e9e, notamment ceux \u00e0 forte demande avant et durant le mois sacr\u00e9 du Ramadan, a affirm\u00e9 la Commission interminist\u00e9rielle de haut niveau de veille et de suivi de l\u2019approvisionnement des march\u00e9s et des prix qui a tenu, vendredi, une r\u00e9union au si\u00e8ge du minist\u00e8re de l\u2019Int\u00e9rieur.<\/p>\n\n\n\n<p>Un communiqu\u00e9 du minist\u00e8re de l\u2019Int\u00e9rieur rendu public \u00e0 l\u2019issue de cette r\u00e9union a mis en avant la mobilisation de toutes les autorit\u00e9s gouvernementales, des autorit\u00e9s locales, des services administratifs et des \u00e9tablissements concern\u00e9s, qui veillent au suivi des donn\u00e9es et des indicateurs relatifs \u00e0 l\u2019approvisionnement des march\u00e9s, \u00e0 l\u2019accompagnement et \u00e0 l\u2019appui des efforts de tous les acteurs concern\u00e9s parmi les producteurs, les fabricants, les fournisseurs et les distributeurs, qui se sont employ\u00e9s \u00e0 programmer et \u00e0 g\u00e9rer les op\u00e9rations de production, d\u2019importation, de stockage et de distribution afin de r\u00e9pondre aux exigences du march\u00e9 national, de mani\u00e8re \u00e0 couvrir la demande durant la p\u00e9riode actuelle et les semaines et mois \u00e0 venir.<\/p>\n\n\n\n<p>S\u2019agissant de l\u2019\u00e9tat d\u2019approvisionnement des march\u00e9s nationaux et selon les donn\u00e9es actualis\u00e9es pr\u00e9sent\u00e9es par les responsables des d\u00e9partements minist\u00e9riels et des \u00e9tablissements concern\u00e9es et les conclusions des constatations et des recherches sur le terrain r\u00e9alis\u00e9es dans les diff\u00e9rentes pr\u00e9fectures et provinces, l\u2019accent a \u00e9t\u00e9 mis sur l\u2019abondance et la diversit\u00e9 de l\u2019offre actuelle dans les march\u00e9s en divers produits de consommation.<\/p>\n\n\n\n<p>Il a \u00e9t\u00e9 \u00e9galement soulign\u00e9 que les stocks et les quantit\u00e9s devant \u00eatre fournis et distribu\u00e9s sont suffisants en vue de r\u00e9pondre \u00e0 la demande durant le mois du Ramadan et les mois prochains concernant tous les produits alimentaires et les autres denr\u00e9es et produits de base, notamment ceux de forte demande avant et durant le mois sacr\u00e9.<\/p>\n\n\n\n<p>Selon le minist\u00e8re de l\u2019Int\u00e9rieur, la r\u00e9union a \u00e9t\u00e9 \u00e9galement l\u2019occasion d\u2019affirmer l\u2019am\u00e9lioration de l\u2019offre en l\u00e9gumes, viandes, poissons, lait et autres produits d\u2019origine v\u00e9g\u00e9tale et animale que les march\u00e9s du Royaume ont connue durant le mois en cours, gr\u00e2ce \u00e0 des conditions climatiques favorables et aux mesures adopt\u00e9es pour renforcer l\u2019offre de certains produits, notamment les viande rouges, \u00e0 travers la facilitation des importations et la suspension des droits de douanes pour les bovins destin\u00e9s \u00e0 l\u2019abattage.<\/p>\n\n\n\n<p>Cette r\u00e9union de coordination \u00e9largie de la Commission interminist\u00e9rielle s\u2019inscrit dans le cadre des pr\u00e9paratifs en pr\u00e9vision du mois du Ramadan et des mesures de coordination aux niveaux national et territorial entre les d\u00e9partements minist\u00e9riels et les \u00e9tablissements concern\u00e9s et avec les acteurs \u00e9conomiques et leurs instances repr\u00e9sentatives au sujet de l\u2019\u00e9tat d\u2019approvisionnement des march\u00e9s et des prix, et apr\u00e8s la mise en \u0153uvre des mesures d\u00e9cid\u00e9es au niveau gouvernemental afin de renforcer l\u2019approvisionnement des march\u00e9s du Royaume en produits alimentaires et autres produits de base, de limiter la hausse des prix li\u00e9e \u00e0 diverses conjonctures exceptionnelles, de renforcer les op\u00e9rations de contr\u00f4le sur le terrain dans les march\u00e9s, de faire face avec fermet\u00e9 \u00e0 toute forme de sp\u00e9culation et de manipulation des prix et aux diff\u00e9rentes pratiques ill\u00e9gales susceptibles de perturber le fonctionnement normal des march\u00e9s et de porter atteinte \u00e0 la sant\u00e9 et \u00e0 la s\u00e9curit\u00e9 des citoyens, ainsi qu\u2019aux droits des consommateurs et \u00e0 leur pouvoir d\u2019achat.<\/p>\n\n\n\n<p>Ont pris part \u00e0 cette r\u00e9union, les ministres de l\u2019Int\u00e9rieur, de l\u2019Agriculture, de la p\u00eache maritime, du d\u00e9veloppement rural, des eaux et for\u00eats, de l\u2019Industrie et du Commerce, le ministre d\u00e9l\u00e9gu\u00e9 aupr\u00e8s de la ministre de l\u2019\u00c9conomie et des Finances, charg\u00e9 du budget, le secr\u00e9taire g\u00e9n\u00e9ral du minist\u00e8re de la Transition \u00e9nerg\u00e9tique et du D\u00e9veloppement durable, le secr\u00e9taire g\u00e9n\u00e9ral du minist\u00e8re de la Sant\u00e9 et de la Protection sociale, les directeurs g\u00e9n\u00e9raux de l\u2019Administration des douanes et Imp\u00f4ts indirects, de l\u2019Office national de la s\u00e9curit\u00e9 sanitaire des produits alimentaires, de l\u2019Office national interprofessionnel des c\u00e9r\u00e9ales et des l\u00e9gumineuses et de l\u2019Office national des p\u00eaches, avec la participation \u00e0 distance des walis des r\u00e9gions et des gouverneurs des pr\u00e9fectures, provinces et pr\u00e9fectures d\u2019arrondissements, des secr\u00e9taires g\u00e9n\u00e9raux, des chefs des divisions des affaires int\u00e9rieures, des chefs des divisions des affaires \u00e9conomiques des pr\u00e9fectures et provinces et des chefs des services d\u00e9concentr\u00e9s&nbsp;concern\u00e9s.<\/p>\n","protected":false},"excerpt":{"rendered":"<p>Dpress L\u2019offre actuelle en produits de consommation dans les march\u00e9s nationaux est abondante et diversifi\u00e9e, notamment ceux \u00e0 forte demande avant et durant le mois sacr\u00e9 du Ramadan, a affirm\u00e9 la Commission interminist\u00e9rielle de haut niveau de veille et de suivi de l\u2019approvisionnement des march\u00e9s et des prix qui a tenu, vendredi, une r\u00e9union au &hellip;<\/p>\n","protected":false},"author":2,"featured_media":3789,"comment_status":"open","ping_status":"open","sticky":false,"template":"","format":"standard","meta":{"footnotes":""},"categories":[25],"tags":[],"class_list":["post-3794","post","type-post","status-publish","format-standard","has-post-thumbnail","hentry","category-economie"],"yoast_head":"<!-- This site is optimized with the Yoast SEO plugin v27.5 - https:\/\/yoast.com\/product\/yoast-seo-wordpress\/ -->\n<title>Les march\u00e9s nationaux connaissent une abondance et une diversit\u00e9 de l\u2019offre pour r\u00e9pondre \u00e0 la demande durant le mois du Ramadan gr\u00e2ce \u00e0 la mobilisation des autorit\u00e9s et aux efforts des acteurs \u00e9conomiques (Commission interminist\u00e9rielle) - Dpress.ma\/fr<\/title>\n<meta name=\"description\" content=\"L\u2019offre actuelle en produits de consommation dans les march\u00e9s nationaux est abondante et diversifi\u00e9e, notamment ceux \u00e0 forte demande avant et durant le mois sacr\u00e9 du Ramadan, a affirm\u00e9 la Commission interminist\u00e9rielle de haut niveau de veille et de suivi de l\u2019approvisionnement des march\u00e9s et des prix qui a tenu, vendredi, une r\u00e9union au si\u00e8ge du minist\u00e8re de l\u2019Int\u00e9rieur.\" \/>\n<meta name=\"robots\" content=\"index, follow, max-snippet:-1, max-image-preview:large, max-video-preview:-1\" \/>\n<link rel=\"canonical\" href=\"https:\/\/dpress.ma\/fr\/2023\/02\/25\/les-marches-nationaux-connaissent-une-abondance-et-une-diversite-de-loffre-pour-repondre-a-la-demande-durant-le-mois-du-ramadan-grace-a-la-mobilisation-des-autorites-et-aux-efforts-des-acteur\/\" \/>\n<meta property=\"og:locale\" content=\"fr_FR\" \/>\n<meta property=\"og:type\" content=\"article\" \/>\n<meta property=\"og:title\" content=\"Les march\u00e9s nationaux connaissent une abondance et une diversit\u00e9 de l\u2019offre pour r\u00e9pondre \u00e0 la demande durant le mois du Ramadan gr\u00e2ce \u00e0 la mobilisation des autorit\u00e9s et aux efforts des acteurs \u00e9conomiques (Commission interminist\u00e9rielle) - Dpress.ma\/fr\" \/>\n<meta property=\"og:description\" content=\"L\u2019offre actuelle en produits de consommation dans les march\u00e9s nationaux est abondante et diversifi\u00e9e, notamment ceux \u00e0 forte demande avant et durant le mois sacr\u00e9 du Ramadan, a affirm\u00e9 la Commission interminist\u00e9rielle de haut niveau de veille et de suivi de l\u2019approvisionnement des march\u00e9s et des prix qui a tenu, vendredi, une r\u00e9union au si\u00e8ge du minist\u00e8re de l\u2019Int\u00e9rieur.\" \/>\n<meta property=\"og:url\" content=\"https:\/\/dpress.ma\/fr\/2023\/02\/25\/les-marches-nationaux-connaissent-une-abondance-et-une-diversite-de-loffre-pour-repondre-a-la-demande-durant-le-mois-du-ramadan-grace-a-la-mobilisation-des-autorites-et-aux-efforts-des-acteur\/\" \/>\n<meta property=\"og:site_name\" content=\"Dpress.ma\/fr\" \/>\n<meta property=\"article:published_time\" content=\"2023-02-25T11:23:18+00:00\" \/>\n<meta property=\"article:modified_time\" content=\"2023-02-25T11:23:19+00:00\" \/>\n<meta property=\"og:image\" content=\"https:\/\/dpress.ma\/fr\/wp-content\/uploads\/sites\/2\/2023\/02\/dimensions2-66.jpg\" \/>\n\t<meta property=\"og:image:width\" content=\"2539\" \/>\n\t<meta property=\"og:image:height\" content=\"1594\" \/>\n\t<meta property=\"og:image:type\" content=\"image\/jpeg\" \/>\n<meta name=\"author\" content=\"Dpress.ma\" \/>\n<meta name=\"twitter:card\" content=\"summary_large_image\" \/>\n<meta name=\"twitter:label1\" content=\"\u00c9crit par\" \/>\n\t<meta name=\"twitter:data1\" content=\"Dpress.ma\" \/>\n\t<meta name=\"twitter:label2\" content=\"Dur\u00e9e de lecture estim\u00e9e\" \/>\n\t<meta name=\"twitter:data2\" content=\"4 minutes\" \/>\n<script type=\"application\/ld+json\" class=\"yoast-schema-graph\">{\"@context\":\"https:\\\/\\\/schema.org\",\"@graph\":[{\"@type\":\"Article\",\"@id\":\"https:\\\/\\\/dpress.ma\\\/fr\\\/2023\\\/02\\\/25\\\/les-marches-nationaux-connaissent-une-abondance-et-une-diversite-de-loffre-pour-repondre-a-la-demande-durant-le-mois-du-ramadan-grace-a-la-mobilisation-des-autorites-et-aux-efforts-des-acteur\\\/#article\",\"isPartOf\":{\"@id\":\"https:\\\/\\\/dpress.ma\\\/fr\\\/2023\\\/02\\\/25\\\/les-marches-nationaux-connaissent-une-abondance-et-une-diversite-de-loffre-pour-repondre-a-la-demande-durant-le-mois-du-ramadan-grace-a-la-mobilisation-des-autorites-et-aux-efforts-des-acteur\\\/\"},\"author\":{\"name\":\"Dpress.ma\",\"@id\":\"https:\\\/\\\/dpress.ma\\\/fr\\\/#\\\/schema\\\/person\\\/4898febf3ccd59e6578d838656a306a0\"},\"headline\":\"Les march\u00e9s nationaux connaissent une abondance et une diversit\u00e9 de l\u2019offre pour r\u00e9pondre \u00e0 la demande durant le mois du Ramadan gr\u00e2ce \u00e0 la mobilisation des autorit\u00e9s et aux efforts des acteurs \u00e9conomiques (Commission interminist\u00e9rielle)\",\"datePublished\":\"2023-02-25T11:23:18+00:00\",\"dateModified\":\"2023-02-25T11:23:19+00:00\",\"mainEntityOfPage\":{\"@id\":\"https:\\\/\\\/dpress.ma\\\/fr\\\/2023\\\/02\\\/25\\\/les-marches-nationaux-connaissent-une-abondance-et-une-diversite-de-loffre-pour-repondre-a-la-demande-durant-le-mois-du-ramadan-grace-a-la-mobilisation-des-autorites-et-aux-efforts-des-acteur\\\/\"},\"wordCount\":849,\"commentCount\":0,\"image\":{\"@id\":\"https:\\\/\\\/dpress.ma\\\/fr\\\/2023\\\/02\\\/25\\\/les-marches-nationaux-connaissent-une-abondance-et-une-diversite-de-loffre-pour-repondre-a-la-demande-durant-le-mois-du-ramadan-grace-a-la-mobilisation-des-autorites-et-aux-efforts-des-acteur\\\/#primaryimage\"},\"thumbnailUrl\":\"https:\\\/\\\/dpress.ma\\\/fr\\\/wp-content\\\/uploads\\\/sites\\\/2\\\/2023\\\/02\\\/dimensions2-66.jpg\",\"articleSection\":[\"\u00c9conomie\"],\"inLanguage\":\"fr-FR\",\"potentialAction\":[{\"@type\":\"CommentAction\",\"name\":\"Comment\",\"target\":[\"https:\\\/\\\/dpress.ma\\\/fr\\\/2023\\\/02\\\/25\\\/les-marches-nationaux-connaissent-une-abondance-et-une-diversite-de-loffre-pour-repondre-a-la-demande-durant-le-mois-du-ramadan-grace-a-la-mobilisation-des-autorites-et-aux-efforts-des-acteur\\\/#respond\"]}]},{\"@type\":\"WebPage\",\"@id\":\"https:\\\/\\\/dpress.ma\\\/fr\\\/2023\\\/02\\\/25\\\/les-marches-nationaux-connaissent-une-abondance-et-une-diversite-de-loffre-pour-repondre-a-la-demande-durant-le-mois-du-ramadan-grace-a-la-mobilisation-des-autorites-et-aux-efforts-des-acteur\\\/\",\"url\":\"https:\\\/\\\/dpress.ma\\\/fr\\\/2023\\\/02\\\/25\\\/les-marches-nationaux-connaissent-une-abondance-et-une-diversite-de-loffre-pour-repondre-a-la-demande-durant-le-mois-du-ramadan-grace-a-la-mobilisation-des-autorites-et-aux-efforts-des-acteur\\\/\",\"name\":\"Les march\u00e9s nationaux connaissent une abondance et une diversit\u00e9 de l\u2019offre pour r\u00e9pondre \u00e0 la demande durant le mois du Ramadan gr\u00e2ce \u00e0 la mobilisation des autorit\u00e9s et aux efforts des acteurs \u00e9conomiques (Commission interminist\u00e9rielle) - Dpress.ma\\\/fr\",\"isPartOf\":{\"@id\":\"https:\\\/\\\/dpress.ma\\\/fr\\\/#website\"},\"primaryImageOfPage\":{\"@id\":\"https:\\\/\\\/dpress.ma\\\/fr\\\/2023\\\/02\\\/25\\\/les-marches-nationaux-connaissent-une-abondance-et-une-diversite-de-loffre-pour-repondre-a-la-demande-durant-le-mois-du-ramadan-grace-a-la-mobilisation-des-autorites-et-aux-efforts-des-acteur\\\/#primaryimage\"},\"image\":{\"@id\":\"https:\\\/\\\/dpress.ma\\\/fr\\\/2023\\\/02\\\/25\\\/les-marches-nationaux-connaissent-une-abondance-et-une-diversite-de-loffre-pour-repondre-a-la-demande-durant-le-mois-du-ramadan-grace-a-la-mobilisation-des-autorites-et-aux-efforts-des-acteur\\\/#primaryimage\"},\"thumbnailUrl\":\"https:\\\/\\\/dpress.ma\\\/fr\\\/wp-content\\\/uploads\\\/sites\\\/2\\\/2023\\\/02\\\/dimensions2-66.jpg\",\"datePublished\":\"2023-02-25T11:23:18+00:00\",\"dateModified\":\"2023-02-25T11:23:19+00:00\",\"author\":{\"@id\":\"https:\\\/\\\/dpress.ma\\\/fr\\\/#\\\/schema\\\/person\\\/4898febf3ccd59e6578d838656a306a0\"},\"description\":\"L\u2019offre actuelle en produits de consommation dans les march\u00e9s nationaux est abondante et diversifi\u00e9e, notamment ceux \u00e0 forte demande avant et durant le mois sacr\u00e9 du Ramadan, a affirm\u00e9 la Commission interminist\u00e9rielle de haut niveau de veille et de suivi de l\u2019approvisionnement des march\u00e9s et des prix qui a tenu, vendredi, une r\u00e9union au si\u00e8ge du minist\u00e8re de l\u2019Int\u00e9rieur.\",\"breadcrumb\":{\"@id\":\"https:\\\/\\\/dpress.ma\\\/fr\\\/2023\\\/02\\\/25\\\/les-marches-nationaux-connaissent-une-abondance-et-une-diversite-de-loffre-pour-repondre-a-la-demande-durant-le-mois-du-ramadan-grace-a-la-mobilisation-des-autorites-et-aux-efforts-des-acteur\\\/#breadcrumb\"},\"inLanguage\":\"fr-FR\",\"potentialAction\":[{\"@type\":\"ReadAction\",\"target\":[\"https:\\\/\\\/dpress.ma\\\/fr\\\/2023\\\/02\\\/25\\\/les-marches-nationaux-connaissent-une-abondance-et-une-diversite-de-loffre-pour-repondre-a-la-demande-durant-le-mois-du-ramadan-grace-a-la-mobilisation-des-autorites-et-aux-efforts-des-acteur\\\/\"]}]},{\"@type\":\"ImageObject\",\"inLanguage\":\"fr-FR\",\"@id\":\"https:\\\/\\\/dpress.ma\\\/fr\\\/2023\\\/02\\\/25\\\/les-marches-nationaux-connaissent-une-abondance-et-une-diversite-de-loffre-pour-repondre-a-la-demande-durant-le-mois-du-ramadan-grace-a-la-mobilisation-des-autorites-et-aux-efforts-des-acteur\\\/#primaryimage\",\"url\":\"https:\\\/\\\/dpress.ma\\\/fr\\\/wp-content\\\/uploads\\\/sites\\\/2\\\/2023\\\/02\\\/dimensions2-66.jpg\",\"contentUrl\":\"https:\\\/\\\/dpress.ma\\\/fr\\\/wp-content\\\/uploads\\\/sites\\\/2\\\/2023\\\/02\\\/dimensions2-66.jpg\",\"width\":2539,\"height\":1594},{\"@type\":\"BreadcrumbList\",\"@id\":\"https:\\\/\\\/dpress.ma\\\/fr\\\/2023\\\/02\\\/25\\\/les-marches-nationaux-connaissent-une-abondance-et-une-diversite-de-loffre-pour-repondre-a-la-demande-durant-le-mois-du-ramadan-grace-a-la-mobilisation-des-autorites-et-aux-efforts-des-acteur\\\/#breadcrumb\",\"itemListElement\":[{\"@type\":\"ListItem\",\"position\":1,\"name\":\"Home\",\"item\":\"https:\\\/\\\/dpress.ma\\\/fr\\\/\"},{\"@type\":\"ListItem\",\"position\":2,\"name\":\"Les march\u00e9s nationaux connaissent une abondance et une diversit\u00e9 de l\u2019offre pour r\u00e9pondre \u00e0 la demande durant le mois du Ramadan gr\u00e2ce \u00e0 la mobilisation des autorit\u00e9s et aux efforts des acteurs \u00e9conomiques (Commission interminist\u00e9rielle)\"}]},{\"@type\":\"WebSite\",\"@id\":\"https:\\\/\\\/dpress.ma\\\/fr\\\/#website\",\"url\":\"https:\\\/\\\/dpress.ma\\\/fr\\\/\",\"name\":\"Dpress.ma\\\/fr\",\"description\":\"\",\"potentialAction\":[{\"@type\":\"SearchAction\",\"target\":{\"@type\":\"EntryPoint\",\"urlTemplate\":\"https:\\\/\\\/dpress.ma\\\/fr\\\/?s={search_term_string}\"},\"query-input\":{\"@type\":\"PropertyValueSpecification\",\"valueRequired\":true,\"valueName\":\"search_term_string\"}}],\"inLanguage\":\"fr-FR\"},{\"@type\":\"Person\",\"@id\":\"https:\\\/\\\/dpress.ma\\\/fr\\\/#\\\/schema\\\/person\\\/4898febf3ccd59e6578d838656a306a0\",\"name\":\"Dpress.ma\",\"image\":{\"@type\":\"ImageObject\",\"inLanguage\":\"fr-FR\",\"@id\":\"https:\\\/\\\/secure.gravatar.com\\\/avatar\\\/72ecc30e9db047a2e0e7176561eb9d564ed77c8108376495b19bd8336405198a?s=96&d=mm&r=g\",\"url\":\"https:\\\/\\\/secure.gravatar.com\\\/avatar\\\/72ecc30e9db047a2e0e7176561eb9d564ed77c8108376495b19bd8336405198a?s=96&d=mm&r=g\",\"contentUrl\":\"https:\\\/\\\/secure.gravatar.com\\\/avatar\\\/72ecc30e9db047a2e0e7176561eb9d564ed77c8108376495b19bd8336405198a?s=96&d=mm&r=g\",\"caption\":\"Dpress.ma\"},\"sameAs\":[\"https:\\\/\\\/www.dpress.ma\"],\"url\":\"https:\\\/\\\/dpress.ma\\\/fr\\\/author\\\/dpress-ma\\\/\"}]}<\/script>\n<!-- \/ Yoast SEO plugin. -->","yoast_head_json":{"title":"Les march\u00e9s nationaux connaissent une abondance et une diversit\u00e9 de l\u2019offre pour r\u00e9pondre \u00e0 la demande durant le mois du Ramadan gr\u00e2ce \u00e0 la mobilisation des autorit\u00e9s et aux efforts des acteurs \u00e9conomiques (Commission interminist\u00e9rielle) - Dpress.ma\/fr","description":"L\u2019offre actuelle en produits de consommation dans les march\u00e9s nationaux est abondante et diversifi\u00e9e, notamment ceux \u00e0 forte demande avant et durant le mois sacr\u00e9 du Ramadan, a affirm\u00e9 la Commission interminist\u00e9rielle de haut niveau de veille et de suivi de l\u2019approvisionnement des march\u00e9s et des prix qui a tenu, vendredi, une r\u00e9union au si\u00e8ge du minist\u00e8re de l\u2019Int\u00e9rieur.","robots":{"index":"index","follow":"follow","max-snippet":"max-snippet:-1","max-image-preview":"max-image-preview:large","max-video-preview":"max-video-preview:-1"},"canonical":"https:\/\/dpress.ma\/fr\/2023\/02\/25\/les-marches-nationaux-connaissent-une-abondance-et-une-diversite-de-loffre-pour-repondre-a-la-demande-durant-le-mois-du-ramadan-grace-a-la-mobilisation-des-autorites-et-aux-efforts-des-acteur\/","og_locale":"fr_FR","og_type":"article","og_title":"Les march\u00e9s nationaux connaissent une abondance et une diversit\u00e9 de l\u2019offre pour r\u00e9pondre \u00e0 la demande durant le mois du Ramadan gr\u00e2ce \u00e0 la mobilisation des autorit\u00e9s et aux efforts des acteurs \u00e9conomiques (Commission interminist\u00e9rielle) - Dpress.ma\/fr","og_description":"L\u2019offre actuelle en produits de consommation dans les march\u00e9s nationaux est abondante et diversifi\u00e9e, notamment ceux \u00e0 forte demande avant et durant le mois sacr\u00e9 du Ramadan, a affirm\u00e9 la Commission interminist\u00e9rielle de haut niveau de veille et de suivi de l\u2019approvisionnement des march\u00e9s et des prix qui a tenu, vendredi, une r\u00e9union au si\u00e8ge du minist\u00e8re de l\u2019Int\u00e9rieur.","og_url":"https:\/\/dpress.ma\/fr\/2023\/02\/25\/les-marches-nationaux-connaissent-une-abondance-et-une-diversite-de-loffre-pour-repondre-a-la-demande-durant-le-mois-du-ramadan-grace-a-la-mobilisation-des-autorites-et-aux-efforts-des-acteur\/","og_site_name":"Dpress.ma\/fr","article_published_time":"2023-02-25T11:23:18+00:00","article_modified_time":"2023-02-25T11:23:19+00:00","og_image":[{"width":2539,"height":1594,"url":"https:\/\/dpress.ma\/fr\/wp-content\/uploads\/sites\/2\/2023\/02\/dimensions2-66.jpg","type":"image\/jpeg"}],"author":"Dpress.ma","twitter_card":"summary_large_image","twitter_misc":{"\u00c9crit par":"Dpress.ma","Dur\u00e9e de lecture estim\u00e9e":"4 minutes"},"schema":{"@context":"https:\/\/schema.org","@graph":[{"@type":"Article","@id":"https:\/\/dpress.ma\/fr\/2023\/02\/25\/les-marches-nationaux-connaissent-une-abondance-et-une-diversite-de-loffre-pour-repondre-a-la-demande-durant-le-mois-du-ramadan-grace-a-la-mobilisation-des-autorites-et-aux-efforts-des-acteur\/#article","isPartOf":{"@id":"https:\/\/dpress.ma\/fr\/2023\/02\/25\/les-marches-nationaux-connaissent-une-abondance-et-une-diversite-de-loffre-pour-repondre-a-la-demande-durant-le-mois-du-ramadan-grace-a-la-mobilisation-des-autorites-et-aux-efforts-des-acteur\/"},"author":{"name":"Dpress.ma","@id":"https:\/\/dpress.ma\/fr\/#\/schema\/person\/4898febf3ccd59e6578d838656a306a0"},"headline":"Les march\u00e9s nationaux connaissent une abondance et une diversit\u00e9 de l\u2019offre pour r\u00e9pondre \u00e0 la demande durant le mois du Ramadan gr\u00e2ce \u00e0 la mobilisation des autorit\u00e9s et aux efforts des acteurs \u00e9conomiques (Commission interminist\u00e9rielle)","datePublished":"2023-02-25T11:23:18+00:00","dateModified":"2023-02-25T11:23:19+00:00","mainEntityOfPage":{"@id":"https:\/\/dpress.ma\/fr\/2023\/02\/25\/les-marches-nationaux-connaissent-une-abondance-et-une-diversite-de-loffre-pour-repondre-a-la-demande-durant-le-mois-du-ramadan-grace-a-la-mobilisation-des-autorites-et-aux-efforts-des-acteur\/"},"wordCount":849,"commentCount":0,"image":{"@id":"https:\/\/dpress.ma\/fr\/2023\/02\/25\/les-marches-nationaux-connaissent-une-abondance-et-une-diversite-de-loffre-pour-repondre-a-la-demande-durant-le-mois-du-ramadan-grace-a-la-mobilisation-des-autorites-et-aux-efforts-des-acteur\/#primaryimage"},"thumbnailUrl":"https:\/\/dpress.ma\/fr\/wp-content\/uploads\/sites\/2\/2023\/02\/dimensions2-66.jpg","articleSection":["\u00c9conomie"],"inLanguage":"fr-FR","potentialAction":[{"@type":"CommentAction","name":"Comment","target":["https:\/\/dpress.ma\/fr\/2023\/02\/25\/les-marches-nationaux-connaissent-une-abondance-et-une-diversite-de-loffre-pour-repondre-a-la-demande-durant-le-mois-du-ramadan-grace-a-la-mobilisation-des-autorites-et-aux-efforts-des-acteur\/#respond"]}]},{"@type":"WebPage","@id":"https:\/\/dpress.ma\/fr\/2023\/02\/25\/les-marches-nationaux-connaissent-une-abondance-et-une-diversite-de-loffre-pour-repondre-a-la-demande-durant-le-mois-du-ramadan-grace-a-la-mobilisation-des-autorites-et-aux-efforts-des-acteur\/","url":"https:\/\/dpress.ma\/fr\/2023\/02\/25\/les-marches-nationaux-connaissent-une-abondance-et-une-diversite-de-loffre-pour-repondre-a-la-demande-durant-le-mois-du-ramadan-grace-a-la-mobilisation-des-autorites-et-aux-efforts-des-acteur\/","name":"Les march\u00e9s nationaux connaissent une abondance et une diversit\u00e9 de l\u2019offre pour r\u00e9pondre \u00e0 la demande durant le mois du Ramadan gr\u00e2ce \u00e0 la mobilisation des autorit\u00e9s et aux efforts des acteurs \u00e9conomiques (Commission interminist\u00e9rielle) - Dpress.ma\/fr","isPartOf":{"@id":"https:\/\/dpress.ma\/fr\/#website"},"primaryImageOfPage":{"@id":"https:\/\/dpress.ma\/fr\/2023\/02\/25\/les-marches-nationaux-connaissent-une-abondance-et-une-diversite-de-loffre-pour-repondre-a-la-demande-durant-le-mois-du-ramadan-grace-a-la-mobilisation-des-autorites-et-aux-efforts-des-acteur\/#primaryimage"},"image":{"@id":"https:\/\/dpress.ma\/fr\/2023\/02\/25\/les-marches-nationaux-connaissent-une-abondance-et-une-diversite-de-loffre-pour-repondre-a-la-demande-durant-le-mois-du-ramadan-grace-a-la-mobilisation-des-autorites-et-aux-efforts-des-acteur\/#primaryimage"},"thumbnailUrl":"https:\/\/dpress.ma\/fr\/wp-content\/uploads\/sites\/2\/2023\/02\/dimensions2-66.jpg","datePublished":"2023-02-25T11:23:18+00:00","dateModified":"2023-02-25T11:23:19+00:00","author":{"@id":"https:\/\/dpress.ma\/fr\/#\/schema\/person\/4898febf3ccd59e6578d838656a306a0"},"description":"L\u2019offre actuelle en produits de consommation dans les march\u00e9s nationaux est abondante et diversifi\u00e9e, notamment ceux \u00e0 forte demande avant et durant le mois sacr\u00e9 du Ramadan, a affirm\u00e9 la Commission interminist\u00e9rielle de haut niveau de veille et de suivi de l\u2019approvisionnement des march\u00e9s et des prix qui a tenu, vendredi, une r\u00e9union au si\u00e8ge du minist\u00e8re de l\u2019Int\u00e9rieur.","breadcrumb":{"@id":"https:\/\/dpress.ma\/fr\/2023\/02\/25\/les-marches-nationaux-connaissent-une-abondance-et-une-diversite-de-loffre-pour-repondre-a-la-demande-durant-le-mois-du-ramadan-grace-a-la-mobilisation-des-autorites-et-aux-efforts-des-acteur\/#breadcrumb"},"inLanguage":"fr-FR","potentialAction":[{"@type":"ReadAction","target":["https:\/\/dpress.ma\/fr\/2023\/02\/25\/les-marches-nationaux-connaissent-une-abondance-et-une-diversite-de-loffre-pour-repondre-a-la-demande-durant-le-mois-du-ramadan-grace-a-la-mobilisation-des-autorites-et-aux-efforts-des-acteur\/"]}]},{"@type":"ImageObject","inLanguage":"fr-FR","@id":"https:\/\/dpress.ma\/fr\/2023\/02\/25\/les-marches-nationaux-connaissent-une-abondance-et-une-diversite-de-loffre-pour-repondre-a-la-demande-durant-le-mois-du-ramadan-grace-a-la-mobilisation-des-autorites-et-aux-efforts-des-acteur\/#primaryimage","url":"https:\/\/dpress.ma\/fr\/wp-content\/uploads\/sites\/2\/2023\/02\/dimensions2-66.jpg","contentUrl":"https:\/\/dpress.ma\/fr\/wp-content\/uploads\/sites\/2\/2023\/02\/dimensions2-66.jpg","width":2539,"height":1594},{"@type":"BreadcrumbList","@id":"https:\/\/dpress.ma\/fr\/2023\/02\/25\/les-marches-nationaux-connaissent-une-abondance-et-une-diversite-de-loffre-pour-repondre-a-la-demande-durant-le-mois-du-ramadan-grace-a-la-mobilisation-des-autorites-et-aux-efforts-des-acteur\/#breadcrumb","itemListElement":[{"@type":"ListItem","position":1,"name":"Home","item":"https:\/\/dpress.ma\/fr\/"},{"@type":"ListItem","position":2,"name":"Les march\u00e9s nationaux connaissent une abondance et une diversit\u00e9 de l\u2019offre pour r\u00e9pondre \u00e0 la demande durant le mois du Ramadan gr\u00e2ce \u00e0 la mobilisation des autorit\u00e9s et aux efforts des acteurs \u00e9conomiques (Commission interminist\u00e9rielle)"}]},{"@type":"WebSite","@id":"https:\/\/dpress.ma\/fr\/#website","url":"https:\/\/dpress.ma\/fr\/","name":"Dpress.ma\/fr","description":"","potentialAction":[{"@type":"SearchAction","target":{"@type":"EntryPoint","urlTemplate":"https:\/\/dpress.ma\/fr\/?s={search_term_string}"},"query-input":{"@type":"PropertyValueSpecification","valueRequired":true,"valueName":"search_term_string"}}],"inLanguage":"fr-FR"},{"@type":"Person","@id":"https:\/\/dpress.ma\/fr\/#\/schema\/person\/4898febf3ccd59e6578d838656a306a0","name":"Dpress.ma","image":{"@type":"ImageObject","inLanguage":"fr-FR","@id":"https:\/\/secure.gravatar.com\/avatar\/72ecc30e9db047a2e0e7176561eb9d564ed77c8108376495b19bd8336405198a?s=96&d=mm&r=g","url":"https:\/\/secure.gravatar.com\/avatar\/72ecc30e9db047a2e0e7176561eb9d564ed77c8108376495b19bd8336405198a?s=96&d=mm&r=g","contentUrl":"https:\/\/secure.gravatar.com\/avatar\/72ecc30e9db047a2e0e7176561eb9d564ed77c8108376495b19bd8336405198a?s=96&d=mm&r=g","caption":"Dpress.ma"},"sameAs":["https:\/\/www.dpress.ma"],"url":"https:\/\/dpress.ma\/fr\/author\/dpress-ma\/"}]}},"amp_enabled":true,"_links":{"self":[{"href":"https:\/\/dpress.ma\/fr\/wp-json\/wp\/v2\/posts\/3794","targetHints":{"allow":["GET"]}}],"collection":[{"href":"https:\/\/dpress.ma\/fr\/wp-json\/wp\/v2\/posts"}],"about":[{"href":"https:\/\/dpress.ma\/fr\/wp-json\/wp\/v2\/types\/post"}],"author":[{"embeddable":true,"href":"https:\/\/dpress.ma\/fr\/wp-json\/wp\/v2\/users\/2"}],"replies":[{"embeddable":true,"href":"https:\/\/dpress.ma\/fr\/wp-json\/wp\/v2\/comments?post=3794"}],"version-history":[{"count":1,"href":"https:\/\/dpress.ma\/fr\/wp-json\/wp\/v2\/posts\/3794\/revisions"}],"predecessor-version":[{"id":3795,"href":"https:\/\/dpress.ma\/fr\/wp-json\/wp\/v2\/posts\/3794\/revisions\/3795"}],"wp:featuredmedia":[{"embeddable":true,"href":"https:\/\/dpress.ma\/fr\/wp-json\/wp\/v2\/media\/3789"}],"wp:attachment":[{"href":"https:\/\/dpress.ma\/fr\/wp-json\/wp\/v2\/media?parent=3794"}],"wp:term":[{"taxonomy":"category","embeddable":true,"href":"https:\/\/dpress.ma\/fr\/wp-json\/wp\/v2\/categories?post=3794"},{"taxonomy":"post_tag","embeddable":true,"href":"https:\/\/dpress.ma\/fr\/wp-json\/wp\/v2\/tags?post=3794"}],"curies":[{"name":"wp","href":"https:\/\/api.w.org\/{rel}","templated":true}]}}