{"id":3791,"date":"2023-02-25T11:22:19","date_gmt":"2023-02-25T11:22:19","guid":{"rendered":"https:\/\/dpress.ma\/fr\/?p=3791"},"modified":"2023-02-25T11:22:20","modified_gmt":"2023-02-25T11:22:20","slug":"marche-ramadan-m-mezzour-rassure-sur-la-disponibilite-et-les-prix-des-produits-de-forte-consommation","status":"publish","type":"post","link":"https:\/\/dpress.ma\/fr\/2023\/02\/25\/marche-ramadan-m-mezzour-rassure-sur-la-disponibilite-et-les-prix-des-produits-de-forte-consommation\/","title":{"rendered":"March\u00e9\/Ramadan : M. Mezzour rassure sur la disponibilit\u00e9 et les prix des produits de forte consommation"},"content":{"rendered":"\n<p>Dpress<\/p>\n\n\n\n<p>&nbsp;Le ministre de l\u2019Industrie et du Commerce, Ryad Mezzour, a assur\u00e9, vendredi \u00e0 Rabat, que les produits de forte consommation durant le mois de Ramadan sont disponibles sur le march\u00e9 national et leurs prix s\u2019orientent \u00e0 la baisse.<\/p>\n\n\n\n<p>\u201cTous les produits qui connaissent une forte consommation durant Ramadan, sont disponibles sur le march\u00e9 national et leurs prix sont en baisse continue pour revenir \u00e0 l\u2019\u00e9tat normal\u201d, a dit M. Mezzour dans une d\u00e9claration \u00e0 la presse \u00e0 l\u2019issue de la r\u00e9union de la commission interminist\u00e9rielle de haut niveau de veille et de suivi de l\u2019approvisionnement des march\u00e9s et des prix.<\/p>\n\n\n\n<p>Et de soutenir que le gouvernement, les walis, les gouverneurs et l\u2019ensemble des parties concern\u00e9es par le suivi de l\u2019approvisionnement du march\u00e9 sont mobilis\u00e9s pour accompagner la diminution des prix en vue d\u2019all\u00e9ger la charge sur les citoyens.<\/p>\n\n\n\n<p>Tenue au si\u00e8ge du minist\u00e8re de l\u2019Int\u00e9rieur, cette r\u00e9union a \u00e9t\u00e9 l\u2019occasion de souligner l\u2019abondance et la diversit\u00e9, sur les march\u00e9s nationaux, de l\u2019offre des diff\u00e9rents produits, en particulier ceux de forte consommation durant le mois de Ramadan.<\/p>\n\n\n\n<p>Ont pris part \u00e0 cette r\u00e9union, les ministres de l\u2019Int\u00e9rieur, de l\u2019Agriculture, la p\u00eache maritime, du d\u00e9veloppement rural, des eaux et for\u00eats, de l\u2019Industrie et du Commerce, du ministre d\u00e9l\u00e9gu\u00e9 aupr\u00e8s de la ministre de l\u2019Economie et des Finances, charg\u00e9 du budget, du secr\u00e9taire g\u00e9n\u00e9ral du minist\u00e8re de la Transition \u00e9nerg\u00e9tique et du D\u00e9veloppement durable, du secr\u00e9taire g\u00e9n\u00e9ral du minist\u00e8re de la Sant\u00e9 et de la Protection sociale, des directeurs g\u00e9n\u00e9raux de l\u2019Administration des douanes et Imp\u00f4ts indirects, de l\u2019Office national de la s\u00e9curit\u00e9 sanitaire des produits alimentaires, de l\u2019Office national interprofessionnel des c\u00e9r\u00e9ales et des l\u00e9gumineuses et de l\u2019Office national des p\u00eaches, avec la participation \u00e0 distance des walis des r\u00e9gions et des gouverneurs des pr\u00e9fectures, provinces et pr\u00e9fectures d\u2019arrondissements, des secr\u00e9taires g\u00e9n\u00e9raux, des chefs des divisions des affaires int\u00e9rieures, des chefs des divisions des affaires \u00e9conomiques des pr\u00e9fectures et provinces et des chefs des services d\u00e9concentr\u00e9s concern\u00e9s.<\/p>\n","protected":false},"excerpt":{"rendered":"<p>Dpress &nbsp;Le ministre de l\u2019Industrie et du Commerce, Ryad Mezzour, a assur\u00e9, vendredi \u00e0 Rabat, que les produits de forte consommation durant le mois de Ramadan sont disponibles sur le march\u00e9 national et leurs prix s\u2019orientent \u00e0 la baisse. \u201cTous les produits qui connaissent une forte consommation durant Ramadan, sont disponibles sur le march\u00e9 national &hellip;<\/p>\n","protected":false},"author":2,"featured_media":3792,"comment_status":"open","ping_status":"open","sticky":false,"template":"","format":"standard","meta":{"footnotes":""},"categories":[25],"tags":[],"class_list":["post-3791","post","type-post","status-publish","format-standard","has-post-thumbnail","hentry","category-economie"],"yoast_head":"<!-- This site is optimized with the Yoast SEO plugin v27.5 - https:\/\/yoast.com\/product\/yoast-seo-wordpress\/ -->\n<title>March\u00e9\/Ramadan : M. Mezzour rassure sur la disponibilit\u00e9 et les prix des produits de forte consommation - Dpress.ma\/fr<\/title>\n<meta name=\"description\" content=\"Le ministre de l\u2019Industrie et du Commerce, Ryad Mezzour, a assur\u00e9, vendredi \u00e0 Rabat, que les produits de forte consommation durant le mois de Ramadan sont disponibles sur le march\u00e9 national et leurs prix s\u2019orientent \u00e0 la baisse.\" \/>\n<meta name=\"robots\" content=\"index, follow, max-snippet:-1, max-image-preview:large, max-video-preview:-1\" \/>\n<link rel=\"canonical\" href=\"https:\/\/dpress.ma\/fr\/2023\/02\/25\/marche-ramadan-m-mezzour-rassure-sur-la-disponibilite-et-les-prix-des-produits-de-forte-consommation\/\" \/>\n<meta property=\"og:locale\" content=\"fr_FR\" \/>\n<meta property=\"og:type\" content=\"article\" \/>\n<meta property=\"og:title\" content=\"March\u00e9\/Ramadan : M. Mezzour rassure sur la disponibilit\u00e9 et les prix des produits de forte consommation - Dpress.ma\/fr\" \/>\n<meta property=\"og:description\" content=\"Le ministre de l\u2019Industrie et du Commerce, Ryad Mezzour, a assur\u00e9, vendredi \u00e0 Rabat, que les produits de forte consommation durant le mois de Ramadan sont disponibles sur le march\u00e9 national et leurs prix s\u2019orientent \u00e0 la baisse.\" \/>\n<meta property=\"og:url\" content=\"https:\/\/dpress.ma\/fr\/2023\/02\/25\/marche-ramadan-m-mezzour-rassure-sur-la-disponibilite-et-les-prix-des-produits-de-forte-consommation\/\" \/>\n<meta property=\"og:site_name\" content=\"Dpress.ma\/fr\" \/>\n<meta property=\"article:published_time\" content=\"2023-02-25T11:22:19+00:00\" \/>\n<meta property=\"article:modified_time\" content=\"2023-02-25T11:22:20+00:00\" \/>\n<meta property=\"og:image\" content=\"https:\/\/dpress.ma\/fr\/wp-content\/uploads\/sites\/2\/2023\/02\/dimensions2-67.jpg\" \/>\n\t<meta property=\"og:image:width\" content=\"2539\" \/>\n\t<meta property=\"og:image:height\" content=\"1594\" \/>\n\t<meta property=\"og:image:type\" content=\"image\/jpeg\" \/>\n<meta name=\"author\" content=\"Dpress.ma\" \/>\n<meta name=\"twitter:card\" content=\"summary_large_image\" \/>\n<meta name=\"twitter:label1\" content=\"\u00c9crit par\" \/>\n\t<meta name=\"twitter:data1\" content=\"Dpress.ma\" \/>\n\t<meta name=\"twitter:label2\" content=\"Dur\u00e9e de lecture estim\u00e9e\" \/>\n\t<meta name=\"twitter:data2\" content=\"2 minutes\" \/>\n<script type=\"application\/ld+json\" class=\"yoast-schema-graph\">{\"@context\":\"https:\\\/\\\/schema.org\",\"@graph\":[{\"@type\":\"Article\",\"@id\":\"https:\\\/\\\/dpress.ma\\\/fr\\\/2023\\\/02\\\/25\\\/marche-ramadan-m-mezzour-rassure-sur-la-disponibilite-et-les-prix-des-produits-de-forte-consommation\\\/#article\",\"isPartOf\":{\"@id\":\"https:\\\/\\\/dpress.ma\\\/fr\\\/2023\\\/02\\\/25\\\/marche-ramadan-m-mezzour-rassure-sur-la-disponibilite-et-les-prix-des-produits-de-forte-consommation\\\/\"},\"author\":{\"name\":\"Dpress.ma\",\"@id\":\"https:\\\/\\\/dpress.ma\\\/fr\\\/#\\\/schema\\\/person\\\/4898febf3ccd59e6578d838656a306a0\"},\"headline\":\"March\u00e9\\\/Ramadan : M. Mezzour rassure sur la disponibilit\u00e9 et les prix des produits de forte consommation\",\"datePublished\":\"2023-02-25T11:22:19+00:00\",\"dateModified\":\"2023-02-25T11:22:20+00:00\",\"mainEntityOfPage\":{\"@id\":\"https:\\\/\\\/dpress.ma\\\/fr\\\/2023\\\/02\\\/25\\\/marche-ramadan-m-mezzour-rassure-sur-la-disponibilite-et-les-prix-des-produits-de-forte-consommation\\\/\"},\"wordCount\":407,\"commentCount\":0,\"image\":{\"@id\":\"https:\\\/\\\/dpress.ma\\\/fr\\\/2023\\\/02\\\/25\\\/marche-ramadan-m-mezzour-rassure-sur-la-disponibilite-et-les-prix-des-produits-de-forte-consommation\\\/#primaryimage\"},\"thumbnailUrl\":\"https:\\\/\\\/dpress.ma\\\/fr\\\/wp-content\\\/uploads\\\/sites\\\/2\\\/2023\\\/02\\\/dimensions2-67.jpg\",\"articleSection\":[\"\u00c9conomie\"],\"inLanguage\":\"fr-FR\",\"potentialAction\":[{\"@type\":\"CommentAction\",\"name\":\"Comment\",\"target\":[\"https:\\\/\\\/dpress.ma\\\/fr\\\/2023\\\/02\\\/25\\\/marche-ramadan-m-mezzour-rassure-sur-la-disponibilite-et-les-prix-des-produits-de-forte-consommation\\\/#respond\"]}]},{\"@type\":\"WebPage\",\"@id\":\"https:\\\/\\\/dpress.ma\\\/fr\\\/2023\\\/02\\\/25\\\/marche-ramadan-m-mezzour-rassure-sur-la-disponibilite-et-les-prix-des-produits-de-forte-consommation\\\/\",\"url\":\"https:\\\/\\\/dpress.ma\\\/fr\\\/2023\\\/02\\\/25\\\/marche-ramadan-m-mezzour-rassure-sur-la-disponibilite-et-les-prix-des-produits-de-forte-consommation\\\/\",\"name\":\"March\u00e9\\\/Ramadan : M. Mezzour rassure sur la disponibilit\u00e9 et les prix des produits de forte consommation - Dpress.ma\\\/fr\",\"isPartOf\":{\"@id\":\"https:\\\/\\\/dpress.ma\\\/fr\\\/#website\"},\"primaryImageOfPage\":{\"@id\":\"https:\\\/\\\/dpress.ma\\\/fr\\\/2023\\\/02\\\/25\\\/marche-ramadan-m-mezzour-rassure-sur-la-disponibilite-et-les-prix-des-produits-de-forte-consommation\\\/#primaryimage\"},\"image\":{\"@id\":\"https:\\\/\\\/dpress.ma\\\/fr\\\/2023\\\/02\\\/25\\\/marche-ramadan-m-mezzour-rassure-sur-la-disponibilite-et-les-prix-des-produits-de-forte-consommation\\\/#primaryimage\"},\"thumbnailUrl\":\"https:\\\/\\\/dpress.ma\\\/fr\\\/wp-content\\\/uploads\\\/sites\\\/2\\\/2023\\\/02\\\/dimensions2-67.jpg\",\"datePublished\":\"2023-02-25T11:22:19+00:00\",\"dateModified\":\"2023-02-25T11:22:20+00:00\",\"author\":{\"@id\":\"https:\\\/\\\/dpress.ma\\\/fr\\\/#\\\/schema\\\/person\\\/4898febf3ccd59e6578d838656a306a0\"},\"description\":\"Le ministre de l\u2019Industrie et du Commerce, Ryad Mezzour, a assur\u00e9, vendredi \u00e0 Rabat, que les produits de forte consommation durant le mois de Ramadan sont disponibles sur le march\u00e9 national et leurs prix s\u2019orientent \u00e0 la baisse.\",\"breadcrumb\":{\"@id\":\"https:\\\/\\\/dpress.ma\\\/fr\\\/2023\\\/02\\\/25\\\/marche-ramadan-m-mezzour-rassure-sur-la-disponibilite-et-les-prix-des-produits-de-forte-consommation\\\/#breadcrumb\"},\"inLanguage\":\"fr-FR\",\"potentialAction\":[{\"@type\":\"ReadAction\",\"target\":[\"https:\\\/\\\/dpress.ma\\\/fr\\\/2023\\\/02\\\/25\\\/marche-ramadan-m-mezzour-rassure-sur-la-disponibilite-et-les-prix-des-produits-de-forte-consommation\\\/\"]}]},{\"@type\":\"ImageObject\",\"inLanguage\":\"fr-FR\",\"@id\":\"https:\\\/\\\/dpress.ma\\\/fr\\\/2023\\\/02\\\/25\\\/marche-ramadan-m-mezzour-rassure-sur-la-disponibilite-et-les-prix-des-produits-de-forte-consommation\\\/#primaryimage\",\"url\":\"https:\\\/\\\/dpress.ma\\\/fr\\\/wp-content\\\/uploads\\\/sites\\\/2\\\/2023\\\/02\\\/dimensions2-67.jpg\",\"contentUrl\":\"https:\\\/\\\/dpress.ma\\\/fr\\\/wp-content\\\/uploads\\\/sites\\\/2\\\/2023\\\/02\\\/dimensions2-67.jpg\",\"width\":2539,\"height\":1594},{\"@type\":\"BreadcrumbList\",\"@id\":\"https:\\\/\\\/dpress.ma\\\/fr\\\/2023\\\/02\\\/25\\\/marche-ramadan-m-mezzour-rassure-sur-la-disponibilite-et-les-prix-des-produits-de-forte-consommation\\\/#breadcrumb\",\"itemListElement\":[{\"@type\":\"ListItem\",\"position\":1,\"name\":\"Home\",\"item\":\"https:\\\/\\\/dpress.ma\\\/fr\\\/\"},{\"@type\":\"ListItem\",\"position\":2,\"name\":\"March\u00e9\\\/Ramadan : M. Mezzour rassure sur la disponibilit\u00e9 et les prix des produits de forte consommation\"}]},{\"@type\":\"WebSite\",\"@id\":\"https:\\\/\\\/dpress.ma\\\/fr\\\/#website\",\"url\":\"https:\\\/\\\/dpress.ma\\\/fr\\\/\",\"name\":\"Dpress.ma\\\/fr\",\"description\":\"\",\"potentialAction\":[{\"@type\":\"SearchAction\",\"target\":{\"@type\":\"EntryPoint\",\"urlTemplate\":\"https:\\\/\\\/dpress.ma\\\/fr\\\/?s={search_term_string}\"},\"query-input\":{\"@type\":\"PropertyValueSpecification\",\"valueRequired\":true,\"valueName\":\"search_term_string\"}}],\"inLanguage\":\"fr-FR\"},{\"@type\":\"Person\",\"@id\":\"https:\\\/\\\/dpress.ma\\\/fr\\\/#\\\/schema\\\/person\\\/4898febf3ccd59e6578d838656a306a0\",\"name\":\"Dpress.ma\",\"image\":{\"@type\":\"ImageObject\",\"inLanguage\":\"fr-FR\",\"@id\":\"https:\\\/\\\/secure.gravatar.com\\\/avatar\\\/72ecc30e9db047a2e0e7176561eb9d564ed77c8108376495b19bd8336405198a?s=96&d=mm&r=g\",\"url\":\"https:\\\/\\\/secure.gravatar.com\\\/avatar\\\/72ecc30e9db047a2e0e7176561eb9d564ed77c8108376495b19bd8336405198a?s=96&d=mm&r=g\",\"contentUrl\":\"https:\\\/\\\/secure.gravatar.com\\\/avatar\\\/72ecc30e9db047a2e0e7176561eb9d564ed77c8108376495b19bd8336405198a?s=96&d=mm&r=g\",\"caption\":\"Dpress.ma\"},\"sameAs\":[\"https:\\\/\\\/www.dpress.ma\"],\"url\":\"https:\\\/\\\/dpress.ma\\\/fr\\\/author\\\/dpress-ma\\\/\"}]}<\/script>\n<!-- \/ Yoast SEO plugin. -->","yoast_head_json":{"title":"March\u00e9\/Ramadan : M. Mezzour rassure sur la disponibilit\u00e9 et les prix des produits de forte consommation - Dpress.ma\/fr","description":"Le ministre de l\u2019Industrie et du Commerce, Ryad Mezzour, a assur\u00e9, vendredi \u00e0 Rabat, que les produits de forte consommation durant le mois de Ramadan sont disponibles sur le march\u00e9 national et leurs prix s\u2019orientent \u00e0 la baisse.","robots":{"index":"index","follow":"follow","max-snippet":"max-snippet:-1","max-image-preview":"max-image-preview:large","max-video-preview":"max-video-preview:-1"},"canonical":"https:\/\/dpress.ma\/fr\/2023\/02\/25\/marche-ramadan-m-mezzour-rassure-sur-la-disponibilite-et-les-prix-des-produits-de-forte-consommation\/","og_locale":"fr_FR","og_type":"article","og_title":"March\u00e9\/Ramadan : M. Mezzour rassure sur la disponibilit\u00e9 et les prix des produits de forte consommation - Dpress.ma\/fr","og_description":"Le ministre de l\u2019Industrie et du Commerce, Ryad Mezzour, a assur\u00e9, vendredi \u00e0 Rabat, que les produits de forte consommation durant le mois de Ramadan sont disponibles sur le march\u00e9 national et leurs prix s\u2019orientent \u00e0 la baisse.","og_url":"https:\/\/dpress.ma\/fr\/2023\/02\/25\/marche-ramadan-m-mezzour-rassure-sur-la-disponibilite-et-les-prix-des-produits-de-forte-consommation\/","og_site_name":"Dpress.ma\/fr","article_published_time":"2023-02-25T11:22:19+00:00","article_modified_time":"2023-02-25T11:22:20+00:00","og_image":[{"width":2539,"height":1594,"url":"https:\/\/dpress.ma\/fr\/wp-content\/uploads\/sites\/2\/2023\/02\/dimensions2-67.jpg","type":"image\/jpeg"}],"author":"Dpress.ma","twitter_card":"summary_large_image","twitter_misc":{"\u00c9crit par":"Dpress.ma","Dur\u00e9e de lecture estim\u00e9e":"2 minutes"},"schema":{"@context":"https:\/\/schema.org","@graph":[{"@type":"Article","@id":"https:\/\/dpress.ma\/fr\/2023\/02\/25\/marche-ramadan-m-mezzour-rassure-sur-la-disponibilite-et-les-prix-des-produits-de-forte-consommation\/#article","isPartOf":{"@id":"https:\/\/dpress.ma\/fr\/2023\/02\/25\/marche-ramadan-m-mezzour-rassure-sur-la-disponibilite-et-les-prix-des-produits-de-forte-consommation\/"},"author":{"name":"Dpress.ma","@id":"https:\/\/dpress.ma\/fr\/#\/schema\/person\/4898febf3ccd59e6578d838656a306a0"},"headline":"March\u00e9\/Ramadan : M. Mezzour rassure sur la disponibilit\u00e9 et les prix des produits de forte consommation","datePublished":"2023-02-25T11:22:19+00:00","dateModified":"2023-02-25T11:22:20+00:00","mainEntityOfPage":{"@id":"https:\/\/dpress.ma\/fr\/2023\/02\/25\/marche-ramadan-m-mezzour-rassure-sur-la-disponibilite-et-les-prix-des-produits-de-forte-consommation\/"},"wordCount":407,"commentCount":0,"image":{"@id":"https:\/\/dpress.ma\/fr\/2023\/02\/25\/marche-ramadan-m-mezzour-rassure-sur-la-disponibilite-et-les-prix-des-produits-de-forte-consommation\/#primaryimage"},"thumbnailUrl":"https:\/\/dpress.ma\/fr\/wp-content\/uploads\/sites\/2\/2023\/02\/dimensions2-67.jpg","articleSection":["\u00c9conomie"],"inLanguage":"fr-FR","potentialAction":[{"@type":"CommentAction","name":"Comment","target":["https:\/\/dpress.ma\/fr\/2023\/02\/25\/marche-ramadan-m-mezzour-rassure-sur-la-disponibilite-et-les-prix-des-produits-de-forte-consommation\/#respond"]}]},{"@type":"WebPage","@id":"https:\/\/dpress.ma\/fr\/2023\/02\/25\/marche-ramadan-m-mezzour-rassure-sur-la-disponibilite-et-les-prix-des-produits-de-forte-consommation\/","url":"https:\/\/dpress.ma\/fr\/2023\/02\/25\/marche-ramadan-m-mezzour-rassure-sur-la-disponibilite-et-les-prix-des-produits-de-forte-consommation\/","name":"March\u00e9\/Ramadan : M. Mezzour rassure sur la disponibilit\u00e9 et les prix des produits de forte consommation - Dpress.ma\/fr","isPartOf":{"@id":"https:\/\/dpress.ma\/fr\/#website"},"primaryImageOfPage":{"@id":"https:\/\/dpress.ma\/fr\/2023\/02\/25\/marche-ramadan-m-mezzour-rassure-sur-la-disponibilite-et-les-prix-des-produits-de-forte-consommation\/#primaryimage"},"image":{"@id":"https:\/\/dpress.ma\/fr\/2023\/02\/25\/marche-ramadan-m-mezzour-rassure-sur-la-disponibilite-et-les-prix-des-produits-de-forte-consommation\/#primaryimage"},"thumbnailUrl":"https:\/\/dpress.ma\/fr\/wp-content\/uploads\/sites\/2\/2023\/02\/dimensions2-67.jpg","datePublished":"2023-02-25T11:22:19+00:00","dateModified":"2023-02-25T11:22:20+00:00","author":{"@id":"https:\/\/dpress.ma\/fr\/#\/schema\/person\/4898febf3ccd59e6578d838656a306a0"},"description":"Le ministre de l\u2019Industrie et du Commerce, Ryad Mezzour, a assur\u00e9, vendredi \u00e0 Rabat, que les produits de forte consommation durant le mois de Ramadan sont disponibles sur le march\u00e9 national et leurs prix s\u2019orientent \u00e0 la baisse.","breadcrumb":{"@id":"https:\/\/dpress.ma\/fr\/2023\/02\/25\/marche-ramadan-m-mezzour-rassure-sur-la-disponibilite-et-les-prix-des-produits-de-forte-consommation\/#breadcrumb"},"inLanguage":"fr-FR","potentialAction":[{"@type":"ReadAction","target":["https:\/\/dpress.ma\/fr\/2023\/02\/25\/marche-ramadan-m-mezzour-rassure-sur-la-disponibilite-et-les-prix-des-produits-de-forte-consommation\/"]}]},{"@type":"ImageObject","inLanguage":"fr-FR","@id":"https:\/\/dpress.ma\/fr\/2023\/02\/25\/marche-ramadan-m-mezzour-rassure-sur-la-disponibilite-et-les-prix-des-produits-de-forte-consommation\/#primaryimage","url":"https:\/\/dpress.ma\/fr\/wp-content\/uploads\/sites\/2\/2023\/02\/dimensions2-67.jpg","contentUrl":"https:\/\/dpress.ma\/fr\/wp-content\/uploads\/sites\/2\/2023\/02\/dimensions2-67.jpg","width":2539,"height":1594},{"@type":"BreadcrumbList","@id":"https:\/\/dpress.ma\/fr\/2023\/02\/25\/marche-ramadan-m-mezzour-rassure-sur-la-disponibilite-et-les-prix-des-produits-de-forte-consommation\/#breadcrumb","itemListElement":[{"@type":"ListItem","position":1,"name":"Home","item":"https:\/\/dpress.ma\/fr\/"},{"@type":"ListItem","position":2,"name":"March\u00e9\/Ramadan : M. Mezzour rassure sur la disponibilit\u00e9 et les prix des produits de forte consommation"}]},{"@type":"WebSite","@id":"https:\/\/dpress.ma\/fr\/#website","url":"https:\/\/dpress.ma\/fr\/","name":"Dpress.ma\/fr","description":"","potentialAction":[{"@type":"SearchAction","target":{"@type":"EntryPoint","urlTemplate":"https:\/\/dpress.ma\/fr\/?s={search_term_string}"},"query-input":{"@type":"PropertyValueSpecification","valueRequired":true,"valueName":"search_term_string"}}],"inLanguage":"fr-FR"},{"@type":"Person","@id":"https:\/\/dpress.ma\/fr\/#\/schema\/person\/4898febf3ccd59e6578d838656a306a0","name":"Dpress.ma","image":{"@type":"ImageObject","inLanguage":"fr-FR","@id":"https:\/\/secure.gravatar.com\/avatar\/72ecc30e9db047a2e0e7176561eb9d564ed77c8108376495b19bd8336405198a?s=96&d=mm&r=g","url":"https:\/\/secure.gravatar.com\/avatar\/72ecc30e9db047a2e0e7176561eb9d564ed77c8108376495b19bd8336405198a?s=96&d=mm&r=g","contentUrl":"https:\/\/secure.gravatar.com\/avatar\/72ecc30e9db047a2e0e7176561eb9d564ed77c8108376495b19bd8336405198a?s=96&d=mm&r=g","caption":"Dpress.ma"},"sameAs":["https:\/\/www.dpress.ma"],"url":"https:\/\/dpress.ma\/fr\/author\/dpress-ma\/"}]}},"amp_enabled":true,"_links":{"self":[{"href":"https:\/\/dpress.ma\/fr\/wp-json\/wp\/v2\/posts\/3791","targetHints":{"allow":["GET"]}}],"collection":[{"href":"https:\/\/dpress.ma\/fr\/wp-json\/wp\/v2\/posts"}],"about":[{"href":"https:\/\/dpress.ma\/fr\/wp-json\/wp\/v2\/types\/post"}],"author":[{"embeddable":true,"href":"https:\/\/dpress.ma\/fr\/wp-json\/wp\/v2\/users\/2"}],"replies":[{"embeddable":true,"href":"https:\/\/dpress.ma\/fr\/wp-json\/wp\/v2\/comments?post=3791"}],"version-history":[{"count":1,"href":"https:\/\/dpress.ma\/fr\/wp-json\/wp\/v2\/posts\/3791\/revisions"}],"predecessor-version":[{"id":3793,"href":"https:\/\/dpress.ma\/fr\/wp-json\/wp\/v2\/posts\/3791\/revisions\/3793"}],"wp:featuredmedia":[{"embeddable":true,"href":"https:\/\/dpress.ma\/fr\/wp-json\/wp\/v2\/media\/3792"}],"wp:attachment":[{"href":"https:\/\/dpress.ma\/fr\/wp-json\/wp\/v2\/media?parent=3791"}],"wp:term":[{"taxonomy":"category","embeddable":true,"href":"https:\/\/dpress.ma\/fr\/wp-json\/wp\/v2\/categories?post=3791"},{"taxonomy":"post_tag","embeddable":true,"href":"https:\/\/dpress.ma\/fr\/wp-json\/wp\/v2\/tags?post=3791"}],"curies":[{"name":"wp","href":"https:\/\/api.w.org\/{rel}","templated":true}]}}