{"id":3785,"date":"2023-02-24T17:01:44","date_gmt":"2023-02-24T17:01:44","guid":{"rendered":"https:\/\/dpress.ma\/fr\/?p=3785"},"modified":"2023-02-24T17:01:46","modified_gmt":"2023-02-24T17:01:46","slug":"2eme-edition-du-mobile-film-festival-africa-lancement-de-lappel-a-candidatures-gad-elmaleh-president-du-jury","status":"publish","type":"post","link":"https:\/\/dpress.ma\/fr\/2023\/02\/24\/2eme-edition-du-mobile-film-festival-africa-lancement-de-lappel-a-candidatures-gad-elmaleh-president-du-jury\/","title":{"rendered":"2\u00e8me \u00e9dition du Mobile film Festival Africa: lancement de l\u2019appel \u00e0 candidatures, Gad Elmaleh pr\u00e9sident du jury"},"content":{"rendered":"\n<p>Dpress<\/p>\n\n\n\n<p>L\u2019appel \u00e0 candidatures pour la deuxi\u00e8me \u00e9dition du Mobile Film Festival Africa vient d\u2019\u00eatre lanc\u00e9, ont annonc\u00e9 les organisateurs, faisant savoir que l\u2019humoriste, com\u00e9dien et r\u00e9alisateur franco-marocain, Gad Elmaleh pr\u00e9sidera le jury de cette \u00e9dition.<\/p>\n\n\n\n<p>Les candidatures seront ouvertes jusqu\u2019au 4 avril 2023, ont-ils pr\u00e9cis\u00e9 sur le site web du festival, indiquant que seuls les jeunes r\u00e9alisateurs vivant sur le continent africain sont concern\u00e9s.<\/p>\n","protected":false},"excerpt":{"rendered":"<p>Dpress L\u2019appel \u00e0 candidatures pour la deuxi\u00e8me \u00e9dition du Mobile Film Festival Africa vient d\u2019\u00eatre lanc\u00e9, ont annonc\u00e9 les organisateurs, faisant savoir que l\u2019humoriste, com\u00e9dien et r\u00e9alisateur franco-marocain, Gad Elmaleh pr\u00e9sidera le jury de cette \u00e9dition. Les candidatures seront ouvertes jusqu\u2019au 4 avril 2023, ont-ils pr\u00e9cis\u00e9 sur le site web du festival, indiquant que seuls &hellip;<\/p>\n","protected":false},"author":2,"featured_media":3786,"comment_status":"open","ping_status":"open","sticky":false,"template":"","format":"standard","meta":{"footnotes":""},"categories":[31],"tags":[],"class_list":["post-3785","post","type-post","status-publish","format-standard","has-post-thumbnail","hentry","category-art-et-culture"],"yoast_head":"<!-- This site is optimized with the Yoast SEO plugin v27.5 - https:\/\/yoast.com\/product\/yoast-seo-wordpress\/ -->\n<title>2\u00e8me \u00e9dition du Mobile film Festival Africa: lancement de l\u2019appel \u00e0 candidatures, Gad Elmaleh pr\u00e9sident du jury - Dpress.ma\/fr<\/title>\n<meta name=\"description\" content=\"L\u2019appel \u00e0 candidatures pour la deuxi\u00e8me \u00e9dition du Mobile Film Festival Africa vient d\u2019\u00eatre lanc\u00e9, ont annonc\u00e9 les organisateurs, faisant savoir que l\u2019humoriste, com\u00e9dien et r\u00e9alisateur franco-marocain, Gad Elmaleh pr\u00e9sidera le jury de cette \u00e9dition.\" \/>\n<meta name=\"robots\" content=\"index, follow, max-snippet:-1, max-image-preview:large, max-video-preview:-1\" \/>\n<link rel=\"canonical\" href=\"https:\/\/dpress.ma\/fr\/2023\/02\/24\/2eme-edition-du-mobile-film-festival-africa-lancement-de-lappel-a-candidatures-gad-elmaleh-president-du-jury\/\" \/>\n<meta property=\"og:locale\" content=\"fr_FR\" \/>\n<meta property=\"og:type\" content=\"article\" \/>\n<meta property=\"og:title\" content=\"2\u00e8me \u00e9dition du Mobile film Festival Africa: lancement de l\u2019appel \u00e0 candidatures, Gad Elmaleh pr\u00e9sident du jury - Dpress.ma\/fr\" \/>\n<meta property=\"og:description\" content=\"L\u2019appel \u00e0 candidatures pour la deuxi\u00e8me \u00e9dition du Mobile Film Festival Africa vient d\u2019\u00eatre lanc\u00e9, ont annonc\u00e9 les organisateurs, faisant savoir que l\u2019humoriste, com\u00e9dien et r\u00e9alisateur franco-marocain, Gad Elmaleh pr\u00e9sidera le jury de cette \u00e9dition.\" \/>\n<meta property=\"og:url\" content=\"https:\/\/dpress.ma\/fr\/2023\/02\/24\/2eme-edition-du-mobile-film-festival-africa-lancement-de-lappel-a-candidatures-gad-elmaleh-president-du-jury\/\" \/>\n<meta property=\"og:site_name\" content=\"Dpress.ma\/fr\" \/>\n<meta property=\"article:published_time\" content=\"2023-02-24T17:01:44+00:00\" \/>\n<meta property=\"article:modified_time\" content=\"2023-02-24T17:01:46+00:00\" \/>\n<meta property=\"og:image\" content=\"https:\/\/dpress.ma\/fr\/wp-content\/uploads\/sites\/2\/2023\/02\/dimensions2-65.jpg\" \/>\n\t<meta property=\"og:image:width\" content=\"2539\" \/>\n\t<meta property=\"og:image:height\" content=\"1594\" \/>\n\t<meta property=\"og:image:type\" content=\"image\/jpeg\" \/>\n<meta name=\"author\" content=\"Dpress.ma\" \/>\n<meta name=\"twitter:card\" content=\"summary_large_image\" \/>\n<meta name=\"twitter:label1\" content=\"\u00c9crit par\" \/>\n\t<meta name=\"twitter:data1\" content=\"Dpress.ma\" \/>\n\t<meta name=\"twitter:label2\" content=\"Dur\u00e9e de lecture estim\u00e9e\" \/>\n\t<meta name=\"twitter:data2\" content=\"1 minute\" \/>\n<script type=\"application\/ld+json\" class=\"yoast-schema-graph\">{\"@context\":\"https:\\\/\\\/schema.org\",\"@graph\":[{\"@type\":\"Article\",\"@id\":\"https:\\\/\\\/dpress.ma\\\/fr\\\/2023\\\/02\\\/24\\\/2eme-edition-du-mobile-film-festival-africa-lancement-de-lappel-a-candidatures-gad-elmaleh-president-du-jury\\\/#article\",\"isPartOf\":{\"@id\":\"https:\\\/\\\/dpress.ma\\\/fr\\\/2023\\\/02\\\/24\\\/2eme-edition-du-mobile-film-festival-africa-lancement-de-lappel-a-candidatures-gad-elmaleh-president-du-jury\\\/\"},\"author\":{\"name\":\"Dpress.ma\",\"@id\":\"https:\\\/\\\/dpress.ma\\\/fr\\\/#\\\/schema\\\/person\\\/4898febf3ccd59e6578d838656a306a0\"},\"headline\":\"2\u00e8me \u00e9dition du Mobile film Festival Africa: lancement de l\u2019appel \u00e0 candidatures, Gad Elmaleh pr\u00e9sident du jury\",\"datePublished\":\"2023-02-24T17:01:44+00:00\",\"dateModified\":\"2023-02-24T17:01:46+00:00\",\"mainEntityOfPage\":{\"@id\":\"https:\\\/\\\/dpress.ma\\\/fr\\\/2023\\\/02\\\/24\\\/2eme-edition-du-mobile-film-festival-africa-lancement-de-lappel-a-candidatures-gad-elmaleh-president-du-jury\\\/\"},\"wordCount\":91,\"commentCount\":0,\"image\":{\"@id\":\"https:\\\/\\\/dpress.ma\\\/fr\\\/2023\\\/02\\\/24\\\/2eme-edition-du-mobile-film-festival-africa-lancement-de-lappel-a-candidatures-gad-elmaleh-president-du-jury\\\/#primaryimage\"},\"thumbnailUrl\":\"https:\\\/\\\/dpress.ma\\\/fr\\\/wp-content\\\/uploads\\\/sites\\\/2\\\/2023\\\/02\\\/dimensions2-65.jpg\",\"articleSection\":[\"Art et Culture\"],\"inLanguage\":\"fr-FR\",\"potentialAction\":[{\"@type\":\"CommentAction\",\"name\":\"Comment\",\"target\":[\"https:\\\/\\\/dpress.ma\\\/fr\\\/2023\\\/02\\\/24\\\/2eme-edition-du-mobile-film-festival-africa-lancement-de-lappel-a-candidatures-gad-elmaleh-president-du-jury\\\/#respond\"]}]},{\"@type\":\"WebPage\",\"@id\":\"https:\\\/\\\/dpress.ma\\\/fr\\\/2023\\\/02\\\/24\\\/2eme-edition-du-mobile-film-festival-africa-lancement-de-lappel-a-candidatures-gad-elmaleh-president-du-jury\\\/\",\"url\":\"https:\\\/\\\/dpress.ma\\\/fr\\\/2023\\\/02\\\/24\\\/2eme-edition-du-mobile-film-festival-africa-lancement-de-lappel-a-candidatures-gad-elmaleh-president-du-jury\\\/\",\"name\":\"2\u00e8me \u00e9dition du Mobile film Festival Africa: lancement de l\u2019appel \u00e0 candidatures, Gad Elmaleh pr\u00e9sident du jury - Dpress.ma\\\/fr\",\"isPartOf\":{\"@id\":\"https:\\\/\\\/dpress.ma\\\/fr\\\/#website\"},\"primaryImageOfPage\":{\"@id\":\"https:\\\/\\\/dpress.ma\\\/fr\\\/2023\\\/02\\\/24\\\/2eme-edition-du-mobile-film-festival-africa-lancement-de-lappel-a-candidatures-gad-elmaleh-president-du-jury\\\/#primaryimage\"},\"image\":{\"@id\":\"https:\\\/\\\/dpress.ma\\\/fr\\\/2023\\\/02\\\/24\\\/2eme-edition-du-mobile-film-festival-africa-lancement-de-lappel-a-candidatures-gad-elmaleh-president-du-jury\\\/#primaryimage\"},\"thumbnailUrl\":\"https:\\\/\\\/dpress.ma\\\/fr\\\/wp-content\\\/uploads\\\/sites\\\/2\\\/2023\\\/02\\\/dimensions2-65.jpg\",\"datePublished\":\"2023-02-24T17:01:44+00:00\",\"dateModified\":\"2023-02-24T17:01:46+00:00\",\"author\":{\"@id\":\"https:\\\/\\\/dpress.ma\\\/fr\\\/#\\\/schema\\\/person\\\/4898febf3ccd59e6578d838656a306a0\"},\"description\":\"L\u2019appel \u00e0 candidatures pour la deuxi\u00e8me \u00e9dition du Mobile Film Festival Africa vient d\u2019\u00eatre lanc\u00e9, ont annonc\u00e9 les organisateurs, faisant savoir que l\u2019humoriste, com\u00e9dien et r\u00e9alisateur franco-marocain, Gad Elmaleh pr\u00e9sidera le jury de cette \u00e9dition.\",\"breadcrumb\":{\"@id\":\"https:\\\/\\\/dpress.ma\\\/fr\\\/2023\\\/02\\\/24\\\/2eme-edition-du-mobile-film-festival-africa-lancement-de-lappel-a-candidatures-gad-elmaleh-president-du-jury\\\/#breadcrumb\"},\"inLanguage\":\"fr-FR\",\"potentialAction\":[{\"@type\":\"ReadAction\",\"target\":[\"https:\\\/\\\/dpress.ma\\\/fr\\\/2023\\\/02\\\/24\\\/2eme-edition-du-mobile-film-festival-africa-lancement-de-lappel-a-candidatures-gad-elmaleh-president-du-jury\\\/\"]}]},{\"@type\":\"ImageObject\",\"inLanguage\":\"fr-FR\",\"@id\":\"https:\\\/\\\/dpress.ma\\\/fr\\\/2023\\\/02\\\/24\\\/2eme-edition-du-mobile-film-festival-africa-lancement-de-lappel-a-candidatures-gad-elmaleh-president-du-jury\\\/#primaryimage\",\"url\":\"https:\\\/\\\/dpress.ma\\\/fr\\\/wp-content\\\/uploads\\\/sites\\\/2\\\/2023\\\/02\\\/dimensions2-65.jpg\",\"contentUrl\":\"https:\\\/\\\/dpress.ma\\\/fr\\\/wp-content\\\/uploads\\\/sites\\\/2\\\/2023\\\/02\\\/dimensions2-65.jpg\",\"width\":2539,\"height\":1594},{\"@type\":\"BreadcrumbList\",\"@id\":\"https:\\\/\\\/dpress.ma\\\/fr\\\/2023\\\/02\\\/24\\\/2eme-edition-du-mobile-film-festival-africa-lancement-de-lappel-a-candidatures-gad-elmaleh-president-du-jury\\\/#breadcrumb\",\"itemListElement\":[{\"@type\":\"ListItem\",\"position\":1,\"name\":\"Home\",\"item\":\"https:\\\/\\\/dpress.ma\\\/fr\\\/\"},{\"@type\":\"ListItem\",\"position\":2,\"name\":\"2\u00e8me \u00e9dition du Mobile film Festival Africa: lancement de l\u2019appel \u00e0 candidatures, Gad Elmaleh pr\u00e9sident du jury\"}]},{\"@type\":\"WebSite\",\"@id\":\"https:\\\/\\\/dpress.ma\\\/fr\\\/#website\",\"url\":\"https:\\\/\\\/dpress.ma\\\/fr\\\/\",\"name\":\"Dpress.ma\\\/fr\",\"description\":\"\",\"potentialAction\":[{\"@type\":\"SearchAction\",\"target\":{\"@type\":\"EntryPoint\",\"urlTemplate\":\"https:\\\/\\\/dpress.ma\\\/fr\\\/?s={search_term_string}\"},\"query-input\":{\"@type\":\"PropertyValueSpecification\",\"valueRequired\":true,\"valueName\":\"search_term_string\"}}],\"inLanguage\":\"fr-FR\"},{\"@type\":\"Person\",\"@id\":\"https:\\\/\\\/dpress.ma\\\/fr\\\/#\\\/schema\\\/person\\\/4898febf3ccd59e6578d838656a306a0\",\"name\":\"Dpress.ma\",\"image\":{\"@type\":\"ImageObject\",\"inLanguage\":\"fr-FR\",\"@id\":\"https:\\\/\\\/secure.gravatar.com\\\/avatar\\\/72ecc30e9db047a2e0e7176561eb9d564ed77c8108376495b19bd8336405198a?s=96&d=mm&r=g\",\"url\":\"https:\\\/\\\/secure.gravatar.com\\\/avatar\\\/72ecc30e9db047a2e0e7176561eb9d564ed77c8108376495b19bd8336405198a?s=96&d=mm&r=g\",\"contentUrl\":\"https:\\\/\\\/secure.gravatar.com\\\/avatar\\\/72ecc30e9db047a2e0e7176561eb9d564ed77c8108376495b19bd8336405198a?s=96&d=mm&r=g\",\"caption\":\"Dpress.ma\"},\"sameAs\":[\"https:\\\/\\\/www.dpress.ma\"],\"url\":\"https:\\\/\\\/dpress.ma\\\/fr\\\/author\\\/dpress-ma\\\/\"}]}<\/script>\n<!-- \/ Yoast SEO plugin. -->","yoast_head_json":{"title":"2\u00e8me \u00e9dition du Mobile film Festival Africa: lancement de l\u2019appel \u00e0 candidatures, Gad Elmaleh pr\u00e9sident du jury - Dpress.ma\/fr","description":"L\u2019appel \u00e0 candidatures pour la deuxi\u00e8me \u00e9dition du Mobile Film Festival Africa vient d\u2019\u00eatre lanc\u00e9, ont annonc\u00e9 les organisateurs, faisant savoir que l\u2019humoriste, com\u00e9dien et r\u00e9alisateur franco-marocain, Gad Elmaleh pr\u00e9sidera le jury de cette \u00e9dition.","robots":{"index":"index","follow":"follow","max-snippet":"max-snippet:-1","max-image-preview":"max-image-preview:large","max-video-preview":"max-video-preview:-1"},"canonical":"https:\/\/dpress.ma\/fr\/2023\/02\/24\/2eme-edition-du-mobile-film-festival-africa-lancement-de-lappel-a-candidatures-gad-elmaleh-president-du-jury\/","og_locale":"fr_FR","og_type":"article","og_title":"2\u00e8me \u00e9dition du Mobile film Festival Africa: lancement de l\u2019appel \u00e0 candidatures, Gad Elmaleh pr\u00e9sident du jury - Dpress.ma\/fr","og_description":"L\u2019appel \u00e0 candidatures pour la deuxi\u00e8me \u00e9dition du Mobile Film Festival Africa vient d\u2019\u00eatre lanc\u00e9, ont annonc\u00e9 les organisateurs, faisant savoir que l\u2019humoriste, com\u00e9dien et r\u00e9alisateur franco-marocain, Gad Elmaleh pr\u00e9sidera le jury de cette \u00e9dition.","og_url":"https:\/\/dpress.ma\/fr\/2023\/02\/24\/2eme-edition-du-mobile-film-festival-africa-lancement-de-lappel-a-candidatures-gad-elmaleh-president-du-jury\/","og_site_name":"Dpress.ma\/fr","article_published_time":"2023-02-24T17:01:44+00:00","article_modified_time":"2023-02-24T17:01:46+00:00","og_image":[{"width":2539,"height":1594,"url":"https:\/\/dpress.ma\/fr\/wp-content\/uploads\/sites\/2\/2023\/02\/dimensions2-65.jpg","type":"image\/jpeg"}],"author":"Dpress.ma","twitter_card":"summary_large_image","twitter_misc":{"\u00c9crit par":"Dpress.ma","Dur\u00e9e de lecture estim\u00e9e":"1 minute"},"schema":{"@context":"https:\/\/schema.org","@graph":[{"@type":"Article","@id":"https:\/\/dpress.ma\/fr\/2023\/02\/24\/2eme-edition-du-mobile-film-festival-africa-lancement-de-lappel-a-candidatures-gad-elmaleh-president-du-jury\/#article","isPartOf":{"@id":"https:\/\/dpress.ma\/fr\/2023\/02\/24\/2eme-edition-du-mobile-film-festival-africa-lancement-de-lappel-a-candidatures-gad-elmaleh-president-du-jury\/"},"author":{"name":"Dpress.ma","@id":"https:\/\/dpress.ma\/fr\/#\/schema\/person\/4898febf3ccd59e6578d838656a306a0"},"headline":"2\u00e8me \u00e9dition du Mobile film Festival Africa: lancement de l\u2019appel \u00e0 candidatures, Gad Elmaleh pr\u00e9sident du jury","datePublished":"2023-02-24T17:01:44+00:00","dateModified":"2023-02-24T17:01:46+00:00","mainEntityOfPage":{"@id":"https:\/\/dpress.ma\/fr\/2023\/02\/24\/2eme-edition-du-mobile-film-festival-africa-lancement-de-lappel-a-candidatures-gad-elmaleh-president-du-jury\/"},"wordCount":91,"commentCount":0,"image":{"@id":"https:\/\/dpress.ma\/fr\/2023\/02\/24\/2eme-edition-du-mobile-film-festival-africa-lancement-de-lappel-a-candidatures-gad-elmaleh-president-du-jury\/#primaryimage"},"thumbnailUrl":"https:\/\/dpress.ma\/fr\/wp-content\/uploads\/sites\/2\/2023\/02\/dimensions2-65.jpg","articleSection":["Art et Culture"],"inLanguage":"fr-FR","potentialAction":[{"@type":"CommentAction","name":"Comment","target":["https:\/\/dpress.ma\/fr\/2023\/02\/24\/2eme-edition-du-mobile-film-festival-africa-lancement-de-lappel-a-candidatures-gad-elmaleh-president-du-jury\/#respond"]}]},{"@type":"WebPage","@id":"https:\/\/dpress.ma\/fr\/2023\/02\/24\/2eme-edition-du-mobile-film-festival-africa-lancement-de-lappel-a-candidatures-gad-elmaleh-president-du-jury\/","url":"https:\/\/dpress.ma\/fr\/2023\/02\/24\/2eme-edition-du-mobile-film-festival-africa-lancement-de-lappel-a-candidatures-gad-elmaleh-president-du-jury\/","name":"2\u00e8me \u00e9dition du Mobile film Festival Africa: lancement de l\u2019appel \u00e0 candidatures, Gad Elmaleh pr\u00e9sident du jury - Dpress.ma\/fr","isPartOf":{"@id":"https:\/\/dpress.ma\/fr\/#website"},"primaryImageOfPage":{"@id":"https:\/\/dpress.ma\/fr\/2023\/02\/24\/2eme-edition-du-mobile-film-festival-africa-lancement-de-lappel-a-candidatures-gad-elmaleh-president-du-jury\/#primaryimage"},"image":{"@id":"https:\/\/dpress.ma\/fr\/2023\/02\/24\/2eme-edition-du-mobile-film-festival-africa-lancement-de-lappel-a-candidatures-gad-elmaleh-president-du-jury\/#primaryimage"},"thumbnailUrl":"https:\/\/dpress.ma\/fr\/wp-content\/uploads\/sites\/2\/2023\/02\/dimensions2-65.jpg","datePublished":"2023-02-24T17:01:44+00:00","dateModified":"2023-02-24T17:01:46+00:00","author":{"@id":"https:\/\/dpress.ma\/fr\/#\/schema\/person\/4898febf3ccd59e6578d838656a306a0"},"description":"L\u2019appel \u00e0 candidatures pour la deuxi\u00e8me \u00e9dition du Mobile Film Festival Africa vient d\u2019\u00eatre lanc\u00e9, ont annonc\u00e9 les organisateurs, faisant savoir que l\u2019humoriste, com\u00e9dien et r\u00e9alisateur franco-marocain, Gad Elmaleh pr\u00e9sidera le jury de cette \u00e9dition.","breadcrumb":{"@id":"https:\/\/dpress.ma\/fr\/2023\/02\/24\/2eme-edition-du-mobile-film-festival-africa-lancement-de-lappel-a-candidatures-gad-elmaleh-president-du-jury\/#breadcrumb"},"inLanguage":"fr-FR","potentialAction":[{"@type":"ReadAction","target":["https:\/\/dpress.ma\/fr\/2023\/02\/24\/2eme-edition-du-mobile-film-festival-africa-lancement-de-lappel-a-candidatures-gad-elmaleh-president-du-jury\/"]}]},{"@type":"ImageObject","inLanguage":"fr-FR","@id":"https:\/\/dpress.ma\/fr\/2023\/02\/24\/2eme-edition-du-mobile-film-festival-africa-lancement-de-lappel-a-candidatures-gad-elmaleh-president-du-jury\/#primaryimage","url":"https:\/\/dpress.ma\/fr\/wp-content\/uploads\/sites\/2\/2023\/02\/dimensions2-65.jpg","contentUrl":"https:\/\/dpress.ma\/fr\/wp-content\/uploads\/sites\/2\/2023\/02\/dimensions2-65.jpg","width":2539,"height":1594},{"@type":"BreadcrumbList","@id":"https:\/\/dpress.ma\/fr\/2023\/02\/24\/2eme-edition-du-mobile-film-festival-africa-lancement-de-lappel-a-candidatures-gad-elmaleh-president-du-jury\/#breadcrumb","itemListElement":[{"@type":"ListItem","position":1,"name":"Home","item":"https:\/\/dpress.ma\/fr\/"},{"@type":"ListItem","position":2,"name":"2\u00e8me \u00e9dition du Mobile film Festival Africa: lancement de l\u2019appel \u00e0 candidatures, Gad Elmaleh pr\u00e9sident du jury"}]},{"@type":"WebSite","@id":"https:\/\/dpress.ma\/fr\/#website","url":"https:\/\/dpress.ma\/fr\/","name":"Dpress.ma\/fr","description":"","potentialAction":[{"@type":"SearchAction","target":{"@type":"EntryPoint","urlTemplate":"https:\/\/dpress.ma\/fr\/?s={search_term_string}"},"query-input":{"@type":"PropertyValueSpecification","valueRequired":true,"valueName":"search_term_string"}}],"inLanguage":"fr-FR"},{"@type":"Person","@id":"https:\/\/dpress.ma\/fr\/#\/schema\/person\/4898febf3ccd59e6578d838656a306a0","name":"Dpress.ma","image":{"@type":"ImageObject","inLanguage":"fr-FR","@id":"https:\/\/secure.gravatar.com\/avatar\/72ecc30e9db047a2e0e7176561eb9d564ed77c8108376495b19bd8336405198a?s=96&d=mm&r=g","url":"https:\/\/secure.gravatar.com\/avatar\/72ecc30e9db047a2e0e7176561eb9d564ed77c8108376495b19bd8336405198a?s=96&d=mm&r=g","contentUrl":"https:\/\/secure.gravatar.com\/avatar\/72ecc30e9db047a2e0e7176561eb9d564ed77c8108376495b19bd8336405198a?s=96&d=mm&r=g","caption":"Dpress.ma"},"sameAs":["https:\/\/www.dpress.ma"],"url":"https:\/\/dpress.ma\/fr\/author\/dpress-ma\/"}]}},"amp_enabled":true,"_links":{"self":[{"href":"https:\/\/dpress.ma\/fr\/wp-json\/wp\/v2\/posts\/3785","targetHints":{"allow":["GET"]}}],"collection":[{"href":"https:\/\/dpress.ma\/fr\/wp-json\/wp\/v2\/posts"}],"about":[{"href":"https:\/\/dpress.ma\/fr\/wp-json\/wp\/v2\/types\/post"}],"author":[{"embeddable":true,"href":"https:\/\/dpress.ma\/fr\/wp-json\/wp\/v2\/users\/2"}],"replies":[{"embeddable":true,"href":"https:\/\/dpress.ma\/fr\/wp-json\/wp\/v2\/comments?post=3785"}],"version-history":[{"count":1,"href":"https:\/\/dpress.ma\/fr\/wp-json\/wp\/v2\/posts\/3785\/revisions"}],"predecessor-version":[{"id":3787,"href":"https:\/\/dpress.ma\/fr\/wp-json\/wp\/v2\/posts\/3785\/revisions\/3787"}],"wp:featuredmedia":[{"embeddable":true,"href":"https:\/\/dpress.ma\/fr\/wp-json\/wp\/v2\/media\/3786"}],"wp:attachment":[{"href":"https:\/\/dpress.ma\/fr\/wp-json\/wp\/v2\/media?parent=3785"}],"wp:term":[{"taxonomy":"category","embeddable":true,"href":"https:\/\/dpress.ma\/fr\/wp-json\/wp\/v2\/categories?post=3785"},{"taxonomy":"post_tag","embeddable":true,"href":"https:\/\/dpress.ma\/fr\/wp-json\/wp\/v2\/tags?post=3785"}],"curies":[{"name":"wp","href":"https:\/\/api.w.org\/{rel}","templated":true}]}}