{"id":3753,"date":"2023-02-22T15:57:04","date_gmt":"2023-02-22T15:57:04","guid":{"rendered":"https:\/\/dpress.ma\/fr\/?p=3753"},"modified":"2023-02-22T15:57:05","modified_gmt":"2023-02-22T15:57:05","slug":"le-ministere-de-la-solidarite-noue-des-partenariats-en-faveur-des-enfants-atteints-de-xeroderma","status":"publish","type":"post","link":"https:\/\/dpress.ma\/fr\/2023\/02\/22\/le-ministere-de-la-solidarite-noue-des-partenariats-en-faveur-des-enfants-atteints-de-xeroderma\/","title":{"rendered":"Le minist\u00e8re de la Solidarit\u00e9 noue des partenariats en faveur des enfants atteints de Xeroderma"},"content":{"rendered":"\n<p>Dpress<\/p>\n\n\n\n<p>Plusieurs conventions de partenariat ont \u00e9t\u00e9 sign\u00e9es, mercredi \u00e0 Rabat, entre le minist\u00e8re de la Solidarit\u00e9, de l\u2019Insertion sociale et de la Famille et les associations \u0153uvrant en faveur des enfants souffrant de Xeroderma, une maladie g\u00e9n\u00e9tique caract\u00e9ris\u00e9e par une extr\u00eame sensibilit\u00e9 au rayonnement ultra-violet.<\/p>\n\n\n\n<p>Ces conventions, paraph\u00e9es par la ministre de la Solidarit\u00e9, de l\u2019Insertion sociale et de la Famille, Aawatif Hayar, et les pr\u00e9sidents de ces associations en pr\u00e9sence du directeur&nbsp;de l\u2019Entraide nationale, et la directrice par int\u00e9rim de l\u2019Agence de d\u00e9veloppement social,&nbsp;s\u2019inscrivent dans le cadre de l\u2019engagement du minist\u00e8re aux c\u00f4t\u00e9s du tissu associatif en vue de promouvoir la situation et les droits de cette cat\u00e9gorie de personnes&nbsp;souffrant de cet handicap&nbsp;et all\u00e9ger leurs souffrances.<\/p>\n\n\n\n<p>Il s\u2019agit aussi de soutenir la prise en charge de ces enfants sur les plans social, \u00e9conomique et m\u00e9dical. A cet effet, le minist\u00e8re a consacr\u00e9 aux associations actives dans ce domaine un budget d\u2019un million de dirhams pour l\u2019achat de masques de protection contre les rayons ultraviolets ainsi que l\u2019organisation de campagnes de protection et de sensibilisation pour renforcer le r\u00f4le des acteurs associatifs concern\u00e9s.<\/p>\n\n\n\n<p>L\u2019objectif est d\u2019\u00e9laborer une vision globale pour prot\u00e9ger ces enfants, all\u00e9ger leur souffrance et leur permettre de vivre dignement et de mieux s\u2019int\u00e9grer dans la vie sociale, indique-t-on aupr\u00e8s du minist\u00e8re.<\/p>\n\n\n\n<p>S\u2019exprimant \u00e0 cette occasion, la ministre de la Solidarit\u00e9, de l\u2019Insertion sociale et de la Famille a indiqu\u00e9 que la signature de ces conventions intervient en application des Hautes orientations de SM le Roi Mohammed VI, qui accorde une attention toute particuli\u00e8re \u00e0 la question de l\u2019enfance et de la famille, ainsi que des engagements de l\u2019ex\u00e9cutif en termes de soutien aux familles.<\/p>\n\n\n\n<p>Ce programme d\u00e9di\u00e9 aux associations porte sur le soutien des familles pour l\u2019achat des masques de protection, des lunettes et les cr\u00e8mes contre les effets du rayonnement ultraviolet, la sensibilisation de la soci\u00e9t\u00e9 sur le r\u00f4le des associations \u0153uvrant pour la protection des \u201cenfants de la lune\u201d et l\u2019appui de leurs familles. L\u2019accent est aussi mis sur la lutte contre toute forme de discrimination ou de harc\u00e8lement visant ces enfants et sur le soutien de la recherche scientifique pour la fabrication des produits de protection contre la maladie Xeroderma (masques, lunettes et cr\u00e8mes) au niveau local.<\/p>\n\n\n\n<p>Mettant l\u2019accent sur le r\u00f4le des associations de&nbsp;la soci\u00e9t\u00e9 civile en tant que partenaire de premier rang pour atteindre ces objectifs,&nbsp;Mme Hayar a affirm\u00e9 l\u2019engagement de son d\u00e9partement en faveur des droits des personnes vuln\u00e9rables,&nbsp;dont les enfants&nbsp;la Lune, plus particuli\u00e8rement en mati\u00e8re d\u2019assistance, d\u2019accompagnement et d\u2019aide aux familles.<\/p>\n","protected":false},"excerpt":{"rendered":"<p>Dpress Plusieurs conventions de partenariat ont \u00e9t\u00e9 sign\u00e9es, mercredi \u00e0 Rabat, entre le minist\u00e8re de la Solidarit\u00e9, de l\u2019Insertion sociale et de la Famille et les associations \u0153uvrant en faveur des enfants souffrant de Xeroderma, une maladie g\u00e9n\u00e9tique caract\u00e9ris\u00e9e par une extr\u00eame sensibilit\u00e9 au rayonnement ultra-violet. Ces conventions, paraph\u00e9es par la ministre de la Solidarit\u00e9, &hellip;<\/p>\n","protected":false},"author":2,"featured_media":3751,"comment_status":"open","ping_status":"open","sticky":false,"template":"","format":"standard","meta":{"footnotes":""},"categories":[26],"tags":[],"class_list":["post-3753","post","type-post","status-publish","format-standard","has-post-thumbnail","hentry","category-politiques"],"yoast_head":"<!-- This site is optimized with the Yoast SEO plugin v27.5 - https:\/\/yoast.com\/product\/yoast-seo-wordpress\/ -->\n<title>Le minist\u00e8re de la Solidarit\u00e9 noue des partenariats en faveur des enfants atteints de Xeroderma - Dpress.ma\/fr<\/title>\n<meta name=\"description\" content=\"Plusieurs conventions de partenariat ont \u00e9t\u00e9 sign\u00e9es, mercredi \u00e0 Rabat, entre le minist\u00e8re de la Solidarit\u00e9, de l\u2019Insertion sociale et de la Famille et les associations \u0153uvrant en faveur des enfants souffrant de Xeroderma, une maladie g\u00e9n\u00e9tique caract\u00e9ris\u00e9e par une extr\u00eame sensibilit\u00e9 au rayonnement ultra-violet.\" \/>\n<meta name=\"robots\" content=\"index, follow, max-snippet:-1, max-image-preview:large, max-video-preview:-1\" \/>\n<link rel=\"canonical\" href=\"https:\/\/dpress.ma\/fr\/2023\/02\/22\/le-ministere-de-la-solidarite-noue-des-partenariats-en-faveur-des-enfants-atteints-de-xeroderma\/\" \/>\n<meta property=\"og:locale\" content=\"fr_FR\" \/>\n<meta property=\"og:type\" content=\"article\" \/>\n<meta property=\"og:title\" content=\"Le minist\u00e8re de la Solidarit\u00e9 noue des partenariats en faveur des enfants atteints de Xeroderma - Dpress.ma\/fr\" \/>\n<meta property=\"og:description\" content=\"Plusieurs conventions de partenariat ont \u00e9t\u00e9 sign\u00e9es, mercredi \u00e0 Rabat, entre le minist\u00e8re de la Solidarit\u00e9, de l\u2019Insertion sociale et de la Famille et les associations \u0153uvrant en faveur des enfants souffrant de Xeroderma, une maladie g\u00e9n\u00e9tique caract\u00e9ris\u00e9e par une extr\u00eame sensibilit\u00e9 au rayonnement ultra-violet.\" \/>\n<meta property=\"og:url\" content=\"https:\/\/dpress.ma\/fr\/2023\/02\/22\/le-ministere-de-la-solidarite-noue-des-partenariats-en-faveur-des-enfants-atteints-de-xeroderma\/\" \/>\n<meta property=\"og:site_name\" content=\"Dpress.ma\/fr\" \/>\n<meta property=\"article:published_time\" content=\"2023-02-22T15:57:04+00:00\" \/>\n<meta property=\"article:modified_time\" content=\"2023-02-22T15:57:05+00:00\" \/>\n<meta property=\"og:image\" content=\"https:\/\/dpress.ma\/fr\/wp-content\/uploads\/sites\/2\/2023\/02\/dimensions2-59.jpg\" \/>\n\t<meta property=\"og:image:width\" content=\"2539\" \/>\n\t<meta property=\"og:image:height\" content=\"1594\" \/>\n\t<meta property=\"og:image:type\" content=\"image\/jpeg\" \/>\n<meta name=\"author\" content=\"Dpress.ma\" \/>\n<meta name=\"twitter:card\" content=\"summary_large_image\" \/>\n<meta name=\"twitter:label1\" content=\"\u00c9crit par\" \/>\n\t<meta name=\"twitter:data1\" content=\"Dpress.ma\" \/>\n\t<meta name=\"twitter:label2\" content=\"Dur\u00e9e de lecture estim\u00e9e\" \/>\n\t<meta name=\"twitter:data2\" content=\"3 minutes\" \/>\n<script type=\"application\/ld+json\" class=\"yoast-schema-graph\">{\"@context\":\"https:\\\/\\\/schema.org\",\"@graph\":[{\"@type\":\"Article\",\"@id\":\"https:\\\/\\\/dpress.ma\\\/fr\\\/2023\\\/02\\\/22\\\/le-ministere-de-la-solidarite-noue-des-partenariats-en-faveur-des-enfants-atteints-de-xeroderma\\\/#article\",\"isPartOf\":{\"@id\":\"https:\\\/\\\/dpress.ma\\\/fr\\\/2023\\\/02\\\/22\\\/le-ministere-de-la-solidarite-noue-des-partenariats-en-faveur-des-enfants-atteints-de-xeroderma\\\/\"},\"author\":{\"name\":\"Dpress.ma\",\"@id\":\"https:\\\/\\\/dpress.ma\\\/fr\\\/#\\\/schema\\\/person\\\/4898febf3ccd59e6578d838656a306a0\"},\"headline\":\"Le minist\u00e8re de la Solidarit\u00e9 noue des partenariats en faveur des enfants atteints de Xeroderma\",\"datePublished\":\"2023-02-22T15:57:04+00:00\",\"dateModified\":\"2023-02-22T15:57:05+00:00\",\"mainEntityOfPage\":{\"@id\":\"https:\\\/\\\/dpress.ma\\\/fr\\\/2023\\\/02\\\/22\\\/le-ministere-de-la-solidarite-noue-des-partenariats-en-faveur-des-enfants-atteints-de-xeroderma\\\/\"},\"wordCount\":516,\"commentCount\":0,\"image\":{\"@id\":\"https:\\\/\\\/dpress.ma\\\/fr\\\/2023\\\/02\\\/22\\\/le-ministere-de-la-solidarite-noue-des-partenariats-en-faveur-des-enfants-atteints-de-xeroderma\\\/#primaryimage\"},\"thumbnailUrl\":\"https:\\\/\\\/dpress.ma\\\/fr\\\/wp-content\\\/uploads\\\/sites\\\/2\\\/2023\\\/02\\\/dimensions2-59.jpg\",\"articleSection\":[\"Politiques\"],\"inLanguage\":\"fr-FR\",\"potentialAction\":[{\"@type\":\"CommentAction\",\"name\":\"Comment\",\"target\":[\"https:\\\/\\\/dpress.ma\\\/fr\\\/2023\\\/02\\\/22\\\/le-ministere-de-la-solidarite-noue-des-partenariats-en-faveur-des-enfants-atteints-de-xeroderma\\\/#respond\"]}]},{\"@type\":\"WebPage\",\"@id\":\"https:\\\/\\\/dpress.ma\\\/fr\\\/2023\\\/02\\\/22\\\/le-ministere-de-la-solidarite-noue-des-partenariats-en-faveur-des-enfants-atteints-de-xeroderma\\\/\",\"url\":\"https:\\\/\\\/dpress.ma\\\/fr\\\/2023\\\/02\\\/22\\\/le-ministere-de-la-solidarite-noue-des-partenariats-en-faveur-des-enfants-atteints-de-xeroderma\\\/\",\"name\":\"Le minist\u00e8re de la Solidarit\u00e9 noue des partenariats en faveur des enfants atteints de Xeroderma - Dpress.ma\\\/fr\",\"isPartOf\":{\"@id\":\"https:\\\/\\\/dpress.ma\\\/fr\\\/#website\"},\"primaryImageOfPage\":{\"@id\":\"https:\\\/\\\/dpress.ma\\\/fr\\\/2023\\\/02\\\/22\\\/le-ministere-de-la-solidarite-noue-des-partenariats-en-faveur-des-enfants-atteints-de-xeroderma\\\/#primaryimage\"},\"image\":{\"@id\":\"https:\\\/\\\/dpress.ma\\\/fr\\\/2023\\\/02\\\/22\\\/le-ministere-de-la-solidarite-noue-des-partenariats-en-faveur-des-enfants-atteints-de-xeroderma\\\/#primaryimage\"},\"thumbnailUrl\":\"https:\\\/\\\/dpress.ma\\\/fr\\\/wp-content\\\/uploads\\\/sites\\\/2\\\/2023\\\/02\\\/dimensions2-59.jpg\",\"datePublished\":\"2023-02-22T15:57:04+00:00\",\"dateModified\":\"2023-02-22T15:57:05+00:00\",\"author\":{\"@id\":\"https:\\\/\\\/dpress.ma\\\/fr\\\/#\\\/schema\\\/person\\\/4898febf3ccd59e6578d838656a306a0\"},\"description\":\"Plusieurs conventions de partenariat ont \u00e9t\u00e9 sign\u00e9es, mercredi \u00e0 Rabat, entre le minist\u00e8re de la Solidarit\u00e9, de l\u2019Insertion sociale et de la Famille et les associations \u0153uvrant en faveur des enfants souffrant de Xeroderma, une maladie g\u00e9n\u00e9tique caract\u00e9ris\u00e9e par une extr\u00eame sensibilit\u00e9 au rayonnement ultra-violet.\",\"breadcrumb\":{\"@id\":\"https:\\\/\\\/dpress.ma\\\/fr\\\/2023\\\/02\\\/22\\\/le-ministere-de-la-solidarite-noue-des-partenariats-en-faveur-des-enfants-atteints-de-xeroderma\\\/#breadcrumb\"},\"inLanguage\":\"fr-FR\",\"potentialAction\":[{\"@type\":\"ReadAction\",\"target\":[\"https:\\\/\\\/dpress.ma\\\/fr\\\/2023\\\/02\\\/22\\\/le-ministere-de-la-solidarite-noue-des-partenariats-en-faveur-des-enfants-atteints-de-xeroderma\\\/\"]}]},{\"@type\":\"ImageObject\",\"inLanguage\":\"fr-FR\",\"@id\":\"https:\\\/\\\/dpress.ma\\\/fr\\\/2023\\\/02\\\/22\\\/le-ministere-de-la-solidarite-noue-des-partenariats-en-faveur-des-enfants-atteints-de-xeroderma\\\/#primaryimage\",\"url\":\"https:\\\/\\\/dpress.ma\\\/fr\\\/wp-content\\\/uploads\\\/sites\\\/2\\\/2023\\\/02\\\/dimensions2-59.jpg\",\"contentUrl\":\"https:\\\/\\\/dpress.ma\\\/fr\\\/wp-content\\\/uploads\\\/sites\\\/2\\\/2023\\\/02\\\/dimensions2-59.jpg\",\"width\":2539,\"height\":1594},{\"@type\":\"BreadcrumbList\",\"@id\":\"https:\\\/\\\/dpress.ma\\\/fr\\\/2023\\\/02\\\/22\\\/le-ministere-de-la-solidarite-noue-des-partenariats-en-faveur-des-enfants-atteints-de-xeroderma\\\/#breadcrumb\",\"itemListElement\":[{\"@type\":\"ListItem\",\"position\":1,\"name\":\"Home\",\"item\":\"https:\\\/\\\/dpress.ma\\\/fr\\\/\"},{\"@type\":\"ListItem\",\"position\":2,\"name\":\"Le minist\u00e8re de la Solidarit\u00e9 noue des partenariats en faveur des enfants atteints de Xeroderma\"}]},{\"@type\":\"WebSite\",\"@id\":\"https:\\\/\\\/dpress.ma\\\/fr\\\/#website\",\"url\":\"https:\\\/\\\/dpress.ma\\\/fr\\\/\",\"name\":\"Dpress.ma\\\/fr\",\"description\":\"\",\"potentialAction\":[{\"@type\":\"SearchAction\",\"target\":{\"@type\":\"EntryPoint\",\"urlTemplate\":\"https:\\\/\\\/dpress.ma\\\/fr\\\/?s={search_term_string}\"},\"query-input\":{\"@type\":\"PropertyValueSpecification\",\"valueRequired\":true,\"valueName\":\"search_term_string\"}}],\"inLanguage\":\"fr-FR\"},{\"@type\":\"Person\",\"@id\":\"https:\\\/\\\/dpress.ma\\\/fr\\\/#\\\/schema\\\/person\\\/4898febf3ccd59e6578d838656a306a0\",\"name\":\"Dpress.ma\",\"image\":{\"@type\":\"ImageObject\",\"inLanguage\":\"fr-FR\",\"@id\":\"https:\\\/\\\/secure.gravatar.com\\\/avatar\\\/72ecc30e9db047a2e0e7176561eb9d564ed77c8108376495b19bd8336405198a?s=96&d=mm&r=g\",\"url\":\"https:\\\/\\\/secure.gravatar.com\\\/avatar\\\/72ecc30e9db047a2e0e7176561eb9d564ed77c8108376495b19bd8336405198a?s=96&d=mm&r=g\",\"contentUrl\":\"https:\\\/\\\/secure.gravatar.com\\\/avatar\\\/72ecc30e9db047a2e0e7176561eb9d564ed77c8108376495b19bd8336405198a?s=96&d=mm&r=g\",\"caption\":\"Dpress.ma\"},\"sameAs\":[\"https:\\\/\\\/www.dpress.ma\"],\"url\":\"https:\\\/\\\/dpress.ma\\\/fr\\\/author\\\/dpress-ma\\\/\"}]}<\/script>\n<!-- \/ Yoast SEO plugin. -->","yoast_head_json":{"title":"Le minist\u00e8re de la Solidarit\u00e9 noue des partenariats en faveur des enfants atteints de Xeroderma - Dpress.ma\/fr","description":"Plusieurs conventions de partenariat ont \u00e9t\u00e9 sign\u00e9es, mercredi \u00e0 Rabat, entre le minist\u00e8re de la Solidarit\u00e9, de l\u2019Insertion sociale et de la Famille et les associations \u0153uvrant en faveur des enfants souffrant de Xeroderma, une maladie g\u00e9n\u00e9tique caract\u00e9ris\u00e9e par une extr\u00eame sensibilit\u00e9 au rayonnement ultra-violet.","robots":{"index":"index","follow":"follow","max-snippet":"max-snippet:-1","max-image-preview":"max-image-preview:large","max-video-preview":"max-video-preview:-1"},"canonical":"https:\/\/dpress.ma\/fr\/2023\/02\/22\/le-ministere-de-la-solidarite-noue-des-partenariats-en-faveur-des-enfants-atteints-de-xeroderma\/","og_locale":"fr_FR","og_type":"article","og_title":"Le minist\u00e8re de la Solidarit\u00e9 noue des partenariats en faveur des enfants atteints de Xeroderma - Dpress.ma\/fr","og_description":"Plusieurs conventions de partenariat ont \u00e9t\u00e9 sign\u00e9es, mercredi \u00e0 Rabat, entre le minist\u00e8re de la Solidarit\u00e9, de l\u2019Insertion sociale et de la Famille et les associations \u0153uvrant en faveur des enfants souffrant de Xeroderma, une maladie g\u00e9n\u00e9tique caract\u00e9ris\u00e9e par une extr\u00eame sensibilit\u00e9 au rayonnement ultra-violet.","og_url":"https:\/\/dpress.ma\/fr\/2023\/02\/22\/le-ministere-de-la-solidarite-noue-des-partenariats-en-faveur-des-enfants-atteints-de-xeroderma\/","og_site_name":"Dpress.ma\/fr","article_published_time":"2023-02-22T15:57:04+00:00","article_modified_time":"2023-02-22T15:57:05+00:00","og_image":[{"width":2539,"height":1594,"url":"https:\/\/dpress.ma\/fr\/wp-content\/uploads\/sites\/2\/2023\/02\/dimensions2-59.jpg","type":"image\/jpeg"}],"author":"Dpress.ma","twitter_card":"summary_large_image","twitter_misc":{"\u00c9crit par":"Dpress.ma","Dur\u00e9e de lecture estim\u00e9e":"3 minutes"},"schema":{"@context":"https:\/\/schema.org","@graph":[{"@type":"Article","@id":"https:\/\/dpress.ma\/fr\/2023\/02\/22\/le-ministere-de-la-solidarite-noue-des-partenariats-en-faveur-des-enfants-atteints-de-xeroderma\/#article","isPartOf":{"@id":"https:\/\/dpress.ma\/fr\/2023\/02\/22\/le-ministere-de-la-solidarite-noue-des-partenariats-en-faveur-des-enfants-atteints-de-xeroderma\/"},"author":{"name":"Dpress.ma","@id":"https:\/\/dpress.ma\/fr\/#\/schema\/person\/4898febf3ccd59e6578d838656a306a0"},"headline":"Le minist\u00e8re de la Solidarit\u00e9 noue des partenariats en faveur des enfants atteints de Xeroderma","datePublished":"2023-02-22T15:57:04+00:00","dateModified":"2023-02-22T15:57:05+00:00","mainEntityOfPage":{"@id":"https:\/\/dpress.ma\/fr\/2023\/02\/22\/le-ministere-de-la-solidarite-noue-des-partenariats-en-faveur-des-enfants-atteints-de-xeroderma\/"},"wordCount":516,"commentCount":0,"image":{"@id":"https:\/\/dpress.ma\/fr\/2023\/02\/22\/le-ministere-de-la-solidarite-noue-des-partenariats-en-faveur-des-enfants-atteints-de-xeroderma\/#primaryimage"},"thumbnailUrl":"https:\/\/dpress.ma\/fr\/wp-content\/uploads\/sites\/2\/2023\/02\/dimensions2-59.jpg","articleSection":["Politiques"],"inLanguage":"fr-FR","potentialAction":[{"@type":"CommentAction","name":"Comment","target":["https:\/\/dpress.ma\/fr\/2023\/02\/22\/le-ministere-de-la-solidarite-noue-des-partenariats-en-faveur-des-enfants-atteints-de-xeroderma\/#respond"]}]},{"@type":"WebPage","@id":"https:\/\/dpress.ma\/fr\/2023\/02\/22\/le-ministere-de-la-solidarite-noue-des-partenariats-en-faveur-des-enfants-atteints-de-xeroderma\/","url":"https:\/\/dpress.ma\/fr\/2023\/02\/22\/le-ministere-de-la-solidarite-noue-des-partenariats-en-faveur-des-enfants-atteints-de-xeroderma\/","name":"Le minist\u00e8re de la Solidarit\u00e9 noue des partenariats en faveur des enfants atteints de Xeroderma - Dpress.ma\/fr","isPartOf":{"@id":"https:\/\/dpress.ma\/fr\/#website"},"primaryImageOfPage":{"@id":"https:\/\/dpress.ma\/fr\/2023\/02\/22\/le-ministere-de-la-solidarite-noue-des-partenariats-en-faveur-des-enfants-atteints-de-xeroderma\/#primaryimage"},"image":{"@id":"https:\/\/dpress.ma\/fr\/2023\/02\/22\/le-ministere-de-la-solidarite-noue-des-partenariats-en-faveur-des-enfants-atteints-de-xeroderma\/#primaryimage"},"thumbnailUrl":"https:\/\/dpress.ma\/fr\/wp-content\/uploads\/sites\/2\/2023\/02\/dimensions2-59.jpg","datePublished":"2023-02-22T15:57:04+00:00","dateModified":"2023-02-22T15:57:05+00:00","author":{"@id":"https:\/\/dpress.ma\/fr\/#\/schema\/person\/4898febf3ccd59e6578d838656a306a0"},"description":"Plusieurs conventions de partenariat ont \u00e9t\u00e9 sign\u00e9es, mercredi \u00e0 Rabat, entre le minist\u00e8re de la Solidarit\u00e9, de l\u2019Insertion sociale et de la Famille et les associations \u0153uvrant en faveur des enfants souffrant de Xeroderma, une maladie g\u00e9n\u00e9tique caract\u00e9ris\u00e9e par une extr\u00eame sensibilit\u00e9 au rayonnement ultra-violet.","breadcrumb":{"@id":"https:\/\/dpress.ma\/fr\/2023\/02\/22\/le-ministere-de-la-solidarite-noue-des-partenariats-en-faveur-des-enfants-atteints-de-xeroderma\/#breadcrumb"},"inLanguage":"fr-FR","potentialAction":[{"@type":"ReadAction","target":["https:\/\/dpress.ma\/fr\/2023\/02\/22\/le-ministere-de-la-solidarite-noue-des-partenariats-en-faveur-des-enfants-atteints-de-xeroderma\/"]}]},{"@type":"ImageObject","inLanguage":"fr-FR","@id":"https:\/\/dpress.ma\/fr\/2023\/02\/22\/le-ministere-de-la-solidarite-noue-des-partenariats-en-faveur-des-enfants-atteints-de-xeroderma\/#primaryimage","url":"https:\/\/dpress.ma\/fr\/wp-content\/uploads\/sites\/2\/2023\/02\/dimensions2-59.jpg","contentUrl":"https:\/\/dpress.ma\/fr\/wp-content\/uploads\/sites\/2\/2023\/02\/dimensions2-59.jpg","width":2539,"height":1594},{"@type":"BreadcrumbList","@id":"https:\/\/dpress.ma\/fr\/2023\/02\/22\/le-ministere-de-la-solidarite-noue-des-partenariats-en-faveur-des-enfants-atteints-de-xeroderma\/#breadcrumb","itemListElement":[{"@type":"ListItem","position":1,"name":"Home","item":"https:\/\/dpress.ma\/fr\/"},{"@type":"ListItem","position":2,"name":"Le minist\u00e8re de la Solidarit\u00e9 noue des partenariats en faveur des enfants atteints de Xeroderma"}]},{"@type":"WebSite","@id":"https:\/\/dpress.ma\/fr\/#website","url":"https:\/\/dpress.ma\/fr\/","name":"Dpress.ma\/fr","description":"","potentialAction":[{"@type":"SearchAction","target":{"@type":"EntryPoint","urlTemplate":"https:\/\/dpress.ma\/fr\/?s={search_term_string}"},"query-input":{"@type":"PropertyValueSpecification","valueRequired":true,"valueName":"search_term_string"}}],"inLanguage":"fr-FR"},{"@type":"Person","@id":"https:\/\/dpress.ma\/fr\/#\/schema\/person\/4898febf3ccd59e6578d838656a306a0","name":"Dpress.ma","image":{"@type":"ImageObject","inLanguage":"fr-FR","@id":"https:\/\/secure.gravatar.com\/avatar\/72ecc30e9db047a2e0e7176561eb9d564ed77c8108376495b19bd8336405198a?s=96&d=mm&r=g","url":"https:\/\/secure.gravatar.com\/avatar\/72ecc30e9db047a2e0e7176561eb9d564ed77c8108376495b19bd8336405198a?s=96&d=mm&r=g","contentUrl":"https:\/\/secure.gravatar.com\/avatar\/72ecc30e9db047a2e0e7176561eb9d564ed77c8108376495b19bd8336405198a?s=96&d=mm&r=g","caption":"Dpress.ma"},"sameAs":["https:\/\/www.dpress.ma"],"url":"https:\/\/dpress.ma\/fr\/author\/dpress-ma\/"}]}},"amp_enabled":true,"_links":{"self":[{"href":"https:\/\/dpress.ma\/fr\/wp-json\/wp\/v2\/posts\/3753","targetHints":{"allow":["GET"]}}],"collection":[{"href":"https:\/\/dpress.ma\/fr\/wp-json\/wp\/v2\/posts"}],"about":[{"href":"https:\/\/dpress.ma\/fr\/wp-json\/wp\/v2\/types\/post"}],"author":[{"embeddable":true,"href":"https:\/\/dpress.ma\/fr\/wp-json\/wp\/v2\/users\/2"}],"replies":[{"embeddable":true,"href":"https:\/\/dpress.ma\/fr\/wp-json\/wp\/v2\/comments?post=3753"}],"version-history":[{"count":1,"href":"https:\/\/dpress.ma\/fr\/wp-json\/wp\/v2\/posts\/3753\/revisions"}],"predecessor-version":[{"id":3754,"href":"https:\/\/dpress.ma\/fr\/wp-json\/wp\/v2\/posts\/3753\/revisions\/3754"}],"wp:featuredmedia":[{"embeddable":true,"href":"https:\/\/dpress.ma\/fr\/wp-json\/wp\/v2\/media\/3751"}],"wp:attachment":[{"href":"https:\/\/dpress.ma\/fr\/wp-json\/wp\/v2\/media?parent=3753"}],"wp:term":[{"taxonomy":"category","embeddable":true,"href":"https:\/\/dpress.ma\/fr\/wp-json\/wp\/v2\/categories?post=3753"},{"taxonomy":"post_tag","embeddable":true,"href":"https:\/\/dpress.ma\/fr\/wp-json\/wp\/v2\/tags?post=3753"}],"curies":[{"name":"wp","href":"https:\/\/api.w.org\/{rel}","templated":true}]}}