{"id":3750,"date":"2023-02-22T15:45:46","date_gmt":"2023-02-22T15:45:46","guid":{"rendered":"https:\/\/dpress.ma\/fr\/?p=3750"},"modified":"2023-02-22T15:45:49","modified_gmt":"2023-02-22T15:45:49","slug":"limplication-des-femmes-dans-les-metiers-davenir-constituera-une-grande-valeur-ajoutee-a-tous-les-niveaux-mme-hayar","status":"publish","type":"post","link":"https:\/\/dpress.ma\/fr\/2023\/02\/22\/limplication-des-femmes-dans-les-metiers-davenir-constituera-une-grande-valeur-ajoutee-a-tous-les-niveaux-mme-hayar\/","title":{"rendered":"L\u2019implication des femmes dans les m\u00e9tiers d\u2019avenir constituera une grande valeur ajout\u00e9e \u00e0 tous les niveaux (Mme Hayar)"},"content":{"rendered":"\n<p>Dpress<\/p>\n\n\n\n<p>La ministre de la Solidarit\u00e9, de l\u2019Insertion sociale et de la Famille, Aawatif Hayar, a soulign\u00e9 mardi \u00e0 Bengu\u00e9rir, l\u2019importance d\u2019impliquer les femmes dans les m\u00e9tiers d\u2019avenir au vu de la grande valeur ajout\u00e9e que devra apporter une telle d\u00e9marche sur les plans \u00e9conomique et social.<\/p>\n\n\n\n<p>Dans une allocution \u00e0 l\u2019occasion du premier s\u00e9minaire international qui s\u2019inscrit dans le cadre d\u2019une s\u00e9rie d\u2019\u00e9v\u00e9nements et de conf\u00e9rences ax\u00e9s sur les grandes questions de d\u00e9veloppement qui seront discut\u00e9es lors des prochaines r\u00e9unions annuelles de la Banque mondiale et du Fonds mon\u00e9taire international en octobre prochain \u00e0 Marrakech, Mme Hayar a appel\u00e9 \u00e0 l\u2019adoption d\u2019une politique de la famille garantissant les facilit\u00e9s \u00e0 m\u00eame d\u2019accompagner les femmes et leur permettre de concilier vie familiale et professionnelle, tout en plaidant pour la lutte contre le d\u00e9crochage scolaire et l\u2019int\u00e9gration des femmes sur le march\u00e9 du travail.<\/p>\n\n\n\n<p>Au cours de cette rencontre sur \u201cl\u2019autonomisation des femmes pour de meilleures opportunit\u00e9s d\u2019emploi \u00e0 l\u2019avenir\u201d, organis\u00e9e par la Banque mondiale, en coop\u00e9ration avec le minist\u00e8re de l\u2019\u00c9conomie et des Finances et l\u2019Universit\u00e9 Mohammed VI Polytechnique, Mme Hayar a mis en exergue la n\u00e9cessit\u00e9 de lutter contre toutes les formes de discrimination fond\u00e9e sur le sexe, notant que le pourcentage de femmes \u00e9voluant dans les universit\u00e9s est de 52% dans diverses disciplines (sciences, technologie, ing\u00e9nierie, etc), tandis que leur acc\u00e8s au march\u00e9 du travail demeure faible.<\/p>\n\n\n\n<p>Elle a indiqu\u00e9 que le minist\u00e8re de la Famille \u0153uvre, \u00e0 travers l\u2019Acad\u00e9mie \u201cTamkeen\u201d, \u00e0 permettre \u00e0 des femmes qui n\u2019ont pas eu l\u2019opportunit\u00e9 d\u2019\u00e9tudier, d\u2019acc\u00e9der \u00e0 une plateforme num\u00e9rique d\u2019apprentissage via des capsules aux contenus simplifi\u00e9s et d\u2019apporter leur contribution par des id\u00e9es de projets \u00e0 m\u00eame d\u2019am\u00e9liorer leurs conditions sociales.<\/p>\n\n\n\n<p>Pour sa part, le pr\u00e9sident de l\u2019Universit\u00e9 Mohammed VI Polytechnique, Hicham El Habti, a appel\u00e9 \u00e0 soutenir les questions d\u2019int\u00e9r\u00eat pour les femmes afin qu\u2019elles puissent occuper la place qui leur revient en tant que citoyennes, et ainsi parvenir \u00e0 l\u2019\u00e9galit\u00e9 des sexes.<\/p>\n\n\n\n<p>Selon les estimations de l\u2019UNESCO, moins de 40% des filles africaines terminent leurs \u00e9tudes secondaires, dont la moiti\u00e9 n\u2019arrivent pas \u00e0 parachever leurs \u00e9tudes sup\u00e9rieures, a-t-il fait observer, qualifiant cet \u00e9tat de fait d&rsquo;\u201dinjustice\u201d entra\u00eenant des co\u00fbts \u00e9conomiques \u00e9lev\u00e9s et constituant un obstacle au progr\u00e8s soci\u00e9tal.<\/p>\n","protected":false},"excerpt":{"rendered":"<p>Dpress La ministre de la Solidarit\u00e9, de l\u2019Insertion sociale et de la Famille, Aawatif Hayar, a soulign\u00e9 mardi \u00e0 Bengu\u00e9rir, l\u2019importance d\u2019impliquer les femmes dans les m\u00e9tiers d\u2019avenir au vu de la grande valeur ajout\u00e9e que devra apporter une telle d\u00e9marche sur les plans \u00e9conomique et social. Dans une allocution \u00e0 l\u2019occasion du premier s\u00e9minaire &hellip;<\/p>\n","protected":false},"author":2,"featured_media":3751,"comment_status":"open","ping_status":"open","sticky":false,"template":"","format":"standard","meta":{"footnotes":""},"categories":[26],"tags":[],"class_list":["post-3750","post","type-post","status-publish","format-standard","has-post-thumbnail","hentry","category-politiques"],"yoast_head":"<!-- This site is optimized with the Yoast SEO plugin v27.5 - https:\/\/yoast.com\/product\/yoast-seo-wordpress\/ -->\n<title>L\u2019implication des femmes dans les m\u00e9tiers d\u2019avenir constituera une grande valeur ajout\u00e9e \u00e0 tous les niveaux (Mme Hayar) - Dpress.ma\/fr<\/title>\n<meta name=\"description\" content=\"La ministre de la Solidarit\u00e9, de l\u2019Insertion sociale et de la Famille, Aawatif Hayar, a soulign\u00e9 mardi \u00e0 Bengu\u00e9rir, l\u2019importance d\u2019impliquer les femmes dans les m\u00e9tiers d\u2019avenir au vu de la grande valeur ajout\u00e9e que devra apporter une telle d\u00e9marche sur les plans \u00e9conomique et social.\" \/>\n<meta name=\"robots\" content=\"index, follow, max-snippet:-1, max-image-preview:large, max-video-preview:-1\" \/>\n<link rel=\"canonical\" href=\"https:\/\/dpress.ma\/fr\/2023\/02\/22\/limplication-des-femmes-dans-les-metiers-davenir-constituera-une-grande-valeur-ajoutee-a-tous-les-niveaux-mme-hayar\/\" \/>\n<meta property=\"og:locale\" content=\"fr_FR\" \/>\n<meta property=\"og:type\" content=\"article\" \/>\n<meta property=\"og:title\" content=\"L\u2019implication des femmes dans les m\u00e9tiers d\u2019avenir constituera une grande valeur ajout\u00e9e \u00e0 tous les niveaux (Mme Hayar) - Dpress.ma\/fr\" \/>\n<meta property=\"og:description\" content=\"La ministre de la Solidarit\u00e9, de l\u2019Insertion sociale et de la Famille, Aawatif Hayar, a soulign\u00e9 mardi \u00e0 Bengu\u00e9rir, l\u2019importance d\u2019impliquer les femmes dans les m\u00e9tiers d\u2019avenir au vu de la grande valeur ajout\u00e9e que devra apporter une telle d\u00e9marche sur les plans \u00e9conomique et social.\" \/>\n<meta property=\"og:url\" content=\"https:\/\/dpress.ma\/fr\/2023\/02\/22\/limplication-des-femmes-dans-les-metiers-davenir-constituera-une-grande-valeur-ajoutee-a-tous-les-niveaux-mme-hayar\/\" \/>\n<meta property=\"og:site_name\" content=\"Dpress.ma\/fr\" \/>\n<meta property=\"article:published_time\" content=\"2023-02-22T15:45:46+00:00\" \/>\n<meta property=\"article:modified_time\" content=\"2023-02-22T15:45:49+00:00\" \/>\n<meta property=\"og:image\" content=\"https:\/\/dpress.ma\/fr\/wp-content\/uploads\/sites\/2\/2023\/02\/dimensions2-59.jpg\" \/>\n\t<meta property=\"og:image:width\" content=\"2539\" \/>\n\t<meta property=\"og:image:height\" content=\"1594\" \/>\n\t<meta property=\"og:image:type\" content=\"image\/jpeg\" \/>\n<meta name=\"author\" content=\"Dpress.ma\" \/>\n<meta name=\"twitter:card\" content=\"summary_large_image\" \/>\n<meta name=\"twitter:label1\" content=\"\u00c9crit par\" \/>\n\t<meta name=\"twitter:data1\" content=\"Dpress.ma\" \/>\n\t<meta name=\"twitter:label2\" content=\"Dur\u00e9e de lecture estim\u00e9e\" \/>\n\t<meta name=\"twitter:data2\" content=\"2 minutes\" \/>\n<script type=\"application\/ld+json\" class=\"yoast-schema-graph\">{\"@context\":\"https:\\\/\\\/schema.org\",\"@graph\":[{\"@type\":\"Article\",\"@id\":\"https:\\\/\\\/dpress.ma\\\/fr\\\/2023\\\/02\\\/22\\\/limplication-des-femmes-dans-les-metiers-davenir-constituera-une-grande-valeur-ajoutee-a-tous-les-niveaux-mme-hayar\\\/#article\",\"isPartOf\":{\"@id\":\"https:\\\/\\\/dpress.ma\\\/fr\\\/2023\\\/02\\\/22\\\/limplication-des-femmes-dans-les-metiers-davenir-constituera-une-grande-valeur-ajoutee-a-tous-les-niveaux-mme-hayar\\\/\"},\"author\":{\"name\":\"Dpress.ma\",\"@id\":\"https:\\\/\\\/dpress.ma\\\/fr\\\/#\\\/schema\\\/person\\\/4898febf3ccd59e6578d838656a306a0\"},\"headline\":\"L\u2019implication des femmes dans les m\u00e9tiers d\u2019avenir constituera une grande valeur ajout\u00e9e \u00e0 tous les niveaux (Mme Hayar)\",\"datePublished\":\"2023-02-22T15:45:46+00:00\",\"dateModified\":\"2023-02-22T15:45:49+00:00\",\"mainEntityOfPage\":{\"@id\":\"https:\\\/\\\/dpress.ma\\\/fr\\\/2023\\\/02\\\/22\\\/limplication-des-femmes-dans-les-metiers-davenir-constituera-une-grande-valeur-ajoutee-a-tous-les-niveaux-mme-hayar\\\/\"},\"wordCount\":450,\"commentCount\":0,\"image\":{\"@id\":\"https:\\\/\\\/dpress.ma\\\/fr\\\/2023\\\/02\\\/22\\\/limplication-des-femmes-dans-les-metiers-davenir-constituera-une-grande-valeur-ajoutee-a-tous-les-niveaux-mme-hayar\\\/#primaryimage\"},\"thumbnailUrl\":\"https:\\\/\\\/dpress.ma\\\/fr\\\/wp-content\\\/uploads\\\/sites\\\/2\\\/2023\\\/02\\\/dimensions2-59.jpg\",\"articleSection\":[\"Politiques\"],\"inLanguage\":\"fr-FR\",\"potentialAction\":[{\"@type\":\"CommentAction\",\"name\":\"Comment\",\"target\":[\"https:\\\/\\\/dpress.ma\\\/fr\\\/2023\\\/02\\\/22\\\/limplication-des-femmes-dans-les-metiers-davenir-constituera-une-grande-valeur-ajoutee-a-tous-les-niveaux-mme-hayar\\\/#respond\"]}]},{\"@type\":\"WebPage\",\"@id\":\"https:\\\/\\\/dpress.ma\\\/fr\\\/2023\\\/02\\\/22\\\/limplication-des-femmes-dans-les-metiers-davenir-constituera-une-grande-valeur-ajoutee-a-tous-les-niveaux-mme-hayar\\\/\",\"url\":\"https:\\\/\\\/dpress.ma\\\/fr\\\/2023\\\/02\\\/22\\\/limplication-des-femmes-dans-les-metiers-davenir-constituera-une-grande-valeur-ajoutee-a-tous-les-niveaux-mme-hayar\\\/\",\"name\":\"L\u2019implication des femmes dans les m\u00e9tiers d\u2019avenir constituera une grande valeur ajout\u00e9e \u00e0 tous les niveaux (Mme Hayar) - Dpress.ma\\\/fr\",\"isPartOf\":{\"@id\":\"https:\\\/\\\/dpress.ma\\\/fr\\\/#website\"},\"primaryImageOfPage\":{\"@id\":\"https:\\\/\\\/dpress.ma\\\/fr\\\/2023\\\/02\\\/22\\\/limplication-des-femmes-dans-les-metiers-davenir-constituera-une-grande-valeur-ajoutee-a-tous-les-niveaux-mme-hayar\\\/#primaryimage\"},\"image\":{\"@id\":\"https:\\\/\\\/dpress.ma\\\/fr\\\/2023\\\/02\\\/22\\\/limplication-des-femmes-dans-les-metiers-davenir-constituera-une-grande-valeur-ajoutee-a-tous-les-niveaux-mme-hayar\\\/#primaryimage\"},\"thumbnailUrl\":\"https:\\\/\\\/dpress.ma\\\/fr\\\/wp-content\\\/uploads\\\/sites\\\/2\\\/2023\\\/02\\\/dimensions2-59.jpg\",\"datePublished\":\"2023-02-22T15:45:46+00:00\",\"dateModified\":\"2023-02-22T15:45:49+00:00\",\"author\":{\"@id\":\"https:\\\/\\\/dpress.ma\\\/fr\\\/#\\\/schema\\\/person\\\/4898febf3ccd59e6578d838656a306a0\"},\"description\":\"La ministre de la Solidarit\u00e9, de l\u2019Insertion sociale et de la Famille, Aawatif Hayar, a soulign\u00e9 mardi \u00e0 Bengu\u00e9rir, l\u2019importance d\u2019impliquer les femmes dans les m\u00e9tiers d\u2019avenir au vu de la grande valeur ajout\u00e9e que devra apporter une telle d\u00e9marche sur les plans \u00e9conomique et social.\",\"breadcrumb\":{\"@id\":\"https:\\\/\\\/dpress.ma\\\/fr\\\/2023\\\/02\\\/22\\\/limplication-des-femmes-dans-les-metiers-davenir-constituera-une-grande-valeur-ajoutee-a-tous-les-niveaux-mme-hayar\\\/#breadcrumb\"},\"inLanguage\":\"fr-FR\",\"potentialAction\":[{\"@type\":\"ReadAction\",\"target\":[\"https:\\\/\\\/dpress.ma\\\/fr\\\/2023\\\/02\\\/22\\\/limplication-des-femmes-dans-les-metiers-davenir-constituera-une-grande-valeur-ajoutee-a-tous-les-niveaux-mme-hayar\\\/\"]}]},{\"@type\":\"ImageObject\",\"inLanguage\":\"fr-FR\",\"@id\":\"https:\\\/\\\/dpress.ma\\\/fr\\\/2023\\\/02\\\/22\\\/limplication-des-femmes-dans-les-metiers-davenir-constituera-une-grande-valeur-ajoutee-a-tous-les-niveaux-mme-hayar\\\/#primaryimage\",\"url\":\"https:\\\/\\\/dpress.ma\\\/fr\\\/wp-content\\\/uploads\\\/sites\\\/2\\\/2023\\\/02\\\/dimensions2-59.jpg\",\"contentUrl\":\"https:\\\/\\\/dpress.ma\\\/fr\\\/wp-content\\\/uploads\\\/sites\\\/2\\\/2023\\\/02\\\/dimensions2-59.jpg\",\"width\":2539,\"height\":1594},{\"@type\":\"BreadcrumbList\",\"@id\":\"https:\\\/\\\/dpress.ma\\\/fr\\\/2023\\\/02\\\/22\\\/limplication-des-femmes-dans-les-metiers-davenir-constituera-une-grande-valeur-ajoutee-a-tous-les-niveaux-mme-hayar\\\/#breadcrumb\",\"itemListElement\":[{\"@type\":\"ListItem\",\"position\":1,\"name\":\"Home\",\"item\":\"https:\\\/\\\/dpress.ma\\\/fr\\\/\"},{\"@type\":\"ListItem\",\"position\":2,\"name\":\"L\u2019implication des femmes dans les m\u00e9tiers d\u2019avenir constituera une grande valeur ajout\u00e9e \u00e0 tous les niveaux (Mme Hayar)\"}]},{\"@type\":\"WebSite\",\"@id\":\"https:\\\/\\\/dpress.ma\\\/fr\\\/#website\",\"url\":\"https:\\\/\\\/dpress.ma\\\/fr\\\/\",\"name\":\"Dpress.ma\\\/fr\",\"description\":\"\",\"potentialAction\":[{\"@type\":\"SearchAction\",\"target\":{\"@type\":\"EntryPoint\",\"urlTemplate\":\"https:\\\/\\\/dpress.ma\\\/fr\\\/?s={search_term_string}\"},\"query-input\":{\"@type\":\"PropertyValueSpecification\",\"valueRequired\":true,\"valueName\":\"search_term_string\"}}],\"inLanguage\":\"fr-FR\"},{\"@type\":\"Person\",\"@id\":\"https:\\\/\\\/dpress.ma\\\/fr\\\/#\\\/schema\\\/person\\\/4898febf3ccd59e6578d838656a306a0\",\"name\":\"Dpress.ma\",\"image\":{\"@type\":\"ImageObject\",\"inLanguage\":\"fr-FR\",\"@id\":\"https:\\\/\\\/secure.gravatar.com\\\/avatar\\\/72ecc30e9db047a2e0e7176561eb9d564ed77c8108376495b19bd8336405198a?s=96&d=mm&r=g\",\"url\":\"https:\\\/\\\/secure.gravatar.com\\\/avatar\\\/72ecc30e9db047a2e0e7176561eb9d564ed77c8108376495b19bd8336405198a?s=96&d=mm&r=g\",\"contentUrl\":\"https:\\\/\\\/secure.gravatar.com\\\/avatar\\\/72ecc30e9db047a2e0e7176561eb9d564ed77c8108376495b19bd8336405198a?s=96&d=mm&r=g\",\"caption\":\"Dpress.ma\"},\"sameAs\":[\"https:\\\/\\\/www.dpress.ma\"],\"url\":\"https:\\\/\\\/dpress.ma\\\/fr\\\/author\\\/dpress-ma\\\/\"}]}<\/script>\n<!-- \/ Yoast SEO plugin. -->","yoast_head_json":{"title":"L\u2019implication des femmes dans les m\u00e9tiers d\u2019avenir constituera une grande valeur ajout\u00e9e \u00e0 tous les niveaux (Mme Hayar) - Dpress.ma\/fr","description":"La ministre de la Solidarit\u00e9, de l\u2019Insertion sociale et de la Famille, Aawatif Hayar, a soulign\u00e9 mardi \u00e0 Bengu\u00e9rir, l\u2019importance d\u2019impliquer les femmes dans les m\u00e9tiers d\u2019avenir au vu de la grande valeur ajout\u00e9e que devra apporter une telle d\u00e9marche sur les plans \u00e9conomique et social.","robots":{"index":"index","follow":"follow","max-snippet":"max-snippet:-1","max-image-preview":"max-image-preview:large","max-video-preview":"max-video-preview:-1"},"canonical":"https:\/\/dpress.ma\/fr\/2023\/02\/22\/limplication-des-femmes-dans-les-metiers-davenir-constituera-une-grande-valeur-ajoutee-a-tous-les-niveaux-mme-hayar\/","og_locale":"fr_FR","og_type":"article","og_title":"L\u2019implication des femmes dans les m\u00e9tiers d\u2019avenir constituera une grande valeur ajout\u00e9e \u00e0 tous les niveaux (Mme Hayar) - Dpress.ma\/fr","og_description":"La ministre de la Solidarit\u00e9, de l\u2019Insertion sociale et de la Famille, Aawatif Hayar, a soulign\u00e9 mardi \u00e0 Bengu\u00e9rir, l\u2019importance d\u2019impliquer les femmes dans les m\u00e9tiers d\u2019avenir au vu de la grande valeur ajout\u00e9e que devra apporter une telle d\u00e9marche sur les plans \u00e9conomique et social.","og_url":"https:\/\/dpress.ma\/fr\/2023\/02\/22\/limplication-des-femmes-dans-les-metiers-davenir-constituera-une-grande-valeur-ajoutee-a-tous-les-niveaux-mme-hayar\/","og_site_name":"Dpress.ma\/fr","article_published_time":"2023-02-22T15:45:46+00:00","article_modified_time":"2023-02-22T15:45:49+00:00","og_image":[{"width":2539,"height":1594,"url":"https:\/\/dpress.ma\/fr\/wp-content\/uploads\/sites\/2\/2023\/02\/dimensions2-59.jpg","type":"image\/jpeg"}],"author":"Dpress.ma","twitter_card":"summary_large_image","twitter_misc":{"\u00c9crit par":"Dpress.ma","Dur\u00e9e de lecture estim\u00e9e":"2 minutes"},"schema":{"@context":"https:\/\/schema.org","@graph":[{"@type":"Article","@id":"https:\/\/dpress.ma\/fr\/2023\/02\/22\/limplication-des-femmes-dans-les-metiers-davenir-constituera-une-grande-valeur-ajoutee-a-tous-les-niveaux-mme-hayar\/#article","isPartOf":{"@id":"https:\/\/dpress.ma\/fr\/2023\/02\/22\/limplication-des-femmes-dans-les-metiers-davenir-constituera-une-grande-valeur-ajoutee-a-tous-les-niveaux-mme-hayar\/"},"author":{"name":"Dpress.ma","@id":"https:\/\/dpress.ma\/fr\/#\/schema\/person\/4898febf3ccd59e6578d838656a306a0"},"headline":"L\u2019implication des femmes dans les m\u00e9tiers d\u2019avenir constituera une grande valeur ajout\u00e9e \u00e0 tous les niveaux (Mme Hayar)","datePublished":"2023-02-22T15:45:46+00:00","dateModified":"2023-02-22T15:45:49+00:00","mainEntityOfPage":{"@id":"https:\/\/dpress.ma\/fr\/2023\/02\/22\/limplication-des-femmes-dans-les-metiers-davenir-constituera-une-grande-valeur-ajoutee-a-tous-les-niveaux-mme-hayar\/"},"wordCount":450,"commentCount":0,"image":{"@id":"https:\/\/dpress.ma\/fr\/2023\/02\/22\/limplication-des-femmes-dans-les-metiers-davenir-constituera-une-grande-valeur-ajoutee-a-tous-les-niveaux-mme-hayar\/#primaryimage"},"thumbnailUrl":"https:\/\/dpress.ma\/fr\/wp-content\/uploads\/sites\/2\/2023\/02\/dimensions2-59.jpg","articleSection":["Politiques"],"inLanguage":"fr-FR","potentialAction":[{"@type":"CommentAction","name":"Comment","target":["https:\/\/dpress.ma\/fr\/2023\/02\/22\/limplication-des-femmes-dans-les-metiers-davenir-constituera-une-grande-valeur-ajoutee-a-tous-les-niveaux-mme-hayar\/#respond"]}]},{"@type":"WebPage","@id":"https:\/\/dpress.ma\/fr\/2023\/02\/22\/limplication-des-femmes-dans-les-metiers-davenir-constituera-une-grande-valeur-ajoutee-a-tous-les-niveaux-mme-hayar\/","url":"https:\/\/dpress.ma\/fr\/2023\/02\/22\/limplication-des-femmes-dans-les-metiers-davenir-constituera-une-grande-valeur-ajoutee-a-tous-les-niveaux-mme-hayar\/","name":"L\u2019implication des femmes dans les m\u00e9tiers d\u2019avenir constituera une grande valeur ajout\u00e9e \u00e0 tous les niveaux (Mme Hayar) - Dpress.ma\/fr","isPartOf":{"@id":"https:\/\/dpress.ma\/fr\/#website"},"primaryImageOfPage":{"@id":"https:\/\/dpress.ma\/fr\/2023\/02\/22\/limplication-des-femmes-dans-les-metiers-davenir-constituera-une-grande-valeur-ajoutee-a-tous-les-niveaux-mme-hayar\/#primaryimage"},"image":{"@id":"https:\/\/dpress.ma\/fr\/2023\/02\/22\/limplication-des-femmes-dans-les-metiers-davenir-constituera-une-grande-valeur-ajoutee-a-tous-les-niveaux-mme-hayar\/#primaryimage"},"thumbnailUrl":"https:\/\/dpress.ma\/fr\/wp-content\/uploads\/sites\/2\/2023\/02\/dimensions2-59.jpg","datePublished":"2023-02-22T15:45:46+00:00","dateModified":"2023-02-22T15:45:49+00:00","author":{"@id":"https:\/\/dpress.ma\/fr\/#\/schema\/person\/4898febf3ccd59e6578d838656a306a0"},"description":"La ministre de la Solidarit\u00e9, de l\u2019Insertion sociale et de la Famille, Aawatif Hayar, a soulign\u00e9 mardi \u00e0 Bengu\u00e9rir, l\u2019importance d\u2019impliquer les femmes dans les m\u00e9tiers d\u2019avenir au vu de la grande valeur ajout\u00e9e que devra apporter une telle d\u00e9marche sur les plans \u00e9conomique et social.","breadcrumb":{"@id":"https:\/\/dpress.ma\/fr\/2023\/02\/22\/limplication-des-femmes-dans-les-metiers-davenir-constituera-une-grande-valeur-ajoutee-a-tous-les-niveaux-mme-hayar\/#breadcrumb"},"inLanguage":"fr-FR","potentialAction":[{"@type":"ReadAction","target":["https:\/\/dpress.ma\/fr\/2023\/02\/22\/limplication-des-femmes-dans-les-metiers-davenir-constituera-une-grande-valeur-ajoutee-a-tous-les-niveaux-mme-hayar\/"]}]},{"@type":"ImageObject","inLanguage":"fr-FR","@id":"https:\/\/dpress.ma\/fr\/2023\/02\/22\/limplication-des-femmes-dans-les-metiers-davenir-constituera-une-grande-valeur-ajoutee-a-tous-les-niveaux-mme-hayar\/#primaryimage","url":"https:\/\/dpress.ma\/fr\/wp-content\/uploads\/sites\/2\/2023\/02\/dimensions2-59.jpg","contentUrl":"https:\/\/dpress.ma\/fr\/wp-content\/uploads\/sites\/2\/2023\/02\/dimensions2-59.jpg","width":2539,"height":1594},{"@type":"BreadcrumbList","@id":"https:\/\/dpress.ma\/fr\/2023\/02\/22\/limplication-des-femmes-dans-les-metiers-davenir-constituera-une-grande-valeur-ajoutee-a-tous-les-niveaux-mme-hayar\/#breadcrumb","itemListElement":[{"@type":"ListItem","position":1,"name":"Home","item":"https:\/\/dpress.ma\/fr\/"},{"@type":"ListItem","position":2,"name":"L\u2019implication des femmes dans les m\u00e9tiers d\u2019avenir constituera une grande valeur ajout\u00e9e \u00e0 tous les niveaux (Mme Hayar)"}]},{"@type":"WebSite","@id":"https:\/\/dpress.ma\/fr\/#website","url":"https:\/\/dpress.ma\/fr\/","name":"Dpress.ma\/fr","description":"","potentialAction":[{"@type":"SearchAction","target":{"@type":"EntryPoint","urlTemplate":"https:\/\/dpress.ma\/fr\/?s={search_term_string}"},"query-input":{"@type":"PropertyValueSpecification","valueRequired":true,"valueName":"search_term_string"}}],"inLanguage":"fr-FR"},{"@type":"Person","@id":"https:\/\/dpress.ma\/fr\/#\/schema\/person\/4898febf3ccd59e6578d838656a306a0","name":"Dpress.ma","image":{"@type":"ImageObject","inLanguage":"fr-FR","@id":"https:\/\/secure.gravatar.com\/avatar\/72ecc30e9db047a2e0e7176561eb9d564ed77c8108376495b19bd8336405198a?s=96&d=mm&r=g","url":"https:\/\/secure.gravatar.com\/avatar\/72ecc30e9db047a2e0e7176561eb9d564ed77c8108376495b19bd8336405198a?s=96&d=mm&r=g","contentUrl":"https:\/\/secure.gravatar.com\/avatar\/72ecc30e9db047a2e0e7176561eb9d564ed77c8108376495b19bd8336405198a?s=96&d=mm&r=g","caption":"Dpress.ma"},"sameAs":["https:\/\/www.dpress.ma"],"url":"https:\/\/dpress.ma\/fr\/author\/dpress-ma\/"}]}},"amp_enabled":true,"_links":{"self":[{"href":"https:\/\/dpress.ma\/fr\/wp-json\/wp\/v2\/posts\/3750","targetHints":{"allow":["GET"]}}],"collection":[{"href":"https:\/\/dpress.ma\/fr\/wp-json\/wp\/v2\/posts"}],"about":[{"href":"https:\/\/dpress.ma\/fr\/wp-json\/wp\/v2\/types\/post"}],"author":[{"embeddable":true,"href":"https:\/\/dpress.ma\/fr\/wp-json\/wp\/v2\/users\/2"}],"replies":[{"embeddable":true,"href":"https:\/\/dpress.ma\/fr\/wp-json\/wp\/v2\/comments?post=3750"}],"version-history":[{"count":1,"href":"https:\/\/dpress.ma\/fr\/wp-json\/wp\/v2\/posts\/3750\/revisions"}],"predecessor-version":[{"id":3752,"href":"https:\/\/dpress.ma\/fr\/wp-json\/wp\/v2\/posts\/3750\/revisions\/3752"}],"wp:featuredmedia":[{"embeddable":true,"href":"https:\/\/dpress.ma\/fr\/wp-json\/wp\/v2\/media\/3751"}],"wp:attachment":[{"href":"https:\/\/dpress.ma\/fr\/wp-json\/wp\/v2\/media?parent=3750"}],"wp:term":[{"taxonomy":"category","embeddable":true,"href":"https:\/\/dpress.ma\/fr\/wp-json\/wp\/v2\/categories?post=3750"},{"taxonomy":"post_tag","embeddable":true,"href":"https:\/\/dpress.ma\/fr\/wp-json\/wp\/v2\/tags?post=3750"}],"curies":[{"name":"wp","href":"https:\/\/api.w.org\/{rel}","templated":true}]}}