{"id":3746,"date":"2023-02-22T15:36:21","date_gmt":"2023-02-22T15:36:21","guid":{"rendered":"https:\/\/dpress.ma\/fr\/?p=3746"},"modified":"2023-02-22T15:36:23","modified_gmt":"2023-02-22T15:36:23","slug":"sm-le-roi-felicite-le-prince-heritier-darabie-saoudite-a-loccasion-du-jour-de-la-fondation","status":"publish","type":"post","link":"https:\/\/dpress.ma\/fr\/2023\/02\/22\/sm-le-roi-felicite-le-prince-heritier-darabie-saoudite-a-loccasion-du-jour-de-la-fondation\/","title":{"rendered":"SM le Roi f\u00e9licite le Prince h\u00e9ritier d\u2019Arabie Saoudite \u00e0 l\u2019occasion du Jour de la Fondation"},"content":{"rendered":"\n<p>Dpress<\/p>\n\n\n\n<p>&nbsp;Sa Majest\u00e9 le Roi Mohammed VI a adress\u00e9 un message de f\u00e9licitations \u00e0 SAR le Prince Mohamed Ben Salmane Ben Abdelaziz Al Saoud, Prince h\u00e9ritier du Royaume d\u2019Arabie Saoudite, Pr\u00e9sident du Conseil des ministres, \u00e0 l\u2019occasion du Jour de la Fondation.<\/p>\n\n\n\n<p>Dans ce message, SM le Roi exprime Ses chaleureuses f\u00e9licitations et Ses meilleurs v\u0153ux \u00e0 SAR le Prince Mohamed Ben Salmane Ben Abdelaziz Al Saoud, implorant le Tr\u00e8s-Haut de renouveler pareille occasion pour le Royaume d\u2019Arabie Saoudite dans davantage de grandeur et de prosp\u00e9rit\u00e9, sous la sage conduite du Serviteur des deux Lieux Saints de l\u2019Islam, le Roi Salmane Ibn Abdelaziz Al-Saoud.<\/p>\n\n\n\n<p>Le Souverain saisit cette occasion pour exprimer \u00e0 SAR le Prince Mohamed Ben Salmane Ben Abdelaziz Al Saoud Ses sinc\u00e8res v\u0153ux de sant\u00e9, de bonheur et de succ\u00e8s dans l\u2019accomplissement de ses hautes fonctions.<\/p>\n","protected":false},"excerpt":{"rendered":"<p>Dpress &nbsp;Sa Majest\u00e9 le Roi Mohammed VI a adress\u00e9 un message de f\u00e9licitations \u00e0 SAR le Prince Mohamed Ben Salmane Ben Abdelaziz Al Saoud, Prince h\u00e9ritier du Royaume d\u2019Arabie Saoudite, Pr\u00e9sident du Conseil des ministres, \u00e0 l\u2019occasion du Jour de la Fondation. Dans ce message, SM le Roi exprime Ses chaleureuses f\u00e9licitations et Ses meilleurs &hellip;<\/p>\n","protected":false},"author":2,"featured_media":2428,"comment_status":"open","ping_status":"open","sticky":false,"template":"","format":"standard","meta":{"footnotes":""},"categories":[29],"tags":[],"class_list":["post-3746","post","type-post","status-publish","format-standard","has-post-thumbnail","hentry","category-activites-royales"],"yoast_head":"<!-- This site is optimized with the Yoast SEO plugin v27.5 - https:\/\/yoast.com\/product\/yoast-seo-wordpress\/ -->\n<title>SM le Roi f\u00e9licite le Prince h\u00e9ritier d\u2019Arabie Saoudite \u00e0 l\u2019occasion du Jour de la Fondation - Dpress.ma\/fr<\/title>\n<meta name=\"description\" content=\"Sa Majest\u00e9 le Roi Mohammed VI a adress\u00e9 un message de f\u00e9licitations \u00e0 SAR le Prince Mohamed Ben Salmane Ben Abdelaziz Al Saoud, Prince h\u00e9ritier du Royaume d\u2019Arabie Saoudite, Pr\u00e9sident du Conseil des ministres, \u00e0 l\u2019occasion du Jour de la Fondation.\" \/>\n<meta name=\"robots\" content=\"index, follow, max-snippet:-1, max-image-preview:large, max-video-preview:-1\" \/>\n<link rel=\"canonical\" href=\"https:\/\/dpress.ma\/fr\/2023\/02\/22\/sm-le-roi-felicite-le-prince-heritier-darabie-saoudite-a-loccasion-du-jour-de-la-fondation\/\" \/>\n<meta property=\"og:locale\" content=\"fr_FR\" \/>\n<meta property=\"og:type\" content=\"article\" \/>\n<meta property=\"og:title\" content=\"SM le Roi f\u00e9licite le Prince h\u00e9ritier d\u2019Arabie Saoudite \u00e0 l\u2019occasion du Jour de la Fondation - Dpress.ma\/fr\" \/>\n<meta property=\"og:description\" content=\"Sa Majest\u00e9 le Roi Mohammed VI a adress\u00e9 un message de f\u00e9licitations \u00e0 SAR le Prince Mohamed Ben Salmane Ben Abdelaziz Al Saoud, Prince h\u00e9ritier du Royaume d\u2019Arabie Saoudite, Pr\u00e9sident du Conseil des ministres, \u00e0 l\u2019occasion du Jour de la Fondation.\" \/>\n<meta property=\"og:url\" content=\"https:\/\/dpress.ma\/fr\/2023\/02\/22\/sm-le-roi-felicite-le-prince-heritier-darabie-saoudite-a-loccasion-du-jour-de-la-fondation\/\" \/>\n<meta property=\"og:site_name\" content=\"Dpress.ma\/fr\" \/>\n<meta property=\"article:published_time\" content=\"2023-02-22T15:36:21+00:00\" \/>\n<meta property=\"article:modified_time\" content=\"2023-02-22T15:36:23+00:00\" \/>\n<meta property=\"og:image\" content=\"https:\/\/dpress.ma\/fr\/wp-content\/uploads\/sites\/2\/2022\/11\/dimensions2-12.jpg\" \/>\n\t<meta property=\"og:image:width\" content=\"2539\" \/>\n\t<meta property=\"og:image:height\" content=\"1594\" \/>\n\t<meta property=\"og:image:type\" content=\"image\/jpeg\" \/>\n<meta name=\"author\" content=\"Dpress.ma\" \/>\n<meta name=\"twitter:card\" content=\"summary_large_image\" \/>\n<meta name=\"twitter:label1\" content=\"\u00c9crit par\" \/>\n\t<meta name=\"twitter:data1\" content=\"Dpress.ma\" \/>\n\t<meta name=\"twitter:label2\" content=\"Dur\u00e9e de lecture estim\u00e9e\" \/>\n\t<meta name=\"twitter:data2\" content=\"1 minute\" \/>\n<script type=\"application\/ld+json\" class=\"yoast-schema-graph\">{\"@context\":\"https:\\\/\\\/schema.org\",\"@graph\":[{\"@type\":\"Article\",\"@id\":\"https:\\\/\\\/dpress.ma\\\/fr\\\/2023\\\/02\\\/22\\\/sm-le-roi-felicite-le-prince-heritier-darabie-saoudite-a-loccasion-du-jour-de-la-fondation\\\/#article\",\"isPartOf\":{\"@id\":\"https:\\\/\\\/dpress.ma\\\/fr\\\/2023\\\/02\\\/22\\\/sm-le-roi-felicite-le-prince-heritier-darabie-saoudite-a-loccasion-du-jour-de-la-fondation\\\/\"},\"author\":{\"name\":\"Dpress.ma\",\"@id\":\"https:\\\/\\\/dpress.ma\\\/fr\\\/#\\\/schema\\\/person\\\/4898febf3ccd59e6578d838656a306a0\"},\"headline\":\"SM le Roi f\u00e9licite le Prince h\u00e9ritier d\u2019Arabie Saoudite \u00e0 l\u2019occasion du Jour de la Fondation\",\"datePublished\":\"2023-02-22T15:36:21+00:00\",\"dateModified\":\"2023-02-22T15:36:23+00:00\",\"mainEntityOfPage\":{\"@id\":\"https:\\\/\\\/dpress.ma\\\/fr\\\/2023\\\/02\\\/22\\\/sm-le-roi-felicite-le-prince-heritier-darabie-saoudite-a-loccasion-du-jour-de-la-fondation\\\/\"},\"wordCount\":169,\"commentCount\":0,\"image\":{\"@id\":\"https:\\\/\\\/dpress.ma\\\/fr\\\/2023\\\/02\\\/22\\\/sm-le-roi-felicite-le-prince-heritier-darabie-saoudite-a-loccasion-du-jour-de-la-fondation\\\/#primaryimage\"},\"thumbnailUrl\":\"https:\\\/\\\/dpress.ma\\\/fr\\\/wp-content\\\/uploads\\\/sites\\\/2\\\/2022\\\/11\\\/dimensions2-12.jpg\",\"articleSection\":[\"Activit\u00e9s Royales\"],\"inLanguage\":\"fr-FR\",\"potentialAction\":[{\"@type\":\"CommentAction\",\"name\":\"Comment\",\"target\":[\"https:\\\/\\\/dpress.ma\\\/fr\\\/2023\\\/02\\\/22\\\/sm-le-roi-felicite-le-prince-heritier-darabie-saoudite-a-loccasion-du-jour-de-la-fondation\\\/#respond\"]}]},{\"@type\":\"WebPage\",\"@id\":\"https:\\\/\\\/dpress.ma\\\/fr\\\/2023\\\/02\\\/22\\\/sm-le-roi-felicite-le-prince-heritier-darabie-saoudite-a-loccasion-du-jour-de-la-fondation\\\/\",\"url\":\"https:\\\/\\\/dpress.ma\\\/fr\\\/2023\\\/02\\\/22\\\/sm-le-roi-felicite-le-prince-heritier-darabie-saoudite-a-loccasion-du-jour-de-la-fondation\\\/\",\"name\":\"SM le Roi f\u00e9licite le Prince h\u00e9ritier d\u2019Arabie Saoudite \u00e0 l\u2019occasion du Jour de la Fondation - Dpress.ma\\\/fr\",\"isPartOf\":{\"@id\":\"https:\\\/\\\/dpress.ma\\\/fr\\\/#website\"},\"primaryImageOfPage\":{\"@id\":\"https:\\\/\\\/dpress.ma\\\/fr\\\/2023\\\/02\\\/22\\\/sm-le-roi-felicite-le-prince-heritier-darabie-saoudite-a-loccasion-du-jour-de-la-fondation\\\/#primaryimage\"},\"image\":{\"@id\":\"https:\\\/\\\/dpress.ma\\\/fr\\\/2023\\\/02\\\/22\\\/sm-le-roi-felicite-le-prince-heritier-darabie-saoudite-a-loccasion-du-jour-de-la-fondation\\\/#primaryimage\"},\"thumbnailUrl\":\"https:\\\/\\\/dpress.ma\\\/fr\\\/wp-content\\\/uploads\\\/sites\\\/2\\\/2022\\\/11\\\/dimensions2-12.jpg\",\"datePublished\":\"2023-02-22T15:36:21+00:00\",\"dateModified\":\"2023-02-22T15:36:23+00:00\",\"author\":{\"@id\":\"https:\\\/\\\/dpress.ma\\\/fr\\\/#\\\/schema\\\/person\\\/4898febf3ccd59e6578d838656a306a0\"},\"description\":\"Sa Majest\u00e9 le Roi Mohammed VI a adress\u00e9 un message de f\u00e9licitations \u00e0 SAR le Prince Mohamed Ben Salmane Ben Abdelaziz Al Saoud, Prince h\u00e9ritier du Royaume d\u2019Arabie Saoudite, Pr\u00e9sident du Conseil des ministres, \u00e0 l\u2019occasion du Jour de la Fondation.\",\"breadcrumb\":{\"@id\":\"https:\\\/\\\/dpress.ma\\\/fr\\\/2023\\\/02\\\/22\\\/sm-le-roi-felicite-le-prince-heritier-darabie-saoudite-a-loccasion-du-jour-de-la-fondation\\\/#breadcrumb\"},\"inLanguage\":\"fr-FR\",\"potentialAction\":[{\"@type\":\"ReadAction\",\"target\":[\"https:\\\/\\\/dpress.ma\\\/fr\\\/2023\\\/02\\\/22\\\/sm-le-roi-felicite-le-prince-heritier-darabie-saoudite-a-loccasion-du-jour-de-la-fondation\\\/\"]}]},{\"@type\":\"ImageObject\",\"inLanguage\":\"fr-FR\",\"@id\":\"https:\\\/\\\/dpress.ma\\\/fr\\\/2023\\\/02\\\/22\\\/sm-le-roi-felicite-le-prince-heritier-darabie-saoudite-a-loccasion-du-jour-de-la-fondation\\\/#primaryimage\",\"url\":\"https:\\\/\\\/dpress.ma\\\/fr\\\/wp-content\\\/uploads\\\/sites\\\/2\\\/2022\\\/11\\\/dimensions2-12.jpg\",\"contentUrl\":\"https:\\\/\\\/dpress.ma\\\/fr\\\/wp-content\\\/uploads\\\/sites\\\/2\\\/2022\\\/11\\\/dimensions2-12.jpg\",\"width\":2539,\"height\":1594},{\"@type\":\"BreadcrumbList\",\"@id\":\"https:\\\/\\\/dpress.ma\\\/fr\\\/2023\\\/02\\\/22\\\/sm-le-roi-felicite-le-prince-heritier-darabie-saoudite-a-loccasion-du-jour-de-la-fondation\\\/#breadcrumb\",\"itemListElement\":[{\"@type\":\"ListItem\",\"position\":1,\"name\":\"Home\",\"item\":\"https:\\\/\\\/dpress.ma\\\/fr\\\/\"},{\"@type\":\"ListItem\",\"position\":2,\"name\":\"SM le Roi f\u00e9licite le Prince h\u00e9ritier d\u2019Arabie Saoudite \u00e0 l\u2019occasion du Jour de la Fondation\"}]},{\"@type\":\"WebSite\",\"@id\":\"https:\\\/\\\/dpress.ma\\\/fr\\\/#website\",\"url\":\"https:\\\/\\\/dpress.ma\\\/fr\\\/\",\"name\":\"Dpress.ma\\\/fr\",\"description\":\"\",\"potentialAction\":[{\"@type\":\"SearchAction\",\"target\":{\"@type\":\"EntryPoint\",\"urlTemplate\":\"https:\\\/\\\/dpress.ma\\\/fr\\\/?s={search_term_string}\"},\"query-input\":{\"@type\":\"PropertyValueSpecification\",\"valueRequired\":true,\"valueName\":\"search_term_string\"}}],\"inLanguage\":\"fr-FR\"},{\"@type\":\"Person\",\"@id\":\"https:\\\/\\\/dpress.ma\\\/fr\\\/#\\\/schema\\\/person\\\/4898febf3ccd59e6578d838656a306a0\",\"name\":\"Dpress.ma\",\"image\":{\"@type\":\"ImageObject\",\"inLanguage\":\"fr-FR\",\"@id\":\"https:\\\/\\\/secure.gravatar.com\\\/avatar\\\/72ecc30e9db047a2e0e7176561eb9d564ed77c8108376495b19bd8336405198a?s=96&d=mm&r=g\",\"url\":\"https:\\\/\\\/secure.gravatar.com\\\/avatar\\\/72ecc30e9db047a2e0e7176561eb9d564ed77c8108376495b19bd8336405198a?s=96&d=mm&r=g\",\"contentUrl\":\"https:\\\/\\\/secure.gravatar.com\\\/avatar\\\/72ecc30e9db047a2e0e7176561eb9d564ed77c8108376495b19bd8336405198a?s=96&d=mm&r=g\",\"caption\":\"Dpress.ma\"},\"sameAs\":[\"https:\\\/\\\/www.dpress.ma\"],\"url\":\"https:\\\/\\\/dpress.ma\\\/fr\\\/author\\\/dpress-ma\\\/\"}]}<\/script>\n<!-- \/ Yoast SEO plugin. -->","yoast_head_json":{"title":"SM le Roi f\u00e9licite le Prince h\u00e9ritier d\u2019Arabie Saoudite \u00e0 l\u2019occasion du Jour de la Fondation - Dpress.ma\/fr","description":"Sa Majest\u00e9 le Roi Mohammed VI a adress\u00e9 un message de f\u00e9licitations \u00e0 SAR le Prince Mohamed Ben Salmane Ben Abdelaziz Al Saoud, Prince h\u00e9ritier du Royaume d\u2019Arabie Saoudite, Pr\u00e9sident du Conseil des ministres, \u00e0 l\u2019occasion du Jour de la Fondation.","robots":{"index":"index","follow":"follow","max-snippet":"max-snippet:-1","max-image-preview":"max-image-preview:large","max-video-preview":"max-video-preview:-1"},"canonical":"https:\/\/dpress.ma\/fr\/2023\/02\/22\/sm-le-roi-felicite-le-prince-heritier-darabie-saoudite-a-loccasion-du-jour-de-la-fondation\/","og_locale":"fr_FR","og_type":"article","og_title":"SM le Roi f\u00e9licite le Prince h\u00e9ritier d\u2019Arabie Saoudite \u00e0 l\u2019occasion du Jour de la Fondation - Dpress.ma\/fr","og_description":"Sa Majest\u00e9 le Roi Mohammed VI a adress\u00e9 un message de f\u00e9licitations \u00e0 SAR le Prince Mohamed Ben Salmane Ben Abdelaziz Al Saoud, Prince h\u00e9ritier du Royaume d\u2019Arabie Saoudite, Pr\u00e9sident du Conseil des ministres, \u00e0 l\u2019occasion du Jour de la Fondation.","og_url":"https:\/\/dpress.ma\/fr\/2023\/02\/22\/sm-le-roi-felicite-le-prince-heritier-darabie-saoudite-a-loccasion-du-jour-de-la-fondation\/","og_site_name":"Dpress.ma\/fr","article_published_time":"2023-02-22T15:36:21+00:00","article_modified_time":"2023-02-22T15:36:23+00:00","og_image":[{"width":2539,"height":1594,"url":"https:\/\/dpress.ma\/fr\/wp-content\/uploads\/sites\/2\/2022\/11\/dimensions2-12.jpg","type":"image\/jpeg"}],"author":"Dpress.ma","twitter_card":"summary_large_image","twitter_misc":{"\u00c9crit par":"Dpress.ma","Dur\u00e9e de lecture estim\u00e9e":"1 minute"},"schema":{"@context":"https:\/\/schema.org","@graph":[{"@type":"Article","@id":"https:\/\/dpress.ma\/fr\/2023\/02\/22\/sm-le-roi-felicite-le-prince-heritier-darabie-saoudite-a-loccasion-du-jour-de-la-fondation\/#article","isPartOf":{"@id":"https:\/\/dpress.ma\/fr\/2023\/02\/22\/sm-le-roi-felicite-le-prince-heritier-darabie-saoudite-a-loccasion-du-jour-de-la-fondation\/"},"author":{"name":"Dpress.ma","@id":"https:\/\/dpress.ma\/fr\/#\/schema\/person\/4898febf3ccd59e6578d838656a306a0"},"headline":"SM le Roi f\u00e9licite le Prince h\u00e9ritier d\u2019Arabie Saoudite \u00e0 l\u2019occasion du Jour de la Fondation","datePublished":"2023-02-22T15:36:21+00:00","dateModified":"2023-02-22T15:36:23+00:00","mainEntityOfPage":{"@id":"https:\/\/dpress.ma\/fr\/2023\/02\/22\/sm-le-roi-felicite-le-prince-heritier-darabie-saoudite-a-loccasion-du-jour-de-la-fondation\/"},"wordCount":169,"commentCount":0,"image":{"@id":"https:\/\/dpress.ma\/fr\/2023\/02\/22\/sm-le-roi-felicite-le-prince-heritier-darabie-saoudite-a-loccasion-du-jour-de-la-fondation\/#primaryimage"},"thumbnailUrl":"https:\/\/dpress.ma\/fr\/wp-content\/uploads\/sites\/2\/2022\/11\/dimensions2-12.jpg","articleSection":["Activit\u00e9s Royales"],"inLanguage":"fr-FR","potentialAction":[{"@type":"CommentAction","name":"Comment","target":["https:\/\/dpress.ma\/fr\/2023\/02\/22\/sm-le-roi-felicite-le-prince-heritier-darabie-saoudite-a-loccasion-du-jour-de-la-fondation\/#respond"]}]},{"@type":"WebPage","@id":"https:\/\/dpress.ma\/fr\/2023\/02\/22\/sm-le-roi-felicite-le-prince-heritier-darabie-saoudite-a-loccasion-du-jour-de-la-fondation\/","url":"https:\/\/dpress.ma\/fr\/2023\/02\/22\/sm-le-roi-felicite-le-prince-heritier-darabie-saoudite-a-loccasion-du-jour-de-la-fondation\/","name":"SM le Roi f\u00e9licite le Prince h\u00e9ritier d\u2019Arabie Saoudite \u00e0 l\u2019occasion du Jour de la Fondation - Dpress.ma\/fr","isPartOf":{"@id":"https:\/\/dpress.ma\/fr\/#website"},"primaryImageOfPage":{"@id":"https:\/\/dpress.ma\/fr\/2023\/02\/22\/sm-le-roi-felicite-le-prince-heritier-darabie-saoudite-a-loccasion-du-jour-de-la-fondation\/#primaryimage"},"image":{"@id":"https:\/\/dpress.ma\/fr\/2023\/02\/22\/sm-le-roi-felicite-le-prince-heritier-darabie-saoudite-a-loccasion-du-jour-de-la-fondation\/#primaryimage"},"thumbnailUrl":"https:\/\/dpress.ma\/fr\/wp-content\/uploads\/sites\/2\/2022\/11\/dimensions2-12.jpg","datePublished":"2023-02-22T15:36:21+00:00","dateModified":"2023-02-22T15:36:23+00:00","author":{"@id":"https:\/\/dpress.ma\/fr\/#\/schema\/person\/4898febf3ccd59e6578d838656a306a0"},"description":"Sa Majest\u00e9 le Roi Mohammed VI a adress\u00e9 un message de f\u00e9licitations \u00e0 SAR le Prince Mohamed Ben Salmane Ben Abdelaziz Al Saoud, Prince h\u00e9ritier du Royaume d\u2019Arabie Saoudite, Pr\u00e9sident du Conseil des ministres, \u00e0 l\u2019occasion du Jour de la Fondation.","breadcrumb":{"@id":"https:\/\/dpress.ma\/fr\/2023\/02\/22\/sm-le-roi-felicite-le-prince-heritier-darabie-saoudite-a-loccasion-du-jour-de-la-fondation\/#breadcrumb"},"inLanguage":"fr-FR","potentialAction":[{"@type":"ReadAction","target":["https:\/\/dpress.ma\/fr\/2023\/02\/22\/sm-le-roi-felicite-le-prince-heritier-darabie-saoudite-a-loccasion-du-jour-de-la-fondation\/"]}]},{"@type":"ImageObject","inLanguage":"fr-FR","@id":"https:\/\/dpress.ma\/fr\/2023\/02\/22\/sm-le-roi-felicite-le-prince-heritier-darabie-saoudite-a-loccasion-du-jour-de-la-fondation\/#primaryimage","url":"https:\/\/dpress.ma\/fr\/wp-content\/uploads\/sites\/2\/2022\/11\/dimensions2-12.jpg","contentUrl":"https:\/\/dpress.ma\/fr\/wp-content\/uploads\/sites\/2\/2022\/11\/dimensions2-12.jpg","width":2539,"height":1594},{"@type":"BreadcrumbList","@id":"https:\/\/dpress.ma\/fr\/2023\/02\/22\/sm-le-roi-felicite-le-prince-heritier-darabie-saoudite-a-loccasion-du-jour-de-la-fondation\/#breadcrumb","itemListElement":[{"@type":"ListItem","position":1,"name":"Home","item":"https:\/\/dpress.ma\/fr\/"},{"@type":"ListItem","position":2,"name":"SM le Roi f\u00e9licite le Prince h\u00e9ritier d\u2019Arabie Saoudite \u00e0 l\u2019occasion du Jour de la Fondation"}]},{"@type":"WebSite","@id":"https:\/\/dpress.ma\/fr\/#website","url":"https:\/\/dpress.ma\/fr\/","name":"Dpress.ma\/fr","description":"","potentialAction":[{"@type":"SearchAction","target":{"@type":"EntryPoint","urlTemplate":"https:\/\/dpress.ma\/fr\/?s={search_term_string}"},"query-input":{"@type":"PropertyValueSpecification","valueRequired":true,"valueName":"search_term_string"}}],"inLanguage":"fr-FR"},{"@type":"Person","@id":"https:\/\/dpress.ma\/fr\/#\/schema\/person\/4898febf3ccd59e6578d838656a306a0","name":"Dpress.ma","image":{"@type":"ImageObject","inLanguage":"fr-FR","@id":"https:\/\/secure.gravatar.com\/avatar\/72ecc30e9db047a2e0e7176561eb9d564ed77c8108376495b19bd8336405198a?s=96&d=mm&r=g","url":"https:\/\/secure.gravatar.com\/avatar\/72ecc30e9db047a2e0e7176561eb9d564ed77c8108376495b19bd8336405198a?s=96&d=mm&r=g","contentUrl":"https:\/\/secure.gravatar.com\/avatar\/72ecc30e9db047a2e0e7176561eb9d564ed77c8108376495b19bd8336405198a?s=96&d=mm&r=g","caption":"Dpress.ma"},"sameAs":["https:\/\/www.dpress.ma"],"url":"https:\/\/dpress.ma\/fr\/author\/dpress-ma\/"}]}},"amp_enabled":true,"_links":{"self":[{"href":"https:\/\/dpress.ma\/fr\/wp-json\/wp\/v2\/posts\/3746","targetHints":{"allow":["GET"]}}],"collection":[{"href":"https:\/\/dpress.ma\/fr\/wp-json\/wp\/v2\/posts"}],"about":[{"href":"https:\/\/dpress.ma\/fr\/wp-json\/wp\/v2\/types\/post"}],"author":[{"embeddable":true,"href":"https:\/\/dpress.ma\/fr\/wp-json\/wp\/v2\/users\/2"}],"replies":[{"embeddable":true,"href":"https:\/\/dpress.ma\/fr\/wp-json\/wp\/v2\/comments?post=3746"}],"version-history":[{"count":1,"href":"https:\/\/dpress.ma\/fr\/wp-json\/wp\/v2\/posts\/3746\/revisions"}],"predecessor-version":[{"id":3747,"href":"https:\/\/dpress.ma\/fr\/wp-json\/wp\/v2\/posts\/3746\/revisions\/3747"}],"wp:featuredmedia":[{"embeddable":true,"href":"https:\/\/dpress.ma\/fr\/wp-json\/wp\/v2\/media\/2428"}],"wp:attachment":[{"href":"https:\/\/dpress.ma\/fr\/wp-json\/wp\/v2\/media?parent=3746"}],"wp:term":[{"taxonomy":"category","embeddable":true,"href":"https:\/\/dpress.ma\/fr\/wp-json\/wp\/v2\/categories?post=3746"},{"taxonomy":"post_tag","embeddable":true,"href":"https:\/\/dpress.ma\/fr\/wp-json\/wp\/v2\/tags?post=3746"}],"curies":[{"name":"wp","href":"https:\/\/api.w.org\/{rel}","templated":true}]}}