{"id":3736,"date":"2023-02-21T13:28:40","date_gmt":"2023-02-21T13:28:40","guid":{"rendered":"https:\/\/dpress.ma\/fr\/?p=3736"},"modified":"2023-02-21T13:28:42","modified_gmt":"2023-02-21T13:28:42","slug":"m-akhannouch-appelle-a-une-nouvelle-generation-de-reformes-liees-a-la-simplification-et-a-la-numerisation-des-procedures-administratives","status":"publish","type":"post","link":"https:\/\/dpress.ma\/fr\/2023\/02\/21\/m-akhannouch-appelle-a-une-nouvelle-generation-de-reformes-liees-a-la-simplification-et-a-la-numerisation-des-procedures-administratives\/","title":{"rendered":"M. Akhannouch appelle \u00e0 une nouvelle g\u00e9n\u00e9ration de r\u00e9formes li\u00e9es \u00e0 la simplification et \u00e0 la num\u00e9risation des proc\u00e9dures administratives"},"content":{"rendered":"\n<p>Dpress<\/p>\n\n\n\n<p>&nbsp;Le Chef du gouvernement, Aziz Akhannouch, a appel\u00e9, lundi \u00e0 Rabat, \u00e0 la pr\u00e9paration d\u2019une nouvelle g\u00e9n\u00e9ration de r\u00e9formes li\u00e9es \u00e0 la simplification et \u00e0 la num\u00e9risation des proc\u00e9dures administratives selon un programme de travail pr\u00e9cis.<\/p>\n\n\n\n<p>Pr\u00e9sidant la troisi\u00e8me r\u00e9union de la Commission nationale de simplification des proc\u00e9dures administratives, M. Akhannouch a appel\u00e9 \u201ctous les acteurs des administrations, \u00e9tablissements publics, collectivit\u00e9s territoriales et le reste des organismes concern\u00e9s, \u00e0 travailler \u00e0 la pr\u00e9paration d\u2019une nouvelle g\u00e9n\u00e9ration de r\u00e9formes li\u00e9es \u00e0 la simplification et \u00e0 la num\u00e9risation des proc\u00e9dures administratives selon un programme de travail pr\u00e9cis\u201d, indique un communiqu\u00e9 du d\u00e9partement du chef du gouvernement.<\/p>\n\n\n\n<p>Il a aussi appel\u00e9 \u00e0 placer la transformation num\u00e9rique et le partage d\u2019informations et de documents entre les administrations en socle d\u2019une v\u00e9ritable r\u00e9forme dans le cadre du chantier de simplification des proc\u00e9dures, afin de mettre en phase l\u2019administration avec les attentes des citoyens et des investisseurs et, ainsi, garantir l\u2019efficacit\u00e9 et la transparence dans l\u2019encadrement de l\u2019action des services publics.<\/p>\n\n\n\n<p>M. Akhannouch a aussi assur\u00e9 que le gouvernement veille \u00e0 mobiliser l\u2019ensemble des ressources afin de mener \u00e0 bien le chantier de simplification des proc\u00e9dures administratives au Maroc, en application des Hautes Instructions de SM le Roi Mohammed VI, que Dieu L\u2019Assiste.<\/p>\n\n\n\n<p>Lors de cette r\u00e9union consacr\u00e9e \u00e0 l\u2019approbation de la version simplifi\u00e9e des d\u00e9cisions administratives \u00e0 l\u2019\u00e9tude au niveau des centres r\u00e9gionaux d\u2019investissement, ainsi qu\u2019\u00e0 l\u2019examen des r\u00e9sultats de la mise en \u0153uvre des dispositions de la loi 55-19 relative \u00e0 la simplification des proc\u00e9dures administratives, la ministre d\u00e9l\u00e9gu\u00e9e aupr\u00e8s du chef du gouvernement charg\u00e9e de la Transition num\u00e9rique et de la R\u00e9forme administrative, Ghita Mezzour a pr\u00e9sent\u00e9 le bilan de la mise en \u0153uvre de cette loi, ajoute la m\u00eame source.<\/p>\n\n\n\n<p>Elle a dans ce sens pr\u00e9cis\u00e9 que 22 d\u00e9cisions administratives avaient \u00e9t\u00e9 simplifi\u00e9es et num\u00e9ris\u00e9es via la plate-forme \u00e9lectronique \u00ab CRI invest \u00bb, r\u00e9duisant ainsi de 45 % les documents requis pour les investisseurs, 60 % des documents requis concernant la recevabilit\u00e9 des projets d\u2019investissement, ainsi que 50 % des documents requis concernant la mobilisation du foncier, 33 % des documents requis pour les permis de construire et 45 % des documents requis dans le cadre des licences d\u2019exploitation.<\/p>\n\n\n\n<p>La ministre a r\u00e9v\u00e9l\u00e9 qu\u2019afin de r\u00e9duire de 45% le nombre des documents exig\u00e9s aupr\u00e8s des investisseurs, 5 techniques de simplification ont \u00e9t\u00e9 adopt\u00e9es, notamment le remplacement de certains documents requis, l\u2019octroi par l\u2019administration de certains documents au lieu de les demander \u00e0 l\u2019investisseur, la production de certains documents seulement apr\u00e8s avoir obtenu l\u2019approbation du Comit\u00e9, la suppression de certains documents non justifi\u00e9s et le remplacement d\u2019un groupe de documents par des formulaires pr\u00e9par\u00e9s \u00e0 l\u2019avance.<\/p>\n\n\n\n<p>Au cours de la r\u00e9union, ont \u00e9galement \u00e9t\u00e9 examin\u00e9s les volets relatifs au d\u00e9veloppement du portail national des proc\u00e9dures et d\u00e9marches administratives \u00ab Idarati.ma \u00bb et le suivi de la mise en \u0153uvre des proc\u00e9dures simplifi\u00e9es sur le terrain, selon le communiqu\u00e9.<\/p>\n\n\n\n<p>Par ailleurs, quatre projets de d\u00e9cret ont \u00e9t\u00e9 examin\u00e9s, avec une \u00e9ch\u00e9ance fix\u00e9e \u00e0 fin mars prochain pour approbation.<\/p>\n\n\n\n<p>Cette r\u00e9union s\u2019est d\u00e9roul\u00e9e en pr\u00e9sence du ministre de l\u2019Int\u00e9rieur, Abdelouafi Laftit, du secr\u00e9taire g\u00e9n\u00e9ral de gouvernement, Mohamed Hajoui et du ministre d\u00e9l\u00e9gu\u00e9 aupr\u00e8s du chef du gouvernement charg\u00e9 de l\u2019Investissement, de la Convergence et de l\u2019\u00e9valuation des Politiques publiques, Mohcine Jazouli.<\/p>\n\n\n\n<p><\/p>\n","protected":false},"excerpt":{"rendered":"<p>Dpress &nbsp;Le Chef du gouvernement, Aziz Akhannouch, a appel\u00e9, lundi \u00e0 Rabat, \u00e0 la pr\u00e9paration d\u2019une nouvelle g\u00e9n\u00e9ration de r\u00e9formes li\u00e9es \u00e0 la simplification et \u00e0 la num\u00e9risation des proc\u00e9dures administratives selon un programme de travail pr\u00e9cis. Pr\u00e9sidant la troisi\u00e8me r\u00e9union de la Commission nationale de simplification des proc\u00e9dures administratives, M. Akhannouch a appel\u00e9 \u201ctous &hellip;<\/p>\n","protected":false},"author":2,"featured_media":2821,"comment_status":"open","ping_status":"open","sticky":false,"template":"","format":"standard","meta":{"footnotes":""},"categories":[26],"tags":[],"class_list":["post-3736","post","type-post","status-publish","format-standard","has-post-thumbnail","hentry","category-politiques"],"yoast_head":"<!-- This site is optimized with the Yoast SEO plugin v27.5 - https:\/\/yoast.com\/product\/yoast-seo-wordpress\/ -->\n<title>M. Akhannouch appelle \u00e0 une nouvelle g\u00e9n\u00e9ration de r\u00e9formes li\u00e9es \u00e0 la simplification et \u00e0 la num\u00e9risation des proc\u00e9dures administratives - Dpress.ma\/fr<\/title>\n<meta name=\"description\" content=\"Le Chef du gouvernement, Aziz Akhannouch, a appel\u00e9, lundi \u00e0 Rabat, \u00e0 la pr\u00e9paration d\u2019une nouvelle g\u00e9n\u00e9ration de r\u00e9formes li\u00e9es \u00e0 la simplification et \u00e0 la num\u00e9risation des proc\u00e9dures administratives selon un programme de travail pr\u00e9cis.\" \/>\n<meta name=\"robots\" content=\"index, follow, max-snippet:-1, max-image-preview:large, max-video-preview:-1\" \/>\n<link rel=\"canonical\" href=\"https:\/\/dpress.ma\/fr\/2023\/02\/21\/m-akhannouch-appelle-a-une-nouvelle-generation-de-reformes-liees-a-la-simplification-et-a-la-numerisation-des-procedures-administratives\/\" \/>\n<meta property=\"og:locale\" content=\"fr_FR\" \/>\n<meta property=\"og:type\" content=\"article\" \/>\n<meta property=\"og:title\" content=\"M. Akhannouch appelle \u00e0 une nouvelle g\u00e9n\u00e9ration de r\u00e9formes li\u00e9es \u00e0 la simplification et \u00e0 la num\u00e9risation des proc\u00e9dures administratives - Dpress.ma\/fr\" \/>\n<meta property=\"og:description\" content=\"Le Chef du gouvernement, Aziz Akhannouch, a appel\u00e9, lundi \u00e0 Rabat, \u00e0 la pr\u00e9paration d\u2019une nouvelle g\u00e9n\u00e9ration de r\u00e9formes li\u00e9es \u00e0 la simplification et \u00e0 la num\u00e9risation des proc\u00e9dures administratives selon un programme de travail pr\u00e9cis.\" \/>\n<meta property=\"og:url\" content=\"https:\/\/dpress.ma\/fr\/2023\/02\/21\/m-akhannouch-appelle-a-une-nouvelle-generation-de-reformes-liees-a-la-simplification-et-a-la-numerisation-des-procedures-administratives\/\" \/>\n<meta property=\"og:site_name\" content=\"Dpress.ma\/fr\" \/>\n<meta property=\"article:published_time\" content=\"2023-02-21T13:28:40+00:00\" \/>\n<meta property=\"article:modified_time\" content=\"2023-02-21T13:28:42+00:00\" \/>\n<meta property=\"og:image\" content=\"https:\/\/dpress.ma\/fr\/wp-content\/uploads\/sites\/2\/2022\/12\/dimensions2-28.jpg\" \/>\n\t<meta property=\"og:image:width\" content=\"2539\" \/>\n\t<meta property=\"og:image:height\" content=\"1594\" \/>\n\t<meta property=\"og:image:type\" content=\"image\/jpeg\" \/>\n<meta name=\"author\" content=\"Dpress.ma\" \/>\n<meta name=\"twitter:card\" content=\"summary_large_image\" \/>\n<meta name=\"twitter:label1\" content=\"\u00c9crit par\" \/>\n\t<meta name=\"twitter:data1\" content=\"Dpress.ma\" \/>\n\t<meta name=\"twitter:label2\" content=\"Dur\u00e9e de lecture estim\u00e9e\" \/>\n\t<meta name=\"twitter:data2\" content=\"3 minutes\" \/>\n<script type=\"application\/ld+json\" class=\"yoast-schema-graph\">{\"@context\":\"https:\\\/\\\/schema.org\",\"@graph\":[{\"@type\":\"Article\",\"@id\":\"https:\\\/\\\/dpress.ma\\\/fr\\\/2023\\\/02\\\/21\\\/m-akhannouch-appelle-a-une-nouvelle-generation-de-reformes-liees-a-la-simplification-et-a-la-numerisation-des-procedures-administratives\\\/#article\",\"isPartOf\":{\"@id\":\"https:\\\/\\\/dpress.ma\\\/fr\\\/2023\\\/02\\\/21\\\/m-akhannouch-appelle-a-une-nouvelle-generation-de-reformes-liees-a-la-simplification-et-a-la-numerisation-des-procedures-administratives\\\/\"},\"author\":{\"name\":\"Dpress.ma\",\"@id\":\"https:\\\/\\\/dpress.ma\\\/fr\\\/#\\\/schema\\\/person\\\/4898febf3ccd59e6578d838656a306a0\"},\"headline\":\"M. Akhannouch appelle \u00e0 une nouvelle g\u00e9n\u00e9ration de r\u00e9formes li\u00e9es \u00e0 la simplification et \u00e0 la num\u00e9risation des proc\u00e9dures administratives\",\"datePublished\":\"2023-02-21T13:28:40+00:00\",\"dateModified\":\"2023-02-21T13:28:42+00:00\",\"mainEntityOfPage\":{\"@id\":\"https:\\\/\\\/dpress.ma\\\/fr\\\/2023\\\/02\\\/21\\\/m-akhannouch-appelle-a-une-nouvelle-generation-de-reformes-liees-a-la-simplification-et-a-la-numerisation-des-procedures-administratives\\\/\"},\"wordCount\":647,\"commentCount\":0,\"image\":{\"@id\":\"https:\\\/\\\/dpress.ma\\\/fr\\\/2023\\\/02\\\/21\\\/m-akhannouch-appelle-a-une-nouvelle-generation-de-reformes-liees-a-la-simplification-et-a-la-numerisation-des-procedures-administratives\\\/#primaryimage\"},\"thumbnailUrl\":\"https:\\\/\\\/dpress.ma\\\/fr\\\/wp-content\\\/uploads\\\/sites\\\/2\\\/2022\\\/12\\\/dimensions2-28.jpg\",\"articleSection\":[\"Politiques\"],\"inLanguage\":\"fr-FR\",\"potentialAction\":[{\"@type\":\"CommentAction\",\"name\":\"Comment\",\"target\":[\"https:\\\/\\\/dpress.ma\\\/fr\\\/2023\\\/02\\\/21\\\/m-akhannouch-appelle-a-une-nouvelle-generation-de-reformes-liees-a-la-simplification-et-a-la-numerisation-des-procedures-administratives\\\/#respond\"]}]},{\"@type\":\"WebPage\",\"@id\":\"https:\\\/\\\/dpress.ma\\\/fr\\\/2023\\\/02\\\/21\\\/m-akhannouch-appelle-a-une-nouvelle-generation-de-reformes-liees-a-la-simplification-et-a-la-numerisation-des-procedures-administratives\\\/\",\"url\":\"https:\\\/\\\/dpress.ma\\\/fr\\\/2023\\\/02\\\/21\\\/m-akhannouch-appelle-a-une-nouvelle-generation-de-reformes-liees-a-la-simplification-et-a-la-numerisation-des-procedures-administratives\\\/\",\"name\":\"M. Akhannouch appelle \u00e0 une nouvelle g\u00e9n\u00e9ration de r\u00e9formes li\u00e9es \u00e0 la simplification et \u00e0 la num\u00e9risation des proc\u00e9dures administratives - Dpress.ma\\\/fr\",\"isPartOf\":{\"@id\":\"https:\\\/\\\/dpress.ma\\\/fr\\\/#website\"},\"primaryImageOfPage\":{\"@id\":\"https:\\\/\\\/dpress.ma\\\/fr\\\/2023\\\/02\\\/21\\\/m-akhannouch-appelle-a-une-nouvelle-generation-de-reformes-liees-a-la-simplification-et-a-la-numerisation-des-procedures-administratives\\\/#primaryimage\"},\"image\":{\"@id\":\"https:\\\/\\\/dpress.ma\\\/fr\\\/2023\\\/02\\\/21\\\/m-akhannouch-appelle-a-une-nouvelle-generation-de-reformes-liees-a-la-simplification-et-a-la-numerisation-des-procedures-administratives\\\/#primaryimage\"},\"thumbnailUrl\":\"https:\\\/\\\/dpress.ma\\\/fr\\\/wp-content\\\/uploads\\\/sites\\\/2\\\/2022\\\/12\\\/dimensions2-28.jpg\",\"datePublished\":\"2023-02-21T13:28:40+00:00\",\"dateModified\":\"2023-02-21T13:28:42+00:00\",\"author\":{\"@id\":\"https:\\\/\\\/dpress.ma\\\/fr\\\/#\\\/schema\\\/person\\\/4898febf3ccd59e6578d838656a306a0\"},\"description\":\"Le Chef du gouvernement, Aziz Akhannouch, a appel\u00e9, lundi \u00e0 Rabat, \u00e0 la pr\u00e9paration d\u2019une nouvelle g\u00e9n\u00e9ration de r\u00e9formes li\u00e9es \u00e0 la simplification et \u00e0 la num\u00e9risation des proc\u00e9dures administratives selon un programme de travail pr\u00e9cis.\",\"breadcrumb\":{\"@id\":\"https:\\\/\\\/dpress.ma\\\/fr\\\/2023\\\/02\\\/21\\\/m-akhannouch-appelle-a-une-nouvelle-generation-de-reformes-liees-a-la-simplification-et-a-la-numerisation-des-procedures-administratives\\\/#breadcrumb\"},\"inLanguage\":\"fr-FR\",\"potentialAction\":[{\"@type\":\"ReadAction\",\"target\":[\"https:\\\/\\\/dpress.ma\\\/fr\\\/2023\\\/02\\\/21\\\/m-akhannouch-appelle-a-une-nouvelle-generation-de-reformes-liees-a-la-simplification-et-a-la-numerisation-des-procedures-administratives\\\/\"]}]},{\"@type\":\"ImageObject\",\"inLanguage\":\"fr-FR\",\"@id\":\"https:\\\/\\\/dpress.ma\\\/fr\\\/2023\\\/02\\\/21\\\/m-akhannouch-appelle-a-une-nouvelle-generation-de-reformes-liees-a-la-simplification-et-a-la-numerisation-des-procedures-administratives\\\/#primaryimage\",\"url\":\"https:\\\/\\\/dpress.ma\\\/fr\\\/wp-content\\\/uploads\\\/sites\\\/2\\\/2022\\\/12\\\/dimensions2-28.jpg\",\"contentUrl\":\"https:\\\/\\\/dpress.ma\\\/fr\\\/wp-content\\\/uploads\\\/sites\\\/2\\\/2022\\\/12\\\/dimensions2-28.jpg\",\"width\":2539,\"height\":1594},{\"@type\":\"BreadcrumbList\",\"@id\":\"https:\\\/\\\/dpress.ma\\\/fr\\\/2023\\\/02\\\/21\\\/m-akhannouch-appelle-a-une-nouvelle-generation-de-reformes-liees-a-la-simplification-et-a-la-numerisation-des-procedures-administratives\\\/#breadcrumb\",\"itemListElement\":[{\"@type\":\"ListItem\",\"position\":1,\"name\":\"Home\",\"item\":\"https:\\\/\\\/dpress.ma\\\/fr\\\/\"},{\"@type\":\"ListItem\",\"position\":2,\"name\":\"M. Akhannouch appelle \u00e0 une nouvelle g\u00e9n\u00e9ration de r\u00e9formes li\u00e9es \u00e0 la simplification et \u00e0 la num\u00e9risation des proc\u00e9dures administratives\"}]},{\"@type\":\"WebSite\",\"@id\":\"https:\\\/\\\/dpress.ma\\\/fr\\\/#website\",\"url\":\"https:\\\/\\\/dpress.ma\\\/fr\\\/\",\"name\":\"Dpress.ma\\\/fr\",\"description\":\"\",\"potentialAction\":[{\"@type\":\"SearchAction\",\"target\":{\"@type\":\"EntryPoint\",\"urlTemplate\":\"https:\\\/\\\/dpress.ma\\\/fr\\\/?s={search_term_string}\"},\"query-input\":{\"@type\":\"PropertyValueSpecification\",\"valueRequired\":true,\"valueName\":\"search_term_string\"}}],\"inLanguage\":\"fr-FR\"},{\"@type\":\"Person\",\"@id\":\"https:\\\/\\\/dpress.ma\\\/fr\\\/#\\\/schema\\\/person\\\/4898febf3ccd59e6578d838656a306a0\",\"name\":\"Dpress.ma\",\"image\":{\"@type\":\"ImageObject\",\"inLanguage\":\"fr-FR\",\"@id\":\"https:\\\/\\\/secure.gravatar.com\\\/avatar\\\/72ecc30e9db047a2e0e7176561eb9d564ed77c8108376495b19bd8336405198a?s=96&d=mm&r=g\",\"url\":\"https:\\\/\\\/secure.gravatar.com\\\/avatar\\\/72ecc30e9db047a2e0e7176561eb9d564ed77c8108376495b19bd8336405198a?s=96&d=mm&r=g\",\"contentUrl\":\"https:\\\/\\\/secure.gravatar.com\\\/avatar\\\/72ecc30e9db047a2e0e7176561eb9d564ed77c8108376495b19bd8336405198a?s=96&d=mm&r=g\",\"caption\":\"Dpress.ma\"},\"sameAs\":[\"https:\\\/\\\/www.dpress.ma\"],\"url\":\"https:\\\/\\\/dpress.ma\\\/fr\\\/author\\\/dpress-ma\\\/\"}]}<\/script>\n<!-- \/ Yoast SEO plugin. -->","yoast_head_json":{"title":"M. Akhannouch appelle \u00e0 une nouvelle g\u00e9n\u00e9ration de r\u00e9formes li\u00e9es \u00e0 la simplification et \u00e0 la num\u00e9risation des proc\u00e9dures administratives - Dpress.ma\/fr","description":"Le Chef du gouvernement, Aziz Akhannouch, a appel\u00e9, lundi \u00e0 Rabat, \u00e0 la pr\u00e9paration d\u2019une nouvelle g\u00e9n\u00e9ration de r\u00e9formes li\u00e9es \u00e0 la simplification et \u00e0 la num\u00e9risation des proc\u00e9dures administratives selon un programme de travail pr\u00e9cis.","robots":{"index":"index","follow":"follow","max-snippet":"max-snippet:-1","max-image-preview":"max-image-preview:large","max-video-preview":"max-video-preview:-1"},"canonical":"https:\/\/dpress.ma\/fr\/2023\/02\/21\/m-akhannouch-appelle-a-une-nouvelle-generation-de-reformes-liees-a-la-simplification-et-a-la-numerisation-des-procedures-administratives\/","og_locale":"fr_FR","og_type":"article","og_title":"M. Akhannouch appelle \u00e0 une nouvelle g\u00e9n\u00e9ration de r\u00e9formes li\u00e9es \u00e0 la simplification et \u00e0 la num\u00e9risation des proc\u00e9dures administratives - Dpress.ma\/fr","og_description":"Le Chef du gouvernement, Aziz Akhannouch, a appel\u00e9, lundi \u00e0 Rabat, \u00e0 la pr\u00e9paration d\u2019une nouvelle g\u00e9n\u00e9ration de r\u00e9formes li\u00e9es \u00e0 la simplification et \u00e0 la num\u00e9risation des proc\u00e9dures administratives selon un programme de travail pr\u00e9cis.","og_url":"https:\/\/dpress.ma\/fr\/2023\/02\/21\/m-akhannouch-appelle-a-une-nouvelle-generation-de-reformes-liees-a-la-simplification-et-a-la-numerisation-des-procedures-administratives\/","og_site_name":"Dpress.ma\/fr","article_published_time":"2023-02-21T13:28:40+00:00","article_modified_time":"2023-02-21T13:28:42+00:00","og_image":[{"width":2539,"height":1594,"url":"https:\/\/dpress.ma\/fr\/wp-content\/uploads\/sites\/2\/2022\/12\/dimensions2-28.jpg","type":"image\/jpeg"}],"author":"Dpress.ma","twitter_card":"summary_large_image","twitter_misc":{"\u00c9crit par":"Dpress.ma","Dur\u00e9e de lecture estim\u00e9e":"3 minutes"},"schema":{"@context":"https:\/\/schema.org","@graph":[{"@type":"Article","@id":"https:\/\/dpress.ma\/fr\/2023\/02\/21\/m-akhannouch-appelle-a-une-nouvelle-generation-de-reformes-liees-a-la-simplification-et-a-la-numerisation-des-procedures-administratives\/#article","isPartOf":{"@id":"https:\/\/dpress.ma\/fr\/2023\/02\/21\/m-akhannouch-appelle-a-une-nouvelle-generation-de-reformes-liees-a-la-simplification-et-a-la-numerisation-des-procedures-administratives\/"},"author":{"name":"Dpress.ma","@id":"https:\/\/dpress.ma\/fr\/#\/schema\/person\/4898febf3ccd59e6578d838656a306a0"},"headline":"M. Akhannouch appelle \u00e0 une nouvelle g\u00e9n\u00e9ration de r\u00e9formes li\u00e9es \u00e0 la simplification et \u00e0 la num\u00e9risation des proc\u00e9dures administratives","datePublished":"2023-02-21T13:28:40+00:00","dateModified":"2023-02-21T13:28:42+00:00","mainEntityOfPage":{"@id":"https:\/\/dpress.ma\/fr\/2023\/02\/21\/m-akhannouch-appelle-a-une-nouvelle-generation-de-reformes-liees-a-la-simplification-et-a-la-numerisation-des-procedures-administratives\/"},"wordCount":647,"commentCount":0,"image":{"@id":"https:\/\/dpress.ma\/fr\/2023\/02\/21\/m-akhannouch-appelle-a-une-nouvelle-generation-de-reformes-liees-a-la-simplification-et-a-la-numerisation-des-procedures-administratives\/#primaryimage"},"thumbnailUrl":"https:\/\/dpress.ma\/fr\/wp-content\/uploads\/sites\/2\/2022\/12\/dimensions2-28.jpg","articleSection":["Politiques"],"inLanguage":"fr-FR","potentialAction":[{"@type":"CommentAction","name":"Comment","target":["https:\/\/dpress.ma\/fr\/2023\/02\/21\/m-akhannouch-appelle-a-une-nouvelle-generation-de-reformes-liees-a-la-simplification-et-a-la-numerisation-des-procedures-administratives\/#respond"]}]},{"@type":"WebPage","@id":"https:\/\/dpress.ma\/fr\/2023\/02\/21\/m-akhannouch-appelle-a-une-nouvelle-generation-de-reformes-liees-a-la-simplification-et-a-la-numerisation-des-procedures-administratives\/","url":"https:\/\/dpress.ma\/fr\/2023\/02\/21\/m-akhannouch-appelle-a-une-nouvelle-generation-de-reformes-liees-a-la-simplification-et-a-la-numerisation-des-procedures-administratives\/","name":"M. Akhannouch appelle \u00e0 une nouvelle g\u00e9n\u00e9ration de r\u00e9formes li\u00e9es \u00e0 la simplification et \u00e0 la num\u00e9risation des proc\u00e9dures administratives - Dpress.ma\/fr","isPartOf":{"@id":"https:\/\/dpress.ma\/fr\/#website"},"primaryImageOfPage":{"@id":"https:\/\/dpress.ma\/fr\/2023\/02\/21\/m-akhannouch-appelle-a-une-nouvelle-generation-de-reformes-liees-a-la-simplification-et-a-la-numerisation-des-procedures-administratives\/#primaryimage"},"image":{"@id":"https:\/\/dpress.ma\/fr\/2023\/02\/21\/m-akhannouch-appelle-a-une-nouvelle-generation-de-reformes-liees-a-la-simplification-et-a-la-numerisation-des-procedures-administratives\/#primaryimage"},"thumbnailUrl":"https:\/\/dpress.ma\/fr\/wp-content\/uploads\/sites\/2\/2022\/12\/dimensions2-28.jpg","datePublished":"2023-02-21T13:28:40+00:00","dateModified":"2023-02-21T13:28:42+00:00","author":{"@id":"https:\/\/dpress.ma\/fr\/#\/schema\/person\/4898febf3ccd59e6578d838656a306a0"},"description":"Le Chef du gouvernement, Aziz Akhannouch, a appel\u00e9, lundi \u00e0 Rabat, \u00e0 la pr\u00e9paration d\u2019une nouvelle g\u00e9n\u00e9ration de r\u00e9formes li\u00e9es \u00e0 la simplification et \u00e0 la num\u00e9risation des proc\u00e9dures administratives selon un programme de travail pr\u00e9cis.","breadcrumb":{"@id":"https:\/\/dpress.ma\/fr\/2023\/02\/21\/m-akhannouch-appelle-a-une-nouvelle-generation-de-reformes-liees-a-la-simplification-et-a-la-numerisation-des-procedures-administratives\/#breadcrumb"},"inLanguage":"fr-FR","potentialAction":[{"@type":"ReadAction","target":["https:\/\/dpress.ma\/fr\/2023\/02\/21\/m-akhannouch-appelle-a-une-nouvelle-generation-de-reformes-liees-a-la-simplification-et-a-la-numerisation-des-procedures-administratives\/"]}]},{"@type":"ImageObject","inLanguage":"fr-FR","@id":"https:\/\/dpress.ma\/fr\/2023\/02\/21\/m-akhannouch-appelle-a-une-nouvelle-generation-de-reformes-liees-a-la-simplification-et-a-la-numerisation-des-procedures-administratives\/#primaryimage","url":"https:\/\/dpress.ma\/fr\/wp-content\/uploads\/sites\/2\/2022\/12\/dimensions2-28.jpg","contentUrl":"https:\/\/dpress.ma\/fr\/wp-content\/uploads\/sites\/2\/2022\/12\/dimensions2-28.jpg","width":2539,"height":1594},{"@type":"BreadcrumbList","@id":"https:\/\/dpress.ma\/fr\/2023\/02\/21\/m-akhannouch-appelle-a-une-nouvelle-generation-de-reformes-liees-a-la-simplification-et-a-la-numerisation-des-procedures-administratives\/#breadcrumb","itemListElement":[{"@type":"ListItem","position":1,"name":"Home","item":"https:\/\/dpress.ma\/fr\/"},{"@type":"ListItem","position":2,"name":"M. Akhannouch appelle \u00e0 une nouvelle g\u00e9n\u00e9ration de r\u00e9formes li\u00e9es \u00e0 la simplification et \u00e0 la num\u00e9risation des proc\u00e9dures administratives"}]},{"@type":"WebSite","@id":"https:\/\/dpress.ma\/fr\/#website","url":"https:\/\/dpress.ma\/fr\/","name":"Dpress.ma\/fr","description":"","potentialAction":[{"@type":"SearchAction","target":{"@type":"EntryPoint","urlTemplate":"https:\/\/dpress.ma\/fr\/?s={search_term_string}"},"query-input":{"@type":"PropertyValueSpecification","valueRequired":true,"valueName":"search_term_string"}}],"inLanguage":"fr-FR"},{"@type":"Person","@id":"https:\/\/dpress.ma\/fr\/#\/schema\/person\/4898febf3ccd59e6578d838656a306a0","name":"Dpress.ma","image":{"@type":"ImageObject","inLanguage":"fr-FR","@id":"https:\/\/secure.gravatar.com\/avatar\/72ecc30e9db047a2e0e7176561eb9d564ed77c8108376495b19bd8336405198a?s=96&d=mm&r=g","url":"https:\/\/secure.gravatar.com\/avatar\/72ecc30e9db047a2e0e7176561eb9d564ed77c8108376495b19bd8336405198a?s=96&d=mm&r=g","contentUrl":"https:\/\/secure.gravatar.com\/avatar\/72ecc30e9db047a2e0e7176561eb9d564ed77c8108376495b19bd8336405198a?s=96&d=mm&r=g","caption":"Dpress.ma"},"sameAs":["https:\/\/www.dpress.ma"],"url":"https:\/\/dpress.ma\/fr\/author\/dpress-ma\/"}]}},"amp_enabled":true,"_links":{"self":[{"href":"https:\/\/dpress.ma\/fr\/wp-json\/wp\/v2\/posts\/3736","targetHints":{"allow":["GET"]}}],"collection":[{"href":"https:\/\/dpress.ma\/fr\/wp-json\/wp\/v2\/posts"}],"about":[{"href":"https:\/\/dpress.ma\/fr\/wp-json\/wp\/v2\/types\/post"}],"author":[{"embeddable":true,"href":"https:\/\/dpress.ma\/fr\/wp-json\/wp\/v2\/users\/2"}],"replies":[{"embeddable":true,"href":"https:\/\/dpress.ma\/fr\/wp-json\/wp\/v2\/comments?post=3736"}],"version-history":[{"count":1,"href":"https:\/\/dpress.ma\/fr\/wp-json\/wp\/v2\/posts\/3736\/revisions"}],"predecessor-version":[{"id":3737,"href":"https:\/\/dpress.ma\/fr\/wp-json\/wp\/v2\/posts\/3736\/revisions\/3737"}],"wp:featuredmedia":[{"embeddable":true,"href":"https:\/\/dpress.ma\/fr\/wp-json\/wp\/v2\/media\/2821"}],"wp:attachment":[{"href":"https:\/\/dpress.ma\/fr\/wp-json\/wp\/v2\/media?parent=3736"}],"wp:term":[{"taxonomy":"category","embeddable":true,"href":"https:\/\/dpress.ma\/fr\/wp-json\/wp\/v2\/categories?post=3736"},{"taxonomy":"post_tag","embeddable":true,"href":"https:\/\/dpress.ma\/fr\/wp-json\/wp\/v2\/tags?post=3736"}],"curies":[{"name":"wp","href":"https:\/\/api.w.org\/{rel}","templated":true}]}}