{"id":3734,"date":"2023-02-21T13:24:31","date_gmt":"2023-02-21T13:24:31","guid":{"rendered":"https:\/\/dpress.ma\/fr\/?p=3734"},"modified":"2023-02-21T13:24:32","modified_gmt":"2023-02-21T13:24:32","slug":"chambre-des-conseillers-ouverture-de-la-7eme-edition-du-forum-parlementaire-international-sur-la-justice-sociale","status":"publish","type":"post","link":"https:\/\/dpress.ma\/fr\/2023\/02\/21\/chambre-des-conseillers-ouverture-de-la-7eme-edition-du-forum-parlementaire-international-sur-la-justice-sociale\/","title":{"rendered":"Chambre des Conseillers: Ouverture de la 7\u00e8me \u00e9dition du Forum parlementaire international sur la justice sociale"},"content":{"rendered":"\n<p>Dpress<\/p>\n\n\n\n<p>&nbsp;Les travaux de la 7\u00e8me \u00e9dition du Forum parlementaire international sur la justice sociale se sont ouverts, mardi \u00e0 Rabat sous le th\u00e8me \u201cCapital humain: un levier fondamental de la justice sociale\u201d.<\/p>\n\n\n\n<p>Initi\u00e9e par la Chambre des Conseillers en partenariat avec le Conseil \u00e9conomique, social et environnemental (CESE), la session inaugurale de cette \u00e9dition a \u00e9t\u00e9 marqu\u00e9e par la pr\u00e9sence notamment du pr\u00e9sident de la Chambre des Conseillers, Enaam Mayara, du pr\u00e9sident de la Chambre des Repr\u00e9sentants, Rachid Talbi Alami et des membres du gouvernement outre le pr\u00e9sident du CESE, Ahmed Rida Chami.<\/p>\n\n\n\n<p>Le choix du th\u00e8me \u201ccapital humain\u201d pour cette \u00e9dition, organis\u00e9e sous le Haut Patronage de SM le Roi Mohammed VI et en c\u00e9l\u00e9bration de la Journ\u00e9e internationale de la justice sociale (20 f\u00e9vrier), s\u2019inscrit dans le cadre de l\u2019interaction institutionnelle continue de la Chambre des Conseillers avec les directives royales \u00e9clair\u00e9es sur les questions li\u00e9es \u00e0 la justice sociale.<\/p>\n\n\n\n<p>Il s\u2019inscrit \u00e9galement dans le cadre de l\u2019accompagnement du projet de mise en \u0153uvre du nouveau mod\u00e8le de d\u00e9veloppement, qui conforte les principes et valeurs de la libert\u00e9, de la justice sociale, de l\u2019\u00e9galit\u00e9 et de la solidarit\u00e9, et repose sur les fondements essentiels et n\u00e9cessaires pour relever les d\u00e9fis socio-\u00e9conomiques.<\/p>\n\n\n\n<p>A cette occasion, la Chambre des Conseillers a soulign\u00e9 l\u2019importance du renforcement du capital humain \u00e9tant donn\u00e9 que le citoyen repr\u00e9sente une richesse importante et une contribution essentielle au d\u00e9veloppement durable, que le Maroc veille \u00e0 r\u00e9aliser \u00e0 travers la cons\u00e9cration constitutionnelle de la dimension sociale et l\u2019adh\u00e9sion s\u00e9rieuse \u00e0 la r\u00e9alisation des objectifs du mill\u00e9naire pour le d\u00e9veloppement (2000-2015), ainsi que les Objectifs du d\u00e9veloppement durable (2016-2030), notant qu\u2019un progr\u00e8s significatif a \u00e9t\u00e9 r\u00e9alis\u00e9 en la mati\u00e8re, particuli\u00e8rement pour ce qui est de la g\u00e9n\u00e9ralisation de la scolarisation de base et l\u2019\u00e9largissement des services de sant\u00e9.<\/p>\n\n\n\n<p>En vue d\u2019approfondir le d\u00e9bat et la r\u00e9flexion collective concernant les moyens de renforcer le capital humain \u00e0 m\u00eame d\u2019instaurer la justice sociale et de promouvoir la mise en \u0153uvre du nouveau mod\u00e8le de d\u00e9veloppement du Royaume, les travaux du forum se penchent sur quatre axes. Il s\u2019agit de \u201cla g\u00e9n\u00e9ralisation des services de sant\u00e9 de qualit\u00e9 et de la protection sociale\u201d, \u201cles d\u00e9fis d\u2019am\u00e9lioration du syst\u00e8me d\u2019\u00e9ducation et d\u2019enseignement\u201d, \u201cle renforcement des ressources humaines dans les milieux professionnels : levier de la promotion de la prosp\u00e9rit\u00e9 \u00e9conomique et sociale pour tous\u201d et \u201cla diversit\u00e9 culturelle et d\u00e9fis de l\u2019\u00e9dification d\u2019une soci\u00e9t\u00e9 ouverte et coh\u00e9sive\u201d.<\/p>\n\n\n\n<p>Cet \u00e9v\u00e8nement connait la participation de plusieurs responsables gouvernementaux, des parlementaires, d\u2019experts et d\u2019universitaires, ainsi que des repr\u00e9sentants des instances politiques et des organisations professionnelles et syndicales.<\/p>\n\n\n\n<p>En cons\u00e9cration de la dimension internationale port\u00e9e par ce Forum, cette \u00e9dition est aussi marqu\u00e9e par la participation d\u2019une importante d\u00e9l\u00e9gation de la R\u00e9publique de l\u2019Uruguay, du directeur g\u00e9n\u00e9ral de l\u2019ICESCO, Salem Ben Mohamed El Malek, de la Pr\u00e9sidente du Conseil des droits de l\u2019Homme (CNDH), Amina Bouayach, ainsi que des repr\u00e9sentants des organismes de l\u2019ONU au Maroc, aux c\u00f4t\u00e9s du pr\u00e9sident de l\u2019Union interparlementaire qui interviendra par visioconf\u00e9rence.<\/p>\n","protected":false},"excerpt":{"rendered":"<p>Dpress &nbsp;Les travaux de la 7\u00e8me \u00e9dition du Forum parlementaire international sur la justice sociale se sont ouverts, mardi \u00e0 Rabat sous le th\u00e8me \u201cCapital humain: un levier fondamental de la justice sociale\u201d. Initi\u00e9e par la Chambre des Conseillers en partenariat avec le Conseil \u00e9conomique, social et environnemental (CESE), la session inaugurale de cette \u00e9dition &hellip;<\/p>\n","protected":false},"author":2,"featured_media":3528,"comment_status":"open","ping_status":"open","sticky":false,"template":"","format":"standard","meta":{"footnotes":""},"categories":[26],"tags":[],"class_list":["post-3734","post","type-post","status-publish","format-standard","has-post-thumbnail","hentry","category-politiques"],"yoast_head":"<!-- This site is optimized with the Yoast SEO plugin v27.5 - https:\/\/yoast.com\/product\/yoast-seo-wordpress\/ -->\n<title>Chambre des Conseillers: Ouverture de la 7\u00e8me \u00e9dition du Forum parlementaire international sur la justice sociale - Dpress.ma\/fr<\/title>\n<meta name=\"description\" content=\"Les travaux de la 7\u00e8me \u00e9dition du Forum parlementaire international sur la justice sociale se sont ouverts, mardi \u00e0 Rabat sous le th\u00e8me \u201cCapital humain: un levier fondamental de la justice sociale\u201d.\" \/>\n<meta name=\"robots\" content=\"index, follow, max-snippet:-1, max-image-preview:large, max-video-preview:-1\" \/>\n<link rel=\"canonical\" href=\"https:\/\/dpress.ma\/fr\/2023\/02\/21\/chambre-des-conseillers-ouverture-de-la-7eme-edition-du-forum-parlementaire-international-sur-la-justice-sociale\/\" \/>\n<meta property=\"og:locale\" content=\"fr_FR\" \/>\n<meta property=\"og:type\" content=\"article\" \/>\n<meta property=\"og:title\" content=\"Chambre des Conseillers: Ouverture de la 7\u00e8me \u00e9dition du Forum parlementaire international sur la justice sociale - Dpress.ma\/fr\" \/>\n<meta property=\"og:description\" content=\"Les travaux de la 7\u00e8me \u00e9dition du Forum parlementaire international sur la justice sociale se sont ouverts, mardi \u00e0 Rabat sous le th\u00e8me \u201cCapital humain: un levier fondamental de la justice sociale\u201d.\" \/>\n<meta property=\"og:url\" content=\"https:\/\/dpress.ma\/fr\/2023\/02\/21\/chambre-des-conseillers-ouverture-de-la-7eme-edition-du-forum-parlementaire-international-sur-la-justice-sociale\/\" \/>\n<meta property=\"og:site_name\" content=\"Dpress.ma\/fr\" \/>\n<meta property=\"article:published_time\" content=\"2023-02-21T13:24:31+00:00\" \/>\n<meta property=\"article:modified_time\" content=\"2023-02-21T13:24:32+00:00\" \/>\n<meta property=\"og:image\" content=\"https:\/\/dpress.ma\/fr\/wp-content\/uploads\/sites\/2\/2023\/02\/dimensions2-18.jpg\" \/>\n\t<meta property=\"og:image:width\" content=\"2539\" \/>\n\t<meta property=\"og:image:height\" content=\"1594\" \/>\n\t<meta property=\"og:image:type\" content=\"image\/jpeg\" \/>\n<meta name=\"author\" content=\"Dpress.ma\" \/>\n<meta name=\"twitter:card\" content=\"summary_large_image\" \/>\n<meta name=\"twitter:label1\" content=\"\u00c9crit par\" \/>\n\t<meta name=\"twitter:data1\" content=\"Dpress.ma\" \/>\n\t<meta name=\"twitter:label2\" content=\"Dur\u00e9e de lecture estim\u00e9e\" \/>\n\t<meta name=\"twitter:data2\" content=\"3 minutes\" \/>\n<script type=\"application\/ld+json\" class=\"yoast-schema-graph\">{\"@context\":\"https:\\\/\\\/schema.org\",\"@graph\":[{\"@type\":\"Article\",\"@id\":\"https:\\\/\\\/dpress.ma\\\/fr\\\/2023\\\/02\\\/21\\\/chambre-des-conseillers-ouverture-de-la-7eme-edition-du-forum-parlementaire-international-sur-la-justice-sociale\\\/#article\",\"isPartOf\":{\"@id\":\"https:\\\/\\\/dpress.ma\\\/fr\\\/2023\\\/02\\\/21\\\/chambre-des-conseillers-ouverture-de-la-7eme-edition-du-forum-parlementaire-international-sur-la-justice-sociale\\\/\"},\"author\":{\"name\":\"Dpress.ma\",\"@id\":\"https:\\\/\\\/dpress.ma\\\/fr\\\/#\\\/schema\\\/person\\\/4898febf3ccd59e6578d838656a306a0\"},\"headline\":\"Chambre des Conseillers: Ouverture de la 7\u00e8me \u00e9dition du Forum parlementaire international sur la justice sociale\",\"datePublished\":\"2023-02-21T13:24:31+00:00\",\"dateModified\":\"2023-02-21T13:24:32+00:00\",\"mainEntityOfPage\":{\"@id\":\"https:\\\/\\\/dpress.ma\\\/fr\\\/2023\\\/02\\\/21\\\/chambre-des-conseillers-ouverture-de-la-7eme-edition-du-forum-parlementaire-international-sur-la-justice-sociale\\\/\"},\"wordCount\":603,\"commentCount\":0,\"image\":{\"@id\":\"https:\\\/\\\/dpress.ma\\\/fr\\\/2023\\\/02\\\/21\\\/chambre-des-conseillers-ouverture-de-la-7eme-edition-du-forum-parlementaire-international-sur-la-justice-sociale\\\/#primaryimage\"},\"thumbnailUrl\":\"https:\\\/\\\/dpress.ma\\\/fr\\\/wp-content\\\/uploads\\\/sites\\\/2\\\/2023\\\/02\\\/dimensions2-18.jpg\",\"articleSection\":[\"Politiques\"],\"inLanguage\":\"fr-FR\",\"potentialAction\":[{\"@type\":\"CommentAction\",\"name\":\"Comment\",\"target\":[\"https:\\\/\\\/dpress.ma\\\/fr\\\/2023\\\/02\\\/21\\\/chambre-des-conseillers-ouverture-de-la-7eme-edition-du-forum-parlementaire-international-sur-la-justice-sociale\\\/#respond\"]}]},{\"@type\":\"WebPage\",\"@id\":\"https:\\\/\\\/dpress.ma\\\/fr\\\/2023\\\/02\\\/21\\\/chambre-des-conseillers-ouverture-de-la-7eme-edition-du-forum-parlementaire-international-sur-la-justice-sociale\\\/\",\"url\":\"https:\\\/\\\/dpress.ma\\\/fr\\\/2023\\\/02\\\/21\\\/chambre-des-conseillers-ouverture-de-la-7eme-edition-du-forum-parlementaire-international-sur-la-justice-sociale\\\/\",\"name\":\"Chambre des Conseillers: Ouverture de la 7\u00e8me \u00e9dition du Forum parlementaire international sur la justice sociale - Dpress.ma\\\/fr\",\"isPartOf\":{\"@id\":\"https:\\\/\\\/dpress.ma\\\/fr\\\/#website\"},\"primaryImageOfPage\":{\"@id\":\"https:\\\/\\\/dpress.ma\\\/fr\\\/2023\\\/02\\\/21\\\/chambre-des-conseillers-ouverture-de-la-7eme-edition-du-forum-parlementaire-international-sur-la-justice-sociale\\\/#primaryimage\"},\"image\":{\"@id\":\"https:\\\/\\\/dpress.ma\\\/fr\\\/2023\\\/02\\\/21\\\/chambre-des-conseillers-ouverture-de-la-7eme-edition-du-forum-parlementaire-international-sur-la-justice-sociale\\\/#primaryimage\"},\"thumbnailUrl\":\"https:\\\/\\\/dpress.ma\\\/fr\\\/wp-content\\\/uploads\\\/sites\\\/2\\\/2023\\\/02\\\/dimensions2-18.jpg\",\"datePublished\":\"2023-02-21T13:24:31+00:00\",\"dateModified\":\"2023-02-21T13:24:32+00:00\",\"author\":{\"@id\":\"https:\\\/\\\/dpress.ma\\\/fr\\\/#\\\/schema\\\/person\\\/4898febf3ccd59e6578d838656a306a0\"},\"description\":\"Les travaux de la 7\u00e8me \u00e9dition du Forum parlementaire international sur la justice sociale se sont ouverts, mardi \u00e0 Rabat sous le th\u00e8me \u201cCapital humain: un levier fondamental de la justice sociale\u201d.\",\"breadcrumb\":{\"@id\":\"https:\\\/\\\/dpress.ma\\\/fr\\\/2023\\\/02\\\/21\\\/chambre-des-conseillers-ouverture-de-la-7eme-edition-du-forum-parlementaire-international-sur-la-justice-sociale\\\/#breadcrumb\"},\"inLanguage\":\"fr-FR\",\"potentialAction\":[{\"@type\":\"ReadAction\",\"target\":[\"https:\\\/\\\/dpress.ma\\\/fr\\\/2023\\\/02\\\/21\\\/chambre-des-conseillers-ouverture-de-la-7eme-edition-du-forum-parlementaire-international-sur-la-justice-sociale\\\/\"]}]},{\"@type\":\"ImageObject\",\"inLanguage\":\"fr-FR\",\"@id\":\"https:\\\/\\\/dpress.ma\\\/fr\\\/2023\\\/02\\\/21\\\/chambre-des-conseillers-ouverture-de-la-7eme-edition-du-forum-parlementaire-international-sur-la-justice-sociale\\\/#primaryimage\",\"url\":\"https:\\\/\\\/dpress.ma\\\/fr\\\/wp-content\\\/uploads\\\/sites\\\/2\\\/2023\\\/02\\\/dimensions2-18.jpg\",\"contentUrl\":\"https:\\\/\\\/dpress.ma\\\/fr\\\/wp-content\\\/uploads\\\/sites\\\/2\\\/2023\\\/02\\\/dimensions2-18.jpg\",\"width\":2539,\"height\":1594},{\"@type\":\"BreadcrumbList\",\"@id\":\"https:\\\/\\\/dpress.ma\\\/fr\\\/2023\\\/02\\\/21\\\/chambre-des-conseillers-ouverture-de-la-7eme-edition-du-forum-parlementaire-international-sur-la-justice-sociale\\\/#breadcrumb\",\"itemListElement\":[{\"@type\":\"ListItem\",\"position\":1,\"name\":\"Home\",\"item\":\"https:\\\/\\\/dpress.ma\\\/fr\\\/\"},{\"@type\":\"ListItem\",\"position\":2,\"name\":\"Chambre des Conseillers: Ouverture de la 7\u00e8me \u00e9dition du Forum parlementaire international sur la justice sociale\"}]},{\"@type\":\"WebSite\",\"@id\":\"https:\\\/\\\/dpress.ma\\\/fr\\\/#website\",\"url\":\"https:\\\/\\\/dpress.ma\\\/fr\\\/\",\"name\":\"Dpress.ma\\\/fr\",\"description\":\"\",\"potentialAction\":[{\"@type\":\"SearchAction\",\"target\":{\"@type\":\"EntryPoint\",\"urlTemplate\":\"https:\\\/\\\/dpress.ma\\\/fr\\\/?s={search_term_string}\"},\"query-input\":{\"@type\":\"PropertyValueSpecification\",\"valueRequired\":true,\"valueName\":\"search_term_string\"}}],\"inLanguage\":\"fr-FR\"},{\"@type\":\"Person\",\"@id\":\"https:\\\/\\\/dpress.ma\\\/fr\\\/#\\\/schema\\\/person\\\/4898febf3ccd59e6578d838656a306a0\",\"name\":\"Dpress.ma\",\"image\":{\"@type\":\"ImageObject\",\"inLanguage\":\"fr-FR\",\"@id\":\"https:\\\/\\\/secure.gravatar.com\\\/avatar\\\/72ecc30e9db047a2e0e7176561eb9d564ed77c8108376495b19bd8336405198a?s=96&d=mm&r=g\",\"url\":\"https:\\\/\\\/secure.gravatar.com\\\/avatar\\\/72ecc30e9db047a2e0e7176561eb9d564ed77c8108376495b19bd8336405198a?s=96&d=mm&r=g\",\"contentUrl\":\"https:\\\/\\\/secure.gravatar.com\\\/avatar\\\/72ecc30e9db047a2e0e7176561eb9d564ed77c8108376495b19bd8336405198a?s=96&d=mm&r=g\",\"caption\":\"Dpress.ma\"},\"sameAs\":[\"https:\\\/\\\/www.dpress.ma\"],\"url\":\"https:\\\/\\\/dpress.ma\\\/fr\\\/author\\\/dpress-ma\\\/\"}]}<\/script>\n<!-- \/ Yoast SEO plugin. -->","yoast_head_json":{"title":"Chambre des Conseillers: Ouverture de la 7\u00e8me \u00e9dition du Forum parlementaire international sur la justice sociale - Dpress.ma\/fr","description":"Les travaux de la 7\u00e8me \u00e9dition du Forum parlementaire international sur la justice sociale se sont ouverts, mardi \u00e0 Rabat sous le th\u00e8me \u201cCapital humain: un levier fondamental de la justice sociale\u201d.","robots":{"index":"index","follow":"follow","max-snippet":"max-snippet:-1","max-image-preview":"max-image-preview:large","max-video-preview":"max-video-preview:-1"},"canonical":"https:\/\/dpress.ma\/fr\/2023\/02\/21\/chambre-des-conseillers-ouverture-de-la-7eme-edition-du-forum-parlementaire-international-sur-la-justice-sociale\/","og_locale":"fr_FR","og_type":"article","og_title":"Chambre des Conseillers: Ouverture de la 7\u00e8me \u00e9dition du Forum parlementaire international sur la justice sociale - Dpress.ma\/fr","og_description":"Les travaux de la 7\u00e8me \u00e9dition du Forum parlementaire international sur la justice sociale se sont ouverts, mardi \u00e0 Rabat sous le th\u00e8me \u201cCapital humain: un levier fondamental de la justice sociale\u201d.","og_url":"https:\/\/dpress.ma\/fr\/2023\/02\/21\/chambre-des-conseillers-ouverture-de-la-7eme-edition-du-forum-parlementaire-international-sur-la-justice-sociale\/","og_site_name":"Dpress.ma\/fr","article_published_time":"2023-02-21T13:24:31+00:00","article_modified_time":"2023-02-21T13:24:32+00:00","og_image":[{"width":2539,"height":1594,"url":"https:\/\/dpress.ma\/fr\/wp-content\/uploads\/sites\/2\/2023\/02\/dimensions2-18.jpg","type":"image\/jpeg"}],"author":"Dpress.ma","twitter_card":"summary_large_image","twitter_misc":{"\u00c9crit par":"Dpress.ma","Dur\u00e9e de lecture estim\u00e9e":"3 minutes"},"schema":{"@context":"https:\/\/schema.org","@graph":[{"@type":"Article","@id":"https:\/\/dpress.ma\/fr\/2023\/02\/21\/chambre-des-conseillers-ouverture-de-la-7eme-edition-du-forum-parlementaire-international-sur-la-justice-sociale\/#article","isPartOf":{"@id":"https:\/\/dpress.ma\/fr\/2023\/02\/21\/chambre-des-conseillers-ouverture-de-la-7eme-edition-du-forum-parlementaire-international-sur-la-justice-sociale\/"},"author":{"name":"Dpress.ma","@id":"https:\/\/dpress.ma\/fr\/#\/schema\/person\/4898febf3ccd59e6578d838656a306a0"},"headline":"Chambre des Conseillers: Ouverture de la 7\u00e8me \u00e9dition du Forum parlementaire international sur la justice sociale","datePublished":"2023-02-21T13:24:31+00:00","dateModified":"2023-02-21T13:24:32+00:00","mainEntityOfPage":{"@id":"https:\/\/dpress.ma\/fr\/2023\/02\/21\/chambre-des-conseillers-ouverture-de-la-7eme-edition-du-forum-parlementaire-international-sur-la-justice-sociale\/"},"wordCount":603,"commentCount":0,"image":{"@id":"https:\/\/dpress.ma\/fr\/2023\/02\/21\/chambre-des-conseillers-ouverture-de-la-7eme-edition-du-forum-parlementaire-international-sur-la-justice-sociale\/#primaryimage"},"thumbnailUrl":"https:\/\/dpress.ma\/fr\/wp-content\/uploads\/sites\/2\/2023\/02\/dimensions2-18.jpg","articleSection":["Politiques"],"inLanguage":"fr-FR","potentialAction":[{"@type":"CommentAction","name":"Comment","target":["https:\/\/dpress.ma\/fr\/2023\/02\/21\/chambre-des-conseillers-ouverture-de-la-7eme-edition-du-forum-parlementaire-international-sur-la-justice-sociale\/#respond"]}]},{"@type":"WebPage","@id":"https:\/\/dpress.ma\/fr\/2023\/02\/21\/chambre-des-conseillers-ouverture-de-la-7eme-edition-du-forum-parlementaire-international-sur-la-justice-sociale\/","url":"https:\/\/dpress.ma\/fr\/2023\/02\/21\/chambre-des-conseillers-ouverture-de-la-7eme-edition-du-forum-parlementaire-international-sur-la-justice-sociale\/","name":"Chambre des Conseillers: Ouverture de la 7\u00e8me \u00e9dition du Forum parlementaire international sur la justice sociale - Dpress.ma\/fr","isPartOf":{"@id":"https:\/\/dpress.ma\/fr\/#website"},"primaryImageOfPage":{"@id":"https:\/\/dpress.ma\/fr\/2023\/02\/21\/chambre-des-conseillers-ouverture-de-la-7eme-edition-du-forum-parlementaire-international-sur-la-justice-sociale\/#primaryimage"},"image":{"@id":"https:\/\/dpress.ma\/fr\/2023\/02\/21\/chambre-des-conseillers-ouverture-de-la-7eme-edition-du-forum-parlementaire-international-sur-la-justice-sociale\/#primaryimage"},"thumbnailUrl":"https:\/\/dpress.ma\/fr\/wp-content\/uploads\/sites\/2\/2023\/02\/dimensions2-18.jpg","datePublished":"2023-02-21T13:24:31+00:00","dateModified":"2023-02-21T13:24:32+00:00","author":{"@id":"https:\/\/dpress.ma\/fr\/#\/schema\/person\/4898febf3ccd59e6578d838656a306a0"},"description":"Les travaux de la 7\u00e8me \u00e9dition du Forum parlementaire international sur la justice sociale se sont ouverts, mardi \u00e0 Rabat sous le th\u00e8me \u201cCapital humain: un levier fondamental de la justice sociale\u201d.","breadcrumb":{"@id":"https:\/\/dpress.ma\/fr\/2023\/02\/21\/chambre-des-conseillers-ouverture-de-la-7eme-edition-du-forum-parlementaire-international-sur-la-justice-sociale\/#breadcrumb"},"inLanguage":"fr-FR","potentialAction":[{"@type":"ReadAction","target":["https:\/\/dpress.ma\/fr\/2023\/02\/21\/chambre-des-conseillers-ouverture-de-la-7eme-edition-du-forum-parlementaire-international-sur-la-justice-sociale\/"]}]},{"@type":"ImageObject","inLanguage":"fr-FR","@id":"https:\/\/dpress.ma\/fr\/2023\/02\/21\/chambre-des-conseillers-ouverture-de-la-7eme-edition-du-forum-parlementaire-international-sur-la-justice-sociale\/#primaryimage","url":"https:\/\/dpress.ma\/fr\/wp-content\/uploads\/sites\/2\/2023\/02\/dimensions2-18.jpg","contentUrl":"https:\/\/dpress.ma\/fr\/wp-content\/uploads\/sites\/2\/2023\/02\/dimensions2-18.jpg","width":2539,"height":1594},{"@type":"BreadcrumbList","@id":"https:\/\/dpress.ma\/fr\/2023\/02\/21\/chambre-des-conseillers-ouverture-de-la-7eme-edition-du-forum-parlementaire-international-sur-la-justice-sociale\/#breadcrumb","itemListElement":[{"@type":"ListItem","position":1,"name":"Home","item":"https:\/\/dpress.ma\/fr\/"},{"@type":"ListItem","position":2,"name":"Chambre des Conseillers: Ouverture de la 7\u00e8me \u00e9dition du Forum parlementaire international sur la justice sociale"}]},{"@type":"WebSite","@id":"https:\/\/dpress.ma\/fr\/#website","url":"https:\/\/dpress.ma\/fr\/","name":"Dpress.ma\/fr","description":"","potentialAction":[{"@type":"SearchAction","target":{"@type":"EntryPoint","urlTemplate":"https:\/\/dpress.ma\/fr\/?s={search_term_string}"},"query-input":{"@type":"PropertyValueSpecification","valueRequired":true,"valueName":"search_term_string"}}],"inLanguage":"fr-FR"},{"@type":"Person","@id":"https:\/\/dpress.ma\/fr\/#\/schema\/person\/4898febf3ccd59e6578d838656a306a0","name":"Dpress.ma","image":{"@type":"ImageObject","inLanguage":"fr-FR","@id":"https:\/\/secure.gravatar.com\/avatar\/72ecc30e9db047a2e0e7176561eb9d564ed77c8108376495b19bd8336405198a?s=96&d=mm&r=g","url":"https:\/\/secure.gravatar.com\/avatar\/72ecc30e9db047a2e0e7176561eb9d564ed77c8108376495b19bd8336405198a?s=96&d=mm&r=g","contentUrl":"https:\/\/secure.gravatar.com\/avatar\/72ecc30e9db047a2e0e7176561eb9d564ed77c8108376495b19bd8336405198a?s=96&d=mm&r=g","caption":"Dpress.ma"},"sameAs":["https:\/\/www.dpress.ma"],"url":"https:\/\/dpress.ma\/fr\/author\/dpress-ma\/"}]}},"amp_enabled":true,"_links":{"self":[{"href":"https:\/\/dpress.ma\/fr\/wp-json\/wp\/v2\/posts\/3734","targetHints":{"allow":["GET"]}}],"collection":[{"href":"https:\/\/dpress.ma\/fr\/wp-json\/wp\/v2\/posts"}],"about":[{"href":"https:\/\/dpress.ma\/fr\/wp-json\/wp\/v2\/types\/post"}],"author":[{"embeddable":true,"href":"https:\/\/dpress.ma\/fr\/wp-json\/wp\/v2\/users\/2"}],"replies":[{"embeddable":true,"href":"https:\/\/dpress.ma\/fr\/wp-json\/wp\/v2\/comments?post=3734"}],"version-history":[{"count":1,"href":"https:\/\/dpress.ma\/fr\/wp-json\/wp\/v2\/posts\/3734\/revisions"}],"predecessor-version":[{"id":3735,"href":"https:\/\/dpress.ma\/fr\/wp-json\/wp\/v2\/posts\/3734\/revisions\/3735"}],"wp:featuredmedia":[{"embeddable":true,"href":"https:\/\/dpress.ma\/fr\/wp-json\/wp\/v2\/media\/3528"}],"wp:attachment":[{"href":"https:\/\/dpress.ma\/fr\/wp-json\/wp\/v2\/media?parent=3734"}],"wp:term":[{"taxonomy":"category","embeddable":true,"href":"https:\/\/dpress.ma\/fr\/wp-json\/wp\/v2\/categories?post=3734"},{"taxonomy":"post_tag","embeddable":true,"href":"https:\/\/dpress.ma\/fr\/wp-json\/wp\/v2\/tags?post=3734"}],"curies":[{"name":"wp","href":"https:\/\/api.w.org\/{rel}","templated":true}]}}