{"id":3731,"date":"2023-02-21T13:22:52","date_gmt":"2023-02-21T13:22:52","guid":{"rendered":"https:\/\/dpress.ma\/fr\/?p=3731"},"modified":"2023-02-21T13:22:54","modified_gmt":"2023-02-21T13:22:54","slug":"m-talbi-el-alami-sentretient-avec-une-delegation-parlementaire-du-senat-uruguayen","status":"publish","type":"post","link":"https:\/\/dpress.ma\/fr\/2023\/02\/21\/m-talbi-el-alami-sentretient-avec-une-delegation-parlementaire-du-senat-uruguayen\/","title":{"rendered":"M. Talbi El Alami s\u2019entretient avec une d\u00e9l\u00e9gation parlementaire du S\u00e9nat uruguayen"},"content":{"rendered":"\n<p>Dpress<\/p>\n\n\n\n<p>Le pr\u00e9sident de la Chambre des repr\u00e9sentants, Rachid Talbi El Alami, s\u2019est entretenu, lundi au si\u00e8ge de la Chambre \u00e0 Rabat, avec une d\u00e9l\u00e9gation parlementaire du S\u00e9nat uruguayen, conduite par le vice-pr\u00e9sident du S\u00e9nat et pr\u00e9sident du Groupe d\u2019amiti\u00e9 parlementaire Uruguay-Maroc, Jorge Gandini.<\/p>\n\n\n\n<p>Les deux parties ont discut\u00e9, lors de cette rencontre, des moyens de renforcer la coop\u00e9ration parlementaire entre les deux pays en institutionnalisant les relations bilat\u00e9rales et multilat\u00e9rales entre les deux institutions l\u00e9gislatives, \u00e0 travers le groupe d\u2019amiti\u00e9 parlementaire, les forums parlementaires bilat\u00e9raux et multilat\u00e9raux, la communication efficace, l\u2019\u00e9change des visites, la r\u00e9flexion sur la cr\u00e9ation d\u2019un espace de dialogue permanent Sud-Sud, et le partage d\u2019expertises et d\u2019exp\u00e9riences, a indiqu\u00e9 la Chambre des Repr\u00e9sentants dans un communiqu\u00e9, notant que les deux parties ont \u00e9galement soulign\u00e9 l\u2019importance du respect l\u2019int\u00e9grit\u00e9 territoriale et la souverainet\u00e9 des \u00c9tats, ainsi que la non-ing\u00e9rence dans leurs affaires int\u00e9rieures.<\/p>\n\n\n\n<p>Cet entretien a \u00e9t\u00e9 l\u2019occasion pour M. Talbi El Alami et la d\u00e9l\u00e9gation parlementaire du S\u00e9nat de la R\u00e9publique orientale de l\u2019Uruguay de discuter des questions d\u2019int\u00e9r\u00eat parlementaire commun, de la situation sur les plans r\u00e9gional et international et des r\u00f4les des Parlements et des parlementaires dans la promotion de la paix et de la s\u00e9curit\u00e9 internationales et dans la r\u00e9alisation du d\u00e9veloppement dans ses diverses dimensions, a poursuivi la m\u00eame source.<\/p>\n\n\n\n<p>Outre M. Gandini, la d\u00e9l\u00e9gation parlementaire du S\u00e9nat de la R\u00e9publique orientale de l\u2019Uruguay est compos\u00e9e des vice-pr\u00e9sidents du Groupe d\u2019amiti\u00e9 Maroc-Uruguay, Germ\u00e1n Coutinho et Varela Carlos, ainsi que des membres Ra\u00fal Lozano, Nancy N\u00fa\u00f1ez, Nicol\u00e1s Viera, Luis Gallo, Alvaro Viviano, Iv\u00e1n Posada et Daniel Pe\u00f1a.<\/p>\n","protected":false},"excerpt":{"rendered":"<p>Dpress Le pr\u00e9sident de la Chambre des repr\u00e9sentants, Rachid Talbi El Alami, s\u2019est entretenu, lundi au si\u00e8ge de la Chambre \u00e0 Rabat, avec une d\u00e9l\u00e9gation parlementaire du S\u00e9nat uruguayen, conduite par le vice-pr\u00e9sident du S\u00e9nat et pr\u00e9sident du Groupe d\u2019amiti\u00e9 parlementaire Uruguay-Maroc, Jorge Gandini. Les deux parties ont discut\u00e9, lors de cette rencontre, des moyens &hellip;<\/p>\n","protected":false},"author":2,"featured_media":3732,"comment_status":"open","ping_status":"open","sticky":false,"template":"","format":"standard","meta":{"footnotes":""},"categories":[34,26],"tags":[],"class_list":["post-3731","post","type-post","status-publish","format-standard","has-post-thumbnail","hentry","category-diplomatie-parlementaire","category-politiques"],"yoast_head":"<!-- This site is optimized with the Yoast SEO plugin v27.5 - https:\/\/yoast.com\/product\/yoast-seo-wordpress\/ -->\n<title>M. Talbi El Alami s\u2019entretient avec une d\u00e9l\u00e9gation parlementaire du S\u00e9nat uruguayen - Dpress.ma\/fr<\/title>\n<meta name=\"description\" content=\"Le pr\u00e9sident de la Chambre des repr\u00e9sentants, Rachid Talbi El Alami, s\u2019est entretenu, lundi au si\u00e8ge de la Chambre \u00e0 Rabat, avec une d\u00e9l\u00e9gation parlementaire du S\u00e9nat uruguayen, conduite par le vice-pr\u00e9sident du S\u00e9nat et pr\u00e9sident du Groupe d\u2019amiti\u00e9 parlementaire Uruguay-Maroc, Jorge Gandini.\" \/>\n<meta name=\"robots\" content=\"index, follow, max-snippet:-1, max-image-preview:large, max-video-preview:-1\" \/>\n<link rel=\"canonical\" href=\"https:\/\/dpress.ma\/fr\/2023\/02\/21\/m-talbi-el-alami-sentretient-avec-une-delegation-parlementaire-du-senat-uruguayen\/\" \/>\n<meta property=\"og:locale\" content=\"fr_FR\" \/>\n<meta property=\"og:type\" content=\"article\" \/>\n<meta property=\"og:title\" content=\"M. Talbi El Alami s\u2019entretient avec une d\u00e9l\u00e9gation parlementaire du S\u00e9nat uruguayen - Dpress.ma\/fr\" \/>\n<meta property=\"og:description\" content=\"Le pr\u00e9sident de la Chambre des repr\u00e9sentants, Rachid Talbi El Alami, s\u2019est entretenu, lundi au si\u00e8ge de la Chambre \u00e0 Rabat, avec une d\u00e9l\u00e9gation parlementaire du S\u00e9nat uruguayen, conduite par le vice-pr\u00e9sident du S\u00e9nat et pr\u00e9sident du Groupe d\u2019amiti\u00e9 parlementaire Uruguay-Maroc, Jorge Gandini.\" \/>\n<meta property=\"og:url\" content=\"https:\/\/dpress.ma\/fr\/2023\/02\/21\/m-talbi-el-alami-sentretient-avec-une-delegation-parlementaire-du-senat-uruguayen\/\" \/>\n<meta property=\"og:site_name\" content=\"Dpress.ma\/fr\" \/>\n<meta property=\"article:published_time\" content=\"2023-02-21T13:22:52+00:00\" \/>\n<meta property=\"article:modified_time\" content=\"2023-02-21T13:22:54+00:00\" \/>\n<meta property=\"og:image\" content=\"https:\/\/dpress.ma\/fr\/wp-content\/uploads\/sites\/2\/2023\/02\/dimensions2-57.jpg\" \/>\n\t<meta property=\"og:image:width\" content=\"2539\" \/>\n\t<meta property=\"og:image:height\" content=\"1594\" \/>\n\t<meta property=\"og:image:type\" content=\"image\/jpeg\" \/>\n<meta name=\"author\" content=\"Dpress.ma\" \/>\n<meta name=\"twitter:card\" content=\"summary_large_image\" \/>\n<meta name=\"twitter:label1\" content=\"\u00c9crit par\" \/>\n\t<meta name=\"twitter:data1\" content=\"Dpress.ma\" \/>\n\t<meta name=\"twitter:label2\" content=\"Dur\u00e9e de lecture estim\u00e9e\" \/>\n\t<meta name=\"twitter:data2\" content=\"2 minutes\" \/>\n<script type=\"application\/ld+json\" class=\"yoast-schema-graph\">{\"@context\":\"https:\\\/\\\/schema.org\",\"@graph\":[{\"@type\":\"Article\",\"@id\":\"https:\\\/\\\/dpress.ma\\\/fr\\\/2023\\\/02\\\/21\\\/m-talbi-el-alami-sentretient-avec-une-delegation-parlementaire-du-senat-uruguayen\\\/#article\",\"isPartOf\":{\"@id\":\"https:\\\/\\\/dpress.ma\\\/fr\\\/2023\\\/02\\\/21\\\/m-talbi-el-alami-sentretient-avec-une-delegation-parlementaire-du-senat-uruguayen\\\/\"},\"author\":{\"name\":\"Dpress.ma\",\"@id\":\"https:\\\/\\\/dpress.ma\\\/fr\\\/#\\\/schema\\\/person\\\/4898febf3ccd59e6578d838656a306a0\"},\"headline\":\"M. Talbi El Alami s\u2019entretient avec une d\u00e9l\u00e9gation parlementaire du S\u00e9nat uruguayen\",\"datePublished\":\"2023-02-21T13:22:52+00:00\",\"dateModified\":\"2023-02-21T13:22:54+00:00\",\"mainEntityOfPage\":{\"@id\":\"https:\\\/\\\/dpress.ma\\\/fr\\\/2023\\\/02\\\/21\\\/m-talbi-el-alami-sentretient-avec-une-delegation-parlementaire-du-senat-uruguayen\\\/\"},\"wordCount\":338,\"commentCount\":0,\"image\":{\"@id\":\"https:\\\/\\\/dpress.ma\\\/fr\\\/2023\\\/02\\\/21\\\/m-talbi-el-alami-sentretient-avec-une-delegation-parlementaire-du-senat-uruguayen\\\/#primaryimage\"},\"thumbnailUrl\":\"https:\\\/\\\/dpress.ma\\\/fr\\\/wp-content\\\/uploads\\\/sites\\\/2\\\/2023\\\/02\\\/dimensions2-57.jpg\",\"articleSection\":[\"Diplomatie Parlementaire\",\"Politiques\"],\"inLanguage\":\"fr-FR\",\"potentialAction\":[{\"@type\":\"CommentAction\",\"name\":\"Comment\",\"target\":[\"https:\\\/\\\/dpress.ma\\\/fr\\\/2023\\\/02\\\/21\\\/m-talbi-el-alami-sentretient-avec-une-delegation-parlementaire-du-senat-uruguayen\\\/#respond\"]}]},{\"@type\":\"WebPage\",\"@id\":\"https:\\\/\\\/dpress.ma\\\/fr\\\/2023\\\/02\\\/21\\\/m-talbi-el-alami-sentretient-avec-une-delegation-parlementaire-du-senat-uruguayen\\\/\",\"url\":\"https:\\\/\\\/dpress.ma\\\/fr\\\/2023\\\/02\\\/21\\\/m-talbi-el-alami-sentretient-avec-une-delegation-parlementaire-du-senat-uruguayen\\\/\",\"name\":\"M. Talbi El Alami s\u2019entretient avec une d\u00e9l\u00e9gation parlementaire du S\u00e9nat uruguayen - Dpress.ma\\\/fr\",\"isPartOf\":{\"@id\":\"https:\\\/\\\/dpress.ma\\\/fr\\\/#website\"},\"primaryImageOfPage\":{\"@id\":\"https:\\\/\\\/dpress.ma\\\/fr\\\/2023\\\/02\\\/21\\\/m-talbi-el-alami-sentretient-avec-une-delegation-parlementaire-du-senat-uruguayen\\\/#primaryimage\"},\"image\":{\"@id\":\"https:\\\/\\\/dpress.ma\\\/fr\\\/2023\\\/02\\\/21\\\/m-talbi-el-alami-sentretient-avec-une-delegation-parlementaire-du-senat-uruguayen\\\/#primaryimage\"},\"thumbnailUrl\":\"https:\\\/\\\/dpress.ma\\\/fr\\\/wp-content\\\/uploads\\\/sites\\\/2\\\/2023\\\/02\\\/dimensions2-57.jpg\",\"datePublished\":\"2023-02-21T13:22:52+00:00\",\"dateModified\":\"2023-02-21T13:22:54+00:00\",\"author\":{\"@id\":\"https:\\\/\\\/dpress.ma\\\/fr\\\/#\\\/schema\\\/person\\\/4898febf3ccd59e6578d838656a306a0\"},\"description\":\"Le pr\u00e9sident de la Chambre des repr\u00e9sentants, Rachid Talbi El Alami, s\u2019est entretenu, lundi au si\u00e8ge de la Chambre \u00e0 Rabat, avec une d\u00e9l\u00e9gation parlementaire du S\u00e9nat uruguayen, conduite par le vice-pr\u00e9sident du S\u00e9nat et pr\u00e9sident du Groupe d\u2019amiti\u00e9 parlementaire Uruguay-Maroc, Jorge Gandini.\",\"breadcrumb\":{\"@id\":\"https:\\\/\\\/dpress.ma\\\/fr\\\/2023\\\/02\\\/21\\\/m-talbi-el-alami-sentretient-avec-une-delegation-parlementaire-du-senat-uruguayen\\\/#breadcrumb\"},\"inLanguage\":\"fr-FR\",\"potentialAction\":[{\"@type\":\"ReadAction\",\"target\":[\"https:\\\/\\\/dpress.ma\\\/fr\\\/2023\\\/02\\\/21\\\/m-talbi-el-alami-sentretient-avec-une-delegation-parlementaire-du-senat-uruguayen\\\/\"]}]},{\"@type\":\"ImageObject\",\"inLanguage\":\"fr-FR\",\"@id\":\"https:\\\/\\\/dpress.ma\\\/fr\\\/2023\\\/02\\\/21\\\/m-talbi-el-alami-sentretient-avec-une-delegation-parlementaire-du-senat-uruguayen\\\/#primaryimage\",\"url\":\"https:\\\/\\\/dpress.ma\\\/fr\\\/wp-content\\\/uploads\\\/sites\\\/2\\\/2023\\\/02\\\/dimensions2-57.jpg\",\"contentUrl\":\"https:\\\/\\\/dpress.ma\\\/fr\\\/wp-content\\\/uploads\\\/sites\\\/2\\\/2023\\\/02\\\/dimensions2-57.jpg\",\"width\":2539,\"height\":1594},{\"@type\":\"BreadcrumbList\",\"@id\":\"https:\\\/\\\/dpress.ma\\\/fr\\\/2023\\\/02\\\/21\\\/m-talbi-el-alami-sentretient-avec-une-delegation-parlementaire-du-senat-uruguayen\\\/#breadcrumb\",\"itemListElement\":[{\"@type\":\"ListItem\",\"position\":1,\"name\":\"Home\",\"item\":\"https:\\\/\\\/dpress.ma\\\/fr\\\/\"},{\"@type\":\"ListItem\",\"position\":2,\"name\":\"M. Talbi El Alami s\u2019entretient avec une d\u00e9l\u00e9gation parlementaire du S\u00e9nat uruguayen\"}]},{\"@type\":\"WebSite\",\"@id\":\"https:\\\/\\\/dpress.ma\\\/fr\\\/#website\",\"url\":\"https:\\\/\\\/dpress.ma\\\/fr\\\/\",\"name\":\"Dpress.ma\\\/fr\",\"description\":\"\",\"potentialAction\":[{\"@type\":\"SearchAction\",\"target\":{\"@type\":\"EntryPoint\",\"urlTemplate\":\"https:\\\/\\\/dpress.ma\\\/fr\\\/?s={search_term_string}\"},\"query-input\":{\"@type\":\"PropertyValueSpecification\",\"valueRequired\":true,\"valueName\":\"search_term_string\"}}],\"inLanguage\":\"fr-FR\"},{\"@type\":\"Person\",\"@id\":\"https:\\\/\\\/dpress.ma\\\/fr\\\/#\\\/schema\\\/person\\\/4898febf3ccd59e6578d838656a306a0\",\"name\":\"Dpress.ma\",\"image\":{\"@type\":\"ImageObject\",\"inLanguage\":\"fr-FR\",\"@id\":\"https:\\\/\\\/secure.gravatar.com\\\/avatar\\\/72ecc30e9db047a2e0e7176561eb9d564ed77c8108376495b19bd8336405198a?s=96&d=mm&r=g\",\"url\":\"https:\\\/\\\/secure.gravatar.com\\\/avatar\\\/72ecc30e9db047a2e0e7176561eb9d564ed77c8108376495b19bd8336405198a?s=96&d=mm&r=g\",\"contentUrl\":\"https:\\\/\\\/secure.gravatar.com\\\/avatar\\\/72ecc30e9db047a2e0e7176561eb9d564ed77c8108376495b19bd8336405198a?s=96&d=mm&r=g\",\"caption\":\"Dpress.ma\"},\"sameAs\":[\"https:\\\/\\\/www.dpress.ma\"],\"url\":\"https:\\\/\\\/dpress.ma\\\/fr\\\/author\\\/dpress-ma\\\/\"}]}<\/script>\n<!-- \/ Yoast SEO plugin. -->","yoast_head_json":{"title":"M. Talbi El Alami s\u2019entretient avec une d\u00e9l\u00e9gation parlementaire du S\u00e9nat uruguayen - Dpress.ma\/fr","description":"Le pr\u00e9sident de la Chambre des repr\u00e9sentants, Rachid Talbi El Alami, s\u2019est entretenu, lundi au si\u00e8ge de la Chambre \u00e0 Rabat, avec une d\u00e9l\u00e9gation parlementaire du S\u00e9nat uruguayen, conduite par le vice-pr\u00e9sident du S\u00e9nat et pr\u00e9sident du Groupe d\u2019amiti\u00e9 parlementaire Uruguay-Maroc, Jorge Gandini.","robots":{"index":"index","follow":"follow","max-snippet":"max-snippet:-1","max-image-preview":"max-image-preview:large","max-video-preview":"max-video-preview:-1"},"canonical":"https:\/\/dpress.ma\/fr\/2023\/02\/21\/m-talbi-el-alami-sentretient-avec-une-delegation-parlementaire-du-senat-uruguayen\/","og_locale":"fr_FR","og_type":"article","og_title":"M. Talbi El Alami s\u2019entretient avec une d\u00e9l\u00e9gation parlementaire du S\u00e9nat uruguayen - Dpress.ma\/fr","og_description":"Le pr\u00e9sident de la Chambre des repr\u00e9sentants, Rachid Talbi El Alami, s\u2019est entretenu, lundi au si\u00e8ge de la Chambre \u00e0 Rabat, avec une d\u00e9l\u00e9gation parlementaire du S\u00e9nat uruguayen, conduite par le vice-pr\u00e9sident du S\u00e9nat et pr\u00e9sident du Groupe d\u2019amiti\u00e9 parlementaire Uruguay-Maroc, Jorge Gandini.","og_url":"https:\/\/dpress.ma\/fr\/2023\/02\/21\/m-talbi-el-alami-sentretient-avec-une-delegation-parlementaire-du-senat-uruguayen\/","og_site_name":"Dpress.ma\/fr","article_published_time":"2023-02-21T13:22:52+00:00","article_modified_time":"2023-02-21T13:22:54+00:00","og_image":[{"width":2539,"height":1594,"url":"https:\/\/dpress.ma\/fr\/wp-content\/uploads\/sites\/2\/2023\/02\/dimensions2-57.jpg","type":"image\/jpeg"}],"author":"Dpress.ma","twitter_card":"summary_large_image","twitter_misc":{"\u00c9crit par":"Dpress.ma","Dur\u00e9e de lecture estim\u00e9e":"2 minutes"},"schema":{"@context":"https:\/\/schema.org","@graph":[{"@type":"Article","@id":"https:\/\/dpress.ma\/fr\/2023\/02\/21\/m-talbi-el-alami-sentretient-avec-une-delegation-parlementaire-du-senat-uruguayen\/#article","isPartOf":{"@id":"https:\/\/dpress.ma\/fr\/2023\/02\/21\/m-talbi-el-alami-sentretient-avec-une-delegation-parlementaire-du-senat-uruguayen\/"},"author":{"name":"Dpress.ma","@id":"https:\/\/dpress.ma\/fr\/#\/schema\/person\/4898febf3ccd59e6578d838656a306a0"},"headline":"M. Talbi El Alami s\u2019entretient avec une d\u00e9l\u00e9gation parlementaire du S\u00e9nat uruguayen","datePublished":"2023-02-21T13:22:52+00:00","dateModified":"2023-02-21T13:22:54+00:00","mainEntityOfPage":{"@id":"https:\/\/dpress.ma\/fr\/2023\/02\/21\/m-talbi-el-alami-sentretient-avec-une-delegation-parlementaire-du-senat-uruguayen\/"},"wordCount":338,"commentCount":0,"image":{"@id":"https:\/\/dpress.ma\/fr\/2023\/02\/21\/m-talbi-el-alami-sentretient-avec-une-delegation-parlementaire-du-senat-uruguayen\/#primaryimage"},"thumbnailUrl":"https:\/\/dpress.ma\/fr\/wp-content\/uploads\/sites\/2\/2023\/02\/dimensions2-57.jpg","articleSection":["Diplomatie Parlementaire","Politiques"],"inLanguage":"fr-FR","potentialAction":[{"@type":"CommentAction","name":"Comment","target":["https:\/\/dpress.ma\/fr\/2023\/02\/21\/m-talbi-el-alami-sentretient-avec-une-delegation-parlementaire-du-senat-uruguayen\/#respond"]}]},{"@type":"WebPage","@id":"https:\/\/dpress.ma\/fr\/2023\/02\/21\/m-talbi-el-alami-sentretient-avec-une-delegation-parlementaire-du-senat-uruguayen\/","url":"https:\/\/dpress.ma\/fr\/2023\/02\/21\/m-talbi-el-alami-sentretient-avec-une-delegation-parlementaire-du-senat-uruguayen\/","name":"M. Talbi El Alami s\u2019entretient avec une d\u00e9l\u00e9gation parlementaire du S\u00e9nat uruguayen - Dpress.ma\/fr","isPartOf":{"@id":"https:\/\/dpress.ma\/fr\/#website"},"primaryImageOfPage":{"@id":"https:\/\/dpress.ma\/fr\/2023\/02\/21\/m-talbi-el-alami-sentretient-avec-une-delegation-parlementaire-du-senat-uruguayen\/#primaryimage"},"image":{"@id":"https:\/\/dpress.ma\/fr\/2023\/02\/21\/m-talbi-el-alami-sentretient-avec-une-delegation-parlementaire-du-senat-uruguayen\/#primaryimage"},"thumbnailUrl":"https:\/\/dpress.ma\/fr\/wp-content\/uploads\/sites\/2\/2023\/02\/dimensions2-57.jpg","datePublished":"2023-02-21T13:22:52+00:00","dateModified":"2023-02-21T13:22:54+00:00","author":{"@id":"https:\/\/dpress.ma\/fr\/#\/schema\/person\/4898febf3ccd59e6578d838656a306a0"},"description":"Le pr\u00e9sident de la Chambre des repr\u00e9sentants, Rachid Talbi El Alami, s\u2019est entretenu, lundi au si\u00e8ge de la Chambre \u00e0 Rabat, avec une d\u00e9l\u00e9gation parlementaire du S\u00e9nat uruguayen, conduite par le vice-pr\u00e9sident du S\u00e9nat et pr\u00e9sident du Groupe d\u2019amiti\u00e9 parlementaire Uruguay-Maroc, Jorge Gandini.","breadcrumb":{"@id":"https:\/\/dpress.ma\/fr\/2023\/02\/21\/m-talbi-el-alami-sentretient-avec-une-delegation-parlementaire-du-senat-uruguayen\/#breadcrumb"},"inLanguage":"fr-FR","potentialAction":[{"@type":"ReadAction","target":["https:\/\/dpress.ma\/fr\/2023\/02\/21\/m-talbi-el-alami-sentretient-avec-une-delegation-parlementaire-du-senat-uruguayen\/"]}]},{"@type":"ImageObject","inLanguage":"fr-FR","@id":"https:\/\/dpress.ma\/fr\/2023\/02\/21\/m-talbi-el-alami-sentretient-avec-une-delegation-parlementaire-du-senat-uruguayen\/#primaryimage","url":"https:\/\/dpress.ma\/fr\/wp-content\/uploads\/sites\/2\/2023\/02\/dimensions2-57.jpg","contentUrl":"https:\/\/dpress.ma\/fr\/wp-content\/uploads\/sites\/2\/2023\/02\/dimensions2-57.jpg","width":2539,"height":1594},{"@type":"BreadcrumbList","@id":"https:\/\/dpress.ma\/fr\/2023\/02\/21\/m-talbi-el-alami-sentretient-avec-une-delegation-parlementaire-du-senat-uruguayen\/#breadcrumb","itemListElement":[{"@type":"ListItem","position":1,"name":"Home","item":"https:\/\/dpress.ma\/fr\/"},{"@type":"ListItem","position":2,"name":"M. Talbi El Alami s\u2019entretient avec une d\u00e9l\u00e9gation parlementaire du S\u00e9nat uruguayen"}]},{"@type":"WebSite","@id":"https:\/\/dpress.ma\/fr\/#website","url":"https:\/\/dpress.ma\/fr\/","name":"Dpress.ma\/fr","description":"","potentialAction":[{"@type":"SearchAction","target":{"@type":"EntryPoint","urlTemplate":"https:\/\/dpress.ma\/fr\/?s={search_term_string}"},"query-input":{"@type":"PropertyValueSpecification","valueRequired":true,"valueName":"search_term_string"}}],"inLanguage":"fr-FR"},{"@type":"Person","@id":"https:\/\/dpress.ma\/fr\/#\/schema\/person\/4898febf3ccd59e6578d838656a306a0","name":"Dpress.ma","image":{"@type":"ImageObject","inLanguage":"fr-FR","@id":"https:\/\/secure.gravatar.com\/avatar\/72ecc30e9db047a2e0e7176561eb9d564ed77c8108376495b19bd8336405198a?s=96&d=mm&r=g","url":"https:\/\/secure.gravatar.com\/avatar\/72ecc30e9db047a2e0e7176561eb9d564ed77c8108376495b19bd8336405198a?s=96&d=mm&r=g","contentUrl":"https:\/\/secure.gravatar.com\/avatar\/72ecc30e9db047a2e0e7176561eb9d564ed77c8108376495b19bd8336405198a?s=96&d=mm&r=g","caption":"Dpress.ma"},"sameAs":["https:\/\/www.dpress.ma"],"url":"https:\/\/dpress.ma\/fr\/author\/dpress-ma\/"}]}},"amp_enabled":true,"_links":{"self":[{"href":"https:\/\/dpress.ma\/fr\/wp-json\/wp\/v2\/posts\/3731","targetHints":{"allow":["GET"]}}],"collection":[{"href":"https:\/\/dpress.ma\/fr\/wp-json\/wp\/v2\/posts"}],"about":[{"href":"https:\/\/dpress.ma\/fr\/wp-json\/wp\/v2\/types\/post"}],"author":[{"embeddable":true,"href":"https:\/\/dpress.ma\/fr\/wp-json\/wp\/v2\/users\/2"}],"replies":[{"embeddable":true,"href":"https:\/\/dpress.ma\/fr\/wp-json\/wp\/v2\/comments?post=3731"}],"version-history":[{"count":1,"href":"https:\/\/dpress.ma\/fr\/wp-json\/wp\/v2\/posts\/3731\/revisions"}],"predecessor-version":[{"id":3733,"href":"https:\/\/dpress.ma\/fr\/wp-json\/wp\/v2\/posts\/3731\/revisions\/3733"}],"wp:featuredmedia":[{"embeddable":true,"href":"https:\/\/dpress.ma\/fr\/wp-json\/wp\/v2\/media\/3732"}],"wp:attachment":[{"href":"https:\/\/dpress.ma\/fr\/wp-json\/wp\/v2\/media?parent=3731"}],"wp:term":[{"taxonomy":"category","embeddable":true,"href":"https:\/\/dpress.ma\/fr\/wp-json\/wp\/v2\/categories?post=3731"},{"taxonomy":"post_tag","embeddable":true,"href":"https:\/\/dpress.ma\/fr\/wp-json\/wp\/v2\/tags?post=3731"}],"curies":[{"name":"wp","href":"https:\/\/api.w.org\/{rel}","templated":true}]}}