{"id":3724,"date":"2023-02-20T17:07:28","date_gmt":"2023-02-20T17:07:28","guid":{"rendered":"https:\/\/dpress.ma\/fr\/?p=3724"},"modified":"2023-02-20T17:07:31","modified_gmt":"2023-02-20T17:07:31","slug":"reunion-jeudi-du-conseil-de-gouvernement-12","status":"publish","type":"post","link":"https:\/\/dpress.ma\/fr\/2023\/02\/20\/reunion-jeudi-du-conseil-de-gouvernement-12\/","title":{"rendered":"R\u00e9union jeudi du Conseil de gouvernement"},"content":{"rendered":"\n<p>Dpress<\/p>\n\n\n\n<p>Un Conseil de gouvernement se r\u00e9unira, jeudi sous la pr\u00e9sidence du Chef du gouvernement, Aziz Akhannouch.<\/p>\n\n\n\n<p>Au d\u00e9but de ses travaux, le Conseil examinera un projet de loi relatif \u00e0 la proc\u00e9dure civile, indique lundi un communiqu\u00e9 du d\u00e9partement du Chef du gouvernement.<\/p>\n\n\n\n<p>Le Conseil examinera par la suite un projet de d\u00e9cret portant loi relatif \u00e0 la dissolution de l\u2019Agence Millennium Challenge Account-Morocco et sa liquidation, avant d\u2019achever ses travaux par l\u2019examen de propositions de nomination \u00e0 de hautes fonctions conform\u00e9ment aux dispositions de l\u2019article 92 de la Constitution.<\/p>\n\n\n\n<p>Le gouvernement tiendra, \u00e0 l\u2019issue des travaux du Conseil, une r\u00e9union d\u00e9di\u00e9e \u00e0 l\u2019examen de certaines propositions de lois, conclut le communiqu\u00e9.<\/p>\n","protected":false},"excerpt":{"rendered":"<p>Dpress Un Conseil de gouvernement se r\u00e9unira, jeudi sous la pr\u00e9sidence du Chef du gouvernement, Aziz Akhannouch. Au d\u00e9but de ses travaux, le Conseil examinera un projet de loi relatif \u00e0 la proc\u00e9dure civile, indique lundi un communiqu\u00e9 du d\u00e9partement du Chef du gouvernement. Le Conseil examinera par la suite un projet de d\u00e9cret portant &hellip;<\/p>\n","protected":false},"author":2,"featured_media":2735,"comment_status":"open","ping_status":"open","sticky":false,"template":"","format":"standard","meta":{"footnotes":""},"categories":[26],"tags":[],"class_list":["post-3724","post","type-post","status-publish","format-standard","has-post-thumbnail","hentry","category-politiques"],"yoast_head":"<!-- This site is optimized with the Yoast SEO plugin v27.5 - https:\/\/yoast.com\/product\/yoast-seo-wordpress\/ -->\n<title>R\u00e9union jeudi du Conseil de gouvernement - Dpress.ma\/fr<\/title>\n<meta name=\"description\" content=\"Un Conseil de gouvernement se r\u00e9unira, jeudi sous la pr\u00e9sidence du Chef du gouvernement, Aziz Akhannouch.\" \/>\n<meta name=\"robots\" content=\"index, follow, max-snippet:-1, max-image-preview:large, max-video-preview:-1\" \/>\n<link rel=\"canonical\" href=\"https:\/\/dpress.ma\/fr\/2023\/02\/20\/reunion-jeudi-du-conseil-de-gouvernement-12\/\" \/>\n<meta property=\"og:locale\" content=\"fr_FR\" \/>\n<meta property=\"og:type\" content=\"article\" \/>\n<meta property=\"og:title\" content=\"R\u00e9union jeudi du Conseil de gouvernement - Dpress.ma\/fr\" \/>\n<meta property=\"og:description\" content=\"Un Conseil de gouvernement se r\u00e9unira, jeudi sous la pr\u00e9sidence du Chef du gouvernement, Aziz Akhannouch.\" \/>\n<meta property=\"og:url\" content=\"https:\/\/dpress.ma\/fr\/2023\/02\/20\/reunion-jeudi-du-conseil-de-gouvernement-12\/\" \/>\n<meta property=\"og:site_name\" content=\"Dpress.ma\/fr\" \/>\n<meta property=\"article:published_time\" content=\"2023-02-20T17:07:28+00:00\" \/>\n<meta property=\"article:modified_time\" content=\"2023-02-20T17:07:31+00:00\" \/>\n<meta property=\"og:image\" content=\"https:\/\/dpress.ma\/fr\/wp-content\/uploads\/sites\/2\/2022\/12\/dimensions2-7.jpg\" \/>\n\t<meta property=\"og:image:width\" content=\"2539\" \/>\n\t<meta property=\"og:image:height\" content=\"1594\" \/>\n\t<meta property=\"og:image:type\" content=\"image\/jpeg\" \/>\n<meta name=\"author\" content=\"Dpress.ma\" \/>\n<meta name=\"twitter:card\" content=\"summary_large_image\" \/>\n<meta name=\"twitter:label1\" content=\"\u00c9crit par\" \/>\n\t<meta name=\"twitter:data1\" content=\"Dpress.ma\" \/>\n\t<meta name=\"twitter:label2\" content=\"Dur\u00e9e de lecture estim\u00e9e\" \/>\n\t<meta name=\"twitter:data2\" content=\"1 minute\" \/>\n<script type=\"application\/ld+json\" class=\"yoast-schema-graph\">{\"@context\":\"https:\\\/\\\/schema.org\",\"@graph\":[{\"@type\":\"Article\",\"@id\":\"https:\\\/\\\/dpress.ma\\\/fr\\\/2023\\\/02\\\/20\\\/reunion-jeudi-du-conseil-de-gouvernement-12\\\/#article\",\"isPartOf\":{\"@id\":\"https:\\\/\\\/dpress.ma\\\/fr\\\/2023\\\/02\\\/20\\\/reunion-jeudi-du-conseil-de-gouvernement-12\\\/\"},\"author\":{\"name\":\"Dpress.ma\",\"@id\":\"https:\\\/\\\/dpress.ma\\\/fr\\\/#\\\/schema\\\/person\\\/4898febf3ccd59e6578d838656a306a0\"},\"headline\":\"R\u00e9union jeudi du Conseil de gouvernement\",\"datePublished\":\"2023-02-20T17:07:28+00:00\",\"dateModified\":\"2023-02-20T17:07:31+00:00\",\"mainEntityOfPage\":{\"@id\":\"https:\\\/\\\/dpress.ma\\\/fr\\\/2023\\\/02\\\/20\\\/reunion-jeudi-du-conseil-de-gouvernement-12\\\/\"},\"wordCount\":130,\"commentCount\":0,\"image\":{\"@id\":\"https:\\\/\\\/dpress.ma\\\/fr\\\/2023\\\/02\\\/20\\\/reunion-jeudi-du-conseil-de-gouvernement-12\\\/#primaryimage\"},\"thumbnailUrl\":\"https:\\\/\\\/dpress.ma\\\/fr\\\/wp-content\\\/uploads\\\/sites\\\/2\\\/2022\\\/12\\\/dimensions2-7.jpg\",\"articleSection\":[\"Politiques\"],\"inLanguage\":\"fr-FR\",\"potentialAction\":[{\"@type\":\"CommentAction\",\"name\":\"Comment\",\"target\":[\"https:\\\/\\\/dpress.ma\\\/fr\\\/2023\\\/02\\\/20\\\/reunion-jeudi-du-conseil-de-gouvernement-12\\\/#respond\"]}]},{\"@type\":\"WebPage\",\"@id\":\"https:\\\/\\\/dpress.ma\\\/fr\\\/2023\\\/02\\\/20\\\/reunion-jeudi-du-conseil-de-gouvernement-12\\\/\",\"url\":\"https:\\\/\\\/dpress.ma\\\/fr\\\/2023\\\/02\\\/20\\\/reunion-jeudi-du-conseil-de-gouvernement-12\\\/\",\"name\":\"R\u00e9union jeudi du Conseil de gouvernement - Dpress.ma\\\/fr\",\"isPartOf\":{\"@id\":\"https:\\\/\\\/dpress.ma\\\/fr\\\/#website\"},\"primaryImageOfPage\":{\"@id\":\"https:\\\/\\\/dpress.ma\\\/fr\\\/2023\\\/02\\\/20\\\/reunion-jeudi-du-conseil-de-gouvernement-12\\\/#primaryimage\"},\"image\":{\"@id\":\"https:\\\/\\\/dpress.ma\\\/fr\\\/2023\\\/02\\\/20\\\/reunion-jeudi-du-conseil-de-gouvernement-12\\\/#primaryimage\"},\"thumbnailUrl\":\"https:\\\/\\\/dpress.ma\\\/fr\\\/wp-content\\\/uploads\\\/sites\\\/2\\\/2022\\\/12\\\/dimensions2-7.jpg\",\"datePublished\":\"2023-02-20T17:07:28+00:00\",\"dateModified\":\"2023-02-20T17:07:31+00:00\",\"author\":{\"@id\":\"https:\\\/\\\/dpress.ma\\\/fr\\\/#\\\/schema\\\/person\\\/4898febf3ccd59e6578d838656a306a0\"},\"description\":\"Un Conseil de gouvernement se r\u00e9unira, jeudi sous la pr\u00e9sidence du Chef du gouvernement, Aziz Akhannouch.\",\"breadcrumb\":{\"@id\":\"https:\\\/\\\/dpress.ma\\\/fr\\\/2023\\\/02\\\/20\\\/reunion-jeudi-du-conseil-de-gouvernement-12\\\/#breadcrumb\"},\"inLanguage\":\"fr-FR\",\"potentialAction\":[{\"@type\":\"ReadAction\",\"target\":[\"https:\\\/\\\/dpress.ma\\\/fr\\\/2023\\\/02\\\/20\\\/reunion-jeudi-du-conseil-de-gouvernement-12\\\/\"]}]},{\"@type\":\"ImageObject\",\"inLanguage\":\"fr-FR\",\"@id\":\"https:\\\/\\\/dpress.ma\\\/fr\\\/2023\\\/02\\\/20\\\/reunion-jeudi-du-conseil-de-gouvernement-12\\\/#primaryimage\",\"url\":\"https:\\\/\\\/dpress.ma\\\/fr\\\/wp-content\\\/uploads\\\/sites\\\/2\\\/2022\\\/12\\\/dimensions2-7.jpg\",\"contentUrl\":\"https:\\\/\\\/dpress.ma\\\/fr\\\/wp-content\\\/uploads\\\/sites\\\/2\\\/2022\\\/12\\\/dimensions2-7.jpg\",\"width\":2539,\"height\":1594},{\"@type\":\"BreadcrumbList\",\"@id\":\"https:\\\/\\\/dpress.ma\\\/fr\\\/2023\\\/02\\\/20\\\/reunion-jeudi-du-conseil-de-gouvernement-12\\\/#breadcrumb\",\"itemListElement\":[{\"@type\":\"ListItem\",\"position\":1,\"name\":\"Home\",\"item\":\"https:\\\/\\\/dpress.ma\\\/fr\\\/\"},{\"@type\":\"ListItem\",\"position\":2,\"name\":\"R\u00e9union jeudi du Conseil de gouvernement\"}]},{\"@type\":\"WebSite\",\"@id\":\"https:\\\/\\\/dpress.ma\\\/fr\\\/#website\",\"url\":\"https:\\\/\\\/dpress.ma\\\/fr\\\/\",\"name\":\"Dpress.ma\\\/fr\",\"description\":\"\",\"potentialAction\":[{\"@type\":\"SearchAction\",\"target\":{\"@type\":\"EntryPoint\",\"urlTemplate\":\"https:\\\/\\\/dpress.ma\\\/fr\\\/?s={search_term_string}\"},\"query-input\":{\"@type\":\"PropertyValueSpecification\",\"valueRequired\":true,\"valueName\":\"search_term_string\"}}],\"inLanguage\":\"fr-FR\"},{\"@type\":\"Person\",\"@id\":\"https:\\\/\\\/dpress.ma\\\/fr\\\/#\\\/schema\\\/person\\\/4898febf3ccd59e6578d838656a306a0\",\"name\":\"Dpress.ma\",\"image\":{\"@type\":\"ImageObject\",\"inLanguage\":\"fr-FR\",\"@id\":\"https:\\\/\\\/secure.gravatar.com\\\/avatar\\\/72ecc30e9db047a2e0e7176561eb9d564ed77c8108376495b19bd8336405198a?s=96&d=mm&r=g\",\"url\":\"https:\\\/\\\/secure.gravatar.com\\\/avatar\\\/72ecc30e9db047a2e0e7176561eb9d564ed77c8108376495b19bd8336405198a?s=96&d=mm&r=g\",\"contentUrl\":\"https:\\\/\\\/secure.gravatar.com\\\/avatar\\\/72ecc30e9db047a2e0e7176561eb9d564ed77c8108376495b19bd8336405198a?s=96&d=mm&r=g\",\"caption\":\"Dpress.ma\"},\"sameAs\":[\"https:\\\/\\\/www.dpress.ma\"],\"url\":\"https:\\\/\\\/dpress.ma\\\/fr\\\/author\\\/dpress-ma\\\/\"}]}<\/script>\n<!-- \/ Yoast SEO plugin. -->","yoast_head_json":{"title":"R\u00e9union jeudi du Conseil de gouvernement - Dpress.ma\/fr","description":"Un Conseil de gouvernement se r\u00e9unira, jeudi sous la pr\u00e9sidence du Chef du gouvernement, Aziz Akhannouch.","robots":{"index":"index","follow":"follow","max-snippet":"max-snippet:-1","max-image-preview":"max-image-preview:large","max-video-preview":"max-video-preview:-1"},"canonical":"https:\/\/dpress.ma\/fr\/2023\/02\/20\/reunion-jeudi-du-conseil-de-gouvernement-12\/","og_locale":"fr_FR","og_type":"article","og_title":"R\u00e9union jeudi du Conseil de gouvernement - Dpress.ma\/fr","og_description":"Un Conseil de gouvernement se r\u00e9unira, jeudi sous la pr\u00e9sidence du Chef du gouvernement, Aziz Akhannouch.","og_url":"https:\/\/dpress.ma\/fr\/2023\/02\/20\/reunion-jeudi-du-conseil-de-gouvernement-12\/","og_site_name":"Dpress.ma\/fr","article_published_time":"2023-02-20T17:07:28+00:00","article_modified_time":"2023-02-20T17:07:31+00:00","og_image":[{"width":2539,"height":1594,"url":"https:\/\/dpress.ma\/fr\/wp-content\/uploads\/sites\/2\/2022\/12\/dimensions2-7.jpg","type":"image\/jpeg"}],"author":"Dpress.ma","twitter_card":"summary_large_image","twitter_misc":{"\u00c9crit par":"Dpress.ma","Dur\u00e9e de lecture estim\u00e9e":"1 minute"},"schema":{"@context":"https:\/\/schema.org","@graph":[{"@type":"Article","@id":"https:\/\/dpress.ma\/fr\/2023\/02\/20\/reunion-jeudi-du-conseil-de-gouvernement-12\/#article","isPartOf":{"@id":"https:\/\/dpress.ma\/fr\/2023\/02\/20\/reunion-jeudi-du-conseil-de-gouvernement-12\/"},"author":{"name":"Dpress.ma","@id":"https:\/\/dpress.ma\/fr\/#\/schema\/person\/4898febf3ccd59e6578d838656a306a0"},"headline":"R\u00e9union jeudi du Conseil de gouvernement","datePublished":"2023-02-20T17:07:28+00:00","dateModified":"2023-02-20T17:07:31+00:00","mainEntityOfPage":{"@id":"https:\/\/dpress.ma\/fr\/2023\/02\/20\/reunion-jeudi-du-conseil-de-gouvernement-12\/"},"wordCount":130,"commentCount":0,"image":{"@id":"https:\/\/dpress.ma\/fr\/2023\/02\/20\/reunion-jeudi-du-conseil-de-gouvernement-12\/#primaryimage"},"thumbnailUrl":"https:\/\/dpress.ma\/fr\/wp-content\/uploads\/sites\/2\/2022\/12\/dimensions2-7.jpg","articleSection":["Politiques"],"inLanguage":"fr-FR","potentialAction":[{"@type":"CommentAction","name":"Comment","target":["https:\/\/dpress.ma\/fr\/2023\/02\/20\/reunion-jeudi-du-conseil-de-gouvernement-12\/#respond"]}]},{"@type":"WebPage","@id":"https:\/\/dpress.ma\/fr\/2023\/02\/20\/reunion-jeudi-du-conseil-de-gouvernement-12\/","url":"https:\/\/dpress.ma\/fr\/2023\/02\/20\/reunion-jeudi-du-conseil-de-gouvernement-12\/","name":"R\u00e9union jeudi du Conseil de gouvernement - Dpress.ma\/fr","isPartOf":{"@id":"https:\/\/dpress.ma\/fr\/#website"},"primaryImageOfPage":{"@id":"https:\/\/dpress.ma\/fr\/2023\/02\/20\/reunion-jeudi-du-conseil-de-gouvernement-12\/#primaryimage"},"image":{"@id":"https:\/\/dpress.ma\/fr\/2023\/02\/20\/reunion-jeudi-du-conseil-de-gouvernement-12\/#primaryimage"},"thumbnailUrl":"https:\/\/dpress.ma\/fr\/wp-content\/uploads\/sites\/2\/2022\/12\/dimensions2-7.jpg","datePublished":"2023-02-20T17:07:28+00:00","dateModified":"2023-02-20T17:07:31+00:00","author":{"@id":"https:\/\/dpress.ma\/fr\/#\/schema\/person\/4898febf3ccd59e6578d838656a306a0"},"description":"Un Conseil de gouvernement se r\u00e9unira, jeudi sous la pr\u00e9sidence du Chef du gouvernement, Aziz Akhannouch.","breadcrumb":{"@id":"https:\/\/dpress.ma\/fr\/2023\/02\/20\/reunion-jeudi-du-conseil-de-gouvernement-12\/#breadcrumb"},"inLanguage":"fr-FR","potentialAction":[{"@type":"ReadAction","target":["https:\/\/dpress.ma\/fr\/2023\/02\/20\/reunion-jeudi-du-conseil-de-gouvernement-12\/"]}]},{"@type":"ImageObject","inLanguage":"fr-FR","@id":"https:\/\/dpress.ma\/fr\/2023\/02\/20\/reunion-jeudi-du-conseil-de-gouvernement-12\/#primaryimage","url":"https:\/\/dpress.ma\/fr\/wp-content\/uploads\/sites\/2\/2022\/12\/dimensions2-7.jpg","contentUrl":"https:\/\/dpress.ma\/fr\/wp-content\/uploads\/sites\/2\/2022\/12\/dimensions2-7.jpg","width":2539,"height":1594},{"@type":"BreadcrumbList","@id":"https:\/\/dpress.ma\/fr\/2023\/02\/20\/reunion-jeudi-du-conseil-de-gouvernement-12\/#breadcrumb","itemListElement":[{"@type":"ListItem","position":1,"name":"Home","item":"https:\/\/dpress.ma\/fr\/"},{"@type":"ListItem","position":2,"name":"R\u00e9union jeudi du Conseil de gouvernement"}]},{"@type":"WebSite","@id":"https:\/\/dpress.ma\/fr\/#website","url":"https:\/\/dpress.ma\/fr\/","name":"Dpress.ma\/fr","description":"","potentialAction":[{"@type":"SearchAction","target":{"@type":"EntryPoint","urlTemplate":"https:\/\/dpress.ma\/fr\/?s={search_term_string}"},"query-input":{"@type":"PropertyValueSpecification","valueRequired":true,"valueName":"search_term_string"}}],"inLanguage":"fr-FR"},{"@type":"Person","@id":"https:\/\/dpress.ma\/fr\/#\/schema\/person\/4898febf3ccd59e6578d838656a306a0","name":"Dpress.ma","image":{"@type":"ImageObject","inLanguage":"fr-FR","@id":"https:\/\/secure.gravatar.com\/avatar\/72ecc30e9db047a2e0e7176561eb9d564ed77c8108376495b19bd8336405198a?s=96&d=mm&r=g","url":"https:\/\/secure.gravatar.com\/avatar\/72ecc30e9db047a2e0e7176561eb9d564ed77c8108376495b19bd8336405198a?s=96&d=mm&r=g","contentUrl":"https:\/\/secure.gravatar.com\/avatar\/72ecc30e9db047a2e0e7176561eb9d564ed77c8108376495b19bd8336405198a?s=96&d=mm&r=g","caption":"Dpress.ma"},"sameAs":["https:\/\/www.dpress.ma"],"url":"https:\/\/dpress.ma\/fr\/author\/dpress-ma\/"}]}},"amp_enabled":true,"_links":{"self":[{"href":"https:\/\/dpress.ma\/fr\/wp-json\/wp\/v2\/posts\/3724","targetHints":{"allow":["GET"]}}],"collection":[{"href":"https:\/\/dpress.ma\/fr\/wp-json\/wp\/v2\/posts"}],"about":[{"href":"https:\/\/dpress.ma\/fr\/wp-json\/wp\/v2\/types\/post"}],"author":[{"embeddable":true,"href":"https:\/\/dpress.ma\/fr\/wp-json\/wp\/v2\/users\/2"}],"replies":[{"embeddable":true,"href":"https:\/\/dpress.ma\/fr\/wp-json\/wp\/v2\/comments?post=3724"}],"version-history":[{"count":1,"href":"https:\/\/dpress.ma\/fr\/wp-json\/wp\/v2\/posts\/3724\/revisions"}],"predecessor-version":[{"id":3725,"href":"https:\/\/dpress.ma\/fr\/wp-json\/wp\/v2\/posts\/3724\/revisions\/3725"}],"wp:featuredmedia":[{"embeddable":true,"href":"https:\/\/dpress.ma\/fr\/wp-json\/wp\/v2\/media\/2735"}],"wp:attachment":[{"href":"https:\/\/dpress.ma\/fr\/wp-json\/wp\/v2\/media?parent=3724"}],"wp:term":[{"taxonomy":"category","embeddable":true,"href":"https:\/\/dpress.ma\/fr\/wp-json\/wp\/v2\/categories?post=3724"},{"taxonomy":"post_tag","embeddable":true,"href":"https:\/\/dpress.ma\/fr\/wp-json\/wp\/v2\/tags?post=3724"}],"curies":[{"name":"wp","href":"https:\/\/api.w.org\/{rel}","templated":true}]}}