{"id":3721,"date":"2023-02-20T10:23:11","date_gmt":"2023-02-20T10:23:11","guid":{"rendered":"https:\/\/dpress.ma\/fr\/?p=3721"},"modified":"2023-02-20T10:23:13","modified_gmt":"2023-02-20T10:23:13","slug":"le-spectacle-de-flamenco-primera-muestra-de-flamenco-marroqui-un-voyage-musical-inedit-a-rabat","status":"publish","type":"post","link":"https:\/\/dpress.ma\/fr\/2023\/02\/20\/le-spectacle-de-flamenco-primera-muestra-de-flamenco-marroqui-un-voyage-musical-inedit-a-rabat\/","title":{"rendered":"Le spectacle de flamenco \u201cPrimera muestra de flamenco marroqu\u00ed\u201d, un voyage musical in\u00e9dit \u00e0 Rabat"},"content":{"rendered":"\n<p>Dpress<\/p>\n\n\n\n<p>Le spectacle de flamenco \u00ab\u00a0Primera muestra de flamenco marroqu\u00ed\u00a0\u00bb a enchant\u00e9 le public rbati, samedi soir \u00e0 la salle Bahnini \u00e0 Rabat, le temps d&rsquo;un voyage musical in\u00e9dit.<\/p>\n\n\n\n<p>Ce spectacle haut en couleur, port\u00e9 par douze jeunes artistes marocains talentueux, a propos\u00e9 \u00e0 l\u2019assistance une panoplie d\u2019\u0153uvres musicales hors pair qui refl\u00e8tent la beaut\u00e9, la puissance et la magie de cet art s\u00e9culaire espagnol.<\/p>\n\n\n\n<p>Initi\u00e9e par l\u2019Institut culturel espagnol \u00ab\u00a0Cervant\u00e8s\u00a0\u00bb de Rabat, en collaboration avec le minist\u00e8re de la Jeunesse, de la Culture et de la Communication, cette soir\u00e9e flamenco a \u00e9t\u00e9 rehauss\u00e9e par des performances gracieuses et magistrales de danse, de chant et de guitare.<\/p>\n\n\n\n<p>Le public pr\u00e9sent a \u00e9t\u00e9 plong\u00e9, le temps d\u2019une soir\u00e9e, dans un univers rempli de gaiet\u00e9 et d&rsquo;\u00e9motions fortes, acclamant les jeunes artistes qui ont interpr\u00e9t\u00e9 et mis en sc\u00e8ne un vibrant r\u00e9pertoire musical, couvrant les diff\u00e9rents aspects de cet art embl\u00e9matique.<\/p>\n\n\n\n<p>Dans une d\u00e9claration \u00e0 M24, la cha\u00eene t\u00e9l\u00e9vis\u00e9e d\u2019information en continu de la MAP, le directeur de l\u2019Institut culturel espagnol \u00ab\u00a0Cervant\u00e8s\u00a0\u00bb de Rabat, Jos\u00e9 Maria Martinez, a soulign\u00e9 que le flamenco est pr\u00e9sent au Maroc depuis de nombreuses ann\u00e9es, indiquant que \u00ab\u00a0l\u2019Institut Cervant\u00e8s souhaite promouvoir encore plus cet art aux quatre coins du Royaume\u00a0\u00bb.<\/p>\n\n\n\n<p>\u00ab\u00a0Ce spectacle marque un magnifique d\u00e9but pour notre programmation culturelle de cette ann\u00e9e\u00a0\u00bb, a ajout\u00e9 M. Martinez, pr\u00e9cisant que \u00ab\u00a0les artistes pr\u00e9sents ce soir ont \u00e9t\u00e9 s\u00e9lectionn\u00e9s par un prestigieux jury compos\u00e9 de cinq membres marocains et espagnols qualifi\u00e9s en flamenco\u00a0\u00bb.<\/p>\n\n\n\n<p>Cette exp\u00e9rience artistique vise \u00e0 soutenir et encourager le d\u00e9veloppement du circuit flamenco au Maroc, dans lequel de nombreux artistes d\u00e9veloppent leur travail depuis plusieurs ann\u00e9es.<\/p>\n\n\n\n<p>Le projet vise \u00e9galement \u00e0 promouvoir les rencontres entre ces artistes en vue de favoriser l\u2019enrichissement et l\u2019\u00e9change de leurs connaissances sur l\u2019art du flamenco.<\/p>\n","protected":false},"excerpt":{"rendered":"<p>Dpress Le spectacle de flamenco \u00ab\u00a0Primera muestra de flamenco marroqu\u00ed\u00a0\u00bb a enchant\u00e9 le public rbati, samedi soir \u00e0 la salle Bahnini \u00e0 Rabat, le temps d&rsquo;un voyage musical in\u00e9dit. Ce spectacle haut en couleur, port\u00e9 par douze jeunes artistes marocains talentueux, a propos\u00e9 \u00e0 l\u2019assistance une panoplie d\u2019\u0153uvres musicales hors pair qui refl\u00e8tent la beaut\u00e9, &hellip;<\/p>\n","protected":false},"author":2,"featured_media":3722,"comment_status":"open","ping_status":"open","sticky":false,"template":"","format":"standard","meta":{"footnotes":""},"categories":[31],"tags":[],"class_list":["post-3721","post","type-post","status-publish","format-standard","has-post-thumbnail","hentry","category-art-et-culture"],"yoast_head":"<!-- This site is optimized with the Yoast SEO plugin v27.5 - https:\/\/yoast.com\/product\/yoast-seo-wordpress\/ -->\n<title>Le spectacle de flamenco \u201cPrimera muestra de flamenco marroqu\u00ed\u201d, un voyage musical in\u00e9dit \u00e0 Rabat - Dpress.ma\/fr<\/title>\n<meta name=\"description\" content=\"Le spectacle de flamenco &quot;Primera muestra de flamenco marroqu\u00ed&quot; a enchant\u00e9 le public rbati, samedi soir \u00e0 la salle Bahnini \u00e0 Rabat, le temps d&#039;un voyage musical in\u00e9dit.\" \/>\n<meta name=\"robots\" content=\"index, follow, max-snippet:-1, max-image-preview:large, max-video-preview:-1\" \/>\n<link rel=\"canonical\" href=\"https:\/\/dpress.ma\/fr\/2023\/02\/20\/le-spectacle-de-flamenco-primera-muestra-de-flamenco-marroqui-un-voyage-musical-inedit-a-rabat\/\" \/>\n<meta property=\"og:locale\" content=\"fr_FR\" \/>\n<meta property=\"og:type\" content=\"article\" \/>\n<meta property=\"og:title\" content=\"Le spectacle de flamenco \u201cPrimera muestra de flamenco marroqu\u00ed\u201d, un voyage musical in\u00e9dit \u00e0 Rabat - Dpress.ma\/fr\" \/>\n<meta property=\"og:description\" content=\"Le spectacle de flamenco &quot;Primera muestra de flamenco marroqu\u00ed&quot; a enchant\u00e9 le public rbati, samedi soir \u00e0 la salle Bahnini \u00e0 Rabat, le temps d&#039;un voyage musical in\u00e9dit.\" \/>\n<meta property=\"og:url\" content=\"https:\/\/dpress.ma\/fr\/2023\/02\/20\/le-spectacle-de-flamenco-primera-muestra-de-flamenco-marroqui-un-voyage-musical-inedit-a-rabat\/\" \/>\n<meta property=\"og:site_name\" content=\"Dpress.ma\/fr\" \/>\n<meta property=\"article:published_time\" content=\"2023-02-20T10:23:11+00:00\" \/>\n<meta property=\"article:modified_time\" content=\"2023-02-20T10:23:13+00:00\" \/>\n<meta property=\"og:image\" content=\"https:\/\/dpress.ma\/fr\/wp-content\/uploads\/sites\/2\/2023\/02\/dimensions2-55.jpg\" \/>\n\t<meta property=\"og:image:width\" content=\"2539\" \/>\n\t<meta property=\"og:image:height\" content=\"1594\" \/>\n\t<meta property=\"og:image:type\" content=\"image\/jpeg\" \/>\n<meta name=\"author\" content=\"Dpress.ma\" \/>\n<meta name=\"twitter:card\" content=\"summary_large_image\" \/>\n<meta name=\"twitter:label1\" content=\"\u00c9crit par\" \/>\n\t<meta name=\"twitter:data1\" content=\"Dpress.ma\" \/>\n\t<meta name=\"twitter:label2\" content=\"Dur\u00e9e de lecture estim\u00e9e\" \/>\n\t<meta name=\"twitter:data2\" content=\"2 minutes\" \/>\n<script type=\"application\/ld+json\" class=\"yoast-schema-graph\">{\"@context\":\"https:\\\/\\\/schema.org\",\"@graph\":[{\"@type\":\"Article\",\"@id\":\"https:\\\/\\\/dpress.ma\\\/fr\\\/2023\\\/02\\\/20\\\/le-spectacle-de-flamenco-primera-muestra-de-flamenco-marroqui-un-voyage-musical-inedit-a-rabat\\\/#article\",\"isPartOf\":{\"@id\":\"https:\\\/\\\/dpress.ma\\\/fr\\\/2023\\\/02\\\/20\\\/le-spectacle-de-flamenco-primera-muestra-de-flamenco-marroqui-un-voyage-musical-inedit-a-rabat\\\/\"},\"author\":{\"name\":\"Dpress.ma\",\"@id\":\"https:\\\/\\\/dpress.ma\\\/fr\\\/#\\\/schema\\\/person\\\/4898febf3ccd59e6578d838656a306a0\"},\"headline\":\"Le spectacle de flamenco \u201cPrimera muestra de flamenco marroqu\u00ed\u201d, un voyage musical in\u00e9dit \u00e0 Rabat\",\"datePublished\":\"2023-02-20T10:23:11+00:00\",\"dateModified\":\"2023-02-20T10:23:13+00:00\",\"mainEntityOfPage\":{\"@id\":\"https:\\\/\\\/dpress.ma\\\/fr\\\/2023\\\/02\\\/20\\\/le-spectacle-de-flamenco-primera-muestra-de-flamenco-marroqui-un-voyage-musical-inedit-a-rabat\\\/\"},\"wordCount\":350,\"commentCount\":0,\"image\":{\"@id\":\"https:\\\/\\\/dpress.ma\\\/fr\\\/2023\\\/02\\\/20\\\/le-spectacle-de-flamenco-primera-muestra-de-flamenco-marroqui-un-voyage-musical-inedit-a-rabat\\\/#primaryimage\"},\"thumbnailUrl\":\"https:\\\/\\\/dpress.ma\\\/fr\\\/wp-content\\\/uploads\\\/sites\\\/2\\\/2023\\\/02\\\/dimensions2-55.jpg\",\"articleSection\":[\"Art et Culture\"],\"inLanguage\":\"fr-FR\",\"potentialAction\":[{\"@type\":\"CommentAction\",\"name\":\"Comment\",\"target\":[\"https:\\\/\\\/dpress.ma\\\/fr\\\/2023\\\/02\\\/20\\\/le-spectacle-de-flamenco-primera-muestra-de-flamenco-marroqui-un-voyage-musical-inedit-a-rabat\\\/#respond\"]}]},{\"@type\":\"WebPage\",\"@id\":\"https:\\\/\\\/dpress.ma\\\/fr\\\/2023\\\/02\\\/20\\\/le-spectacle-de-flamenco-primera-muestra-de-flamenco-marroqui-un-voyage-musical-inedit-a-rabat\\\/\",\"url\":\"https:\\\/\\\/dpress.ma\\\/fr\\\/2023\\\/02\\\/20\\\/le-spectacle-de-flamenco-primera-muestra-de-flamenco-marroqui-un-voyage-musical-inedit-a-rabat\\\/\",\"name\":\"Le spectacle de flamenco \u201cPrimera muestra de flamenco marroqu\u00ed\u201d, un voyage musical in\u00e9dit \u00e0 Rabat - Dpress.ma\\\/fr\",\"isPartOf\":{\"@id\":\"https:\\\/\\\/dpress.ma\\\/fr\\\/#website\"},\"primaryImageOfPage\":{\"@id\":\"https:\\\/\\\/dpress.ma\\\/fr\\\/2023\\\/02\\\/20\\\/le-spectacle-de-flamenco-primera-muestra-de-flamenco-marroqui-un-voyage-musical-inedit-a-rabat\\\/#primaryimage\"},\"image\":{\"@id\":\"https:\\\/\\\/dpress.ma\\\/fr\\\/2023\\\/02\\\/20\\\/le-spectacle-de-flamenco-primera-muestra-de-flamenco-marroqui-un-voyage-musical-inedit-a-rabat\\\/#primaryimage\"},\"thumbnailUrl\":\"https:\\\/\\\/dpress.ma\\\/fr\\\/wp-content\\\/uploads\\\/sites\\\/2\\\/2023\\\/02\\\/dimensions2-55.jpg\",\"datePublished\":\"2023-02-20T10:23:11+00:00\",\"dateModified\":\"2023-02-20T10:23:13+00:00\",\"author\":{\"@id\":\"https:\\\/\\\/dpress.ma\\\/fr\\\/#\\\/schema\\\/person\\\/4898febf3ccd59e6578d838656a306a0\"},\"description\":\"Le spectacle de flamenco \\\"Primera muestra de flamenco marroqu\u00ed\\\" a enchant\u00e9 le public rbati, samedi soir \u00e0 la salle Bahnini \u00e0 Rabat, le temps d'un voyage musical in\u00e9dit.\",\"breadcrumb\":{\"@id\":\"https:\\\/\\\/dpress.ma\\\/fr\\\/2023\\\/02\\\/20\\\/le-spectacle-de-flamenco-primera-muestra-de-flamenco-marroqui-un-voyage-musical-inedit-a-rabat\\\/#breadcrumb\"},\"inLanguage\":\"fr-FR\",\"potentialAction\":[{\"@type\":\"ReadAction\",\"target\":[\"https:\\\/\\\/dpress.ma\\\/fr\\\/2023\\\/02\\\/20\\\/le-spectacle-de-flamenco-primera-muestra-de-flamenco-marroqui-un-voyage-musical-inedit-a-rabat\\\/\"]}]},{\"@type\":\"ImageObject\",\"inLanguage\":\"fr-FR\",\"@id\":\"https:\\\/\\\/dpress.ma\\\/fr\\\/2023\\\/02\\\/20\\\/le-spectacle-de-flamenco-primera-muestra-de-flamenco-marroqui-un-voyage-musical-inedit-a-rabat\\\/#primaryimage\",\"url\":\"https:\\\/\\\/dpress.ma\\\/fr\\\/wp-content\\\/uploads\\\/sites\\\/2\\\/2023\\\/02\\\/dimensions2-55.jpg\",\"contentUrl\":\"https:\\\/\\\/dpress.ma\\\/fr\\\/wp-content\\\/uploads\\\/sites\\\/2\\\/2023\\\/02\\\/dimensions2-55.jpg\",\"width\":2539,\"height\":1594},{\"@type\":\"BreadcrumbList\",\"@id\":\"https:\\\/\\\/dpress.ma\\\/fr\\\/2023\\\/02\\\/20\\\/le-spectacle-de-flamenco-primera-muestra-de-flamenco-marroqui-un-voyage-musical-inedit-a-rabat\\\/#breadcrumb\",\"itemListElement\":[{\"@type\":\"ListItem\",\"position\":1,\"name\":\"Home\",\"item\":\"https:\\\/\\\/dpress.ma\\\/fr\\\/\"},{\"@type\":\"ListItem\",\"position\":2,\"name\":\"Le spectacle de flamenco \u201cPrimera muestra de flamenco marroqu\u00ed\u201d, un voyage musical in\u00e9dit \u00e0 Rabat\"}]},{\"@type\":\"WebSite\",\"@id\":\"https:\\\/\\\/dpress.ma\\\/fr\\\/#website\",\"url\":\"https:\\\/\\\/dpress.ma\\\/fr\\\/\",\"name\":\"Dpress.ma\\\/fr\",\"description\":\"\",\"potentialAction\":[{\"@type\":\"SearchAction\",\"target\":{\"@type\":\"EntryPoint\",\"urlTemplate\":\"https:\\\/\\\/dpress.ma\\\/fr\\\/?s={search_term_string}\"},\"query-input\":{\"@type\":\"PropertyValueSpecification\",\"valueRequired\":true,\"valueName\":\"search_term_string\"}}],\"inLanguage\":\"fr-FR\"},{\"@type\":\"Person\",\"@id\":\"https:\\\/\\\/dpress.ma\\\/fr\\\/#\\\/schema\\\/person\\\/4898febf3ccd59e6578d838656a306a0\",\"name\":\"Dpress.ma\",\"image\":{\"@type\":\"ImageObject\",\"inLanguage\":\"fr-FR\",\"@id\":\"https:\\\/\\\/secure.gravatar.com\\\/avatar\\\/72ecc30e9db047a2e0e7176561eb9d564ed77c8108376495b19bd8336405198a?s=96&d=mm&r=g\",\"url\":\"https:\\\/\\\/secure.gravatar.com\\\/avatar\\\/72ecc30e9db047a2e0e7176561eb9d564ed77c8108376495b19bd8336405198a?s=96&d=mm&r=g\",\"contentUrl\":\"https:\\\/\\\/secure.gravatar.com\\\/avatar\\\/72ecc30e9db047a2e0e7176561eb9d564ed77c8108376495b19bd8336405198a?s=96&d=mm&r=g\",\"caption\":\"Dpress.ma\"},\"sameAs\":[\"https:\\\/\\\/www.dpress.ma\"],\"url\":\"https:\\\/\\\/dpress.ma\\\/fr\\\/author\\\/dpress-ma\\\/\"}]}<\/script>\n<!-- \/ Yoast SEO plugin. -->","yoast_head_json":{"title":"Le spectacle de flamenco \u201cPrimera muestra de flamenco marroqu\u00ed\u201d, un voyage musical in\u00e9dit \u00e0 Rabat - Dpress.ma\/fr","description":"Le spectacle de flamenco \"Primera muestra de flamenco marroqu\u00ed\" a enchant\u00e9 le public rbati, samedi soir \u00e0 la salle Bahnini \u00e0 Rabat, le temps d'un voyage musical in\u00e9dit.","robots":{"index":"index","follow":"follow","max-snippet":"max-snippet:-1","max-image-preview":"max-image-preview:large","max-video-preview":"max-video-preview:-1"},"canonical":"https:\/\/dpress.ma\/fr\/2023\/02\/20\/le-spectacle-de-flamenco-primera-muestra-de-flamenco-marroqui-un-voyage-musical-inedit-a-rabat\/","og_locale":"fr_FR","og_type":"article","og_title":"Le spectacle de flamenco \u201cPrimera muestra de flamenco marroqu\u00ed\u201d, un voyage musical in\u00e9dit \u00e0 Rabat - Dpress.ma\/fr","og_description":"Le spectacle de flamenco \"Primera muestra de flamenco marroqu\u00ed\" a enchant\u00e9 le public rbati, samedi soir \u00e0 la salle Bahnini \u00e0 Rabat, le temps d'un voyage musical in\u00e9dit.","og_url":"https:\/\/dpress.ma\/fr\/2023\/02\/20\/le-spectacle-de-flamenco-primera-muestra-de-flamenco-marroqui-un-voyage-musical-inedit-a-rabat\/","og_site_name":"Dpress.ma\/fr","article_published_time":"2023-02-20T10:23:11+00:00","article_modified_time":"2023-02-20T10:23:13+00:00","og_image":[{"width":2539,"height":1594,"url":"https:\/\/dpress.ma\/fr\/wp-content\/uploads\/sites\/2\/2023\/02\/dimensions2-55.jpg","type":"image\/jpeg"}],"author":"Dpress.ma","twitter_card":"summary_large_image","twitter_misc":{"\u00c9crit par":"Dpress.ma","Dur\u00e9e de lecture estim\u00e9e":"2 minutes"},"schema":{"@context":"https:\/\/schema.org","@graph":[{"@type":"Article","@id":"https:\/\/dpress.ma\/fr\/2023\/02\/20\/le-spectacle-de-flamenco-primera-muestra-de-flamenco-marroqui-un-voyage-musical-inedit-a-rabat\/#article","isPartOf":{"@id":"https:\/\/dpress.ma\/fr\/2023\/02\/20\/le-spectacle-de-flamenco-primera-muestra-de-flamenco-marroqui-un-voyage-musical-inedit-a-rabat\/"},"author":{"name":"Dpress.ma","@id":"https:\/\/dpress.ma\/fr\/#\/schema\/person\/4898febf3ccd59e6578d838656a306a0"},"headline":"Le spectacle de flamenco \u201cPrimera muestra de flamenco marroqu\u00ed\u201d, un voyage musical in\u00e9dit \u00e0 Rabat","datePublished":"2023-02-20T10:23:11+00:00","dateModified":"2023-02-20T10:23:13+00:00","mainEntityOfPage":{"@id":"https:\/\/dpress.ma\/fr\/2023\/02\/20\/le-spectacle-de-flamenco-primera-muestra-de-flamenco-marroqui-un-voyage-musical-inedit-a-rabat\/"},"wordCount":350,"commentCount":0,"image":{"@id":"https:\/\/dpress.ma\/fr\/2023\/02\/20\/le-spectacle-de-flamenco-primera-muestra-de-flamenco-marroqui-un-voyage-musical-inedit-a-rabat\/#primaryimage"},"thumbnailUrl":"https:\/\/dpress.ma\/fr\/wp-content\/uploads\/sites\/2\/2023\/02\/dimensions2-55.jpg","articleSection":["Art et Culture"],"inLanguage":"fr-FR","potentialAction":[{"@type":"CommentAction","name":"Comment","target":["https:\/\/dpress.ma\/fr\/2023\/02\/20\/le-spectacle-de-flamenco-primera-muestra-de-flamenco-marroqui-un-voyage-musical-inedit-a-rabat\/#respond"]}]},{"@type":"WebPage","@id":"https:\/\/dpress.ma\/fr\/2023\/02\/20\/le-spectacle-de-flamenco-primera-muestra-de-flamenco-marroqui-un-voyage-musical-inedit-a-rabat\/","url":"https:\/\/dpress.ma\/fr\/2023\/02\/20\/le-spectacle-de-flamenco-primera-muestra-de-flamenco-marroqui-un-voyage-musical-inedit-a-rabat\/","name":"Le spectacle de flamenco \u201cPrimera muestra de flamenco marroqu\u00ed\u201d, un voyage musical in\u00e9dit \u00e0 Rabat - Dpress.ma\/fr","isPartOf":{"@id":"https:\/\/dpress.ma\/fr\/#website"},"primaryImageOfPage":{"@id":"https:\/\/dpress.ma\/fr\/2023\/02\/20\/le-spectacle-de-flamenco-primera-muestra-de-flamenco-marroqui-un-voyage-musical-inedit-a-rabat\/#primaryimage"},"image":{"@id":"https:\/\/dpress.ma\/fr\/2023\/02\/20\/le-spectacle-de-flamenco-primera-muestra-de-flamenco-marroqui-un-voyage-musical-inedit-a-rabat\/#primaryimage"},"thumbnailUrl":"https:\/\/dpress.ma\/fr\/wp-content\/uploads\/sites\/2\/2023\/02\/dimensions2-55.jpg","datePublished":"2023-02-20T10:23:11+00:00","dateModified":"2023-02-20T10:23:13+00:00","author":{"@id":"https:\/\/dpress.ma\/fr\/#\/schema\/person\/4898febf3ccd59e6578d838656a306a0"},"description":"Le spectacle de flamenco \"Primera muestra de flamenco marroqu\u00ed\" a enchant\u00e9 le public rbati, samedi soir \u00e0 la salle Bahnini \u00e0 Rabat, le temps d'un voyage musical in\u00e9dit.","breadcrumb":{"@id":"https:\/\/dpress.ma\/fr\/2023\/02\/20\/le-spectacle-de-flamenco-primera-muestra-de-flamenco-marroqui-un-voyage-musical-inedit-a-rabat\/#breadcrumb"},"inLanguage":"fr-FR","potentialAction":[{"@type":"ReadAction","target":["https:\/\/dpress.ma\/fr\/2023\/02\/20\/le-spectacle-de-flamenco-primera-muestra-de-flamenco-marroqui-un-voyage-musical-inedit-a-rabat\/"]}]},{"@type":"ImageObject","inLanguage":"fr-FR","@id":"https:\/\/dpress.ma\/fr\/2023\/02\/20\/le-spectacle-de-flamenco-primera-muestra-de-flamenco-marroqui-un-voyage-musical-inedit-a-rabat\/#primaryimage","url":"https:\/\/dpress.ma\/fr\/wp-content\/uploads\/sites\/2\/2023\/02\/dimensions2-55.jpg","contentUrl":"https:\/\/dpress.ma\/fr\/wp-content\/uploads\/sites\/2\/2023\/02\/dimensions2-55.jpg","width":2539,"height":1594},{"@type":"BreadcrumbList","@id":"https:\/\/dpress.ma\/fr\/2023\/02\/20\/le-spectacle-de-flamenco-primera-muestra-de-flamenco-marroqui-un-voyage-musical-inedit-a-rabat\/#breadcrumb","itemListElement":[{"@type":"ListItem","position":1,"name":"Home","item":"https:\/\/dpress.ma\/fr\/"},{"@type":"ListItem","position":2,"name":"Le spectacle de flamenco \u201cPrimera muestra de flamenco marroqu\u00ed\u201d, un voyage musical in\u00e9dit \u00e0 Rabat"}]},{"@type":"WebSite","@id":"https:\/\/dpress.ma\/fr\/#website","url":"https:\/\/dpress.ma\/fr\/","name":"Dpress.ma\/fr","description":"","potentialAction":[{"@type":"SearchAction","target":{"@type":"EntryPoint","urlTemplate":"https:\/\/dpress.ma\/fr\/?s={search_term_string}"},"query-input":{"@type":"PropertyValueSpecification","valueRequired":true,"valueName":"search_term_string"}}],"inLanguage":"fr-FR"},{"@type":"Person","@id":"https:\/\/dpress.ma\/fr\/#\/schema\/person\/4898febf3ccd59e6578d838656a306a0","name":"Dpress.ma","image":{"@type":"ImageObject","inLanguage":"fr-FR","@id":"https:\/\/secure.gravatar.com\/avatar\/72ecc30e9db047a2e0e7176561eb9d564ed77c8108376495b19bd8336405198a?s=96&d=mm&r=g","url":"https:\/\/secure.gravatar.com\/avatar\/72ecc30e9db047a2e0e7176561eb9d564ed77c8108376495b19bd8336405198a?s=96&d=mm&r=g","contentUrl":"https:\/\/secure.gravatar.com\/avatar\/72ecc30e9db047a2e0e7176561eb9d564ed77c8108376495b19bd8336405198a?s=96&d=mm&r=g","caption":"Dpress.ma"},"sameAs":["https:\/\/www.dpress.ma"],"url":"https:\/\/dpress.ma\/fr\/author\/dpress-ma\/"}]}},"amp_enabled":true,"_links":{"self":[{"href":"https:\/\/dpress.ma\/fr\/wp-json\/wp\/v2\/posts\/3721","targetHints":{"allow":["GET"]}}],"collection":[{"href":"https:\/\/dpress.ma\/fr\/wp-json\/wp\/v2\/posts"}],"about":[{"href":"https:\/\/dpress.ma\/fr\/wp-json\/wp\/v2\/types\/post"}],"author":[{"embeddable":true,"href":"https:\/\/dpress.ma\/fr\/wp-json\/wp\/v2\/users\/2"}],"replies":[{"embeddable":true,"href":"https:\/\/dpress.ma\/fr\/wp-json\/wp\/v2\/comments?post=3721"}],"version-history":[{"count":1,"href":"https:\/\/dpress.ma\/fr\/wp-json\/wp\/v2\/posts\/3721\/revisions"}],"predecessor-version":[{"id":3723,"href":"https:\/\/dpress.ma\/fr\/wp-json\/wp\/v2\/posts\/3721\/revisions\/3723"}],"wp:featuredmedia":[{"embeddable":true,"href":"https:\/\/dpress.ma\/fr\/wp-json\/wp\/v2\/media\/3722"}],"wp:attachment":[{"href":"https:\/\/dpress.ma\/fr\/wp-json\/wp\/v2\/media?parent=3721"}],"wp:term":[{"taxonomy":"category","embeddable":true,"href":"https:\/\/dpress.ma\/fr\/wp-json\/wp\/v2\/categories?post=3721"},{"taxonomy":"post_tag","embeddable":true,"href":"https:\/\/dpress.ma\/fr\/wp-json\/wp\/v2\/tags?post=3721"}],"curies":[{"name":"wp","href":"https:\/\/api.w.org\/{rel}","templated":true}]}}