{"id":3704,"date":"2023-02-18T09:56:06","date_gmt":"2023-02-18T09:56:06","guid":{"rendered":"https:\/\/dpress.ma\/fr\/?p=3704"},"modified":"2023-02-18T09:56:07","modified_gmt":"2023-02-18T09:56:07","slug":"visite-au-maroc-du-directeur-general-des-operations-de-la-banque-mondiale","status":"publish","type":"post","link":"https:\/\/dpress.ma\/fr\/2023\/02\/18\/visite-au-maroc-du-directeur-general-des-operations-de-la-banque-mondiale\/","title":{"rendered":"Visite au Maroc du directeur g\u00e9n\u00e9ral des Op\u00e9rations de la Banque mondiale"},"content":{"rendered":"\n<p>Dpress<\/p>\n\n\n\n<p>Le directeur g\u00e9n\u00e9ral des Op\u00e9rations de la Banque mondiale (BM), Axel van Trotsenburg, sera en visite au Maroc du 20 au 22 f\u00e9vrier afin de r\u00e9it\u00e9rer l\u2019engagement du Groupe de la Banque mondiale \u00e0 soutenir le pays.<\/p>\n\n\n\n<p>Il s\u2019agira de la premi\u00e8re visite officielle de A. van Trotsenburg au Maroc en tant que Directeur g\u00e9n\u00e9ral des Op\u00e9rations de la Banque mondiale, indique un communiqu\u00e9 de l\u2019institution, notant qu\u2019au cours de sa visite, il rencontrera de hauts responsables gouvernementaux ainsi que des repr\u00e9sentants du secteur priv\u00e9, des organisations de la soci\u00e9t\u00e9 civile, des groupes de r\u00e9flexion et des jeunes, dans la perspective des Assembl\u00e9es annuelles 2023 du Groupe de la Banque mondiale et du Fonds mon\u00e9taire international, qui se tiendront \u00e0 Marrakech du 9 au 15 octobre 2023.<\/p>\n\n\n\n<p>\u201cLes prochaines Assembl\u00e9es annuelles au Maroc seront une excellente occasion de construire et de renforcer les relations au sein de la communaut\u00e9 internationale, tout en faisant progresser le dialogue sur les grandes priorit\u00e9s de d\u00e9veloppement. Les pr\u00e9paratifs de ces r\u00e9unions sont en bonne voie, et nous continuerons \u00e0 travailler en \u00e9troite collaboration avec le Gouvernement marocain et le Fonds mon\u00e9taire international au cours des prochains mois pour faire de ces Assembl\u00e9es annuelles un succ\u00e8s\u201d, a d\u00e9clar\u00e9 Van Trotsenburg, cit\u00e9 dans le communiqu\u00e9.<\/p>\n\n\n\n<p>\u201cLes r\u00e9unions seront \u00e9galement l\u2019occasion de pr\u00e9senter les succ\u00e8s du Maroc en mati\u00e8re de d\u00e9veloppement, et je suis impatient de voir certaines de ces r\u00e9alisations en personne au cours de cette visite\u201d, a-t-il ajout\u00e9.<\/p>\n\n\n\n<p>Le 21 f\u00e9vrier, Van Trotsenburg copr\u00e9sidera un \u00e9v\u00e9nement mondial sur l\u2019\u00e9quit\u00e9 de genre, intitul\u00e9 \u201cEmpowering Women to Shape the Future of Jobs \u2013 Donner aux femmes les moyens de fa\u00e7onner l\u2019avenir des emplois\u201d, \u00e0 Benguerir.<\/p>\n\n\n\n<p>Cet \u00e9v\u00e9nement est organis\u00e9 conjointement par la Banque mondiale, le minist\u00e8re de l\u2019Economie et des Finances et l\u2019Universit\u00e9 polytechnique Mohammed VI (UM6P). Cette rencontre de haut niveau permettra de discuter du r\u00f4le des femmes \u2013 en tant que leaders et actrices de changement sur le march\u00e9 du travail et au sein des \u00e9conomies \u2013 \u00e0 la lumi\u00e8re des changements structurels et de la transition verte auxquels sont confront\u00e9s les pays du monde entier.<\/p>\n\n\n\n<p>A. Van Trotsenburg sera accompagn\u00e9 du vice-pr\u00e9sident de la Banque mondiale pour le Moyen-Orient et l\u2019Afrique du Nord, Ferid Belhaj, et du directeur pour le Maghreb et Malte, Jesko Hentschel.<\/p>\n\n\n\n<p>La Banque mondiale finance actuellement 23 projets au Maroc, pour un volume total de 6,01 milliards de dollars (62 Mds de DH). Les projets couvrent une vari\u00e9t\u00e9 d\u2019initiatives socio-\u00e9conomiques visant \u00e0 faire progresser le d\u00e9veloppement national, la r\u00e9duction de la pauvret\u00e9 et l\u2019inclusion sociale tout en abordant ou en att\u00e9nuant les effets du changement climatique sur l\u2019\u00e9conomie du pays, en particulier dans le secteur agricole.<\/p>\n","protected":false},"excerpt":{"rendered":"<p>Dpress Le directeur g\u00e9n\u00e9ral des Op\u00e9rations de la Banque mondiale (BM), Axel van Trotsenburg, sera en visite au Maroc du 20 au 22 f\u00e9vrier afin de r\u00e9it\u00e9rer l\u2019engagement du Groupe de la Banque mondiale \u00e0 soutenir le pays. Il s\u2019agira de la premi\u00e8re visite officielle de A. van Trotsenburg au Maroc en tant que Directeur &hellip;<\/p>\n","protected":false},"author":2,"featured_media":3705,"comment_status":"open","ping_status":"open","sticky":false,"template":"","format":"standard","meta":{"footnotes":""},"categories":[25],"tags":[],"class_list":["post-3704","post","type-post","status-publish","format-standard","has-post-thumbnail","hentry","category-economie"],"yoast_head":"<!-- This site is optimized with the Yoast SEO plugin v27.5 - https:\/\/yoast.com\/product\/yoast-seo-wordpress\/ -->\n<title>Visite au Maroc du directeur g\u00e9n\u00e9ral des Op\u00e9rations de la Banque mondiale - Dpress.ma\/fr<\/title>\n<meta name=\"robots\" content=\"index, follow, max-snippet:-1, max-image-preview:large, max-video-preview:-1\" \/>\n<link rel=\"canonical\" href=\"https:\/\/dpress.ma\/fr\/2023\/02\/18\/visite-au-maroc-du-directeur-general-des-operations-de-la-banque-mondiale\/\" \/>\n<meta property=\"og:locale\" content=\"fr_FR\" \/>\n<meta property=\"og:type\" content=\"article\" \/>\n<meta property=\"og:title\" content=\"Visite au Maroc du directeur g\u00e9n\u00e9ral des Op\u00e9rations de la Banque mondiale - Dpress.ma\/fr\" \/>\n<meta property=\"og:description\" content=\"Dpress Le directeur g\u00e9n\u00e9ral des Op\u00e9rations de la Banque mondiale (BM), Axel van Trotsenburg, sera en visite au Maroc du 20 au 22 f\u00e9vrier afin de r\u00e9it\u00e9rer l\u2019engagement du Groupe de la Banque mondiale \u00e0 soutenir le pays. Il s\u2019agira de la premi\u00e8re visite officielle de A. van Trotsenburg au Maroc en tant que Directeur &hellip;\" \/>\n<meta property=\"og:url\" content=\"https:\/\/dpress.ma\/fr\/2023\/02\/18\/visite-au-maroc-du-directeur-general-des-operations-de-la-banque-mondiale\/\" \/>\n<meta property=\"og:site_name\" content=\"Dpress.ma\/fr\" \/>\n<meta property=\"article:published_time\" content=\"2023-02-18T09:56:06+00:00\" \/>\n<meta property=\"article:modified_time\" content=\"2023-02-18T09:56:07+00:00\" \/>\n<meta property=\"og:image\" content=\"https:\/\/dpress.ma\/fr\/wp-content\/uploads\/sites\/2\/2023\/02\/dimensions2-52.jpg\" \/>\n\t<meta property=\"og:image:width\" content=\"2539\" \/>\n\t<meta property=\"og:image:height\" content=\"1594\" \/>\n\t<meta property=\"og:image:type\" content=\"image\/jpeg\" \/>\n<meta name=\"author\" content=\"Dpress.ma\" \/>\n<meta name=\"twitter:card\" content=\"summary_large_image\" \/>\n<meta name=\"twitter:label1\" content=\"\u00c9crit par\" \/>\n\t<meta name=\"twitter:data1\" content=\"Dpress.ma\" \/>\n\t<meta name=\"twitter:label2\" content=\"Dur\u00e9e de lecture estim\u00e9e\" \/>\n\t<meta name=\"twitter:data2\" content=\"3 minutes\" \/>\n<script type=\"application\/ld+json\" class=\"yoast-schema-graph\">{\"@context\":\"https:\\\/\\\/schema.org\",\"@graph\":[{\"@type\":\"Article\",\"@id\":\"https:\\\/\\\/dpress.ma\\\/fr\\\/2023\\\/02\\\/18\\\/visite-au-maroc-du-directeur-general-des-operations-de-la-banque-mondiale\\\/#article\",\"isPartOf\":{\"@id\":\"https:\\\/\\\/dpress.ma\\\/fr\\\/2023\\\/02\\\/18\\\/visite-au-maroc-du-directeur-general-des-operations-de-la-banque-mondiale\\\/\"},\"author\":{\"name\":\"Dpress.ma\",\"@id\":\"https:\\\/\\\/dpress.ma\\\/fr\\\/#\\\/schema\\\/person\\\/4898febf3ccd59e6578d838656a306a0\"},\"headline\":\"Visite au Maroc du directeur g\u00e9n\u00e9ral des Op\u00e9rations de la Banque mondiale\",\"datePublished\":\"2023-02-18T09:56:06+00:00\",\"dateModified\":\"2023-02-18T09:56:07+00:00\",\"mainEntityOfPage\":{\"@id\":\"https:\\\/\\\/dpress.ma\\\/fr\\\/2023\\\/02\\\/18\\\/visite-au-maroc-du-directeur-general-des-operations-de-la-banque-mondiale\\\/\"},\"wordCount\":502,\"commentCount\":0,\"image\":{\"@id\":\"https:\\\/\\\/dpress.ma\\\/fr\\\/2023\\\/02\\\/18\\\/visite-au-maroc-du-directeur-general-des-operations-de-la-banque-mondiale\\\/#primaryimage\"},\"thumbnailUrl\":\"https:\\\/\\\/dpress.ma\\\/fr\\\/wp-content\\\/uploads\\\/sites\\\/2\\\/2023\\\/02\\\/dimensions2-52.jpg\",\"articleSection\":[\"\u00c9conomie\"],\"inLanguage\":\"fr-FR\",\"potentialAction\":[{\"@type\":\"CommentAction\",\"name\":\"Comment\",\"target\":[\"https:\\\/\\\/dpress.ma\\\/fr\\\/2023\\\/02\\\/18\\\/visite-au-maroc-du-directeur-general-des-operations-de-la-banque-mondiale\\\/#respond\"]}]},{\"@type\":\"WebPage\",\"@id\":\"https:\\\/\\\/dpress.ma\\\/fr\\\/2023\\\/02\\\/18\\\/visite-au-maroc-du-directeur-general-des-operations-de-la-banque-mondiale\\\/\",\"url\":\"https:\\\/\\\/dpress.ma\\\/fr\\\/2023\\\/02\\\/18\\\/visite-au-maroc-du-directeur-general-des-operations-de-la-banque-mondiale\\\/\",\"name\":\"Visite au Maroc du directeur g\u00e9n\u00e9ral des Op\u00e9rations de la Banque mondiale - Dpress.ma\\\/fr\",\"isPartOf\":{\"@id\":\"https:\\\/\\\/dpress.ma\\\/fr\\\/#website\"},\"primaryImageOfPage\":{\"@id\":\"https:\\\/\\\/dpress.ma\\\/fr\\\/2023\\\/02\\\/18\\\/visite-au-maroc-du-directeur-general-des-operations-de-la-banque-mondiale\\\/#primaryimage\"},\"image\":{\"@id\":\"https:\\\/\\\/dpress.ma\\\/fr\\\/2023\\\/02\\\/18\\\/visite-au-maroc-du-directeur-general-des-operations-de-la-banque-mondiale\\\/#primaryimage\"},\"thumbnailUrl\":\"https:\\\/\\\/dpress.ma\\\/fr\\\/wp-content\\\/uploads\\\/sites\\\/2\\\/2023\\\/02\\\/dimensions2-52.jpg\",\"datePublished\":\"2023-02-18T09:56:06+00:00\",\"dateModified\":\"2023-02-18T09:56:07+00:00\",\"author\":{\"@id\":\"https:\\\/\\\/dpress.ma\\\/fr\\\/#\\\/schema\\\/person\\\/4898febf3ccd59e6578d838656a306a0\"},\"breadcrumb\":{\"@id\":\"https:\\\/\\\/dpress.ma\\\/fr\\\/2023\\\/02\\\/18\\\/visite-au-maroc-du-directeur-general-des-operations-de-la-banque-mondiale\\\/#breadcrumb\"},\"inLanguage\":\"fr-FR\",\"potentialAction\":[{\"@type\":\"ReadAction\",\"target\":[\"https:\\\/\\\/dpress.ma\\\/fr\\\/2023\\\/02\\\/18\\\/visite-au-maroc-du-directeur-general-des-operations-de-la-banque-mondiale\\\/\"]}]},{\"@type\":\"ImageObject\",\"inLanguage\":\"fr-FR\",\"@id\":\"https:\\\/\\\/dpress.ma\\\/fr\\\/2023\\\/02\\\/18\\\/visite-au-maroc-du-directeur-general-des-operations-de-la-banque-mondiale\\\/#primaryimage\",\"url\":\"https:\\\/\\\/dpress.ma\\\/fr\\\/wp-content\\\/uploads\\\/sites\\\/2\\\/2023\\\/02\\\/dimensions2-52.jpg\",\"contentUrl\":\"https:\\\/\\\/dpress.ma\\\/fr\\\/wp-content\\\/uploads\\\/sites\\\/2\\\/2023\\\/02\\\/dimensions2-52.jpg\",\"width\":2539,\"height\":1594},{\"@type\":\"BreadcrumbList\",\"@id\":\"https:\\\/\\\/dpress.ma\\\/fr\\\/2023\\\/02\\\/18\\\/visite-au-maroc-du-directeur-general-des-operations-de-la-banque-mondiale\\\/#breadcrumb\",\"itemListElement\":[{\"@type\":\"ListItem\",\"position\":1,\"name\":\"Home\",\"item\":\"https:\\\/\\\/dpress.ma\\\/fr\\\/\"},{\"@type\":\"ListItem\",\"position\":2,\"name\":\"Visite au Maroc du directeur g\u00e9n\u00e9ral des Op\u00e9rations de la Banque mondiale\"}]},{\"@type\":\"WebSite\",\"@id\":\"https:\\\/\\\/dpress.ma\\\/fr\\\/#website\",\"url\":\"https:\\\/\\\/dpress.ma\\\/fr\\\/\",\"name\":\"Dpress.ma\\\/fr\",\"description\":\"\",\"potentialAction\":[{\"@type\":\"SearchAction\",\"target\":{\"@type\":\"EntryPoint\",\"urlTemplate\":\"https:\\\/\\\/dpress.ma\\\/fr\\\/?s={search_term_string}\"},\"query-input\":{\"@type\":\"PropertyValueSpecification\",\"valueRequired\":true,\"valueName\":\"search_term_string\"}}],\"inLanguage\":\"fr-FR\"},{\"@type\":\"Person\",\"@id\":\"https:\\\/\\\/dpress.ma\\\/fr\\\/#\\\/schema\\\/person\\\/4898febf3ccd59e6578d838656a306a0\",\"name\":\"Dpress.ma\",\"image\":{\"@type\":\"ImageObject\",\"inLanguage\":\"fr-FR\",\"@id\":\"https:\\\/\\\/secure.gravatar.com\\\/avatar\\\/72ecc30e9db047a2e0e7176561eb9d564ed77c8108376495b19bd8336405198a?s=96&d=mm&r=g\",\"url\":\"https:\\\/\\\/secure.gravatar.com\\\/avatar\\\/72ecc30e9db047a2e0e7176561eb9d564ed77c8108376495b19bd8336405198a?s=96&d=mm&r=g\",\"contentUrl\":\"https:\\\/\\\/secure.gravatar.com\\\/avatar\\\/72ecc30e9db047a2e0e7176561eb9d564ed77c8108376495b19bd8336405198a?s=96&d=mm&r=g\",\"caption\":\"Dpress.ma\"},\"sameAs\":[\"https:\\\/\\\/www.dpress.ma\"],\"url\":\"https:\\\/\\\/dpress.ma\\\/fr\\\/author\\\/dpress-ma\\\/\"}]}<\/script>\n<!-- \/ Yoast SEO plugin. -->","yoast_head_json":{"title":"Visite au Maroc du directeur g\u00e9n\u00e9ral des Op\u00e9rations de la Banque mondiale - Dpress.ma\/fr","robots":{"index":"index","follow":"follow","max-snippet":"max-snippet:-1","max-image-preview":"max-image-preview:large","max-video-preview":"max-video-preview:-1"},"canonical":"https:\/\/dpress.ma\/fr\/2023\/02\/18\/visite-au-maroc-du-directeur-general-des-operations-de-la-banque-mondiale\/","og_locale":"fr_FR","og_type":"article","og_title":"Visite au Maroc du directeur g\u00e9n\u00e9ral des Op\u00e9rations de la Banque mondiale - Dpress.ma\/fr","og_description":"Dpress Le directeur g\u00e9n\u00e9ral des Op\u00e9rations de la Banque mondiale (BM), Axel van Trotsenburg, sera en visite au Maroc du 20 au 22 f\u00e9vrier afin de r\u00e9it\u00e9rer l\u2019engagement du Groupe de la Banque mondiale \u00e0 soutenir le pays. Il s\u2019agira de la premi\u00e8re visite officielle de A. van Trotsenburg au Maroc en tant que Directeur &hellip;","og_url":"https:\/\/dpress.ma\/fr\/2023\/02\/18\/visite-au-maroc-du-directeur-general-des-operations-de-la-banque-mondiale\/","og_site_name":"Dpress.ma\/fr","article_published_time":"2023-02-18T09:56:06+00:00","article_modified_time":"2023-02-18T09:56:07+00:00","og_image":[{"width":2539,"height":1594,"url":"https:\/\/dpress.ma\/fr\/wp-content\/uploads\/sites\/2\/2023\/02\/dimensions2-52.jpg","type":"image\/jpeg"}],"author":"Dpress.ma","twitter_card":"summary_large_image","twitter_misc":{"\u00c9crit par":"Dpress.ma","Dur\u00e9e de lecture estim\u00e9e":"3 minutes"},"schema":{"@context":"https:\/\/schema.org","@graph":[{"@type":"Article","@id":"https:\/\/dpress.ma\/fr\/2023\/02\/18\/visite-au-maroc-du-directeur-general-des-operations-de-la-banque-mondiale\/#article","isPartOf":{"@id":"https:\/\/dpress.ma\/fr\/2023\/02\/18\/visite-au-maroc-du-directeur-general-des-operations-de-la-banque-mondiale\/"},"author":{"name":"Dpress.ma","@id":"https:\/\/dpress.ma\/fr\/#\/schema\/person\/4898febf3ccd59e6578d838656a306a0"},"headline":"Visite au Maroc du directeur g\u00e9n\u00e9ral des Op\u00e9rations de la Banque mondiale","datePublished":"2023-02-18T09:56:06+00:00","dateModified":"2023-02-18T09:56:07+00:00","mainEntityOfPage":{"@id":"https:\/\/dpress.ma\/fr\/2023\/02\/18\/visite-au-maroc-du-directeur-general-des-operations-de-la-banque-mondiale\/"},"wordCount":502,"commentCount":0,"image":{"@id":"https:\/\/dpress.ma\/fr\/2023\/02\/18\/visite-au-maroc-du-directeur-general-des-operations-de-la-banque-mondiale\/#primaryimage"},"thumbnailUrl":"https:\/\/dpress.ma\/fr\/wp-content\/uploads\/sites\/2\/2023\/02\/dimensions2-52.jpg","articleSection":["\u00c9conomie"],"inLanguage":"fr-FR","potentialAction":[{"@type":"CommentAction","name":"Comment","target":["https:\/\/dpress.ma\/fr\/2023\/02\/18\/visite-au-maroc-du-directeur-general-des-operations-de-la-banque-mondiale\/#respond"]}]},{"@type":"WebPage","@id":"https:\/\/dpress.ma\/fr\/2023\/02\/18\/visite-au-maroc-du-directeur-general-des-operations-de-la-banque-mondiale\/","url":"https:\/\/dpress.ma\/fr\/2023\/02\/18\/visite-au-maroc-du-directeur-general-des-operations-de-la-banque-mondiale\/","name":"Visite au Maroc du directeur g\u00e9n\u00e9ral des Op\u00e9rations de la Banque mondiale - Dpress.ma\/fr","isPartOf":{"@id":"https:\/\/dpress.ma\/fr\/#website"},"primaryImageOfPage":{"@id":"https:\/\/dpress.ma\/fr\/2023\/02\/18\/visite-au-maroc-du-directeur-general-des-operations-de-la-banque-mondiale\/#primaryimage"},"image":{"@id":"https:\/\/dpress.ma\/fr\/2023\/02\/18\/visite-au-maroc-du-directeur-general-des-operations-de-la-banque-mondiale\/#primaryimage"},"thumbnailUrl":"https:\/\/dpress.ma\/fr\/wp-content\/uploads\/sites\/2\/2023\/02\/dimensions2-52.jpg","datePublished":"2023-02-18T09:56:06+00:00","dateModified":"2023-02-18T09:56:07+00:00","author":{"@id":"https:\/\/dpress.ma\/fr\/#\/schema\/person\/4898febf3ccd59e6578d838656a306a0"},"breadcrumb":{"@id":"https:\/\/dpress.ma\/fr\/2023\/02\/18\/visite-au-maroc-du-directeur-general-des-operations-de-la-banque-mondiale\/#breadcrumb"},"inLanguage":"fr-FR","potentialAction":[{"@type":"ReadAction","target":["https:\/\/dpress.ma\/fr\/2023\/02\/18\/visite-au-maroc-du-directeur-general-des-operations-de-la-banque-mondiale\/"]}]},{"@type":"ImageObject","inLanguage":"fr-FR","@id":"https:\/\/dpress.ma\/fr\/2023\/02\/18\/visite-au-maroc-du-directeur-general-des-operations-de-la-banque-mondiale\/#primaryimage","url":"https:\/\/dpress.ma\/fr\/wp-content\/uploads\/sites\/2\/2023\/02\/dimensions2-52.jpg","contentUrl":"https:\/\/dpress.ma\/fr\/wp-content\/uploads\/sites\/2\/2023\/02\/dimensions2-52.jpg","width":2539,"height":1594},{"@type":"BreadcrumbList","@id":"https:\/\/dpress.ma\/fr\/2023\/02\/18\/visite-au-maroc-du-directeur-general-des-operations-de-la-banque-mondiale\/#breadcrumb","itemListElement":[{"@type":"ListItem","position":1,"name":"Home","item":"https:\/\/dpress.ma\/fr\/"},{"@type":"ListItem","position":2,"name":"Visite au Maroc du directeur g\u00e9n\u00e9ral des Op\u00e9rations de la Banque mondiale"}]},{"@type":"WebSite","@id":"https:\/\/dpress.ma\/fr\/#website","url":"https:\/\/dpress.ma\/fr\/","name":"Dpress.ma\/fr","description":"","potentialAction":[{"@type":"SearchAction","target":{"@type":"EntryPoint","urlTemplate":"https:\/\/dpress.ma\/fr\/?s={search_term_string}"},"query-input":{"@type":"PropertyValueSpecification","valueRequired":true,"valueName":"search_term_string"}}],"inLanguage":"fr-FR"},{"@type":"Person","@id":"https:\/\/dpress.ma\/fr\/#\/schema\/person\/4898febf3ccd59e6578d838656a306a0","name":"Dpress.ma","image":{"@type":"ImageObject","inLanguage":"fr-FR","@id":"https:\/\/secure.gravatar.com\/avatar\/72ecc30e9db047a2e0e7176561eb9d564ed77c8108376495b19bd8336405198a?s=96&d=mm&r=g","url":"https:\/\/secure.gravatar.com\/avatar\/72ecc30e9db047a2e0e7176561eb9d564ed77c8108376495b19bd8336405198a?s=96&d=mm&r=g","contentUrl":"https:\/\/secure.gravatar.com\/avatar\/72ecc30e9db047a2e0e7176561eb9d564ed77c8108376495b19bd8336405198a?s=96&d=mm&r=g","caption":"Dpress.ma"},"sameAs":["https:\/\/www.dpress.ma"],"url":"https:\/\/dpress.ma\/fr\/author\/dpress-ma\/"}]}},"amp_enabled":true,"_links":{"self":[{"href":"https:\/\/dpress.ma\/fr\/wp-json\/wp\/v2\/posts\/3704","targetHints":{"allow":["GET"]}}],"collection":[{"href":"https:\/\/dpress.ma\/fr\/wp-json\/wp\/v2\/posts"}],"about":[{"href":"https:\/\/dpress.ma\/fr\/wp-json\/wp\/v2\/types\/post"}],"author":[{"embeddable":true,"href":"https:\/\/dpress.ma\/fr\/wp-json\/wp\/v2\/users\/2"}],"replies":[{"embeddable":true,"href":"https:\/\/dpress.ma\/fr\/wp-json\/wp\/v2\/comments?post=3704"}],"version-history":[{"count":1,"href":"https:\/\/dpress.ma\/fr\/wp-json\/wp\/v2\/posts\/3704\/revisions"}],"predecessor-version":[{"id":3706,"href":"https:\/\/dpress.ma\/fr\/wp-json\/wp\/v2\/posts\/3704\/revisions\/3706"}],"wp:featuredmedia":[{"embeddable":true,"href":"https:\/\/dpress.ma\/fr\/wp-json\/wp\/v2\/media\/3705"}],"wp:attachment":[{"href":"https:\/\/dpress.ma\/fr\/wp-json\/wp\/v2\/media?parent=3704"}],"wp:term":[{"taxonomy":"category","embeddable":true,"href":"https:\/\/dpress.ma\/fr\/wp-json\/wp\/v2\/categories?post=3704"},{"taxonomy":"post_tag","embeddable":true,"href":"https:\/\/dpress.ma\/fr\/wp-json\/wp\/v2\/tags?post=3704"}],"curies":[{"name":"wp","href":"https:\/\/api.w.org\/{rel}","templated":true}]}}