{"id":3693,"date":"2023-02-17T16:48:05","date_gmt":"2023-02-17T16:48:05","guid":{"rendered":"https:\/\/dpress.ma\/fr\/?p=3693"},"modified":"2023-02-17T16:48:07","modified_gmt":"2023-02-17T16:48:07","slug":"ua-le-chef-du-gouvernement-represente-sm-le-roi-a-la-2eme-conference-des-chefs-detat-et-de-gouvernement-de-la-commission-climat-pour-le-sahel-et-au-sommet-de-lua","status":"publish","type":"post","link":"https:\/\/dpress.ma\/fr\/2023\/02\/17\/ua-le-chef-du-gouvernement-represente-sm-le-roi-a-la-2eme-conference-des-chefs-detat-et-de-gouvernement-de-la-commission-climat-pour-le-sahel-et-au-sommet-de-lua\/","title":{"rendered":"UA: Le Chef du gouvernement repr\u00e9sente SM le Roi \u00e0 la 2eme conf\u00e9rence des Chefs d\u2019Etat et de gouvernement de la Commission climat pour le Sahel et au Sommet de l\u2019UA"},"content":{"rendered":"\n<p>Dpress<\/p>\n\n\n\n<p>&nbsp;Le Chef du gouvernement, Aziz Akhannouch, repr\u00e9sente SM le Roi Mohammed VI \u00e0 la 2eme conf\u00e9rence des Chefs d\u2019Etat et de gouvernement de la Commission climat pour la r\u00e9gion du Sahel qui se tient ce vendredi au si\u00e8ge de l\u2019Union africaine \u00e0 Addis-Abeba.<\/p>\n\n\n\n<p>Le Chef du gouvernement repr\u00e9sente \u00e9galement SM le Roi Mohammed VI au 36eme Sommet des Chefs d\u2019Etat et de gouvernement de l\u2019Union africaine qui se tient \u00e0 Addis-Abeba les 18 et 19 f\u00e9vrier courant.<\/p>\n\n\n\n<p>La d\u00e9l\u00e9gation marocaine prenant part \u00e0 ce Sommet est compos\u00e9e notamment du ministre des Affaires \u00e9trang\u00e8res, de la Coop\u00e9ration africaine et des Marocains r\u00e9sidant \u00e0 l\u2019\u00e9tranger, Nasser Bourita, l\u2019Ambassadeur Repr\u00e9sentant permanent du Royaume aupr\u00e8s de l\u2019Union africaine et la CEA-ONU, Mohamed Arrouchi et l\u2019Ambassadeur Directeur G\u00e9n\u00e9ral de l\u2019Agence Marocaine de Coop\u00e9ration Internationale (AMCI), Mohamed Methqal.<\/p>\n\n\n\n<p>Le Sommet de l\u2019Union africaine se penchera, entre autres, sur la r\u00e9forme institutionnelle de l\u2019Union, l\u2019\u00e9tat de la paix et de la s\u00e9curit\u00e9 dans le continent, l\u2019octroi d\u2019un si\u00e8ge \u00e0 l\u2019UA au sein du G20, la crise alimentaire mondiale, la r\u00e9ponse de l\u2019UA la pand\u00e9mie de la Covid-19, l\u2019\u00e9valuation du premier plan d\u00e9cennal de la mise en oeuvre de l\u2019Agenda 2063 et les questions relatives \u00e0 la Zone de libre-\u00e9change continentale (ZLECAF) et au changement climatique.<\/p>\n","protected":false},"excerpt":{"rendered":"<p>Dpress &nbsp;Le Chef du gouvernement, Aziz Akhannouch, repr\u00e9sente SM le Roi Mohammed VI \u00e0 la 2eme conf\u00e9rence des Chefs d\u2019Etat et de gouvernement de la Commission climat pour la r\u00e9gion du Sahel qui se tient ce vendredi au si\u00e8ge de l\u2019Union africaine \u00e0 Addis-Abeba. Le Chef du gouvernement repr\u00e9sente \u00e9galement SM le Roi Mohammed VI &hellip;<\/p>\n","protected":false},"author":2,"featured_media":3222,"comment_status":"open","ping_status":"open","sticky":false,"template":"","format":"standard","meta":{"footnotes":""},"categories":[26],"tags":[],"class_list":["post-3693","post","type-post","status-publish","format-standard","has-post-thumbnail","hentry","category-politiques"],"yoast_head":"<!-- This site is optimized with the Yoast SEO plugin v27.5 - https:\/\/yoast.com\/product\/yoast-seo-wordpress\/ -->\n<title>UA: Le Chef du gouvernement repr\u00e9sente SM le Roi \u00e0 la 2eme conf\u00e9rence des Chefs d\u2019Etat et de gouvernement de la Commission climat pour le Sahel et au Sommet de l\u2019UA - Dpress.ma\/fr<\/title>\n<meta name=\"description\" content=\"Le Chef du gouvernement, Aziz Akhannouch, repr\u00e9sente SM le Roi Mohammed VI \u00e0 la 2eme conf\u00e9rence des Chefs d\u2019Etat et de gouvernement de la Commission climat pour la r\u00e9gion du Sahel qui se tient ce vendredi au si\u00e8ge de l\u2019Union africaine \u00e0 Addis-Abeba.\" \/>\n<meta name=\"robots\" content=\"index, follow, max-snippet:-1, max-image-preview:large, max-video-preview:-1\" \/>\n<link rel=\"canonical\" href=\"https:\/\/dpress.ma\/fr\/2023\/02\/17\/ua-le-chef-du-gouvernement-represente-sm-le-roi-a-la-2eme-conference-des-chefs-detat-et-de-gouvernement-de-la-commission-climat-pour-le-sahel-et-au-sommet-de-lua\/\" \/>\n<meta property=\"og:locale\" content=\"fr_FR\" \/>\n<meta property=\"og:type\" content=\"article\" \/>\n<meta property=\"og:title\" content=\"UA: Le Chef du gouvernement repr\u00e9sente SM le Roi \u00e0 la 2eme conf\u00e9rence des Chefs d\u2019Etat et de gouvernement de la Commission climat pour le Sahel et au Sommet de l\u2019UA - Dpress.ma\/fr\" \/>\n<meta property=\"og:description\" content=\"Le Chef du gouvernement, Aziz Akhannouch, repr\u00e9sente SM le Roi Mohammed VI \u00e0 la 2eme conf\u00e9rence des Chefs d\u2019Etat et de gouvernement de la Commission climat pour la r\u00e9gion du Sahel qui se tient ce vendredi au si\u00e8ge de l\u2019Union africaine \u00e0 Addis-Abeba.\" \/>\n<meta property=\"og:url\" content=\"https:\/\/dpress.ma\/fr\/2023\/02\/17\/ua-le-chef-du-gouvernement-represente-sm-le-roi-a-la-2eme-conference-des-chefs-detat-et-de-gouvernement-de-la-commission-climat-pour-le-sahel-et-au-sommet-de-lua\/\" \/>\n<meta property=\"og:site_name\" content=\"Dpress.ma\/fr\" \/>\n<meta property=\"article:published_time\" content=\"2023-02-17T16:48:05+00:00\" \/>\n<meta property=\"article:modified_time\" content=\"2023-02-17T16:48:07+00:00\" \/>\n<meta property=\"og:image\" content=\"https:\/\/dpress.ma\/fr\/wp-content\/uploads\/sites\/2\/2023\/01\/dimensions2-18.jpg\" \/>\n\t<meta property=\"og:image:width\" content=\"2539\" \/>\n\t<meta property=\"og:image:height\" content=\"1594\" \/>\n\t<meta property=\"og:image:type\" content=\"image\/jpeg\" \/>\n<meta name=\"author\" content=\"Dpress.ma\" \/>\n<meta name=\"twitter:card\" content=\"summary_large_image\" \/>\n<meta name=\"twitter:label1\" content=\"\u00c9crit par\" \/>\n\t<meta name=\"twitter:data1\" content=\"Dpress.ma\" \/>\n\t<meta name=\"twitter:label2\" content=\"Dur\u00e9e de lecture estim\u00e9e\" \/>\n\t<meta name=\"twitter:data2\" content=\"2 minutes\" \/>\n<script type=\"application\/ld+json\" class=\"yoast-schema-graph\">{\"@context\":\"https:\\\/\\\/schema.org\",\"@graph\":[{\"@type\":\"Article\",\"@id\":\"https:\\\/\\\/dpress.ma\\\/fr\\\/2023\\\/02\\\/17\\\/ua-le-chef-du-gouvernement-represente-sm-le-roi-a-la-2eme-conference-des-chefs-detat-et-de-gouvernement-de-la-commission-climat-pour-le-sahel-et-au-sommet-de-lua\\\/#article\",\"isPartOf\":{\"@id\":\"https:\\\/\\\/dpress.ma\\\/fr\\\/2023\\\/02\\\/17\\\/ua-le-chef-du-gouvernement-represente-sm-le-roi-a-la-2eme-conference-des-chefs-detat-et-de-gouvernement-de-la-commission-climat-pour-le-sahel-et-au-sommet-de-lua\\\/\"},\"author\":{\"name\":\"Dpress.ma\",\"@id\":\"https:\\\/\\\/dpress.ma\\\/fr\\\/#\\\/schema\\\/person\\\/4898febf3ccd59e6578d838656a306a0\"},\"headline\":\"UA: Le Chef du gouvernement repr\u00e9sente SM le Roi \u00e0 la 2eme conf\u00e9rence des Chefs d\u2019Etat et de gouvernement de la Commission climat pour le Sahel et au Sommet de l\u2019UA\",\"datePublished\":\"2023-02-17T16:48:05+00:00\",\"dateModified\":\"2023-02-17T16:48:07+00:00\",\"mainEntityOfPage\":{\"@id\":\"https:\\\/\\\/dpress.ma\\\/fr\\\/2023\\\/02\\\/17\\\/ua-le-chef-du-gouvernement-represente-sm-le-roi-a-la-2eme-conference-des-chefs-detat-et-de-gouvernement-de-la-commission-climat-pour-le-sahel-et-au-sommet-de-lua\\\/\"},\"wordCount\":276,\"commentCount\":0,\"image\":{\"@id\":\"https:\\\/\\\/dpress.ma\\\/fr\\\/2023\\\/02\\\/17\\\/ua-le-chef-du-gouvernement-represente-sm-le-roi-a-la-2eme-conference-des-chefs-detat-et-de-gouvernement-de-la-commission-climat-pour-le-sahel-et-au-sommet-de-lua\\\/#primaryimage\"},\"thumbnailUrl\":\"https:\\\/\\\/dpress.ma\\\/fr\\\/wp-content\\\/uploads\\\/sites\\\/2\\\/2023\\\/01\\\/dimensions2-18.jpg\",\"articleSection\":[\"Politiques\"],\"inLanguage\":\"fr-FR\",\"potentialAction\":[{\"@type\":\"CommentAction\",\"name\":\"Comment\",\"target\":[\"https:\\\/\\\/dpress.ma\\\/fr\\\/2023\\\/02\\\/17\\\/ua-le-chef-du-gouvernement-represente-sm-le-roi-a-la-2eme-conference-des-chefs-detat-et-de-gouvernement-de-la-commission-climat-pour-le-sahel-et-au-sommet-de-lua\\\/#respond\"]}]},{\"@type\":\"WebPage\",\"@id\":\"https:\\\/\\\/dpress.ma\\\/fr\\\/2023\\\/02\\\/17\\\/ua-le-chef-du-gouvernement-represente-sm-le-roi-a-la-2eme-conference-des-chefs-detat-et-de-gouvernement-de-la-commission-climat-pour-le-sahel-et-au-sommet-de-lua\\\/\",\"url\":\"https:\\\/\\\/dpress.ma\\\/fr\\\/2023\\\/02\\\/17\\\/ua-le-chef-du-gouvernement-represente-sm-le-roi-a-la-2eme-conference-des-chefs-detat-et-de-gouvernement-de-la-commission-climat-pour-le-sahel-et-au-sommet-de-lua\\\/\",\"name\":\"UA: Le Chef du gouvernement repr\u00e9sente SM le Roi \u00e0 la 2eme conf\u00e9rence des Chefs d\u2019Etat et de gouvernement de la Commission climat pour le Sahel et au Sommet de l\u2019UA - Dpress.ma\\\/fr\",\"isPartOf\":{\"@id\":\"https:\\\/\\\/dpress.ma\\\/fr\\\/#website\"},\"primaryImageOfPage\":{\"@id\":\"https:\\\/\\\/dpress.ma\\\/fr\\\/2023\\\/02\\\/17\\\/ua-le-chef-du-gouvernement-represente-sm-le-roi-a-la-2eme-conference-des-chefs-detat-et-de-gouvernement-de-la-commission-climat-pour-le-sahel-et-au-sommet-de-lua\\\/#primaryimage\"},\"image\":{\"@id\":\"https:\\\/\\\/dpress.ma\\\/fr\\\/2023\\\/02\\\/17\\\/ua-le-chef-du-gouvernement-represente-sm-le-roi-a-la-2eme-conference-des-chefs-detat-et-de-gouvernement-de-la-commission-climat-pour-le-sahel-et-au-sommet-de-lua\\\/#primaryimage\"},\"thumbnailUrl\":\"https:\\\/\\\/dpress.ma\\\/fr\\\/wp-content\\\/uploads\\\/sites\\\/2\\\/2023\\\/01\\\/dimensions2-18.jpg\",\"datePublished\":\"2023-02-17T16:48:05+00:00\",\"dateModified\":\"2023-02-17T16:48:07+00:00\",\"author\":{\"@id\":\"https:\\\/\\\/dpress.ma\\\/fr\\\/#\\\/schema\\\/person\\\/4898febf3ccd59e6578d838656a306a0\"},\"description\":\"Le Chef du gouvernement, Aziz Akhannouch, repr\u00e9sente SM le Roi Mohammed VI \u00e0 la 2eme conf\u00e9rence des Chefs d\u2019Etat et de gouvernement de la Commission climat pour la r\u00e9gion du Sahel qui se tient ce vendredi au si\u00e8ge de l\u2019Union africaine \u00e0 Addis-Abeba.\",\"breadcrumb\":{\"@id\":\"https:\\\/\\\/dpress.ma\\\/fr\\\/2023\\\/02\\\/17\\\/ua-le-chef-du-gouvernement-represente-sm-le-roi-a-la-2eme-conference-des-chefs-detat-et-de-gouvernement-de-la-commission-climat-pour-le-sahel-et-au-sommet-de-lua\\\/#breadcrumb\"},\"inLanguage\":\"fr-FR\",\"potentialAction\":[{\"@type\":\"ReadAction\",\"target\":[\"https:\\\/\\\/dpress.ma\\\/fr\\\/2023\\\/02\\\/17\\\/ua-le-chef-du-gouvernement-represente-sm-le-roi-a-la-2eme-conference-des-chefs-detat-et-de-gouvernement-de-la-commission-climat-pour-le-sahel-et-au-sommet-de-lua\\\/\"]}]},{\"@type\":\"ImageObject\",\"inLanguage\":\"fr-FR\",\"@id\":\"https:\\\/\\\/dpress.ma\\\/fr\\\/2023\\\/02\\\/17\\\/ua-le-chef-du-gouvernement-represente-sm-le-roi-a-la-2eme-conference-des-chefs-detat-et-de-gouvernement-de-la-commission-climat-pour-le-sahel-et-au-sommet-de-lua\\\/#primaryimage\",\"url\":\"https:\\\/\\\/dpress.ma\\\/fr\\\/wp-content\\\/uploads\\\/sites\\\/2\\\/2023\\\/01\\\/dimensions2-18.jpg\",\"contentUrl\":\"https:\\\/\\\/dpress.ma\\\/fr\\\/wp-content\\\/uploads\\\/sites\\\/2\\\/2023\\\/01\\\/dimensions2-18.jpg\",\"width\":2539,\"height\":1594},{\"@type\":\"BreadcrumbList\",\"@id\":\"https:\\\/\\\/dpress.ma\\\/fr\\\/2023\\\/02\\\/17\\\/ua-le-chef-du-gouvernement-represente-sm-le-roi-a-la-2eme-conference-des-chefs-detat-et-de-gouvernement-de-la-commission-climat-pour-le-sahel-et-au-sommet-de-lua\\\/#breadcrumb\",\"itemListElement\":[{\"@type\":\"ListItem\",\"position\":1,\"name\":\"Home\",\"item\":\"https:\\\/\\\/dpress.ma\\\/fr\\\/\"},{\"@type\":\"ListItem\",\"position\":2,\"name\":\"UA: Le Chef du gouvernement repr\u00e9sente SM le Roi \u00e0 la 2eme conf\u00e9rence des Chefs d\u2019Etat et de gouvernement de la Commission climat pour le Sahel et au Sommet de l\u2019UA\"}]},{\"@type\":\"WebSite\",\"@id\":\"https:\\\/\\\/dpress.ma\\\/fr\\\/#website\",\"url\":\"https:\\\/\\\/dpress.ma\\\/fr\\\/\",\"name\":\"Dpress.ma\\\/fr\",\"description\":\"\",\"potentialAction\":[{\"@type\":\"SearchAction\",\"target\":{\"@type\":\"EntryPoint\",\"urlTemplate\":\"https:\\\/\\\/dpress.ma\\\/fr\\\/?s={search_term_string}\"},\"query-input\":{\"@type\":\"PropertyValueSpecification\",\"valueRequired\":true,\"valueName\":\"search_term_string\"}}],\"inLanguage\":\"fr-FR\"},{\"@type\":\"Person\",\"@id\":\"https:\\\/\\\/dpress.ma\\\/fr\\\/#\\\/schema\\\/person\\\/4898febf3ccd59e6578d838656a306a0\",\"name\":\"Dpress.ma\",\"image\":{\"@type\":\"ImageObject\",\"inLanguage\":\"fr-FR\",\"@id\":\"https:\\\/\\\/secure.gravatar.com\\\/avatar\\\/72ecc30e9db047a2e0e7176561eb9d564ed77c8108376495b19bd8336405198a?s=96&d=mm&r=g\",\"url\":\"https:\\\/\\\/secure.gravatar.com\\\/avatar\\\/72ecc30e9db047a2e0e7176561eb9d564ed77c8108376495b19bd8336405198a?s=96&d=mm&r=g\",\"contentUrl\":\"https:\\\/\\\/secure.gravatar.com\\\/avatar\\\/72ecc30e9db047a2e0e7176561eb9d564ed77c8108376495b19bd8336405198a?s=96&d=mm&r=g\",\"caption\":\"Dpress.ma\"},\"sameAs\":[\"https:\\\/\\\/www.dpress.ma\"],\"url\":\"https:\\\/\\\/dpress.ma\\\/fr\\\/author\\\/dpress-ma\\\/\"}]}<\/script>\n<!-- \/ Yoast SEO plugin. -->","yoast_head_json":{"title":"UA: Le Chef du gouvernement repr\u00e9sente SM le Roi \u00e0 la 2eme conf\u00e9rence des Chefs d\u2019Etat et de gouvernement de la Commission climat pour le Sahel et au Sommet de l\u2019UA - Dpress.ma\/fr","description":"Le Chef du gouvernement, Aziz Akhannouch, repr\u00e9sente SM le Roi Mohammed VI \u00e0 la 2eme conf\u00e9rence des Chefs d\u2019Etat et de gouvernement de la Commission climat pour la r\u00e9gion du Sahel qui se tient ce vendredi au si\u00e8ge de l\u2019Union africaine \u00e0 Addis-Abeba.","robots":{"index":"index","follow":"follow","max-snippet":"max-snippet:-1","max-image-preview":"max-image-preview:large","max-video-preview":"max-video-preview:-1"},"canonical":"https:\/\/dpress.ma\/fr\/2023\/02\/17\/ua-le-chef-du-gouvernement-represente-sm-le-roi-a-la-2eme-conference-des-chefs-detat-et-de-gouvernement-de-la-commission-climat-pour-le-sahel-et-au-sommet-de-lua\/","og_locale":"fr_FR","og_type":"article","og_title":"UA: Le Chef du gouvernement repr\u00e9sente SM le Roi \u00e0 la 2eme conf\u00e9rence des Chefs d\u2019Etat et de gouvernement de la Commission climat pour le Sahel et au Sommet de l\u2019UA - Dpress.ma\/fr","og_description":"Le Chef du gouvernement, Aziz Akhannouch, repr\u00e9sente SM le Roi Mohammed VI \u00e0 la 2eme conf\u00e9rence des Chefs d\u2019Etat et de gouvernement de la Commission climat pour la r\u00e9gion du Sahel qui se tient ce vendredi au si\u00e8ge de l\u2019Union africaine \u00e0 Addis-Abeba.","og_url":"https:\/\/dpress.ma\/fr\/2023\/02\/17\/ua-le-chef-du-gouvernement-represente-sm-le-roi-a-la-2eme-conference-des-chefs-detat-et-de-gouvernement-de-la-commission-climat-pour-le-sahel-et-au-sommet-de-lua\/","og_site_name":"Dpress.ma\/fr","article_published_time":"2023-02-17T16:48:05+00:00","article_modified_time":"2023-02-17T16:48:07+00:00","og_image":[{"width":2539,"height":1594,"url":"https:\/\/dpress.ma\/fr\/wp-content\/uploads\/sites\/2\/2023\/01\/dimensions2-18.jpg","type":"image\/jpeg"}],"author":"Dpress.ma","twitter_card":"summary_large_image","twitter_misc":{"\u00c9crit par":"Dpress.ma","Dur\u00e9e de lecture estim\u00e9e":"2 minutes"},"schema":{"@context":"https:\/\/schema.org","@graph":[{"@type":"Article","@id":"https:\/\/dpress.ma\/fr\/2023\/02\/17\/ua-le-chef-du-gouvernement-represente-sm-le-roi-a-la-2eme-conference-des-chefs-detat-et-de-gouvernement-de-la-commission-climat-pour-le-sahel-et-au-sommet-de-lua\/#article","isPartOf":{"@id":"https:\/\/dpress.ma\/fr\/2023\/02\/17\/ua-le-chef-du-gouvernement-represente-sm-le-roi-a-la-2eme-conference-des-chefs-detat-et-de-gouvernement-de-la-commission-climat-pour-le-sahel-et-au-sommet-de-lua\/"},"author":{"name":"Dpress.ma","@id":"https:\/\/dpress.ma\/fr\/#\/schema\/person\/4898febf3ccd59e6578d838656a306a0"},"headline":"UA: Le Chef du gouvernement repr\u00e9sente SM le Roi \u00e0 la 2eme conf\u00e9rence des Chefs d\u2019Etat et de gouvernement de la Commission climat pour le Sahel et au Sommet de l\u2019UA","datePublished":"2023-02-17T16:48:05+00:00","dateModified":"2023-02-17T16:48:07+00:00","mainEntityOfPage":{"@id":"https:\/\/dpress.ma\/fr\/2023\/02\/17\/ua-le-chef-du-gouvernement-represente-sm-le-roi-a-la-2eme-conference-des-chefs-detat-et-de-gouvernement-de-la-commission-climat-pour-le-sahel-et-au-sommet-de-lua\/"},"wordCount":276,"commentCount":0,"image":{"@id":"https:\/\/dpress.ma\/fr\/2023\/02\/17\/ua-le-chef-du-gouvernement-represente-sm-le-roi-a-la-2eme-conference-des-chefs-detat-et-de-gouvernement-de-la-commission-climat-pour-le-sahel-et-au-sommet-de-lua\/#primaryimage"},"thumbnailUrl":"https:\/\/dpress.ma\/fr\/wp-content\/uploads\/sites\/2\/2023\/01\/dimensions2-18.jpg","articleSection":["Politiques"],"inLanguage":"fr-FR","potentialAction":[{"@type":"CommentAction","name":"Comment","target":["https:\/\/dpress.ma\/fr\/2023\/02\/17\/ua-le-chef-du-gouvernement-represente-sm-le-roi-a-la-2eme-conference-des-chefs-detat-et-de-gouvernement-de-la-commission-climat-pour-le-sahel-et-au-sommet-de-lua\/#respond"]}]},{"@type":"WebPage","@id":"https:\/\/dpress.ma\/fr\/2023\/02\/17\/ua-le-chef-du-gouvernement-represente-sm-le-roi-a-la-2eme-conference-des-chefs-detat-et-de-gouvernement-de-la-commission-climat-pour-le-sahel-et-au-sommet-de-lua\/","url":"https:\/\/dpress.ma\/fr\/2023\/02\/17\/ua-le-chef-du-gouvernement-represente-sm-le-roi-a-la-2eme-conference-des-chefs-detat-et-de-gouvernement-de-la-commission-climat-pour-le-sahel-et-au-sommet-de-lua\/","name":"UA: Le Chef du gouvernement repr\u00e9sente SM le Roi \u00e0 la 2eme conf\u00e9rence des Chefs d\u2019Etat et de gouvernement de la Commission climat pour le Sahel et au Sommet de l\u2019UA - Dpress.ma\/fr","isPartOf":{"@id":"https:\/\/dpress.ma\/fr\/#website"},"primaryImageOfPage":{"@id":"https:\/\/dpress.ma\/fr\/2023\/02\/17\/ua-le-chef-du-gouvernement-represente-sm-le-roi-a-la-2eme-conference-des-chefs-detat-et-de-gouvernement-de-la-commission-climat-pour-le-sahel-et-au-sommet-de-lua\/#primaryimage"},"image":{"@id":"https:\/\/dpress.ma\/fr\/2023\/02\/17\/ua-le-chef-du-gouvernement-represente-sm-le-roi-a-la-2eme-conference-des-chefs-detat-et-de-gouvernement-de-la-commission-climat-pour-le-sahel-et-au-sommet-de-lua\/#primaryimage"},"thumbnailUrl":"https:\/\/dpress.ma\/fr\/wp-content\/uploads\/sites\/2\/2023\/01\/dimensions2-18.jpg","datePublished":"2023-02-17T16:48:05+00:00","dateModified":"2023-02-17T16:48:07+00:00","author":{"@id":"https:\/\/dpress.ma\/fr\/#\/schema\/person\/4898febf3ccd59e6578d838656a306a0"},"description":"Le Chef du gouvernement, Aziz Akhannouch, repr\u00e9sente SM le Roi Mohammed VI \u00e0 la 2eme conf\u00e9rence des Chefs d\u2019Etat et de gouvernement de la Commission climat pour la r\u00e9gion du Sahel qui se tient ce vendredi au si\u00e8ge de l\u2019Union africaine \u00e0 Addis-Abeba.","breadcrumb":{"@id":"https:\/\/dpress.ma\/fr\/2023\/02\/17\/ua-le-chef-du-gouvernement-represente-sm-le-roi-a-la-2eme-conference-des-chefs-detat-et-de-gouvernement-de-la-commission-climat-pour-le-sahel-et-au-sommet-de-lua\/#breadcrumb"},"inLanguage":"fr-FR","potentialAction":[{"@type":"ReadAction","target":["https:\/\/dpress.ma\/fr\/2023\/02\/17\/ua-le-chef-du-gouvernement-represente-sm-le-roi-a-la-2eme-conference-des-chefs-detat-et-de-gouvernement-de-la-commission-climat-pour-le-sahel-et-au-sommet-de-lua\/"]}]},{"@type":"ImageObject","inLanguage":"fr-FR","@id":"https:\/\/dpress.ma\/fr\/2023\/02\/17\/ua-le-chef-du-gouvernement-represente-sm-le-roi-a-la-2eme-conference-des-chefs-detat-et-de-gouvernement-de-la-commission-climat-pour-le-sahel-et-au-sommet-de-lua\/#primaryimage","url":"https:\/\/dpress.ma\/fr\/wp-content\/uploads\/sites\/2\/2023\/01\/dimensions2-18.jpg","contentUrl":"https:\/\/dpress.ma\/fr\/wp-content\/uploads\/sites\/2\/2023\/01\/dimensions2-18.jpg","width":2539,"height":1594},{"@type":"BreadcrumbList","@id":"https:\/\/dpress.ma\/fr\/2023\/02\/17\/ua-le-chef-du-gouvernement-represente-sm-le-roi-a-la-2eme-conference-des-chefs-detat-et-de-gouvernement-de-la-commission-climat-pour-le-sahel-et-au-sommet-de-lua\/#breadcrumb","itemListElement":[{"@type":"ListItem","position":1,"name":"Home","item":"https:\/\/dpress.ma\/fr\/"},{"@type":"ListItem","position":2,"name":"UA: Le Chef du gouvernement repr\u00e9sente SM le Roi \u00e0 la 2eme conf\u00e9rence des Chefs d\u2019Etat et de gouvernement de la Commission climat pour le Sahel et au Sommet de l\u2019UA"}]},{"@type":"WebSite","@id":"https:\/\/dpress.ma\/fr\/#website","url":"https:\/\/dpress.ma\/fr\/","name":"Dpress.ma\/fr","description":"","potentialAction":[{"@type":"SearchAction","target":{"@type":"EntryPoint","urlTemplate":"https:\/\/dpress.ma\/fr\/?s={search_term_string}"},"query-input":{"@type":"PropertyValueSpecification","valueRequired":true,"valueName":"search_term_string"}}],"inLanguage":"fr-FR"},{"@type":"Person","@id":"https:\/\/dpress.ma\/fr\/#\/schema\/person\/4898febf3ccd59e6578d838656a306a0","name":"Dpress.ma","image":{"@type":"ImageObject","inLanguage":"fr-FR","@id":"https:\/\/secure.gravatar.com\/avatar\/72ecc30e9db047a2e0e7176561eb9d564ed77c8108376495b19bd8336405198a?s=96&d=mm&r=g","url":"https:\/\/secure.gravatar.com\/avatar\/72ecc30e9db047a2e0e7176561eb9d564ed77c8108376495b19bd8336405198a?s=96&d=mm&r=g","contentUrl":"https:\/\/secure.gravatar.com\/avatar\/72ecc30e9db047a2e0e7176561eb9d564ed77c8108376495b19bd8336405198a?s=96&d=mm&r=g","caption":"Dpress.ma"},"sameAs":["https:\/\/www.dpress.ma"],"url":"https:\/\/dpress.ma\/fr\/author\/dpress-ma\/"}]}},"amp_enabled":true,"_links":{"self":[{"href":"https:\/\/dpress.ma\/fr\/wp-json\/wp\/v2\/posts\/3693","targetHints":{"allow":["GET"]}}],"collection":[{"href":"https:\/\/dpress.ma\/fr\/wp-json\/wp\/v2\/posts"}],"about":[{"href":"https:\/\/dpress.ma\/fr\/wp-json\/wp\/v2\/types\/post"}],"author":[{"embeddable":true,"href":"https:\/\/dpress.ma\/fr\/wp-json\/wp\/v2\/users\/2"}],"replies":[{"embeddable":true,"href":"https:\/\/dpress.ma\/fr\/wp-json\/wp\/v2\/comments?post=3693"}],"version-history":[{"count":1,"href":"https:\/\/dpress.ma\/fr\/wp-json\/wp\/v2\/posts\/3693\/revisions"}],"predecessor-version":[{"id":3694,"href":"https:\/\/dpress.ma\/fr\/wp-json\/wp\/v2\/posts\/3693\/revisions\/3694"}],"wp:featuredmedia":[{"embeddable":true,"href":"https:\/\/dpress.ma\/fr\/wp-json\/wp\/v2\/media\/3222"}],"wp:attachment":[{"href":"https:\/\/dpress.ma\/fr\/wp-json\/wp\/v2\/media?parent=3693"}],"wp:term":[{"taxonomy":"category","embeddable":true,"href":"https:\/\/dpress.ma\/fr\/wp-json\/wp\/v2\/categories?post=3693"},{"taxonomy":"post_tag","embeddable":true,"href":"https:\/\/dpress.ma\/fr\/wp-json\/wp\/v2\/tags?post=3693"}],"curies":[{"name":"wp","href":"https:\/\/api.w.org\/{rel}","templated":true}]}}