{"id":3691,"date":"2023-02-17T16:45:30","date_gmt":"2023-02-17T16:45:30","guid":{"rendered":"https:\/\/dpress.ma\/fr\/?p=3691"},"modified":"2023-02-17T16:45:34","modified_gmt":"2023-02-17T16:45:34","slug":"sm-le-roi-la-bataille-climatique-du-sahel-ne-peut-etre-gagnee-que-par-la-mobilisation-optimale-des-ressources-propres-de-ses-etats-et-un-soutien-financier-international","status":"publish","type":"post","link":"https:\/\/dpress.ma\/fr\/2023\/02\/17\/sm-le-roi-la-bataille-climatique-du-sahel-ne-peut-etre-gagnee-que-par-la-mobilisation-optimale-des-ressources-propres-de-ses-etats-et-un-soutien-financier-international\/","title":{"rendered":"SM le Roi: La bataille climatique du Sahel ne peut \u00eatre gagn\u00e9e que par la mobilisation optimale des ressources propres de ses Etats et un soutien financier international"},"content":{"rendered":"\n<p>Dpress<\/p>\n\n\n\n<p>&nbsp;La bataille climatique de la r\u00e9gion du Sahel ne peut \u00eatre gagn\u00e9e que par la mobilisation optimale des ressources propres de ses Etats, a affirm\u00e9 Sa Majest\u00e9 le Roi Mohammed VI, soulignant que cette mobilisation devra \u00eatre r\u00e9solument conjugu\u00e9e \u00e0 un soutien financier international \u00e0 la hauteur des ambitions du Plan d\u2019investissement Climat.<\/p>\n\n\n\n<p>Dans un message adress\u00e9, vendredi, aux participants \u00e0 la 2\u00e8me Conf\u00e9rence des Chefs d\u2019Etat et de Gouvernement de la Commission Climat pour la r\u00e9gion du Sahel, qui se tient \u00e0 Addis-Abeba, le Souverain a affirm\u00e9 que \u201cce pr\u00e9requis se fonde sur la cr\u00e9ation historique, \u00e0 l\u2019issue de la COP27, d\u2019un fonds r\u00e9pondant aux pertes et dommages amplifi\u00e9s par la crise climatique\u201d.<\/p>\n\n\n\n<p>SM le Roi a indiqu\u00e9, dans ce message dont lecture a \u00e9t\u00e9 donn\u00e9e par le Chef du gouvernement, Aziz Akhannouch, que \u201cd\u2019ici 2030, des manifestations climatiques extr\u00eames menacent directement jusqu\u2019\u00e0 118 millions d\u2019Africains parmi les plus pauvres\u201d, notant que dans la sous-r\u00e9gion du G5 Sahel, la pauvret\u00e9 pourrait, selon les estimations, frapper 13,5 millions de personnes suppl\u00e9mentaires d\u2019ici 2050.<\/p>\n\n\n\n<p>\u201cDe surcro\u00eet, en d\u00e9pit de ce bilan alarmant, jusqu\u2019en 2020, notre Continent n\u2019a re\u00e7u que 12% du financement climatique mondial\u201d, a relev\u00e9 le Souverain.<\/p>\n\n\n\n<p>SM le Roi a, dans ce cadre, rappel\u00e9 que le Maroc a honor\u00e9 son engagement en apportant, \u00e0 la Commission Climat pour la r\u00e9gion du Sahel, son appui en mati\u00e8re de renforcement des capacit\u00e9s, d\u2019assistance technique et de soutien financier pour l\u2019\u00e9laboration des \u00e9tudes de faisabilit\u00e9 afin qu\u2019elle finalise son Plan d\u2019Investissement Climatique.<\/p>\n\n\n\n<p>Constant dans son engagement, le Royaume assure d\u2019ores et d\u00e9j\u00e0 l\u2019assistance technique n\u00e9cessaire aux actions de la Commission et il \u0153uvrera, avec la m\u00eame d\u00e9termination, pour mener \u00e0 terme sa feuille de route, a ajout\u00e9 le Souverain.<\/p>\n\n\n\n<p>Se f\u00e9licitant de la voie \u201csage\u201d, celle de l\u2019action r\u00e9gionale coordonn\u00e9e et concert\u00e9e, privil\u00e9gi\u00e9e par les dirigeants africains pour relever les d\u00e9fis de la crise climatique, SM le Roi a indiqu\u00e9 que l\u2019action de l\u2019Afrique continue \u00e0 se heurter \u00e0 de multiples contraintes.<\/p>\n\n\n\n<p>\u201cLa R\u00e9union de Tr\u00e8s Haut Niveau des trois Commissions Climats Africaines, tenue en marge de la COP27 \u00e0 l\u2019initiative de Mes fr\u00e8res, Pr\u00e9sident Macky Sall et Pr\u00e9sident Denis Sassou N\u2019Guesso, illustre cette approche solidaire qu\u2019il conviendrait de consolider\u201d, a poursuivi le Souverain, pr\u00e9cisant que le renforcement de la coordination entre les structures de gouvernance des trois Commissions \u201cnous permettra de renforcer la coh\u00e9rence de notre action commune pour une Afrique plus r\u00e9siliente au changement climatique\u201d.<\/p>\n\n\n\n<p>\u201cLes engagements que Nous avons pris lors du Premier Sommet Africain de l\u2019Action tenu \u00e0 Marrakech en 2016 en marge de la COP22, continueront de guider nos efforts pour que soient assur\u00e9es la r\u00e9silience de notre continent et les ambitions des futures g\u00e9n\u00e9rations africaines\u201d, a conclu SM le Roi.<\/p>\n","protected":false},"excerpt":{"rendered":"<p>Dpress &nbsp;La bataille climatique de la r\u00e9gion du Sahel ne peut \u00eatre gagn\u00e9e que par la mobilisation optimale des ressources propres de ses Etats, a affirm\u00e9 Sa Majest\u00e9 le Roi Mohammed VI, soulignant que cette mobilisation devra \u00eatre r\u00e9solument conjugu\u00e9e \u00e0 un soutien financier international \u00e0 la hauteur des ambitions du Plan d\u2019investissement Climat. Dans &hellip;<\/p>\n","protected":false},"author":2,"featured_media":2526,"comment_status":"open","ping_status":"open","sticky":false,"template":"","format":"standard","meta":{"footnotes":""},"categories":[29],"tags":[],"class_list":["post-3691","post","type-post","status-publish","format-standard","has-post-thumbnail","hentry","category-activites-royales"],"yoast_head":"<!-- This site is optimized with the Yoast SEO plugin v27.5 - https:\/\/yoast.com\/product\/yoast-seo-wordpress\/ -->\n<title>SM le Roi: La bataille climatique du Sahel ne peut \u00eatre gagn\u00e9e que par la mobilisation optimale des ressources propres de ses Etats et un soutien financier international - Dpress.ma\/fr<\/title>\n<meta name=\"description\" content=\"La bataille climatique de la r\u00e9gion du Sahel ne peut \u00eatre gagn\u00e9e que par la mobilisation optimale des ressources propres de ses Etats, a affirm\u00e9 Sa Majest\u00e9 le Roi Mohammed VI, soulignant que cette mobilisation devra \u00eatre r\u00e9solument conjugu\u00e9e \u00e0 un soutien financier international \u00e0 la hauteur des ambitions du Plan d\u2019investissement Climat.\" \/>\n<meta name=\"robots\" content=\"index, follow, max-snippet:-1, max-image-preview:large, max-video-preview:-1\" \/>\n<link rel=\"canonical\" href=\"https:\/\/dpress.ma\/fr\/2023\/02\/17\/sm-le-roi-la-bataille-climatique-du-sahel-ne-peut-etre-gagnee-que-par-la-mobilisation-optimale-des-ressources-propres-de-ses-etats-et-un-soutien-financier-international\/\" \/>\n<meta property=\"og:locale\" content=\"fr_FR\" \/>\n<meta property=\"og:type\" content=\"article\" \/>\n<meta property=\"og:title\" content=\"SM le Roi: La bataille climatique du Sahel ne peut \u00eatre gagn\u00e9e que par la mobilisation optimale des ressources propres de ses Etats et un soutien financier international - Dpress.ma\/fr\" \/>\n<meta property=\"og:description\" content=\"La bataille climatique de la r\u00e9gion du Sahel ne peut \u00eatre gagn\u00e9e que par la mobilisation optimale des ressources propres de ses Etats, a affirm\u00e9 Sa Majest\u00e9 le Roi Mohammed VI, soulignant que cette mobilisation devra \u00eatre r\u00e9solument conjugu\u00e9e \u00e0 un soutien financier international \u00e0 la hauteur des ambitions du Plan d\u2019investissement Climat.\" \/>\n<meta property=\"og:url\" content=\"https:\/\/dpress.ma\/fr\/2023\/02\/17\/sm-le-roi-la-bataille-climatique-du-sahel-ne-peut-etre-gagnee-que-par-la-mobilisation-optimale-des-ressources-propres-de-ses-etats-et-un-soutien-financier-international\/\" \/>\n<meta property=\"og:site_name\" content=\"Dpress.ma\/fr\" \/>\n<meta property=\"article:published_time\" content=\"2023-02-17T16:45:30+00:00\" \/>\n<meta property=\"article:modified_time\" content=\"2023-02-17T16:45:34+00:00\" \/>\n<meta property=\"og:image\" content=\"https:\/\/dpress.ma\/fr\/wp-content\/uploads\/sites\/2\/2022\/11\/dimensions2-31.jpg\" \/>\n\t<meta property=\"og:image:width\" content=\"2539\" \/>\n\t<meta property=\"og:image:height\" content=\"1594\" \/>\n\t<meta property=\"og:image:type\" content=\"image\/jpeg\" \/>\n<meta name=\"author\" content=\"Dpress.ma\" \/>\n<meta name=\"twitter:card\" content=\"summary_large_image\" \/>\n<meta name=\"twitter:label1\" content=\"\u00c9crit par\" \/>\n\t<meta name=\"twitter:data1\" content=\"Dpress.ma\" \/>\n\t<meta name=\"twitter:label2\" content=\"Dur\u00e9e de lecture estim\u00e9e\" \/>\n\t<meta name=\"twitter:data2\" content=\"3 minutes\" \/>\n<script type=\"application\/ld+json\" class=\"yoast-schema-graph\">{\"@context\":\"https:\\\/\\\/schema.org\",\"@graph\":[{\"@type\":\"Article\",\"@id\":\"https:\\\/\\\/dpress.ma\\\/fr\\\/2023\\\/02\\\/17\\\/sm-le-roi-la-bataille-climatique-du-sahel-ne-peut-etre-gagnee-que-par-la-mobilisation-optimale-des-ressources-propres-de-ses-etats-et-un-soutien-financier-international\\\/#article\",\"isPartOf\":{\"@id\":\"https:\\\/\\\/dpress.ma\\\/fr\\\/2023\\\/02\\\/17\\\/sm-le-roi-la-bataille-climatique-du-sahel-ne-peut-etre-gagnee-que-par-la-mobilisation-optimale-des-ressources-propres-de-ses-etats-et-un-soutien-financier-international\\\/\"},\"author\":{\"name\":\"Dpress.ma\",\"@id\":\"https:\\\/\\\/dpress.ma\\\/fr\\\/#\\\/schema\\\/person\\\/4898febf3ccd59e6578d838656a306a0\"},\"headline\":\"SM le Roi: La bataille climatique du Sahel ne peut \u00eatre gagn\u00e9e que par la mobilisation optimale des ressources propres de ses Etats et un soutien financier international\",\"datePublished\":\"2023-02-17T16:45:30+00:00\",\"dateModified\":\"2023-02-17T16:45:34+00:00\",\"mainEntityOfPage\":{\"@id\":\"https:\\\/\\\/dpress.ma\\\/fr\\\/2023\\\/02\\\/17\\\/sm-le-roi-la-bataille-climatique-du-sahel-ne-peut-etre-gagnee-que-par-la-mobilisation-optimale-des-ressources-propres-de-ses-etats-et-un-soutien-financier-international\\\/\"},\"wordCount\":532,\"commentCount\":0,\"image\":{\"@id\":\"https:\\\/\\\/dpress.ma\\\/fr\\\/2023\\\/02\\\/17\\\/sm-le-roi-la-bataille-climatique-du-sahel-ne-peut-etre-gagnee-que-par-la-mobilisation-optimale-des-ressources-propres-de-ses-etats-et-un-soutien-financier-international\\\/#primaryimage\"},\"thumbnailUrl\":\"https:\\\/\\\/dpress.ma\\\/fr\\\/wp-content\\\/uploads\\\/sites\\\/2\\\/2022\\\/11\\\/dimensions2-31.jpg\",\"articleSection\":[\"Activit\u00e9s Royales\"],\"inLanguage\":\"fr-FR\",\"potentialAction\":[{\"@type\":\"CommentAction\",\"name\":\"Comment\",\"target\":[\"https:\\\/\\\/dpress.ma\\\/fr\\\/2023\\\/02\\\/17\\\/sm-le-roi-la-bataille-climatique-du-sahel-ne-peut-etre-gagnee-que-par-la-mobilisation-optimale-des-ressources-propres-de-ses-etats-et-un-soutien-financier-international\\\/#respond\"]}]},{\"@type\":\"WebPage\",\"@id\":\"https:\\\/\\\/dpress.ma\\\/fr\\\/2023\\\/02\\\/17\\\/sm-le-roi-la-bataille-climatique-du-sahel-ne-peut-etre-gagnee-que-par-la-mobilisation-optimale-des-ressources-propres-de-ses-etats-et-un-soutien-financier-international\\\/\",\"url\":\"https:\\\/\\\/dpress.ma\\\/fr\\\/2023\\\/02\\\/17\\\/sm-le-roi-la-bataille-climatique-du-sahel-ne-peut-etre-gagnee-que-par-la-mobilisation-optimale-des-ressources-propres-de-ses-etats-et-un-soutien-financier-international\\\/\",\"name\":\"SM le Roi: La bataille climatique du Sahel ne peut \u00eatre gagn\u00e9e que par la mobilisation optimale des ressources propres de ses Etats et un soutien financier international - Dpress.ma\\\/fr\",\"isPartOf\":{\"@id\":\"https:\\\/\\\/dpress.ma\\\/fr\\\/#website\"},\"primaryImageOfPage\":{\"@id\":\"https:\\\/\\\/dpress.ma\\\/fr\\\/2023\\\/02\\\/17\\\/sm-le-roi-la-bataille-climatique-du-sahel-ne-peut-etre-gagnee-que-par-la-mobilisation-optimale-des-ressources-propres-de-ses-etats-et-un-soutien-financier-international\\\/#primaryimage\"},\"image\":{\"@id\":\"https:\\\/\\\/dpress.ma\\\/fr\\\/2023\\\/02\\\/17\\\/sm-le-roi-la-bataille-climatique-du-sahel-ne-peut-etre-gagnee-que-par-la-mobilisation-optimale-des-ressources-propres-de-ses-etats-et-un-soutien-financier-international\\\/#primaryimage\"},\"thumbnailUrl\":\"https:\\\/\\\/dpress.ma\\\/fr\\\/wp-content\\\/uploads\\\/sites\\\/2\\\/2022\\\/11\\\/dimensions2-31.jpg\",\"datePublished\":\"2023-02-17T16:45:30+00:00\",\"dateModified\":\"2023-02-17T16:45:34+00:00\",\"author\":{\"@id\":\"https:\\\/\\\/dpress.ma\\\/fr\\\/#\\\/schema\\\/person\\\/4898febf3ccd59e6578d838656a306a0\"},\"description\":\"La bataille climatique de la r\u00e9gion du Sahel ne peut \u00eatre gagn\u00e9e que par la mobilisation optimale des ressources propres de ses Etats, a affirm\u00e9 Sa Majest\u00e9 le Roi Mohammed VI, soulignant que cette mobilisation devra \u00eatre r\u00e9solument conjugu\u00e9e \u00e0 un soutien financier international \u00e0 la hauteur des ambitions du Plan d\u2019investissement Climat.\",\"breadcrumb\":{\"@id\":\"https:\\\/\\\/dpress.ma\\\/fr\\\/2023\\\/02\\\/17\\\/sm-le-roi-la-bataille-climatique-du-sahel-ne-peut-etre-gagnee-que-par-la-mobilisation-optimale-des-ressources-propres-de-ses-etats-et-un-soutien-financier-international\\\/#breadcrumb\"},\"inLanguage\":\"fr-FR\",\"potentialAction\":[{\"@type\":\"ReadAction\",\"target\":[\"https:\\\/\\\/dpress.ma\\\/fr\\\/2023\\\/02\\\/17\\\/sm-le-roi-la-bataille-climatique-du-sahel-ne-peut-etre-gagnee-que-par-la-mobilisation-optimale-des-ressources-propres-de-ses-etats-et-un-soutien-financier-international\\\/\"]}]},{\"@type\":\"ImageObject\",\"inLanguage\":\"fr-FR\",\"@id\":\"https:\\\/\\\/dpress.ma\\\/fr\\\/2023\\\/02\\\/17\\\/sm-le-roi-la-bataille-climatique-du-sahel-ne-peut-etre-gagnee-que-par-la-mobilisation-optimale-des-ressources-propres-de-ses-etats-et-un-soutien-financier-international\\\/#primaryimage\",\"url\":\"https:\\\/\\\/dpress.ma\\\/fr\\\/wp-content\\\/uploads\\\/sites\\\/2\\\/2022\\\/11\\\/dimensions2-31.jpg\",\"contentUrl\":\"https:\\\/\\\/dpress.ma\\\/fr\\\/wp-content\\\/uploads\\\/sites\\\/2\\\/2022\\\/11\\\/dimensions2-31.jpg\",\"width\":2539,\"height\":1594},{\"@type\":\"BreadcrumbList\",\"@id\":\"https:\\\/\\\/dpress.ma\\\/fr\\\/2023\\\/02\\\/17\\\/sm-le-roi-la-bataille-climatique-du-sahel-ne-peut-etre-gagnee-que-par-la-mobilisation-optimale-des-ressources-propres-de-ses-etats-et-un-soutien-financier-international\\\/#breadcrumb\",\"itemListElement\":[{\"@type\":\"ListItem\",\"position\":1,\"name\":\"Home\",\"item\":\"https:\\\/\\\/dpress.ma\\\/fr\\\/\"},{\"@type\":\"ListItem\",\"position\":2,\"name\":\"SM le Roi: La bataille climatique du Sahel ne peut \u00eatre gagn\u00e9e que par la mobilisation optimale des ressources propres de ses Etats et un soutien financier international\"}]},{\"@type\":\"WebSite\",\"@id\":\"https:\\\/\\\/dpress.ma\\\/fr\\\/#website\",\"url\":\"https:\\\/\\\/dpress.ma\\\/fr\\\/\",\"name\":\"Dpress.ma\\\/fr\",\"description\":\"\",\"potentialAction\":[{\"@type\":\"SearchAction\",\"target\":{\"@type\":\"EntryPoint\",\"urlTemplate\":\"https:\\\/\\\/dpress.ma\\\/fr\\\/?s={search_term_string}\"},\"query-input\":{\"@type\":\"PropertyValueSpecification\",\"valueRequired\":true,\"valueName\":\"search_term_string\"}}],\"inLanguage\":\"fr-FR\"},{\"@type\":\"Person\",\"@id\":\"https:\\\/\\\/dpress.ma\\\/fr\\\/#\\\/schema\\\/person\\\/4898febf3ccd59e6578d838656a306a0\",\"name\":\"Dpress.ma\",\"image\":{\"@type\":\"ImageObject\",\"inLanguage\":\"fr-FR\",\"@id\":\"https:\\\/\\\/secure.gravatar.com\\\/avatar\\\/72ecc30e9db047a2e0e7176561eb9d564ed77c8108376495b19bd8336405198a?s=96&d=mm&r=g\",\"url\":\"https:\\\/\\\/secure.gravatar.com\\\/avatar\\\/72ecc30e9db047a2e0e7176561eb9d564ed77c8108376495b19bd8336405198a?s=96&d=mm&r=g\",\"contentUrl\":\"https:\\\/\\\/secure.gravatar.com\\\/avatar\\\/72ecc30e9db047a2e0e7176561eb9d564ed77c8108376495b19bd8336405198a?s=96&d=mm&r=g\",\"caption\":\"Dpress.ma\"},\"sameAs\":[\"https:\\\/\\\/www.dpress.ma\"],\"url\":\"https:\\\/\\\/dpress.ma\\\/fr\\\/author\\\/dpress-ma\\\/\"}]}<\/script>\n<!-- \/ Yoast SEO plugin. -->","yoast_head_json":{"title":"SM le Roi: La bataille climatique du Sahel ne peut \u00eatre gagn\u00e9e que par la mobilisation optimale des ressources propres de ses Etats et un soutien financier international - Dpress.ma\/fr","description":"La bataille climatique de la r\u00e9gion du Sahel ne peut \u00eatre gagn\u00e9e que par la mobilisation optimale des ressources propres de ses Etats, a affirm\u00e9 Sa Majest\u00e9 le Roi Mohammed VI, soulignant que cette mobilisation devra \u00eatre r\u00e9solument conjugu\u00e9e \u00e0 un soutien financier international \u00e0 la hauteur des ambitions du Plan d\u2019investissement Climat.","robots":{"index":"index","follow":"follow","max-snippet":"max-snippet:-1","max-image-preview":"max-image-preview:large","max-video-preview":"max-video-preview:-1"},"canonical":"https:\/\/dpress.ma\/fr\/2023\/02\/17\/sm-le-roi-la-bataille-climatique-du-sahel-ne-peut-etre-gagnee-que-par-la-mobilisation-optimale-des-ressources-propres-de-ses-etats-et-un-soutien-financier-international\/","og_locale":"fr_FR","og_type":"article","og_title":"SM le Roi: La bataille climatique du Sahel ne peut \u00eatre gagn\u00e9e que par la mobilisation optimale des ressources propres de ses Etats et un soutien financier international - Dpress.ma\/fr","og_description":"La bataille climatique de la r\u00e9gion du Sahel ne peut \u00eatre gagn\u00e9e que par la mobilisation optimale des ressources propres de ses Etats, a affirm\u00e9 Sa Majest\u00e9 le Roi Mohammed VI, soulignant que cette mobilisation devra \u00eatre r\u00e9solument conjugu\u00e9e \u00e0 un soutien financier international \u00e0 la hauteur des ambitions du Plan d\u2019investissement Climat.","og_url":"https:\/\/dpress.ma\/fr\/2023\/02\/17\/sm-le-roi-la-bataille-climatique-du-sahel-ne-peut-etre-gagnee-que-par-la-mobilisation-optimale-des-ressources-propres-de-ses-etats-et-un-soutien-financier-international\/","og_site_name":"Dpress.ma\/fr","article_published_time":"2023-02-17T16:45:30+00:00","article_modified_time":"2023-02-17T16:45:34+00:00","og_image":[{"width":2539,"height":1594,"url":"https:\/\/dpress.ma\/fr\/wp-content\/uploads\/sites\/2\/2022\/11\/dimensions2-31.jpg","type":"image\/jpeg"}],"author":"Dpress.ma","twitter_card":"summary_large_image","twitter_misc":{"\u00c9crit par":"Dpress.ma","Dur\u00e9e de lecture estim\u00e9e":"3 minutes"},"schema":{"@context":"https:\/\/schema.org","@graph":[{"@type":"Article","@id":"https:\/\/dpress.ma\/fr\/2023\/02\/17\/sm-le-roi-la-bataille-climatique-du-sahel-ne-peut-etre-gagnee-que-par-la-mobilisation-optimale-des-ressources-propres-de-ses-etats-et-un-soutien-financier-international\/#article","isPartOf":{"@id":"https:\/\/dpress.ma\/fr\/2023\/02\/17\/sm-le-roi-la-bataille-climatique-du-sahel-ne-peut-etre-gagnee-que-par-la-mobilisation-optimale-des-ressources-propres-de-ses-etats-et-un-soutien-financier-international\/"},"author":{"name":"Dpress.ma","@id":"https:\/\/dpress.ma\/fr\/#\/schema\/person\/4898febf3ccd59e6578d838656a306a0"},"headline":"SM le Roi: La bataille climatique du Sahel ne peut \u00eatre gagn\u00e9e que par la mobilisation optimale des ressources propres de ses Etats et un soutien financier international","datePublished":"2023-02-17T16:45:30+00:00","dateModified":"2023-02-17T16:45:34+00:00","mainEntityOfPage":{"@id":"https:\/\/dpress.ma\/fr\/2023\/02\/17\/sm-le-roi-la-bataille-climatique-du-sahel-ne-peut-etre-gagnee-que-par-la-mobilisation-optimale-des-ressources-propres-de-ses-etats-et-un-soutien-financier-international\/"},"wordCount":532,"commentCount":0,"image":{"@id":"https:\/\/dpress.ma\/fr\/2023\/02\/17\/sm-le-roi-la-bataille-climatique-du-sahel-ne-peut-etre-gagnee-que-par-la-mobilisation-optimale-des-ressources-propres-de-ses-etats-et-un-soutien-financier-international\/#primaryimage"},"thumbnailUrl":"https:\/\/dpress.ma\/fr\/wp-content\/uploads\/sites\/2\/2022\/11\/dimensions2-31.jpg","articleSection":["Activit\u00e9s Royales"],"inLanguage":"fr-FR","potentialAction":[{"@type":"CommentAction","name":"Comment","target":["https:\/\/dpress.ma\/fr\/2023\/02\/17\/sm-le-roi-la-bataille-climatique-du-sahel-ne-peut-etre-gagnee-que-par-la-mobilisation-optimale-des-ressources-propres-de-ses-etats-et-un-soutien-financier-international\/#respond"]}]},{"@type":"WebPage","@id":"https:\/\/dpress.ma\/fr\/2023\/02\/17\/sm-le-roi-la-bataille-climatique-du-sahel-ne-peut-etre-gagnee-que-par-la-mobilisation-optimale-des-ressources-propres-de-ses-etats-et-un-soutien-financier-international\/","url":"https:\/\/dpress.ma\/fr\/2023\/02\/17\/sm-le-roi-la-bataille-climatique-du-sahel-ne-peut-etre-gagnee-que-par-la-mobilisation-optimale-des-ressources-propres-de-ses-etats-et-un-soutien-financier-international\/","name":"SM le Roi: La bataille climatique du Sahel ne peut \u00eatre gagn\u00e9e que par la mobilisation optimale des ressources propres de ses Etats et un soutien financier international - Dpress.ma\/fr","isPartOf":{"@id":"https:\/\/dpress.ma\/fr\/#website"},"primaryImageOfPage":{"@id":"https:\/\/dpress.ma\/fr\/2023\/02\/17\/sm-le-roi-la-bataille-climatique-du-sahel-ne-peut-etre-gagnee-que-par-la-mobilisation-optimale-des-ressources-propres-de-ses-etats-et-un-soutien-financier-international\/#primaryimage"},"image":{"@id":"https:\/\/dpress.ma\/fr\/2023\/02\/17\/sm-le-roi-la-bataille-climatique-du-sahel-ne-peut-etre-gagnee-que-par-la-mobilisation-optimale-des-ressources-propres-de-ses-etats-et-un-soutien-financier-international\/#primaryimage"},"thumbnailUrl":"https:\/\/dpress.ma\/fr\/wp-content\/uploads\/sites\/2\/2022\/11\/dimensions2-31.jpg","datePublished":"2023-02-17T16:45:30+00:00","dateModified":"2023-02-17T16:45:34+00:00","author":{"@id":"https:\/\/dpress.ma\/fr\/#\/schema\/person\/4898febf3ccd59e6578d838656a306a0"},"description":"La bataille climatique de la r\u00e9gion du Sahel ne peut \u00eatre gagn\u00e9e que par la mobilisation optimale des ressources propres de ses Etats, a affirm\u00e9 Sa Majest\u00e9 le Roi Mohammed VI, soulignant que cette mobilisation devra \u00eatre r\u00e9solument conjugu\u00e9e \u00e0 un soutien financier international \u00e0 la hauteur des ambitions du Plan d\u2019investissement Climat.","breadcrumb":{"@id":"https:\/\/dpress.ma\/fr\/2023\/02\/17\/sm-le-roi-la-bataille-climatique-du-sahel-ne-peut-etre-gagnee-que-par-la-mobilisation-optimale-des-ressources-propres-de-ses-etats-et-un-soutien-financier-international\/#breadcrumb"},"inLanguage":"fr-FR","potentialAction":[{"@type":"ReadAction","target":["https:\/\/dpress.ma\/fr\/2023\/02\/17\/sm-le-roi-la-bataille-climatique-du-sahel-ne-peut-etre-gagnee-que-par-la-mobilisation-optimale-des-ressources-propres-de-ses-etats-et-un-soutien-financier-international\/"]}]},{"@type":"ImageObject","inLanguage":"fr-FR","@id":"https:\/\/dpress.ma\/fr\/2023\/02\/17\/sm-le-roi-la-bataille-climatique-du-sahel-ne-peut-etre-gagnee-que-par-la-mobilisation-optimale-des-ressources-propres-de-ses-etats-et-un-soutien-financier-international\/#primaryimage","url":"https:\/\/dpress.ma\/fr\/wp-content\/uploads\/sites\/2\/2022\/11\/dimensions2-31.jpg","contentUrl":"https:\/\/dpress.ma\/fr\/wp-content\/uploads\/sites\/2\/2022\/11\/dimensions2-31.jpg","width":2539,"height":1594},{"@type":"BreadcrumbList","@id":"https:\/\/dpress.ma\/fr\/2023\/02\/17\/sm-le-roi-la-bataille-climatique-du-sahel-ne-peut-etre-gagnee-que-par-la-mobilisation-optimale-des-ressources-propres-de-ses-etats-et-un-soutien-financier-international\/#breadcrumb","itemListElement":[{"@type":"ListItem","position":1,"name":"Home","item":"https:\/\/dpress.ma\/fr\/"},{"@type":"ListItem","position":2,"name":"SM le Roi: La bataille climatique du Sahel ne peut \u00eatre gagn\u00e9e que par la mobilisation optimale des ressources propres de ses Etats et un soutien financier international"}]},{"@type":"WebSite","@id":"https:\/\/dpress.ma\/fr\/#website","url":"https:\/\/dpress.ma\/fr\/","name":"Dpress.ma\/fr","description":"","potentialAction":[{"@type":"SearchAction","target":{"@type":"EntryPoint","urlTemplate":"https:\/\/dpress.ma\/fr\/?s={search_term_string}"},"query-input":{"@type":"PropertyValueSpecification","valueRequired":true,"valueName":"search_term_string"}}],"inLanguage":"fr-FR"},{"@type":"Person","@id":"https:\/\/dpress.ma\/fr\/#\/schema\/person\/4898febf3ccd59e6578d838656a306a0","name":"Dpress.ma","image":{"@type":"ImageObject","inLanguage":"fr-FR","@id":"https:\/\/secure.gravatar.com\/avatar\/72ecc30e9db047a2e0e7176561eb9d564ed77c8108376495b19bd8336405198a?s=96&d=mm&r=g","url":"https:\/\/secure.gravatar.com\/avatar\/72ecc30e9db047a2e0e7176561eb9d564ed77c8108376495b19bd8336405198a?s=96&d=mm&r=g","contentUrl":"https:\/\/secure.gravatar.com\/avatar\/72ecc30e9db047a2e0e7176561eb9d564ed77c8108376495b19bd8336405198a?s=96&d=mm&r=g","caption":"Dpress.ma"},"sameAs":["https:\/\/www.dpress.ma"],"url":"https:\/\/dpress.ma\/fr\/author\/dpress-ma\/"}]}},"amp_enabled":true,"_links":{"self":[{"href":"https:\/\/dpress.ma\/fr\/wp-json\/wp\/v2\/posts\/3691","targetHints":{"allow":["GET"]}}],"collection":[{"href":"https:\/\/dpress.ma\/fr\/wp-json\/wp\/v2\/posts"}],"about":[{"href":"https:\/\/dpress.ma\/fr\/wp-json\/wp\/v2\/types\/post"}],"author":[{"embeddable":true,"href":"https:\/\/dpress.ma\/fr\/wp-json\/wp\/v2\/users\/2"}],"replies":[{"embeddable":true,"href":"https:\/\/dpress.ma\/fr\/wp-json\/wp\/v2\/comments?post=3691"}],"version-history":[{"count":1,"href":"https:\/\/dpress.ma\/fr\/wp-json\/wp\/v2\/posts\/3691\/revisions"}],"predecessor-version":[{"id":3692,"href":"https:\/\/dpress.ma\/fr\/wp-json\/wp\/v2\/posts\/3691\/revisions\/3692"}],"wp:featuredmedia":[{"embeddable":true,"href":"https:\/\/dpress.ma\/fr\/wp-json\/wp\/v2\/media\/2526"}],"wp:attachment":[{"href":"https:\/\/dpress.ma\/fr\/wp-json\/wp\/v2\/media?parent=3691"}],"wp:term":[{"taxonomy":"category","embeddable":true,"href":"https:\/\/dpress.ma\/fr\/wp-json\/wp\/v2\/categories?post=3691"},{"taxonomy":"post_tag","embeddable":true,"href":"https:\/\/dpress.ma\/fr\/wp-json\/wp\/v2\/tags?post=3691"}],"curies":[{"name":"wp","href":"https:\/\/api.w.org\/{rel}","templated":true}]}}