{"id":3646,"date":"2023-02-15T15:28:05","date_gmt":"2023-02-15T15:28:05","guid":{"rendered":"https:\/\/dpress.ma\/fr\/?p=3646"},"modified":"2023-02-15T15:28:07","modified_gmt":"2023-02-15T15:28:07","slug":"foot-linternational-marocain-walid-cheddira-fait-rever-bari","status":"publish","type":"post","link":"https:\/\/dpress.ma\/fr\/2023\/02\/15\/foot-linternational-marocain-walid-cheddira-fait-rever-bari\/","title":{"rendered":"Foot: L&rsquo;international marocain Walid Cheddira \u00ab\u00a0fait r\u00eaver Bari\u00a0\u00bb"},"content":{"rendered":"\n<p>Dpress<\/p>\n\n\n\n<p>L\u2019international marocain Walid Cheddira \u00ab\u00a0fait r\u00eaver Bari\u00a0\u00bb, a \u00e9crit, mardi, le quotidien italien TuttoSport, se faisant \u00e9cho des performances \u00ab\u00a0impressionnantes\u00a0\u00bb du Lion de l\u2019Atlas, qui suscitent l\u2019int\u00e9r\u00eat de plusieurs clubs europ\u00e9ens.<\/p>\n\n\n\n<p>En 20 matchs toutes comp\u00e9titions confondues, le joueur a marqu\u00e9 19 buts et d\u00e9livr\u00e9 5 passes d\u00e9cisives. Une \u201csacr\u00e9e performance\u201d, selon le journal sportif turinois.<\/p>\n\n\n\n<p>Gr\u00e2ce \u00e0 son but d\u00e9cisif contre Cosenza, l\u2019attaquant marocain a pu mener les rouges et blancs dans le championnat de Serie B, poursuit-il, rappelant que Walid Cheddira a \u00e9t\u00e9 recrut\u00e9 en 2019 par Parme et pr\u00eat\u00e9 \u00e0 plusieurs formations avant de rejoindre Bari en 2021 dans le cadre d\u2019un pr\u00eat.<\/p>\n\n\n\n<p>D\u2019apr\u00e8s TuttoSport, le Lion de l\u2019Atlas domine actuellement la Serie B avec 14 buts et passe devant l\u2019Italien Matteo Brunor avec 13 buts au compteur. Le r\u00eave est de mener les rouges et blancs dans la derni\u00e8re partie de la saison et d\u2019atteindre la tr\u00e8s convoit\u00e9e Serie A, rel\u00e8ve le quotidien.<\/p>\n\n\n\n<p>N\u00e9 \u00e0 Loreto, dans la r\u00e9gion des Marches, en 1998, sa passion pour le football n\u2019est ni inn\u00e9e ni pr\u00e9coce. Elle lui est transmise par son p\u00e8re Aziz, un ancien footballeur amateur, rel\u00e8ve le journal. Apr\u00e8s quelques exp\u00e9riences dans des \u00e9quipes locales, Cheddira a fait ses d\u00e9buts avec Loreto, atterrissant plus tard \u00e0 Sangiustese.<\/p>\n\n\n\n<p>En 2022, sa carri\u00e8re conna\u00eetra un tournant majeur. Il fait ses d\u00e9buts avec les Lions de l\u2019Atlas, prenant part \u00e0 la Coupe du monde de Qatar, qui a \u00e9t\u00e9 marqu\u00e9e par l\u2019exploit historique de la s\u00e9lection marocaine, premi\u00e8re \u00e9quipe arabe et africaine \u00e0 se qualifier aux demi-finales du Mondial.<\/p>\n\n\n\n<p>A 25 ans, l\u2019histoire de Walid Cheddira n\u2019en est qu\u2019\u00e0 ses d\u00e9buts, conclut le journal italien.<\/p>\n","protected":false},"excerpt":{"rendered":"<p>Dpress L\u2019international marocain Walid Cheddira \u00ab\u00a0fait r\u00eaver Bari\u00a0\u00bb, a \u00e9crit, mardi, le quotidien italien TuttoSport, se faisant \u00e9cho des performances \u00ab\u00a0impressionnantes\u00a0\u00bb du Lion de l\u2019Atlas, qui suscitent l\u2019int\u00e9r\u00eat de plusieurs clubs europ\u00e9ens. En 20 matchs toutes comp\u00e9titions confondues, le joueur a marqu\u00e9 19 buts et d\u00e9livr\u00e9 5 passes d\u00e9cisives. Une \u201csacr\u00e9e performance\u201d, selon le journal &hellip;<\/p>\n","protected":false},"author":2,"featured_media":3647,"comment_status":"open","ping_status":"open","sticky":false,"template":"","format":"standard","meta":{"footnotes":""},"categories":[27],"tags":[],"class_list":["post-3646","post","type-post","status-publish","format-standard","has-post-thumbnail","hentry","category-sport"],"yoast_head":"<!-- This site is optimized with the Yoast SEO plugin v27.5 - https:\/\/yoast.com\/product\/yoast-seo-wordpress\/ -->\n<title>Foot: L&#039;international marocain Walid Cheddira &quot;fait r\u00eaver Bari&quot; - Dpress.ma\/fr<\/title>\n<meta name=\"description\" content=\"L\u2019international marocain Walid Cheddira \u00ab\u00a0fait r\u00eaver Bari\u00a0\u00bb, a \u00e9crit, mardi, le quotidien italien TuttoSport, se faisant \u00e9cho des performances \u00ab\u00a0impressionnantes\u00a0\u00bb du Lion de l\u2019Atlas, qui suscitent l\u2019int\u00e9r\u00eat de plusieurs clubs europ\u00e9ens.\" \/>\n<meta name=\"robots\" content=\"index, follow, max-snippet:-1, max-image-preview:large, max-video-preview:-1\" \/>\n<link rel=\"canonical\" href=\"https:\/\/dpress.ma\/fr\/2023\/02\/15\/foot-linternational-marocain-walid-cheddira-fait-rever-bari\/\" \/>\n<meta property=\"og:locale\" content=\"fr_FR\" \/>\n<meta property=\"og:type\" content=\"article\" \/>\n<meta property=\"og:title\" content=\"Foot: L&#039;international marocain Walid Cheddira &quot;fait r\u00eaver Bari&quot; - Dpress.ma\/fr\" \/>\n<meta property=\"og:description\" content=\"L\u2019international marocain Walid Cheddira \u00ab\u00a0fait r\u00eaver Bari\u00a0\u00bb, a \u00e9crit, mardi, le quotidien italien TuttoSport, se faisant \u00e9cho des performances \u00ab\u00a0impressionnantes\u00a0\u00bb du Lion de l\u2019Atlas, qui suscitent l\u2019int\u00e9r\u00eat de plusieurs clubs europ\u00e9ens.\" \/>\n<meta property=\"og:url\" content=\"https:\/\/dpress.ma\/fr\/2023\/02\/15\/foot-linternational-marocain-walid-cheddira-fait-rever-bari\/\" \/>\n<meta property=\"og:site_name\" content=\"Dpress.ma\/fr\" \/>\n<meta property=\"article:published_time\" content=\"2023-02-15T15:28:05+00:00\" \/>\n<meta property=\"article:modified_time\" content=\"2023-02-15T15:28:07+00:00\" \/>\n<meta property=\"og:image\" content=\"https:\/\/dpress.ma\/fr\/wp-content\/uploads\/sites\/2\/2023\/02\/dimensions2-41.jpg\" \/>\n\t<meta property=\"og:image:width\" content=\"2539\" \/>\n\t<meta property=\"og:image:height\" content=\"1594\" \/>\n\t<meta property=\"og:image:type\" content=\"image\/jpeg\" \/>\n<meta name=\"author\" content=\"Dpress.ma\" \/>\n<meta name=\"twitter:card\" content=\"summary_large_image\" \/>\n<meta name=\"twitter:label1\" content=\"\u00c9crit par\" \/>\n\t<meta name=\"twitter:data1\" content=\"Dpress.ma\" \/>\n\t<meta name=\"twitter:label2\" content=\"Dur\u00e9e de lecture estim\u00e9e\" \/>\n\t<meta name=\"twitter:data2\" content=\"2 minutes\" \/>\n<script type=\"application\/ld+json\" class=\"yoast-schema-graph\">{\"@context\":\"https:\\\/\\\/schema.org\",\"@graph\":[{\"@type\":\"Article\",\"@id\":\"https:\\\/\\\/dpress.ma\\\/fr\\\/2023\\\/02\\\/15\\\/foot-linternational-marocain-walid-cheddira-fait-rever-bari\\\/#article\",\"isPartOf\":{\"@id\":\"https:\\\/\\\/dpress.ma\\\/fr\\\/2023\\\/02\\\/15\\\/foot-linternational-marocain-walid-cheddira-fait-rever-bari\\\/\"},\"author\":{\"name\":\"Dpress.ma\",\"@id\":\"https:\\\/\\\/dpress.ma\\\/fr\\\/#\\\/schema\\\/person\\\/4898febf3ccd59e6578d838656a306a0\"},\"headline\":\"Foot: L&rsquo;international marocain Walid Cheddira \u00ab\u00a0fait r\u00eaver Bari\u00a0\u00bb\",\"datePublished\":\"2023-02-15T15:28:05+00:00\",\"dateModified\":\"2023-02-15T15:28:07+00:00\",\"mainEntityOfPage\":{\"@id\":\"https:\\\/\\\/dpress.ma\\\/fr\\\/2023\\\/02\\\/15\\\/foot-linternational-marocain-walid-cheddira-fait-rever-bari\\\/\"},\"wordCount\":317,\"commentCount\":0,\"image\":{\"@id\":\"https:\\\/\\\/dpress.ma\\\/fr\\\/2023\\\/02\\\/15\\\/foot-linternational-marocain-walid-cheddira-fait-rever-bari\\\/#primaryimage\"},\"thumbnailUrl\":\"https:\\\/\\\/dpress.ma\\\/fr\\\/wp-content\\\/uploads\\\/sites\\\/2\\\/2023\\\/02\\\/dimensions2-41.jpg\",\"articleSection\":[\"Sport\"],\"inLanguage\":\"fr-FR\",\"potentialAction\":[{\"@type\":\"CommentAction\",\"name\":\"Comment\",\"target\":[\"https:\\\/\\\/dpress.ma\\\/fr\\\/2023\\\/02\\\/15\\\/foot-linternational-marocain-walid-cheddira-fait-rever-bari\\\/#respond\"]}]},{\"@type\":\"WebPage\",\"@id\":\"https:\\\/\\\/dpress.ma\\\/fr\\\/2023\\\/02\\\/15\\\/foot-linternational-marocain-walid-cheddira-fait-rever-bari\\\/\",\"url\":\"https:\\\/\\\/dpress.ma\\\/fr\\\/2023\\\/02\\\/15\\\/foot-linternational-marocain-walid-cheddira-fait-rever-bari\\\/\",\"name\":\"Foot: L'international marocain Walid Cheddira \\\"fait r\u00eaver Bari\\\" - Dpress.ma\\\/fr\",\"isPartOf\":{\"@id\":\"https:\\\/\\\/dpress.ma\\\/fr\\\/#website\"},\"primaryImageOfPage\":{\"@id\":\"https:\\\/\\\/dpress.ma\\\/fr\\\/2023\\\/02\\\/15\\\/foot-linternational-marocain-walid-cheddira-fait-rever-bari\\\/#primaryimage\"},\"image\":{\"@id\":\"https:\\\/\\\/dpress.ma\\\/fr\\\/2023\\\/02\\\/15\\\/foot-linternational-marocain-walid-cheddira-fait-rever-bari\\\/#primaryimage\"},\"thumbnailUrl\":\"https:\\\/\\\/dpress.ma\\\/fr\\\/wp-content\\\/uploads\\\/sites\\\/2\\\/2023\\\/02\\\/dimensions2-41.jpg\",\"datePublished\":\"2023-02-15T15:28:05+00:00\",\"dateModified\":\"2023-02-15T15:28:07+00:00\",\"author\":{\"@id\":\"https:\\\/\\\/dpress.ma\\\/fr\\\/#\\\/schema\\\/person\\\/4898febf3ccd59e6578d838656a306a0\"},\"description\":\"L\u2019international marocain Walid Cheddira \u00ab\u00a0fait r\u00eaver Bari\u00a0\u00bb, a \u00e9crit, mardi, le quotidien italien TuttoSport, se faisant \u00e9cho des performances \u00ab\u00a0impressionnantes\u00a0\u00bb du Lion de l\u2019Atlas, qui suscitent l\u2019int\u00e9r\u00eat de plusieurs clubs europ\u00e9ens.\",\"breadcrumb\":{\"@id\":\"https:\\\/\\\/dpress.ma\\\/fr\\\/2023\\\/02\\\/15\\\/foot-linternational-marocain-walid-cheddira-fait-rever-bari\\\/#breadcrumb\"},\"inLanguage\":\"fr-FR\",\"potentialAction\":[{\"@type\":\"ReadAction\",\"target\":[\"https:\\\/\\\/dpress.ma\\\/fr\\\/2023\\\/02\\\/15\\\/foot-linternational-marocain-walid-cheddira-fait-rever-bari\\\/\"]}]},{\"@type\":\"ImageObject\",\"inLanguage\":\"fr-FR\",\"@id\":\"https:\\\/\\\/dpress.ma\\\/fr\\\/2023\\\/02\\\/15\\\/foot-linternational-marocain-walid-cheddira-fait-rever-bari\\\/#primaryimage\",\"url\":\"https:\\\/\\\/dpress.ma\\\/fr\\\/wp-content\\\/uploads\\\/sites\\\/2\\\/2023\\\/02\\\/dimensions2-41.jpg\",\"contentUrl\":\"https:\\\/\\\/dpress.ma\\\/fr\\\/wp-content\\\/uploads\\\/sites\\\/2\\\/2023\\\/02\\\/dimensions2-41.jpg\",\"width\":2539,\"height\":1594},{\"@type\":\"BreadcrumbList\",\"@id\":\"https:\\\/\\\/dpress.ma\\\/fr\\\/2023\\\/02\\\/15\\\/foot-linternational-marocain-walid-cheddira-fait-rever-bari\\\/#breadcrumb\",\"itemListElement\":[{\"@type\":\"ListItem\",\"position\":1,\"name\":\"Home\",\"item\":\"https:\\\/\\\/dpress.ma\\\/fr\\\/\"},{\"@type\":\"ListItem\",\"position\":2,\"name\":\"Foot: L&#8217;international marocain Walid Cheddira &#8220;fait r\u00eaver Bari&#8221;\"}]},{\"@type\":\"WebSite\",\"@id\":\"https:\\\/\\\/dpress.ma\\\/fr\\\/#website\",\"url\":\"https:\\\/\\\/dpress.ma\\\/fr\\\/\",\"name\":\"Dpress.ma\\\/fr\",\"description\":\"\",\"potentialAction\":[{\"@type\":\"SearchAction\",\"target\":{\"@type\":\"EntryPoint\",\"urlTemplate\":\"https:\\\/\\\/dpress.ma\\\/fr\\\/?s={search_term_string}\"},\"query-input\":{\"@type\":\"PropertyValueSpecification\",\"valueRequired\":true,\"valueName\":\"search_term_string\"}}],\"inLanguage\":\"fr-FR\"},{\"@type\":\"Person\",\"@id\":\"https:\\\/\\\/dpress.ma\\\/fr\\\/#\\\/schema\\\/person\\\/4898febf3ccd59e6578d838656a306a0\",\"name\":\"Dpress.ma\",\"image\":{\"@type\":\"ImageObject\",\"inLanguage\":\"fr-FR\",\"@id\":\"https:\\\/\\\/secure.gravatar.com\\\/avatar\\\/72ecc30e9db047a2e0e7176561eb9d564ed77c8108376495b19bd8336405198a?s=96&d=mm&r=g\",\"url\":\"https:\\\/\\\/secure.gravatar.com\\\/avatar\\\/72ecc30e9db047a2e0e7176561eb9d564ed77c8108376495b19bd8336405198a?s=96&d=mm&r=g\",\"contentUrl\":\"https:\\\/\\\/secure.gravatar.com\\\/avatar\\\/72ecc30e9db047a2e0e7176561eb9d564ed77c8108376495b19bd8336405198a?s=96&d=mm&r=g\",\"caption\":\"Dpress.ma\"},\"sameAs\":[\"https:\\\/\\\/www.dpress.ma\"],\"url\":\"https:\\\/\\\/dpress.ma\\\/fr\\\/author\\\/dpress-ma\\\/\"}]}<\/script>\n<!-- \/ Yoast SEO plugin. -->","yoast_head_json":{"title":"Foot: L'international marocain Walid Cheddira \"fait r\u00eaver Bari\" - Dpress.ma\/fr","description":"L\u2019international marocain Walid Cheddira \u00ab\u00a0fait r\u00eaver Bari\u00a0\u00bb, a \u00e9crit, mardi, le quotidien italien TuttoSport, se faisant \u00e9cho des performances \u00ab\u00a0impressionnantes\u00a0\u00bb du Lion de l\u2019Atlas, qui suscitent l\u2019int\u00e9r\u00eat de plusieurs clubs europ\u00e9ens.","robots":{"index":"index","follow":"follow","max-snippet":"max-snippet:-1","max-image-preview":"max-image-preview:large","max-video-preview":"max-video-preview:-1"},"canonical":"https:\/\/dpress.ma\/fr\/2023\/02\/15\/foot-linternational-marocain-walid-cheddira-fait-rever-bari\/","og_locale":"fr_FR","og_type":"article","og_title":"Foot: L'international marocain Walid Cheddira \"fait r\u00eaver Bari\" - Dpress.ma\/fr","og_description":"L\u2019international marocain Walid Cheddira \u00ab\u00a0fait r\u00eaver Bari\u00a0\u00bb, a \u00e9crit, mardi, le quotidien italien TuttoSport, se faisant \u00e9cho des performances \u00ab\u00a0impressionnantes\u00a0\u00bb du Lion de l\u2019Atlas, qui suscitent l\u2019int\u00e9r\u00eat de plusieurs clubs europ\u00e9ens.","og_url":"https:\/\/dpress.ma\/fr\/2023\/02\/15\/foot-linternational-marocain-walid-cheddira-fait-rever-bari\/","og_site_name":"Dpress.ma\/fr","article_published_time":"2023-02-15T15:28:05+00:00","article_modified_time":"2023-02-15T15:28:07+00:00","og_image":[{"width":2539,"height":1594,"url":"https:\/\/dpress.ma\/fr\/wp-content\/uploads\/sites\/2\/2023\/02\/dimensions2-41.jpg","type":"image\/jpeg"}],"author":"Dpress.ma","twitter_card":"summary_large_image","twitter_misc":{"\u00c9crit par":"Dpress.ma","Dur\u00e9e de lecture estim\u00e9e":"2 minutes"},"schema":{"@context":"https:\/\/schema.org","@graph":[{"@type":"Article","@id":"https:\/\/dpress.ma\/fr\/2023\/02\/15\/foot-linternational-marocain-walid-cheddira-fait-rever-bari\/#article","isPartOf":{"@id":"https:\/\/dpress.ma\/fr\/2023\/02\/15\/foot-linternational-marocain-walid-cheddira-fait-rever-bari\/"},"author":{"name":"Dpress.ma","@id":"https:\/\/dpress.ma\/fr\/#\/schema\/person\/4898febf3ccd59e6578d838656a306a0"},"headline":"Foot: L&rsquo;international marocain Walid Cheddira \u00ab\u00a0fait r\u00eaver Bari\u00a0\u00bb","datePublished":"2023-02-15T15:28:05+00:00","dateModified":"2023-02-15T15:28:07+00:00","mainEntityOfPage":{"@id":"https:\/\/dpress.ma\/fr\/2023\/02\/15\/foot-linternational-marocain-walid-cheddira-fait-rever-bari\/"},"wordCount":317,"commentCount":0,"image":{"@id":"https:\/\/dpress.ma\/fr\/2023\/02\/15\/foot-linternational-marocain-walid-cheddira-fait-rever-bari\/#primaryimage"},"thumbnailUrl":"https:\/\/dpress.ma\/fr\/wp-content\/uploads\/sites\/2\/2023\/02\/dimensions2-41.jpg","articleSection":["Sport"],"inLanguage":"fr-FR","potentialAction":[{"@type":"CommentAction","name":"Comment","target":["https:\/\/dpress.ma\/fr\/2023\/02\/15\/foot-linternational-marocain-walid-cheddira-fait-rever-bari\/#respond"]}]},{"@type":"WebPage","@id":"https:\/\/dpress.ma\/fr\/2023\/02\/15\/foot-linternational-marocain-walid-cheddira-fait-rever-bari\/","url":"https:\/\/dpress.ma\/fr\/2023\/02\/15\/foot-linternational-marocain-walid-cheddira-fait-rever-bari\/","name":"Foot: L'international marocain Walid Cheddira \"fait r\u00eaver Bari\" - Dpress.ma\/fr","isPartOf":{"@id":"https:\/\/dpress.ma\/fr\/#website"},"primaryImageOfPage":{"@id":"https:\/\/dpress.ma\/fr\/2023\/02\/15\/foot-linternational-marocain-walid-cheddira-fait-rever-bari\/#primaryimage"},"image":{"@id":"https:\/\/dpress.ma\/fr\/2023\/02\/15\/foot-linternational-marocain-walid-cheddira-fait-rever-bari\/#primaryimage"},"thumbnailUrl":"https:\/\/dpress.ma\/fr\/wp-content\/uploads\/sites\/2\/2023\/02\/dimensions2-41.jpg","datePublished":"2023-02-15T15:28:05+00:00","dateModified":"2023-02-15T15:28:07+00:00","author":{"@id":"https:\/\/dpress.ma\/fr\/#\/schema\/person\/4898febf3ccd59e6578d838656a306a0"},"description":"L\u2019international marocain Walid Cheddira \u00ab\u00a0fait r\u00eaver Bari\u00a0\u00bb, a \u00e9crit, mardi, le quotidien italien TuttoSport, se faisant \u00e9cho des performances \u00ab\u00a0impressionnantes\u00a0\u00bb du Lion de l\u2019Atlas, qui suscitent l\u2019int\u00e9r\u00eat de plusieurs clubs europ\u00e9ens.","breadcrumb":{"@id":"https:\/\/dpress.ma\/fr\/2023\/02\/15\/foot-linternational-marocain-walid-cheddira-fait-rever-bari\/#breadcrumb"},"inLanguage":"fr-FR","potentialAction":[{"@type":"ReadAction","target":["https:\/\/dpress.ma\/fr\/2023\/02\/15\/foot-linternational-marocain-walid-cheddira-fait-rever-bari\/"]}]},{"@type":"ImageObject","inLanguage":"fr-FR","@id":"https:\/\/dpress.ma\/fr\/2023\/02\/15\/foot-linternational-marocain-walid-cheddira-fait-rever-bari\/#primaryimage","url":"https:\/\/dpress.ma\/fr\/wp-content\/uploads\/sites\/2\/2023\/02\/dimensions2-41.jpg","contentUrl":"https:\/\/dpress.ma\/fr\/wp-content\/uploads\/sites\/2\/2023\/02\/dimensions2-41.jpg","width":2539,"height":1594},{"@type":"BreadcrumbList","@id":"https:\/\/dpress.ma\/fr\/2023\/02\/15\/foot-linternational-marocain-walid-cheddira-fait-rever-bari\/#breadcrumb","itemListElement":[{"@type":"ListItem","position":1,"name":"Home","item":"https:\/\/dpress.ma\/fr\/"},{"@type":"ListItem","position":2,"name":"Foot: L&#8217;international marocain Walid Cheddira &#8220;fait r\u00eaver Bari&#8221;"}]},{"@type":"WebSite","@id":"https:\/\/dpress.ma\/fr\/#website","url":"https:\/\/dpress.ma\/fr\/","name":"Dpress.ma\/fr","description":"","potentialAction":[{"@type":"SearchAction","target":{"@type":"EntryPoint","urlTemplate":"https:\/\/dpress.ma\/fr\/?s={search_term_string}"},"query-input":{"@type":"PropertyValueSpecification","valueRequired":true,"valueName":"search_term_string"}}],"inLanguage":"fr-FR"},{"@type":"Person","@id":"https:\/\/dpress.ma\/fr\/#\/schema\/person\/4898febf3ccd59e6578d838656a306a0","name":"Dpress.ma","image":{"@type":"ImageObject","inLanguage":"fr-FR","@id":"https:\/\/secure.gravatar.com\/avatar\/72ecc30e9db047a2e0e7176561eb9d564ed77c8108376495b19bd8336405198a?s=96&d=mm&r=g","url":"https:\/\/secure.gravatar.com\/avatar\/72ecc30e9db047a2e0e7176561eb9d564ed77c8108376495b19bd8336405198a?s=96&d=mm&r=g","contentUrl":"https:\/\/secure.gravatar.com\/avatar\/72ecc30e9db047a2e0e7176561eb9d564ed77c8108376495b19bd8336405198a?s=96&d=mm&r=g","caption":"Dpress.ma"},"sameAs":["https:\/\/www.dpress.ma"],"url":"https:\/\/dpress.ma\/fr\/author\/dpress-ma\/"}]}},"amp_enabled":true,"_links":{"self":[{"href":"https:\/\/dpress.ma\/fr\/wp-json\/wp\/v2\/posts\/3646","targetHints":{"allow":["GET"]}}],"collection":[{"href":"https:\/\/dpress.ma\/fr\/wp-json\/wp\/v2\/posts"}],"about":[{"href":"https:\/\/dpress.ma\/fr\/wp-json\/wp\/v2\/types\/post"}],"author":[{"embeddable":true,"href":"https:\/\/dpress.ma\/fr\/wp-json\/wp\/v2\/users\/2"}],"replies":[{"embeddable":true,"href":"https:\/\/dpress.ma\/fr\/wp-json\/wp\/v2\/comments?post=3646"}],"version-history":[{"count":1,"href":"https:\/\/dpress.ma\/fr\/wp-json\/wp\/v2\/posts\/3646\/revisions"}],"predecessor-version":[{"id":3648,"href":"https:\/\/dpress.ma\/fr\/wp-json\/wp\/v2\/posts\/3646\/revisions\/3648"}],"wp:featuredmedia":[{"embeddable":true,"href":"https:\/\/dpress.ma\/fr\/wp-json\/wp\/v2\/media\/3647"}],"wp:attachment":[{"href":"https:\/\/dpress.ma\/fr\/wp-json\/wp\/v2\/media?parent=3646"}],"wp:term":[{"taxonomy":"category","embeddable":true,"href":"https:\/\/dpress.ma\/fr\/wp-json\/wp\/v2\/categories?post=3646"},{"taxonomy":"post_tag","embeddable":true,"href":"https:\/\/dpress.ma\/fr\/wp-json\/wp\/v2\/tags?post=3646"}],"curies":[{"name":"wp","href":"https:\/\/api.w.org\/{rel}","templated":true}]}}