{"id":3644,"date":"2023-02-15T15:24:08","date_gmt":"2023-02-15T15:24:08","guid":{"rendered":"https:\/\/dpress.ma\/fr\/?p=3644"},"modified":"2023-02-15T15:24:10","modified_gmt":"2023-02-15T15:24:10","slug":"les-lions-de-latlas-affrontent-le-bresil-en-mars","status":"publish","type":"post","link":"https:\/\/dpress.ma\/fr\/2023\/02\/15\/les-lions-de-latlas-affrontent-le-bresil-en-mars\/","title":{"rendered":"Les Lions de l&rsquo;Atlas affrontent le Br\u00e9sil en mars"},"content":{"rendered":"\n<p>Dpress<\/p>\n\n\n\n<p>La F\u00e9d\u00e9ration royale de football a annonc\u00e9 mercredi, que l\u2019\u00e9quipe nationale marocaine disputera son premier match amical apr\u00e8s l\u2019exploit historique lors de la finale de la Coupe du monde du Qatar 2022, contre le Br\u00e9sil, qui est class\u00e9 premier mondial dans le classement mensuel publi\u00e9 par l\u2019International F\u00e9d\u00e9ration des associations de football.<\/p>\n\n\n\n<p>Ce match aura lieu, selon un communiqu\u00e9 de la F\u00e9d\u00e9ration, au Grand Stade de Tanger, le samedi 25 mars 2023, \u00e0 dix heures du soir.<\/p>\n\n\n\n<p>Par la suite, l\u2019\u00e9quipe nationale marocaine prendra la direction de l\u2019Espagne, dans le cadre d\u2019un deuxi\u00e8me match amical pr\u00e9vu le mardi 28 mars contre l\u2019\u00e9quipe nationale p\u00e9ruvienne, sur le terrain du Civitas Metropolitano de Madrid, \u00e0 21h30 heure locale.<\/p>\n","protected":false},"excerpt":{"rendered":"<p>Dpress La F\u00e9d\u00e9ration royale de football a annonc\u00e9 mercredi, que l\u2019\u00e9quipe nationale marocaine disputera son premier match amical apr\u00e8s l\u2019exploit historique lors de la finale de la Coupe du monde du Qatar 2022, contre le Br\u00e9sil, qui est class\u00e9 premier mondial dans le classement mensuel publi\u00e9 par l\u2019International F\u00e9d\u00e9ration des associations de football. Ce match &hellip;<\/p>\n","protected":false},"author":2,"featured_media":2840,"comment_status":"open","ping_status":"open","sticky":false,"template":"","format":"standard","meta":{"footnotes":""},"categories":[27],"tags":[],"class_list":["post-3644","post","type-post","status-publish","format-standard","has-post-thumbnail","hentry","category-sport"],"yoast_head":"<!-- This site is optimized with the Yoast SEO plugin v27.5 - https:\/\/yoast.com\/product\/yoast-seo-wordpress\/ -->\n<title>Les Lions de l&#039;Atlas affrontent le Br\u00e9sil en mars - Dpress.ma\/fr<\/title>\n<meta name=\"description\" content=\"La F\u00e9d\u00e9ration royale de football a annonc\u00e9 mercredi, que l\u2019\u00e9quipe nationale marocaine disputera son premier match amical apr\u00e8s l\u2019exploit historique lors de la finale de la Coupe du monde du Qatar 2022, contre le Br\u00e9sil, qui est class\u00e9 premier mondial dans le classement mensuel publi\u00e9 par l\u2019International F\u00e9d\u00e9ration des associations de football.\" \/>\n<meta name=\"robots\" content=\"index, follow, max-snippet:-1, max-image-preview:large, max-video-preview:-1\" \/>\n<link rel=\"canonical\" href=\"https:\/\/dpress.ma\/fr\/2023\/02\/15\/les-lions-de-latlas-affrontent-le-bresil-en-mars\/\" \/>\n<meta property=\"og:locale\" content=\"fr_FR\" \/>\n<meta property=\"og:type\" content=\"article\" \/>\n<meta property=\"og:title\" content=\"Les Lions de l&#039;Atlas affrontent le Br\u00e9sil en mars - Dpress.ma\/fr\" \/>\n<meta property=\"og:description\" content=\"La F\u00e9d\u00e9ration royale de football a annonc\u00e9 mercredi, que l\u2019\u00e9quipe nationale marocaine disputera son premier match amical apr\u00e8s l\u2019exploit historique lors de la finale de la Coupe du monde du Qatar 2022, contre le Br\u00e9sil, qui est class\u00e9 premier mondial dans le classement mensuel publi\u00e9 par l\u2019International F\u00e9d\u00e9ration des associations de football.\" \/>\n<meta property=\"og:url\" content=\"https:\/\/dpress.ma\/fr\/2023\/02\/15\/les-lions-de-latlas-affrontent-le-bresil-en-mars\/\" \/>\n<meta property=\"og:site_name\" content=\"Dpress.ma\/fr\" \/>\n<meta property=\"article:published_time\" content=\"2023-02-15T15:24:08+00:00\" \/>\n<meta property=\"article:modified_time\" content=\"2023-02-15T15:24:10+00:00\" \/>\n<meta property=\"og:image\" content=\"https:\/\/dpress.ma\/fr\/wp-content\/uploads\/sites\/2\/2022\/12\/dimensions2-33.jpg\" \/>\n\t<meta property=\"og:image:width\" content=\"2539\" \/>\n\t<meta property=\"og:image:height\" content=\"1594\" \/>\n\t<meta property=\"og:image:type\" content=\"image\/jpeg\" \/>\n<meta name=\"author\" content=\"Dpress.ma\" \/>\n<meta name=\"twitter:card\" content=\"summary_large_image\" \/>\n<meta name=\"twitter:label1\" content=\"\u00c9crit par\" \/>\n\t<meta name=\"twitter:data1\" content=\"Dpress.ma\" \/>\n\t<meta name=\"twitter:label2\" content=\"Dur\u00e9e de lecture estim\u00e9e\" \/>\n\t<meta name=\"twitter:data2\" content=\"1 minute\" \/>\n<script type=\"application\/ld+json\" class=\"yoast-schema-graph\">{\"@context\":\"https:\\\/\\\/schema.org\",\"@graph\":[{\"@type\":\"Article\",\"@id\":\"https:\\\/\\\/dpress.ma\\\/fr\\\/2023\\\/02\\\/15\\\/les-lions-de-latlas-affrontent-le-bresil-en-mars\\\/#article\",\"isPartOf\":{\"@id\":\"https:\\\/\\\/dpress.ma\\\/fr\\\/2023\\\/02\\\/15\\\/les-lions-de-latlas-affrontent-le-bresil-en-mars\\\/\"},\"author\":{\"name\":\"Dpress.ma\",\"@id\":\"https:\\\/\\\/dpress.ma\\\/fr\\\/#\\\/schema\\\/person\\\/4898febf3ccd59e6578d838656a306a0\"},\"headline\":\"Les Lions de l&rsquo;Atlas affrontent le Br\u00e9sil en mars\",\"datePublished\":\"2023-02-15T15:24:08+00:00\",\"dateModified\":\"2023-02-15T15:24:10+00:00\",\"mainEntityOfPage\":{\"@id\":\"https:\\\/\\\/dpress.ma\\\/fr\\\/2023\\\/02\\\/15\\\/les-lions-de-latlas-affrontent-le-bresil-en-mars\\\/\"},\"wordCount\":139,\"commentCount\":0,\"image\":{\"@id\":\"https:\\\/\\\/dpress.ma\\\/fr\\\/2023\\\/02\\\/15\\\/les-lions-de-latlas-affrontent-le-bresil-en-mars\\\/#primaryimage\"},\"thumbnailUrl\":\"https:\\\/\\\/dpress.ma\\\/fr\\\/wp-content\\\/uploads\\\/sites\\\/2\\\/2022\\\/12\\\/dimensions2-33.jpg\",\"articleSection\":[\"Sport\"],\"inLanguage\":\"fr-FR\",\"potentialAction\":[{\"@type\":\"CommentAction\",\"name\":\"Comment\",\"target\":[\"https:\\\/\\\/dpress.ma\\\/fr\\\/2023\\\/02\\\/15\\\/les-lions-de-latlas-affrontent-le-bresil-en-mars\\\/#respond\"]}]},{\"@type\":\"WebPage\",\"@id\":\"https:\\\/\\\/dpress.ma\\\/fr\\\/2023\\\/02\\\/15\\\/les-lions-de-latlas-affrontent-le-bresil-en-mars\\\/\",\"url\":\"https:\\\/\\\/dpress.ma\\\/fr\\\/2023\\\/02\\\/15\\\/les-lions-de-latlas-affrontent-le-bresil-en-mars\\\/\",\"name\":\"Les Lions de l'Atlas affrontent le Br\u00e9sil en mars - Dpress.ma\\\/fr\",\"isPartOf\":{\"@id\":\"https:\\\/\\\/dpress.ma\\\/fr\\\/#website\"},\"primaryImageOfPage\":{\"@id\":\"https:\\\/\\\/dpress.ma\\\/fr\\\/2023\\\/02\\\/15\\\/les-lions-de-latlas-affrontent-le-bresil-en-mars\\\/#primaryimage\"},\"image\":{\"@id\":\"https:\\\/\\\/dpress.ma\\\/fr\\\/2023\\\/02\\\/15\\\/les-lions-de-latlas-affrontent-le-bresil-en-mars\\\/#primaryimage\"},\"thumbnailUrl\":\"https:\\\/\\\/dpress.ma\\\/fr\\\/wp-content\\\/uploads\\\/sites\\\/2\\\/2022\\\/12\\\/dimensions2-33.jpg\",\"datePublished\":\"2023-02-15T15:24:08+00:00\",\"dateModified\":\"2023-02-15T15:24:10+00:00\",\"author\":{\"@id\":\"https:\\\/\\\/dpress.ma\\\/fr\\\/#\\\/schema\\\/person\\\/4898febf3ccd59e6578d838656a306a0\"},\"description\":\"La F\u00e9d\u00e9ration royale de football a annonc\u00e9 mercredi, que l\u2019\u00e9quipe nationale marocaine disputera son premier match amical apr\u00e8s l\u2019exploit historique lors de la finale de la Coupe du monde du Qatar 2022, contre le Br\u00e9sil, qui est class\u00e9 premier mondial dans le classement mensuel publi\u00e9 par l\u2019International F\u00e9d\u00e9ration des associations de football.\",\"breadcrumb\":{\"@id\":\"https:\\\/\\\/dpress.ma\\\/fr\\\/2023\\\/02\\\/15\\\/les-lions-de-latlas-affrontent-le-bresil-en-mars\\\/#breadcrumb\"},\"inLanguage\":\"fr-FR\",\"potentialAction\":[{\"@type\":\"ReadAction\",\"target\":[\"https:\\\/\\\/dpress.ma\\\/fr\\\/2023\\\/02\\\/15\\\/les-lions-de-latlas-affrontent-le-bresil-en-mars\\\/\"]}]},{\"@type\":\"ImageObject\",\"inLanguage\":\"fr-FR\",\"@id\":\"https:\\\/\\\/dpress.ma\\\/fr\\\/2023\\\/02\\\/15\\\/les-lions-de-latlas-affrontent-le-bresil-en-mars\\\/#primaryimage\",\"url\":\"https:\\\/\\\/dpress.ma\\\/fr\\\/wp-content\\\/uploads\\\/sites\\\/2\\\/2022\\\/12\\\/dimensions2-33.jpg\",\"contentUrl\":\"https:\\\/\\\/dpress.ma\\\/fr\\\/wp-content\\\/uploads\\\/sites\\\/2\\\/2022\\\/12\\\/dimensions2-33.jpg\",\"width\":2539,\"height\":1594},{\"@type\":\"BreadcrumbList\",\"@id\":\"https:\\\/\\\/dpress.ma\\\/fr\\\/2023\\\/02\\\/15\\\/les-lions-de-latlas-affrontent-le-bresil-en-mars\\\/#breadcrumb\",\"itemListElement\":[{\"@type\":\"ListItem\",\"position\":1,\"name\":\"Home\",\"item\":\"https:\\\/\\\/dpress.ma\\\/fr\\\/\"},{\"@type\":\"ListItem\",\"position\":2,\"name\":\"Les Lions de l&#8217;Atlas affrontent le Br\u00e9sil en mars\"}]},{\"@type\":\"WebSite\",\"@id\":\"https:\\\/\\\/dpress.ma\\\/fr\\\/#website\",\"url\":\"https:\\\/\\\/dpress.ma\\\/fr\\\/\",\"name\":\"Dpress.ma\\\/fr\",\"description\":\"\",\"potentialAction\":[{\"@type\":\"SearchAction\",\"target\":{\"@type\":\"EntryPoint\",\"urlTemplate\":\"https:\\\/\\\/dpress.ma\\\/fr\\\/?s={search_term_string}\"},\"query-input\":{\"@type\":\"PropertyValueSpecification\",\"valueRequired\":true,\"valueName\":\"search_term_string\"}}],\"inLanguage\":\"fr-FR\"},{\"@type\":\"Person\",\"@id\":\"https:\\\/\\\/dpress.ma\\\/fr\\\/#\\\/schema\\\/person\\\/4898febf3ccd59e6578d838656a306a0\",\"name\":\"Dpress.ma\",\"image\":{\"@type\":\"ImageObject\",\"inLanguage\":\"fr-FR\",\"@id\":\"https:\\\/\\\/secure.gravatar.com\\\/avatar\\\/72ecc30e9db047a2e0e7176561eb9d564ed77c8108376495b19bd8336405198a?s=96&d=mm&r=g\",\"url\":\"https:\\\/\\\/secure.gravatar.com\\\/avatar\\\/72ecc30e9db047a2e0e7176561eb9d564ed77c8108376495b19bd8336405198a?s=96&d=mm&r=g\",\"contentUrl\":\"https:\\\/\\\/secure.gravatar.com\\\/avatar\\\/72ecc30e9db047a2e0e7176561eb9d564ed77c8108376495b19bd8336405198a?s=96&d=mm&r=g\",\"caption\":\"Dpress.ma\"},\"sameAs\":[\"https:\\\/\\\/www.dpress.ma\"],\"url\":\"https:\\\/\\\/dpress.ma\\\/fr\\\/author\\\/dpress-ma\\\/\"}]}<\/script>\n<!-- \/ Yoast SEO plugin. -->","yoast_head_json":{"title":"Les Lions de l'Atlas affrontent le Br\u00e9sil en mars - Dpress.ma\/fr","description":"La F\u00e9d\u00e9ration royale de football a annonc\u00e9 mercredi, que l\u2019\u00e9quipe nationale marocaine disputera son premier match amical apr\u00e8s l\u2019exploit historique lors de la finale de la Coupe du monde du Qatar 2022, contre le Br\u00e9sil, qui est class\u00e9 premier mondial dans le classement mensuel publi\u00e9 par l\u2019International F\u00e9d\u00e9ration des associations de football.","robots":{"index":"index","follow":"follow","max-snippet":"max-snippet:-1","max-image-preview":"max-image-preview:large","max-video-preview":"max-video-preview:-1"},"canonical":"https:\/\/dpress.ma\/fr\/2023\/02\/15\/les-lions-de-latlas-affrontent-le-bresil-en-mars\/","og_locale":"fr_FR","og_type":"article","og_title":"Les Lions de l'Atlas affrontent le Br\u00e9sil en mars - Dpress.ma\/fr","og_description":"La F\u00e9d\u00e9ration royale de football a annonc\u00e9 mercredi, que l\u2019\u00e9quipe nationale marocaine disputera son premier match amical apr\u00e8s l\u2019exploit historique lors de la finale de la Coupe du monde du Qatar 2022, contre le Br\u00e9sil, qui est class\u00e9 premier mondial dans le classement mensuel publi\u00e9 par l\u2019International F\u00e9d\u00e9ration des associations de football.","og_url":"https:\/\/dpress.ma\/fr\/2023\/02\/15\/les-lions-de-latlas-affrontent-le-bresil-en-mars\/","og_site_name":"Dpress.ma\/fr","article_published_time":"2023-02-15T15:24:08+00:00","article_modified_time":"2023-02-15T15:24:10+00:00","og_image":[{"width":2539,"height":1594,"url":"https:\/\/dpress.ma\/fr\/wp-content\/uploads\/sites\/2\/2022\/12\/dimensions2-33.jpg","type":"image\/jpeg"}],"author":"Dpress.ma","twitter_card":"summary_large_image","twitter_misc":{"\u00c9crit par":"Dpress.ma","Dur\u00e9e de lecture estim\u00e9e":"1 minute"},"schema":{"@context":"https:\/\/schema.org","@graph":[{"@type":"Article","@id":"https:\/\/dpress.ma\/fr\/2023\/02\/15\/les-lions-de-latlas-affrontent-le-bresil-en-mars\/#article","isPartOf":{"@id":"https:\/\/dpress.ma\/fr\/2023\/02\/15\/les-lions-de-latlas-affrontent-le-bresil-en-mars\/"},"author":{"name":"Dpress.ma","@id":"https:\/\/dpress.ma\/fr\/#\/schema\/person\/4898febf3ccd59e6578d838656a306a0"},"headline":"Les Lions de l&rsquo;Atlas affrontent le Br\u00e9sil en mars","datePublished":"2023-02-15T15:24:08+00:00","dateModified":"2023-02-15T15:24:10+00:00","mainEntityOfPage":{"@id":"https:\/\/dpress.ma\/fr\/2023\/02\/15\/les-lions-de-latlas-affrontent-le-bresil-en-mars\/"},"wordCount":139,"commentCount":0,"image":{"@id":"https:\/\/dpress.ma\/fr\/2023\/02\/15\/les-lions-de-latlas-affrontent-le-bresil-en-mars\/#primaryimage"},"thumbnailUrl":"https:\/\/dpress.ma\/fr\/wp-content\/uploads\/sites\/2\/2022\/12\/dimensions2-33.jpg","articleSection":["Sport"],"inLanguage":"fr-FR","potentialAction":[{"@type":"CommentAction","name":"Comment","target":["https:\/\/dpress.ma\/fr\/2023\/02\/15\/les-lions-de-latlas-affrontent-le-bresil-en-mars\/#respond"]}]},{"@type":"WebPage","@id":"https:\/\/dpress.ma\/fr\/2023\/02\/15\/les-lions-de-latlas-affrontent-le-bresil-en-mars\/","url":"https:\/\/dpress.ma\/fr\/2023\/02\/15\/les-lions-de-latlas-affrontent-le-bresil-en-mars\/","name":"Les Lions de l'Atlas affrontent le Br\u00e9sil en mars - Dpress.ma\/fr","isPartOf":{"@id":"https:\/\/dpress.ma\/fr\/#website"},"primaryImageOfPage":{"@id":"https:\/\/dpress.ma\/fr\/2023\/02\/15\/les-lions-de-latlas-affrontent-le-bresil-en-mars\/#primaryimage"},"image":{"@id":"https:\/\/dpress.ma\/fr\/2023\/02\/15\/les-lions-de-latlas-affrontent-le-bresil-en-mars\/#primaryimage"},"thumbnailUrl":"https:\/\/dpress.ma\/fr\/wp-content\/uploads\/sites\/2\/2022\/12\/dimensions2-33.jpg","datePublished":"2023-02-15T15:24:08+00:00","dateModified":"2023-02-15T15:24:10+00:00","author":{"@id":"https:\/\/dpress.ma\/fr\/#\/schema\/person\/4898febf3ccd59e6578d838656a306a0"},"description":"La F\u00e9d\u00e9ration royale de football a annonc\u00e9 mercredi, que l\u2019\u00e9quipe nationale marocaine disputera son premier match amical apr\u00e8s l\u2019exploit historique lors de la finale de la Coupe du monde du Qatar 2022, contre le Br\u00e9sil, qui est class\u00e9 premier mondial dans le classement mensuel publi\u00e9 par l\u2019International F\u00e9d\u00e9ration des associations de football.","breadcrumb":{"@id":"https:\/\/dpress.ma\/fr\/2023\/02\/15\/les-lions-de-latlas-affrontent-le-bresil-en-mars\/#breadcrumb"},"inLanguage":"fr-FR","potentialAction":[{"@type":"ReadAction","target":["https:\/\/dpress.ma\/fr\/2023\/02\/15\/les-lions-de-latlas-affrontent-le-bresil-en-mars\/"]}]},{"@type":"ImageObject","inLanguage":"fr-FR","@id":"https:\/\/dpress.ma\/fr\/2023\/02\/15\/les-lions-de-latlas-affrontent-le-bresil-en-mars\/#primaryimage","url":"https:\/\/dpress.ma\/fr\/wp-content\/uploads\/sites\/2\/2022\/12\/dimensions2-33.jpg","contentUrl":"https:\/\/dpress.ma\/fr\/wp-content\/uploads\/sites\/2\/2022\/12\/dimensions2-33.jpg","width":2539,"height":1594},{"@type":"BreadcrumbList","@id":"https:\/\/dpress.ma\/fr\/2023\/02\/15\/les-lions-de-latlas-affrontent-le-bresil-en-mars\/#breadcrumb","itemListElement":[{"@type":"ListItem","position":1,"name":"Home","item":"https:\/\/dpress.ma\/fr\/"},{"@type":"ListItem","position":2,"name":"Les Lions de l&#8217;Atlas affrontent le Br\u00e9sil en mars"}]},{"@type":"WebSite","@id":"https:\/\/dpress.ma\/fr\/#website","url":"https:\/\/dpress.ma\/fr\/","name":"Dpress.ma\/fr","description":"","potentialAction":[{"@type":"SearchAction","target":{"@type":"EntryPoint","urlTemplate":"https:\/\/dpress.ma\/fr\/?s={search_term_string}"},"query-input":{"@type":"PropertyValueSpecification","valueRequired":true,"valueName":"search_term_string"}}],"inLanguage":"fr-FR"},{"@type":"Person","@id":"https:\/\/dpress.ma\/fr\/#\/schema\/person\/4898febf3ccd59e6578d838656a306a0","name":"Dpress.ma","image":{"@type":"ImageObject","inLanguage":"fr-FR","@id":"https:\/\/secure.gravatar.com\/avatar\/72ecc30e9db047a2e0e7176561eb9d564ed77c8108376495b19bd8336405198a?s=96&d=mm&r=g","url":"https:\/\/secure.gravatar.com\/avatar\/72ecc30e9db047a2e0e7176561eb9d564ed77c8108376495b19bd8336405198a?s=96&d=mm&r=g","contentUrl":"https:\/\/secure.gravatar.com\/avatar\/72ecc30e9db047a2e0e7176561eb9d564ed77c8108376495b19bd8336405198a?s=96&d=mm&r=g","caption":"Dpress.ma"},"sameAs":["https:\/\/www.dpress.ma"],"url":"https:\/\/dpress.ma\/fr\/author\/dpress-ma\/"}]}},"amp_enabled":true,"_links":{"self":[{"href":"https:\/\/dpress.ma\/fr\/wp-json\/wp\/v2\/posts\/3644","targetHints":{"allow":["GET"]}}],"collection":[{"href":"https:\/\/dpress.ma\/fr\/wp-json\/wp\/v2\/posts"}],"about":[{"href":"https:\/\/dpress.ma\/fr\/wp-json\/wp\/v2\/types\/post"}],"author":[{"embeddable":true,"href":"https:\/\/dpress.ma\/fr\/wp-json\/wp\/v2\/users\/2"}],"replies":[{"embeddable":true,"href":"https:\/\/dpress.ma\/fr\/wp-json\/wp\/v2\/comments?post=3644"}],"version-history":[{"count":1,"href":"https:\/\/dpress.ma\/fr\/wp-json\/wp\/v2\/posts\/3644\/revisions"}],"predecessor-version":[{"id":3645,"href":"https:\/\/dpress.ma\/fr\/wp-json\/wp\/v2\/posts\/3644\/revisions\/3645"}],"wp:featuredmedia":[{"embeddable":true,"href":"https:\/\/dpress.ma\/fr\/wp-json\/wp\/v2\/media\/2840"}],"wp:attachment":[{"href":"https:\/\/dpress.ma\/fr\/wp-json\/wp\/v2\/media?parent=3644"}],"wp:term":[{"taxonomy":"category","embeddable":true,"href":"https:\/\/dpress.ma\/fr\/wp-json\/wp\/v2\/categories?post=3644"},{"taxonomy":"post_tag","embeddable":true,"href":"https:\/\/dpress.ma\/fr\/wp-json\/wp\/v2\/tags?post=3644"}],"curies":[{"name":"wp","href":"https:\/\/api.w.org\/{rel}","templated":true}]}}