{"id":3640,"date":"2023-02-15T14:42:33","date_gmt":"2023-02-15T14:42:33","guid":{"rendered":"https:\/\/dpress.ma\/fr\/?p=3640"},"modified":"2023-02-15T14:42:34","modified_gmt":"2023-02-15T14:42:34","slug":"nizar-baraka-au-forum-de-la-map-le-volume-de-pluviometrie-sest-ameliore-de-pres-de-96-entre-le-1er-septembre-2022-et-le-13-fevrier","status":"publish","type":"post","link":"https:\/\/dpress.ma\/fr\/2023\/02\/15\/nizar-baraka-au-forum-de-la-map-le-volume-de-pluviometrie-sest-ameliore-de-pres-de-96-entre-le-1er-septembre-2022-et-le-13-fevrier\/","title":{"rendered":"Nizar Baraka au forum de la MAP: le volume de pluviom\u00e9trie s\u2019est am\u00e9lior\u00e9 de pr\u00e8s de 96% entre le 1er septembre 2022 et le 13 f\u00e9vrier"},"content":{"rendered":"\n<p>Dpress<\/p>\n\n\n\n<p>Le volume de pluviom\u00e9trie s\u2019est am\u00e9lior\u00e9 de pr\u00e8s de 96% entre le 1er septembre 2022 et le 13 f\u00e9vrier 2023 par rapport \u00e0 la m\u00eame p\u00e9riode de l\u2019ann\u00e9e pr\u00e9c\u00e9dente, a affirm\u00e9, mercredi \u00e0 Rabat, le ministre de l\u2019Equipement et de l\u2019Eau, Nizar Baraka.<\/p>\n\n\n\n<p>Entre le 1er septembre dernier et le 13 f\u00e9vrier, le Royaume a connu d\u2019importantes pr\u00e9cipitations avec une moyenne nationale de 75,9 mm au lieu de 38,8 mm durant la m\u00eame p\u00e9riode une ann\u00e9e auparavant, soit une am\u00e9lioration de 95,6%, a expliqu\u00e9 M. Baraka qui \u00e9tait l\u2019invit\u00e9 du Forum de la MAP, tenu sous le th\u00e8me \u201cStress hydrique: les mesures prises et les perspectives d\u2019avenir\u201d.<\/p>\n\n\n\n<p>Durant la m\u00eame p\u00e9riode, la superficie couverte par la neige a atteint 5.720 km2 contre 4.480 km2 durant l\u2019ann\u00e9e pr\u00e9c\u00e9dente, soit une hausse de 30%, a-t-il pr\u00e9cis\u00e9.<\/p>\n\n\n\n<p>Concernant les ressources hydriques, elles se chiffrent aujourd\u2019hui \u00e0 2,15 milliards m3, soit une hausse de 192% par rapport aux retenues des barrages durant la m\u00eame p\u00e9riode de l\u2019ann\u00e9e derni\u00e8re.<\/p>\n\n\n\n<p>Cette am\u00e9lioration importante des ressources en eau s\u2019est r\u00e9percut\u00e9e sur les retenues des barrages avec 5,14 milliards m3, soit un taux de remplissage de 31,8% contre 33,4% durant la m\u00eame p\u00e9riode de l\u2019ann\u00e9e \u00e9coul\u00e9e.<\/p>\n\n\n\n<p>Il a, par ailleurs, indiqu\u00e9 que les pr\u00e9cipitations ont enregistr\u00e9 une forte baisse entre 2013 et 2018, soulignant que 2022 a \u00e9t\u00e9 l\u2019ann\u00e9e la plus chaude depuis 1981 de m\u00eame que la vague de s\u00e9cheresse a \u00e9t\u00e9 la plus importante durant cette m\u00eame ann\u00e9e depuis 1945.<\/p>\n\n\n\n<p>M. Baraka a relev\u00e9 que les ressources hydriques naturelles du Royaume avoisinent 22 milliards m3, dont 18 milliards m3 d\u2019eau de surface et 4 milliards m3 des eaux souterraines, faisant remarquer que les ressources en eau ont chut\u00e9 durant les derni\u00e8res ann\u00e9es.<\/p>\n\n\n\n<p>La raret\u00e9 des pr\u00e9cipitations durant la pr\u00e9c\u00e9dente campagne agricole a eu des effets n\u00e9gatifs, notamment avec la surexploitation des eaux souterraines destin\u00e9es \u00e0 l\u2019irrigation et \u00e0 l\u2019eau potable avec une baisse record entre -3 et -6,85 m3, a expliqu\u00e9 le ministre.<\/p>\n\n\n\n<p>En d\u00e9pit de la baisse des retenues des barrages, les besoins en eau potable ont \u00e9t\u00e9 satisfaits \u00e0 travers le renforcement du recours aux eaux souterraines, la r\u00e9duction importante des dotations destin\u00e9es \u00e0 l\u2019irrigation, outre le dessalement de l\u2019eau de mer notamment \u00e0 Agadir (15 millions de m3 depuis f\u00e9vrier 2022), a-t-il fait observer.<\/p>\n","protected":false},"excerpt":{"rendered":"<p>Dpress Le volume de pluviom\u00e9trie s\u2019est am\u00e9lior\u00e9 de pr\u00e8s de 96% entre le 1er septembre 2022 et le 13 f\u00e9vrier 2023 par rapport \u00e0 la m\u00eame p\u00e9riode de l\u2019ann\u00e9e pr\u00e9c\u00e9dente, a affirm\u00e9, mercredi \u00e0 Rabat, le ministre de l\u2019Equipement et de l\u2019Eau, Nizar Baraka. Entre le 1er septembre dernier et le 13 f\u00e9vrier, le Royaume &hellip;<\/p>\n","protected":false},"author":2,"featured_media":3641,"comment_status":"open","ping_status":"open","sticky":false,"template":"","format":"standard","meta":{"footnotes":""},"categories":[25],"tags":[],"class_list":["post-3640","post","type-post","status-publish","format-standard","has-post-thumbnail","hentry","category-economie"],"yoast_head":"<!-- This site is optimized with the Yoast SEO plugin v27.5 - https:\/\/yoast.com\/product\/yoast-seo-wordpress\/ -->\n<title>Nizar Baraka au forum de la MAP: le volume de pluviom\u00e9trie s\u2019est am\u00e9lior\u00e9 de pr\u00e8s de 96% entre le 1er septembre 2022 et le 13 f\u00e9vrier - Dpress.ma\/fr<\/title>\n<meta name=\"description\" content=\"Le volume de pluviom\u00e9trie s\u2019est am\u00e9lior\u00e9 de pr\u00e8s de 96% entre le 1er septembre 2022 et le 13 f\u00e9vrier 2023 par rapport \u00e0 la m\u00eame p\u00e9riode de l\u2019ann\u00e9e pr\u00e9c\u00e9dente, a affirm\u00e9, mercredi \u00e0 Rabat, le ministre de l\u2019Equipement et de l\u2019Eau, Nizar Baraka.\" \/>\n<meta name=\"robots\" content=\"index, follow, max-snippet:-1, max-image-preview:large, max-video-preview:-1\" \/>\n<link rel=\"canonical\" href=\"https:\/\/dpress.ma\/fr\/2023\/02\/15\/nizar-baraka-au-forum-de-la-map-le-volume-de-pluviometrie-sest-ameliore-de-pres-de-96-entre-le-1er-septembre-2022-et-le-13-fevrier\/\" \/>\n<meta property=\"og:locale\" content=\"fr_FR\" \/>\n<meta property=\"og:type\" content=\"article\" \/>\n<meta property=\"og:title\" content=\"Nizar Baraka au forum de la MAP: le volume de pluviom\u00e9trie s\u2019est am\u00e9lior\u00e9 de pr\u00e8s de 96% entre le 1er septembre 2022 et le 13 f\u00e9vrier - Dpress.ma\/fr\" \/>\n<meta property=\"og:description\" content=\"Le volume de pluviom\u00e9trie s\u2019est am\u00e9lior\u00e9 de pr\u00e8s de 96% entre le 1er septembre 2022 et le 13 f\u00e9vrier 2023 par rapport \u00e0 la m\u00eame p\u00e9riode de l\u2019ann\u00e9e pr\u00e9c\u00e9dente, a affirm\u00e9, mercredi \u00e0 Rabat, le ministre de l\u2019Equipement et de l\u2019Eau, Nizar Baraka.\" \/>\n<meta property=\"og:url\" content=\"https:\/\/dpress.ma\/fr\/2023\/02\/15\/nizar-baraka-au-forum-de-la-map-le-volume-de-pluviometrie-sest-ameliore-de-pres-de-96-entre-le-1er-septembre-2022-et-le-13-fevrier\/\" \/>\n<meta property=\"og:site_name\" content=\"Dpress.ma\/fr\" \/>\n<meta property=\"article:published_time\" content=\"2023-02-15T14:42:33+00:00\" \/>\n<meta property=\"article:modified_time\" content=\"2023-02-15T14:42:34+00:00\" \/>\n<meta property=\"og:image\" content=\"https:\/\/dpress.ma\/fr\/wp-content\/uploads\/sites\/2\/2023\/02\/dimensions2-40.jpg\" \/>\n\t<meta property=\"og:image:width\" content=\"2539\" \/>\n\t<meta property=\"og:image:height\" content=\"1594\" \/>\n\t<meta property=\"og:image:type\" content=\"image\/jpeg\" \/>\n<meta name=\"author\" content=\"Dpress.ma\" \/>\n<meta name=\"twitter:card\" content=\"summary_large_image\" \/>\n<meta name=\"twitter:label1\" content=\"\u00c9crit par\" \/>\n\t<meta name=\"twitter:data1\" content=\"Dpress.ma\" \/>\n\t<meta name=\"twitter:label2\" content=\"Dur\u00e9e de lecture estim\u00e9e\" \/>\n\t<meta name=\"twitter:data2\" content=\"2 minutes\" \/>\n<script type=\"application\/ld+json\" class=\"yoast-schema-graph\">{\"@context\":\"https:\\\/\\\/schema.org\",\"@graph\":[{\"@type\":\"Article\",\"@id\":\"https:\\\/\\\/dpress.ma\\\/fr\\\/2023\\\/02\\\/15\\\/nizar-baraka-au-forum-de-la-map-le-volume-de-pluviometrie-sest-ameliore-de-pres-de-96-entre-le-1er-septembre-2022-et-le-13-fevrier\\\/#article\",\"isPartOf\":{\"@id\":\"https:\\\/\\\/dpress.ma\\\/fr\\\/2023\\\/02\\\/15\\\/nizar-baraka-au-forum-de-la-map-le-volume-de-pluviometrie-sest-ameliore-de-pres-de-96-entre-le-1er-septembre-2022-et-le-13-fevrier\\\/\"},\"author\":{\"name\":\"Dpress.ma\",\"@id\":\"https:\\\/\\\/dpress.ma\\\/fr\\\/#\\\/schema\\\/person\\\/4898febf3ccd59e6578d838656a306a0\"},\"headline\":\"Nizar Baraka au forum de la MAP: le volume de pluviom\u00e9trie s\u2019est am\u00e9lior\u00e9 de pr\u00e8s de 96% entre le 1er septembre 2022 et le 13 f\u00e9vrier\",\"datePublished\":\"2023-02-15T14:42:33+00:00\",\"dateModified\":\"2023-02-15T14:42:34+00:00\",\"mainEntityOfPage\":{\"@id\":\"https:\\\/\\\/dpress.ma\\\/fr\\\/2023\\\/02\\\/15\\\/nizar-baraka-au-forum-de-la-map-le-volume-de-pluviometrie-sest-ameliore-de-pres-de-96-entre-le-1er-septembre-2022-et-le-13-fevrier\\\/\"},\"wordCount\":444,\"commentCount\":0,\"image\":{\"@id\":\"https:\\\/\\\/dpress.ma\\\/fr\\\/2023\\\/02\\\/15\\\/nizar-baraka-au-forum-de-la-map-le-volume-de-pluviometrie-sest-ameliore-de-pres-de-96-entre-le-1er-septembre-2022-et-le-13-fevrier\\\/#primaryimage\"},\"thumbnailUrl\":\"https:\\\/\\\/dpress.ma\\\/fr\\\/wp-content\\\/uploads\\\/sites\\\/2\\\/2023\\\/02\\\/dimensions2-40.jpg\",\"articleSection\":[\"\u00c9conomie\"],\"inLanguage\":\"fr-FR\",\"potentialAction\":[{\"@type\":\"CommentAction\",\"name\":\"Comment\",\"target\":[\"https:\\\/\\\/dpress.ma\\\/fr\\\/2023\\\/02\\\/15\\\/nizar-baraka-au-forum-de-la-map-le-volume-de-pluviometrie-sest-ameliore-de-pres-de-96-entre-le-1er-septembre-2022-et-le-13-fevrier\\\/#respond\"]}]},{\"@type\":\"WebPage\",\"@id\":\"https:\\\/\\\/dpress.ma\\\/fr\\\/2023\\\/02\\\/15\\\/nizar-baraka-au-forum-de-la-map-le-volume-de-pluviometrie-sest-ameliore-de-pres-de-96-entre-le-1er-septembre-2022-et-le-13-fevrier\\\/\",\"url\":\"https:\\\/\\\/dpress.ma\\\/fr\\\/2023\\\/02\\\/15\\\/nizar-baraka-au-forum-de-la-map-le-volume-de-pluviometrie-sest-ameliore-de-pres-de-96-entre-le-1er-septembre-2022-et-le-13-fevrier\\\/\",\"name\":\"Nizar Baraka au forum de la MAP: le volume de pluviom\u00e9trie s\u2019est am\u00e9lior\u00e9 de pr\u00e8s de 96% entre le 1er septembre 2022 et le 13 f\u00e9vrier - Dpress.ma\\\/fr\",\"isPartOf\":{\"@id\":\"https:\\\/\\\/dpress.ma\\\/fr\\\/#website\"},\"primaryImageOfPage\":{\"@id\":\"https:\\\/\\\/dpress.ma\\\/fr\\\/2023\\\/02\\\/15\\\/nizar-baraka-au-forum-de-la-map-le-volume-de-pluviometrie-sest-ameliore-de-pres-de-96-entre-le-1er-septembre-2022-et-le-13-fevrier\\\/#primaryimage\"},\"image\":{\"@id\":\"https:\\\/\\\/dpress.ma\\\/fr\\\/2023\\\/02\\\/15\\\/nizar-baraka-au-forum-de-la-map-le-volume-de-pluviometrie-sest-ameliore-de-pres-de-96-entre-le-1er-septembre-2022-et-le-13-fevrier\\\/#primaryimage\"},\"thumbnailUrl\":\"https:\\\/\\\/dpress.ma\\\/fr\\\/wp-content\\\/uploads\\\/sites\\\/2\\\/2023\\\/02\\\/dimensions2-40.jpg\",\"datePublished\":\"2023-02-15T14:42:33+00:00\",\"dateModified\":\"2023-02-15T14:42:34+00:00\",\"author\":{\"@id\":\"https:\\\/\\\/dpress.ma\\\/fr\\\/#\\\/schema\\\/person\\\/4898febf3ccd59e6578d838656a306a0\"},\"description\":\"Le volume de pluviom\u00e9trie s\u2019est am\u00e9lior\u00e9 de pr\u00e8s de 96% entre le 1er septembre 2022 et le 13 f\u00e9vrier 2023 par rapport \u00e0 la m\u00eame p\u00e9riode de l\u2019ann\u00e9e pr\u00e9c\u00e9dente, a affirm\u00e9, mercredi \u00e0 Rabat, le ministre de l\u2019Equipement et de l\u2019Eau, Nizar Baraka.\",\"breadcrumb\":{\"@id\":\"https:\\\/\\\/dpress.ma\\\/fr\\\/2023\\\/02\\\/15\\\/nizar-baraka-au-forum-de-la-map-le-volume-de-pluviometrie-sest-ameliore-de-pres-de-96-entre-le-1er-septembre-2022-et-le-13-fevrier\\\/#breadcrumb\"},\"inLanguage\":\"fr-FR\",\"potentialAction\":[{\"@type\":\"ReadAction\",\"target\":[\"https:\\\/\\\/dpress.ma\\\/fr\\\/2023\\\/02\\\/15\\\/nizar-baraka-au-forum-de-la-map-le-volume-de-pluviometrie-sest-ameliore-de-pres-de-96-entre-le-1er-septembre-2022-et-le-13-fevrier\\\/\"]}]},{\"@type\":\"ImageObject\",\"inLanguage\":\"fr-FR\",\"@id\":\"https:\\\/\\\/dpress.ma\\\/fr\\\/2023\\\/02\\\/15\\\/nizar-baraka-au-forum-de-la-map-le-volume-de-pluviometrie-sest-ameliore-de-pres-de-96-entre-le-1er-septembre-2022-et-le-13-fevrier\\\/#primaryimage\",\"url\":\"https:\\\/\\\/dpress.ma\\\/fr\\\/wp-content\\\/uploads\\\/sites\\\/2\\\/2023\\\/02\\\/dimensions2-40.jpg\",\"contentUrl\":\"https:\\\/\\\/dpress.ma\\\/fr\\\/wp-content\\\/uploads\\\/sites\\\/2\\\/2023\\\/02\\\/dimensions2-40.jpg\",\"width\":2539,\"height\":1594},{\"@type\":\"BreadcrumbList\",\"@id\":\"https:\\\/\\\/dpress.ma\\\/fr\\\/2023\\\/02\\\/15\\\/nizar-baraka-au-forum-de-la-map-le-volume-de-pluviometrie-sest-ameliore-de-pres-de-96-entre-le-1er-septembre-2022-et-le-13-fevrier\\\/#breadcrumb\",\"itemListElement\":[{\"@type\":\"ListItem\",\"position\":1,\"name\":\"Home\",\"item\":\"https:\\\/\\\/dpress.ma\\\/fr\\\/\"},{\"@type\":\"ListItem\",\"position\":2,\"name\":\"Nizar Baraka au forum de la MAP: le volume de pluviom\u00e9trie s\u2019est am\u00e9lior\u00e9 de pr\u00e8s de 96% entre le 1er septembre 2022 et le 13 f\u00e9vrier\"}]},{\"@type\":\"WebSite\",\"@id\":\"https:\\\/\\\/dpress.ma\\\/fr\\\/#website\",\"url\":\"https:\\\/\\\/dpress.ma\\\/fr\\\/\",\"name\":\"Dpress.ma\\\/fr\",\"description\":\"\",\"potentialAction\":[{\"@type\":\"SearchAction\",\"target\":{\"@type\":\"EntryPoint\",\"urlTemplate\":\"https:\\\/\\\/dpress.ma\\\/fr\\\/?s={search_term_string}\"},\"query-input\":{\"@type\":\"PropertyValueSpecification\",\"valueRequired\":true,\"valueName\":\"search_term_string\"}}],\"inLanguage\":\"fr-FR\"},{\"@type\":\"Person\",\"@id\":\"https:\\\/\\\/dpress.ma\\\/fr\\\/#\\\/schema\\\/person\\\/4898febf3ccd59e6578d838656a306a0\",\"name\":\"Dpress.ma\",\"image\":{\"@type\":\"ImageObject\",\"inLanguage\":\"fr-FR\",\"@id\":\"https:\\\/\\\/secure.gravatar.com\\\/avatar\\\/72ecc30e9db047a2e0e7176561eb9d564ed77c8108376495b19bd8336405198a?s=96&d=mm&r=g\",\"url\":\"https:\\\/\\\/secure.gravatar.com\\\/avatar\\\/72ecc30e9db047a2e0e7176561eb9d564ed77c8108376495b19bd8336405198a?s=96&d=mm&r=g\",\"contentUrl\":\"https:\\\/\\\/secure.gravatar.com\\\/avatar\\\/72ecc30e9db047a2e0e7176561eb9d564ed77c8108376495b19bd8336405198a?s=96&d=mm&r=g\",\"caption\":\"Dpress.ma\"},\"sameAs\":[\"https:\\\/\\\/www.dpress.ma\"],\"url\":\"https:\\\/\\\/dpress.ma\\\/fr\\\/author\\\/dpress-ma\\\/\"}]}<\/script>\n<!-- \/ Yoast SEO plugin. -->","yoast_head_json":{"title":"Nizar Baraka au forum de la MAP: le volume de pluviom\u00e9trie s\u2019est am\u00e9lior\u00e9 de pr\u00e8s de 96% entre le 1er septembre 2022 et le 13 f\u00e9vrier - Dpress.ma\/fr","description":"Le volume de pluviom\u00e9trie s\u2019est am\u00e9lior\u00e9 de pr\u00e8s de 96% entre le 1er septembre 2022 et le 13 f\u00e9vrier 2023 par rapport \u00e0 la m\u00eame p\u00e9riode de l\u2019ann\u00e9e pr\u00e9c\u00e9dente, a affirm\u00e9, mercredi \u00e0 Rabat, le ministre de l\u2019Equipement et de l\u2019Eau, Nizar Baraka.","robots":{"index":"index","follow":"follow","max-snippet":"max-snippet:-1","max-image-preview":"max-image-preview:large","max-video-preview":"max-video-preview:-1"},"canonical":"https:\/\/dpress.ma\/fr\/2023\/02\/15\/nizar-baraka-au-forum-de-la-map-le-volume-de-pluviometrie-sest-ameliore-de-pres-de-96-entre-le-1er-septembre-2022-et-le-13-fevrier\/","og_locale":"fr_FR","og_type":"article","og_title":"Nizar Baraka au forum de la MAP: le volume de pluviom\u00e9trie s\u2019est am\u00e9lior\u00e9 de pr\u00e8s de 96% entre le 1er septembre 2022 et le 13 f\u00e9vrier - Dpress.ma\/fr","og_description":"Le volume de pluviom\u00e9trie s\u2019est am\u00e9lior\u00e9 de pr\u00e8s de 96% entre le 1er septembre 2022 et le 13 f\u00e9vrier 2023 par rapport \u00e0 la m\u00eame p\u00e9riode de l\u2019ann\u00e9e pr\u00e9c\u00e9dente, a affirm\u00e9, mercredi \u00e0 Rabat, le ministre de l\u2019Equipement et de l\u2019Eau, Nizar Baraka.","og_url":"https:\/\/dpress.ma\/fr\/2023\/02\/15\/nizar-baraka-au-forum-de-la-map-le-volume-de-pluviometrie-sest-ameliore-de-pres-de-96-entre-le-1er-septembre-2022-et-le-13-fevrier\/","og_site_name":"Dpress.ma\/fr","article_published_time":"2023-02-15T14:42:33+00:00","article_modified_time":"2023-02-15T14:42:34+00:00","og_image":[{"width":2539,"height":1594,"url":"https:\/\/dpress.ma\/fr\/wp-content\/uploads\/sites\/2\/2023\/02\/dimensions2-40.jpg","type":"image\/jpeg"}],"author":"Dpress.ma","twitter_card":"summary_large_image","twitter_misc":{"\u00c9crit par":"Dpress.ma","Dur\u00e9e de lecture estim\u00e9e":"2 minutes"},"schema":{"@context":"https:\/\/schema.org","@graph":[{"@type":"Article","@id":"https:\/\/dpress.ma\/fr\/2023\/02\/15\/nizar-baraka-au-forum-de-la-map-le-volume-de-pluviometrie-sest-ameliore-de-pres-de-96-entre-le-1er-septembre-2022-et-le-13-fevrier\/#article","isPartOf":{"@id":"https:\/\/dpress.ma\/fr\/2023\/02\/15\/nizar-baraka-au-forum-de-la-map-le-volume-de-pluviometrie-sest-ameliore-de-pres-de-96-entre-le-1er-septembre-2022-et-le-13-fevrier\/"},"author":{"name":"Dpress.ma","@id":"https:\/\/dpress.ma\/fr\/#\/schema\/person\/4898febf3ccd59e6578d838656a306a0"},"headline":"Nizar Baraka au forum de la MAP: le volume de pluviom\u00e9trie s\u2019est am\u00e9lior\u00e9 de pr\u00e8s de 96% entre le 1er septembre 2022 et le 13 f\u00e9vrier","datePublished":"2023-02-15T14:42:33+00:00","dateModified":"2023-02-15T14:42:34+00:00","mainEntityOfPage":{"@id":"https:\/\/dpress.ma\/fr\/2023\/02\/15\/nizar-baraka-au-forum-de-la-map-le-volume-de-pluviometrie-sest-ameliore-de-pres-de-96-entre-le-1er-septembre-2022-et-le-13-fevrier\/"},"wordCount":444,"commentCount":0,"image":{"@id":"https:\/\/dpress.ma\/fr\/2023\/02\/15\/nizar-baraka-au-forum-de-la-map-le-volume-de-pluviometrie-sest-ameliore-de-pres-de-96-entre-le-1er-septembre-2022-et-le-13-fevrier\/#primaryimage"},"thumbnailUrl":"https:\/\/dpress.ma\/fr\/wp-content\/uploads\/sites\/2\/2023\/02\/dimensions2-40.jpg","articleSection":["\u00c9conomie"],"inLanguage":"fr-FR","potentialAction":[{"@type":"CommentAction","name":"Comment","target":["https:\/\/dpress.ma\/fr\/2023\/02\/15\/nizar-baraka-au-forum-de-la-map-le-volume-de-pluviometrie-sest-ameliore-de-pres-de-96-entre-le-1er-septembre-2022-et-le-13-fevrier\/#respond"]}]},{"@type":"WebPage","@id":"https:\/\/dpress.ma\/fr\/2023\/02\/15\/nizar-baraka-au-forum-de-la-map-le-volume-de-pluviometrie-sest-ameliore-de-pres-de-96-entre-le-1er-septembre-2022-et-le-13-fevrier\/","url":"https:\/\/dpress.ma\/fr\/2023\/02\/15\/nizar-baraka-au-forum-de-la-map-le-volume-de-pluviometrie-sest-ameliore-de-pres-de-96-entre-le-1er-septembre-2022-et-le-13-fevrier\/","name":"Nizar Baraka au forum de la MAP: le volume de pluviom\u00e9trie s\u2019est am\u00e9lior\u00e9 de pr\u00e8s de 96% entre le 1er septembre 2022 et le 13 f\u00e9vrier - Dpress.ma\/fr","isPartOf":{"@id":"https:\/\/dpress.ma\/fr\/#website"},"primaryImageOfPage":{"@id":"https:\/\/dpress.ma\/fr\/2023\/02\/15\/nizar-baraka-au-forum-de-la-map-le-volume-de-pluviometrie-sest-ameliore-de-pres-de-96-entre-le-1er-septembre-2022-et-le-13-fevrier\/#primaryimage"},"image":{"@id":"https:\/\/dpress.ma\/fr\/2023\/02\/15\/nizar-baraka-au-forum-de-la-map-le-volume-de-pluviometrie-sest-ameliore-de-pres-de-96-entre-le-1er-septembre-2022-et-le-13-fevrier\/#primaryimage"},"thumbnailUrl":"https:\/\/dpress.ma\/fr\/wp-content\/uploads\/sites\/2\/2023\/02\/dimensions2-40.jpg","datePublished":"2023-02-15T14:42:33+00:00","dateModified":"2023-02-15T14:42:34+00:00","author":{"@id":"https:\/\/dpress.ma\/fr\/#\/schema\/person\/4898febf3ccd59e6578d838656a306a0"},"description":"Le volume de pluviom\u00e9trie s\u2019est am\u00e9lior\u00e9 de pr\u00e8s de 96% entre le 1er septembre 2022 et le 13 f\u00e9vrier 2023 par rapport \u00e0 la m\u00eame p\u00e9riode de l\u2019ann\u00e9e pr\u00e9c\u00e9dente, a affirm\u00e9, mercredi \u00e0 Rabat, le ministre de l\u2019Equipement et de l\u2019Eau, Nizar Baraka.","breadcrumb":{"@id":"https:\/\/dpress.ma\/fr\/2023\/02\/15\/nizar-baraka-au-forum-de-la-map-le-volume-de-pluviometrie-sest-ameliore-de-pres-de-96-entre-le-1er-septembre-2022-et-le-13-fevrier\/#breadcrumb"},"inLanguage":"fr-FR","potentialAction":[{"@type":"ReadAction","target":["https:\/\/dpress.ma\/fr\/2023\/02\/15\/nizar-baraka-au-forum-de-la-map-le-volume-de-pluviometrie-sest-ameliore-de-pres-de-96-entre-le-1er-septembre-2022-et-le-13-fevrier\/"]}]},{"@type":"ImageObject","inLanguage":"fr-FR","@id":"https:\/\/dpress.ma\/fr\/2023\/02\/15\/nizar-baraka-au-forum-de-la-map-le-volume-de-pluviometrie-sest-ameliore-de-pres-de-96-entre-le-1er-septembre-2022-et-le-13-fevrier\/#primaryimage","url":"https:\/\/dpress.ma\/fr\/wp-content\/uploads\/sites\/2\/2023\/02\/dimensions2-40.jpg","contentUrl":"https:\/\/dpress.ma\/fr\/wp-content\/uploads\/sites\/2\/2023\/02\/dimensions2-40.jpg","width":2539,"height":1594},{"@type":"BreadcrumbList","@id":"https:\/\/dpress.ma\/fr\/2023\/02\/15\/nizar-baraka-au-forum-de-la-map-le-volume-de-pluviometrie-sest-ameliore-de-pres-de-96-entre-le-1er-septembre-2022-et-le-13-fevrier\/#breadcrumb","itemListElement":[{"@type":"ListItem","position":1,"name":"Home","item":"https:\/\/dpress.ma\/fr\/"},{"@type":"ListItem","position":2,"name":"Nizar Baraka au forum de la MAP: le volume de pluviom\u00e9trie s\u2019est am\u00e9lior\u00e9 de pr\u00e8s de 96% entre le 1er septembre 2022 et le 13 f\u00e9vrier"}]},{"@type":"WebSite","@id":"https:\/\/dpress.ma\/fr\/#website","url":"https:\/\/dpress.ma\/fr\/","name":"Dpress.ma\/fr","description":"","potentialAction":[{"@type":"SearchAction","target":{"@type":"EntryPoint","urlTemplate":"https:\/\/dpress.ma\/fr\/?s={search_term_string}"},"query-input":{"@type":"PropertyValueSpecification","valueRequired":true,"valueName":"search_term_string"}}],"inLanguage":"fr-FR"},{"@type":"Person","@id":"https:\/\/dpress.ma\/fr\/#\/schema\/person\/4898febf3ccd59e6578d838656a306a0","name":"Dpress.ma","image":{"@type":"ImageObject","inLanguage":"fr-FR","@id":"https:\/\/secure.gravatar.com\/avatar\/72ecc30e9db047a2e0e7176561eb9d564ed77c8108376495b19bd8336405198a?s=96&d=mm&r=g","url":"https:\/\/secure.gravatar.com\/avatar\/72ecc30e9db047a2e0e7176561eb9d564ed77c8108376495b19bd8336405198a?s=96&d=mm&r=g","contentUrl":"https:\/\/secure.gravatar.com\/avatar\/72ecc30e9db047a2e0e7176561eb9d564ed77c8108376495b19bd8336405198a?s=96&d=mm&r=g","caption":"Dpress.ma"},"sameAs":["https:\/\/www.dpress.ma"],"url":"https:\/\/dpress.ma\/fr\/author\/dpress-ma\/"}]}},"amp_enabled":true,"_links":{"self":[{"href":"https:\/\/dpress.ma\/fr\/wp-json\/wp\/v2\/posts\/3640","targetHints":{"allow":["GET"]}}],"collection":[{"href":"https:\/\/dpress.ma\/fr\/wp-json\/wp\/v2\/posts"}],"about":[{"href":"https:\/\/dpress.ma\/fr\/wp-json\/wp\/v2\/types\/post"}],"author":[{"embeddable":true,"href":"https:\/\/dpress.ma\/fr\/wp-json\/wp\/v2\/users\/2"}],"replies":[{"embeddable":true,"href":"https:\/\/dpress.ma\/fr\/wp-json\/wp\/v2\/comments?post=3640"}],"version-history":[{"count":1,"href":"https:\/\/dpress.ma\/fr\/wp-json\/wp\/v2\/posts\/3640\/revisions"}],"predecessor-version":[{"id":3642,"href":"https:\/\/dpress.ma\/fr\/wp-json\/wp\/v2\/posts\/3640\/revisions\/3642"}],"wp:featuredmedia":[{"embeddable":true,"href":"https:\/\/dpress.ma\/fr\/wp-json\/wp\/v2\/media\/3641"}],"wp:attachment":[{"href":"https:\/\/dpress.ma\/fr\/wp-json\/wp\/v2\/media?parent=3640"}],"wp:term":[{"taxonomy":"category","embeddable":true,"href":"https:\/\/dpress.ma\/fr\/wp-json\/wp\/v2\/categories?post=3640"},{"taxonomy":"post_tag","embeddable":true,"href":"https:\/\/dpress.ma\/fr\/wp-json\/wp\/v2\/tags?post=3640"}],"curies":[{"name":"wp","href":"https:\/\/api.w.org\/{rel}","templated":true}]}}