{"id":3637,"date":"2023-02-15T14:39:18","date_gmt":"2023-02-15T14:39:18","guid":{"rendered":"https:\/\/dpress.ma\/fr\/?p=3637"},"modified":"2023-02-15T14:39:20","modified_gmt":"2023-02-15T14:39:20","slug":"maroc-portugal-signature-dun-memorandum-dentente-sur-le-renforcement-du-partenariat-et-de-la-cooperation","status":"publish","type":"post","link":"https:\/\/dpress.ma\/fr\/2023\/02\/15\/maroc-portugal-signature-dun-memorandum-dentente-sur-le-renforcement-du-partenariat-et-de-la-cooperation\/","title":{"rendered":"Maroc\/Portugal : Signature d&rsquo;un m\u00e9morandum d\u2019entente sur le renforcement du partenariat et de la coop\u00e9ration"},"content":{"rendered":"\n<p>Dpress<\/p>\n\n\n\n<p>Un m\u00e9morandum d\u2019entente portant sur le renforcement du partenariat et de la coop\u00e9ration a \u00e9t\u00e9 sign\u00e9, mardi \u00e0 Rabat, entre les Cours des Comptes du Maroc et du Portugal.<\/p>\n\n\n\n<p>En vertu de cet accord, sign\u00e9 par la premi\u00e8re Pr\u00e9sidente de la Cour des comptes du Maroc, Zineb El Adaoui, et le Pr\u00e9sident de la Cour des comptes de la R\u00e9publique Portugaise, Jose Tavares, les deux parties entendent promouvoir l\u2019\u00e9change d\u2019exp\u00e9riences et d\u2019expertises dans les domaines ayant trait \u00e0 l\u2019audit informatique, la transformation digitale et le big data, ainsi que le renforcement des consultations et \u00e9changes de vues sur les questions relatives aux attributions juridictionnelles aussi bien sur le plan bilat\u00e9ral que sur les plans r\u00e9gional et international, indique un communiqu\u00e9 de la Cour des Comptes. Intervenant \u00e0 cette occasion, la premi\u00e8re Pr\u00e9sidente a affirm\u00e9 que cet accord constitue un cadre durable pour \u00e9changer les connaissances et les bonnes pratiques en vue d\u2019adopter une approche du contr\u00f4le int\u00e9gr\u00e9 qui assure une meilleure compl\u00e9mentarit\u00e9 entre les diff\u00e9rents types du contr\u00f4le aussi bien juridictionnel que non juridictionnel, ainsi que le d\u00e9veloppement des capacit\u00e9s professionnelles et des approches d\u2019audit et de responsabilit\u00e9, notamment dans les aspects li\u00e9s \u00e0 la transformation digitale et le traitement des r\u00e9clamations, au b\u00e9n\u00e9fice des citoyens au niveau des deux pays.<\/p>\n\n\n\n<p>M. Tavares a, pour sa part, souhait\u00e9 renforcer la coop\u00e9ration entre les deux institutions, soulignant les nombreuses similitudes entre les deux syst\u00e8mes. Il a, dans ce sens, appel\u00e9 \u00e0 d\u00e9velopper la coop\u00e9ration dans plusieurs domaines, dont principalement la responsabilit\u00e9 financi\u00e8re des gestionnaires publics et la certification des comptes de l\u2019\u00c9tat.<\/p>\n\n\n\n<p>Les deux parties ont \u00e9galement convenu de d\u00e9ployer tous les efforts n\u00e9cessaires pour atteindre efficacement et durablement les objectifs de ce m\u00e9morandum d\u2019entente au service du contr\u00f4le sup\u00e9rieur des finances publiques au niveau des deux pays, en particulier l\u2019am\u00e9lioration de la performance du service public, souligne le communiqu\u00e9.<\/p>\n","protected":false},"excerpt":{"rendered":"<p>Dpress Un m\u00e9morandum d\u2019entente portant sur le renforcement du partenariat et de la coop\u00e9ration a \u00e9t\u00e9 sign\u00e9, mardi \u00e0 Rabat, entre les Cours des Comptes du Maroc et du Portugal. En vertu de cet accord, sign\u00e9 par la premi\u00e8re Pr\u00e9sidente de la Cour des comptes du Maroc, Zineb El Adaoui, et le Pr\u00e9sident de la &hellip;<\/p>\n","protected":false},"author":2,"featured_media":3638,"comment_status":"open","ping_status":"open","sticky":false,"template":"","format":"standard","meta":{"footnotes":""},"categories":[25],"tags":[],"class_list":["post-3637","post","type-post","status-publish","format-standard","has-post-thumbnail","hentry","category-economie"],"yoast_head":"<!-- This site is optimized with the Yoast SEO plugin v27.5 - https:\/\/yoast.com\/product\/yoast-seo-wordpress\/ -->\n<title>Maroc\/Portugal : Signature d&#039;un m\u00e9morandum d\u2019entente sur le renforcement du partenariat et de la coop\u00e9ration - Dpress.ma\/fr<\/title>\n<meta name=\"description\" content=\"Un m\u00e9morandum d\u2019entente portant sur le renforcement du partenariat et de la coop\u00e9ration a \u00e9t\u00e9 sign\u00e9, mardi \u00e0 Rabat, entre les Cours des Comptes du Maroc et du Portugal.\" \/>\n<meta name=\"robots\" content=\"index, follow, max-snippet:-1, max-image-preview:large, max-video-preview:-1\" \/>\n<link rel=\"canonical\" href=\"https:\/\/dpress.ma\/fr\/2023\/02\/15\/maroc-portugal-signature-dun-memorandum-dentente-sur-le-renforcement-du-partenariat-et-de-la-cooperation\/\" \/>\n<meta property=\"og:locale\" content=\"fr_FR\" \/>\n<meta property=\"og:type\" content=\"article\" \/>\n<meta property=\"og:title\" content=\"Maroc\/Portugal : Signature d&#039;un m\u00e9morandum d\u2019entente sur le renforcement du partenariat et de la coop\u00e9ration - Dpress.ma\/fr\" \/>\n<meta property=\"og:description\" content=\"Un m\u00e9morandum d\u2019entente portant sur le renforcement du partenariat et de la coop\u00e9ration a \u00e9t\u00e9 sign\u00e9, mardi \u00e0 Rabat, entre les Cours des Comptes du Maroc et du Portugal.\" \/>\n<meta property=\"og:url\" content=\"https:\/\/dpress.ma\/fr\/2023\/02\/15\/maroc-portugal-signature-dun-memorandum-dentente-sur-le-renforcement-du-partenariat-et-de-la-cooperation\/\" \/>\n<meta property=\"og:site_name\" content=\"Dpress.ma\/fr\" \/>\n<meta property=\"article:published_time\" content=\"2023-02-15T14:39:18+00:00\" \/>\n<meta property=\"article:modified_time\" content=\"2023-02-15T14:39:20+00:00\" \/>\n<meta property=\"og:image\" content=\"https:\/\/dpress.ma\/fr\/wp-content\/uploads\/sites\/2\/2023\/02\/dimensions2-39.jpg\" \/>\n\t<meta property=\"og:image:width\" content=\"2539\" \/>\n\t<meta property=\"og:image:height\" content=\"1594\" \/>\n\t<meta property=\"og:image:type\" content=\"image\/jpeg\" \/>\n<meta name=\"author\" content=\"Dpress.ma\" \/>\n<meta name=\"twitter:card\" content=\"summary_large_image\" \/>\n<meta name=\"twitter:label1\" content=\"\u00c9crit par\" \/>\n\t<meta name=\"twitter:data1\" content=\"Dpress.ma\" \/>\n\t<meta name=\"twitter:label2\" content=\"Dur\u00e9e de lecture estim\u00e9e\" \/>\n\t<meta name=\"twitter:data2\" content=\"2 minutes\" \/>\n<script type=\"application\/ld+json\" class=\"yoast-schema-graph\">{\"@context\":\"https:\\\/\\\/schema.org\",\"@graph\":[{\"@type\":\"Article\",\"@id\":\"https:\\\/\\\/dpress.ma\\\/fr\\\/2023\\\/02\\\/15\\\/maroc-portugal-signature-dun-memorandum-dentente-sur-le-renforcement-du-partenariat-et-de-la-cooperation\\\/#article\",\"isPartOf\":{\"@id\":\"https:\\\/\\\/dpress.ma\\\/fr\\\/2023\\\/02\\\/15\\\/maroc-portugal-signature-dun-memorandum-dentente-sur-le-renforcement-du-partenariat-et-de-la-cooperation\\\/\"},\"author\":{\"name\":\"Dpress.ma\",\"@id\":\"https:\\\/\\\/dpress.ma\\\/fr\\\/#\\\/schema\\\/person\\\/4898febf3ccd59e6578d838656a306a0\"},\"headline\":\"Maroc\\\/Portugal : Signature d&rsquo;un m\u00e9morandum d\u2019entente sur le renforcement du partenariat et de la coop\u00e9ration\",\"datePublished\":\"2023-02-15T14:39:18+00:00\",\"dateModified\":\"2023-02-15T14:39:20+00:00\",\"mainEntityOfPage\":{\"@id\":\"https:\\\/\\\/dpress.ma\\\/fr\\\/2023\\\/02\\\/15\\\/maroc-portugal-signature-dun-memorandum-dentente-sur-le-renforcement-du-partenariat-et-de-la-cooperation\\\/\"},\"wordCount\":366,\"commentCount\":0,\"image\":{\"@id\":\"https:\\\/\\\/dpress.ma\\\/fr\\\/2023\\\/02\\\/15\\\/maroc-portugal-signature-dun-memorandum-dentente-sur-le-renforcement-du-partenariat-et-de-la-cooperation\\\/#primaryimage\"},\"thumbnailUrl\":\"https:\\\/\\\/dpress.ma\\\/fr\\\/wp-content\\\/uploads\\\/sites\\\/2\\\/2023\\\/02\\\/dimensions2-39.jpg\",\"articleSection\":[\"\u00c9conomie\"],\"inLanguage\":\"fr-FR\",\"potentialAction\":[{\"@type\":\"CommentAction\",\"name\":\"Comment\",\"target\":[\"https:\\\/\\\/dpress.ma\\\/fr\\\/2023\\\/02\\\/15\\\/maroc-portugal-signature-dun-memorandum-dentente-sur-le-renforcement-du-partenariat-et-de-la-cooperation\\\/#respond\"]}]},{\"@type\":\"WebPage\",\"@id\":\"https:\\\/\\\/dpress.ma\\\/fr\\\/2023\\\/02\\\/15\\\/maroc-portugal-signature-dun-memorandum-dentente-sur-le-renforcement-du-partenariat-et-de-la-cooperation\\\/\",\"url\":\"https:\\\/\\\/dpress.ma\\\/fr\\\/2023\\\/02\\\/15\\\/maroc-portugal-signature-dun-memorandum-dentente-sur-le-renforcement-du-partenariat-et-de-la-cooperation\\\/\",\"name\":\"Maroc\\\/Portugal : Signature d'un m\u00e9morandum d\u2019entente sur le renforcement du partenariat et de la coop\u00e9ration - Dpress.ma\\\/fr\",\"isPartOf\":{\"@id\":\"https:\\\/\\\/dpress.ma\\\/fr\\\/#website\"},\"primaryImageOfPage\":{\"@id\":\"https:\\\/\\\/dpress.ma\\\/fr\\\/2023\\\/02\\\/15\\\/maroc-portugal-signature-dun-memorandum-dentente-sur-le-renforcement-du-partenariat-et-de-la-cooperation\\\/#primaryimage\"},\"image\":{\"@id\":\"https:\\\/\\\/dpress.ma\\\/fr\\\/2023\\\/02\\\/15\\\/maroc-portugal-signature-dun-memorandum-dentente-sur-le-renforcement-du-partenariat-et-de-la-cooperation\\\/#primaryimage\"},\"thumbnailUrl\":\"https:\\\/\\\/dpress.ma\\\/fr\\\/wp-content\\\/uploads\\\/sites\\\/2\\\/2023\\\/02\\\/dimensions2-39.jpg\",\"datePublished\":\"2023-02-15T14:39:18+00:00\",\"dateModified\":\"2023-02-15T14:39:20+00:00\",\"author\":{\"@id\":\"https:\\\/\\\/dpress.ma\\\/fr\\\/#\\\/schema\\\/person\\\/4898febf3ccd59e6578d838656a306a0\"},\"description\":\"Un m\u00e9morandum d\u2019entente portant sur le renforcement du partenariat et de la coop\u00e9ration a \u00e9t\u00e9 sign\u00e9, mardi \u00e0 Rabat, entre les Cours des Comptes du Maroc et du Portugal.\",\"breadcrumb\":{\"@id\":\"https:\\\/\\\/dpress.ma\\\/fr\\\/2023\\\/02\\\/15\\\/maroc-portugal-signature-dun-memorandum-dentente-sur-le-renforcement-du-partenariat-et-de-la-cooperation\\\/#breadcrumb\"},\"inLanguage\":\"fr-FR\",\"potentialAction\":[{\"@type\":\"ReadAction\",\"target\":[\"https:\\\/\\\/dpress.ma\\\/fr\\\/2023\\\/02\\\/15\\\/maroc-portugal-signature-dun-memorandum-dentente-sur-le-renforcement-du-partenariat-et-de-la-cooperation\\\/\"]}]},{\"@type\":\"ImageObject\",\"inLanguage\":\"fr-FR\",\"@id\":\"https:\\\/\\\/dpress.ma\\\/fr\\\/2023\\\/02\\\/15\\\/maroc-portugal-signature-dun-memorandum-dentente-sur-le-renforcement-du-partenariat-et-de-la-cooperation\\\/#primaryimage\",\"url\":\"https:\\\/\\\/dpress.ma\\\/fr\\\/wp-content\\\/uploads\\\/sites\\\/2\\\/2023\\\/02\\\/dimensions2-39.jpg\",\"contentUrl\":\"https:\\\/\\\/dpress.ma\\\/fr\\\/wp-content\\\/uploads\\\/sites\\\/2\\\/2023\\\/02\\\/dimensions2-39.jpg\",\"width\":2539,\"height\":1594},{\"@type\":\"BreadcrumbList\",\"@id\":\"https:\\\/\\\/dpress.ma\\\/fr\\\/2023\\\/02\\\/15\\\/maroc-portugal-signature-dun-memorandum-dentente-sur-le-renforcement-du-partenariat-et-de-la-cooperation\\\/#breadcrumb\",\"itemListElement\":[{\"@type\":\"ListItem\",\"position\":1,\"name\":\"Home\",\"item\":\"https:\\\/\\\/dpress.ma\\\/fr\\\/\"},{\"@type\":\"ListItem\",\"position\":2,\"name\":\"Maroc\\\/Portugal : Signature d&#8217;un m\u00e9morandum d\u2019entente sur le renforcement du partenariat et de la coop\u00e9ration\"}]},{\"@type\":\"WebSite\",\"@id\":\"https:\\\/\\\/dpress.ma\\\/fr\\\/#website\",\"url\":\"https:\\\/\\\/dpress.ma\\\/fr\\\/\",\"name\":\"Dpress.ma\\\/fr\",\"description\":\"\",\"potentialAction\":[{\"@type\":\"SearchAction\",\"target\":{\"@type\":\"EntryPoint\",\"urlTemplate\":\"https:\\\/\\\/dpress.ma\\\/fr\\\/?s={search_term_string}\"},\"query-input\":{\"@type\":\"PropertyValueSpecification\",\"valueRequired\":true,\"valueName\":\"search_term_string\"}}],\"inLanguage\":\"fr-FR\"},{\"@type\":\"Person\",\"@id\":\"https:\\\/\\\/dpress.ma\\\/fr\\\/#\\\/schema\\\/person\\\/4898febf3ccd59e6578d838656a306a0\",\"name\":\"Dpress.ma\",\"image\":{\"@type\":\"ImageObject\",\"inLanguage\":\"fr-FR\",\"@id\":\"https:\\\/\\\/secure.gravatar.com\\\/avatar\\\/72ecc30e9db047a2e0e7176561eb9d564ed77c8108376495b19bd8336405198a?s=96&d=mm&r=g\",\"url\":\"https:\\\/\\\/secure.gravatar.com\\\/avatar\\\/72ecc30e9db047a2e0e7176561eb9d564ed77c8108376495b19bd8336405198a?s=96&d=mm&r=g\",\"contentUrl\":\"https:\\\/\\\/secure.gravatar.com\\\/avatar\\\/72ecc30e9db047a2e0e7176561eb9d564ed77c8108376495b19bd8336405198a?s=96&d=mm&r=g\",\"caption\":\"Dpress.ma\"},\"sameAs\":[\"https:\\\/\\\/www.dpress.ma\"],\"url\":\"https:\\\/\\\/dpress.ma\\\/fr\\\/author\\\/dpress-ma\\\/\"}]}<\/script>\n<!-- \/ Yoast SEO plugin. -->","yoast_head_json":{"title":"Maroc\/Portugal : Signature d'un m\u00e9morandum d\u2019entente sur le renforcement du partenariat et de la coop\u00e9ration - Dpress.ma\/fr","description":"Un m\u00e9morandum d\u2019entente portant sur le renforcement du partenariat et de la coop\u00e9ration a \u00e9t\u00e9 sign\u00e9, mardi \u00e0 Rabat, entre les Cours des Comptes du Maroc et du Portugal.","robots":{"index":"index","follow":"follow","max-snippet":"max-snippet:-1","max-image-preview":"max-image-preview:large","max-video-preview":"max-video-preview:-1"},"canonical":"https:\/\/dpress.ma\/fr\/2023\/02\/15\/maroc-portugal-signature-dun-memorandum-dentente-sur-le-renforcement-du-partenariat-et-de-la-cooperation\/","og_locale":"fr_FR","og_type":"article","og_title":"Maroc\/Portugal : Signature d'un m\u00e9morandum d\u2019entente sur le renforcement du partenariat et de la coop\u00e9ration - Dpress.ma\/fr","og_description":"Un m\u00e9morandum d\u2019entente portant sur le renforcement du partenariat et de la coop\u00e9ration a \u00e9t\u00e9 sign\u00e9, mardi \u00e0 Rabat, entre les Cours des Comptes du Maroc et du Portugal.","og_url":"https:\/\/dpress.ma\/fr\/2023\/02\/15\/maroc-portugal-signature-dun-memorandum-dentente-sur-le-renforcement-du-partenariat-et-de-la-cooperation\/","og_site_name":"Dpress.ma\/fr","article_published_time":"2023-02-15T14:39:18+00:00","article_modified_time":"2023-02-15T14:39:20+00:00","og_image":[{"width":2539,"height":1594,"url":"https:\/\/dpress.ma\/fr\/wp-content\/uploads\/sites\/2\/2023\/02\/dimensions2-39.jpg","type":"image\/jpeg"}],"author":"Dpress.ma","twitter_card":"summary_large_image","twitter_misc":{"\u00c9crit par":"Dpress.ma","Dur\u00e9e de lecture estim\u00e9e":"2 minutes"},"schema":{"@context":"https:\/\/schema.org","@graph":[{"@type":"Article","@id":"https:\/\/dpress.ma\/fr\/2023\/02\/15\/maroc-portugal-signature-dun-memorandum-dentente-sur-le-renforcement-du-partenariat-et-de-la-cooperation\/#article","isPartOf":{"@id":"https:\/\/dpress.ma\/fr\/2023\/02\/15\/maroc-portugal-signature-dun-memorandum-dentente-sur-le-renforcement-du-partenariat-et-de-la-cooperation\/"},"author":{"name":"Dpress.ma","@id":"https:\/\/dpress.ma\/fr\/#\/schema\/person\/4898febf3ccd59e6578d838656a306a0"},"headline":"Maroc\/Portugal : Signature d&rsquo;un m\u00e9morandum d\u2019entente sur le renforcement du partenariat et de la coop\u00e9ration","datePublished":"2023-02-15T14:39:18+00:00","dateModified":"2023-02-15T14:39:20+00:00","mainEntityOfPage":{"@id":"https:\/\/dpress.ma\/fr\/2023\/02\/15\/maroc-portugal-signature-dun-memorandum-dentente-sur-le-renforcement-du-partenariat-et-de-la-cooperation\/"},"wordCount":366,"commentCount":0,"image":{"@id":"https:\/\/dpress.ma\/fr\/2023\/02\/15\/maroc-portugal-signature-dun-memorandum-dentente-sur-le-renforcement-du-partenariat-et-de-la-cooperation\/#primaryimage"},"thumbnailUrl":"https:\/\/dpress.ma\/fr\/wp-content\/uploads\/sites\/2\/2023\/02\/dimensions2-39.jpg","articleSection":["\u00c9conomie"],"inLanguage":"fr-FR","potentialAction":[{"@type":"CommentAction","name":"Comment","target":["https:\/\/dpress.ma\/fr\/2023\/02\/15\/maroc-portugal-signature-dun-memorandum-dentente-sur-le-renforcement-du-partenariat-et-de-la-cooperation\/#respond"]}]},{"@type":"WebPage","@id":"https:\/\/dpress.ma\/fr\/2023\/02\/15\/maroc-portugal-signature-dun-memorandum-dentente-sur-le-renforcement-du-partenariat-et-de-la-cooperation\/","url":"https:\/\/dpress.ma\/fr\/2023\/02\/15\/maroc-portugal-signature-dun-memorandum-dentente-sur-le-renforcement-du-partenariat-et-de-la-cooperation\/","name":"Maroc\/Portugal : Signature d'un m\u00e9morandum d\u2019entente sur le renforcement du partenariat et de la coop\u00e9ration - Dpress.ma\/fr","isPartOf":{"@id":"https:\/\/dpress.ma\/fr\/#website"},"primaryImageOfPage":{"@id":"https:\/\/dpress.ma\/fr\/2023\/02\/15\/maroc-portugal-signature-dun-memorandum-dentente-sur-le-renforcement-du-partenariat-et-de-la-cooperation\/#primaryimage"},"image":{"@id":"https:\/\/dpress.ma\/fr\/2023\/02\/15\/maroc-portugal-signature-dun-memorandum-dentente-sur-le-renforcement-du-partenariat-et-de-la-cooperation\/#primaryimage"},"thumbnailUrl":"https:\/\/dpress.ma\/fr\/wp-content\/uploads\/sites\/2\/2023\/02\/dimensions2-39.jpg","datePublished":"2023-02-15T14:39:18+00:00","dateModified":"2023-02-15T14:39:20+00:00","author":{"@id":"https:\/\/dpress.ma\/fr\/#\/schema\/person\/4898febf3ccd59e6578d838656a306a0"},"description":"Un m\u00e9morandum d\u2019entente portant sur le renforcement du partenariat et de la coop\u00e9ration a \u00e9t\u00e9 sign\u00e9, mardi \u00e0 Rabat, entre les Cours des Comptes du Maroc et du Portugal.","breadcrumb":{"@id":"https:\/\/dpress.ma\/fr\/2023\/02\/15\/maroc-portugal-signature-dun-memorandum-dentente-sur-le-renforcement-du-partenariat-et-de-la-cooperation\/#breadcrumb"},"inLanguage":"fr-FR","potentialAction":[{"@type":"ReadAction","target":["https:\/\/dpress.ma\/fr\/2023\/02\/15\/maroc-portugal-signature-dun-memorandum-dentente-sur-le-renforcement-du-partenariat-et-de-la-cooperation\/"]}]},{"@type":"ImageObject","inLanguage":"fr-FR","@id":"https:\/\/dpress.ma\/fr\/2023\/02\/15\/maroc-portugal-signature-dun-memorandum-dentente-sur-le-renforcement-du-partenariat-et-de-la-cooperation\/#primaryimage","url":"https:\/\/dpress.ma\/fr\/wp-content\/uploads\/sites\/2\/2023\/02\/dimensions2-39.jpg","contentUrl":"https:\/\/dpress.ma\/fr\/wp-content\/uploads\/sites\/2\/2023\/02\/dimensions2-39.jpg","width":2539,"height":1594},{"@type":"BreadcrumbList","@id":"https:\/\/dpress.ma\/fr\/2023\/02\/15\/maroc-portugal-signature-dun-memorandum-dentente-sur-le-renforcement-du-partenariat-et-de-la-cooperation\/#breadcrumb","itemListElement":[{"@type":"ListItem","position":1,"name":"Home","item":"https:\/\/dpress.ma\/fr\/"},{"@type":"ListItem","position":2,"name":"Maroc\/Portugal : Signature d&#8217;un m\u00e9morandum d\u2019entente sur le renforcement du partenariat et de la coop\u00e9ration"}]},{"@type":"WebSite","@id":"https:\/\/dpress.ma\/fr\/#website","url":"https:\/\/dpress.ma\/fr\/","name":"Dpress.ma\/fr","description":"","potentialAction":[{"@type":"SearchAction","target":{"@type":"EntryPoint","urlTemplate":"https:\/\/dpress.ma\/fr\/?s={search_term_string}"},"query-input":{"@type":"PropertyValueSpecification","valueRequired":true,"valueName":"search_term_string"}}],"inLanguage":"fr-FR"},{"@type":"Person","@id":"https:\/\/dpress.ma\/fr\/#\/schema\/person\/4898febf3ccd59e6578d838656a306a0","name":"Dpress.ma","image":{"@type":"ImageObject","inLanguage":"fr-FR","@id":"https:\/\/secure.gravatar.com\/avatar\/72ecc30e9db047a2e0e7176561eb9d564ed77c8108376495b19bd8336405198a?s=96&d=mm&r=g","url":"https:\/\/secure.gravatar.com\/avatar\/72ecc30e9db047a2e0e7176561eb9d564ed77c8108376495b19bd8336405198a?s=96&d=mm&r=g","contentUrl":"https:\/\/secure.gravatar.com\/avatar\/72ecc30e9db047a2e0e7176561eb9d564ed77c8108376495b19bd8336405198a?s=96&d=mm&r=g","caption":"Dpress.ma"},"sameAs":["https:\/\/www.dpress.ma"],"url":"https:\/\/dpress.ma\/fr\/author\/dpress-ma\/"}]}},"amp_enabled":true,"_links":{"self":[{"href":"https:\/\/dpress.ma\/fr\/wp-json\/wp\/v2\/posts\/3637","targetHints":{"allow":["GET"]}}],"collection":[{"href":"https:\/\/dpress.ma\/fr\/wp-json\/wp\/v2\/posts"}],"about":[{"href":"https:\/\/dpress.ma\/fr\/wp-json\/wp\/v2\/types\/post"}],"author":[{"embeddable":true,"href":"https:\/\/dpress.ma\/fr\/wp-json\/wp\/v2\/users\/2"}],"replies":[{"embeddable":true,"href":"https:\/\/dpress.ma\/fr\/wp-json\/wp\/v2\/comments?post=3637"}],"version-history":[{"count":1,"href":"https:\/\/dpress.ma\/fr\/wp-json\/wp\/v2\/posts\/3637\/revisions"}],"predecessor-version":[{"id":3639,"href":"https:\/\/dpress.ma\/fr\/wp-json\/wp\/v2\/posts\/3637\/revisions\/3639"}],"wp:featuredmedia":[{"embeddable":true,"href":"https:\/\/dpress.ma\/fr\/wp-json\/wp\/v2\/media\/3638"}],"wp:attachment":[{"href":"https:\/\/dpress.ma\/fr\/wp-json\/wp\/v2\/media?parent=3637"}],"wp:term":[{"taxonomy":"category","embeddable":true,"href":"https:\/\/dpress.ma\/fr\/wp-json\/wp\/v2\/categories?post=3637"},{"taxonomy":"post_tag","embeddable":true,"href":"https:\/\/dpress.ma\/fr\/wp-json\/wp\/v2\/tags?post=3637"}],"curies":[{"name":"wp","href":"https:\/\/api.w.org\/{rel}","templated":true}]}}