{"id":36330,"date":"2026-07-17T09:30:56","date_gmt":"2026-07-17T09:30:56","guid":{"rendered":"https:\/\/dpress.ma\/fr\/?p=36330"},"modified":"2026-07-17T09:30:59","modified_gmt":"2026-07-17T09:30:59","slug":"le-forum-international-medays-2026-du-25-au-28-novembre-a-tanger","status":"publish","type":"post","link":"https:\/\/dpress.ma\/fr\/2026\/07\/17\/le-forum-international-medays-2026-du-25-au-28-novembre-a-tanger\/","title":{"rendered":"Le forum international MEDays 2026, du 25 au 28 novembre \u00e0 Tanger"},"content":{"rendered":"\n<p class=\"wp-block-paragraph\">Dpress<\/p>\n\n\n\n<p class=\"wp-block-paragraph\">La 18e \u00e9dition du Forum international MEDays se tiendra du 25 au 28 novembre prochain au Palais des Arts et de la Culture de Tanger, sous le th\u00e8me \u00ab\u00a0Monde fragment\u00e9 : Le temps des choix\u00a0\u00bb, ont annonc\u00e9 jeudi les organisateurs dans un communiqu\u00e9.<\/p>\n\n\n\n<p class=\"wp-block-paragraph\">Plac\u00e9e Sous le Haut Patronage de Sa Majest\u00e9 le Roi Mohammed VI, cette \u00e9dition intervient dans un contexte international marqu\u00e9 par une fragmentation durable de l\u2019ordre mondial, la recomposition des alliances, l\u2019affirmation de nouvelles souverainet\u00e9s et l\u2019intensification des rivalit\u00e9s g\u00e9opolitiques, \u00e9conomiques, \u00e9nerg\u00e9tiques et technologiques, ont pr\u00e9cis\u00e9 la Fondation du Forum MEDays et l\u2019Institut Amadeus qui organisent cet \u00e9v\u00e9nement.<\/p>\n\n\n\n<p class=\"wp-block-paragraph\">\u00ab\u00a0Guid\u00e9 par la Vision multidimensionnelle du Souverain et inscrit dans les Orientations Royales d\u2019une politique \u00e9trang\u00e8re marocaine clairvoyante, ambitieuse et proactive, le \u00ab\u00a0Forum du Sud\u00a0\u00bb s\u2019est affirm\u00e9, depuis sa cr\u00e9ation en 2008, comme une plateforme de dialogue strat\u00e9gique, un outil d\u2019influence et un instrument majeur de &lsquo;soft power&rsquo; et de projection du Royaume. Il contribue \u00e0 valoriser le r\u00f4le du Maroc comme Nation de stabilit\u00e9, de coop\u00e9ration, d\u2019ouverture et de rapprochement entre l\u2019Afrique, l\u2019Atlantique, le monde arabe, la M\u00e9diterran\u00e9e et ses partenaires internationaux\u00a0\u00bb, soulignent les organisateurs.<\/p>\n\n\n\n<p class=\"wp-block-paragraph\">Le th\u00e8me de cette 18e \u00e9dition traduit,&nbsp;selon la m\u00eame source, la n\u00e9cessit\u00e9 de d\u00e9passer le seul constat des crises pour interroger les d\u00e9cisions, les arbitrages et les responsabilit\u00e9s qui d\u00e9termineront les rapports de&nbsp; force et les \u00e9quilibres de demain.<\/p>\n\n\n\n<p class=\"wp-block-paragraph\">Face \u00e0 ces transformations, les MEDays 2026 placeront au c\u0153ur de leurs travaux les choix strat\u00e9giques auxquels sont confront\u00e9s les \u00c9tats, les institutions et les acteurs \u00e9conomiques. Les d\u00e9bats porteront notamment sur les souverainet\u00e9s, les alliances, le leadership, la s\u00e9curit\u00e9, l\u2019industrialisation, l\u2019\u00e9nergie, les nouvelles cha\u00eenes de valeur, l\u2019intelligence artificielle, les ressources strat\u00e9giques ainsi que les dynamiques de coop\u00e9ration africaine, atlantique et Sud-Sud.<\/p>\n\n\n\n<p class=\"wp-block-paragraph\">Pour l\u2019Afrique et les pays du \u00ab\u00a0Sud global\u00a0\u00bb, l\u2019enjeu est de renforcer leur capacit\u00e9 de d\u00e9cision, de s\u00e9curiser leurs int\u00e9r\u00eats strat\u00e9giques et de participer pleinement \u00e0 la d\u00e9finition des nouveaux \u00e9quilibres internationaux.<\/p>\n\n\n\n<p class=\"wp-block-paragraph\">Fid\u00e8les \u00e0 leur vocation et \u00e0 leur ADN, les MEDays offriront, une fois encore, une tribune cr\u00e9dible, structur\u00e9e et influente permettant aux nations du Sud de formuler leurs priorit\u00e9s, de porter leurs propositions et de dialoguer d\u2019\u00e9gal \u00e0 \u00e9gal avec leurs&nbsp; partenaires internationaux, rel\u00e8ve la m\u00eame source.<\/p>\n\n\n\n<p class=\"wp-block-paragraph\">Plus de 8.000 participants, plus de 300 intervenants internationaux et des d\u00e9l\u00e9gations issues de plus de 130 pays sont attendus autour de 65 sessions et tables rondes, fait savoir la m\u00eame source, notant que&nbsp;Chefs d\u2019\u00c9tat et de Gouvernement, ministres, laur\u00e9ats du Prix Nobel, personnalit\u00e9s internationales de premier plan, dirigeants d\u2019organisations internationales, acteurs \u00e9conomiques et experts internationaux confronteront leurs visions et leurs exp\u00e9riences durant quatre journ\u00e9es consacr\u00e9es \u00e0 l\u2019analyse des mutations mondiales et \u00e0 l\u2019\u00e9laboration de r\u00e9ponses concr\u00e8tes.<\/p>\n\n\n\n<p class=\"wp-block-paragraph\">La premi\u00e8re journ\u00e9e du Forum sera consacr\u00e9e au MEDays Investment Summit \u2013 MIS, dimension \u00e9conomique et op\u00e9rationnelle des MEDays, d\u00e9di\u00e9 aux investissements structurants, aux partenariats public-priv\u00e9 et au financement des priorit\u00e9s de d\u00e9veloppement et de souverainet\u00e9 des \u00e9conomies africaines et \u00e9mergentes, conclut le communiqu\u00e9.<\/p>\n","protected":false},"excerpt":{"rendered":"<p>Dpress La 18e \u00e9dition du Forum international MEDays se tiendra du 25 au 28 novembre prochain au Palais des Arts et de la Culture de Tanger, sous le th\u00e8me \u00ab\u00a0Monde fragment\u00e9 : Le temps des choix\u00a0\u00bb, ont annonc\u00e9 jeudi les organisateurs dans un communiqu\u00e9. Plac\u00e9e Sous le Haut Patronage de Sa Majest\u00e9 le Roi Mohammed &hellip;<\/p>\n","protected":false},"author":2,"featured_media":36331,"comment_status":"open","ping_status":"open","sticky":false,"template":"","format":"standard","meta":{"footnotes":""},"categories":[41],"tags":[],"class_list":["post-36330","post","type-post","status-publish","format-standard","has-post-thumbnail","hentry","category-opinions-et-debats"],"yoast_head":"<!-- This site is optimized with the Yoast SEO plugin v28.0 - https:\/\/yoast.com\/product\/yoast-seo-wordpress\/ -->\n<title>Le forum international MEDays 2026, du 25 au 28 novembre \u00e0 Tanger - Dpress.ma\/fr<\/title>\n<meta name=\"robots\" content=\"index, follow, max-snippet:-1, max-image-preview:large, max-video-preview:-1\" \/>\n<link rel=\"canonical\" href=\"https:\/\/dpress.ma\/fr\/2026\/07\/17\/le-forum-international-medays-2026-du-25-au-28-novembre-a-tanger\/\" \/>\n<meta property=\"og:locale\" content=\"fr_FR\" \/>\n<meta property=\"og:type\" content=\"article\" \/>\n<meta property=\"og:title\" content=\"Le forum international MEDays 2026, du 25 au 28 novembre \u00e0 Tanger - Dpress.ma\/fr\" \/>\n<meta property=\"og:description\" content=\"Dpress La 18e \u00e9dition du Forum international MEDays se tiendra du 25 au 28 novembre prochain au Palais des Arts et de la Culture de Tanger, sous le th\u00e8me \u00ab\u00a0Monde fragment\u00e9 : Le temps des choix\u00a0\u00bb, ont annonc\u00e9 jeudi les organisateurs dans un communiqu\u00e9. Plac\u00e9e Sous le Haut Patronage de Sa Majest\u00e9 le Roi Mohammed &hellip;\" \/>\n<meta property=\"og:url\" content=\"https:\/\/dpress.ma\/fr\/2026\/07\/17\/le-forum-international-medays-2026-du-25-au-28-novembre-a-tanger\/\" \/>\n<meta property=\"og:site_name\" content=\"Dpress.ma\/fr\" \/>\n<meta property=\"article:published_time\" content=\"2026-07-17T09:30:56+00:00\" \/>\n<meta property=\"article:modified_time\" content=\"2026-07-17T09:30:59+00:00\" \/>\n<meta property=\"og:image\" content=\"https:\/\/dpress.ma\/fr\/wp-content\/uploads\/sites\/2\/2026\/07\/43-5.jpg\" \/>\n\t<meta property=\"og:image:width\" content=\"2539\" \/>\n\t<meta property=\"og:image:height\" content=\"1594\" \/>\n\t<meta property=\"og:image:type\" content=\"image\/jpeg\" \/>\n<meta name=\"author\" content=\"Dpress.ma\" \/>\n<meta name=\"twitter:card\" content=\"summary_large_image\" \/>\n<meta name=\"twitter:label1\" content=\"\u00c9crit par\" \/>\n\t<meta name=\"twitter:data1\" content=\"Dpress.ma\" \/>\n\t<meta name=\"twitter:label2\" content=\"Dur\u00e9e de lecture estim\u00e9e\" \/>\n\t<meta name=\"twitter:data2\" content=\"3 minutes\" \/>\n<script type=\"application\/ld+json\" class=\"yoast-schema-graph\">{\"@context\":\"https:\\\/\\\/schema.org\",\"@graph\":[{\"@type\":\"Article\",\"@id\":\"https:\\\/\\\/dpress.ma\\\/fr\\\/2026\\\/07\\\/17\\\/le-forum-international-medays-2026-du-25-au-28-novembre-a-tanger\\\/#article\",\"isPartOf\":{\"@id\":\"https:\\\/\\\/dpress.ma\\\/fr\\\/2026\\\/07\\\/17\\\/le-forum-international-medays-2026-du-25-au-28-novembre-a-tanger\\\/\"},\"author\":{\"name\":\"Dpress.ma\",\"@id\":\"https:\\\/\\\/dpress.ma\\\/fr\\\/#\\\/schema\\\/person\\\/4898febf3ccd59e6578d838656a306a0\"},\"headline\":\"Le forum international MEDays 2026, du 25 au 28 novembre \u00e0 Tanger\",\"datePublished\":\"2026-07-17T09:30:56+00:00\",\"dateModified\":\"2026-07-17T09:30:59+00:00\",\"mainEntityOfPage\":{\"@id\":\"https:\\\/\\\/dpress.ma\\\/fr\\\/2026\\\/07\\\/17\\\/le-forum-international-medays-2026-du-25-au-28-novembre-a-tanger\\\/\"},\"wordCount\":565,\"commentCount\":0,\"image\":{\"@id\":\"https:\\\/\\\/dpress.ma\\\/fr\\\/2026\\\/07\\\/17\\\/le-forum-international-medays-2026-du-25-au-28-novembre-a-tanger\\\/#primaryimage\"},\"thumbnailUrl\":\"https:\\\/\\\/dpress.ma\\\/fr\\\/wp-content\\\/uploads\\\/sites\\\/2\\\/2026\\\/07\\\/43-5.jpg\",\"articleSection\":[\"opinions-et-debats\"],\"inLanguage\":\"fr-FR\",\"potentialAction\":[{\"@type\":\"CommentAction\",\"name\":\"Comment\",\"target\":[\"https:\\\/\\\/dpress.ma\\\/fr\\\/2026\\\/07\\\/17\\\/le-forum-international-medays-2026-du-25-au-28-novembre-a-tanger\\\/#respond\"]}]},{\"@type\":\"WebPage\",\"@id\":\"https:\\\/\\\/dpress.ma\\\/fr\\\/2026\\\/07\\\/17\\\/le-forum-international-medays-2026-du-25-au-28-novembre-a-tanger\\\/\",\"url\":\"https:\\\/\\\/dpress.ma\\\/fr\\\/2026\\\/07\\\/17\\\/le-forum-international-medays-2026-du-25-au-28-novembre-a-tanger\\\/\",\"name\":\"Le forum international MEDays 2026, du 25 au 28 novembre \u00e0 Tanger - Dpress.ma\\\/fr\",\"isPartOf\":{\"@id\":\"https:\\\/\\\/dpress.ma\\\/fr\\\/#website\"},\"primaryImageOfPage\":{\"@id\":\"https:\\\/\\\/dpress.ma\\\/fr\\\/2026\\\/07\\\/17\\\/le-forum-international-medays-2026-du-25-au-28-novembre-a-tanger\\\/#primaryimage\"},\"image\":{\"@id\":\"https:\\\/\\\/dpress.ma\\\/fr\\\/2026\\\/07\\\/17\\\/le-forum-international-medays-2026-du-25-au-28-novembre-a-tanger\\\/#primaryimage\"},\"thumbnailUrl\":\"https:\\\/\\\/dpress.ma\\\/fr\\\/wp-content\\\/uploads\\\/sites\\\/2\\\/2026\\\/07\\\/43-5.jpg\",\"datePublished\":\"2026-07-17T09:30:56+00:00\",\"dateModified\":\"2026-07-17T09:30:59+00:00\",\"author\":{\"@id\":\"https:\\\/\\\/dpress.ma\\\/fr\\\/#\\\/schema\\\/person\\\/4898febf3ccd59e6578d838656a306a0\"},\"breadcrumb\":{\"@id\":\"https:\\\/\\\/dpress.ma\\\/fr\\\/2026\\\/07\\\/17\\\/le-forum-international-medays-2026-du-25-au-28-novembre-a-tanger\\\/#breadcrumb\"},\"inLanguage\":\"fr-FR\",\"potentialAction\":[{\"@type\":\"ReadAction\",\"target\":[\"https:\\\/\\\/dpress.ma\\\/fr\\\/2026\\\/07\\\/17\\\/le-forum-international-medays-2026-du-25-au-28-novembre-a-tanger\\\/\"]}]},{\"@type\":\"ImageObject\",\"inLanguage\":\"fr-FR\",\"@id\":\"https:\\\/\\\/dpress.ma\\\/fr\\\/2026\\\/07\\\/17\\\/le-forum-international-medays-2026-du-25-au-28-novembre-a-tanger\\\/#primaryimage\",\"url\":\"https:\\\/\\\/dpress.ma\\\/fr\\\/wp-content\\\/uploads\\\/sites\\\/2\\\/2026\\\/07\\\/43-5.jpg\",\"contentUrl\":\"https:\\\/\\\/dpress.ma\\\/fr\\\/wp-content\\\/uploads\\\/sites\\\/2\\\/2026\\\/07\\\/43-5.jpg\",\"width\":2539,\"height\":1594},{\"@type\":\"BreadcrumbList\",\"@id\":\"https:\\\/\\\/dpress.ma\\\/fr\\\/2026\\\/07\\\/17\\\/le-forum-international-medays-2026-du-25-au-28-novembre-a-tanger\\\/#breadcrumb\",\"itemListElement\":[{\"@type\":\"ListItem\",\"position\":1,\"name\":\"Home\",\"item\":\"https:\\\/\\\/dpress.ma\\\/fr\\\/\"},{\"@type\":\"ListItem\",\"position\":2,\"name\":\"Le forum international MEDays 2026, du 25 au 28 novembre \u00e0 Tanger\"}]},{\"@type\":\"WebSite\",\"@id\":\"https:\\\/\\\/dpress.ma\\\/fr\\\/#website\",\"url\":\"https:\\\/\\\/dpress.ma\\\/fr\\\/\",\"name\":\"Dpress.ma\\\/fr\",\"description\":\"\",\"potentialAction\":[{\"@type\":\"SearchAction\",\"target\":{\"@type\":\"EntryPoint\",\"urlTemplate\":\"https:\\\/\\\/dpress.ma\\\/fr\\\/?s={search_term_string}\"},\"query-input\":{\"@type\":\"PropertyValueSpecification\",\"valueRequired\":true,\"valueName\":\"search_term_string\"}}],\"inLanguage\":\"fr-FR\"},{\"@type\":\"Person\",\"@id\":\"https:\\\/\\\/dpress.ma\\\/fr\\\/#\\\/schema\\\/person\\\/4898febf3ccd59e6578d838656a306a0\",\"name\":\"Dpress.ma\",\"image\":{\"@type\":\"ImageObject\",\"inLanguage\":\"fr-FR\",\"@id\":\"https:\\\/\\\/secure.gravatar.com\\\/avatar\\\/72ecc30e9db047a2e0e7176561eb9d564ed77c8108376495b19bd8336405198a?s=96&d=mm&r=g\",\"url\":\"https:\\\/\\\/secure.gravatar.com\\\/avatar\\\/72ecc30e9db047a2e0e7176561eb9d564ed77c8108376495b19bd8336405198a?s=96&d=mm&r=g\",\"contentUrl\":\"https:\\\/\\\/secure.gravatar.com\\\/avatar\\\/72ecc30e9db047a2e0e7176561eb9d564ed77c8108376495b19bd8336405198a?s=96&d=mm&r=g\",\"caption\":\"Dpress.ma\"},\"sameAs\":[\"https:\\\/\\\/www.dpress.ma\"],\"url\":\"https:\\\/\\\/dpress.ma\\\/fr\\\/author\\\/dpress-ma\\\/\"}]}<\/script>\n<!-- \/ Yoast SEO plugin. -->","yoast_head_json":{"title":"Le forum international MEDays 2026, du 25 au 28 novembre \u00e0 Tanger - Dpress.ma\/fr","robots":{"index":"index","follow":"follow","max-snippet":"max-snippet:-1","max-image-preview":"max-image-preview:large","max-video-preview":"max-video-preview:-1"},"canonical":"https:\/\/dpress.ma\/fr\/2026\/07\/17\/le-forum-international-medays-2026-du-25-au-28-novembre-a-tanger\/","og_locale":"fr_FR","og_type":"article","og_title":"Le forum international MEDays 2026, du 25 au 28 novembre \u00e0 Tanger - Dpress.ma\/fr","og_description":"Dpress La 18e \u00e9dition du Forum international MEDays se tiendra du 25 au 28 novembre prochain au Palais des Arts et de la Culture de Tanger, sous le th\u00e8me \u00ab\u00a0Monde fragment\u00e9 : Le temps des choix\u00a0\u00bb, ont annonc\u00e9 jeudi les organisateurs dans un communiqu\u00e9. Plac\u00e9e Sous le Haut Patronage de Sa Majest\u00e9 le Roi Mohammed &hellip;","og_url":"https:\/\/dpress.ma\/fr\/2026\/07\/17\/le-forum-international-medays-2026-du-25-au-28-novembre-a-tanger\/","og_site_name":"Dpress.ma\/fr","article_published_time":"2026-07-17T09:30:56+00:00","article_modified_time":"2026-07-17T09:30:59+00:00","og_image":[{"width":2539,"height":1594,"url":"https:\/\/dpress.ma\/fr\/wp-content\/uploads\/sites\/2\/2026\/07\/43-5.jpg","type":"image\/jpeg"}],"author":"Dpress.ma","twitter_card":"summary_large_image","twitter_misc":{"\u00c9crit par":"Dpress.ma","Dur\u00e9e de lecture estim\u00e9e":"3 minutes"},"schema":{"@context":"https:\/\/schema.org","@graph":[{"@type":"Article","@id":"https:\/\/dpress.ma\/fr\/2026\/07\/17\/le-forum-international-medays-2026-du-25-au-28-novembre-a-tanger\/#article","isPartOf":{"@id":"https:\/\/dpress.ma\/fr\/2026\/07\/17\/le-forum-international-medays-2026-du-25-au-28-novembre-a-tanger\/"},"author":{"name":"Dpress.ma","@id":"https:\/\/dpress.ma\/fr\/#\/schema\/person\/4898febf3ccd59e6578d838656a306a0"},"headline":"Le forum international MEDays 2026, du 25 au 28 novembre \u00e0 Tanger","datePublished":"2026-07-17T09:30:56+00:00","dateModified":"2026-07-17T09:30:59+00:00","mainEntityOfPage":{"@id":"https:\/\/dpress.ma\/fr\/2026\/07\/17\/le-forum-international-medays-2026-du-25-au-28-novembre-a-tanger\/"},"wordCount":565,"commentCount":0,"image":{"@id":"https:\/\/dpress.ma\/fr\/2026\/07\/17\/le-forum-international-medays-2026-du-25-au-28-novembre-a-tanger\/#primaryimage"},"thumbnailUrl":"https:\/\/dpress.ma\/fr\/wp-content\/uploads\/sites\/2\/2026\/07\/43-5.jpg","articleSection":["opinions-et-debats"],"inLanguage":"fr-FR","potentialAction":[{"@type":"CommentAction","name":"Comment","target":["https:\/\/dpress.ma\/fr\/2026\/07\/17\/le-forum-international-medays-2026-du-25-au-28-novembre-a-tanger\/#respond"]}]},{"@type":"WebPage","@id":"https:\/\/dpress.ma\/fr\/2026\/07\/17\/le-forum-international-medays-2026-du-25-au-28-novembre-a-tanger\/","url":"https:\/\/dpress.ma\/fr\/2026\/07\/17\/le-forum-international-medays-2026-du-25-au-28-novembre-a-tanger\/","name":"Le forum international MEDays 2026, du 25 au 28 novembre \u00e0 Tanger - Dpress.ma\/fr","isPartOf":{"@id":"https:\/\/dpress.ma\/fr\/#website"},"primaryImageOfPage":{"@id":"https:\/\/dpress.ma\/fr\/2026\/07\/17\/le-forum-international-medays-2026-du-25-au-28-novembre-a-tanger\/#primaryimage"},"image":{"@id":"https:\/\/dpress.ma\/fr\/2026\/07\/17\/le-forum-international-medays-2026-du-25-au-28-novembre-a-tanger\/#primaryimage"},"thumbnailUrl":"https:\/\/dpress.ma\/fr\/wp-content\/uploads\/sites\/2\/2026\/07\/43-5.jpg","datePublished":"2026-07-17T09:30:56+00:00","dateModified":"2026-07-17T09:30:59+00:00","author":{"@id":"https:\/\/dpress.ma\/fr\/#\/schema\/person\/4898febf3ccd59e6578d838656a306a0"},"breadcrumb":{"@id":"https:\/\/dpress.ma\/fr\/2026\/07\/17\/le-forum-international-medays-2026-du-25-au-28-novembre-a-tanger\/#breadcrumb"},"inLanguage":"fr-FR","potentialAction":[{"@type":"ReadAction","target":["https:\/\/dpress.ma\/fr\/2026\/07\/17\/le-forum-international-medays-2026-du-25-au-28-novembre-a-tanger\/"]}]},{"@type":"ImageObject","inLanguage":"fr-FR","@id":"https:\/\/dpress.ma\/fr\/2026\/07\/17\/le-forum-international-medays-2026-du-25-au-28-novembre-a-tanger\/#primaryimage","url":"https:\/\/dpress.ma\/fr\/wp-content\/uploads\/sites\/2\/2026\/07\/43-5.jpg","contentUrl":"https:\/\/dpress.ma\/fr\/wp-content\/uploads\/sites\/2\/2026\/07\/43-5.jpg","width":2539,"height":1594},{"@type":"BreadcrumbList","@id":"https:\/\/dpress.ma\/fr\/2026\/07\/17\/le-forum-international-medays-2026-du-25-au-28-novembre-a-tanger\/#breadcrumb","itemListElement":[{"@type":"ListItem","position":1,"name":"Home","item":"https:\/\/dpress.ma\/fr\/"},{"@type":"ListItem","position":2,"name":"Le forum international MEDays 2026, du 25 au 28 novembre \u00e0 Tanger"}]},{"@type":"WebSite","@id":"https:\/\/dpress.ma\/fr\/#website","url":"https:\/\/dpress.ma\/fr\/","name":"Dpress.ma\/fr","description":"","potentialAction":[{"@type":"SearchAction","target":{"@type":"EntryPoint","urlTemplate":"https:\/\/dpress.ma\/fr\/?s={search_term_string}"},"query-input":{"@type":"PropertyValueSpecification","valueRequired":true,"valueName":"search_term_string"}}],"inLanguage":"fr-FR"},{"@type":"Person","@id":"https:\/\/dpress.ma\/fr\/#\/schema\/person\/4898febf3ccd59e6578d838656a306a0","name":"Dpress.ma","image":{"@type":"ImageObject","inLanguage":"fr-FR","@id":"https:\/\/secure.gravatar.com\/avatar\/72ecc30e9db047a2e0e7176561eb9d564ed77c8108376495b19bd8336405198a?s=96&d=mm&r=g","url":"https:\/\/secure.gravatar.com\/avatar\/72ecc30e9db047a2e0e7176561eb9d564ed77c8108376495b19bd8336405198a?s=96&d=mm&r=g","contentUrl":"https:\/\/secure.gravatar.com\/avatar\/72ecc30e9db047a2e0e7176561eb9d564ed77c8108376495b19bd8336405198a?s=96&d=mm&r=g","caption":"Dpress.ma"},"sameAs":["https:\/\/www.dpress.ma"],"url":"https:\/\/dpress.ma\/fr\/author\/dpress-ma\/"}]}},"amp_enabled":true,"_links":{"self":[{"href":"https:\/\/dpress.ma\/fr\/wp-json\/wp\/v2\/posts\/36330","targetHints":{"allow":["GET"]}}],"collection":[{"href":"https:\/\/dpress.ma\/fr\/wp-json\/wp\/v2\/posts"}],"about":[{"href":"https:\/\/dpress.ma\/fr\/wp-json\/wp\/v2\/types\/post"}],"author":[{"embeddable":true,"href":"https:\/\/dpress.ma\/fr\/wp-json\/wp\/v2\/users\/2"}],"replies":[{"embeddable":true,"href":"https:\/\/dpress.ma\/fr\/wp-json\/wp\/v2\/comments?post=36330"}],"version-history":[{"count":1,"href":"https:\/\/dpress.ma\/fr\/wp-json\/wp\/v2\/posts\/36330\/revisions"}],"predecessor-version":[{"id":36332,"href":"https:\/\/dpress.ma\/fr\/wp-json\/wp\/v2\/posts\/36330\/revisions\/36332"}],"wp:featuredmedia":[{"embeddable":true,"href":"https:\/\/dpress.ma\/fr\/wp-json\/wp\/v2\/media\/36331"}],"wp:attachment":[{"href":"https:\/\/dpress.ma\/fr\/wp-json\/wp\/v2\/media?parent=36330"}],"wp:term":[{"taxonomy":"category","embeddable":true,"href":"https:\/\/dpress.ma\/fr\/wp-json\/wp\/v2\/categories?post=36330"},{"taxonomy":"post_tag","embeddable":true,"href":"https:\/\/dpress.ma\/fr\/wp-json\/wp\/v2\/tags?post=36330"}],"curies":[{"name":"wp","href":"https:\/\/api.w.org\/{rel}","templated":true}]}}