{"id":36319,"date":"2026-07-17T09:25:17","date_gmt":"2026-07-17T09:25:17","guid":{"rendered":"https:\/\/dpress.ma\/fr\/?p=36319"},"modified":"2026-07-17T09:26:36","modified_gmt":"2026-07-17T09:26:36","slug":"le-ministere-de-la-transition-numerique-et-capgemini-maroc-signent-un-mou-pour-le-developpement-de-lia","status":"publish","type":"post","link":"https:\/\/dpress.ma\/fr\/2026\/07\/17\/le-ministere-de-la-transition-numerique-et-capgemini-maroc-signent-un-mou-pour-le-developpement-de-lia\/","title":{"rendered":"Le minist\u00e8re de la Transition num\u00e9rique et Capgemini Maroc signent un MoU pour le d\u00e9veloppement de l\u2019IA"},"content":{"rendered":"\n<p class=\"wp-block-paragraph\">Dpress<\/p>\n\n\n\n<p class=\"wp-block-paragraph\">Le minist\u00e8re de la Transition num\u00e9rique et de la R\u00e9forme de l&rsquo;administration et Capgemini Maroc, un acteur majeur de l\u2019\u00e9cosyst\u00e8me num\u00e9rique, ont sign\u00e9, jeudi \u00e0 Rabat, un m\u00e9morandum d&rsquo;entente (MoU) d\u00e9di\u00e9 au d\u00e9veloppement de l\u2019intelligence artificielle (IA).<\/p>\n\n\n\n<p class=\"wp-block-paragraph\">Sign\u00e9 par la ministre d\u00e9l\u00e9gu\u00e9e aupr\u00e8s du Chef du gouvernement charg\u00e9e de la Transition num\u00e9rique et de la R\u00e9forme de l\u2019Administration, Amal El Fallah Seghrouchni et la directrice mondiale des Op\u00e9rations et du Delivery chez Capgemini, Karine Brunet, ce partenariat ambitionne de renforcer les comp\u00e9tences et l\u2019acculturation \u00e0 l&rsquo;IA aupr\u00e8s des acteurs publics et acad\u00e9miques.<\/p>\n\n\n\n<p class=\"wp-block-paragraph\">Ce partenariat, qui vise \u00e0 accompagner les startups et les \u00e9quipes-projets soutenues par l\u2019Institut Jazari, s&rsquo;inscrit dans le cadre de la mise en \u0153uvre de la strat\u00e9gie Maroc Digital 2030 et de la feuille de route AI Made in Morocco.<\/p>\n\n\n\n<p class=\"wp-block-paragraph\">Il permettra \u00e9galement d\u2019identifier et de d\u00e9velopper des cas d\u2019usage concrets de l\u2019IA, afin d\u2019acc\u00e9l\u00e9rer son adoption au sein de l\u2019administration et de favoriser l\u2019\u00e9mergence de projets innovants \u00e0 fort impact.<\/p>\n\n\n\n<p class=\"wp-block-paragraph\">Dans une allocution de circonstance, Mme El Fallah Seghrouchni a indiqu\u00e9 que le Maroc a fait du num\u00e9rique et de l\u2019IA des leviers structurants de modernisation de l\u2019action publique, de comp\u00e9titivit\u00e9 \u00e9conomique et de progr\u00e8s social, \u00e0 la faveur de la vision \u00e9clair\u00e9e de Sa Majest\u00e9 le Roi Mohammed VI, soulignant que la signature de ce MoU exprime la conviction partag\u00e9e qu&rsquo;une transformation num\u00e9rique r\u00e9ussie doit allier vision publique, excellence technologique, intelligence collective et capacit\u00e9 d&rsquo;ex\u00e9cution.<\/p>\n\n\n\n<p class=\"wp-block-paragraph\">Dans ce sens, elle a formul\u00e9 le voeu de voir ce partenariat marquer \u00ab\u00a0le commencement d\u2019une collaboration f\u00e9conde, exigeante et durable, \u00e0 la hauteur des ambitions num\u00e9riques du Royaume et de la confiance plac\u00e9e dans l\u2019IA, la jeunesse et la capacit\u00e9 d\u2019innovation du pays\u00a0\u00bb.<\/p>\n\n\n\n<p class=\"wp-block-paragraph\">Pour sa part, Mme Brunet a relev\u00e9 que le Maroc s&rsquo;est affirm\u00e9, depuis plusieurs ann\u00e9es, comme un acteur incontournable des services technologiques et num\u00e9riques, une r\u00e9ussite qui repose sur plusieurs atouts, en l&rsquo;occurrence \u00ab\u00a0une vision ambitieuse, un environnement favorable au d\u00e9veloppement des activit\u00e9s num\u00e9riques et un vivier de talents reconnu pour sa qualit\u00e9, sa capacit\u00e9 d&rsquo;adaptation et sa forte culture de l&rsquo;ing\u00e9nierie\u00a0\u00bb.<\/p>\n\n\n\n<p class=\"wp-block-paragraph\">\u00ab\u00a0L\u2019IA n&rsquo;est rien sans le capital humain et les entreprises ont besoin de talents capables de concilier expertise technologique, compr\u00e9hension du m\u00e9tier, ma\u00eetrise des donn\u00e9es, innovation et capacit\u00e9 \u00e0 travailler dans des environnements de plus en plus complexes\u00a0\u00bb, a soutenu Mme Brunet.<\/p>\n\n\n\n<p class=\"wp-block-paragraph\">De son c\u00f4t\u00e9, la directrice g\u00e9n\u00e9rale de Capgemini Maroc, Badra Hamdaoua, a fait savoir que le v\u00e9ritable moteur de la transition num\u00e9rique au Royaume ne r\u00e9side pas uniquement dans la technologie, mais dans son capital humain, affirmant que les objectifs de la strat\u00e9gie Maroc Digital 2030 reposent sur la valorisation des jeunes talents marocains.<\/p>\n\n\n\n<p class=\"wp-block-paragraph\">Mme Hamdaoua a mis en exergue le tournant d\u00e9cisif que repr\u00e9sente l\u2019IA pour l&rsquo;avenir technologique du pays, soulignant l&rsquo;importance d&rsquo;une synergie forte entre la recherche, les institutions publiques et les acteurs industriels pour b\u00e2tir un \u00e9cosyst\u00e8me IA robuste.<\/p>\n\n\n\n<p class=\"wp-block-paragraph\">Dans cette dynamique d&rsquo;innovation et de cr\u00e9ation de valeur partag\u00e9e, elle a r\u00e9it\u00e9r\u00e9 l&rsquo;engagement de Capgemini \u00e0 mobiliser son expertise mondiale pour faire du Maroc un acteur majeur et incontournable de l&rsquo;\u00e9conomie num\u00e9rique de demain.<\/p>\n\n\n\n<p class=\"wp-block-paragraph\">A travers cette coop\u00e9ration, les deux parties entendent rapprocher les acteurs publics, acad\u00e9miques et priv\u00e9s autour d\u2019une dynamique commune d\u2019innovation, en contribuant au d\u00e9veloppement d\u2019un \u00e9cosyst\u00e8me national de l\u2019IA au service de la transformation num\u00e9rique du Royaume.<\/p>\n","protected":false},"excerpt":{"rendered":"<p>Dpress Le minist\u00e8re de la Transition num\u00e9rique et de la R\u00e9forme de l&rsquo;administration et Capgemini Maroc, un acteur majeur de l\u2019\u00e9cosyst\u00e8me num\u00e9rique, ont sign\u00e9, jeudi \u00e0 Rabat, un m\u00e9morandum d&rsquo;entente (MoU) d\u00e9di\u00e9 au d\u00e9veloppement de l\u2019intelligence artificielle (IA). Sign\u00e9 par la ministre d\u00e9l\u00e9gu\u00e9e aupr\u00e8s du Chef du gouvernement charg\u00e9e de la Transition num\u00e9rique et de &hellip;<\/p>\n","protected":false},"author":2,"featured_media":36323,"comment_status":"open","ping_status":"open","sticky":false,"template":"","format":"standard","meta":{"footnotes":""},"categories":[25],"tags":[],"class_list":["post-36319","post","type-post","status-publish","format-standard","has-post-thumbnail","hentry","category-economie"],"yoast_head":"<!-- This site is optimized with the Yoast SEO plugin v28.0 - https:\/\/yoast.com\/product\/yoast-seo-wordpress\/ -->\n<title>Le minist\u00e8re de la Transition num\u00e9rique et Capgemini Maroc signent un MoU pour le d\u00e9veloppement de l\u2019IA - Dpress.ma\/fr<\/title>\n<meta name=\"robots\" content=\"index, follow, max-snippet:-1, max-image-preview:large, max-video-preview:-1\" \/>\n<link rel=\"canonical\" href=\"https:\/\/dpress.ma\/fr\/2026\/07\/17\/le-ministere-de-la-transition-numerique-et-capgemini-maroc-signent-un-mou-pour-le-developpement-de-lia\/\" \/>\n<meta property=\"og:locale\" content=\"fr_FR\" \/>\n<meta property=\"og:type\" content=\"article\" \/>\n<meta property=\"og:title\" content=\"Le minist\u00e8re de la Transition num\u00e9rique et Capgemini Maroc signent un MoU pour le d\u00e9veloppement de l\u2019IA - Dpress.ma\/fr\" \/>\n<meta property=\"og:description\" content=\"Dpress Le minist\u00e8re de la Transition num\u00e9rique et de la R\u00e9forme de l&rsquo;administration et Capgemini Maroc, un acteur majeur de l\u2019\u00e9cosyst\u00e8me num\u00e9rique, ont sign\u00e9, jeudi \u00e0 Rabat, un m\u00e9morandum d&rsquo;entente (MoU) d\u00e9di\u00e9 au d\u00e9veloppement de l\u2019intelligence artificielle (IA). Sign\u00e9 par la ministre d\u00e9l\u00e9gu\u00e9e aupr\u00e8s du Chef du gouvernement charg\u00e9e de la Transition num\u00e9rique et de &hellip;\" \/>\n<meta property=\"og:url\" content=\"https:\/\/dpress.ma\/fr\/2026\/07\/17\/le-ministere-de-la-transition-numerique-et-capgemini-maroc-signent-un-mou-pour-le-developpement-de-lia\/\" \/>\n<meta property=\"og:site_name\" content=\"Dpress.ma\/fr\" \/>\n<meta property=\"article:published_time\" content=\"2026-07-17T09:25:17+00:00\" \/>\n<meta property=\"article:modified_time\" content=\"2026-07-17T09:26:36+00:00\" \/>\n<meta property=\"og:image\" content=\"https:\/\/dpress.ma\/fr\/wp-content\/uploads\/sites\/2\/2026\/07\/40-7.jpg\" \/>\n\t<meta property=\"og:image:width\" content=\"2539\" \/>\n\t<meta property=\"og:image:height\" content=\"1594\" \/>\n\t<meta property=\"og:image:type\" content=\"image\/jpeg\" \/>\n<meta name=\"author\" content=\"Dpress.ma\" \/>\n<meta name=\"twitter:card\" content=\"summary_large_image\" \/>\n<meta name=\"twitter:label1\" content=\"\u00c9crit par\" \/>\n\t<meta name=\"twitter:data1\" content=\"Dpress.ma\" \/>\n\t<meta name=\"twitter:label2\" content=\"Dur\u00e9e de lecture estim\u00e9e\" \/>\n\t<meta name=\"twitter:data2\" content=\"4 minutes\" \/>\n<script type=\"application\/ld+json\" class=\"yoast-schema-graph\">{\"@context\":\"https:\\\/\\\/schema.org\",\"@graph\":[{\"@type\":\"Article\",\"@id\":\"https:\\\/\\\/dpress.ma\\\/fr\\\/2026\\\/07\\\/17\\\/le-ministere-de-la-transition-numerique-et-capgemini-maroc-signent-un-mou-pour-le-developpement-de-lia\\\/#article\",\"isPartOf\":{\"@id\":\"https:\\\/\\\/dpress.ma\\\/fr\\\/2026\\\/07\\\/17\\\/le-ministere-de-la-transition-numerique-et-capgemini-maroc-signent-un-mou-pour-le-developpement-de-lia\\\/\"},\"author\":{\"name\":\"Dpress.ma\",\"@id\":\"https:\\\/\\\/dpress.ma\\\/fr\\\/#\\\/schema\\\/person\\\/4898febf3ccd59e6578d838656a306a0\"},\"headline\":\"Le minist\u00e8re de la Transition num\u00e9rique et Capgemini Maroc signent un MoU pour le d\u00e9veloppement de l\u2019IA\",\"datePublished\":\"2026-07-17T09:25:17+00:00\",\"dateModified\":\"2026-07-17T09:26:36+00:00\",\"mainEntityOfPage\":{\"@id\":\"https:\\\/\\\/dpress.ma\\\/fr\\\/2026\\\/07\\\/17\\\/le-ministere-de-la-transition-numerique-et-capgemini-maroc-signent-un-mou-pour-le-developpement-de-lia\\\/\"},\"wordCount\":653,\"commentCount\":0,\"image\":{\"@id\":\"https:\\\/\\\/dpress.ma\\\/fr\\\/2026\\\/07\\\/17\\\/le-ministere-de-la-transition-numerique-et-capgemini-maroc-signent-un-mou-pour-le-developpement-de-lia\\\/#primaryimage\"},\"thumbnailUrl\":\"https:\\\/\\\/dpress.ma\\\/fr\\\/wp-content\\\/uploads\\\/sites\\\/2\\\/2026\\\/07\\\/40-7.jpg\",\"articleSection\":[\"\u00c9conomie\"],\"inLanguage\":\"fr-FR\",\"potentialAction\":[{\"@type\":\"CommentAction\",\"name\":\"Comment\",\"target\":[\"https:\\\/\\\/dpress.ma\\\/fr\\\/2026\\\/07\\\/17\\\/le-ministere-de-la-transition-numerique-et-capgemini-maroc-signent-un-mou-pour-le-developpement-de-lia\\\/#respond\"]}]},{\"@type\":\"WebPage\",\"@id\":\"https:\\\/\\\/dpress.ma\\\/fr\\\/2026\\\/07\\\/17\\\/le-ministere-de-la-transition-numerique-et-capgemini-maroc-signent-un-mou-pour-le-developpement-de-lia\\\/\",\"url\":\"https:\\\/\\\/dpress.ma\\\/fr\\\/2026\\\/07\\\/17\\\/le-ministere-de-la-transition-numerique-et-capgemini-maroc-signent-un-mou-pour-le-developpement-de-lia\\\/\",\"name\":\"Le minist\u00e8re de la Transition num\u00e9rique et Capgemini Maroc signent un MoU pour le d\u00e9veloppement de l\u2019IA - Dpress.ma\\\/fr\",\"isPartOf\":{\"@id\":\"https:\\\/\\\/dpress.ma\\\/fr\\\/#website\"},\"primaryImageOfPage\":{\"@id\":\"https:\\\/\\\/dpress.ma\\\/fr\\\/2026\\\/07\\\/17\\\/le-ministere-de-la-transition-numerique-et-capgemini-maroc-signent-un-mou-pour-le-developpement-de-lia\\\/#primaryimage\"},\"image\":{\"@id\":\"https:\\\/\\\/dpress.ma\\\/fr\\\/2026\\\/07\\\/17\\\/le-ministere-de-la-transition-numerique-et-capgemini-maroc-signent-un-mou-pour-le-developpement-de-lia\\\/#primaryimage\"},\"thumbnailUrl\":\"https:\\\/\\\/dpress.ma\\\/fr\\\/wp-content\\\/uploads\\\/sites\\\/2\\\/2026\\\/07\\\/40-7.jpg\",\"datePublished\":\"2026-07-17T09:25:17+00:00\",\"dateModified\":\"2026-07-17T09:26:36+00:00\",\"author\":{\"@id\":\"https:\\\/\\\/dpress.ma\\\/fr\\\/#\\\/schema\\\/person\\\/4898febf3ccd59e6578d838656a306a0\"},\"breadcrumb\":{\"@id\":\"https:\\\/\\\/dpress.ma\\\/fr\\\/2026\\\/07\\\/17\\\/le-ministere-de-la-transition-numerique-et-capgemini-maroc-signent-un-mou-pour-le-developpement-de-lia\\\/#breadcrumb\"},\"inLanguage\":\"fr-FR\",\"potentialAction\":[{\"@type\":\"ReadAction\",\"target\":[\"https:\\\/\\\/dpress.ma\\\/fr\\\/2026\\\/07\\\/17\\\/le-ministere-de-la-transition-numerique-et-capgemini-maroc-signent-un-mou-pour-le-developpement-de-lia\\\/\"]}]},{\"@type\":\"ImageObject\",\"inLanguage\":\"fr-FR\",\"@id\":\"https:\\\/\\\/dpress.ma\\\/fr\\\/2026\\\/07\\\/17\\\/le-ministere-de-la-transition-numerique-et-capgemini-maroc-signent-un-mou-pour-le-developpement-de-lia\\\/#primaryimage\",\"url\":\"https:\\\/\\\/dpress.ma\\\/fr\\\/wp-content\\\/uploads\\\/sites\\\/2\\\/2026\\\/07\\\/40-7.jpg\",\"contentUrl\":\"https:\\\/\\\/dpress.ma\\\/fr\\\/wp-content\\\/uploads\\\/sites\\\/2\\\/2026\\\/07\\\/40-7.jpg\",\"width\":2539,\"height\":1594},{\"@type\":\"BreadcrumbList\",\"@id\":\"https:\\\/\\\/dpress.ma\\\/fr\\\/2026\\\/07\\\/17\\\/le-ministere-de-la-transition-numerique-et-capgemini-maroc-signent-un-mou-pour-le-developpement-de-lia\\\/#breadcrumb\",\"itemListElement\":[{\"@type\":\"ListItem\",\"position\":1,\"name\":\"Home\",\"item\":\"https:\\\/\\\/dpress.ma\\\/fr\\\/\"},{\"@type\":\"ListItem\",\"position\":2,\"name\":\"Le minist\u00e8re de la Transition num\u00e9rique et Capgemini Maroc signent un MoU pour le d\u00e9veloppement de l\u2019IA\"}]},{\"@type\":\"WebSite\",\"@id\":\"https:\\\/\\\/dpress.ma\\\/fr\\\/#website\",\"url\":\"https:\\\/\\\/dpress.ma\\\/fr\\\/\",\"name\":\"Dpress.ma\\\/fr\",\"description\":\"\",\"potentialAction\":[{\"@type\":\"SearchAction\",\"target\":{\"@type\":\"EntryPoint\",\"urlTemplate\":\"https:\\\/\\\/dpress.ma\\\/fr\\\/?s={search_term_string}\"},\"query-input\":{\"@type\":\"PropertyValueSpecification\",\"valueRequired\":true,\"valueName\":\"search_term_string\"}}],\"inLanguage\":\"fr-FR\"},{\"@type\":\"Person\",\"@id\":\"https:\\\/\\\/dpress.ma\\\/fr\\\/#\\\/schema\\\/person\\\/4898febf3ccd59e6578d838656a306a0\",\"name\":\"Dpress.ma\",\"image\":{\"@type\":\"ImageObject\",\"inLanguage\":\"fr-FR\",\"@id\":\"https:\\\/\\\/secure.gravatar.com\\\/avatar\\\/72ecc30e9db047a2e0e7176561eb9d564ed77c8108376495b19bd8336405198a?s=96&d=mm&r=g\",\"url\":\"https:\\\/\\\/secure.gravatar.com\\\/avatar\\\/72ecc30e9db047a2e0e7176561eb9d564ed77c8108376495b19bd8336405198a?s=96&d=mm&r=g\",\"contentUrl\":\"https:\\\/\\\/secure.gravatar.com\\\/avatar\\\/72ecc30e9db047a2e0e7176561eb9d564ed77c8108376495b19bd8336405198a?s=96&d=mm&r=g\",\"caption\":\"Dpress.ma\"},\"sameAs\":[\"https:\\\/\\\/www.dpress.ma\"],\"url\":\"https:\\\/\\\/dpress.ma\\\/fr\\\/author\\\/dpress-ma\\\/\"}]}<\/script>\n<!-- \/ Yoast SEO plugin. -->","yoast_head_json":{"title":"Le minist\u00e8re de la Transition num\u00e9rique et Capgemini Maroc signent un MoU pour le d\u00e9veloppement de l\u2019IA - Dpress.ma\/fr","robots":{"index":"index","follow":"follow","max-snippet":"max-snippet:-1","max-image-preview":"max-image-preview:large","max-video-preview":"max-video-preview:-1"},"canonical":"https:\/\/dpress.ma\/fr\/2026\/07\/17\/le-ministere-de-la-transition-numerique-et-capgemini-maroc-signent-un-mou-pour-le-developpement-de-lia\/","og_locale":"fr_FR","og_type":"article","og_title":"Le minist\u00e8re de la Transition num\u00e9rique et Capgemini Maroc signent un MoU pour le d\u00e9veloppement de l\u2019IA - Dpress.ma\/fr","og_description":"Dpress Le minist\u00e8re de la Transition num\u00e9rique et de la R\u00e9forme de l&rsquo;administration et Capgemini Maroc, un acteur majeur de l\u2019\u00e9cosyst\u00e8me num\u00e9rique, ont sign\u00e9, jeudi \u00e0 Rabat, un m\u00e9morandum d&rsquo;entente (MoU) d\u00e9di\u00e9 au d\u00e9veloppement de l\u2019intelligence artificielle (IA). Sign\u00e9 par la ministre d\u00e9l\u00e9gu\u00e9e aupr\u00e8s du Chef du gouvernement charg\u00e9e de la Transition num\u00e9rique et de &hellip;","og_url":"https:\/\/dpress.ma\/fr\/2026\/07\/17\/le-ministere-de-la-transition-numerique-et-capgemini-maroc-signent-un-mou-pour-le-developpement-de-lia\/","og_site_name":"Dpress.ma\/fr","article_published_time":"2026-07-17T09:25:17+00:00","article_modified_time":"2026-07-17T09:26:36+00:00","og_image":[{"width":2539,"height":1594,"url":"https:\/\/dpress.ma\/fr\/wp-content\/uploads\/sites\/2\/2026\/07\/40-7.jpg","type":"image\/jpeg"}],"author":"Dpress.ma","twitter_card":"summary_large_image","twitter_misc":{"\u00c9crit par":"Dpress.ma","Dur\u00e9e de lecture estim\u00e9e":"4 minutes"},"schema":{"@context":"https:\/\/schema.org","@graph":[{"@type":"Article","@id":"https:\/\/dpress.ma\/fr\/2026\/07\/17\/le-ministere-de-la-transition-numerique-et-capgemini-maroc-signent-un-mou-pour-le-developpement-de-lia\/#article","isPartOf":{"@id":"https:\/\/dpress.ma\/fr\/2026\/07\/17\/le-ministere-de-la-transition-numerique-et-capgemini-maroc-signent-un-mou-pour-le-developpement-de-lia\/"},"author":{"name":"Dpress.ma","@id":"https:\/\/dpress.ma\/fr\/#\/schema\/person\/4898febf3ccd59e6578d838656a306a0"},"headline":"Le minist\u00e8re de la Transition num\u00e9rique et Capgemini Maroc signent un MoU pour le d\u00e9veloppement de l\u2019IA","datePublished":"2026-07-17T09:25:17+00:00","dateModified":"2026-07-17T09:26:36+00:00","mainEntityOfPage":{"@id":"https:\/\/dpress.ma\/fr\/2026\/07\/17\/le-ministere-de-la-transition-numerique-et-capgemini-maroc-signent-un-mou-pour-le-developpement-de-lia\/"},"wordCount":653,"commentCount":0,"image":{"@id":"https:\/\/dpress.ma\/fr\/2026\/07\/17\/le-ministere-de-la-transition-numerique-et-capgemini-maroc-signent-un-mou-pour-le-developpement-de-lia\/#primaryimage"},"thumbnailUrl":"https:\/\/dpress.ma\/fr\/wp-content\/uploads\/sites\/2\/2026\/07\/40-7.jpg","articleSection":["\u00c9conomie"],"inLanguage":"fr-FR","potentialAction":[{"@type":"CommentAction","name":"Comment","target":["https:\/\/dpress.ma\/fr\/2026\/07\/17\/le-ministere-de-la-transition-numerique-et-capgemini-maroc-signent-un-mou-pour-le-developpement-de-lia\/#respond"]}]},{"@type":"WebPage","@id":"https:\/\/dpress.ma\/fr\/2026\/07\/17\/le-ministere-de-la-transition-numerique-et-capgemini-maroc-signent-un-mou-pour-le-developpement-de-lia\/","url":"https:\/\/dpress.ma\/fr\/2026\/07\/17\/le-ministere-de-la-transition-numerique-et-capgemini-maroc-signent-un-mou-pour-le-developpement-de-lia\/","name":"Le minist\u00e8re de la Transition num\u00e9rique et Capgemini Maroc signent un MoU pour le d\u00e9veloppement de l\u2019IA - Dpress.ma\/fr","isPartOf":{"@id":"https:\/\/dpress.ma\/fr\/#website"},"primaryImageOfPage":{"@id":"https:\/\/dpress.ma\/fr\/2026\/07\/17\/le-ministere-de-la-transition-numerique-et-capgemini-maroc-signent-un-mou-pour-le-developpement-de-lia\/#primaryimage"},"image":{"@id":"https:\/\/dpress.ma\/fr\/2026\/07\/17\/le-ministere-de-la-transition-numerique-et-capgemini-maroc-signent-un-mou-pour-le-developpement-de-lia\/#primaryimage"},"thumbnailUrl":"https:\/\/dpress.ma\/fr\/wp-content\/uploads\/sites\/2\/2026\/07\/40-7.jpg","datePublished":"2026-07-17T09:25:17+00:00","dateModified":"2026-07-17T09:26:36+00:00","author":{"@id":"https:\/\/dpress.ma\/fr\/#\/schema\/person\/4898febf3ccd59e6578d838656a306a0"},"breadcrumb":{"@id":"https:\/\/dpress.ma\/fr\/2026\/07\/17\/le-ministere-de-la-transition-numerique-et-capgemini-maroc-signent-un-mou-pour-le-developpement-de-lia\/#breadcrumb"},"inLanguage":"fr-FR","potentialAction":[{"@type":"ReadAction","target":["https:\/\/dpress.ma\/fr\/2026\/07\/17\/le-ministere-de-la-transition-numerique-et-capgemini-maroc-signent-un-mou-pour-le-developpement-de-lia\/"]}]},{"@type":"ImageObject","inLanguage":"fr-FR","@id":"https:\/\/dpress.ma\/fr\/2026\/07\/17\/le-ministere-de-la-transition-numerique-et-capgemini-maroc-signent-un-mou-pour-le-developpement-de-lia\/#primaryimage","url":"https:\/\/dpress.ma\/fr\/wp-content\/uploads\/sites\/2\/2026\/07\/40-7.jpg","contentUrl":"https:\/\/dpress.ma\/fr\/wp-content\/uploads\/sites\/2\/2026\/07\/40-7.jpg","width":2539,"height":1594},{"@type":"BreadcrumbList","@id":"https:\/\/dpress.ma\/fr\/2026\/07\/17\/le-ministere-de-la-transition-numerique-et-capgemini-maroc-signent-un-mou-pour-le-developpement-de-lia\/#breadcrumb","itemListElement":[{"@type":"ListItem","position":1,"name":"Home","item":"https:\/\/dpress.ma\/fr\/"},{"@type":"ListItem","position":2,"name":"Le minist\u00e8re de la Transition num\u00e9rique et Capgemini Maroc signent un MoU pour le d\u00e9veloppement de l\u2019IA"}]},{"@type":"WebSite","@id":"https:\/\/dpress.ma\/fr\/#website","url":"https:\/\/dpress.ma\/fr\/","name":"Dpress.ma\/fr","description":"","potentialAction":[{"@type":"SearchAction","target":{"@type":"EntryPoint","urlTemplate":"https:\/\/dpress.ma\/fr\/?s={search_term_string}"},"query-input":{"@type":"PropertyValueSpecification","valueRequired":true,"valueName":"search_term_string"}}],"inLanguage":"fr-FR"},{"@type":"Person","@id":"https:\/\/dpress.ma\/fr\/#\/schema\/person\/4898febf3ccd59e6578d838656a306a0","name":"Dpress.ma","image":{"@type":"ImageObject","inLanguage":"fr-FR","@id":"https:\/\/secure.gravatar.com\/avatar\/72ecc30e9db047a2e0e7176561eb9d564ed77c8108376495b19bd8336405198a?s=96&d=mm&r=g","url":"https:\/\/secure.gravatar.com\/avatar\/72ecc30e9db047a2e0e7176561eb9d564ed77c8108376495b19bd8336405198a?s=96&d=mm&r=g","contentUrl":"https:\/\/secure.gravatar.com\/avatar\/72ecc30e9db047a2e0e7176561eb9d564ed77c8108376495b19bd8336405198a?s=96&d=mm&r=g","caption":"Dpress.ma"},"sameAs":["https:\/\/www.dpress.ma"],"url":"https:\/\/dpress.ma\/fr\/author\/dpress-ma\/"}]}},"amp_enabled":true,"_links":{"self":[{"href":"https:\/\/dpress.ma\/fr\/wp-json\/wp\/v2\/posts\/36319","targetHints":{"allow":["GET"]}}],"collection":[{"href":"https:\/\/dpress.ma\/fr\/wp-json\/wp\/v2\/posts"}],"about":[{"href":"https:\/\/dpress.ma\/fr\/wp-json\/wp\/v2\/types\/post"}],"author":[{"embeddable":true,"href":"https:\/\/dpress.ma\/fr\/wp-json\/wp\/v2\/users\/2"}],"replies":[{"embeddable":true,"href":"https:\/\/dpress.ma\/fr\/wp-json\/wp\/v2\/comments?post=36319"}],"version-history":[{"count":1,"href":"https:\/\/dpress.ma\/fr\/wp-json\/wp\/v2\/posts\/36319\/revisions"}],"predecessor-version":[{"id":36321,"href":"https:\/\/dpress.ma\/fr\/wp-json\/wp\/v2\/posts\/36319\/revisions\/36321"}],"wp:featuredmedia":[{"embeddable":true,"href":"https:\/\/dpress.ma\/fr\/wp-json\/wp\/v2\/media\/36323"}],"wp:attachment":[{"href":"https:\/\/dpress.ma\/fr\/wp-json\/wp\/v2\/media?parent=36319"}],"wp:term":[{"taxonomy":"category","embeddable":true,"href":"https:\/\/dpress.ma\/fr\/wp-json\/wp\/v2\/categories?post=36319"},{"taxonomy":"post_tag","embeddable":true,"href":"https:\/\/dpress.ma\/fr\/wp-json\/wp\/v2\/tags?post=36319"}],"curies":[{"name":"wp","href":"https:\/\/api.w.org\/{rel}","templated":true}]}}